{"id":4058,"date":"2019-01-29T20:34:34","date_gmt":"2019-01-29T19:34:34","guid":{"rendered":"https:\/\/bruxelles-pantheres.be\/?p=4058"},"modified":"2019-01-29T20:34:34","modified_gmt":"2019-01-29T19:34:34","slug":"lire-le-rapport-complet-du-comite-p-mawda","status":"publish","type":"post","link":"https:\/\/bruxelles-pantheres.be\/?p=4058","title":{"rendered":"Lire le rapport complet du Comite P Mawda"},"content":{"rendered":"<p>Les conclusions de l\u2019enqu\u00eate du Comit\u00e9 P sur la mort de la petite Mawda ont \u00e9t\u00e9\u00a0discut\u00e9es ce matin au Parlement. Dans une s\u00e9ance \u00e0 huis clos pr\u00e9sid\u00e9e par Siegfried Bracke, le d\u00e9put\u00e9 N-VA.<\/p>\n<div class=\"rtbf-paragraph\">\n<p>Dans son rapport de\u00a059 pages le comit\u00e9\u00a0P\u00a0adresse aux parlementaires une s\u00e9rie de\u00a0dix recommandations, notamment sur les tactiques d\u2019intervention en cas de poursuite et dans ce cadre l\u2019usage des armes \u00e0 feu.<\/p>\n<p>&nbsp;<\/p>\n<\/div>\n<p><!--more--><\/p>\n<h3>Le\u00a0tir dans un pneu pour arr\u00eater un v\u00e9hicule fortement d\u00e9conseill\u00e9<\/h3>\n<p>C&rsquo;est ce qui ressort du rapport des experts du Comit\u00e9 P, compos\u00e9 rappelons-le,\u00a0de magistrats et de policiers chevronn\u00e9s.<\/p>\n<p>A cette recommandation deux raisons apparaissent: d&rsquo;abord les risques encourus pour les personnes, le cas de la mort de la petite Mawda en est une illustration tragiquement parlante.\u00a0 La seconde\u00a0raison pour ne pas utiliser d&rsquo;arme \u00e0 feu, c&rsquo;est la difficult\u00e9 pour les policiers concern\u00e9s en pareille circonstance \u00e0 mettre en \u00e9vidence le caract\u00e8re proportionn\u00e9 de l&rsquo;usage de l&rsquo;arme \u00e0 feu.<\/p>\n<hr \/>\n<p>\u25ba\u25ba\u25ba <strong>Lire le rapport complet du <a href=\"https:\/\/bruxelles-pantheres.be\/wp-content\/uploads\/2019\/01\/Comite-P-Mawda.pdf\">Comite P Mawda<\/a><\/strong><\/p>\n<hr \/>\n<p>&nbsp;<\/p>\n<div class=\"rtbf-paragraph  clearfix\">\n<figure class=\"www-media custom_large www-media--last js-gallery-figure\"><a id=\"image-9577380\" class=\"www-media-fullscreen js-gallery-image\" href=\"https:\/\/ds1.static.rtbf.be\/article\/image\/1240x800\/7\/8\/a\/c7da2202001ef3739c67954b4c9dbb31-1548768780.png\" target=\"_blank\" rel=\"noopener\" data-id=\"9577380\"> <img decoding=\"async\" class=\"img-responsive www-img-full  lazyloaded\" title=\"Extrait du rapport du Comit\u00e9 P.\" src=\"https:\/\/ds1.static.rtbf.be\/article\/image\/370xAuto\/7\/8\/a\/c7da2202001ef3739c67954b4c9dbb31-1548768780.png\" sizes=\"(min-width: 1200px) calc(992px*0.66), (min-width: 992px) 66vw, 100vw\" srcset=\"https:\/\/ds1.static.rtbf.be\/article\/image\/370xAuto\/7\/8\/a\/c7da2202001ef3739c67954b4c9dbb31-1548768780.png 370w,https:\/\/ds1.static.rtbf.be\/article\/image\/770xAuto\/7\/8\/a\/c7da2202001ef3739c67954b4c9dbb31-1548768780.png 770w,https:\/\/ds1.static.rtbf.be\/article\/image\/1248xAuto\/7\/8\/a\/c7da2202001ef3739c67954b4c9dbb31-1548768780.png 1248w\" alt=\"Extrait du rapport du Comit\u00e9 P.\" data-sizes=\"(min-width: 1200px) calc(992px*0.66), (min-width: 992px) 66vw, 100vw\" data-srcset=\"https:\/\/ds1.static.rtbf.be\/article\/image\/370xAuto\/7\/8\/a\/c7da2202001ef3739c67954b4c9dbb31-1548768780.png 370w,https:\/\/ds1.static.rtbf.be\/article\/image\/770xAuto\/7\/8\/a\/c7da2202001ef3739c67954b4c9dbb31-1548768780.png 770w,https:\/\/ds1.static.rtbf.be\/article\/image\/1248xAuto\/7\/8\/a\/c7da2202001ef3739c67954b4c9dbb31-1548768780.png 1248w\" \/> <i class=\"ico ico-circle ico-stack-2x www-media-enlarge__bg\"><\/i> <i class=\"ico ico-expand ico-stack-1x ico-inverse www-media-enlarge__icon\"><\/i> <\/a><figcaption class=\"www-media-caption\"><span class=\"www-media-caption__text\">Extrait du rapport du Comit\u00e9 P. &#8211; \u00a9 RTBF<\/span><\/figcaption><\/figure>\n<\/div>\n<div class=\"rtbf-paragraph  clearfix\">\n<p>Juridiquement les policiers sont toujours confront\u00e9s \u00e0 la m\u00eame question lorsqu&rsquo;ils utilisent leur arme : \u00e9tait-ce justifi\u00e9 dans les circonstances concr\u00e8tes dans lesquelles ils se trouvaient au moment des faits?\u00a0Si aucun doute ne subsiste dans le cas o\u00f9 une personne poursuivie brandit une arme \u00e0 feu, il n&rsquo;en va pas de m\u00eame lors d&rsquo;une poursuite sur autoroute ou la volont\u00e9 est exclusivement de se soustraire \u00e0 un contr\u00f4le.\u00a0D&rsquo;autres moyens existent pour contraindre un v\u00e9hicule \u00e0 s&rsquo;arr\u00eater. Un barrage \u00e9tait d&rsquo;ailleurs mis en place en aval.<\/p>\n<h3>Manque de formation des policiers\u00a0en mati\u00e8re de liaisons radio<\/h3>\n<p>Lors de l&rsquo;intervention\u00a0plusieurs unit\u00e9s de police \u00e9taient impliqu\u00e9es. Il appara\u00eet que des informations essentielles n&rsquo;auraient pas\u00a0\u00e9t\u00e9 communiqu\u00e9es en raison de logiciels non mis \u00e0 jour.\u00a0 Ce\u00a0probl\u00e8me a eu des cons\u00e9quences sur l&rsquo;intervention. Pour le\u00a0Comit\u00e9 P une formation ad\u00e9quate des policiers aurait permis de contourner l&rsquo;obstacle en utilisant d&rsquo;autres canaux de communication.<\/p>\n<h3>R\u00e9action de la police f\u00e9d\u00e9rale<\/h3>\n<p>Dans un communiqu\u00e9, la police f\u00e9d\u00e9rale dit accepter les conclusions, tant positives que n\u00e9gatives, de l&rsquo;enqu\u00eate de contr\u00f4le et affirme que\u00a0les recommandations seront prises en compte et transpos\u00e9es dans des directives pratiques.<\/p>\n<p>\u00ab\u00a0<em>Certaines mesures ont d\u2019ailleurs d\u00e9j\u00e0 \u00e9t\u00e9 prises ou sont en cours de d\u00e9veloppement par la police f\u00e9d\u00e9rale, sur la base de sa propre analyse, effectu\u00e9e directement apr\u00e8s les faits<\/em>\u00ab\u00a0, pr\u00e9cise le communiqu\u00e9.<\/p>\n<p><a href=\"https:\/\/www.rtbf.be\/info\/societe\/detail_mort-de-mawda-l-usage-d-une-arme-a-feu-inapproprie-selon-le-comite-p?id=10130914&amp;fbclid=IwAR3cWm1eqpXiYOP_hmw5id7_t0hMkb7bYIjAMc3rxd7hsgtRnQQTPtiz_kA\">Source<\/a><\/p>\n<\/div>\n","protected":false},"excerpt":{"rendered":"<p>Les conclusions de l\u2019enqu\u00eate du Comit\u00e9 P sur la mort de la petite Mawda ont \u00e9t\u00e9\u00a0discut\u00e9es ce matin au Parlement. Dans une s\u00e9ance \u00e0 huis clos pr\u00e9sid\u00e9e par Siegfried Bracke, le d\u00e9put\u00e9 N-VA. Dans son rapport de\u00a059 pages le comit\u00e9\u00a0P\u00a0adresse aux parlementaires une s\u00e9rie de\u00a0dix recommandations, notamment sur les tactiques d\u2019intervention en cas de poursuite &#8230; <a title=\"Lire le rapport complet du Comite P Mawda\" class=\"read-more\" href=\"https:\/\/bruxelles-pantheres.be\/?p=4058\" aria-label=\"En savoir plus sur Lire le rapport complet du Comite P Mawda\">Lire la suite<\/a><\/p>\n","protected":false},"author":1,"featured_media":4030,"comment_status":"open","ping_status":"open","sticky":false,"template":"","format":"standard","meta":{"footnotes":""},"categories":[36,18,28,39,5],"tags":[346,54],"class_list":["post-4058","post","type-post","status-publish","format-standard","has-post-thumbnail","hentry","category-europe","category-resistance-bruxelles","category-racismes","category-sans-papier","category-violence-policiere","tag-mawda","tag-police"],"_links":{"self":[{"href":"https:\/\/bruxelles-pantheres.be\/index.php?rest_route=\/wp\/v2\/posts\/4058","targetHints":{"allow":["GET"]}}],"collection":[{"href":"https:\/\/bruxelles-pantheres.be\/index.php?rest_route=\/wp\/v2\/posts"}],"about":[{"href":"https:\/\/bruxelles-pantheres.be\/index.php?rest_route=\/wp\/v2\/types\/post"}],"author":[{"embeddable":true,"href":"https:\/\/bruxelles-pantheres.be\/index.php?rest_route=\/wp\/v2\/users\/1"}],"replies":[{"embeddable":true,"href":"https:\/\/bruxelles-pantheres.be\/index.php?rest_route=%2Fwp%2Fv2%2Fcomments&post=4058"}],"version-history":[{"count":1,"href":"https:\/\/bruxelles-pantheres.be\/index.php?rest_route=\/wp\/v2\/posts\/4058\/revisions"}],"predecessor-version":[{"id":4060,"href":"https:\/\/bruxelles-pantheres.be\/index.php?rest_route=\/wp\/v2\/posts\/4058\/revisions\/4060"}],"wp:featuredmedia":[{"embeddable":true,"href":"https:\/\/bruxelles-pantheres.be\/index.php?rest_route=\/wp\/v2\/media\/4030"}],"wp:attachment":[{"href":"https:\/\/bruxelles-pantheres.be\/index.php?rest_route=%2Fwp%2Fv2%2Fmedia&parent=4058"}],"wp:term":[{"taxonomy":"category","embeddable":true,"href":"https:\/\/bruxelles-pantheres.be\/index.php?rest_route=%2Fwp%2Fv2%2Fcategories&post=4058"},{"taxonomy":"post_tag","embeddable":true,"href":"https:\/\/bruxelles-pantheres.be\/index.php?rest_route=%2Fwp%2Fv2%2Ftags&post=4058"}],"curies":[{"name":"wp","href":"https:\/\/api.w.org\/{rel}","templated":true}]}}