{"id":4061,"date":"2019-02-03T20:09:19","date_gmt":"2019-02-03T19:09:19","guid":{"rendered":"https:\/\/bruxelles-pantheres.be\/?p=4061"},"modified":"2019-02-03T20:09:19","modified_gmt":"2019-02-03T19:09:19","slug":"non-a-lingerence-imperialiste-au-venezuela","status":"publish","type":"post","link":"https:\/\/bruxelles-pantheres.be\/?p=4061","title":{"rendered":"Non \u00e0 l\u2019ing\u00e9rence imp\u00e9rialiste au Venezuela !"},"content":{"rendered":"<blockquote><p>Bruxelles Panth\u00e8res r\u00e9affirme son soutien et sa solidarit\u00e9 au peuple v\u00e9n\u00e9zu\u00e9lien face aux ing\u00e9rences permanentes des imp\u00e9rialismes du Nord sur son pays et sa trajectoire politique. Notre solidarit\u00e9 s\u2019adressera toujours aux peuples en lutte pour la prise en main de leur Destin, et contre toutes les tutelles coloniales, d\u2019o\u00f9 qu\u2019elles viennent.<\/p><\/blockquote>\n<p>Caracas, ce 2 f\u00e9vrier. Depuis des mois on n\u2019avait vu une telle affluence populaire \u00e0 un meeting bolivarien.\u00a0Pendant ce temps dans les beaux quartiers, les rassemblements de la droite, moins nombreux, diffusaient l\u2019hymne \u00e9tats-unien, d\u00e9ployaient des drapeaux US et d\u2019Isra\u00ebl sur leur podium principal, applaudissant avec une certaine excitation \u00e0 l\u2019id\u00e9e d\u2019un d\u00e9barquement des\u00a0<i>marines <\/i>dans leur pays.\u00a0Devinez pourquoi, depuis vingt ans, les m\u00e9dias ne vous montrent que les marches de la droite et jamais les manifestations chavistes ?<!--more--><\/p>\n<p><img decoding=\"async\" class=\" wp-image-17175 aligncenter\" src=\"https:\/\/venezuelainfos.files.wordpress.com\/2019\/02\/dyagau_w0achn7d.jpg?w=845&amp;h=319\" sizes=\"(max-width: 845px) 100vw, 845px\" srcset=\"https:\/\/venezuelainfos.files.wordpress.com\/2019\/02\/dyagau_w0achn7d.jpg?w=845&amp;h=319 845w, https:\/\/venezuelainfos.files.wordpress.com\/2019\/02\/dyagau_w0achn7d.jpg?w=150&amp;h=57 150w, https:\/\/venezuelainfos.files.wordpress.com\/2019\/02\/dyagau_w0achn7d.jpg?w=300&amp;h=113 300w, https:\/\/venezuelainfos.files.wordpress.com\/2019\/02\/dyagau_w0achn7d.jpg?w=768&amp;h=290 768w, https:\/\/venezuelainfos.files.wordpress.com\/2019\/02\/dyagau_w0achn7d.jpg?w=1024&amp;h=387 1024w, https:\/\/venezuelainfos.files.wordpress.com\/2019\/02\/dyagau_w0achn7d.jpg 1080w\" alt=\"Dyagau_W0AcHN7d\" width=\"845\" height=\"319\" data-attachment-id=\"17175\" data-permalink=\"https:\/\/venezuelainfos.wordpress.com\/2019\/02\/02\/un-apres-midi-de-fevrier-a-caracas\/dyagau_w0achn7d\/\" data-orig-file=\"https:\/\/venezuelainfos.files.wordpress.com\/2019\/02\/dyagau_w0achn7d.jpg?w=845&amp;h=319\" data-orig-size=\"1080,408\" data-comments-opened=\"1\" data-image-meta=\"{&quot;aperture&quot;:&quot;0&quot;,&quot;credit&quot;:&quot;&quot;,&quot;camera&quot;:&quot;&quot;,&quot;caption&quot;:&quot;&quot;,&quot;created_timestamp&quot;:&quot;0&quot;,&quot;copyright&quot;:&quot;&quot;,&quot;focal_length&quot;:&quot;0&quot;,&quot;iso&quot;:&quot;0&quot;,&quot;shutter_speed&quot;:&quot;0&quot;,&quot;title&quot;:&quot;&quot;,&quot;orientation&quot;:&quot;0&quot;}\" data-image-title=\"Dyagau_W0AcHN7d\" data-image-description=\"\" data-medium-file=\"https:\/\/venezuelainfos.files.wordpress.com\/2019\/02\/dyagau_w0achn7d.jpg?w=845&amp;h=319?w=300\" data-large-file=\"https:\/\/venezuelainfos.files.wordpress.com\/2019\/02\/dyagau_w0achn7d.jpg?w=845&amp;h=319?w=523\" \/><\/p>\n<p><img decoding=\"async\" class=\" wp-image-17191 aligncenter\" src=\"https:\/\/venezuelainfos.files.wordpress.com\/2019\/02\/2-feb.jpg?w=841&amp;h=1259\" sizes=\"(max-width: 841px) 100vw, 841px\" srcset=\"https:\/\/venezuelainfos.files.wordpress.com\/2019\/02\/2-feb.jpg?w=100&amp;h=150 100w, https:\/\/venezuelainfos.files.wordpress.com\/2019\/02\/2-feb.jpg?w=200&amp;h=300 200w\" alt=\"2 feb\" width=\"841\" height=\"1259\" data-attachment-id=\"17191\" data-permalink=\"https:\/\/venezuelainfos.wordpress.com\/2019\/02\/02\/un-apres-midi-de-fevrier-a-caracas\/2-feb\/\" data-orig-file=\"https:\/\/venezuelainfos.files.wordpress.com\/2019\/02\/2-feb.jpg?w=841&amp;h=1259\" data-orig-size=\"600,900\" data-comments-opened=\"1\" data-image-meta=\"{&quot;aperture&quot;:&quot;0&quot;,&quot;credit&quot;:&quot;&quot;,&quot;camera&quot;:&quot;&quot;,&quot;caption&quot;:&quot;&quot;,&quot;created_timestamp&quot;:&quot;0&quot;,&quot;copyright&quot;:&quot;&quot;,&quot;focal_length&quot;:&quot;0&quot;,&quot;iso&quot;:&quot;0&quot;,&quot;shutter_speed&quot;:&quot;0&quot;,&quot;title&quot;:&quot;&quot;,&quot;orientation&quot;:&quot;0&quot;}\" data-image-title=\"2 feb\" data-image-description=\"\" data-medium-file=\"https:\/\/venezuelainfos.files.wordpress.com\/2019\/02\/2-feb.jpg?w=841&amp;h=1259?w=200\" data-large-file=\"https:\/\/venezuelainfos.files.wordpress.com\/2019\/02\/2-feb.jpg?w=841&amp;h=1259?w=523\" \/><\/p>\n<p><img decoding=\"async\" class=\"aligncenter  wp-image-17195\" src=\"https:\/\/venezuelainfos.files.wordpress.com\/2019\/02\/51047888_2229872540601134_6292843497774907392_n.jpg?w=845&amp;h=564\" sizes=\"(max-width: 845px) 100vw, 845px\" srcset=\"https:\/\/venezuelainfos.files.wordpress.com\/2019\/02\/51047888_2229872540601134_6292843497774907392_n.jpg?w=845&amp;h=564 845w, https:\/\/venezuelainfos.files.wordpress.com\/2019\/02\/51047888_2229872540601134_6292843497774907392_n.jpg?w=150&amp;h=100 150w, https:\/\/venezuelainfos.files.wordpress.com\/2019\/02\/51047888_2229872540601134_6292843497774907392_n.jpg?w=300&amp;h=200 300w, https:\/\/venezuelainfos.files.wordpress.com\/2019\/02\/51047888_2229872540601134_6292843497774907392_n.jpg?w=768&amp;h=512 768w, https:\/\/venezuelainfos.files.wordpress.com\/2019\/02\/51047888_2229872540601134_6292843497774907392_n.jpg 960w\" alt=\"\" width=\"845\" height=\"564\" data-attachment-id=\"17195\" data-permalink=\"https:\/\/venezuelainfos.wordpress.com\/2019\/02\/02\/un-apres-midi-de-fevrier-a-caracas\/51047888_2229872540601134_6292843497774907392_n\/\" data-orig-file=\"https:\/\/venezuelainfos.files.wordpress.com\/2019\/02\/51047888_2229872540601134_6292843497774907392_n.jpg?w=845&amp;h=564\" data-orig-size=\"960,640\" data-comments-opened=\"1\" data-image-meta=\"{&quot;aperture&quot;:&quot;0&quot;,&quot;credit&quot;:&quot;&quot;,&quot;camera&quot;:&quot;&quot;,&quot;caption&quot;:&quot;&quot;,&quot;created_timestamp&quot;:&quot;0&quot;,&quot;copyright&quot;:&quot;&quot;,&quot;focal_length&quot;:&quot;0&quot;,&quot;iso&quot;:&quot;0&quot;,&quot;shutter_speed&quot;:&quot;0&quot;,&quot;title&quot;:&quot;&quot;,&quot;orientation&quot;:&quot;0&quot;}\" data-image-title=\"51047888_2229872540601134_6292843497774907392_n\" data-image-description=\"\" data-medium-file=\"https:\/\/venezuelainfos.files.wordpress.com\/2019\/02\/51047888_2229872540601134_6292843497774907392_n.jpg?w=845&amp;h=564?w=300\" data-large-file=\"https:\/\/venezuelainfos.files.wordpress.com\/2019\/02\/51047888_2229872540601134_6292843497774907392_n.jpg?w=845&amp;h=564?w=523\" \/> <img decoding=\"async\" class=\"aligncenter  wp-image-17196\" src=\"https:\/\/venezuelainfos.files.wordpress.com\/2019\/02\/51104894_2229872730601115_5475694650809384960_n.jpg?w=846&amp;h=476\" sizes=\"(max-width: 846px) 100vw, 846px\" srcset=\"https:\/\/venezuelainfos.files.wordpress.com\/2019\/02\/51104894_2229872730601115_5475694650809384960_n.jpg?w=846&amp;h=476 846w, https:\/\/venezuelainfos.files.wordpress.com\/2019\/02\/51104894_2229872730601115_5475694650809384960_n.jpg?w=150&amp;h=84 150w, https:\/\/venezuelainfos.files.wordpress.com\/2019\/02\/51104894_2229872730601115_5475694650809384960_n.jpg?w=300&amp;h=169 300w, https:\/\/venezuelainfos.files.wordpress.com\/2019\/02\/51104894_2229872730601115_5475694650809384960_n.jpg?w=768&amp;h=432 768w, https:\/\/venezuelainfos.files.wordpress.com\/2019\/02\/51104894_2229872730601115_5475694650809384960_n.jpg 960w\" alt=\"\" width=\"846\" height=\"476\" data-attachment-id=\"17196\" data-permalink=\"https:\/\/venezuelainfos.wordpress.com\/2019\/02\/02\/un-apres-midi-de-fevrier-a-caracas\/51104894_2229872730601115_5475694650809384960_n\/\" data-orig-file=\"https:\/\/venezuelainfos.files.wordpress.com\/2019\/02\/51104894_2229872730601115_5475694650809384960_n.jpg?w=846&amp;h=476\" data-orig-size=\"960,540\" data-comments-opened=\"1\" data-image-meta=\"{&quot;aperture&quot;:&quot;0&quot;,&quot;credit&quot;:&quot;&quot;,&quot;camera&quot;:&quot;&quot;,&quot;caption&quot;:&quot;&quot;,&quot;created_timestamp&quot;:&quot;0&quot;,&quot;copyright&quot;:&quot;&quot;,&quot;focal_length&quot;:&quot;0&quot;,&quot;iso&quot;:&quot;0&quot;,&quot;shutter_speed&quot;:&quot;0&quot;,&quot;title&quot;:&quot;&quot;,&quot;orientation&quot;:&quot;0&quot;}\" data-image-title=\"51104894_2229872730601115_5475694650809384960_n\" data-image-description=\"\" data-medium-file=\"https:\/\/venezuelainfos.files.wordpress.com\/2019\/02\/51104894_2229872730601115_5475694650809384960_n.jpg?w=846&amp;h=476?w=300\" data-large-file=\"https:\/\/venezuelainfos.files.wordpress.com\/2019\/02\/51104894_2229872730601115_5475694650809384960_n.jpg?w=846&amp;h=476?w=523\" \/> <img decoding=\"async\" class=\"aligncenter  wp-image-17197\" src=\"https:\/\/venezuelainfos.files.wordpress.com\/2019\/02\/51214139_2229873360601052_5972696682775707648_o.jpg?w=848&amp;h=565\" sizes=\"(max-width: 848px) 100vw, 848px\" srcset=\"https:\/\/venezuelainfos.files.wordpress.com\/2019\/02\/51214139_2229873360601052_5972696682775707648_o.jpg?w=848&amp;h=565 848w, https:\/\/venezuelainfos.files.wordpress.com\/2019\/02\/51214139_2229873360601052_5972696682775707648_o.jpg?w=150&amp;h=100 150w, https:\/\/venezuelainfos.files.wordpress.com\/2019\/02\/51214139_2229873360601052_5972696682775707648_o.jpg?w=300&amp;h=200 300w, https:\/\/venezuelainfos.files.wordpress.com\/2019\/02\/51214139_2229873360601052_5972696682775707648_o.jpg?w=768&amp;h=512 768w, https:\/\/venezuelainfos.files.wordpress.com\/2019\/02\/51214139_2229873360601052_5972696682775707648_o.jpg?w=1024&amp;h=683 1024w, https:\/\/venezuelainfos.files.wordpress.com\/2019\/02\/51214139_2229873360601052_5972696682775707648_o.jpg 1080w\" alt=\"\" width=\"848\" height=\"565\" data-attachment-id=\"17197\" data-permalink=\"https:\/\/venezuelainfos.wordpress.com\/2019\/02\/02\/un-apres-midi-de-fevrier-a-caracas\/51214139_2229873360601052_5972696682775707648_o\/\" data-orig-file=\"https:\/\/venezuelainfos.files.wordpress.com\/2019\/02\/51214139_2229873360601052_5972696682775707648_o.jpg?w=848&amp;h=565\" data-orig-size=\"1080,720\" data-comments-opened=\"1\" data-image-meta=\"{&quot;aperture&quot;:&quot;0&quot;,&quot;credit&quot;:&quot;&quot;,&quot;camera&quot;:&quot;&quot;,&quot;caption&quot;:&quot;&quot;,&quot;created_timestamp&quot;:&quot;0&quot;,&quot;copyright&quot;:&quot;&quot;,&quot;focal_length&quot;:&quot;0&quot;,&quot;iso&quot;:&quot;0&quot;,&quot;shutter_speed&quot;:&quot;0&quot;,&quot;title&quot;:&quot;&quot;,&quot;orientation&quot;:&quot;0&quot;}\" data-image-title=\"51214139_2229873360601052_5972696682775707648_o\" data-image-description=\"\" data-medium-file=\"https:\/\/venezuelainfos.files.wordpress.com\/2019\/02\/51214139_2229873360601052_5972696682775707648_o.jpg?w=848&amp;h=565?w=300\" data-large-file=\"https:\/\/venezuelainfos.files.wordpress.com\/2019\/02\/51214139_2229873360601052_5972696682775707648_o.jpg?w=848&amp;h=565?w=523\" \/> <img decoding=\"async\" class=\"aligncenter  wp-image-17198\" src=\"https:\/\/venezuelainfos.files.wordpress.com\/2019\/02\/51475139_2229873523934369_3916179540161855488_o.jpg?w=843&amp;h=562\" sizes=\"(max-width: 843px) 100vw, 843px\" srcset=\"https:\/\/venezuelainfos.files.wordpress.com\/2019\/02\/51475139_2229873523934369_3916179540161855488_o.jpg?w=843&amp;h=562 843w, https:\/\/venezuelainfos.files.wordpress.com\/2019\/02\/51475139_2229873523934369_3916179540161855488_o.jpg?w=150&amp;h=100 150w, https:\/\/venezuelainfos.files.wordpress.com\/2019\/02\/51475139_2229873523934369_3916179540161855488_o.jpg?w=300&amp;h=200 300w, https:\/\/venezuelainfos.files.wordpress.com\/2019\/02\/51475139_2229873523934369_3916179540161855488_o.jpg?w=768&amp;h=512 768w, https:\/\/venezuelainfos.files.wordpress.com\/2019\/02\/51475139_2229873523934369_3916179540161855488_o.jpg?w=1024&amp;h=683 1024w, https:\/\/venezuelainfos.files.wordpress.com\/2019\/02\/51475139_2229873523934369_3916179540161855488_o.jpg 1080w\" alt=\"\" width=\"843\" height=\"562\" data-attachment-id=\"17198\" data-permalink=\"https:\/\/venezuelainfos.wordpress.com\/2019\/02\/02\/un-apres-midi-de-fevrier-a-caracas\/51475139_2229873523934369_3916179540161855488_o\/\" data-orig-file=\"https:\/\/venezuelainfos.files.wordpress.com\/2019\/02\/51475139_2229873523934369_3916179540161855488_o.jpg?w=843&amp;h=562\" data-orig-size=\"1080,720\" data-comments-opened=\"1\" data-image-meta=\"{&quot;aperture&quot;:&quot;0&quot;,&quot;credit&quot;:&quot;&quot;,&quot;camera&quot;:&quot;&quot;,&quot;caption&quot;:&quot;&quot;,&quot;created_timestamp&quot;:&quot;0&quot;,&quot;copyright&quot;:&quot;&quot;,&quot;focal_length&quot;:&quot;0&quot;,&quot;iso&quot;:&quot;0&quot;,&quot;shutter_speed&quot;:&quot;0&quot;,&quot;title&quot;:&quot;&quot;,&quot;orientation&quot;:&quot;0&quot;}\" data-image-title=\"51475139_2229873523934369_3916179540161855488_o\" data-image-description=\"\" data-medium-file=\"https:\/\/venezuelainfos.files.wordpress.com\/2019\/02\/51475139_2229873523934369_3916179540161855488_o.jpg?w=843&amp;h=562?w=300\" data-large-file=\"https:\/\/venezuelainfos.files.wordpress.com\/2019\/02\/51475139_2229873523934369_3916179540161855488_o.jpg?w=843&amp;h=562?w=523\" \/><\/p>\n<p>&nbsp;<\/p>\n<div id=\"attachment_17187\" class=\"wp-caption aligncenter\" data-shortcode=\"caption\">\n<figure id=\"attachment_17187\" aria-describedby=\"caption-attachment-17187\" style=\"width: 825px\" class=\"wp-caption aligncenter\"><img decoding=\"async\" class=\"wp-image-17187\" src=\"https:\/\/venezuelainfos.files.wordpress.com\/2019\/02\/dybrzarwoayzusv.jpg?w=835&amp;h=1035\" sizes=\"(max-width: 835px) 100vw, 835px\" srcset=\"https:\/\/venezuelainfos.files.wordpress.com\/2019\/02\/dybrzarwoayzusv.jpg 339w, https:\/\/venezuelainfos.files.wordpress.com\/2019\/02\/dybrzarwoayzusv.jpg?w=121&amp;h=150 121w, https:\/\/venezuelainfos.files.wordpress.com\/2019\/02\/dybrzarwoayzusv.jpg?w=242&amp;h=300 242w\" alt=\"\" width=\"835\" height=\"1035\" data-attachment-id=\"17187\" data-permalink=\"https:\/\/venezuelainfos.wordpress.com\/2019\/02\/02\/un-apres-midi-de-fevrier-a-caracas\/dybrzarwoayzusv\/\" data-orig-file=\"https:\/\/venezuelainfos.files.wordpress.com\/2019\/02\/dybrzarwoayzusv.jpg?w=835&amp;h=1035\" data-orig-size=\"339,420\" data-comments-opened=\"1\" data-image-meta=\"{&quot;aperture&quot;:&quot;0&quot;,&quot;credit&quot;:&quot;&quot;,&quot;camera&quot;:&quot;&quot;,&quot;caption&quot;:&quot;&quot;,&quot;created_timestamp&quot;:&quot;0&quot;,&quot;copyright&quot;:&quot;&quot;,&quot;focal_length&quot;:&quot;0&quot;,&quot;iso&quot;:&quot;0&quot;,&quot;shutter_speed&quot;:&quot;0&quot;,&quot;title&quot;:&quot;&quot;,&quot;orientation&quot;:&quot;0&quot;}\" data-image-title=\"DybrZarWoAYZusv\" data-image-description=\"\" data-medium-file=\"https:\/\/venezuelainfos.files.wordpress.com\/2019\/02\/dybrzarwoayzusv.jpg?w=835&amp;h=1035?w=242\" data-large-file=\"https:\/\/venezuelainfos.files.wordpress.com\/2019\/02\/dybrzarwoayzusv.jpg?w=835&amp;h=1035?w=339\" \/><figcaption id=\"caption-attachment-17187\" class=\"wp-caption-text\">\u00ab Captain America, mon futur d\u00e9pend de toi \u00bb : comment pensent les manifestants de l\u2019opposition v\u00e9n\u00e9zu\u00e9lienne, Caracas, le 2 f\u00e9vrier 2019.<\/figcaption><\/figure>\n<p class=\"wp-caption-text\">\n<\/div>\n<p><img decoding=\"async\" class=\"aligncenter  wp-image-17184\" src=\"https:\/\/venezuelainfos.files.wordpress.com\/2019\/02\/dybs8oexcaei2wz.jpg?w=753&amp;h=753\" sizes=\"(max-width: 753px) 100vw, 753px\" srcset=\"https:\/\/venezuelainfos.files.wordpress.com\/2019\/02\/dybs8oexcaei2wz.jpg?w=753&amp;h=753 753w, https:\/\/venezuelainfos.files.wordpress.com\/2019\/02\/dybs8oexcaei2wz.jpg?w=150&amp;h=150 150w, https:\/\/venezuelainfos.files.wordpress.com\/2019\/02\/dybs8oexcaei2wz.jpg?w=300&amp;h=300 300w, https:\/\/venezuelainfos.files.wordpress.com\/2019\/02\/dybs8oexcaei2wz.jpg?w=768&amp;h=768 768w, https:\/\/venezuelainfos.files.wordpress.com\/2019\/02\/dybs8oexcaei2wz.jpg 864w\" alt=\"\" width=\"753\" height=\"753\" data-attachment-id=\"17184\" data-permalink=\"https:\/\/venezuelainfos.wordpress.com\/2019\/02\/02\/un-apres-midi-de-fevrier-a-caracas\/dybs8oexcaei2wz\/\" data-orig-file=\"https:\/\/venezuelainfos.files.wordpress.com\/2019\/02\/dybs8oexcaei2wz.jpg?w=753&amp;h=753\" data-orig-size=\"864,864\" data-comments-opened=\"1\" data-image-meta=\"{&quot;aperture&quot;:&quot;0&quot;,&quot;credit&quot;:&quot;&quot;,&quot;camera&quot;:&quot;&quot;,&quot;caption&quot;:&quot;&quot;,&quot;created_timestamp&quot;:&quot;0&quot;,&quot;copyright&quot;:&quot;&quot;,&quot;focal_length&quot;:&quot;0&quot;,&quot;iso&quot;:&quot;0&quot;,&quot;shutter_speed&quot;:&quot;0&quot;,&quot;title&quot;:&quot;&quot;,&quot;orientation&quot;:&quot;0&quot;}\" data-image-title=\"Dybs8oEXcAEI2wz\" data-image-description=\"\" data-medium-file=\"https:\/\/venezuelainfos.files.wordpress.com\/2019\/02\/dybs8oexcaei2wz.jpg?w=753&amp;h=753?w=300\" data-large-file=\"https:\/\/venezuelainfos.files.wordpress.com\/2019\/02\/dybs8oexcaei2wz.jpg?w=753&amp;h=753?w=523\" \/> <img decoding=\"async\" class=\"aligncenter  wp-image-17185\" src=\"https:\/\/venezuelainfos.files.wordpress.com\/2019\/02\/dybs8oexqamdrzq.jpg?w=757&amp;h=427\" sizes=\"(max-width: 757px) 100vw, 757px\" srcset=\"https:\/\/venezuelainfos.files.wordpress.com\/2019\/02\/dybs8oexqamdrzq.jpg?w=757&amp;h=427 757w, https:\/\/venezuelainfos.files.wordpress.com\/2019\/02\/dybs8oexqamdrzq.jpg?w=150&amp;h=84 150w, https:\/\/venezuelainfos.files.wordpress.com\/2019\/02\/dybs8oexqamdrzq.jpg?w=300&amp;h=169 300w, https:\/\/venezuelainfos.files.wordpress.com\/2019\/02\/dybs8oexqamdrzq.jpg?w=768&amp;h=432 768w, https:\/\/venezuelainfos.files.wordpress.com\/2019\/02\/dybs8oexqamdrzq.jpg 960w\" alt=\"\" width=\"757\" height=\"427\" data-attachment-id=\"17185\" data-permalink=\"https:\/\/venezuelainfos.wordpress.com\/2019\/02\/02\/un-apres-midi-de-fevrier-a-caracas\/dybs8oexqamdrzq\/\" data-orig-file=\"https:\/\/venezuelainfos.files.wordpress.com\/2019\/02\/dybs8oexqamdrzq.jpg?w=757&amp;h=427\" data-orig-size=\"960,540\" data-comments-opened=\"1\" data-image-meta=\"{&quot;aperture&quot;:&quot;0&quot;,&quot;credit&quot;:&quot;&quot;,&quot;camera&quot;:&quot;&quot;,&quot;caption&quot;:&quot;&quot;,&quot;created_timestamp&quot;:&quot;0&quot;,&quot;copyright&quot;:&quot;&quot;,&quot;focal_length&quot;:&quot;0&quot;,&quot;iso&quot;:&quot;0&quot;,&quot;shutter_speed&quot;:&quot;0&quot;,&quot;title&quot;:&quot;&quot;,&quot;orientation&quot;:&quot;0&quot;}\" data-image-title=\"Dybs8oEXQAMdrZq\" data-image-description=\"\" data-medium-file=\"https:\/\/venezuelainfos.files.wordpress.com\/2019\/02\/dybs8oexqamdrzq.jpg?w=757&amp;h=427?w=300\" data-large-file=\"https:\/\/venezuelainfos.files.wordpress.com\/2019\/02\/dybs8oexqamdrzq.jpg?w=757&amp;h=427?w=523\" \/> <img decoding=\"async\" class=\"aligncenter  wp-image-17186\" src=\"https:\/\/venezuelainfos.files.wordpress.com\/2019\/02\/dybrzaqx0aeecqj.jpg?w=756&amp;h=422\" sizes=\"(max-width: 756px) 100vw, 756px\" srcset=\"https:\/\/venezuelainfos.files.wordpress.com\/2019\/02\/dybrzaqx0aeecqj.jpg?w=756&amp;h=422 756w, https:\/\/venezuelainfos.files.wordpress.com\/2019\/02\/dybrzaqx0aeecqj.jpg?w=150&amp;h=84 150w, https:\/\/venezuelainfos.files.wordpress.com\/2019\/02\/dybrzaqx0aeecqj.jpg?w=300&amp;h=168 300w, https:\/\/venezuelainfos.files.wordpress.com\/2019\/02\/dybrzaqx0aeecqj.jpg?w=768&amp;h=430 768w, https:\/\/venezuelainfos.files.wordpress.com\/2019\/02\/dybrzaqx0aeecqj.jpg?w=1024&amp;h=573 1024w, https:\/\/venezuelainfos.files.wordpress.com\/2019\/02\/dybrzaqx0aeecqj.jpg 1080w\" alt=\"\" width=\"756\" height=\"422\" data-attachment-id=\"17186\" data-permalink=\"https:\/\/venezuelainfos.wordpress.com\/2019\/02\/02\/un-apres-midi-de-fevrier-a-caracas\/dybrzaqx0aeecqj\/\" data-orig-file=\"https:\/\/venezuelainfos.files.wordpress.com\/2019\/02\/dybrzaqx0aeecqj.jpg?w=756&amp;h=422\" data-orig-size=\"1080,604\" data-comments-opened=\"1\" data-image-meta=\"{&quot;aperture&quot;:&quot;0&quot;,&quot;credit&quot;:&quot;&quot;,&quot;camera&quot;:&quot;&quot;,&quot;caption&quot;:&quot;&quot;,&quot;created_timestamp&quot;:&quot;0&quot;,&quot;copyright&quot;:&quot;&quot;,&quot;focal_length&quot;:&quot;0&quot;,&quot;iso&quot;:&quot;0&quot;,&quot;shutter_speed&quot;:&quot;0&quot;,&quot;title&quot;:&quot;&quot;,&quot;orientation&quot;:&quot;0&quot;}\" data-image-title=\"DybrZaqX0AEeCqj\" data-image-description=\"\" data-medium-file=\"https:\/\/venezuelainfos.files.wordpress.com\/2019\/02\/dybrzaqx0aeecqj.jpg?w=756&amp;h=422?w=300\" data-large-file=\"https:\/\/venezuelainfos.files.wordpress.com\/2019\/02\/dybrzaqx0aeecqj.jpg?w=756&amp;h=422?w=523\" \/><\/p>\n<div id=\"attachment_media-10\" class=\"wp-caption alignnone\" data-shortcode=\"caption\">\n<figure id=\"attachment_17203\" aria-describedby=\"caption-attachment-17203\" style=\"width: 677px\" class=\"wp-caption alignnone\"><img decoding=\"async\" class=\"wp-image-17203 size-full\" src=\"https:\/\/venezuelainfos.files.wordpress.com\/2019\/02\/51454169_2165742063485865_2803167893871656960_n.jpg?w=687\" sizes=\"(max-width: 687px) 100vw, 687px\" srcset=\"https:\/\/venezuelainfos.files.wordpress.com\/2019\/02\/51454169_2165742063485865_2803167893871656960_n.jpg 641w, https:\/\/venezuelainfos.files.wordpress.com\/2019\/02\/51454169_2165742063485865_2803167893871656960_n.jpg?w=142 142w, https:\/\/venezuelainfos.files.wordpress.com\/2019\/02\/51454169_2165742063485865_2803167893871656960_n.jpg?w=285 285w\" alt=\"51454169_2165742063485865_2803167893871656960_n.jpg\" width=\"687\" height=\"723\" data-attachment-id=\"17203\" data-permalink=\"https:\/\/venezuelainfos.wordpress.com\/2019\/02\/02\/un-apres-midi-de-fevrier-a-caracas\/51454169_2165742063485865_2803167893871656960_n\/\" data-orig-file=\"https:\/\/venezuelainfos.files.wordpress.com\/2019\/02\/51454169_2165742063485865_2803167893871656960_n.jpg\" data-orig-size=\"641,675\" data-comments-opened=\"1\" data-image-meta=\"{&quot;aperture&quot;:&quot;0&quot;,&quot;credit&quot;:&quot;&quot;,&quot;camera&quot;:&quot;&quot;,&quot;caption&quot;:&quot;&quot;,&quot;created_timestamp&quot;:&quot;0&quot;,&quot;copyright&quot;:&quot;&quot;,&quot;focal_length&quot;:&quot;0&quot;,&quot;iso&quot;:&quot;0&quot;,&quot;shutter_speed&quot;:&quot;0&quot;,&quot;title&quot;:&quot;&quot;,&quot;orientation&quot;:&quot;0&quot;}\" data-image-title=\"51454169_2165742063485865_2803167893871656960_n\" data-image-description=\"\" data-medium-file=\"https:\/\/venezuelainfos.files.wordpress.com\/2019\/02\/51454169_2165742063485865_2803167893871656960_n.jpg?w=285\" data-large-file=\"https:\/\/venezuelainfos.files.wordpress.com\/2019\/02\/51454169_2165742063485865_2803167893871656960_n.jpg?w=523\" \/><figcaption id=\"caption-attachment-17203\" class=\"wp-caption-text\">Supporters de Guaido rempla\u00e7ant le drapeau v\u00e9n\u00e9zu\u00e9lien par le drapeau \u00e9tats-unien.<\/figcaption><\/figure>\n<p class=\"wp-caption-text\">\n<\/div>\n<p>Malheureusement pour la droite v\u00e9n\u00e9zu\u00e9lienne, ses drapeaux et son \u00ab\u00a0american dream\u00a0\u00bb, les Etats-Unis et la Commissaire Europ\u00e9enne sont de plus en plus isol\u00e9s. La communaut\u00e9 internationale ne suit pas Trump. La grande majorit\u00e9 des pays de l\u2019ONU (plus le Conseil de S\u00e9curit\u00e9) dont les principales puissances du monde actuel que sont la Russie, la Chine, l\u2019Inde.. ou un pays-clef comme le Mexique, ou la majorit\u00e9 des pays du Caricom (Cara\u00efbes) ou encore les pays de l\u2019Union Africaine au complet, etc\u2026 reconnaissent la <a href=\"https:\/\/venezuelainfos.wordpress.com\/2019\/01\/12\/forte-mobilisation-populaire-et-de-gouvernements-du-monde-entier-pour-la-prise-de-fonctions-du-president-nicolas-maduro\/\">l\u00e9gitimit\u00e9<\/a> du pr\u00e9sident Maduro.<\/p>\n<p>Thierry Deronne, Caracas, 2 f\u00e9vrier 2019<\/p>\n<p><a href=\"https:\/\/wp.me\/p2ahp2-4t0\">Source<\/a><\/p>\n<header class=\"entry-header\">\n<h4 class=\"entry-title\">Un document interne du gouvernement des \u00c9tats-Unis explique le programme de \u00ab\u00a0guerre \u00e9conomique\u00a0\u00bb contre le Venezuela (The\u00a0Grayzone)<\/h4>\n<div class=\"entry-meta\">Publi\u00e9 par <span class=\"author vcard\"><a class=\"url fn n\" title=\"Voir tous les articles par Venezuela infos\" href=\"https:\/\/venezuelainfos.wordpress.com\/author\/venezuelainfos\/\">Venezuela infos<\/a><\/span> <time class=\"entry-date\" datetime=\"\"><\/time><\/div>\n<\/header>\n<div class=\"entry-content\">\n<div class=\"article-corps\">\n<div class=\"article-logo print-only\"><img decoding=\"async\" class=\"aligncenter wp-image-17168\" src=\"https:\/\/venezuelainfos.files.wordpress.com\/2019\/02\/105120954-gettyimages-943941264.530x298.jpg?w=798&amp;h=449\" sizes=\"(max-width: 798px) 100vw, 798px\" srcset=\"https:\/\/venezuelainfos.files.wordpress.com\/2019\/02\/105120954-gettyimages-943941264.530x298.jpg 530w, https:\/\/venezuelainfos.files.wordpress.com\/2019\/02\/105120954-gettyimages-943941264.530x298.jpg?w=150&amp;h=84 150w, https:\/\/venezuelainfos.files.wordpress.com\/2019\/02\/105120954-gettyimages-943941264.530x298.jpg?w=300&amp;h=169 300w\" alt=\"\" width=\"798\" height=\"449\" data-attachment-id=\"17168\" data-permalink=\"https:\/\/venezuelainfos.wordpress.com\/2019\/02\/02\/un-document-interne-du-gouvernement-des-etats-unis-explique-programme-de-guerre-economique-contre-le-venezuela-the-grayzone\/105120954-gettyimages-943941264-530x298\/\" data-orig-file=\"https:\/\/venezuelainfos.files.wordpress.com\/2019\/02\/105120954-gettyimages-943941264.530x298.jpg?w=798&amp;h=449\" data-orig-size=\"530,298\" data-comments-opened=\"1\" data-image-meta=\"{&quot;aperture&quot;:&quot;0&quot;,&quot;credit&quot;:&quot;&quot;,&quot;camera&quot;:&quot;&quot;,&quot;caption&quot;:&quot;&quot;,&quot;created_timestamp&quot;:&quot;0&quot;,&quot;copyright&quot;:&quot;&quot;,&quot;focal_length&quot;:&quot;0&quot;,&quot;iso&quot;:&quot;0&quot;,&quot;shutter_speed&quot;:&quot;0&quot;,&quot;title&quot;:&quot;&quot;,&quot;orientation&quot;:&quot;0&quot;}\" data-image-title=\"105120954-GettyImages-943941264.530\u00d7298\" data-image-description=\"\" data-medium-file=\"https:\/\/venezuelainfos.files.wordpress.com\/2019\/02\/105120954-gettyimages-943941264.530x298.jpg?w=798&amp;h=449?w=300\" data-large-file=\"https:\/\/venezuelainfos.files.wordpress.com\/2019\/02\/105120954-gettyimages-943941264.530x298.jpg?w=798&amp;h=449?w=523\" \/><\/div>\n<div class=\"article-auteur print-only\">\n<div><\/div>\n<div class=\"ajaxbloc bind-ajaxReload\"><strong><em>Ben NORTON<\/em><\/strong><\/div>\n<\/div>\n<div id=\"font-variable-chapo\" class=\"article-chapo print-only\">\n<p>&nbsp;<\/p>\n<p>Un document interne du gouvernement r\u00e9v\u00e8le des tactiques de \u00ab\u00a0guerre \u00e9conomique\u00a0\u00bb et d\u2019\u00a0\u00bbarmes financi\u00e8res\u00a0\u00bb que les Etats-Unis utilisent contre le Venezuela au nom de la \u00ab\u00a0promotion du capitalisme\u00a0\u00bb.<\/p>\n<\/div>\n<div id=\"font-variable\" class=\"article-texte print-only\">\n<div>\n<p>Le Venezuela a souffert d\u2019une crise \u00e9conomique ces derni\u00e8res ann\u00e9es, et alors que le gouvernement am\u00e9ricain et les m\u00e9dias commerciaux ont bl\u00e2m\u00e9 cette situation difficile uniquement sur le parti socialiste au pouvoir, des documents internes du gouvernement am\u00e9ricain reconnaissent que Washington a utilis\u00e9 ce qu\u2019il d\u00e9crit clairement comme des \u00ab\u00a0armes financi\u00e8res\u00a0\u00bb pour mener une \u00ab\u00a0guerre \u00e9conomique\u00a0\u00bb contre cette nation sud-am\u00e9ricaine riche en p\u00e9trole.<\/p>\n<p>L\u2019aveu discret confirme ce que le gouvernement de Caracas r\u00e9p\u00e8te depuis des ann\u00e9es\u00a0: Les \u00c9tats-Unis m\u00e8nent\u00a0<a class=\"spip_out\" href=\"https:\/\/www.telesurenglish.net\/multimedia\/Venezuela-Between-Economic-War-Sanctions-and-Debt-Squeeze-20171114-0023.html#\" rel=\"external\">une guerre \u00e9conomique contre le Venezuela<\/a>, le pays qui poss\u00e8de les plus grandes r\u00e9serves de p\u00e9trole du monde.<\/p>\n<p>Les sanctions paralysantes impos\u00e9es par l\u2019administration Donald Trump ont priv\u00e9 le Venezuela\u00a0<a class=\"spip_out\" href=\"https:\/\/venezuelanalysis.com\/analysis\/14073\" rel=\"external\">de milliards de dollars<\/a>.<\/p>\n<p>Le premier rapporteur des Nations Unies \u00e0 se rendre dans le pays depuis deux d\u00e9cennies, le juriste Alfred de Zayas,\u00a0<a class=\"spip_out\" href=\"https:\/\/www.independent.co.uk\/news\/world\/americas\/venezuela-us-sanctions-united-nations-oil-pdvsa-a8748201.html\" rel=\"external\">a d\u00e9clar\u00e9<\/a>\u00a0\u00e0\u00a0<i>The Independent<\/i>\u00a0que les sanctions internationales d\u00e9vastatrices impos\u00e9es au Venezuela sont ill\u00e9gales et pourraient constituer un crime contre l\u2019humanit\u00e9.<\/p>\n<p>Le professeur\u00a0<a class=\"spip_out\" href=\"https:\/\/www.youtube.com\/watch?v=9PLjGODW8tA&amp;feature=youtu.be\" rel=\"external\">Steve Ellner<\/a>, un \u00e9minent sp\u00e9cialiste de la politique v\u00e9n\u00e9zu\u00e9lienne qui vit et enseigne dans le pays depuis des d\u00e9cennies, a expliqu\u00e9 dans une interview accord\u00e9e \u00e0\u00a0<a class=\"spip_out\" href=\"https:\/\/moderaterebels.com\/economy-venezuela-us-sanctions-regime-change-steve-ellner-episode-34\/\" rel=\"external\">Moderate Rebels<\/a>\u00a0que les sanctions ont isol\u00e9 \u00e9conomiquement Caracas\u00a0: \u00ab\u00a0<i>La crainte de repr\u00e9sailles de la part de l\u2019administration Trump a pouss\u00e9 la communaut\u00e9 \u00e9conomique mondiale abandonner l\u2019\u00e9conomie v\u00e9n\u00e9zu\u00e9lienne. Cela \u00e9quivaut pratiquement \u00e0 un blocus du Venezuela.<\/i>\u00a0\u00bb<\/p>\n<p>D\u00e9but 2019, l\u2019administration de Trump renfor\u00e7a les mesures. Le 23 janvier, le gouvernement am\u00e9ricain a initi\u00e9\u00a0<a class=\"spip_out\" href=\"https:\/\/grayzoneproject.com\/2019\/01\/23\/us-coup-oil-venezuela-right-wing-opposition-privatization-capitalism\/\" rel=\"external\">un coup d\u2019Etat politique au Venezuela<\/a>\u00a0en reconnaissant le leader de l\u2019opposition de droite non \u00e9lu\u00a0<a class=\"spip_out\" href=\"https:\/\/grayzoneproject.com\/2019\/01\/29\/the-making-of-juan-guaido-how-the-us-regime-change-laboratory-created-venezuelas-coup-leader\/\" rel=\"external\">Juan Guaid\u00f3<\/a>\u00a0comme soi-disant \u00ab\u00a0pr\u00e9sident int\u00e9rimaire\u00a0\u00bb.<\/p>\n<p>M.\u00a0Guaid\u00f3, qui \u00e9tait un inconnu pour 81\u00a0% des V\u00e9n\u00e9zu\u00e9liens,\u00a0<a class=\"spip_out\" href=\"https:\/\/youtu.be\/91DqZHgpo2o?t=2273\" rel=\"external\">selon un sondage<\/a>\u00a0effectu\u00e9 en janvier, a tent\u00e9 d\u2019usurper le gouvernement l\u00e9gitime du pr\u00e9sident Nicol\u00e1s Maduro, r\u00e9\u00e9lu lors des \u00e9lections pr\u00e9sidentielles de 2018 qui ont \u00e9t\u00e9\u00a0<a class=\"spip_out\" href=\"https:\/\/www.dw.com\/en\/venezuela-votes-as-opposition-boycotts-elections\/a-43858990\" rel=\"external\">volontairement boycott\u00e9es<\/a>\u00a0par l\u2019opposition soutenue par les \u00c9tats-Unis.<\/p>\n<p>Cette tentative de coup d\u2019\u00c9tat en cours est le point culminant d\u2019une campagne de d\u00e9stabilisation men\u00e9e depuis deux d\u00e9cennies par les \u00c9tats-Unis pour briser la r\u00e9volution bolivarienne au Venezuela. Caracas a longtemps d\u00e9crit cette campagne comme une campagne de guerre \u00e9conomique. Et des documents internes du gouvernement am\u00e9ricain montrent que c\u2019est exactement \u00e7a.<\/p>\n<h3><strong>Les \u00ab\u00a0armes financi\u00e8res\u00a0\u00bb et la \u00ab\u00a0guerre \u00e9conomique\u00a0\u00bb des Etats-Unis<\/strong><\/h3>\n<p>Alors que le coup d\u2019\u00e9tat fait rage au Venezuela, WikiLeaks a publi\u00e9 un extrait de ce qu\u2019il a d\u00e9crit comme le \u00ab\u00a0<a class=\"spip_out\" href=\"https:\/\/twitter.com\/wikileaks\/status\/1089985249034027009\" rel=\"external\">manuel du coup d\u2019Etat am\u00e9ricain<\/a>\u00ab\u00a0, le livret des Forces d\u2019op\u00e9rations sp\u00e9ciales de l\u2019Arm\u00e9e de terre sur la guerre non conventionnelle (<a class=\"spip_out\" href=\"https:\/\/file.wikileaks.org\/file\/us-fm3-05-130.pdf\" rel=\"external\">PDF<\/a>).<\/p>\n<p>WikiLeaks a particuli\u00e8rement attir\u00e9 l\u2019attention sur une partie de la publication intitul\u00e9e \u00ab\u00a0Financial Instrument of U.S. National Power and Unconventional Warfare\u00a0\u00bb\u00a0<i>[Instrument financier du pouvoir national US et la guerre non-conventionnelle<\/i>]. Cette section d\u00e9crit comment le gouvernement US, selon ses propres termes, utilise des \u00ab\u00a0armes financi\u00e8res\u00a0\u00bb pour mener une \u00ab\u00a0guerre \u00e9conomique\u00a0\u00bb contre des gouvernements \u00e9trangers qui tentent de suivre une voie ind\u00e9pendante.<\/p>\n<div align=\"center\">\n<div class=\"SandboxRoot env-bp-350\">\n<div id=\"twitter-widget-1\" class=\"EmbeddedTweet EmbeddedTweet--cta EmbeddedTweet--mediaForward media-forward js-clickToOpenTarget js-tweetIdInfo tweet-InformationCircle-widgetParent\" lang=\"fr\">\n<article class=\"MediaCard MediaCard--mediaForward customisable-border\" dir=\"ltr\">\n<div class=\"MediaCard-media\">\n<p><a class=\"MediaCard-borderOverlay\" title=\"Voir l'image sur Twitter\" role=\"presentation\" href=\"https:\/\/twitter.com\/wikileaks\/status\/1089985249034027009\/photo\/1\"><span class=\"u-hiddenVisually\">Voir l\u2019image sur Twitter<\/span><\/a><\/p>\n<div class=\"MediaCard-widthConstraint js-cspForcedStyle\">\n<div class=\"MediaCard-mediaContainer js-cspForcedStyle\"><a class=\"MediaCard-mediaAsset NaturalImage\" href=\"https:\/\/twitter.com\/wikileaks\/status\/1089985249034027009\/photo\/1\"><img decoding=\"async\" class=\"NaturalImage-image\" title=\"Voir l'image sur Twitter\" src=\"https:\/\/pbs.twimg.com\/media\/DyBmsFnWoAEhkvP?format=jpg&amp;name=small\" alt=\"Voir l'image sur Twitter\" width=\"793\" height=\"767\" \/><\/a><\/div>\n<\/div>\n<\/div>\n<\/article>\n<div class=\"EmbeddedTweet-tweetContainer\">\n<div class=\"EmbeddedTweet-tweet\">\n<blockquote class=\"Tweet h-entry js-tweetIdInfo subject expanded\" cite=\"https:\/\/twitter.com\/wikileaks\/status\/1089985249034027009\">\n<div class=\"Tweet-header\">\n<p><a class=\"TweetAuthor-avatar Identity-avatar u-linkBlend\" href=\"https:\/\/twitter.com\/wikileaks\" aria-label=\"WikiLeaks (nom d'utilisateur : wikileaks)\"><img decoding=\"async\" class=\"Avatar\" src=\"https:\/\/pbs.twimg.com\/profile_images\/512138307870785536\/Fe00yVS2_normal.png\" alt=\"\" \/><\/a><\/p>\n<div class=\"TweetAuthor js-inViewportScribingTarget\">\n<div class=\"TweetAuthor-nameScreenNameContainer\">\n<p><span class=\"TweetAuthor-decoratedName\"><span class=\"TweetAuthor-name Identity-name customisable-highlight\" title=\"WikiLeaks\">WikiLeaks<\/span><\/span><\/p>\n<div class=\"Icon Icon--verified \" title=\"Compte certifi\u00e9\" role=\"img\" aria-label=\"Compte certifi\u00e9\"><\/div>\n<p><span class=\"TweetAuthor-decoratedName\"><span class=\"TweetAuthor-verifiedBadge\"><b class=\"u-hiddenVisually\">\u2714<\/b><\/span><\/span><span class=\"TweetAuthor-screenName Identity-screenName\" dir=\"ltr\" title=\"@wikileaks\">@wikileaks<\/span><\/p>\n<\/div>\n<\/div>\n<div class=\"Tweet-brand\">\n<div class=\"Icon Icon--twitter \" title=\"Voir sur Twitter\" role=\"presentation\" aria-label=\"Voir sur Twitter\"><\/div>\n<\/div>\n<\/div>\n<div class=\"Tweet-body e-entry-content\">\n<div class=\"u-hiddenVisually js-inViewportScribingTarget\"><\/div>\n<p class=\"Tweet-text e-entry-title\" dir=\"ltr\" lang=\"en\">What\u2019s happening with Venezuela? <a class=\"PrettyLink profile customisable h-card\" href=\"https:\/\/twitter.com\/wikileaks\"><span class=\"PrettyLink-prefix\">@<\/span><span class=\"PrettyLink-value\">WikiLeaks<\/span><\/a>\u2018 publication of US coup manual FM3-05.130, Unconventional Warfare [UW], provides insight<\/p>\n<p>DOS=Department of State<br \/>\nIC=Intelligence Community<br \/>\nUWOA=UW operations area<br \/>\nARSOF=US Army Special Operations Forces<a class=\"link customisable\" title=\"https:\/\/file.wikileaks.org\/file\/us-fm3-05-130.pdf\" href=\"https:\/\/t.co\/8q4oQfsMzY\" target=\"_blank\" rel=\"nofollow noopener\"><span class=\"u-hiddenVisually\">https:\/\/<\/span>file.wikileaks.org\/file\/us-fm3-05<span class=\"u-hiddenVisually\">-130.pdf\u00a0<\/span>\u2026<\/a><\/p>\n<div class=\"TweetInfo\">\n<div class=\"TweetInfo-like\">\n<div>\n<div class=\"Icon Icon--heart \" title=\"J'aime\" role=\"img\" aria-label=\"J'aime\"><\/div>\n<\/div>\n<p><a class=\"TweetInfo-heart\" title=\"J'aime\" href=\"https:\/\/twitter.com\/intent\/like?tweet_id=1089985249034027009\"><span class=\"TweetInfo-heartStat\">1\u00a0735<\/span><\/a><\/p>\n<\/div>\n<div class=\"TweetInfo-timeGeo\"><a class=\"u-linkBlend u-url customisable-highlight long-permalink\" href=\"https:\/\/twitter.com\/wikileaks\/status\/1089985249034027009\"><time class=\"dt-updated\" datetime=\"2019-01-28T20:35:08+0000\">16:35 \u2013 28 janv. 2019<\/time><\/a><\/div>\n<\/div>\n<\/div>\n<\/blockquote>\n<\/div>\n<div class=\"CallToAction-icon\">\n<div class=\"Icon Icon--replyCTA \" title=\"Voir la conversation sur Twitter\" role=\"img\" aria-label=\"Voir la conversation sur Twitter\"><\/div>\n<\/div>\n<div class=\"CallToAction-text\">1\u00a0703 personnes parlent \u00e0 ce sujet<\/div>\n<div class=\"CallToAction-chevron\">\n<div class=\"Icon Icon--chevronRightCTA \" title=\"Voir sur Twitter\" role=\"img\" aria-label=\"Voir sur Twitter\"><\/div>\n<\/div>\n<\/div>\n<div class=\"tweet-InformationCircle--top tweet-InformationCircle\"><a class=\"Icon Icon--informationCircleWhite js-inViewportScribingTarget\" title=\"Informations sur les Publicit\u00e9s Twitter et confidentialit\u00e9\" href=\"https:\/\/support.twitter.com\/articles\/20175256\"><span class=\"u-hiddenVisually\">Informations sur les Publicit\u00e9s Twitter et confidentialit\u00e9<\/span><\/a><\/div>\n<\/div>\n<div class=\"resize-sensor\">\n<div class=\"resize-sensor-expand\">\n<div><\/div>\n<\/div>\n<div class=\"resize-sensor-shrink\">\n<div><\/div>\n<\/div>\n<\/div>\n<\/div>\n<\/div>\n<p>Dans le manuel de guerre non conventionnelle, l\u2019Army Special Operations Forces (ARSOF) \u00e9crit que les Etats-Unis \u00ab\u00a0<i>peuvent utiliser la puissance financi\u00e8re comme une arme en temps de conflit jusqu\u2019\u00e0 une guerre g\u00e9n\u00e9rale \u00e0 grande \u00e9chelle<\/i>\u00ab\u00a0. Et il a not\u00e9 que \u00ab\u00a0<i>la manipulation de la force financi\u00e8re des \u00c9tats-Unis peut influencer les politiques et la coop\u00e9ration de gouvernements \u00e9trangers<\/i>\u00a0\u00bb \u2013 c\u2019est-\u00e0-dire forcer ces gouvernements \u00e0 se conformer \u00e0 la politique am\u00e9ricaine.<\/p>\n<p>Les institutions qui aident le gouvernement am\u00e9ricain \u00e0 y parvenir, a poursuivi l\u2019ARSOF, sont la Banque mondiale, le Fonds mon\u00e9taire international (FMI) et l\u2019Organisation de coop\u00e9ration et de d\u00e9veloppement \u00e9conomiques (OCDE).<\/p>\n<p>Parmi les exemples d\u2019\u00a0\u00bbarmes financi\u00e8res\u00a0\u00bb, on peut citer la \u00ab\u00a0<i>manipulation par l\u2019Etat de la fiscalit\u00e9 et des taux d\u2019int\u00e9r\u00eat<\/i>\u00a0\u00bb et les pressions exerc\u00e9es sur les institutions financi\u00e8res pour qu\u2019elles restreignent \u00ab\u00a0<i>les pr\u00eats, subventions ou autres aides financi\u00e8res aux acteurs \u00e9tatiques et non \u00e9tatiques \u00e9tranger<\/i>s\u00a0\u00bb, selon l\u2019ARSOF.<\/p>\n<p>\u00ab\u00a0<i>Le Bureau of Foreign Assets Control<\/i>\u00a0(OFAC)\u00a0<i>a une longue histoire de conduite de guerre \u00e9conomique pr\u00e9cieuse pour toute campagne de guerre non conventionnelle de l\u2019ARSOF<\/i>\u00a0\u00ab\u00a0, conclut le manuel.<\/p>\n<p>C\u2019est l\u2019Office of Foreign Assets Control du d\u00e9partement du Tr\u00e9sor US qui supervise les sanctions contre des pays comme le Venezuela. Et le 28 janvier, le jour o\u00f9 WikiLeaks a tweet\u00e9 l\u2019extrait ci-dessus, l\u2019OFAC\u00a0<a class=\"spip_out\" href=\"https:\/\/home.treasury.gov\/index.php\/news\/press-releases\/sm594\" rel=\"external\">a sanctionn\u00e9 la compagnie p\u00e9troli\u00e8re publique<\/a>\u00a0du Venezuela, Petroleos de Venezuela, S.A. (PDVSA).<\/p>\n<h3><strong>Cibler la compagnie p\u00e9troli\u00e8re d\u2019\u00c9tat v\u00e9n\u00e9zu\u00e9lienne PDVSA<\/strong><\/h3>\n<p>L\u2019objectif de ces derni\u00e8res sanctions am\u00e9ricaines est clair\u00a0: Steve Mnuchin, secr\u00e9taire au Tr\u00e9sor de Trump et ancien directeur de l\u2019information de Goldman Sachs, a indiqu\u00e9 que Juan Guaid\u00f3, le leader du coup d\u2019\u00c9tat soutenu par les \u00c9tats-Unis au Venezuela, utilisera PDVSA et les actifs p\u00e9troliers bas\u00e9s aux \u00c9tats-Unis pour financer son gouvernement parall\u00e8le non \u00e9lu.<\/p>\n<p>L\u2019OFAC, qui, selon l\u2019ARSOF, \u00ab\u00a0<i>a une longue histoire de guerre \u00e9conomique<\/i>\u00ab\u00a0, a pris soin de souligner, tout en sanctionnant la PDVSA, que cette compagnie p\u00e9troli\u00e8re d\u2019\u00c9tat est \u00ab\u00a0<i>une source primaire de revenus et de devises \u00e9trang\u00e8res du Venezuela<\/i>\u00ab\u00a0.<\/p>\n<p>Comme l\u2019a rapport\u00e9 Grayzone, Guaid\u00f3\u00a0<a class=\"spip_out\" href=\"https:\/\/grayzoneproject.com\/2019\/01\/25\/venezuela-us-coup-leader-juan-guaido-state-oil-company-imf\/\" rel=\"external\">a imm\u00e9diatement pris pour cible PDVSA<\/a>\u00a0quelques heures apr\u00e8s s\u2019\u00eatre d\u00e9clar\u00e9 \u00ab\u00a0pr\u00e9sident par int\u00e9rim\u00a0\u00bb (avec la\u00a0<a class=\"spip_out\" href=\"https:\/\/www.wsj.com\/articles\/a-call-from-pence-helped-set-an-uncertain-new-course-in-venezuela-11548430259\" rel=\"external\">b\u00e9n\u00e9diction de l\u2019administration Trump<\/a>). Guaid\u00f3 et l\u2019opposition de droite soutenue par les Etats-Unis esp\u00e8rent restructurer PDVSA et pousser \u00e0 sa privatisation, r\u00e9\u00e9crire les lois v\u00e9n\u00e9zu\u00e9liennes sur les hydrocarbures et distribuer des contrats pour permettre aux multinationales d\u2019acc\u00e9der aux plus grandes r\u00e9serves de p\u00e9trole du monde. Et Guaid\u00f3 a sollicit\u00e9 l\u2019aide financi\u00e8re du FMI, que l\u2019ARSOF a identifi\u00e9 comme un alli\u00e9 am\u00e9ricain dans sa strat\u00e9gie de guerre \u00e9conomique.<\/p>\n<p>Le manuel de guerre non conventionnelle de l\u2019ARSOF indique clairement que ces politiques ne sont pas seulement une campagne de pression pacifique\u00a0; elles font partie d\u2019une strat\u00e9gie explicite de \u00ab\u00a0guerre non conventionnelle\u00a0\u00bb visant le Venezuela.<\/p>\n<p>Ces paroles, prononc\u00e9es directement par le gouvernement US, confirment que les sanctions et autres politiques \u00e9conomiques punitives ne sont pas un simple pr\u00e9lude \u00e0 la guerre\u00a0; elles sont une forme de guerre.<\/p>\n<p>Les Etats-Unis ne sont pas en train d\u2019\u00a0\u00ab\u00a0envisager\u00a0\u00bb une guerre contre le Venezuela\u00a0; la superpuissance m\u00e8ne d\u00e9j\u00e0 depuis des ann\u00e9es une guerre contre cette nation sud-am\u00e9ricaine ind\u00e9pendante.<\/p>\n<h3><strong>Les sanctions am\u00e9ricaines \u00ab\u00a0comparables aux si\u00e8ges m\u00e9di\u00e9vaux \u00ab\u00a0<\/strong><\/h3>\n<p>C\u2019est pr\u00e9cis\u00e9ment ce qui a conduit l\u2019ancien rapporteur de l\u2019ONU\u00a0<a class=\"spip_out\" href=\"https:\/\/twitter.com\/Independent\/status\/1089452154878918657\" rel=\"external\">Alfred de Zayas<\/a>\u00a0\u00e0 d\u00e9clarer, tant dans\u00a0<a class=\"spip_out\" href=\"https:\/\/twitter.com\/Independent\/status\/1089452154878918657\" rel=\"external\">une interview<\/a>\u00a0\u00e0\u00a0<i>The Independent<\/i>\u00a0que dans un rapport sur le Venezuela qu\u2019il a soumis au Conseil des droits de l\u2019homme des Nations Unies, que les Etats-Unis et leurs alli\u00e9s comme l\u2019Union europ\u00e9enne et le Canada ont men\u00e9 une \u00ab\u00a0guerre \u00e9conomique\u00a0\u00bb contre le Venezuela.<\/p>\n<p>De Zayas, un juriste qui enseigne le droit international \u00e0 l\u2019Ecole de diplomatie de Gen\u00e8ve, a \u00e9crit\u00a0: \u00ab\u00a0<i>Les sanctions \u00e9conomiques et les blocus des temps modernes sont comparables aux si\u00e8ges des villes des temps m\u00e9di\u00e9vaux<\/i>\u00ab\u00a0. Il a ajout\u00e9\u00a0: \u00ab\u00a0<i>Les sanctions du XXIe si\u00e8cle tentent de mettre \u00e0 genoux non seulement une ville, mais des pays souverains<\/i>.\u00a0\u00bb<\/p>\n<p>Premier rapporteur de l\u2019ONU \u00e0 \u00e9crire sur le Venezuela depuis 21 ans, M.\u00a0de Zayas a d\u00e9clar\u00e9 \u00e0 The Independent\u00a0: \u00ab\u00a0<i>Quand je dis que l\u2019\u00e9migration est en partie attribuable \u00e0 la guerre \u00e9conomique men\u00e9e contre le Venezuela et en partie aux sanctions, les gens n\u2019aiment pas entendre cela. Ils veulent juste le simple r\u00e9cit que le socialisme a \u00e9chou\u00e9 et qu\u2019il a failli devant le peuple v\u00e9n\u00e9zu\u00e9lien<\/i>.\u00a0\u00bb<\/p>\n<p>Et les \u00c9tats-Unis n\u2019ont pas \u00e9t\u00e9 les seuls dans cette agression. La Banque d\u2019Angleterre a \u00e9galement\u00a0<a class=\"spip_out\" href=\"https:\/\/www.theguardian.com\/world\/2019\/jan\/28\/juan-guaido-bank-england-urged-give-venezuela-gold-reserve-interim-leader-rather-than-nicolas-maduro\" rel=\"external\">refus\u00e9 de rendre<\/a>\u00a0au gouvernement souverain du Venezuela ses 1,2 milliard de livres de r\u00e9serves en or. Au lieu de cela, un ministre britannique des affaires \u00e9trang\u00e8res a tent\u00e9 de donner cet argent au chef du coup d\u2019\u00c9tat nomm\u00e9 par Trump, Juan Guaid\u00f3.<\/p>\n<h3><strong>Les objectifs r\u00e9els de la politique \u00e9trang\u00e8re am\u00e9ricaine<\/strong><\/h3>\n<p>Le manuel sur la guerre non conventionnelle de l\u2019ARSOF donne un aper\u00e7u de ce qui motive r\u00e9ellement les \u00c9tats-Unis \u00e0 faire la guerre \u00e9conomique au Venezuela et ailleurs.<\/p>\n<p>Ce document d\u00e9crit l\u2019un des principaux objectifs de la politique \u00e9trang\u00e8re am\u00e9ricaine\u00a0:<\/p>\n<blockquote class=\"spip\"><p>\u00ab\u00a0Promouvoir le libre-\u00e9change, libre de droits de douane, d\u2019interdictions et d\u2019autres barri\u00e8res \u00e9conomiques, et promouvoir le capitalisme pour favoriser la croissance \u00e9conomique, am\u00e9liorer les conditions de vie et promouvoir la vente et la mobilit\u00e9 des produits am\u00e9ricains aux consommateurs internationaux.\u00a0\u00bb<\/p><\/blockquote>\n<dl class=\"spip_document_12504 spip_documents spip_documents_center\">\n<dt><img decoding=\"async\" class=\"aligncenter\" src=\"https:\/\/www.legrandsoir.info\/local\/cache-vignettes\/L750xH331\/arsof-unconventional-warfare-us-foreign-policy-29cd0.jpg\" alt=\"JPEG - 188.6\u00a0ko\" width=\"750\" height=\"331\" \/><\/dt>\n<dd class=\"crayon document-descriptif-12504 spip_doc_descriptif\">Les objectifs de la politique \u00e9trang\u00e8re am\u00e9ricaine \u00e9nonc\u00e9s dans le manuel de guerre non conventionnelle de l\u2019ARSOF<\/dd>\n<\/dl>\n<p>Le conseiller ultra-militariste du pr\u00e9sident Trump pour la s\u00e9curit\u00e9 nationale,\u00a0<a class=\"spip_out\" href=\"https:\/\/grayzoneproject.com\/2019\/01\/29\/us-coup-venezuela-oil-corporate-john-bolton\/\" rel=\"external\">John Bolton<\/a>, s\u2019est fait l\u2019\u00e9cho de ces priorit\u00e9s dans un entretien avec Fox Business. \u00ab\u00a0<i>Nous sommes en pourparlers avec de grandes entreprises am\u00e9ricaines\u2026 Je pense que nous essayons d\u2019obtenir le m\u00eame r\u00e9sultat final<\/i>\u00a0\u00bb, a d\u00e9clar\u00e9 M.\u00a0Bolton.<\/p>\n<p>\u00ab\u00a0<i>Cela fera une grande diff\u00e9rence pour l\u2019\u00e9conomie des \u00c9tats-Unis si les compagnies p\u00e9troli\u00e8res am\u00e9ricaines peuvent vraiment produire et investir dans les capacit\u00e9s p\u00e9troli\u00e8res du Venezuela<\/i>\u00a0\u00bb<\/p>\n<p><strong>Ben Norton<\/strong><\/p>\n<\/div>\n<\/div>\n<\/div>\n<div class=\"url-article\"><a href=\"https:\/\/www.legrandsoir.info\/des-documents-internes-du-gouvernement-des-etats-unis-presentent-les-grandes-lignes-d-un-programme-de-guerre-economique-contre.html\">Source<\/a><\/div>\n<div id=\"video_1\">\n<div class=\"teads-inread sm-screen teads-display-format\">\n<div>\n<div class=\"teads-ui-components-label\"><\/div>\n<\/div>\n<\/div>\n<\/div>\n<\/div>\n","protected":false},"excerpt":{"rendered":"<p>Bruxelles Panth\u00e8res r\u00e9affirme son soutien et sa solidarit\u00e9 au peuple v\u00e9n\u00e9zu\u00e9lien face aux ing\u00e9rences permanentes des imp\u00e9rialismes du Nord sur son pays et sa trajectoire politique. Notre solidarit\u00e9 s\u2019adressera toujours aux peuples en lutte pour la prise en main de leur Destin, et contre toutes les tutelles coloniales, d\u2019o\u00f9 qu\u2019elles viennent. Caracas, ce 2 f\u00e9vrier. &#8230; <a title=\"Non \u00e0 l\u2019ing\u00e9rence imp\u00e9rialiste au Venezuela !\" class=\"read-more\" href=\"https:\/\/bruxelles-pantheres.be\/?p=4061\" aria-label=\"En savoir plus sur Non \u00e0 l\u2019ing\u00e9rence imp\u00e9rialiste au Venezuela !\">Lire la suite<\/a><\/p>\n","protected":false},"author":1,"featured_media":3954,"comment_status":"open","ping_status":"open","sticky":false,"template":"","format":"standard","meta":{"footnotes":""},"categories":[35,21,36],"tags":[400,257],"class_list":["post-4061","post","type-post","status-publish","format-standard","has-post-thumbnail","hentry","category-amerique-du-sud","category-anti-imperialisme","category-europe","tag-thierry-deronne","tag-venezuela"],"_links":{"self":[{"href":"https:\/\/bruxelles-pantheres.be\/index.php?rest_route=\/wp\/v2\/posts\/4061","targetHints":{"allow":["GET"]}}],"collection":[{"href":"https:\/\/bruxelles-pantheres.be\/index.php?rest_route=\/wp\/v2\/posts"}],"about":[{"href":"https:\/\/bruxelles-pantheres.be\/index.php?rest_route=\/wp\/v2\/types\/post"}],"author":[{"embeddable":true,"href":"https:\/\/bruxelles-pantheres.be\/index.php?rest_route=\/wp\/v2\/users\/1"}],"replies":[{"embeddable":true,"href":"https:\/\/bruxelles-pantheres.be\/index.php?rest_route=%2Fwp%2Fv2%2Fcomments&post=4061"}],"version-history":[{"count":1,"href":"https:\/\/bruxelles-pantheres.be\/index.php?rest_route=\/wp\/v2\/posts\/4061\/revisions"}],"predecessor-version":[{"id":4062,"href":"https:\/\/bruxelles-pantheres.be\/index.php?rest_route=\/wp\/v2\/posts\/4061\/revisions\/4062"}],"wp:featuredmedia":[{"embeddable":true,"href":"https:\/\/bruxelles-pantheres.be\/index.php?rest_route=\/wp\/v2\/media\/3954"}],"wp:attachment":[{"href":"https:\/\/bruxelles-pantheres.be\/index.php?rest_route=%2Fwp%2Fv2%2Fmedia&parent=4061"}],"wp:term":[{"taxonomy":"category","embeddable":true,"href":"https:\/\/bruxelles-pantheres.be\/index.php?rest_route=%2Fwp%2Fv2%2Fcategories&post=4061"},{"taxonomy":"post_tag","embeddable":true,"href":"https:\/\/bruxelles-pantheres.be\/index.php?rest_route=%2Fwp%2Fv2%2Ftags&post=4061"}],"curies":[{"name":"wp","href":"https:\/\/api.w.org\/{rel}","templated":true}]}}