{"id":4068,"date":"2019-03-01T00:49:30","date_gmt":"2019-02-28T23:49:30","guid":{"rendered":"https:\/\/bruxelles-pantheres.be\/?p=4068"},"modified":"2019-03-01T00:49:30","modified_gmt":"2019-02-28T23:49:30","slug":"contre-le-racisme-detat-et-les-violences-policieres","status":"publish","type":"post","link":"https:\/\/bruxelles-pantheres.be\/?p=4068","title":{"rendered":"Contre le racisme d\u2019\u00c9tat et les violences polici\u00e8res"},"content":{"rendered":"<p>Nous, migrant.e-s chass\u00e9.e-s, tortur\u00e9.e-s, traumatis\u00e9.e-s, pers\u00e9cut\u00e9.e-s par l\u2019\u00c9tat et le syst\u00e8me des fronti\u00e8res ;<\/p>\n<p>Nous, habitant.e-s des quartiers populaires harcel\u00e9.e-s et humili\u00e9.e-s au quotidien par les forces de police et cibl\u00e9-e-s par le racisme d\u2019\u00c9tat ;<\/p>\n<p><a href=\"https:\/\/www.facebook.com\/events\/267587917497239\/\">Nous marcherons ensemble, contre le racisme d\u2019\u00c9tat et les violences polici\u00e8res.<\/a><\/p>\n<p><a href=\"https:\/\/www.facebook.com\/events\/267587917497239\/\">Dimanche 17 mars 2019 \u00e0 Bruxelles. ( Avenue Stalingrad au niveau du M\u00e9gaphone )<\/a><!--more--><\/p>\n<figure id=\"attachment_4069\" aria-describedby=\"caption-attachment-4069\" style=\"width: 2038px\" class=\"wp-caption alignnone\"><a href=\"https:\/\/bruxelles-pantheres.be\/wp-content\/uploads\/2019\/03\/17-Mars-2019-Stalingrad.jpg\"><img decoding=\"async\" class=\"size-full wp-image-4069\" src=\"https:\/\/bruxelles-pantheres.be\/wp-content\/uploads\/2019\/03\/17-Mars-2019-Stalingrad.jpg\" alt=\"\" width=\"2048\" height=\"1437\" srcset=\"https:\/\/bruxelles-pantheres.be\/wp-content\/uploads\/2019\/03\/17-Mars-2019-Stalingrad.jpg 2048w, https:\/\/bruxelles-pantheres.be\/wp-content\/uploads\/2019\/03\/17-Mars-2019-Stalingrad-300x210.jpg 300w, https:\/\/bruxelles-pantheres.be\/wp-content\/uploads\/2019\/03\/17-Mars-2019-Stalingrad-1024x719.jpg 1024w, https:\/\/bruxelles-pantheres.be\/wp-content\/uploads\/2019\/03\/17-Mars-2019-Stalingrad-768x539.jpg 768w, https:\/\/bruxelles-pantheres.be\/wp-content\/uploads\/2019\/03\/17-Mars-2019-Stalingrad-1536x1078.jpg 1536w, https:\/\/bruxelles-pantheres.be\/wp-content\/uploads\/2019\/03\/17-Mars-2019-Stalingrad-1320x926.jpg 1320w, https:\/\/bruxelles-pantheres.be\/wp-content\/uploads\/2019\/03\/17-Mars-2019-Stalingrad-600x421.jpg 600w\" sizes=\"(max-width: 2048px) 100vw, 2048px\" \/><\/a><figcaption id=\"caption-attachment-4069\" class=\"wp-caption-text\">Affiche par Manu Scordia<\/figcaption><\/figure>\n<p>Dans un contexte o\u00f9 les violences polici\u00e8res, d\u2019abord principalement exerc\u00e9es dans les quartiers populaires, s\u2019\u00e9tendent de plus en plus \u00e0 toute la soci\u00e9t\u00e9,<\/p>\n<p>Dans un contexte o\u00f9 le racisme progresse,<\/p>\n<p>Islamophobie, N\u00e9grophobie, Racisme de la part de la police, chasse aux migrant\u00b7e\u00b7s, traque des sans-papiers, r\u00e9pression des mouvements populaires, fichage g\u00e9n\u00e9ralis\u00e9&#8230; Il est plus qu\u2019urgent de s\u2019organiser et de d\u00e9noncer les logiques racistes et s\u00e9curitaires. Depuis huit ans maintenant, la campagne Stop R\u00e9pression se mobilise contre les violences polici\u00e8res et la r\u00e9pression d\u2019\u00c9tat. Soyons nombreuses et nombreux dans les rues de Bruxelles ce 17 mars \u00e0 l\u2019occasion de la Journ\u00e9e internationale contre les violences polici\u00e8res !<\/p>\n<p><strong>Stop \u00e0 la r\u00e9pression dans les quartiers !<\/strong><\/p>\n<p>Les t\u00e9moignages de jeunes harcel\u00e9s par les contr\u00f4les d\u2019identit\u00e9 et les vexations gratuites de la part de la police se multiplient. Bien des \u00e9tudes le montrent : les personnes immigr\u00e9es ou issues de l\u2019immigration sont les victimes du pouvoir donn\u00e9 \u00e0 la police. Cette politique de r\u00e9pression dans les quartiers, loin d\u2019\u00eatre le fait de d\u00e9rapages isol\u00e9s, est le r\u00e9sultat d\u2019une gestion coloniale du maintien de l\u2019ordre.<\/p>\n<p><strong>Stop \u00e0 la r\u00e9pression des migrations !<\/strong><\/p>\n<p>Objet d\u2019une r\u00e9pression organis\u00e9e au plus haut sommet de l\u2019\u00c9tat belge, le seul d\u00e9lit des r\u00e9fugi\u00e9\u00b7e\u00b7s et des sans-papiers est d\u2019avoir recherch\u00e9 un avenir meilleur. Ils et elles sont arr\u00eat\u00e9\u00b7es sans m\u00e9nagement et plac\u00e9\u00b7e\u00b7s dans des centres ferm\u00e9s en attente d\u2019une expulsion. V\u00e9ritables prisons, les conditions de d\u00e9tention dans les centres ferm\u00e9s sont telles que certain\u00b7e\u00b7s migrant\u00b7e\u00b7s tentent de mettre fin \u00e0 leurs jours. Aujourd\u2019hui, m\u00eame des familles avec enfants peuvent se retrouver en centre ferm\u00e9. Personne n\u2019est \u00e9pargn\u00e9 par ces mesures s\u00e9curitaires et racistes des autorit\u00e9s.<\/p>\n<p><strong>Stop \u00e0 la r\u00e9pression des mouvements populaires !<\/strong><\/p>\n<p>Nous avons vu et v\u00e9cu les r\u00e9pressions qui se sont abattues de mani\u00e8re spectaculaire sur le mouvement des gilets jaunes en France et en Belgique. Nous refusons fermement les r\u00e9pressions des militant\u00b7e\u00b7s dans les manifestations et le harc\u00e8lement de celles et ceux qui interrogent une soci\u00e9t\u00e9 aussi in\u00e9galitaire que la n\u00f4tre. Cette politique autoritaire est un danger pour toute d\u00e9mocratie. Une soci\u00e9t\u00e9 qui ne peut pas \u00eatre remise en question est une soci\u00e9t\u00e9 qui se meurt.<\/p>\n<p><strong>Notre s\u00e9curit\u00e9 est sociale !<\/strong><\/p>\n<p>Face \u00e0 l\u2019\u00c9tat et \u00e0 son racisme, face \u00e0 l\u2019instrumentalisation de la peur et \u00e0 l\u2019arbitraire, faisons bloc dans la rue ce 17 mars 2018 et organisons-nous pour la suite ! Contre la r\u00e9pression, revendiquons des r\u00e9ponses sociales aux probl\u00e8mes socio-\u00e9conomiques !<\/p>\n<p><strong>Tous dans les rue de Bruxelles.<\/strong><\/p>\n<p><a href=\"https:\/\/www.facebook.com\/events\/267587917497239\/\">Rendez-vous ce 17 mars 2019 pour exiger la fin de ces r\u00e9pressions. Face \u00e0 la violence de l\u2019\u00c9tat, refusons la peur et la division qu\u2019il installe ! Le changement passe par notre capacit\u00e9 \u00e0 nous unir et \u00e0 nous entraider pour mener la lutte vers un avenir sans racisme, sans r\u00e9pression et sans exploitation.<\/a><\/p>\n<p>\u00c0 l&rsquo;initiative du Comit\u00e9 des Parents contre les Violences Polici\u00e8res et Bruxelles Panth\u00e8res.<\/p>\n<p>Pour signer l&rsquo;appel, envoyez un email \u00e0 bruxelles.pantheres@gmail.com<\/p>\n<p>Premiers signataires :<br \/>\n<a href=\"https:\/\/www.facebook.com\/Comit%C3%A9-des-parents-contre-les-violences-polici%C3%A8res-%C3%A0-Molenbeek-190403651301026\/\" target=\"_blank\" rel=\"noopener noreferrer\">Comit\u00e9 des parents contre les violences polici\u00e8res \u00e0 Molenbeek<\/a><br \/>\n<a href=\"https:\/\/www.facebook.com\/Bruxelles-Panth%C3%A8res-275282639311083\/\" target=\"_blank\" rel=\"noopener noreferrer\">Bruxelles Panth\u00e8res<\/a>.<br \/>\n<a href=\"https:\/\/www.facebook.com\/groups\/320789684759637\/\" target=\"_blank\" rel=\"noopener noreferrer\">SOS Migrants, pour les droits des migrants en Belgique et partout ailleurs<\/a><br \/>\n<a href=\"https:\/\/www.facebook.com\/cadtm.belgique.5\" target=\"_blank\" rel=\"noopener noreferrer\">Cadtm Belgique<\/a><br \/>\n<a href=\"https:\/\/www.facebook.com\/Mouvement-Citoyen-Palestine-1392764264356551\/\" target=\"_blank\" rel=\"noopener noreferrer\">Mouvement Citoyen Palestine<\/a><br \/>\n<a href=\"https:\/\/www.facebook.com\/Collectifrosaparksbelgique\/\" target=\"_blank\" rel=\"noopener noreferrer\">Collectif Rosa Parks Belgique<\/a><br \/>\n<a href=\"https:\/\/www.facebook.com\/ulb.ceae\/\" target=\"_blank\" rel=\"noopener noreferrer\">Cercle des Etudiants Arabo-Europ\u00e9ens de l&rsquo;ULB<\/a><br \/>\n<a href=\"https:\/\/www.facebook.com\/mawda.comite.9\" target=\"_blank\" rel=\"noopener noreferrer\">Comit\u00e9 Mawda Justice-V\u00e9rit\u00e9<\/a><br \/>\n<a href=\"https:\/\/www.facebook.com\/ESG-asbl-335122573170942\/\" target=\"_blank\" rel=\"noopener noreferrer\">ESG asbl<\/a><br \/>\nCOMIT\u00c9 FREE ALI &#8211; Aarrass<br \/>\n<a href=\"https:\/\/www.facebook.com\/joc.bruxelles\/\" target=\"_blank\" rel=\"noopener noreferrer\">JOC Bruxelles<\/a><br \/>\n<a href=\"https:\/\/www.facebook.com\/StopRepression\/\" target=\"_blank\" rel=\"noopener noreferrer\">Campagne Stop R\u00e9pression<\/a><br \/>\n@Rencontre des Continents<br \/>\nasbl Nouveau Syst\u00e8me Artistique<br \/>\nCollectif Pr\u00e9sences Noires<\/p>\n","protected":false},"excerpt":{"rendered":"<p>Nous, migrant.e-s chass\u00e9.e-s, tortur\u00e9.e-s, traumatis\u00e9.e-s, pers\u00e9cut\u00e9.e-s par l\u2019\u00c9tat et le syst\u00e8me des fronti\u00e8res ; Nous, habitant.e-s des quartiers populaires harcel\u00e9.e-s et humili\u00e9.e-s au quotidien par les forces de police et cibl\u00e9-e-s par le racisme d\u2019\u00c9tat ; Nous marcherons ensemble, contre le racisme d\u2019\u00c9tat et les violences polici\u00e8res. Dimanche 17 mars 2019 \u00e0 Bruxelles. ( Avenue &#8230; <a title=\"Contre le racisme d\u2019\u00c9tat et les violences polici\u00e8res\" class=\"read-more\" href=\"https:\/\/bruxelles-pantheres.be\/?p=4068\" aria-label=\"En savoir plus sur Contre le racisme d\u2019\u00c9tat et les violences polici\u00e8res\">Lire la suite<\/a><\/p>\n","protected":false},"author":1,"featured_media":4069,"comment_status":"open","ping_status":"open","sticky":false,"template":"","format":"standard","meta":{"footnotes":""},"categories":[4,7,8,18,28,37,39,5],"tags":[31,14,54,15],"class_list":["post-4068","post","type-post","status-publish","format-standard","has-post-thumbnail","hentry","category-islamophobie","category-negrophobie","category-prisons","category-resistance-bruxelles","category-racismes","category-romophobie","category-sans-papier","category-violence-policiere","tag-belgique","tag-bruxelles","tag-police","tag-resistance"],"_links":{"self":[{"href":"https:\/\/bruxelles-pantheres.be\/index.php?rest_route=\/wp\/v2\/posts\/4068","targetHints":{"allow":["GET"]}}],"collection":[{"href":"https:\/\/bruxelles-pantheres.be\/index.php?rest_route=\/wp\/v2\/posts"}],"about":[{"href":"https:\/\/bruxelles-pantheres.be\/index.php?rest_route=\/wp\/v2\/types\/post"}],"author":[{"embeddable":true,"href":"https:\/\/bruxelles-pantheres.be\/index.php?rest_route=\/wp\/v2\/users\/1"}],"replies":[{"embeddable":true,"href":"https:\/\/bruxelles-pantheres.be\/index.php?rest_route=%2Fwp%2Fv2%2Fcomments&post=4068"}],"version-history":[{"count":1,"href":"https:\/\/bruxelles-pantheres.be\/index.php?rest_route=\/wp\/v2\/posts\/4068\/revisions"}],"predecessor-version":[{"id":4070,"href":"https:\/\/bruxelles-pantheres.be\/index.php?rest_route=\/wp\/v2\/posts\/4068\/revisions\/4070"}],"wp:featuredmedia":[{"embeddable":true,"href":"https:\/\/bruxelles-pantheres.be\/index.php?rest_route=\/wp\/v2\/media\/4069"}],"wp:attachment":[{"href":"https:\/\/bruxelles-pantheres.be\/index.php?rest_route=%2Fwp%2Fv2%2Fmedia&parent=4068"}],"wp:term":[{"taxonomy":"category","embeddable":true,"href":"https:\/\/bruxelles-pantheres.be\/index.php?rest_route=%2Fwp%2Fv2%2Fcategories&post=4068"},{"taxonomy":"post_tag","embeddable":true,"href":"https:\/\/bruxelles-pantheres.be\/index.php?rest_route=%2Fwp%2Fv2%2Ftags&post=4068"}],"curies":[{"name":"wp","href":"https:\/\/api.w.org\/{rel}","templated":true}]}}