{"id":4071,"date":"2019-03-05T00:50:33","date_gmt":"2019-03-04T23:50:33","guid":{"rendered":"https:\/\/bruxelles-pantheres.be\/?p=4071"},"modified":"2019-03-01T00:58:58","modified_gmt":"2019-02-28T23:58:58","slug":"derriere-les-fronts-a-bruxelles-le-12-mars-2019","status":"publish","type":"post","link":"https:\/\/bruxelles-pantheres.be\/?p=4071","title":{"rendered":"\u00ab\u00a0Derri\u00e8re les fronts\u00a0\u00bb \u00e0 Bruxelles le 12 Mars 2019"},"content":{"rendered":"<blockquote>\n<p style=\"text-align: center;\"><a href=\"https:\/\/cinema-aventure.be\/index.php?mact=Agenda%2Ccntnt01%2CDetailEvent%2C0&amp;cntnt01id_event=1644&amp;cntnt01returnid=45&amp;fbclid=IwAR3AU9GoNR2DY7zhkOyiYvZLB7ZmSk8pJgvrJHPrMPSNYuJk_oC6-CfZ18Q\">ACHETEZ VOS BILLETS<\/a><br \/>\nMARDI 12\/03\/2019 \u00e0 20h30<\/p>\n<\/blockquote>\n<p>\u00ab\u00a0Derri\u00e8re les fronts\u00a0\u00bb, un film puissant et passionnant.<\/p>\n<p>\u00ab\u00a0Au quotidien la colonisation n\u2019est pas seulement celle des terres, des logements ou de l\u2019eau. Elle ne cherche pas simplement \u00e0 s\u2019imposer par les armes, elle travaille aussi les esprits. J\u2019ai choisi de m\u2019int\u00e9resser \u00e0 ces formes invisibles : l\u2019occupation intime, celle de l\u2019espace mental\u00a0\u00bb dit la r\u00e9alisatrice du film, Alexandra Dols.<\/p>\n<p>Ce documentaire dresse ainsi le portrait de la psychiatre, psychoth\u00e9rapeute et \u00e9crivaine palestinienne Dr. Samah Jabr, qui s&rsquo;est sp\u00e9cialis\u00e9e dans les cons\u00e9quences psychologiques caus\u00e9es par l&rsquo;occupation palestinienne. Son pr\u00e9cieux t\u00e9moignage, qui structure le film, est ponctu\u00e9 par des extraits de chroniques, des interviews de femmes et d&rsquo;hommes qui partagent leurs histoires, leurs actes de r\u00e9silience et de r\u00e9sistance.<\/p>\n<p>La projection du film \u00ab\u00a0Derri\u00e8re les fronts\u00a0\u00bb sera suivie d&rsquo;un \u00e9change avec Alexandra Dols, productrice et r\u00e9alisatrice du film et Samah Jabr, psychiatre, psychoth\u00e9rapeute et \u00e9crivaine .<\/p>\n<p>Khadija Senhadji, socio-anthropologue et militante d\u00e9coloniale, animera cet \u00e9change, en tentant de faire le lien avec les enjeux pos\u00e9s par la pr\u00e9sence des populations issues des immigrations post-coloniales au Nord. Comment l\u2019occupation, et plus largement la domination, se manifeste-t-elle dans les esprits? Quels sont les outils et strat\u00e9gies pour y faire face? Voici quelques questions qui animeront la discussion.<\/p>\n<p>Co-organis\u00e9 par Bruxelles Panth\u00e8res, le Cin\u00e9ma Aventure &amp; le Mouvement Citoyen Palestine<!--more--><\/p>\n<p style=\"text-align: center;\"><a href=\"https:\/\/cinema-aventure.be\/index.php?mact=Agenda%2Ccntnt01%2CDetailEvent%2C0&amp;cntnt01id_event=1644&amp;cntnt01returnid=45&amp;fbclid=IwAR3AU9GoNR2DY7zhkOyiYvZLB7ZmSk8pJgvrJHPrMPSNYuJk_oC6-CfZ18Q\">ACHETEZ VOS BILLETS<\/a><br \/>\nMARDI 12\/03\/2019 \u00e0 20h30<br \/>\n<iframe src=\"https:\/\/www.youtube.com\/embed\/WJo5-QYDDbA\" width=\"560\" height=\"315\" frameborder=\"0\" allowfullscreen=\"allowfullscreen\"><\/iframe><\/p>\n<div class=\"col-xs-12  col-sm-12 col-md-12\"><a href=\"https:\/\/cinema-aventure.be\/Fran%C3%A7ais\/information-pratique\/info.html\">Le cin\u00e9ma Aventure se situe en plein coeur de Bruxelles, rue des Fripiers 57, dans la Galerie du Centre Bloc II, 1000 Bruxelles<\/a><\/div>\n<div class=\"col-xs-12  col-sm-12 col-md-6\"><\/div>\n<p><a href=\"https:\/\/bruxelles-pantheres.be\/wp-content\/uploads\/2019\/03\/derri\u00e8re-les-fronts-Bruxelles.png\"><img decoding=\"async\" class=\"size-full wp-image-4072 aligncenter\" src=\"https:\/\/bruxelles-pantheres.be\/wp-content\/uploads\/2019\/03\/derri\u00e8re-les-fronts-Bruxelles.png\" alt=\"\" width=\"960\" height=\"960\" srcset=\"https:\/\/bruxelles-pantheres.be\/wp-content\/uploads\/2019\/03\/derri\u00e8re-les-fronts-Bruxelles.png 960w, https:\/\/bruxelles-pantheres.be\/wp-content\/uploads\/2019\/03\/derri\u00e8re-les-fronts-Bruxelles-150x150.png 150w, https:\/\/bruxelles-pantheres.be\/wp-content\/uploads\/2019\/03\/derri\u00e8re-les-fronts-Bruxelles-300x300.png 300w, https:\/\/bruxelles-pantheres.be\/wp-content\/uploads\/2019\/03\/derri\u00e8re-les-fronts-Bruxelles-768x768.png 768w, https:\/\/bruxelles-pantheres.be\/wp-content\/uploads\/2019\/03\/derri\u00e8re-les-fronts-Bruxelles-600x600.png 600w\" sizes=\"(max-width: 960px) 100vw, 960px\" \/><\/a><\/p>\n","protected":false},"excerpt":{"rendered":"<p>ACHETEZ VOS BILLETS MARDI 12\/03\/2019 \u00e0 20h30 \u00ab\u00a0Derri\u00e8re les fronts\u00a0\u00bb, un film puissant et passionnant. \u00ab\u00a0Au quotidien la colonisation n\u2019est pas seulement celle des terres, des logements ou de l\u2019eau. Elle ne cherche pas simplement \u00e0 s\u2019imposer par les armes, elle travaille aussi les esprits. J\u2019ai choisi de m\u2019int\u00e9resser \u00e0 ces formes invisibles : l\u2019occupation &#8230; <a title=\"\u00ab\u00a0Derri\u00e8re les fronts\u00a0\u00bb \u00e0 Bruxelles le 12 Mars 2019\" class=\"read-more\" href=\"https:\/\/bruxelles-pantheres.be\/?p=4071\" aria-label=\"En savoir plus sur \u00ab\u00a0Derri\u00e8re les fronts\u00a0\u00bb \u00e0 Bruxelles le 12 Mars 2019\">Lire la suite<\/a><\/p>\n","protected":false},"author":1,"featured_media":4073,"comment_status":"open","ping_status":"open","sticky":false,"template":"","format":"standard","meta":{"footnotes":""},"categories":[21,6,18,17],"tags":[401],"class_list":["post-4071","post","type-post","status-publish","format-standard","has-post-thumbnail","hentry","category-anti-imperialisme","category-palestine-moyen-orient","category-resistance-bruxelles","category-video","tag-samah-jabr"],"_links":{"self":[{"href":"https:\/\/bruxelles-pantheres.be\/index.php?rest_route=\/wp\/v2\/posts\/4071","targetHints":{"allow":["GET"]}}],"collection":[{"href":"https:\/\/bruxelles-pantheres.be\/index.php?rest_route=\/wp\/v2\/posts"}],"about":[{"href":"https:\/\/bruxelles-pantheres.be\/index.php?rest_route=\/wp\/v2\/types\/post"}],"author":[{"embeddable":true,"href":"https:\/\/bruxelles-pantheres.be\/index.php?rest_route=\/wp\/v2\/users\/1"}],"replies":[{"embeddable":true,"href":"https:\/\/bruxelles-pantheres.be\/index.php?rest_route=%2Fwp%2Fv2%2Fcomments&post=4071"}],"version-history":[{"count":1,"href":"https:\/\/bruxelles-pantheres.be\/index.php?rest_route=\/wp\/v2\/posts\/4071\/revisions"}],"predecessor-version":[{"id":4074,"href":"https:\/\/bruxelles-pantheres.be\/index.php?rest_route=\/wp\/v2\/posts\/4071\/revisions\/4074"}],"wp:featuredmedia":[{"embeddable":true,"href":"https:\/\/bruxelles-pantheres.be\/index.php?rest_route=\/wp\/v2\/media\/4073"}],"wp:attachment":[{"href":"https:\/\/bruxelles-pantheres.be\/index.php?rest_route=%2Fwp%2Fv2%2Fmedia&parent=4071"}],"wp:term":[{"taxonomy":"category","embeddable":true,"href":"https:\/\/bruxelles-pantheres.be\/index.php?rest_route=%2Fwp%2Fv2%2Fcategories&post=4071"},{"taxonomy":"post_tag","embeddable":true,"href":"https:\/\/bruxelles-pantheres.be\/index.php?rest_route=%2Fwp%2Fv2%2Ftags&post=4071"}],"curies":[{"name":"wp","href":"https:\/\/api.w.org\/{rel}","templated":true}]}}