{"id":4075,"date":"2019-04-01T01:00:56","date_gmt":"2019-04-01T00:00:56","guid":{"rendered":"https:\/\/bruxelles-pantheres.be\/?p=4075"},"modified":"2019-03-01T01:08:11","modified_gmt":"2019-03-01T00:08:11","slug":"pour-un-gouvernement-qui-regularisera-les-sans-papiers","status":"publish","type":"post","link":"https:\/\/bruxelles-pantheres.be\/?p=4075","title":{"rendered":"POUR UN GOUVERNEMENT QUI R\u00c9GULARISERA LES SANS-PAPIERS"},"content":{"rendered":"<p><strong>MANIFESTATION NATIONALE<\/strong><br \/>\n<strong>POUR UN GOUVERNEMENT QUI R\u00c9GULARISERA LES SANS-PAPIERS<\/strong><\/p>\n<blockquote>\n<div id=\"u_jsonp_3_g\" class=\"_36hm _5cmn\" style=\"text-align: center;\"><a href=\"https:\/\/www.facebook.com\/events\/663609960708641\/\">Dimanche 28 avril 2019 \u00e0 14:00 <\/a><\/div>\n<div style=\"text-align: center;\"><a href=\"https:\/\/www.facebook.com\/events\/663609960708641\/\">Gare De Bruxelles-Nord<\/a><\/div>\n<\/blockquote>\n<p>&nbsp;<\/p>\n<p>La Coordination des sans-papiers de Belgique r\u00e9clamera les droits des sans-papiers afin qu\u2019ils puissent reconqu\u00e9rir leur dignit\u00e9 apr\u00e8s avoir tout perdu. Elle mettra la question sur la table, et ce, dans tous les d\u00e9bats \u00e9lectoraux \u00e0 venir, la question de la R\u00e9gularisation imm\u00e9diate des sans-papiers en Belgique.<\/p>\n<div class=\"text_exposed_show\">\n<p>Pour cela, la Coordination des sans-papiers de Belgique appelle l\u2019ensemble des sans-papiers tapis dans l\u2019ombre et tous nos soutiens pour alerter sur notre situation et mobiliser le plus grand nombre citoyen.ne.s \u00e0 venir exiger des engagements solennels des partis politiques sur l\u2019int\u00e9gration des sans-papiers dans l\u2019Etat de droit belge.<\/p>\n<\/div>\n<p><!--more--><\/p>\n<p>Une int\u00e9gration qui passe par :<\/p>\n<p>1. la r\u00e9gularisation des sans- papiers<br \/>\n2. la fermeture des centres ferm\u00e9s<br \/>\n3. la libert\u00e9 de circulation<br \/>\n4. l\u2019arr\u00eat des expulsions<br \/>\n5. l\u2019arr\u00eat de la criminalisation des sans-papiers<br \/>\n6. le respect des droits fondamentaux comme l\u2019acc\u00e8s aux soins m\u00e9dicaux et \u00e0 l\u2019\u00e9ducation<br \/>\n7. le respect et l\u2019application des droits de l\u2019enfant.<\/p>\n<p>NATIONALE MANIFESTATIE<br \/>\nWE EISEN EEN REGERING DIE DE VERBLIJFSSITUATIE VAN MENSEN ZONDER WETTIG VERBLIJF REGULARISEERT<\/p>\n<p>De Belgische co\u00f6rdinatie van mensen zonder papieren zal de rechten van mensen zonder papieren eisen, opdat zij hun waardigheid kunnen herwinnen na alles verloren te hebben. Ze zal de vraag van onmiddellijke regularisatie van mensen zonder papieren op tafel leggen, en dit bij alle toekomstige verkiezingsdebatten.<\/p>\n<p>De Belgische co\u00f6rdinatie van mensen zonder papieren roept alle mensen zonder papieren op die in de schaduw leven en al de medestanders om aandacht te vragen voor onze situatie en om zo veel mogelijk burgers te mobiliseren om de plechtige verbintenissen van de politieke partijen te eisen met betrekking tot de integratie van alle mensen zonder papieren in de Belgische rechtstaat.<\/p>\n<p>Integratie door:<br \/>\n1) de regularisatie van mensen zonder papieren<br \/>\n2) de sluiting van de gesloten centra<br \/>\n3) vrijheid van beweging<br \/>\n4) stoppen met uitzettingen<br \/>\n5) stoppen met criminalisering van mensen zonder papieren<br \/>\n6) respect voor de grondrechten, toegang tot medische zorgen en onderwijs<br \/>\n7) respect en toepassing van de rechten van het kind<\/p>\n<p><a href=\"https:\/\/www.facebook.com\/events\/663609960708641\/\">LA COORDINATION DES SANS-PAPIERS DE BELGIQUE \/DE CO\u00d6RDINATIE VAN MENSEN ZONDER PAPIEREN<\/a><\/p>\n<p>La Voix des Sans Papiers de Saint-Josse ~ La Voix des Sans Papiers de Bruxelles ~ Collectif Latinoamericanos por la<br \/>\nRegularizacion ~ Collectif des Afghans Sans Papiers de l\u2019\u00e9glise B\u00e9guinage 2013 ~ Le Comit\u00e9 des travailleurs avec et sans papiers de la CSC ~ La Voix des Sans Papiers de Li\u00e8ge ~ La Voix des Sans Papiers de Verviers ~ Le Comit\u00e9 des Femmes Sans Papiers<br \/>\n~ Le Collectif des Bengalais ~ Collectif Mobilisation Groupe 2009 ~<\/p>\n<p>contacts:<br \/>\nMamadou (0493 99 54 44)<br \/>\nModou (0499 88 48 21)<br \/>\nSerge (0493 29 19 74)<\/p>\n<p>Mail: coordinationsanspapiersbruxelles@riseup.net<br \/>\nPage Web: <a href=\"https:\/\/l.facebook.com\/l.php?u=https%3A%2F%2Fsanspapiers.be%2F%3Ffbclid%3DIwAR0S8kiAIKp1SjQWp5-5f88EwSCaNAStgiMo7RIE0ys5lbLLy4dD7Lbi__w&amp;h=AT0CCmz98aU0EWujdC2G4Cx4NWaVE2KcR31hQ2qRL2PRHEVZHjHRY6HR13o_-VhbqQu8A1ppVVwQ30JxHmKF1OpP2tTWB37zkJ3TsK9Rst7KsNi1mu24URQtHtjFvadqOjnc0EIWyReKNUTYkycKzTpq9xNVO72bzz1xd9g8fNp-qIjx7nYdlwOILBJIQ-xP-YVCfOcaVKhMTi-EDRSgZ5P34KxSRontKhUBvqr1VAlKDlOdi5J46kVToU-hflGhIIkBoXgxu6IVfzYDFrRgnf3TOFVCEfk77rvCgqm93eLcty24bWLVLsIR57SDjqdtJtFmcDKrlUxWaJj1ABFbI6aeZMVk7DFb9WLKm1n850vqXQjH1QK0wKMdj2h0lPj5dIyXJRIf-BSJXyRactPa9zkH8X9iBB5p9nJfnTqYDc7irgpm729GHJVN4Y9sroiOXBHDwd2l-IpTAdzkL3HF9SbuE2EfZfanVhkwZpwoIWhJCfa5uCm6qSig_gVpPtPSTn-nhi8RZ-5KxPXdJb3qH7Jt0SldMOcgrUYW_hz1ACujB0pVHAeSEkHwi4E\" target=\"_blank\" rel=\"noopener nofollow noreferrer\" data-ft=\"{&quot;tn&quot;:&quot;-U&quot;}\" data-lynx-mode=\"async\">https:\/\/sanspapiers.be<\/a><\/p>\n<blockquote>\n<div id=\"u_jsonp_3_g\" class=\"_36hm _5cmn\" style=\"text-align: center;\"><a href=\"https:\/\/www.facebook.com\/events\/663609960708641\/\">Dimanche 28 avril 2019 \u00e0 14:00 <\/a><\/div>\n<div style=\"text-align: center;\"><a href=\"https:\/\/www.facebook.com\/events\/663609960708641\/\">Gare De Bruxelles-Nord<\/a><\/div>\n<\/blockquote>\n<p>&nbsp;<\/p>\n<p style=\"text-align: center;\"><a href=\"https:\/\/bruxelles-pantheres.be\/wp-content\/uploads\/2019\/03\/53092828_2404247543136650_2089785847619518464_n.jpg\"><img decoding=\"async\" class=\"alignnone size-full wp-image-4076\" src=\"https:\/\/bruxelles-pantheres.be\/wp-content\/uploads\/2019\/03\/53092828_2404247543136650_2089785847619518464_n.jpg\" alt=\"\" width=\"937\" height=\"672\" srcset=\"https:\/\/bruxelles-pantheres.be\/wp-content\/uploads\/2019\/03\/53092828_2404247543136650_2089785847619518464_n.jpg 937w, https:\/\/bruxelles-pantheres.be\/wp-content\/uploads\/2019\/03\/53092828_2404247543136650_2089785847619518464_n-300x215.jpg 300w, https:\/\/bruxelles-pantheres.be\/wp-content\/uploads\/2019\/03\/53092828_2404247543136650_2089785847619518464_n-768x551.jpg 768w, https:\/\/bruxelles-pantheres.be\/wp-content\/uploads\/2019\/03\/53092828_2404247543136650_2089785847619518464_n-600x430.jpg 600w\" sizes=\"(max-width: 937px) 100vw, 937px\" \/><\/a><\/p>\n<h2 class=\"entry-title\" style=\"text-align: center;\"><a href=\"https:\/\/bruxelles-pantheres.be\/?p=3728\" rel=\"bookmark\">Une seule solution, la r\u00e9gularisation de tous les sans-papiers.<\/a><\/h2>\n","protected":false},"excerpt":{"rendered":"<p>MANIFESTATION NATIONALE POUR UN GOUVERNEMENT QUI R\u00c9GULARISERA LES SANS-PAPIERS Dimanche 28 avril 2019 \u00e0 14:00 Gare De Bruxelles-Nord &nbsp; La Coordination des sans-papiers de Belgique r\u00e9clamera les droits des sans-papiers afin qu\u2019ils puissent reconqu\u00e9rir leur dignit\u00e9 apr\u00e8s avoir tout perdu. Elle mettra la question sur la table, et ce, dans tous les d\u00e9bats \u00e9lectoraux \u00e0 &#8230; <a title=\"POUR UN GOUVERNEMENT QUI R\u00c9GULARISERA LES SANS-PAPIERS\" class=\"read-more\" href=\"https:\/\/bruxelles-pantheres.be\/?p=4075\" aria-label=\"En savoir plus sur POUR UN GOUVERNEMENT QUI R\u00c9GULARISERA LES SANS-PAPIERS\">Lire la suite<\/a><\/p>\n","protected":false},"author":1,"featured_media":4076,"comment_status":"open","ping_status":"open","sticky":false,"template":"","format":"standard","meta":{"footnotes":""},"categories":[36,4,7,8,18,28,39,5],"tags":[31,14,23,15],"class_list":["post-4075","post","type-post","status-publish","format-standard","has-post-thumbnail","hentry","category-europe","category-islamophobie","category-negrophobie","category-prisons","category-resistance-bruxelles","category-racismes","category-sans-papier","category-violence-policiere","tag-belgique","tag-bruxelles","tag-discrimination","tag-resistance"],"_links":{"self":[{"href":"https:\/\/bruxelles-pantheres.be\/index.php?rest_route=\/wp\/v2\/posts\/4075","targetHints":{"allow":["GET"]}}],"collection":[{"href":"https:\/\/bruxelles-pantheres.be\/index.php?rest_route=\/wp\/v2\/posts"}],"about":[{"href":"https:\/\/bruxelles-pantheres.be\/index.php?rest_route=\/wp\/v2\/types\/post"}],"author":[{"embeddable":true,"href":"https:\/\/bruxelles-pantheres.be\/index.php?rest_route=\/wp\/v2\/users\/1"}],"replies":[{"embeddable":true,"href":"https:\/\/bruxelles-pantheres.be\/index.php?rest_route=%2Fwp%2Fv2%2Fcomments&post=4075"}],"version-history":[{"count":2,"href":"https:\/\/bruxelles-pantheres.be\/index.php?rest_route=\/wp\/v2\/posts\/4075\/revisions"}],"predecessor-version":[{"id":4078,"href":"https:\/\/bruxelles-pantheres.be\/index.php?rest_route=\/wp\/v2\/posts\/4075\/revisions\/4078"}],"wp:featuredmedia":[{"embeddable":true,"href":"https:\/\/bruxelles-pantheres.be\/index.php?rest_route=\/wp\/v2\/media\/4076"}],"wp:attachment":[{"href":"https:\/\/bruxelles-pantheres.be\/index.php?rest_route=%2Fwp%2Fv2%2Fmedia&parent=4075"}],"wp:term":[{"taxonomy":"category","embeddable":true,"href":"https:\/\/bruxelles-pantheres.be\/index.php?rest_route=%2Fwp%2Fv2%2Fcategories&post=4075"},{"taxonomy":"post_tag","embeddable":true,"href":"https:\/\/bruxelles-pantheres.be\/index.php?rest_route=%2Fwp%2Fv2%2Ftags&post=4075"}],"curies":[{"name":"wp","href":"https:\/\/api.w.org\/{rel}","templated":true}]}}