{"id":4079,"date":"2019-02-21T01:09:35","date_gmt":"2019-02-21T00:09:35","guid":{"rendered":"https:\/\/bruxelles-pantheres.be\/?p=4079"},"modified":"2019-03-01T01:14:02","modified_gmt":"2019-03-01T00:14:02","slug":"antisemitisme-pas-damalgame-avec-les-gilets-jaunes","status":"publish","type":"post","link":"https:\/\/bruxelles-pantheres.be\/?p=4079","title":{"rendered":"Antis\u00e9mitisme: pas d\u2019amalgame avec les Gilets Jaunes"},"content":{"rendered":"<p><img decoding=\"async\" class=\"leftalign width300 alignleft\" src=\"https:\/\/encrypted-tbn0.gstatic.com\/images?q=tbn:ANd9GcQvmnNW6F9W-lg10rbOIIf6NYLrsOVJkAWDRs9vNgr1d8rqb6Xw\" alt=\"Source: Externe\" border=\"0\" \/><\/p>\n<p><strong>Tout le monde sait \u2013 ou devrait savoir \u2013 que les valeurs ne sont jamais d\u00e9finitivement acquises et qu\u2019il faut rester sur la br\u00e8che, pr\u00eat \u00e0 les d\u00e9fendre. Cela semble \u00e0 nouveau le cas dans ce qui secoue une fois encore une (petite) partie de la soci\u00e9t\u00e9 fran\u00e7aise, sauf que c\u2019est toujours la m\u00eame\u2026<\/strong><\/p>\n<p>&nbsp;<\/p>\n<p>En effet, samedi dernier, Mr. Finkielkraut a r\u00e9cidiv\u00e9.\u00a0Comme au moment des <em>\u2018Nuits debout\u2019<\/em>, par ce qui ne me semble pas \u00eatre un hasard, il est all\u00e9 se promener au c\u0153ur du mouvement des <em>\u2018Gilets Jaunes\u2019<\/em>. Telle une provocation dont il savait bien ce qu\u2019elle risquait d\u2019engendrer comme r\u00e9action \u00e0 son encontre de la part de manifestants.<\/p>\n<p>Lui qui n\u2019a de cesse avec quelques voyous dans son genre, de d\u00e9nigrer tout ce qui n\u2019est pas bleu, blanc, rouge, et bouscule sa caste. Lui qui n\u2019a de cesse de s\u2019abriter derri\u00e8re un antis\u00e9mitisme fantasm\u00e9, convoqu\u00e9 en fonction des circonstances, mais qui cache mal son sionisme av\u00e9r\u00e9. Lui qui n\u2019a de cesse d\u2019exacerber les tensions entre communaut\u00e9s. Ses \u00e9ructations dans les m\u00e9dias l\u2019illustrent en suffisance et il convient de rappeler que cet <em>\u2018agit\u00e9 du bocal\u2019<\/em> d\u00e9clarait en 2005 dans les colonnes du journal isra\u00e9lien Haaretz \u2013 sans que cela suscite alors de toll\u00e9 m\u00e9diatique \u2013 que <em>\u00ab\u00a0la France m\u00e9rite notre haine\u00a0\u00bb<\/em>\u00a0!<\/p>\n<p>Quoi d\u2019\u00e9tonnant que cet histrion \u00e0 qui l\u2019on d\u00e9roule le tapis rouge dans les m\u00e9dias fran\u00e7ais \u2013 mais on sait aussi \u00e0 quels milliardaires ces derniers appartiennent \u2013 s\u2019en prenne plein la tronche d\u00e8s lors qu\u2019il va au-devant de ceux qu\u2019il n\u2019a de cesse de m\u00e9priser et d\u2019insulter\u00a0tout au long de ses interventions? Pourtant, \u00e0 bien regarder les images de cette confrontation, \u00e0 aucun moment il ne semble effray\u00e9. Au contraire, il para\u00eet sourire de ce qui lui arrive, trop content sans doute d\u2019avoir fait mouche\u2026<\/p>\n<p>En v\u00e9rit\u00e9, s\u2019il est un racisme profond, chevill\u00e9 dans les esprits, qui coule dans les veines de certains psychopathes, c\u2019est le sionisme. Trompe-l\u2019\u0153il \u00e9labor\u00e9, paravent commode derri\u00e8re lequel se cachent toutes celles et ceux qui n\u2019ont fondamentalement pas r\u00e9gl\u00e9 leur probl\u00e8me de racisme conscient ou inconscient, emp\u00eatr\u00e9s dans leurs amalgames grossiers. Et qui se situent au niveau politique tant \u00e0 droite qu\u2019\u00e0 gauche\u2026 quand celle-ci ne l\u2019est plus depuis longtemps d\u00e9j\u00e0.<!--more--><\/p>\n<p><img decoding=\"async\" class=\"rightalign width300 alignleft\" src=\"https:\/\/encrypted-tbn0.gstatic.com\/images?q=tbn:ANd9GcTyK3zsKbhmGTsWxyXGRAalakc9OjDVVnPqAIn4lruC4Sq8_F31YA\" alt=\"Source: Externe\" border=\"0\" \/><\/p>\n<p>Heureusement, un travail m\u00e9ticuleux a \u00e9t\u00e9 entrepris depuis des ann\u00e9es par certains chercheurs, historiens, ex\u00e9g\u00e8tes, philologues, linguistes, philosophes fiables, anim\u00e9s de sinc\u00e9rit\u00e9 et de probit\u00e9 pour bien \u00e9tablir la distinction entre l\u2019appartenance \u00e0 une croyance \u2013 le juda\u00efsme \u2013 et une id\u00e9ologie politique \u2013 le sionisme.<\/p>\n<p>Le terme <em>\u2018s\u00e9mite\u2019<\/em> est utilis\u00e9 pour d\u00e9signer une famille de langages dont se servent les habitants dispers\u00e9s d\u2019un vaste espace g\u00e9ographique, \u00e0 l\u2019origine, la M\u00e9sopotamie. Est donc s\u00e9mite, toute personne qui utilise les langues s\u00e9mitiques et non les juifs seuls.<\/p>\n<p>Le sionisme n\u2019est qu\u2019un colonialisme rebaptis\u00e9 et maquill\u00e9, n\u2019ayant d\u2019autre objectif \u2013 comme toute entreprise coloniale \u2013 que de voler le bien d\u2019autrui, au nom d\u2019une soi-disant promesse divine.<\/p>\n<p>Le tour de passe-passe est habile, mais ne trompe plus ceux qui s\u2019arr\u00eatent avec s\u00e9rieux et objectivit\u00e9 sur le dossier, sachant bien qu\u2019au d\u00e9part, les principaux protagonistes de l\u2019id\u00e9ologie raciste sioniste \u00e9taient farouchement ath\u00e9es, d\u00e9testant tout ce qui les reliait au juda\u00efsme religieux. L\u2019objectif colonial de s\u2019approprier la Palestine historique en essayant d\u2019en \u00e9radiquer la population arabe qui y vivait depuis des si\u00e8cles \u00e9tait leur seule boussole. Et cela n\u2019a pas chang\u00e9. Ce n\u2019est que plus tard, que la soi-disant promesse divine a \u00e9t\u00e9 r\u00e9cup\u00e9r\u00e9e par les h\u00e9ritiers du sionisme d\u2019origine, dans le but de f\u00e9d\u00e9rer un nombre croissant de partisans dont cette id\u00e9ologie raciste avait besoin pour acc\u00e9l\u00e9rer son rapt. A tel point que les \u00e9vang\u00e9liques am\u00e9ricains constituent \u00e0 ce jour l\u2019un des supports les plus importants du sionisme.<\/p>\n<p>Que la violence et la radicalit\u00e9 des m\u00e9thodes utilis\u00e9es \u00e0 l\u2019encontre des Palestiniens par ces fanatiques sionistes, s\u2019apparentent \u00e0 un ethnocide ou un g\u00e9nocide, peu importe le terme en ce moment. Ce qui importe dans le cas pr\u00e9sent c\u2019est de ne pas faire l\u2019amalgame entre le sionisme et pour appeler les choses par leur nom, la haine des juifs exprim\u00e9e par l\u2019appellation erron\u00e9e d\u2019<em>\u2018antis\u00e9mitisme\u2019<\/em>.<\/p>\n<p>Que des t\u00e9nors de partis politiques et autres idiots utiles ayant quelque notori\u00e9t\u00e9 m\u00e9diatique, se pressent alors pour r\u00e9cup\u00e9rer l\u2019incident et le monter en affaire d\u2019Etat, ne fait qu\u2019illustrer la manipulation de l\u2019information \u00e0 travers laquelle s\u2019organise ce qu\u2019il faut bien appeler un buzz ignoble, une veule instrumentalisation que tout citoyen dot\u00e9 d\u2019un minimum de r\u00e9flexion devrait fuir.<\/p>\n<p>Tout est <em>\u2018r\u00e9cup\u00e9r\u00e9\u2019<\/em> et travesti chez ces d\u00e9linquants, tant que cela sert leurs turpitudes. Ainsi, \u00e0 la suite de cette grossi\u00e8re mise en sc\u00e8ne, le ministre isra\u00e9lien Yoav Gallant n\u2019a pas h\u00e9sit\u00e9 \u00e0 r\u00e9it\u00e9rer un avis que Benyamin Netanyahu avait d\u00e9j\u00e0 utilis\u00e9 \u00e0 l\u2019intention des juifs fran\u00e7ais, les invitant hier par tweet, \u00e0 <em>\u00abrentrer \u00e0 la maison en immigrant en Isra\u00ebl\u00bb.<\/em><\/p>\n<p>Les vrais coupables de racisme anti-juif sont pr\u00e9cis\u00e9ment ceux qui se font passer pour leurs plus ardents d\u00e9fenseurs, \u00e0 savoir les officines du CRIF, de la LICRA et autres associations et lobbies du m\u00eame genre. Insultant ceux qui d\u00e9voilent leurs manigances de <em>\u2018tra\u00eetres\u2019<\/em>, quand ce n\u2019est pas d\u2019\u00eatre coupables de <em>\u2018haine de soi\u2019<\/em>.<\/p>\n<p>Or, la premi\u00e8re faute grave est d\u2019\u00e9tablir une hi\u00e9rarchie entre les diff\u00e9rentes formes que peut prendre le racisme. L\u2019antis\u00e9mitisme, n\u2019en d\u00e9plaise \u00e0 certains, n\u2019est pas pire racisme que l\u2019islamophobie, la n\u00e9grophobie, la x\u00e9nophobie, l\u2019homophobie et autres avatars du m\u00eame ordre. Etablir une hi\u00e9rarchie dans le racisme, c\u2019est le premier jalon pos\u00e9 d\u2019un racisme \u00e0 l\u2019envers. Pour tout vrai antiraciste, il convient donc de s\u2019en abstenir.<\/p>\n<p>Tout gouvernement responsable et qui aurait le sens des valeurs devrait condamner ce type d\u2019approche et au lieu de l\u2019alimenter comme on le voit r\u00e9guli\u00e8rement, devrait statuer sur ces sordides arri\u00e8re-boutiques \u00e0 l\u2019\u0153uvre qui par leur poison, divisent les citoyens au lieu de les rassembler pour le bien commun. Et leur interdire de nuire davantage.<\/p>\n<p>Le mal, la souffrance et les comportements abjects qu\u2019inocule toute forme de racisme sont assez tragiques dans l\u2019histoire de l\u2019humanit\u00e9 que pour perp\u00e9tuer plus encore ces odieux amalgames qui rel\u00e8vent plus de sombres calculs que de recherche de la v\u00e9rit\u00e9.<\/p>\n<p>Et pour le coup, le calcul se situe ailleurs: celui de discr\u00e9diter le mouvement des <em>\u2018Gilets Jaunes\u2019<\/em> dont le gouvernement Macron ne sait plus que faire pour le d\u00e9samorcer, le diviser et s\u2019en d\u00e9barrasser. Ainsi, saisir l\u2019occasion d\u2019accuser \u2013 comme les m\u00e9dias dominants s\u2019y sont employ\u00e9s de suite \u2013 l\u2019ensemble du mouvement d\u2019antis\u00e9mitisme, crime absolu aux yeux d\u2019une France plus vertueuse que les sionistes eux-m\u00eames en la mati\u00e8re, tombe \u00e0 point nomm\u00e9.<\/p>\n<p><img decoding=\"async\" class=\"leftalign width300 aligncenter\" src=\"http:\/\/www.afrique-asie.fr\/wp-content\/uploads\/2019\/02\/JuifsAntisionistes.png\" alt=\"Source: Externe\" border=\"0\" \/><\/p>\n<p>A bien regarder, la <em>\u2018b\u00eate immonde\u2019<\/em> n\u2019est sans aucun doute pas l\u00e0 o\u00f9 l\u2019on voudrait nous faire croire qu\u2019elle se cache. Des juifs, de plus en plus nombreux et qui ont bien compris le leurre, ne se reconnaissent d\u2019ailleurs pas dans ces approches primaires et exhortent les citoyens \u00e0 prendre leur distance avec ces tromperies de bas \u00e9tage.<\/p>\n<p>L\u2019Union Juive Fran\u00e7aise pour la Paix (UJFP) a transmis un communiqu\u00e9 clair par lequel elle se d\u00e9solidarise des positions de ces racistes sionistes notoires.<a title=\"\" href=\"file:\/\/\/C:\/Users\/USER\/Desktop\/Antis%C3%A9mitisme%20%20pas%20d%E2%80%99amalgame%20avec%20les%20Gilets%20Jaunes.docx#_ftn1\" name=\"_ftnref1\">[1]<\/a><\/p>\n<p>Comme indiqu\u00e9 sur un panonceau lors du rassemblement de ce mardi 19 f\u00e9vrier: \u00c7A SUFFIT.<\/p>\n<p>Encore fallait-il ne pas se tromper de rassemblement, ni d\u2019objectif. Il ne fallait pas \u00eatre avec les idiots utiles du pouvoir se disputant le premier r\u00f4le \u00e0 d\u00e9fendre <em>\u2018les juifs\u2019<\/em> place de la R\u00e9publique, mais plut\u00f4t place M\u00e9nilmontant\u00a0aux c\u00f4t\u00e9s des vrais militants contre toute forme de racisme, sans distinction aucune\u00a0!<\/p>\n<p><strong> \u2013 <\/strong><strong>Daniel Vanhove<\/strong><\/p>\n<p>&nbsp;<\/p>\n<p>20.02.19<\/p>\n<div>\n<hr align=\"left\" size=\"1\" width=\"33%\" \/>\n<div id=\"ftn1\">\n<p><a title=\"\" href=\"file:\/\/\/C:\/Users\/USER\/Desktop\/Antis%C3%A9mitisme%20%20pas%20d%E2%80%99amalgame%20avec%20les%20Gilets%20Jaunes.docx#_ftnref1\" name=\"_ftn1\">[1]<\/a> <a href=\"http:\/\/www.afrique-asie.fr\/ujfp-nous-sommes-juifs-et-nous-sommes-antisionistes\/\">http:\/\/www.afrique-asie.fr\/ujfp-nous-sommes-juifs-et-nous-sommes-antisionistes\/<\/a><\/p>\n<\/div>\n<\/div>\n","protected":false},"excerpt":{"rendered":"<p>Tout le monde sait \u2013 ou devrait savoir \u2013 que les valeurs ne sont jamais d\u00e9finitivement acquises et qu\u2019il faut rester sur la br\u00e8che, pr\u00eat \u00e0 les d\u00e9fendre. Cela semble \u00e0 nouveau le cas dans ce qui secoue une fois encore une (petite) partie de la soci\u00e9t\u00e9 fran\u00e7aise, sauf que c\u2019est toujours la m\u00eame\u2026 &nbsp; &#8230; <a title=\"Antis\u00e9mitisme: pas d\u2019amalgame avec les Gilets Jaunes\" class=\"read-more\" href=\"https:\/\/bruxelles-pantheres.be\/?p=4079\" aria-label=\"En savoir plus sur Antis\u00e9mitisme: pas d\u2019amalgame avec les Gilets Jaunes\">Lire la suite<\/a><\/p>\n","protected":false},"author":1,"featured_media":3160,"comment_status":"open","ping_status":"open","sticky":false,"template":"","format":"standard","meta":{"footnotes":""},"categories":[36,4,6,18,28],"tags":[94],"class_list":["post-4079","post","type-post","status-publish","format-standard","has-post-thumbnail","hentry","category-europe","category-islamophobie","category-palestine-moyen-orient","category-resistance-bruxelles","category-racismes","tag-daniel-vanhove"],"_links":{"self":[{"href":"https:\/\/bruxelles-pantheres.be\/index.php?rest_route=\/wp\/v2\/posts\/4079","targetHints":{"allow":["GET"]}}],"collection":[{"href":"https:\/\/bruxelles-pantheres.be\/index.php?rest_route=\/wp\/v2\/posts"}],"about":[{"href":"https:\/\/bruxelles-pantheres.be\/index.php?rest_route=\/wp\/v2\/types\/post"}],"author":[{"embeddable":true,"href":"https:\/\/bruxelles-pantheres.be\/index.php?rest_route=\/wp\/v2\/users\/1"}],"replies":[{"embeddable":true,"href":"https:\/\/bruxelles-pantheres.be\/index.php?rest_route=%2Fwp%2Fv2%2Fcomments&post=4079"}],"version-history":[{"count":1,"href":"https:\/\/bruxelles-pantheres.be\/index.php?rest_route=\/wp\/v2\/posts\/4079\/revisions"}],"predecessor-version":[{"id":4080,"href":"https:\/\/bruxelles-pantheres.be\/index.php?rest_route=\/wp\/v2\/posts\/4079\/revisions\/4080"}],"wp:featuredmedia":[{"embeddable":true,"href":"https:\/\/bruxelles-pantheres.be\/index.php?rest_route=\/wp\/v2\/media\/3160"}],"wp:attachment":[{"href":"https:\/\/bruxelles-pantheres.be\/index.php?rest_route=%2Fwp%2Fv2%2Fmedia&parent=4079"}],"wp:term":[{"taxonomy":"category","embeddable":true,"href":"https:\/\/bruxelles-pantheres.be\/index.php?rest_route=%2Fwp%2Fv2%2Fcategories&post=4079"},{"taxonomy":"post_tag","embeddable":true,"href":"https:\/\/bruxelles-pantheres.be\/index.php?rest_route=%2Fwp%2Fv2%2Ftags&post=4079"}],"curies":[{"name":"wp","href":"https:\/\/api.w.org\/{rel}","templated":true}]}}