{"id":4098,"date":"2019-03-09T14:41:55","date_gmt":"2019-03-09T13:41:55","guid":{"rendered":"https:\/\/bruxelles-pantheres.be\/?p=4098"},"modified":"2019-03-09T14:50:03","modified_gmt":"2019-03-09T13:50:03","slug":"blackface-et-deguisements-du-kkk-dans-le-folklore-belge","status":"publish","type":"post","link":"https:\/\/bruxelles-pantheres.be\/?p=4098","title":{"rendered":"BlackFace et d\u00e9guisements du  KKK dans le folklore belge"},"content":{"rendered":"<header class=\"o-post__hero\">\n<h4 class=\"c-title c-title--large entry-title\">Au Carnaval d\u2019Alost, des d\u00e9guisements du Ku Klux Klan ne passent pas<\/h4>\n<div class=\"c-post__resize\"><img decoding=\"async\" class=\"c-post__img c-post__img--hero wp-post-image\" src=\"https:\/\/parismatch.be\/app\/uploads\/2019\/03\/belgaimage-146340805-full-1100x715.jpg\" alt=\"Ku Klux Klan\" width=\"1100\" height=\"715\" \/><\/div>\n<div class=\"c-post__media grid has-gutter\">\n<p class=\"c-post__credit two-thirds\">\u00ab\u00a0Il est \u00e9vident que l&rsquo;extr\u00eame-droite ne se sent en aucun cas menac\u00e9e par ces &lsquo;moqueries'\u00a0\u00bb. | \u00a9 BELGA PHOTO JONAS ROOSENS<\/p>\n<\/div>\n<\/header>\n<div class=\"grid-2 grid-small-1 has-gutter\">\n<div class=\"two-thirds\">\n<div class=\"o-post__content \">\n<div class=\"inline-label tiny-hidden small-hidden\"><span class=\"c-label c-label--primary\">Soci\u00e9t\u00e9<\/span><\/div>\n<p><strong>D\u00e9j\u00e0 \u00e9pingl\u00e9 pour des d\u00e9rives antis\u00e9mites, le Carnaval d\u2019Alost est \u00e9galement critiqu\u00e9 par la Nouvelle Voie Anticoloniale pour la pr\u00e9sence d\u2019un char de supr\u00e9macistes blancs qui se prennent notamment en\u00a0photo avec le leader d\u2019extr\u00eame droite de Forza Ninove, Guy D\u2019haeseleer.<\/strong><\/p>\n<\/div>\n<\/div>\n<\/div>\n<p><!--more--><\/p>\n<p><strong class=\"author vcard\">Marise Ghyselings <\/strong> | Publi\u00e9 le <time class=\"post-created-time date created\" datetime=\"2019-03-05T16:47:03+00:00\">5 mars 2019<\/time> | Mis \u00e0 jour le <time class=\"post-updated-time date updated\" datetime=\"2019-03-05T17:39:52+00:00\">5 mars 2019<\/time><\/p>\n<p>La satire a des limites. Connu pour ses caricatures os\u00e9es et s\u2019inspirant de l\u2019actualit\u00e9, le Carnaval d\u2019Alost semble avoir \u00e9t\u00e9 trop loin ce dimanche, lors du cort\u00e8ge qui a rassembl\u00e9 plus de 80 000 visiteurs selon le bourgmestre N-VA Christoph D\u2019Haese. Parmi les chars qui ont d\u00e9fil\u00e9 dans les rues de la commune flamande, se trouvait un groupe de personnes d\u00e9guis\u00e9es en supr\u00e9macistes blancs du Ku Klux Klan, point\u00e9 du doigt par le mouvement la Nouvelle Voie Anticoloniale. \u00ab\u00a0<em>Il est intol\u00e9rable selon nous de permettre la perp\u00e9tuation d\u2019un contexte caricatural pla\u00e7ant sur le devant de la sc\u00e8ne publique des organisations ayant particip\u00e9 de mani\u00e8re directe \u00e0 la mort physique et sociale d\u2019une part importante de la population noire issue des \u00c9tats-Unis\u00a0\u00bb<\/em>, s\u2019indigne\u00a0l\u2019association antiraciste.<\/p>\n<p>Certains ont tent\u00e9 de d\u00e9fendre les personnes concern\u00e9es, en pr\u00e9tendant qu\u2019elles ne faisaient que caricaturer l\u2019extr\u00eame-droite, tr\u00e8s puissante dans la r\u00e9gion. Surtout \u00e0 Ninove, une commune voisine, o\u00f9 le d\u00e9put\u00e9\u00a0flamand du Vlaams Belang, Guy D\u2019haeseleer, avait rafl\u00e9 40% des voix avec sa liste Forza Ninove aux \u00e9lections communales d\u2019octobre dernier. Alors que la formation d\u2019extr\u00eame-droite\u00a0manquait \u00e0 peine de deux si\u00e8ges pour atteindre la majorit\u00e9 absolue, le coll\u00e8ge communal s\u2019est finalement form\u00e9 sans elle. \u00ab\u00a0<em>Il n\u2019est pas envisageable moralement de r\u00e9activer des contextes de violence inou\u00efes sous pr\u00e9texte de vouloir moquer et d\u00e9stabiliser la politique port\u00e9e par un dirigeant local\u00a0\u00bb<\/em>, explique la Nouvelle Voie Anticoloniale.\u00a0Mais le candidat-bougmestre malheureux n\u2019a pas du tout l\u2019air d\u2019avoir \u00e9t\u00e9 froiss\u00e9 par cette caricature raciste. Au contraire, <a class=\"external\" href=\"https:\/\/www.tvoost.be\/nieuws\/forza-ninove-kopman-guy-dhaeseleer-op-bezoek-bij-chocomousse-groep-in-aalst-74431?fbclid=IwAR1XNr4-n65Xyf0Kx4ULxY1BizJFZfyIUqJzbk5HMov8P_lUzU7jr4C-Ves\" target=\"_blank\" rel=\"noopener noreferrer\">selon les images diffus\u00e9es par <em>Tv Oost<\/em><\/a>, le politicien pose tout sourire entour\u00e9 des faux Klansmen, en longues robes et aux chapeaux pointus blancs. \u00ab\u00a0<em>Il est \u00e9vident que l\u2019extr\u00eame-droite ne se sent en aucun cas menac\u00e9e par ces \u2018moqueries\u2019 ce qui enl\u00e8ve encore plus de cr\u00e9dibilit\u00e9 \u00e0 l\u2019argumentaire des personnes \u2018d\u00e9guis\u00e9es&rsquo;\u00a0\u00bb<\/em>, souligne l\u2019association, avant de rappeler que l\u2019extr\u00eame-droite est connue pour \u00ab\u00a0<em>ses comportements et ses sorties racistes\u00a0\u00bb<\/em>. \u00ab\u00a0<em>Ils\u00a0ne peuvent que remercier les participants qui inconsciemment ou non les aident \u00e0 d\u00e9mocratiser leurs id\u00e9es et en plus leur permet de se d\u00e9douaner si n\u00e9cessaire\u00a0\u00bb, <\/em>ajoute la Nouvelle Voie Anticoloniale. Et si l\u2019objectif des personnes d\u00e9guis\u00e9es \u00e9tait bien de critiquer le discours raciste, l\u2019association affirme qu\u2019elles auraient d\u00fb s\u2019excuser \u00ab\u00a0<em>apr\u00e8s l\u2019\u00e9moi que leur action a cr\u00e9\u00e9\u00a0\u00bb<\/em>.<\/p>\n<figure id=\"attachment_246002\" class=\"wp-caption aligncenter\"><img decoding=\"async\" class=\"size-large wp-image-246002\" src=\"https:\/\/parismatch.be\/app\/uploads\/2019\/03\/belgaimage-146340818-full-1024x682.jpg\" sizes=\"(max-width: 1024px) 100vw, 1024px\" srcset=\"https:\/\/parismatch.be\/app\/uploads\/2019\/03\/belgaimage-146340818-full-1024x682.jpg 1024w, https:\/\/parismatch.be\/app\/uploads\/2019\/03\/belgaimage-146340818-full-300x200.jpg 300w, https:\/\/parismatch.be\/app\/uploads\/2019\/03\/belgaimage-146340818-full-768x511.jpg 768w, https:\/\/parismatch.be\/app\/uploads\/2019\/03\/belgaimage-146340818-full-255x170.jpg 255w\" alt=\"carnaval d'alost\" width=\"1024\" height=\"682\" \/><figcaption class=\"wp-caption-text\">Des personnes \u00ab\u00a0d\u00e9guis\u00e9es en noir\u00a0\u00bb au Carnaval d\u2019Alost. \u00a9 BELGA PHOTO JONAS ROOSENS<\/figcaption><\/figure>\n<h4>\u00ab\u00a0Mousse de chocolat\u00a0\u00bb et blackface<\/h4>\n<p>Sur d\u2019autres images, on peut observer des personnes grim\u00e9es en noir en train de distribuer des mousses au chocolat. Une autre mani\u00e8re de \u00ab\u00a0parodier\u00a0\u00bb Guy D\u2019haeseleer. Le politicien avait fait les gros titres apr\u00e8s avoir partag\u00e9 un clich\u00e9 sur lequel on voyait des enfants africains dans une rivi\u00e8re <a class=\"external\" href=\"https:\/\/www.levif.be\/actualite\/belgique\/rupture-du-cordon-sanitaire-la-mousse-au-chocolat-raciste-qui-fait-reculer-bart-de-wever\/article-normal-1040689.html\" target=\"_blank\" rel=\"noopener noreferrer\">avec le commentaire<\/a> :\u00a0\u00ab\u00a0<em>Je me suis lev\u00e9 t\u00f4t pour faire de la mousse au chocolat pour notre festin Breughel. \u2018Et faite maison\u2026&rsquo;\u00a0\u00bb\u00a0\u00a0<\/em>Bien que d\u00e9gradante et raciste, la pratique du blackface est courante dans le folklore belge. \u00ab\u00a0<em>Cette pratique a longuement particip\u00e9 \u00e0 la l\u00e9gitimation d\u2019une inf\u00e9riorit\u00e9 ontologique de l\u2019identit\u00e9 noire\u00a0\u00bb<\/em>, rappelle la Nouvelle Voie Anticoloniale, en prenant comme exemple les spectacles m\u00e9nestrels aux \u00c9tats-Unis \u2013 qui perduront de 1820 \u00e0 1950 -, lors desquels la population blanche\u00a0se noircissait le visage pour tourner en d\u00e9rision les coutumes de la culture noire. Ce m\u00e9pris a notamment particip\u00e9 \u00e0 l\u2019\u00e9tablissement des lois Jim Crow, qui\u00a0l\u00e9galis\u00e8rent la s\u00e9gr\u00e9gation raciale dans le sud des \u00c9tats-Unis, nomm\u00e9es d\u2019apr\u00e8s un personnage cr\u00e9\u00e9 par\u00a0Thomas Rice, un fervent d\u00e9fenseur du blackface. Ce cadre juridique, aboli en 1965, a eu des cons\u00e9quences d\u00e9sastreuses pour la communaut\u00e9 afro-am\u00e9ricaine. Encore visible aujourd\u2019hui. \u00ab\u00a0<em>L\u2019argumentaire tra\u00e7ant une dimension ancestrale \u00e0 la pratique pour l\u00e9gitimer son maintien n\u2019a plus sens puisque cette pratique participe \u00e0 une hi\u00e9rarchisation raciale et de part cette configuration, il est n\u00e9cessaire de postuler de son obsolescence\u00a0\u00bb, <\/em>soutient la Nouvelle Voie Anticoloniale. Encore plus dans un pays au pass\u00e9 colonial critiqu\u00e9, mais jamais assum\u00e9 par l\u2019\u00c9tat.<\/p>\n<figure id=\"attachment_246003\" class=\"wp-caption aligncenter\"><img decoding=\"async\" class=\"size-large wp-image-246003\" src=\"https:\/\/parismatch.be\/app\/uploads\/2019\/03\/belgaimage-146340819-full-1024x683.jpg\" sizes=\"(max-width: 1024px) 100vw, 1024px\" srcset=\"https:\/\/parismatch.be\/app\/uploads\/2019\/03\/belgaimage-146340819-full-1024x683.jpg 1024w, https:\/\/parismatch.be\/app\/uploads\/2019\/03\/belgaimage-146340819-full-300x200.jpg 300w, https:\/\/parismatch.be\/app\/uploads\/2019\/03\/belgaimage-146340819-full-768x512.jpg 768w, https:\/\/parismatch.be\/app\/uploads\/2019\/03\/belgaimage-146340819-full-255x170.jpg 255w\" alt=\"alost\" width=\"1024\" height=\"683\" \/><figcaption class=\"wp-caption-text\">Le char de distribution de mousse au chocolat Forza, avec le 40% faisant r\u00e9f\u00e9rence au pourcentage de voix rafl\u00e9 par la liste Forza Ninove aux derni\u00e8res \u00e9lections communales. \u00a9 BELGA PHOTO JONAS ROOSENS<\/figcaption><\/figure>\n<p><a class=\"external\" href=\"https:\/\/www.lalibre.be\/actu\/politique-belge\/la-belgique-doit-elle-s-excuser-pour-son-passe-colonial-charles-michel-reagit-au-rapport-du-groupe-d-experts-de-l-onu-5c62b27a9978e2710e4d661a\" target=\"_blank\" rel=\"noopener noreferrer\">En f\u00e9vrier<\/a>, un groupe d\u2019experts des Nations unies sur les personnes d\u2019origine africaine a recommand\u00e9 aux autorit\u00e9s belges de pr\u00e9senter les excuses du royaume pour les atrocit\u00e9s commises durant cette p\u00e9riode \u00ab\u00a0<em>sombre<\/em>\u00a0\u00bb de son histoire. Des excuses toujours attendues, le premier Ministre ayant simplement r\u00e9pondu que le rapport de l\u2019ONU \u00e9tait \u00ab\u00a0<em>\u00e9trange<\/em>\u00a0\u00bb et que la Belgique\u00a0a \u00ab\u00a0<em>toujours essay\u00e9 de mener au plus loin le combat contre toute forme de discrimination\u00a0\u00bb<\/em>.<\/p>\n<blockquote class=\"c-blockquote\"><p><em>Cette acceptation g\u00e9n\u00e9ralis\u00e9e d\u2019un contexte qui permet sous le joug d\u2019une libert\u00e9 d\u2019expression de tourner en d\u00e9rision toutes les images en les vidant de leur historicit\u00e9 facilite le travail discursif de l\u2019extr\u00eame-droite<\/em><\/p><\/blockquote>\n<p>Pourtant, le Carnaval d\u2019Alost est loin d\u2019\u00eatre la seule institution folklorique \u00e0 faire l\u2019objet de critiques. Le P\u00e8re Fouettard de la Saint-Nicolas, la sortie des n\u00e8gres lors de la ducasse des Culants de Deux-Acren \u2013 annul\u00e9e en 2018 -, les Noirauds de Bruxelles\u2026 De nombreux \u00e9v\u00e9nements sont accus\u00e9s de v\u00e9hiculer une image raciste. Et le premier contre-argument que l\u2019on entend dans la bouche de leurs partisans : \u00ab\u00a0Cela fait partie du folklore belge\u00a0\u00bb. Mais serait-il pas temps de le remettre en question, plut\u00f4t que de perp\u00e9trer des discriminations ?<\/p>\n<p>\u00ab\u00a0<em>Cette acceptation g\u00e9n\u00e9ralis\u00e9e d\u2019un contexte qui permet sous le joug d\u2019une libert\u00e9 d\u2019expression de tourner en d\u00e9rision toutes les images en les vidant de leur historicit\u00e9 facilite le travail discursif de l\u2019extr\u00eame-droite\u00a0\u00bb<\/em>, affirme la Nouvelle Voie Anticoloniale, qui esp\u00e8re sensibiliser la population.<\/p>\n<h4>Antis\u00e9mitisme folklorique<\/h4>\n<p>Le Comit\u00e9 de Coordination des Organisations Juives de Belgique (CCOJB) et le Forum der Joodse Organisaties (FJO) ont \u00e9galement d\u00e9nonc\u00e9 la pr\u00e9sence de\u00a0marionnettes de juifs au nez crochus et aux coffres remplis d\u2019argent.\u00a0\u00ab<em> Au mieux c\u2019est un manque de discernement condamnable, particuli\u00e8rement au vu du contexte de mont\u00e9e de l\u2019antis\u00e9mitisme dans notre pays et dans le monde, au pire la reproduction de caricatures antis\u00e9mites dignes de l\u2019\u00e9poque nazie\u00a0<\/em>\u00bb, ont d\u00e9nonc\u00e9 les deux organisations.\u00a0La Commission europ\u00e9enne a fermement condamn\u00e9 ces repr\u00e9sentations antis\u00e9mites, demandant \u00e0 la Belgique de \u00ab\u00a0<em>prendre les mesures qui s\u2019imposent\u00a0\u00bb<\/em>. \u00ab\u00a0<em>Il devrait \u00eatre \u00e9vident pour tous que faire d\u00e9filer des repr\u00e9sentations de ce type dans des rues d\u2019Europe est absolument impensable, 74 ans apr\u00e8s la Shoah\u00a0\u00bb<\/em>, a affirm\u00e9 le porte-parole en chef de la Commission europ\u00e9enne, Margaritis Schinas.<\/p>\n<p><a href=\"https:\/\/parismatch.be\/actualites\/societe\/245768\/au-carnaval-dalost-des-deguisements-du-ku-klux-klan-ne-passent-pas?fbclid=IwAR14fGOM2Maje7M5-Tb5CLTghr465Mz2LnP9YwkyVqz2UHQ7LBOpEzJhi7Q\">Source<\/a><\/p>\n","protected":false},"excerpt":{"rendered":"<p>Au Carnaval d\u2019Alost, des d\u00e9guisements du Ku Klux Klan ne passent pas \u00ab\u00a0Il est \u00e9vident que l&rsquo;extr\u00eame-droite ne se sent en aucun cas menac\u00e9e par ces &lsquo;moqueries&rsquo;\u00a0\u00bb. | \u00a9 BELGA PHOTO JONAS ROOSENS Soci\u00e9t\u00e9 D\u00e9j\u00e0 \u00e9pingl\u00e9 pour des d\u00e9rives antis\u00e9mites, le Carnaval d\u2019Alost est \u00e9galement critiqu\u00e9 par la Nouvelle Voie Anticoloniale pour la pr\u00e9sence d\u2019un &#8230; <a title=\"BlackFace et d\u00e9guisements du  KKK dans le folklore belge\" class=\"read-more\" href=\"https:\/\/bruxelles-pantheres.be\/?p=4098\" aria-label=\"En savoir plus sur BlackFace et d\u00e9guisements du  KKK dans le folklore belge\">Lire la suite<\/a><\/p>\n","protected":false},"author":1,"featured_media":3093,"comment_status":"open","ping_status":"open","sticky":false,"template":"","format":"standard","meta":{"footnotes":""},"categories":[36,42,4,7,28,37],"tags":[31,23,404,15],"class_list":["post-4098","post","type-post","status-publish","format-standard","has-post-thumbnail","hentry","category-europe","category-homophobie","category-islamophobie","category-negrophobie","category-racismes","category-romophobie","tag-belgique","tag-discrimination","tag-nouvelle-voie-anticoloniale","tag-resistance"],"_links":{"self":[{"href":"https:\/\/bruxelles-pantheres.be\/index.php?rest_route=\/wp\/v2\/posts\/4098","targetHints":{"allow":["GET"]}}],"collection":[{"href":"https:\/\/bruxelles-pantheres.be\/index.php?rest_route=\/wp\/v2\/posts"}],"about":[{"href":"https:\/\/bruxelles-pantheres.be\/index.php?rest_route=\/wp\/v2\/types\/post"}],"author":[{"embeddable":true,"href":"https:\/\/bruxelles-pantheres.be\/index.php?rest_route=\/wp\/v2\/users\/1"}],"replies":[{"embeddable":true,"href":"https:\/\/bruxelles-pantheres.be\/index.php?rest_route=%2Fwp%2Fv2%2Fcomments&post=4098"}],"version-history":[{"count":2,"href":"https:\/\/bruxelles-pantheres.be\/index.php?rest_route=\/wp\/v2\/posts\/4098\/revisions"}],"predecessor-version":[{"id":4100,"href":"https:\/\/bruxelles-pantheres.be\/index.php?rest_route=\/wp\/v2\/posts\/4098\/revisions\/4100"}],"wp:featuredmedia":[{"embeddable":true,"href":"https:\/\/bruxelles-pantheres.be\/index.php?rest_route=\/wp\/v2\/media\/3093"}],"wp:attachment":[{"href":"https:\/\/bruxelles-pantheres.be\/index.php?rest_route=%2Fwp%2Fv2%2Fmedia&parent=4098"}],"wp:term":[{"taxonomy":"category","embeddable":true,"href":"https:\/\/bruxelles-pantheres.be\/index.php?rest_route=%2Fwp%2Fv2%2Fcategories&post=4098"},{"taxonomy":"post_tag","embeddable":true,"href":"https:\/\/bruxelles-pantheres.be\/index.php?rest_route=%2Fwp%2Fv2%2Ftags&post=4098"}],"curies":[{"name":"wp","href":"https:\/\/api.w.org\/{rel}","templated":true}]}}