{"id":4101,"date":"2019-03-13T06:50:24","date_gmt":"2019-03-13T05:50:24","guid":{"rendered":"https:\/\/bruxelles-pantheres.be\/?p=4101"},"modified":"2019-03-09T15:05:27","modified_gmt":"2019-03-09T14:05:27","slug":"mawda-letat-porte-la-responsabilite-morale-de-ce-qui-sest-passe","status":"publish","type":"post","link":"https:\/\/bruxelles-pantheres.be\/?p=4101","title":{"rendered":"Mawda : \u00ab\u00a0L\u2019\u00c9tat porte la responsabilit\u00e9 morale de ce qui s\u2019est pass\u00e9\u00a0\u00bb"},"content":{"rendered":"<p><span class=\"_5afx\"><span class=\"_58cm\">Selma Benkhelifa<\/span><\/span> \u00e9voque un \u00ab crime d\u2019\u00c9tat \u00bb qui \u00ab s\u2019inscrit dans le continuum d\u2019une politique migratoire qui devait conduire, un jour ou l\u2019autre, \u00e0 ce type de trag\u00e9die \u00bb. Elle veut secouer les consciences, appeler \u00e0 un d\u00e9bat de soci\u00e9t\u00e9 : \u00ab La mort par balle d\u2019une enfant de 2 ans et les suspicions de dissimulations qui ont suivi l\u2019homicide auraient d\u00fb d\u00e9boucher sur un sentiment g\u00e9n\u00e9ral d\u2019indignation. Mais on n\u2019entend que des murmures, l\u00e0 o\u00f9 il faudrait des cris d\u2019effroi. \u00bb<!--more--><\/p>\n<h4 style=\"text-align: center;\"><a href=\"https:\/\/bruxelles-pantheres.be\/wp-content\/uploads\/2019\/01\/IMG-9653-Mawda-1-1100x715.jpg\"><img decoding=\"async\" class=\"size-full wp-image-4030 aligncenter\" src=\"https:\/\/bruxelles-pantheres.be\/wp-content\/uploads\/2019\/01\/IMG-9653-Mawda-1-1100x715.jpg\" alt=\"\" width=\"1100\" height=\"715\" srcset=\"https:\/\/bruxelles-pantheres.be\/wp-content\/uploads\/2019\/01\/IMG-9653-Mawda-1-1100x715.jpg 1100w, https:\/\/bruxelles-pantheres.be\/wp-content\/uploads\/2019\/01\/IMG-9653-Mawda-1-1100x715-300x195.jpg 300w, https:\/\/bruxelles-pantheres.be\/wp-content\/uploads\/2019\/01\/IMG-9653-Mawda-1-1100x715-1024x666.jpg 1024w, https:\/\/bruxelles-pantheres.be\/wp-content\/uploads\/2019\/01\/IMG-9653-Mawda-1-1100x715-768x499.jpg 768w, https:\/\/bruxelles-pantheres.be\/wp-content\/uploads\/2019\/01\/IMG-9653-Mawda-1-1100x715-600x390.jpg 600w\" sizes=\"(max-width: 1100px) 100vw, 1100px\" \/><\/a><\/h4>\n<h4 class=\"c-title c-title--large entry-title\">L\u2019avocate des parents de Mawda accuse : \u00ab\u00a0L\u2019\u00c9tat porte la responsabilit\u00e9 morale de ce qui s\u2019est pass\u00e9\u00a0\u00bb<\/h4>\n<p class=\"c-post__author\"><strong class=\"author vcard\"> Michel Bouffioux <\/strong> | Publi\u00e9 le <time class=\"post-created-time date created\" datetime=\"2019-03-07T06:26:14+00:00\">7 mars 2019<\/time> | Mis \u00e0 jour le <time class=\"post-updated-time date updated\" datetime=\"2019-03-07T06:30:22+00:00\">7 mars 2019<\/time><\/p>\n<header class=\"o-post__hero\">\n<div class=\"c-post__resize\"><img decoding=\"async\" class=\"c-post__img c-post__img--hero wp-post-image aligncenter\" src=\"https:\/\/parismatch.be\/app\/uploads\/2019\/03\/CF0I2496-1100x715.jpg\" alt=\"Selma Benkhelifa\" width=\"1100\" height=\"715\" \/><\/div>\n<div class=\"c-post__media grid has-gutter\">\n<p class=\"c-post__credit two-thirds\">Selma Benkhelifa : \u00ab Le politicien pense au prochain scrutin, l\u2019homme politique pense \u00e0 la prochaine g\u00e9n\u00e9ration. Dans quelle Belgique veut-on vivre demain ? Un pays o\u00f9 l\u2019on peut tuer des migrants dans l\u2019indiff\u00e9rence totale ? \u00bb | \u00a9 Ronald Dersin.<\/p>\n<\/div>\n<\/header>\n<div class=\"grid-2 grid-small-1 has-gutter\">\n<div class=\"two-thirds\">\n<div class=\"o-post__content \">\n<div class=\"inline-label tiny-hidden small-hidden\"><span class=\"c-label c-label--primary\">Soci\u00e9t\u00e9<\/span><\/div>\n<p><strong>Dans un entretien accord\u00e9 \u00e0 Paris Match, l\u2019avocate des parents de Mawda s\u2019inqui\u00e8te de questions cruciales \u00e0 propos desquelles l\u2019instruction judiciaire reste d\u00e9sesp\u00e9r\u00e9ment muette, de questions d\u00e9rangeantes auxquelles\u00a0aucun acteur institutionnel ne semble d\u00e9sireux de chercher un d\u00e9but de r\u00e9ponse. Plut\u00f4t que de porter toute la charge sur le policier qui a tir\u00e9, Selma Benkhelifa \u00e9voque un \u00ab<em> crime d\u2019\u00c9tat<\/em> \u00bb qui \u00ab <em>s\u2019inscrit dans le continuum d\u2019une politique migratoire qui devait conduire, un jour ou l\u2019autre, \u00e0 ce type de trag\u00e9die<\/em> \u00bb. Elle veut secouer les consciences, appeler \u00e0 un d\u00e9bat de soci\u00e9t\u00e9 : \u00ab <em>La mort par balle d\u2019une enfant de 2 ans et les suspicions de dissimulations qui ont suivi l\u2019homicide auraient d\u00fb d\u00e9boucher sur un sentiment g\u00e9n\u00e9ral d\u2019indignation. Mais on n\u2019entend que des murmures, l\u00e0 o\u00f9 il faudrait des cris d\u2019effroi.<\/em> \u00bb<br \/>\n<\/strong><\/p>\n<p>&nbsp;<\/p>\n<p><strong>Paris Match. Les parents de Mawda viennent d\u2019obtenir un titre de s\u00e9jour provisoire. Un \u00ab beau geste \u00bb du gouvernement f\u00e9d\u00e9ral ?<\/strong><\/p>\n<p><strong>Selma Benkhelifa.<\/strong> Pas du tout. C\u2019est le fruit d\u2019un processus juridique. Cette r\u00e9gularisation intervient dans la foul\u00e9e d\u2019une d\u00e9cision du tribunal du travail disant avec force qu\u2019 \u00ab<em> il n\u2019est pas concevable que les parents de Mawda soient priv\u00e9s d\u2019assister au proc\u00e8s<\/em> \u00bb qui se tiendra un jour, peut-\u00eatre, en Belgique ; qu\u2019ils sont dans un \u00ab <em>cas de force majeure<\/em> \u00bb les emp\u00eachant de quitter le territoire et que, par cons\u00e9quent, ils ont droit \u00e0 l\u2019aide sociale qui leur avait \u00e9t\u00e9 refus\u00e9e jusque-l\u00e0. Vu qu\u2019un tribunal estime qu\u2019ils ont le droit de rester en Belgique, il en d\u00e9coule un droit d\u2019obtenir des papiers pour y s\u00e9journer en r\u00e8gle. C\u2019est ce que nous avons plaid\u00e9 aupr\u00e8s de la secr\u00e9taire d\u2019Etat \u00e0 l\u2019Asile et \u00e0 la Migration en lui transmettant le jugement. Si le gouvernement ne revoyait pas sa position, nous \u00e9tions en mesure de faire condamner l\u2019Etat belge.<\/p>\n<p><strong>Pas de \u00ab beau geste \u00bb, donc ?<\/strong><\/p>\n<p>Non. A partir du moment o\u00f9 le gouvernement n\u2019avait plus le choix, il a pris la posture du \u00ab bon prince \u00bb qui accepte d\u2019user de son pouvoir discr\u00e9tionnaire. Au moins, cette fois, c\u2019est du concret. Je vous rappelle que quelques jours apr\u00e8s la mort de Mawda, Charles Michel avait re\u00e7u les parents et leur avait annonc\u00e9 que la question de la r\u00e9gularisation ne poserait aucun probl\u00e8me : \u00ab <em>Je prends cela en main, je m\u2019y engage, ne vous inqui\u00e9tez pas<\/em> \u00bb, etc. J\u2019\u00e9tais l\u00e0, j\u2019ai entendu ces mots. Le jour m\u00eame, il y a eu une belle photo sur Twitter. Et puis ? Plus rien. L\u2019annonce du premier ministre n\u2019a pas plu \u00e0 un bourgmestre d\u2019Anvers. Alors, la promesse n\u2019a pas \u00e9t\u00e9 tenue et mes clients ont v\u00e9cu pendant des mois sans papiers, sans ressource aucune, sans possibilit\u00e9 d\u2019acc\u00e8s \u00e0 des formations ou \u00e0 du travail, sans libert\u00e9 de circuler. S\u2019ils ont pu se loger et survivre, c\u2019est seulement gr\u00e2ce \u00e0 l\u2019aide citoyenne. Gr\u00e2ce aussi \u00e0 l\u2019humanisme d\u2019un bourgmestre, celui de Woluwe-Saint-Lambert, qui a fait passer le message \u00e0 sa police de laisser ces personnes tranquilles sur le territoire de sa commune. Toutefois, cela n\u2019a pas emp\u00each\u00e9 qu\u2019un jour, le papa et son fils furent arr\u00eat\u00e9s dans le cadre d\u2019un contr\u00f4le de routine. On a pu rapidement intervenir, mais imaginez-vous ce que cette nouvelle exp\u00e9rience polici\u00e8re a repr\u00e9sent\u00e9 pour le fr\u00e8re de Mawda. Cet \u00e9pisode a bien s\u00fbr raviv\u00e9 un important traumatisme chez ce gar\u00e7on de 4 ans, qui a vu sa s\u0153ur mourir d\u2019une balle polici\u00e8re.<\/p>\n<p>&nbsp;<\/p>\n<figure id=\"attachment_246254\" class=\"wp-caption aligncenter\"><img decoding=\"async\" class=\" wp-image-246254\" src=\"https:\/\/parismatch.be\/app\/uploads\/2019\/03\/belgaimage-136226128-full.jpg\" sizes=\"(max-width: 915px) 100vw, 915px\" srcset=\"https:\/\/parismatch.be\/app\/uploads\/2019\/03\/belgaimage-136226128-full.jpg 925w, https:\/\/parismatch.be\/app\/uploads\/2019\/03\/belgaimage-136226128-full-300x200.jpg 300w, https:\/\/parismatch.be\/app\/uploads\/2019\/03\/belgaimage-136226128-full-768x512.jpg 768w, https:\/\/parismatch.be\/app\/uploads\/2019\/03\/belgaimage-136226128-full-255x170.jpg 255w\" alt=\"\" width=\"915\" height=\"610\" \/><figcaption class=\"wp-caption-text\">La rencontre entre les parents de Mawda et le premier ministre belge, Charles Michel, le 22 mai 2018 \u00e0 Bruxelles. \u2013 BELGA<\/figcaption><\/figure>\n<blockquote>\n<h4>\u00a0\u00ab Cette r\u00e9gularisation \u00e9tait le minimum qu\u2019on puisse leur donner, mais ils n\u2019ont \u00e9videmment pas encore obtenu justice pour leur petite fille \u00bb<\/h4>\n<\/blockquote>\n<p><strong>Quel est l\u2019\u00e9tat d\u2019esprit des parents de Mawda apr\u00e8s cette r\u00e9gularisation provisoire ?<\/strong><\/p>\n<p>Bien s\u00fbr, il y a un soulagement. Mais directement apr\u00e8s me l\u2019avoir exprim\u00e9, le papa m\u2019a questionn\u00e9 : \u00ab <em>Selma, on continue, n\u2019est-ce pas ? Pour le policier, il y aura une justice ?<\/em> \u00bb Il avait tellement entendu dire autour de lui que maintenant tout allait pour le mieux dans le meilleur du monde ! Que l\u2019affaire \u00e9tait \u00ab r\u00e9gl\u00e9e \u00bb. Je lui ai r\u00e9pondu ce que je vous dis aujourd\u2019hui : cette r\u00e9gularisation \u00e9tait le minimum qu\u2019on puisse leur donner, mais ils n\u2019ont \u00e9videmment pas encore obtenu justice pour leur petite fille.<\/p>\n<p><strong>Avez-vous le sentiment que la justice \u0153uvre efficacement dans cette affaire ?<\/strong><\/p>\n<p>Non. J\u2019observe qu\u2019elle a renou\u00e9 avec un proc\u00e9d\u00e9 contestable : celui qui consiste \u00e0 saucissonner un dossier d\u00e9licat en plusieurs parties. D\u2019une part, cela conduit \u00e0 une perte d\u2019informations, car des faits qui en expliquent d\u2019autres sont analys\u00e9s s\u00e9par\u00e9ment. D\u2019autre part, cela permet aux diff\u00e9rents acteurs institutionnels de se d\u00e9responsabiliser. La juge d\u2019instruction ne s\u2019occupe que de \u00ab<em> l\u2019incident de tir<\/em> \u00bb, pas question pour elle de s\u2019int\u00e9resser au contexte des op\u00e9rations \u00ab M\u00e9dusa \u00bb, ces chasses aux migrants, ou \u00e0 une \u00e9ventuelle coalition de fonctionnaires visant \u00e0 \u00e9touffer l\u2019affaire. Le volet \u00ab trafic d\u2019\u00eatres humains \u00bb, en ce compris l\u2019histoire de la balise qui avait \u00e9t\u00e9 plac\u00e9e sur le v\u00e9hicule avant la course-poursuite, a \u00e9t\u00e9 confi\u00e9 \u00e0 un autre magistrat. <a href=\"https:\/\/parismatch.be\/actualites\/societe\/231404\/mort-de-mawda-comite-p-comme-plan-plan\">Le Comit\u00e9 P fait un rapport<\/a> qui ne parle que de probl\u00e8mes de communication avant le tir et ne questionne pas directement les policiers impliqu\u00e9s. Les parlementaires se contentent d\u2019avaliser le rapport et disent qu\u2019il faut laisser faire la justice, bottant en touche quant au d\u00e9bat sur la cr\u00e9ation d\u2019une commission d\u2019enqu\u00eate. Bref, tout le monde fait son job et, comme on dit, l\u2019affaire suit son cours. La r\u00e9alit\u00e9, c\u2019est qu\u2019il y a des questions qui restent d\u00e9sesp\u00e9r\u00e9ment sans r\u00e9ponse et d\u2019autres auxquelles on ne cherche m\u00eame pas \u00e0 r\u00e9pondre. Certains devraient lire ou relire les travaux de la philosophe allemande Hannah Arendt sur les cons\u00e9quences des m\u00e9canismes de d\u00e9responsabilisation. Des entreprises monstrueuses peuvent \u00eatre construites avec des personnes individuellement sympathiques qui ne font que leur boulot, qui ferment les yeux sur ce qui d\u00e9range leurs certitudes, qui ne se posent pas de question sur l\u2019ensemble de \u00ab l\u2019oeuvre \u00bb \u00e0 laquelle elles participent, qui ne s\u2019interrogent pas sur les tenants et aboutissants d\u2019un syst\u00e8me, et in fine, sur son caract\u00e8re globalement inhumain.<\/p>\n<blockquote>\n<h4>\u00ab La premi\u00e8re volont\u00e9 de l\u2019ordre judiciaire fut d\u2019\u00e9touffer l\u2019affaire Mawda \u00bb<\/h4>\n<\/blockquote>\n<p><strong>Que refuse-t-on de voir dans cette affaire ?<\/strong><\/p>\n<p>On ne peut pas comprendre l\u2019\u00ab affaire Mawda \u00bb si on n\u2019explique pas <a href=\"https:\/\/parismatch.be\/actualites\/politique\/236335\/mort-de-mawda-vous-avez-dit-responsabilite-politique\">les op\u00e9rations M\u00e9dusa<\/a>, la volont\u00e9 politique de \u00ab fermet\u00e9 \u00bb dans le contr\u00f4le des \u00ab transmigrants \u00bb, les ordres qui en d\u00e9coulent et qui sont r\u00e9percut\u00e9s depuis les parquets et les directions de police jusqu\u2019aux agents de terrain, l\u2019influence qu\u2019ont ces ordres sur l\u2019\u00e9tat d\u2019esprit des intervenants. On le r\u00e9p\u00e8te aux policiers, on leur mart\u00e8le : il faut arr\u00eater des migrants \u00e0 tout prix. Je dis bien des migrants, comme cela ressort des d\u00e9clarations qui se trouvent dans le dossier judiciaire. On ne leur dit pas de capturer des passeurs ! \u00c7a, c\u2019est un discours d\u2019apr\u00e8s \u00ab affaire Mawda \u00bb, pour les m\u00e9dias. Un soir, en mai 2018, le prix de la chasse aux migrants, ce fut la vie d\u2019une petite fille. Mais combien y a-t-il eu d\u2019autres victimes de cette politique de \u00ab fermet\u00e9 \u00bb ? Combien de morts ? De bless\u00e9s ? Sur les autoroutes, dans les ports, dans les gares. Des sans-papiers, des sans-noms. Des oubli\u00e9s dont personne ne parlera jamais. Des ombres qui s\u2019\u00e9vanouissent dans un gouffre d\u2019indiff\u00e9rence. Ce questionnement doit \u00eatre pos\u00e9 avec plus de force que jamais, d\u00e8s lors qu\u2019on a observ\u00e9 que la premi\u00e8re volont\u00e9 de l\u2019ordre judiciaire fut d\u2019\u00e9touffer l\u2019affaire Mawda. Ce constat est inqui\u00e9tant pour l\u2019ind\u00e9pendance de la justice. Mais ce qui trouble plus encore, c\u2019est l\u2019insensibilit\u00e9 qui s\u2019est install\u00e9e dans la soci\u00e9t\u00e9 par rapport \u00e0 de tels faits. La mort par balle d\u2019une enfant de 2 ans et les suspicions de dissimulations qui ont suivi l\u2019homicide auraient d\u00fb d\u00e9boucher sur un sentiment g\u00e9n\u00e9ral d\u2019indignation. Mais on n\u2019entend que des murmures, l\u00e0 o\u00f9 il faudrait des cris d\u2019effroi.<\/p>\n<p><strong>Il est vrai que beaucoup de gens r\u00e9sument encore l\u2019affaire par un slogan : \u00ab Le chauffeur n\u2019avait qu\u2019\u00e0 s\u2019arr\u00eater \u00bb ?<\/strong><\/p>\n<p>Sauf qu\u2019en Belgique, on ne tue pas les gens pour refus d\u2019obtemp\u00e9rer \u00e0 un contr\u00f4le de la police de la route ! Les chauffeurs alcoolis\u00e9s sont bien plus dangereux pour la s\u00e9curit\u00e9 des usagers qu\u2019une camionnette charg\u00e9e de migrants qui, roulant \u00e0 du 90 km\/h, refuse de s\u2019arr\u00eater sur un tron\u00e7on d\u2019autoroute. Quand la police doit arr\u00eater un chauffeur alcoolis\u00e9, personne ne songe un seul instant que la bonne mani\u00e8re de faire est de tirer dans les pneus, au risque de faire valser sa voiture dans le d\u00e9cor ou d\u2019atteindre un de ses passagers avec une \u00ab balle perdue \u00bb. Par contre, dans le cas de la camionnette charg\u00e9e de migrants, certains font mine de croire qu\u2019il est normal de tout de suite sortir les flingues ! Ceux-l\u00e0 consid\u00e8rent-ils aussi que les \u00ab transmigrants \u00bb sont des sans-droits qui peuvent \u00eatre tu\u00e9s en toute impunit\u00e9 ? Je ne veux pas vivre dans un pays ou des vies ont moins de valeur que d\u2019autres. Cette affaire Mawda a mis en \u00e9vidence de sch\u00e9mas mentaux qui effraient. Je pense \u00e0 cette polici\u00e8re qui n\u2019a pas permis \u00e0 la maman d\u2019accompagner la petite lorsque son corps a \u00e9t\u00e9 charg\u00e9 dans l\u2019ambulance sur le parking de Maisi\u00e8res. Elle a consid\u00e9r\u00e9 que l\u2019\u00e9tat d\u2019arrestation administrative de cette \u00ab migrante \u00bb primait, que la priorit\u00e9 \u00e9tait de la diriger vers le cachot. Quelle image d\u00e9shumanis\u00e9e du migrant faut-il avoir pour infliger une telle souffrance suppl\u00e9mentaire \u00e0 une maman en pleurs ? Il faudrait expliquer aux policiers que l\u2019infraction, c\u2019est le trafic des \u00eatres humains et que les \u00eatres humains qui sont sur le chemin de l\u2019exil sont les victimes de l\u2019infraction. Dans le m\u00eame ordre d\u2019id\u00e9e, il y a cette histoire de bouclier humain que des policiers ont \u00e9voqu\u00e9 dans des d\u00e9positions. Ils \u00e9taient donc convaincus que les migrants \u00e9taient pr\u00eats \u00e0 jeter leurs enfants sur la route pour mettre fin \u00e0 la course-poursuite. Mais quels sont les parents qui agiraient ainsi ? Encore une fois, cela traduit une image totalement d\u00e9shumanis\u00e9e du \u00ab migrant \u00bb.<\/p>\n<figure id=\"attachment_246326\" class=\"wp-caption aligncenter\"><img decoding=\"async\" class=\"size-full wp-image-246326\" src=\"https:\/\/parismatch.be\/app\/uploads\/2019\/03\/Selma2.jpg\" sizes=\"(max-width: 818px) 100vw, 818px\" srcset=\"https:\/\/parismatch.be\/app\/uploads\/2019\/03\/Selma2.jpg 818w, https:\/\/parismatch.be\/app\/uploads\/2019\/03\/Selma2-300x210.jpg 300w, https:\/\/parismatch.be\/app\/uploads\/2019\/03\/Selma2-768x538.jpg 768w, https:\/\/parismatch.be\/app\/uploads\/2019\/03\/Selma2-255x179.jpg 255w\" alt=\"\" width=\"818\" height=\"573\" \/><figcaption class=\"wp-caption-text\">Selma Benkhelifa : \u00ab Je ne veux pas vivre dans un pays ou des vies ont moins de valeur que d\u2019autres.\u00bb \u2013 Michel Bouffioux<\/figcaption><\/figure>\n<blockquote>\n<h4>\u00ab Il va falloir se constituer partie civile pour faux, demander au r\u00e9dacteur du PV de l\u2019enfant-b\u00e9lier ce qui s\u2019est r\u00e9ellement pass\u00e9 sur le parking \u00bb<\/h4>\n<\/blockquote>\n<p><strong>Le sommet en la mati\u00e8re est certainement le premier proc\u00e8s-verbal du dossier qui, d\u2019apr\u00e8s une source, affirme ceci : \u00ab <em>Selon les informations recueillies et nos constatations, les faits se seraient d\u00e9roul\u00e9s comme suit : on transporte des personnes en situation ill\u00e9gale dans une camionnette. On est pris en chasse par la police car on tente de se soustraire au contr\u00f4le. Au cours de la poursuite (\u2026) on brise des fen\u00eatres avec la t\u00eate d\u2019une enfant et on fait mine de la jeter vers les v\u00e9hicules de police. Les coups occasionn\u00e9s (sic) \u00e0 l\u2019enfant entra\u00eenent un traumatisme cr\u00e2nien et le d\u00e9c\u00e8s de l\u2019enfant. (\u2026)<\/em> \u00bb<\/strong><\/p>\n<p>Votre source dit vrai. Cette hypoth\u00e8se compl\u00e8tement aberrante a \u00e9t\u00e9 avanc\u00e9e dans ces termes-l\u00e0. Ce PV n\u2019est rien d\u2019autre qu\u2019un faux intellectuel. Le policier qui a \u00e9crit cela, soit il a menti, soit on lui a communiqu\u00e9 des informations mensong\u00e8res. Qui a pu croire \u00e0 des absurdit\u00e9s pareilles ? A un moment, il va falloir se constituer partie civile pour faux et demander au r\u00e9dacteur du PV de <a href=\"https:\/\/parismatch.be\/actualites\/societe\/218482\/mort-de-mawda-lenfant-belier-une-pure-fiction-policiere\">l\u2019enfant-b\u00e9lier<\/a> ce qui s\u2019est r\u00e9ellement pass\u00e9 sur le parking de Maisi\u00e8res. A-t-il \u00e9t\u00e9 incit\u00e9 \u00e0 \u00e9crire cela ? S\u2019est-il senti oblig\u00e9 d\u2019inventer ces fadaises ? Le dossier montre que quelques instants \u00e0 peine avant de construire cette fiction polici\u00e8re, ce m\u00eame officier travaillait sur l\u2019hypoth\u00e8se d\u2019un double tir, venant d\u2019une part du policier et d\u2019autre part de la camionnette, ce qui ne correspondait \u00e0 rien, puisque les migrants n\u2019ont jamais \u00e9t\u00e9 arm\u00e9s dans cette affaire.<\/p>\n<p><strong>Le cheminement de l\u2019enqu\u00eate initiale men\u00e9e sur le parking est difficile \u00e0 suivre\u2026<\/strong><\/p>\n<p>Ah, mais ce n\u2019est pas facile de mentir \u00e0 plusieurs ! Je souhaiterais tellement qu\u2019une investigation approfondie permette de confirmer ou d\u2019infirmer que, <a href=\"https:\/\/parismatch.be\/actualites\/societe\/218859\/mort-de-mawda-5-heures-sur-un-parking\">cette nuit-l\u00e0<\/a>, la premi\u00e8re question n\u2019a pas \u00e9t\u00e9 celle-ci : \u00ab Comment on couvre ? \u00bb J\u2019esp\u00e8re me tromper en imaginant une suite possible : \u00ab On dit quoi ? \u2013 On ne dit rien. \u2013 Oui, chef \u00bb, premier temps. \u00ab Oui, mais les sup\u00e9rieurs viennent d\u2019\u00eatre inform\u00e9s que c\u2019est le tir d\u2019un coll\u00e8gue. \u2013 Alors on dit qu\u2019il y a eu aussi un autre tir venant de l\u2019int\u00e9rieur de la camionnette des migrants. \u2013 Oui, chef \u00bb, second temps. \u00ab Ouf, un m\u00e9decin l\u00e9giste a dit que la cause de la mort est un traumatisme cr\u00e2nien. \u2013 Alors, on va raconter une histoire d\u2019enfant-b\u00e9lier. \u2013 Oui, chef \u00bb, troisi\u00e8me temps. Comment passe-t-on d\u2019une hypoth\u00e8se d\u2019une mort par balle \u00e0 celle d\u2019un traumatisme cr\u00e2nien ? On nous propose cette histoire de l\u2019urgentiste-ambulancier qui aurait fait savoir par t\u00e9l\u00e9phone au m\u00e9decin-l\u00e9giste que la petite n\u2019aurait pas \u00e9t\u00e9 tu\u00e9e par balle. Par t\u00e9l\u00e9phone, vous imaginez ? Mais o\u00f9 se trouve le t\u00e9moignage de cet urgentiste dans le dossier ? Cela fait des mois que je demande qu\u2019on identifie cette personne. A-t-elle vraiment dit cela ? Y a-t-elle \u00e9t\u00e9 invit\u00e9e ? Cette affaire a-t-elle connu l\u2019intervention du plus mauvais urgentiste du monde, incapable de rep\u00e9rer une blessure par balle ?<\/p>\n<p><strong>Une blessure par balle \u00ab visible \u00e0 l\u2019\u0153il nu \u00bb, nous a d\u00e9clar\u00e9 un jour le Procureur g\u00e9n\u00e9ral de Mons\u2026 Cela dit, relevez-vous qu\u2019il y aurait d\u2019autres grands absents dans l\u2019enqu\u00eate judiciaire en cours ?<\/strong><\/p>\n<p>Et comment ! Je pense \u00e0 ces policiers \u2013 je parlerais volontiers des \u00ab justes \u00bb de cette affaire \u2013 qui voulurent pr\u00e9venir rapidement le Comit\u00e9 P ; je pense \u00e0 ce dispatcher du CIC Hainaut qui a conseill\u00e9 au policier-tireur de ne point trop parler des faits lors d\u2019une conversation t\u00e9l\u00e9phonique enregistr\u00e9e : <a class=\"external\" href=\"http:\/\/www.michelbouffioux.be\/2018\/12\/mawda-la-contre-enquete.html\" target=\"_blank\" rel=\"noopener noreferrer\">\u00ab Moins on en sait, mieux c\u2019est. \u00bb<\/a> Ce m\u00eame dispatcher est d\u2019ailleurs un t\u00e9moin cl\u00e9 pour d\u00e9terminer ce qui a \u00e9t\u00e9 dit avant l\u2019intervention du policier-tireur \u00e0 propos de la pr\u00e9sence de migrants dans la camionnette\u2026 Vu que les enregistrements des communications radio qui auraient pu servir de preuve n\u2019existent pas en raison d\u2019un \u00ab probl\u00e8me technique \u00bb, il me semble essentiel d\u2019interroger cet homme. Mais on ne le fait pas. Soit il a bien dit qu\u2019il y avait des migrants \u00e0 bord du v\u00e9hicule, comme l\u2019affirme d\u2019ailleurs l\u2019\u00e9quipier du policier-tireur ; soit il n\u2019a rien dit, mais alors il devra s\u2019expliquer sur cette non-transmission d\u2019une information capitale. Ce n\u2019est l\u00e0 qu\u2019une des questions auxquelles aucun acteur institutionnel \u2013 justice, Comit\u00e9 P ou Parlement \u2013 ne cherche un d\u00e9but de r\u00e9ponse.<\/p>\n<figure id=\"attachment_246329\" class=\"wp-caption aligncenter\"><img decoding=\"async\" class=\"size-full wp-image-246329\" src=\"https:\/\/parismatch.be\/app\/uploads\/2019\/03\/belgaimage-136226134-full-2.jpg\" sizes=\"(max-width: 905px) 100vw, 905px\" srcset=\"https:\/\/parismatch.be\/app\/uploads\/2019\/03\/belgaimage-136226134-full-2.jpg 905w, https:\/\/parismatch.be\/app\/uploads\/2019\/03\/belgaimage-136226134-full-2-300x156.jpg 300w, https:\/\/parismatch.be\/app\/uploads\/2019\/03\/belgaimage-136226134-full-2-768x400.jpg 768w, https:\/\/parismatch.be\/app\/uploads\/2019\/03\/belgaimage-136226134-full-2-255x133.jpg 255w\" alt=\"\" width=\"905\" height=\"471\" \/><figcaption class=\"wp-caption-text\">\u00a0La petite Mawda a \u00e9t\u00e9 tu\u00e9e par un tir policier, dans la nuit du 16 au 17 mai 2018, sur une autoroute belge \u2013 BELGA PHOTO<\/figcaption><\/figure>\n<blockquote>\n<h4>\u00ab L\u2019affaire Mawda devrait \u00eatre un point de rupture. Une sorte d\u2019affaire Dreyfus dont on devrait d\u00e9battre dans toute la soci\u00e9t\u00e9, au bureau, \u00e0 l\u2019usine, \u00e0 l\u2019\u00e9cole \u00bb<\/h4>\n<\/blockquote>\n<p><strong>Lors du tir, plusieurs policiers entendent la d\u00e9flagration, certains l\u2019identifient comme \u00e9tant une d\u00e9tonation d\u2019arme \u00e0 feu. Il est aussi question du tir policier dans les conversations radio. La camionnette s\u2019immobilise sur le parking de Maisi\u00e8res. Le p\u00e8re de Mawda en sort avec son enfant bless\u00e9 dans les bras. A en croire la version polici\u00e8re, personne ne fait alors le rapprochement entre le tir dont il \u00e9tait question un instant auparavant et cet enfant qui meurt. Vous y croyez, \u00e0 cette histoire ?<\/strong><\/p>\n<p>Non, je n\u2019y crois pas. La petite fille de 2 ans a re\u00e7u une balle dans la joue ! Elle a \u00e9videmment caus\u00e9 une blessure importante, qui est d\u00e9crite dans le rapport du l\u00e9giste. Mais quand son papa sort du v\u00e9hicule, tout le monde aurait oubli\u00e9 le tir, personne ne verrait la blessure, personne n\u2019apercevrait le trou dans le visage. On a parl\u00e9 de coalition de fonctionnaires dans ce dossier. Commencerait-elle d\u00e8s apr\u00e8s l\u2019arr\u00eat de la camionnette ? La version la plus cr\u00e9dible est \u00e9videmment que beaucoup de personnes savaient qu\u2019il y avait une petite fille bless\u00e9e par balle sur ce parking, en ce compris d\u2019ailleurs les trente migrants qui furent braqu\u00e9s, mis \u00e0 l\u2019\u00e9cart et ensuite rapidement remis sur le chemin de l\u2019exil\u2026 Comme si la justice avait \u00e9t\u00e9 soulag\u00e9e de se d\u00e9barrasser de ces t\u00e9moins. S\u2019il y a des policiers qui ont quelque chose sur la conscience, il est temps qu\u2019ils le fassent savoir.<\/p>\n<p><strong>Certains de ces policiers, nous dit-on, auraient du mal \u00e0 vivre avec ce qui s\u2019est pass\u00e9 ?<\/strong><\/p>\n<p>Cela ne m\u2019\u00e9tonne pas. Individuellement, il y a beaucoup de gens sympas. Des femmes et des hommes qui sont eux-m\u00eames parents. Les policiers qui seraient choqu\u00e9s sont aussi prisonniers d\u2019un syst\u00e8me tr\u00e8s hi\u00e9rarchis\u00e9, dans lequel il n\u2019est pas ais\u00e9 de produire une parole dissonante. Un syst\u00e8me qui favorise l\u2019\u00e9laboration d\u2019une \u00ab version collective \u00bb, comme en t\u00e9moigne le \u00ab d\u00e9briefing op\u00e9rationnel de l\u2019incident de tir \u00bb que vous avez r\u00e9v\u00e9l\u00e9 dans votre contre-enqu\u00eate. Mais il arrive un moment o\u00f9 chacun doit faire son examen de conscience. Il existe aussi des voies l\u00e9gales que les policiers connaissent pour t\u00e9moigner.<\/p>\n<p><strong>Ne faudrait-il pas aussi que plus de voix se fassent entendre dans la soci\u00e9t\u00e9 pour r\u00e9clamer justice et v\u00e9rit\u00e9 dans ce dossier ?<\/strong><\/p>\n<p>Il existe un \u00ab Comit\u00e9 Mawda- Justice-V\u00e9rit\u00e9 \u00bb, il y a des personnes qui se mobilisent. Mais il faudrait plus que cela. Lors d\u2019un r\u00e9cent d\u00e9bat \u00e0 l\u2019Universit\u00e9 Saint-Louis, une sociologue expliquait que \u00ab l\u2019affaire Mawda \u00bb devrait \u00eatre un \u00ab point de rupture \u00bb. Une sorte d\u2019\u00ab affaire Dreyfus \u00bb dont on devrait d\u00e9battre dans toute la soci\u00e9t\u00e9, au bureau, \u00e0 l\u2019usine, \u00e0 l\u2019\u00e9cole, pour d\u00e9boucher sur une remise en question, pour d\u00e9construire cette vision n\u00e9gative des migrants, ce fruit empoisonn\u00e9 de la communication politique extr\u00eamement violente de certains partis qui s\u00e8ment la haine, pour briser enfin une forme de d\u00e9ni collectif. Mais o\u00f9 est-il, l\u2019Emile Zola belge qui va lancer le d\u00e9bat ? O\u00f9 sont les politiques qui s\u2019indignent ? On pr\u00e9f\u00e8re prendre des pincettes : \u00ab Laissons faire la justice, on verra plus tard. \u00bb Mais on le voit d\u00e9j\u00e0, des questions \u00e9chappent \u00e0 toute enqu\u00eate !<\/p>\n<figure id=\"attachment_246253\" class=\"wp-caption aligncenter\"><img decoding=\"async\" class=\"size-full wp-image-246253\" src=\"https:\/\/parismatch.be\/app\/uploads\/2019\/03\/belgaimage-136178171-full.jpg\" sizes=\"(max-width: 3000px) 100vw, 3000px\" srcset=\"https:\/\/parismatch.be\/app\/uploads\/2019\/03\/belgaimage-136178171-full.jpg 3000w, https:\/\/parismatch.be\/app\/uploads\/2019\/03\/belgaimage-136178171-full-300x200.jpg 300w, https:\/\/parismatch.be\/app\/uploads\/2019\/03\/belgaimage-136178171-full-768x512.jpg 768w, https:\/\/parismatch.be\/app\/uploads\/2019\/03\/belgaimage-136178171-full-1024x683.jpg 1024w, https:\/\/parismatch.be\/app\/uploads\/2019\/03\/belgaimage-136178171-full-255x170.jpg 255w\" alt=\"\" width=\"3000\" height=\"2000\" \/><figcaption class=\"wp-caption-text\">Les parents de Mawda r\u00e9confort\u00e9s par leur avocate (\u00e0 gauche) lors d\u2019une conf\u00e9rence de presse, le 21 mai 2018. \u2013 BELGA PHOTO THIERRY ROGE<\/figcaption><\/figure>\n<blockquote>\n<h4>\u00a0\u00ab Je ne souhaite pas que le policier soit poursuivi pour meurtre. Par contre, il faut oser parler d\u2019assassinat d\u2019Etat \u00bb<\/h4>\n<\/blockquote>\n<p><strong>Mawda ne fait pas de voix\u2026<\/strong><\/p>\n<p>Le politicien pense au prochain scrutin, l\u2019homme politique pense \u00e0 la prochaine g\u00e9n\u00e9ration. Dans quelle Belgique veut-on vivre demain ? Un pays o\u00f9 l\u2019on peut tuer des migrants dans l\u2019indiff\u00e9rence totale ? Beaucoup d\u2019\u00e9l\u00e9ments de cette affaire scandaleuse de bout en bout sont d\u00e9sormais publics. Mais la seule r\u00e9ponse, c\u2019est le silence. Pas de d\u00e9mentis. Pas de d\u00e9bats passionn\u00e9s au Parlement. Pas de m\u00e9dias curieux. On met le couvercle sur la cocotte-minute. Mais, \u00e0 un moment, cela va exploser. En tous cas, je l\u2019esp\u00e8re ! Si le d\u00e9bat indispensable sur ce que nous dit l\u2019\u00ab affaire Mawda \u00bb ne devait jamais avoir lieu, j\u2019aurais peur de ce que serait alors devenu mon pays.<\/p>\n<p><strong>Pr\u00e8s d\u2019un an apr\u00e8s les faits, le policier qui a tir\u00e9 n\u2019a toujours pas \u00e9t\u00e9 inculp\u00e9. Vous le d\u00e9plorez ?<\/strong><\/p>\n<p>Oui, parce qu\u2019au regard des faits et de ses aveux, son inculpation n\u2019est que la norme. Cette affaire doit en effet d\u00e9boucher sur un proc\u00e8s public durant lequel toutes les questions pourront \u00eatre pos\u00e9es dans le cadre d\u2019un d\u00e9bat contradictoire. Tout le monde sait d\u00e9j\u00e0 que ce policier ne fera pas un jour de prison. C\u2019est un primod\u00e9linquant qui n\u2019a pas de casier judiciaire. L\u2019id\u00e9e n\u2019est pas de r\u00e9clamer une sanction lourde pour un individu mais de faire passer un message fort \u00e0 certains de ses coll\u00e8gues qui pourraient \u00eatre tent\u00e9s de l\u2019imiter : il n\u2019y a pas d\u2019impunit\u00e9. Quand on tire sur quelqu\u2019un, on se retrouve devant le juge. Une justice au rabais aurait des cons\u00e9quences catastrophiques, car elle renforcerait un sentiment de \u00ab l\u00e9gitimit\u00e9 \u00bb chez de futurs auteurs de violences polici\u00e8res, alors que l\u2019on d\u00e9plore d\u00e9j\u00e0 un probl\u00e8me de racisme structurel au sein des forces de l\u2019ordre. Sans justice dans ce dossier, certains policiers pourraient se sentir \u00ab autoris\u00e9s \u00bb \u00e0 violenter des migrants et \u00e0 prendre le chemin de certains de leurs coll\u00e8gues am\u00e9ricains qui multiplient les interventions ultra-violentes contre les personnes afro-descendantes. Encore une fois, ce proc\u00e8s ne doit pas se focaliser sur un homme qui a tir\u00e9. Je ne crois pas qu\u2019il y ait eu une volont\u00e9 de tuer quelqu\u2019un dans le chef du policier. Son geste absurde est coupable, mais la pire des choses serait de l\u2019isoler de son contexte. Il s\u2019inscrit dans le continuum d\u2019une politique migratoire qui devait conduire un jour ou l\u2019autre \u00e0 ce type de trag\u00e9die. En ce sens, l\u2019\u00ab affaire Mawda \u00bb est un crime d\u2019\u00c9tat : l\u2019\u00c9tat porte la responsabilit\u00e9 morale de ce qui s\u2019est pass\u00e9. Je ne souhaite pas que le policier soit poursuivi pour meurtre. Par contre, il faut oser parler d\u2019assassinat D\u2019\u00c9tat.<\/p>\n<p><strong>Osera-t-on le faire ?<\/strong><\/p>\n<p>Je veux \u00eatre tr\u00e8s claire : dans cette affaire, je n\u2019ai pas confiance en la justice belge. Ce n\u2019est pas que la juge qui s\u2019occupe du dossier est mauvaise. Mais il y a des pressions \u00e9pouvantables. L\u2019instruction concerne des gens avec lesquels elle doit travailler dans son arrondissement judiciaire. Dans ce type de dossier, il faudrait une personnalit\u00e9 exceptionnelle qui refuse obstin\u00e9ment de baisser la t\u00eate, un peu comme ces juges anti-mafia en Italie. Il m\u2019appara\u00eet donc \u00e9vident que des questions resteront sans r\u00e9ponse. Je continue \u00e0 plaider pour qu\u2019un jour, une commission d\u2019enqu\u00eate parlementaire s\u2019empare d\u2019elles. Et si la v\u00e9rit\u00e9 ne sort pas en Belgique, nous ferons appel \u00e0 la Cour europ\u00e9enne des droits de l\u2019homme. Un jour, peut-\u00eatre, le destin tragique de la petite Mawda sera abord\u00e9 dans un rapport d\u2019experts de l\u2019ONU, comme celui qui d\u00e9non\u00e7a r\u00e9cemment le racisme structurel en Belgique \u00e0 l\u2019\u00e9gard des Afro-descendants. Un autre fruit empoisonn\u00e9, la r\u00e9sultante d\u2019un pass\u00e9 colonial mal assum\u00e9.<\/p>\n<h4>Retrouvez toute <a href=\"https:\/\/parismatch.be\/dossier\/mortdemawdanotrecontre-enquete\">notre contre-enqu\u00eate sur la mort de Mawda<\/a><\/h4>\n<p><a href=\"https:\/\/parismatch.be\/actualites\/societe\/246206\/lavocate-des-parents-de-mawda-accuse-letat-porte-la-responsabilite-morale-de-ce-qui-sest-passe?fbclid=IwAR33__EXMb6s7hfT6yMjTaWb-oKaAbWUwxNGHyAAZMjJDh2-rc6ezqK0x70\">Source<\/a><\/p>\n<\/div>\n<\/div>\n<\/div>\n<p>&nbsp;<\/p>\n","protected":false},"excerpt":{"rendered":"<p>Selma Benkhelifa \u00e9voque un \u00ab crime d\u2019\u00c9tat \u00bb qui \u00ab s\u2019inscrit dans le continuum d\u2019une politique migratoire qui devait conduire, un jour ou l\u2019autre, \u00e0 ce type de trag\u00e9die \u00bb. Elle veut secouer les consciences, appeler \u00e0 un d\u00e9bat de soci\u00e9t\u00e9 : \u00ab La mort par balle d\u2019une enfant de 2 ans et les suspicions &#8230; <a title=\"Mawda : \u00ab\u00a0L\u2019\u00c9tat porte la responsabilit\u00e9 morale de ce qui s\u2019est pass\u00e9\u00a0\u00bb\" class=\"read-more\" href=\"https:\/\/bruxelles-pantheres.be\/?p=4101\" aria-label=\"En savoir plus sur Mawda : \u00ab\u00a0L\u2019\u00c9tat porte la responsabilit\u00e9 morale de ce qui s\u2019est pass\u00e9\u00a0\u00bb\">Lire la suite<\/a><\/p>\n","protected":false},"author":1,"featured_media":3729,"comment_status":"open","ping_status":"open","sticky":false,"template":"","format":"standard","meta":{"footnotes":""},"categories":[36,18,28,39,5],"tags":[346,331,97],"class_list":["post-4101","post","type-post","status-publish","format-standard","has-post-thumbnail","hentry","category-europe","category-resistance-bruxelles","category-racismes","category-sans-papier","category-violence-policiere","tag-mawda","tag-michel-bouffioux","tag-selma-benkhelifa"],"_links":{"self":[{"href":"https:\/\/bruxelles-pantheres.be\/index.php?rest_route=\/wp\/v2\/posts\/4101","targetHints":{"allow":["GET"]}}],"collection":[{"href":"https:\/\/bruxelles-pantheres.be\/index.php?rest_route=\/wp\/v2\/posts"}],"about":[{"href":"https:\/\/bruxelles-pantheres.be\/index.php?rest_route=\/wp\/v2\/types\/post"}],"author":[{"embeddable":true,"href":"https:\/\/bruxelles-pantheres.be\/index.php?rest_route=\/wp\/v2\/users\/1"}],"replies":[{"embeddable":true,"href":"https:\/\/bruxelles-pantheres.be\/index.php?rest_route=%2Fwp%2Fv2%2Fcomments&post=4101"}],"version-history":[{"count":1,"href":"https:\/\/bruxelles-pantheres.be\/index.php?rest_route=\/wp\/v2\/posts\/4101\/revisions"}],"predecessor-version":[{"id":4102,"href":"https:\/\/bruxelles-pantheres.be\/index.php?rest_route=\/wp\/v2\/posts\/4101\/revisions\/4102"}],"wp:featuredmedia":[{"embeddable":true,"href":"https:\/\/bruxelles-pantheres.be\/index.php?rest_route=\/wp\/v2\/media\/3729"}],"wp:attachment":[{"href":"https:\/\/bruxelles-pantheres.be\/index.php?rest_route=%2Fwp%2Fv2%2Fmedia&parent=4101"}],"wp:term":[{"taxonomy":"category","embeddable":true,"href":"https:\/\/bruxelles-pantheres.be\/index.php?rest_route=%2Fwp%2Fv2%2Fcategories&post=4101"},{"taxonomy":"post_tag","embeddable":true,"href":"https:\/\/bruxelles-pantheres.be\/index.php?rest_route=%2Fwp%2Fv2%2Ftags&post=4101"}],"curies":[{"name":"wp","href":"https:\/\/api.w.org\/{rel}","templated":true}]}}