{"id":4104,"date":"2019-03-10T13:25:18","date_gmt":"2019-03-10T12:25:18","guid":{"rendered":"https:\/\/bruxelles-pantheres.be\/?p=4104"},"modified":"2019-03-10T13:25:18","modified_gmt":"2019-03-10T12:25:18","slug":"voyous-chavistes-contre-societe-civile-racisme-et-mepris-de-classe-des-medias-occidentaux-sur-le-venezuela","status":"publish","type":"post","link":"https:\/\/bruxelles-pantheres.be\/?p=4104","title":{"rendered":"\u00ab Voyous chavistes \u00bb contre \u00ab soci\u00e9t\u00e9 civile \u00bb : racisme et m\u00e9pris de classe des m\u00e9dias occidentaux sur le Venezuela"},"content":{"rendered":"<h4><strong>1. R\u00e9sum\u00e9.<\/strong><\/h4>\n<p>Aujourd\u2019hui, les V\u00e9n\u00e9zu\u00e9liens luttent contre l\u2019implosion de leur \u00e9conomie et leurs voisins latino-am\u00e9ricains, \u00e0 droite, agitent des menaces de sanctions contre le \u00a0\u00bb socialisme \u00a0\u00bb de l\u2019actuel pr\u00e9sident Maduro. Depuis l\u2019\u00e9lection de Chavez en 1998, le pays a connu une p\u00e9riode d\u2019intenses conflits de classe et de races. Chavez, premier dirigeant non blanc de l\u2019histoire du pays majoritairement non blanc, a \u00e9t\u00e9 r\u00e9\u00e9lu trois fois et a men\u00e9 un mouvement populaire contre l\u2019\u00e9lite blanche retranch\u00e9e dans ses privil\u00e8ges. Depuis 1998, le Venezuela est devenu un lieu de lutte permanente entre les classes moyennes et sup\u00e9rieures et les masses subalternes dont Chavez tire son soutien. Le pays a ainsi suscit\u00e9 un grand int\u00e9r\u00eat m\u00e9diatique dans le monde entier, tant \u00e0 gauche qu\u2019\u00e0 droite.<!--more--><\/p>\n<p><img decoding=\"async\" class=\" size-full wp-image-15743 aligncenter\" src=\"https:\/\/venezuelainfos.files.wordpress.com\/2018\/05\/101602052_madurorallyrtrs6.jpg?w=523\" sizes=\"(max-width: 523px) 100vw, 523px\" srcset=\"https:\/\/venezuelainfos.files.wordpress.com\/2018\/05\/101602052_madurorallyrtrs6.jpg?w=523 523w, https:\/\/venezuelainfos.files.wordpress.com\/2018\/05\/101602052_madurorallyrtrs6.jpg?w=150 150w, https:\/\/venezuelainfos.files.wordpress.com\/2018\/05\/101602052_madurorallyrtrs6.jpg?w=300 300w, https:\/\/venezuelainfos.files.wordpress.com\/2018\/05\/101602052_madurorallyrtrs6.jpg 624w\" alt=\"_101602052_madurorallyrtrs6\" data-attachment-id=\"15743\" data-permalink=\"https:\/\/venezuelainfos.wordpress.com\/2018\/05\/19\/jaime-ma-revolution-je-suis-nee-avec-et-je-meurs-avec-bbc-monde\/_101602052_madurorallyrtrs6\/\" data-orig-file=\"https:\/\/venezuelainfos.files.wordpress.com\/2018\/05\/101602052_madurorallyrtrs6.jpg?w=523\" data-orig-size=\"624,351\" data-comments-opened=\"1\" data-image-meta=\"{&quot;aperture&quot;:&quot;0&quot;,&quot;credit&quot;:&quot;&quot;,&quot;camera&quot;:&quot;&quot;,&quot;caption&quot;:&quot;&quot;,&quot;created_timestamp&quot;:&quot;0&quot;,&quot;copyright&quot;:&quot;&quot;,&quot;focal_length&quot;:&quot;0&quot;,&quot;iso&quot;:&quot;0&quot;,&quot;shutter_speed&quot;:&quot;0&quot;,&quot;title&quot;:&quot;&quot;,&quot;orientation&quot;:&quot;0&quot;}\" data-image-title=\"_101602052_madurorallyrtrs6\" data-image-description=\"\" data-medium-file=\"https:\/\/venezuelainfos.files.wordpress.com\/2018\/05\/101602052_madurorallyrtrs6.jpg?w=523?w=300\" data-large-file=\"https:\/\/venezuelainfos.files.wordpress.com\/2018\/05\/101602052_madurorallyrtrs6.jpg?w=523?w=523\" \/>Cet article, qui s\u2019appuie sur l\u2019analyse du contenu et du discours, explore comment sept journaux occidentaux influents, ont repr\u00e9sent\u00e9 les groupes subalternes de la soci\u00e9t\u00e9 civile qui ont soutenu le projet chaviste et les groupes d\u2019\u00e9lite qui s\u2019y sont oppos\u00e9s. On y trouve un syst\u00e8me presque infaillible de deux poids \u2013 deux mesures pour repr\u00e9senter les groupes de la soci\u00e9t\u00e9 civile qui soutiennent les chavistes comme des \u00ab\u00a0gangs dangereux de voyous\u00a0\u00bb et tout groupe qui s\u2019y oppose en tant que \u00ab\u00a0groupes respectables de la soci\u00e9t\u00e9 civile\u00a0\u00bb peu importe leurs actions qui peuvent \u00eatre contestables.<\/p>\n<p>On entend g\u00e9n\u00e9ralement par \u00ab\u00a0soci\u00e9t\u00e9 civile\u00a0\u00bb l\u2019ensemble des organisations non gouvernementales et des institutions visant \u00e0 promouvoir les int\u00e9r\u00eats et la volont\u00e9 des citoyens au sein d\u2019une nation. Elle se compose d\u2019ONG, de syndicats, de mouvements sociaux, d\u2019associations professionnelles et de nombreux autres groupes qui, collectivement, essaient d\u2019am\u00e9liorer la soci\u00e9t\u00e9. Pourtant, de nombreux universitaires qui ont \u00e9tudi\u00e9 les m\u00e9dias v\u00e9n\u00e9zu\u00e9liens locaux ont fait valoir que les m\u00e9dias ne consid\u00e8rent que les groupes de la classe moyenne comme formant la soci\u00e9t\u00e9 civile, tout en diabolisant les groupes ouvriers comme des hordes, des gangs ou des racailles.<a href=\"https:\/\/journals.sagepub.com\/doi\/10.1177\/0306396818823639#\"><b>(1)<\/b><\/a><\/p>\n<p>Des travaux ant\u00e9rieurs ont d\u00e9taill\u00e9 les liens \u00e9troits entre l\u2019\u00e9lite v\u00e9n\u00e9zu\u00e9lienne, les m\u00e9dias v\u00e9n\u00e9zu\u00e9liens et les journalistes occidentaux\u00a0; les m\u00e9dias occidentaux engageant souvent comme correspondants des journalistes locaux de haut vol, prenant leur inspiration politique des publications locales <a href=\"https:\/\/journals.sagepub.com\/doi\/10.1177\/0306396818823639#\"><b>(2)<\/b><\/a>. Les m\u00e9dias internationaux ne se sont, pas encore, int\u00e9ress\u00e9s au fait qu\u2019ils parlent des groupes selon les repr\u00e9sentations qui leur sont propos\u00e9es.<\/p>\n<p>Afin d\u2019explorer la question de savoir comment les m\u00e9dias internationaux d\u00e9peignent la soci\u00e9t\u00e9 civile v\u00e9n\u00e9zu\u00e9lienne\u00a0; qui en fait partie et qui en est exclue, un \u00e9chantillon de sept publications occidentales, de premier plan, tir\u00e9 des bases de donn\u00e9es Nexus et NewsBank de tous les articles,de plus de 400 mots, contenant le mot \u2018Venezuela\u2019 dans le texte. Il s\u2019agit des journaux <i><b>The New York Times, The Washington Post, The Miami Herald, The Guardian, The Independent, The Times<\/b><\/i> (Londres) et <i><b>The Daily Telegraph. <\/b><\/i><a href=\"https:\/\/journals.sagepub.com\/doi\/10.1177\/0306396818823639#\">(voir tableau 1)<\/a>. Les dates choisies sont celles de pics m\u00e9diatiques. Il s\u2019agit de l\u2019\u00e9lection et de l\u2019investiture de Chavez en 1998\/9, de la tentative de coup d\u2019Etat de 2002, de la mort de Chavez en 2013, de l\u2019\u00e9lection de Nicolas Maduro en 2013 et des manifestations de 2014. Le <i><b>Miami Herald<\/b><\/i> produisant beaucoup d\u2019articles sur le sujet, l\u2019analyse des publications, fu r\u00e9duite, afin d\u2019\u00e9viter qu\u2019il ne domine l\u2019\u00e9chantillon.<\/p>\n<p align=\"CENTER\"><b><img decoding=\"async\" class=\" size-full wp-image-17504 aligncenter\" src=\"https:\/\/venezuelainfos.files.wordpress.com\/2019\/03\/mac-ledo-1.jpeg?w=523\" sizes=\"(max-width: 523px) 100vw, 523px\" srcset=\"https:\/\/venezuelainfos.files.wordpress.com\/2019\/03\/mac-ledo-1.jpeg?w=523 523w, https:\/\/venezuelainfos.files.wordpress.com\/2019\/03\/mac-ledo-1.jpeg?w=1046 1046w, https:\/\/venezuelainfos.files.wordpress.com\/2019\/03\/mac-ledo-1.jpeg?w=150 150w, https:\/\/venezuelainfos.files.wordpress.com\/2019\/03\/mac-ledo-1.jpeg?w=300 300w, https:\/\/venezuelainfos.files.wordpress.com\/2019\/03\/mac-ledo-1.jpeg?w=768 768w, https:\/\/venezuelainfos.files.wordpress.com\/2019\/03\/mac-ledo-1.jpeg?w=1024 1024w\" alt=\"Mac Ledo 1\" data-attachment-id=\"17504\" data-permalink=\"https:\/\/venezuelainfos.wordpress.com\/2019\/03\/10\/voyous-chavistes-contre-societe-civile-racisme-et-mepris-de-classe-des-medias-occidentaux-sur-le-venezuela-par-alan-macleod-fair\/mac-ledo-1\/\" data-orig-file=\"https:\/\/venezuelainfos.files.wordpress.com\/2019\/03\/mac-ledo-1.jpeg?w=523\" data-orig-size=\"1681,486\" data-comments-opened=\"1\" data-image-meta=\"{&quot;aperture&quot;:&quot;0&quot;,&quot;credit&quot;:&quot;&quot;,&quot;camera&quot;:&quot;&quot;,&quot;caption&quot;:&quot;&quot;,&quot;created_timestamp&quot;:&quot;0&quot;,&quot;copyright&quot;:&quot;&quot;,&quot;focal_length&quot;:&quot;0&quot;,&quot;iso&quot;:&quot;0&quot;,&quot;shutter_speed&quot;:&quot;0&quot;,&quot;title&quot;:&quot;&quot;,&quot;orientation&quot;:&quot;0&quot;}\" data-image-title=\"Mac Ledo 1\" data-image-description=\"\" data-medium-file=\"https:\/\/venezuelainfos.files.wordpress.com\/2019\/03\/mac-ledo-1.jpeg?w=523?w=300\" data-large-file=\"https:\/\/venezuelainfos.files.wordpress.com\/2019\/03\/mac-ledo-1.jpeg?w=523?w=523\" \/>Table 1. Press coverage 1998\u20132014. <\/b><\/p>\n<p>Au total, 501 articles ont \u00e9t\u00e9 publi\u00e9s, 232 dans des publications de gauche, 229 dans des publications de droite et 40 dans des journaux centristes, dont 302 am\u00e9ricains et 199 britanniques. Ces articles ont ensuite \u00e9t\u00e9 analys\u00e9 \u00e0 l\u2019aide d\u2019une analyse du contenu et du discours. Mais pour replacer cette couverture m\u00e9diatique dans son contexte, il faut retracer l\u2019histoire r\u00e9cente du Venezuela.<\/p>\n<h4><strong>2. Le contexte social v\u00e9n\u00e9zu\u00e9lien<\/strong><\/h4>\n<p>En raison de la mise en \u0153uvre du n\u00e9olib\u00e9ralisme au cours des ann\u00e9es 1980 et 1990, l\u2019in\u00e9galit\u00e9 entre les classes au Venezuela s\u2019est consid\u00e9rablement accrue et la pauvret\u00e9 a augment\u00e9 rapidement. Cela a entra\u00een\u00e9 une profonde dislocation sociale, en particulier apr\u00e8s le Caracazo de 1989, lorsque le gouvernement a ordonn\u00e9 une r\u00e9pression militaire contre les manifestants de la classe ouvri\u00e8re des barrios, qui a entra\u00een\u00e9 le massacre de milliers de personnes. L\u2019\u00e9v\u00e9nement et la crise \u00e9conomique des ann\u00e9es 1990 ont conduit \u00e0 l\u2019effondrement de l\u2019ordre social traditionnel et \u00e0 l\u2019\u00e9lection d\u2019un ancien officier militaire et \u00e9tranger politique, Hugo Chavez, \u00e0 la pr\u00e9sidence en 1998.<\/p>\n<p>Chavez, qui venait d\u2019une famille pauvre, a fait campagne sur la promesse d\u2019une nouvelle Constitution. Elle fut mise en \u0153uvre l\u2019ann\u00e9e suivante et contient de nouveaux droits pour les groupes autochtones, les pauvres et les femmes. Il a \u00e9t\u00e9 r\u00e9\u00e9lu en 2000. Mais en 2002, un coup d\u2019\u00c9tat foment\u00e9 par des secteurs combin\u00e9s de l\u2019\u00e9lite v\u00e9n\u00e9zu\u00e9lienne avec l\u2019aide du gouvernement am\u00e9ricain, l\u2019a destitu\u00e9. Chavez fut sauv\u00e9, du m\u00eame sort que de nombreux dirigeants latino-am\u00e9ricains, par un soul\u00e8vement d\u2019une grande majorit\u00e9 des V\u00e9n\u00e9zu\u00e9liens pauvres et \u00e0 la peau sombre, qui ont exig\u00e9 son retour.<\/p>\n<p><a name=\"openBalloon\"><\/a> \u00c0 la suite du coup d\u2019\u00c9tat, le gouvernement chaviste s\u2019est d\u00e9plac\u00e9 vers la gauche et a institu\u00e9 une s\u00e9rie de programmes sociaux \u00e0 grande \u00e9chelle visant \u00e0 redistribuer la richesse et le pouvoir vers le bas. Sous Chavez, l\u2019indice du d\u00e9veloppement humain s\u2019\u00e9leva tr\u00e8s nettement, la pauvret\u00e9 fut r\u00e9duite de moiti\u00e9 et l\u00e0 part des revenus natioanux revenant \u00e0 la classe ouvri\u00e8re grimpa de 22 %. (<a href=\"https:\/\/journals.sagepub.com\/doi\/10.1177\/0306396818823639#\">3<\/a>) Chavez a \u00e9t\u00e9 r\u00e9\u00e9lu en 2006 (et par la suite en 2012), dans un glissement de terrain politique, men\u00e9 par une campagne populaire \u00e9nergique men\u00e9e \u00e0 partir de la base et visant \u00e0 contester l\u2019h\u00e9g\u00e9monie sociale, culturelle, politique et raciale de l\u2019\u00e9lite \u00e0 la peau claire qui dirigea le pays depuis son ind\u00e9pendance. Plut\u00f4t que de simples avantages \u00e9conomiques, c\u2019est le nouveau sentiment d\u2019estime de soi et le sentiment d\u2019inclusion au sein de la majorit\u00e9 de la classe ouvri\u00e8re \u00e0 la peau plus fonc\u00e9e qui ont \u00e9t\u00e9 essentiels pour comprendre la popularit\u00e9 soutenue de Chavez. Il r\u00e9gna jusqu\u2019\u00e0 sa mort en 2013. Le vice-pr\u00e9sident, Nicolas Maduro, fut \u00e9lu sur la promesse de poursuivre la \u00a0\u00bb R\u00e9volution Bolivarienne \u00ab\u00a0.<\/p>\n<p>Le Venezuela entre dans une crise \u00e9conomique profonde, avec une chute spectaculaire du prix du p\u00e9trole, des politiques gouvernementales d\u00e9sastreuses et des sanctions am\u00e9ricaines. L\u2019opposition, en grande partie la m\u00eame \u00e9lite qui avait r\u00e9gn\u00e9 avant Chavez, en profita pour tenter d\u2019\u00e9vincer un Maduro de plus en plus impopulaire, comme dans la campagne 2014 des <i>Guarimbas<\/i> (violences et barrage d\u2019extr\u00eame droite, NdT). Le Venezuela est en proie \u00e0 l\u2019inflation et aux p\u00e9nuries de certains produits alimentaires. Les classes populaires plus durement touch\u00e9es protestent le moins et continuent en majorit\u00e9 \u00e0 soutenir le gouvernement, tandis que les classes sup\u00e9rieures les moins touch\u00e9es se sont mobilis\u00e9es autour de la question, suscitant une attention internationale consid\u00e9rable. Cette situation est compliqu\u00e9e par le fait que la production et la distribution des denr\u00e9es alimentaires continuent d\u2019\u00eatre largement contr\u00f4l\u00e9es par le secteur priv\u00e9 et sont entre les mains de membres de l\u2019\u00e9lite, comme Lorenzo Mendoza d\u2019Empresas Polar, la plus grande entreprise du pays, qui exerce un contr\u00f4le quasi monopolistique sur de nombreux produits alimentaires essentiels dont les quantit\u00e9s sont limit\u00e9es. Comme l\u2019affirment Ana Felicien et ses co-auteurs, \u00ab\u00a0sans Polar, il n\u2019y a pas de nourriture \u00ab\u00a0. L\u2019entreprise a refus\u00e9 de fournir de la nourriture pendant des p\u00e9riodes politiques cl\u00e9s <b><a href=\"https:\/\/journals.sagepub.com\/doi\/10.1177\/0306396818823639#\">(4)<\/a>.<\/b> Mendoza a envisag\u00e9 de se pr\u00e9senter comme candidat de l\u2019opposition contre Maduro en 2018. N\u00e9anmoins, malgr\u00e9 les \u00e9normes probl\u00e8mes \u00e9conomiques du pays, l\u2019opposition n\u2019a pas encore atteint son objectif de reprise du pouvoir politique au moment de la r\u00e9daction du pr\u00e9sent rapport.<\/p>\n<p>De nombreux commentateurs ont vivement critiqu\u00e9 le projet chaviste. Kurt Weyland affirme qu\u2019il a \u00a0\u00bb lentement mais s\u00fbrement \u00e9touff\u00e9 la d\u00e9mocratie \u00a0\u00bb en supprimant les freins et contrepoids et, en \u00e9crasant la soci\u00e9t\u00e9 civile. <a href=\"https:\/\/journals.sagepub.com\/doi\/10.1177\/0306396818823639#\"><b>(5)<\/b><\/a> Des critiques similaires ont \u00e9t\u00e9 formul\u00e9es par des organisations de d\u00e9fense des droits humains. Human Rights Watch (HRW) parle d\u2019une \u00ab\u00a0approche accusatoire du gouvernement \u00e0 l\u2019\u00e9gard de la soci\u00e9t\u00e9 civile, qui cherche \u00e0 harceler ces groupes et \u00e0 exclure et marginaliser la dissidence dans le pays.\u00a0\u00bb <a href=\"https:\/\/journals.sagepub.com\/doi\/10.1177\/0306396818823639#\"><b>(6)<\/b><\/a><\/p>\n<p>Un rapport de l\u2019Organisation des \u00c9tats am\u00e9ricains (OEA) de 2018 condamne le gouvernement, l\u2019accusant de \u00ab\u00a0crimes contre l\u2019humanit\u00e9\u00a0\u00bb face aux r\u00e9pressions mises en place contre des groupes de la soci\u00e9t\u00e9 civile. <a href=\"https:\/\/journals.sagepub.com\/doi\/10.1177\/0306396818823639#\"><b>(7)<\/b><\/a> D\u2019autres ont r\u00e9fut\u00e9 ces critiques. Deux laur\u00e9ats du prix Nobel et plus d\u2019une centaine de sp\u00e9cialistes d\u2019\u00e9tudes latino-am\u00e9ricaines ont affirm\u00e9 que le rapport de HRW \u00ab\u00a0ne r\u00e9pond m\u00eame pas aux normes les plus minimales en mati\u00e8re d\u2019\u00e9rudition\u00a0\u00bb et ont attir\u00e9 l\u2019attention sur la collusion existante entre les organisations des droits humains et le gouvernement \u00e9tats\u00a7unien, directement impliqu\u00e9 dans l\u2019exigence du changement de r\u00e9gime. <a href=\"https:\/\/journals.sagepub.com\/doi\/10.1177\/0306396818823639#\">(8)<\/a> Ce rapport note que cette organisation est domin\u00e9e par les \u00c9tats-Unis et a \u00e9t\u00e9 express\u00e9ment cr\u00e9\u00e9e comme organisation anti-socialiste et pro-capitaliste. Il attire l\u2019attention sur le diplomate uruguayen Luis Almagro, chef de l\u2019organisation, dont le parti pris anti-socialiste est tr\u00e8s marqu\u00e9 et qui entretient des relations \u00e9troites avec le controvers\u00e9 leader de l\u2019opposition v\u00e9n\u00e9zu\u00e9lienne Leopoldo Lopez. Lopez, condamn\u00e9 pour terrorisme en 2014, est qualifi\u00e9 d\u2019 \u00ab\u00a0ami cher\u00a0\u00bb et de \u00ab\u00a0prisonnier politique\u00a0\u00bb. En effet, l\u2019un des auteurs du rapport de l\u2019OEA est l\u2019avocat de Lopez. De plus, en justifiant le financement de l\u2019OEA par le Congr\u00e8s en 2018, l\u2019USAID a soutenu que l\u2019organisation est cruciale pour \u00ab\u00a0promouvoir les int\u00e9r\u00eats am\u00e9ricains dans l\u2019h\u00e9misph\u00e8re occidental en contrant l\u2019influence des pays anti-am\u00e9ricains comme le Venezuela\u00a0\u00bb. <a href=\"https:\/\/journals.sagepub.com\/doi\/10.1177\/0306396818823639#\"><b>(9)<\/b><\/a><\/p>\n<p>Selon Ernesto Abalo, l\u2019une des raisons de ces divergences d\u2019opinion concerne ce qui constitue la d\u00e9mocratie, notant que le Venezuela s\u2019est bien tir\u00e9 d\u2019affaire au regard de la d\u00e9mocratie participative ou radicale, qui met l\u2019accent sur le pouvoir populaire et l\u2019inclusion. Cependant, si l\u2019on en juge par les normes de la d\u00e9mocratie lib\u00e9rale, qui met l\u2019accent sur la proc\u00e9dure et les institutions, il y a des lacunes \u00e9videntes. <a href=\"https:\/\/journals.sagepub.com\/doi\/10.1177\/0306396818823639#\"><b>(10)<\/b><\/a><\/p>\n<p>En outre, la relation entre la \u00ab\u00a0soci\u00e9t\u00e9 civile\u00a0\u00bb et l\u2019\u00c9tat est cruciale mais souvent houleuse dans toute l\u2019Am\u00e9rique Latine. Les groupes de la soci\u00e9t\u00e9 civile ont jou\u00e9 un r\u00f4le important dans la fin du r\u00e9gime de Pinochet au Chili. En \u00c9quateur et en Bolivie, les organisations autochtones ont jou\u00e9 un r\u00f4le cl\u00e9 dans le succ\u00e8s des pr\u00e9sidents Correa et Morales et se trouvent parfois maintenant en conflit avec leurs gouvernements sur les questions d\u2019extraction et d\u2019environnement. Mais \u00e0 droite aussi, des groupes de la \u00ab\u00a0soci\u00e9t\u00e9 civile\u00a0\u00bb ont jou\u00e9 un r\u00f4le cl\u00e9 dans la destitution de la pr\u00e9sidente br\u00e9silien Rousseff en 2016 et l\u2019\u00e9lection de Jair Bolsonaro en 2018\u2026<\/p>\n<h4><strong>3. Les m\u00e9dias et le Venezuela<\/strong><\/h4>\n<p>Les m\u00e9dias v\u00e9n\u00e9zu\u00e9liens sont concentr\u00e9s <a href=\"https:\/\/venezuelainfos.wordpress.com\/2015\/03\/12\/thomas-cluzel-ou-linterdiction-dinformer-sur-france-culture\/\">entre les mains de tr\u00e8s peu de personnes<\/a> et li\u00e9s \u00e0 l\u2019ancienne \u00e9lite qui contr\u00f4lait le pays jusqu\u2019en 1998. Pendant la p\u00e9riode dite de \u00ab\u00a0Punto Fijo\u00a0\u00bb (1958-1998), seul le gouvernement avait le pouvoir d\u2019accorder de nouvelles licences pour les m\u00e9dias. Pour se lancer dans une nouvelle entreprise m\u00e9diatique, il fallait avoir des liens \u00e9troits avec des hauts fonctionnaires du gouvernement. Cela a conduit \u00e0 une relation symbiotique entre les m\u00e9dias et les \u00e9lites politiques, o\u00f9 les m\u00e9dias, qui d\u00e9pendent du gouvernement pour l\u2019octroi des licences, \u00e0 leur tour, l\u00e9gitiment et valident le gouvernement par une couverture positive. Apr\u00e8s l\u2019effondrement des partis politiques traditionnels \u00e0 partir de 1998, les m\u00e9dias priv\u00e9s sont devenus le dernier rempart et le principal v\u00e9hicule politique de l\u2019\u00e9lite. M\u00eame apr\u00e8s les r\u00e9formes controvers\u00e9es des m\u00e9dias chavistes, les m\u00e9dias priv\u00e9s dominent toujours les parts d\u2019audience et de march\u00e9, la part d\u2019audience de la t\u00e9l\u00e9vision publique \u00e9tant faible. La grande majorit\u00e9 des stations de radio et des journaux critiquent le gouvernement.<\/p>\n<p>Les \u00e9tudes portant sur les m\u00e9dias priv\u00e9s v\u00e9n\u00e9zu\u00e9liens sont tr\u00e8s critiques. Lupien souligne le niveau extr\u00eamement \u00e9lev\u00e9 de concentration et d\u2019alignement avec les partis politiques locaux de l\u2019opposition de droite. Il en r\u00e9sulte un ensemble \u00e9troit de perspectives, selon lesquelles <b>les mouvements qui contestent l\u2019h\u00e9g\u00e9monie de la race et de la classe sociale dominante sont d\u00e9sign\u00e9s comme dangereux et offensifs.<\/b> Incapables de discr\u00e9diter les r\u00e9sultats des \u00e9lections, affirme Lupien, les m\u00e9dias ont cherch\u00e9 \u00e0 sap<b>er la l\u00e9gitimit\u00e9 du gouvernement chaviste en pr\u00e9sentant ses partisans comme des partisans irr\u00e9fl\u00e9chis ou des foules dangereuses et irrationnelles<\/b>.<a href=\"https:\/\/journals.sagepub.com\/doi\/10.1177\/0306396818823639#\"><b>(12)<\/b><\/a> Et Duno-Gottberg soutient que les m\u00e9dias locaux ont tent\u00e9 de construire deux groupes distincts d\u2019acteurs politiques ; <b>des groupes rationnels et respectables de la \u00ab\u00a0soci\u00e9t\u00e9 civile\u00a0\u00bb qui s\u2019opposent au gouvernement et les dangereux \u00ab\u00a0mafieux, des d\u00e9g\u00e9n\u00e9r\u00e9s au visage noir, des classes inf\u00e9rieures\u00a0\u00bb qui le soutiennent<\/b>. <a href=\"https:\/\/journals.sagepub.com\/doi\/10.1177\/0306396818823639#\"><b>(13)<\/b><\/a><\/p>\n<div id=\"attachment_17511\" class=\"wp-caption alignleft\" data-shortcode=\"caption\"><a href=\"https:\/\/venezuelainfos.wordpress.com\/2014\/04\/11\/la-verite-sur-le-venezuela-une-revolte-des-classes-aisees-pas-une-campagne-de-terreur\/altamira14021412\/\">\u00a0<img decoding=\"async\" title=\"altamira14021412\" src=\"https:\/\/venezuelainfos.files.wordpress.com\/2014\/04\/altamira14021412.jpg?w=221&amp;h=145\" alt=\"altamira14021412\" width=\"221\" height=\"145\" data-attachment-id=\"5173\" data-orig-file=\"https:\/\/venezuelainfos.files.wordpress.com\/2014\/04\/altamira14021412.jpg\" data-orig-size=\"641,420\" data-comments-opened=\"1\" data-image-meta=\"{&quot;aperture&quot;:&quot;0&quot;,&quot;credit&quot;:&quot;&quot;,&quot;camera&quot;:&quot;&quot;,&quot;caption&quot;:&quot;&quot;,&quot;created_timestamp&quot;:&quot;0&quot;,&quot;copyright&quot;:&quot;&quot;,&quot;focal_length&quot;:&quot;0&quot;,&quot;iso&quot;:&quot;0&quot;,&quot;shutter_speed&quot;:&quot;0&quot;,&quot;title&quot;:&quot;&quot;}\" data-image-title=\"altamira14021412\" data-image-description=\"\" data-medium-file=\"https:\/\/venezuelainfos.files.wordpress.com\/2014\/04\/altamira14021412.jpg?w=300\" data-large-file=\"https:\/\/venezuelainfos.files.wordpress.com\/2014\/04\/altamira14021412.jpg?w=523\" data-original-width=\"221\" data-original-height=\"145\" \/><\/a><a href=\"https:\/\/venezuelainfos.wordpress.com\/2014\/04\/11\/la-verite-sur-le-venezuela-une-revolte-des-classes-aisees-pas-une-campagne-de-terreur\/altamira14021417\/\"> <img decoding=\"async\" title=\"altamira14021417\" src=\"https:\/\/venezuelainfos.files.wordpress.com\/2014\/04\/altamira14021417.jpg?w=221&amp;h=144\" alt=\"altamira14021417\" width=\"221\" height=\"144\" data-attachment-id=\"5168\" data-orig-file=\"https:\/\/venezuelainfos.files.wordpress.com\/2014\/04\/altamira14021417.jpg\" data-orig-size=\"641,420\" data-comments-opened=\"1\" data-image-meta=\"{&quot;aperture&quot;:&quot;0&quot;,&quot;credit&quot;:&quot;&quot;,&quot;camera&quot;:&quot;&quot;,&quot;caption&quot;:&quot;&quot;,&quot;created_timestamp&quot;:&quot;0&quot;,&quot;copyright&quot;:&quot;&quot;,&quot;focal_length&quot;:&quot;0&quot;,&quot;iso&quot;:&quot;0&quot;,&quot;shutter_speed&quot;:&quot;0&quot;,&quot;title&quot;:&quot;&quot;}\" data-image-title=\"altamira14021417\" data-image-description=\"\" data-medium-file=\"https:\/\/venezuelainfos.files.wordpress.com\/2014\/04\/altamira14021417.jpg?w=300\" data-large-file=\"https:\/\/venezuelainfos.files.wordpress.com\/2014\/04\/altamira14021417.jpg?w=523\" data-original-width=\"221\" data-original-height=\"144\" \/><\/a><a href=\"https:\/\/venezuelainfos.wordpress.com\/2014\/04\/11\/la-verite-sur-le-venezuela-une-revolte-des-classes-aisees-pas-une-campagne-de-terreur\/altamira14021416\/\"> <img decoding=\"async\" title=\"altamira14021416\" src=\"https:\/\/venezuelainfos.files.wordpress.com\/2014\/04\/altamira14021416.jpg?w=221&amp;h=145\" alt=\"altamira14021416\" width=\"221\" height=\"145\" data-attachment-id=\"5169\" data-orig-file=\"https:\/\/venezuelainfos.files.wordpress.com\/2014\/04\/altamira14021416.jpg\" data-orig-size=\"641,420\" data-comments-opened=\"1\" data-image-meta=\"{&quot;aperture&quot;:&quot;0&quot;,&quot;credit&quot;:&quot;&quot;,&quot;camera&quot;:&quot;&quot;,&quot;caption&quot;:&quot;&quot;,&quot;created_timestamp&quot;:&quot;0&quot;,&quot;copyright&quot;:&quot;&quot;,&quot;focal_length&quot;:&quot;0&quot;,&quot;iso&quot;:&quot;0&quot;,&quot;shutter_speed&quot;:&quot;0&quot;,&quot;title&quot;:&quot;&quot;}\" data-image-title=\"altamira14021416\" data-image-description=\"\" data-medium-file=\"https:\/\/venezuelainfos.files.wordpress.com\/2014\/04\/altamira14021416.jpg?w=300\" data-large-file=\"https:\/\/venezuelainfos.files.wordpress.com\/2014\/04\/altamira14021416.jpg?w=523\" data-original-width=\"221\" data-original-height=\"145\" \/> <\/a><a href=\"https:\/\/venezuelainfos.wordpress.com\/2014\/04\/11\/la-verite-sur-le-venezuela-une-revolte-des-classes-aisees-pas-une-campagne-de-terreur\/altamira14021416\/\"><img decoding=\"async\" class=\" wp-image-17511 aligncenter\" src=\"https:\/\/venezuelainfos.files.wordpress.com\/2019\/03\/51180429_2277945922530960_3368859638450618368_n.jpg?w=520&amp;h=343\" sizes=\"(max-width: 520px) 100vw, 520px\" srcset=\"https:\/\/venezuelainfos.files.wordpress.com\/2019\/03\/51180429_2277945922530960_3368859638450618368_n.jpg?w=520&amp;h=343 520w, https:\/\/venezuelainfos.files.wordpress.com\/2019\/03\/51180429_2277945922530960_3368859638450618368_n.jpg?w=150&amp;h=99 150w, https:\/\/venezuelainfos.files.wordpress.com\/2019\/03\/51180429_2277945922530960_3368859638450618368_n.jpg?w=300&amp;h=198 300w, https:\/\/venezuelainfos.files.wordpress.com\/2019\/03\/51180429_2277945922530960_3368859638450618368_n.jpg 768w\" alt=\"51180429_2277945922530960_3368859638450618368_n.jpg\" width=\"520\" height=\"343\" aria-describedby=\"caption-attachment-17511\" data-attachment-id=\"17511\" data-permalink=\"https:\/\/venezuelainfos.wordpress.com\/2019\/03\/10\/voyous-chavistes-contre-societe-civile-racisme-et-mepris-de-classe-des-medias-occidentaux-sur-le-venezuela-par-alan-macleod-fair\/51180429_2277945922530960_3368859638450618368_n-2\/\" data-orig-file=\"https:\/\/venezuelainfos.files.wordpress.com\/2019\/03\/51180429_2277945922530960_3368859638450618368_n.jpg?w=520&amp;h=343\" data-orig-size=\"768,507\" data-comments-opened=\"1\" data-image-meta=\"{&quot;aperture&quot;:&quot;0&quot;,&quot;credit&quot;:&quot;&quot;,&quot;camera&quot;:&quot;&quot;,&quot;caption&quot;:&quot;&quot;,&quot;created_timestamp&quot;:&quot;0&quot;,&quot;copyright&quot;:&quot;&quot;,&quot;focal_length&quot;:&quot;0&quot;,&quot;iso&quot;:&quot;0&quot;,&quot;shutter_speed&quot;:&quot;0&quot;,&quot;title&quot;:&quot;&quot;,&quot;orientation&quot;:&quot;0&quot;}\" data-image-title=\"51180429_2277945922530960_3368859638450618368_n\" data-image-description=\"\" data-medium-file=\"https:\/\/venezuelainfos.files.wordpress.com\/2019\/03\/51180429_2277945922530960_3368859638450618368_n.jpg?w=520&amp;h=343?w=300\" data-large-file=\"https:\/\/venezuelainfos.files.wordpress.com\/2019\/03\/51180429_2277945922530960_3368859638450618368_n.jpg?w=520&amp;h=343?w=523\" \/><\/a><\/p>\n<p id=\"caption-attachment-17511\" class=\"wp-caption-text\">meeting d\u2019appui \u00e0 Juan Guaido, pr\u00e9sident autoproclam\u00e9 par Donald Trump<\/p>\n<\/div>\n<div class=\"tiled-gallery type-rectangular\" data-original-width=\"523\" data-carousel-extra=\"{&quot;blog_id&quot;:32002852,&quot;permalink&quot;:&quot;https:\\\/\\\/venezuelainfos.wordpress.com\\\/2019\\\/03\\\/10\\\/voyous-chavistes-contre-societe-civile-racisme-et-mepris-de-classe-des-medias-occidentaux-sur-le-venezuela-par-alan-macleod-fair\\\/&quot;,&quot;likes_blog_id&quot;:32002852}\">\n<div class=\"gallery-row\" data-original-width=\"523\" data-original-height=\"446\">\n<div class=\"gallery-group images-3\" data-original-width=\"225\" data-original-height=\"446\">\n<div class=\"tiled-gallery-item tiled-gallery-item-small\"><a href=\"https:\/\/venezuelainfos.wordpress.com\/2014\/04\/11\/la-verite-sur-le-venezuela-une-revolte-des-classes-aisees-pas-une-campagne-de-terreur\/altamira14021412\/\">\u00a0 <\/a><\/div>\n<div class=\"tiled-gallery-item tiled-gallery-item-small\"><a href=\"https:\/\/venezuelainfos.wordpress.com\/2014\/04\/11\/la-verite-sur-le-venezuela-une-revolte-des-classes-aisees-pas-une-campagne-de-terreur\/altamira14021416\/\">\u00a0 <\/a><\/div>\n<div class=\"tiled-gallery-item tiled-gallery-item-small\"><a href=\"https:\/\/venezuelainfos.wordpress.com\/2014\/04\/11\/la-verite-sur-le-venezuela-une-revolte-des-classes-aisees-pas-une-campagne-de-terreur\/altamira14021417\/\">\u00a0 <\/a><\/div>\n<\/div>\n<div class=\"gallery-group images-1\" data-original-width=\"298\" data-original-height=\"446\">\n<div class=\"tiled-gallery-item tiled-gallery-item-large\"><a href=\"https:\/\/venezuelainfos.wordpress.com\/2014\/04\/11\/la-verite-sur-le-venezuela-une-revolte-des-classes-aisees-pas-une-campagne-de-terreur\/altamira1402143\/\">\u00a0 <\/a> <a href=\"https:\/\/venezuelainfos.wordpress.com\/2014\/04\/11\/la-verite-sur-le-venezuela-une-revolte-des-classes-aisees-pas-une-campagne-de-terreur\/altamira1402143\/\"><img decoding=\"async\" title=\"altamira1402143\" src=\"https:\/\/venezuelainfos.files.wordpress.com\/2014\/04\/altamira1402143.jpg?w=294&amp;h=442\" alt=\"altamira1402143\" width=\"294\" height=\"442\" data-attachment-id=\"5167\" data-orig-file=\"https:\/\/venezuelainfos.files.wordpress.com\/2014\/04\/altamira1402143.jpg\" data-orig-size=\"641,962\" data-comments-opened=\"1\" data-image-meta=\"{&quot;aperture&quot;:&quot;0&quot;,&quot;credit&quot;:&quot;&quot;,&quot;camera&quot;:&quot;&quot;,&quot;caption&quot;:&quot;&quot;,&quot;created_timestamp&quot;:&quot;0&quot;,&quot;copyright&quot;:&quot;&quot;,&quot;focal_length&quot;:&quot;0&quot;,&quot;iso&quot;:&quot;0&quot;,&quot;shutter_speed&quot;:&quot;0&quot;,&quot;title&quot;:&quot;&quot;}\" data-image-title=\"altamira1402143\" data-image-description=\"\" data-medium-file=\"https:\/\/venezuelainfos.files.wordpress.com\/2014\/04\/altamira1402143.jpg?w=200\" data-large-file=\"https:\/\/venezuelainfos.files.wordpress.com\/2014\/04\/altamira1402143.jpg?w=523\" data-original-width=\"294\" data-original-height=\"442\" \/> <\/a><\/div>\n<\/div>\n<\/div>\n<\/div>\n<p><em>manifestation de la droite v\u00e9n\u00e9zu\u00e9lienne<\/em><\/p>\n<div id=\"attachment_17510\" class=\"wp-caption aligncenter\" data-shortcode=\"caption\"><img decoding=\"async\" class=\" size-full wp-image-17510 aligncenter\" src=\"https:\/\/venezuelainfos.files.wordpress.com\/2019\/03\/pueblo-en-caracas-para-apoyar-la-entrega-de-10-millones-de-firmas-contra-el-decreto-obama.jpg?w=523\" sizes=\"(max-width: 523px) 100vw, 523px\" srcset=\"https:\/\/venezuelainfos.files.wordpress.com\/2019\/03\/pueblo-en-caracas-para-apoyar-la-entrega-de-10-millones-de-firmas-contra-el-decreto-obama.jpg?w=523 523w, https:\/\/venezuelainfos.files.wordpress.com\/2019\/03\/pueblo-en-caracas-para-apoyar-la-entrega-de-10-millones-de-firmas-contra-el-decreto-obama.jpg?w=150 150w, https:\/\/venezuelainfos.files.wordpress.com\/2019\/03\/pueblo-en-caracas-para-apoyar-la-entrega-de-10-millones-de-firmas-contra-el-decreto-obama.jpg?w=300 300w, https:\/\/venezuelainfos.files.wordpress.com\/2019\/03\/pueblo-en-caracas-para-apoyar-la-entrega-de-10-millones-de-firmas-contra-el-decreto-obama.jpg 680w\" alt=\"pueblo-en-caracas-para-apoyar-la-entrega-de-10-millones-de-firmas-contra-el-decreto-obama.jpg\" aria-describedby=\"caption-attachment-17510\" data-attachment-id=\"17510\" data-permalink=\"https:\/\/venezuelainfos.wordpress.com\/2019\/03\/10\/voyous-chavistes-contre-societe-civile-racisme-et-mepris-de-classe-des-medias-occidentaux-sur-le-venezuela-par-alan-macleod-fair\/pueblo-en-caracas-para-apoyar-la-entrega-de-10-millones-de-firmas-contra-el-decreto-obama-2\/\" data-orig-file=\"https:\/\/venezuelainfos.files.wordpress.com\/2019\/03\/pueblo-en-caracas-para-apoyar-la-entrega-de-10-millones-de-firmas-contra-el-decreto-obama.jpg?w=523\" data-orig-size=\"680,452\" data-comments-opened=\"1\" data-image-meta=\"{&quot;aperture&quot;:&quot;0&quot;,&quot;credit&quot;:&quot;&quot;,&quot;camera&quot;:&quot;&quot;,&quot;caption&quot;:&quot;&quot;,&quot;created_timestamp&quot;:&quot;0&quot;,&quot;copyright&quot;:&quot;&quot;,&quot;focal_length&quot;:&quot;0&quot;,&quot;iso&quot;:&quot;0&quot;,&quot;shutter_speed&quot;:&quot;0&quot;,&quot;title&quot;:&quot;&quot;,&quot;orientation&quot;:&quot;0&quot;}\" data-image-title=\"pueblo-en-caracas-para-apoyar-la-entrega-de-10-millones-de-firmas-contra-el-decreto-obama\" data-image-description=\"\" data-medium-file=\"https:\/\/venezuelainfos.files.wordpress.com\/2019\/03\/pueblo-en-caracas-para-apoyar-la-entrega-de-10-millones-de-firmas-contra-el-decreto-obama.jpg?w=523?w=300\" data-large-file=\"https:\/\/venezuelainfos.files.wordpress.com\/2019\/03\/pueblo-en-caracas-para-apoyar-la-entrega-de-10-millones-de-firmas-contra-el-decreto-obama.jpg?w=523?w=523\" \/><\/p>\n<p id=\"caption-attachment-17510\" class=\"wp-caption-text\">Mobilisation chaviste (+ photo ci-dessous)<\/p>\n<\/div>\n<p><img decoding=\"async\" class=\" wp-image-17512 aligncenter\" src=\"https:\/\/venezuelainfos.files.wordpress.com\/2019\/03\/49948924_10157061752136057_6301419697061494784_n.jpg?w=693&amp;h=411\" sizes=\"(max-width: 693px) 100vw, 693px\" srcset=\"https:\/\/venezuelainfos.files.wordpress.com\/2019\/03\/49948924_10157061752136057_6301419697061494784_n.jpg 523w, https:\/\/venezuelainfos.files.wordpress.com\/2019\/03\/49948924_10157061752136057_6301419697061494784_n.jpg?w=150&amp;h=89 150w, https:\/\/venezuelainfos.files.wordpress.com\/2019\/03\/49948924_10157061752136057_6301419697061494784_n.jpg?w=300&amp;h=178 300w\" alt=\"49948924_10157061752136057_6301419697061494784_n.jpg\" width=\"693\" height=\"411\" data-attachment-id=\"17512\" data-permalink=\"https:\/\/venezuelainfos.wordpress.com\/2019\/03\/10\/voyous-chavistes-contre-societe-civile-racisme-et-mepris-de-classe-des-medias-occidentaux-sur-le-venezuela-par-alan-macleod-fair\/49948924_10157061752136057_6301419697061494784_n-2\/\" data-orig-file=\"https:\/\/venezuelainfos.files.wordpress.com\/2019\/03\/49948924_10157061752136057_6301419697061494784_n.jpg?w=693&amp;h=411\" data-orig-size=\"523,310\" data-comments-opened=\"1\" data-image-meta=\"{&quot;aperture&quot;:&quot;0&quot;,&quot;credit&quot;:&quot;&quot;,&quot;camera&quot;:&quot;&quot;,&quot;caption&quot;:&quot;&quot;,&quot;created_timestamp&quot;:&quot;0&quot;,&quot;copyright&quot;:&quot;&quot;,&quot;focal_length&quot;:&quot;0&quot;,&quot;iso&quot;:&quot;0&quot;,&quot;shutter_speed&quot;:&quot;0&quot;,&quot;title&quot;:&quot;&quot;,&quot;orientation&quot;:&quot;0&quot;}\" data-image-title=\"49948924_10157061752136057_6301419697061494784_n\" data-image-description=\"\" data-medium-file=\"https:\/\/venezuelainfos.files.wordpress.com\/2019\/03\/49948924_10157061752136057_6301419697061494784_n.jpg?w=693&amp;h=411?w=300\" data-large-file=\"https:\/\/venezuelainfos.files.wordpress.com\/2019\/03\/49948924_10157061752136057_6301419697061494784_n.jpg?w=693&amp;h=411?w=523\" \/>Pour Hernandez, si le projet chaviste peut \u00eatre lu comme une tentative d\u2019\u00e9lever et de dynamiser les classes inf\u00e9rieures au sein d\u2019un peuple par une interpellation nationale et populaire, le discours de l\u2019\u00e9lite blanche consiste \u00e0 se pr\u00e9senter comme une \u00ab\u00a0soci\u00e9t\u00e9 civile\u00a0\u00bb et la multitude comme une \u00ab\u00a0menace barbare et permanente pour la soci\u00e9t\u00e9\u00a0\u00bb. Ainsi, selon lui, le terme \u00ab\u00a0soci\u00e9t\u00e9 civile\u00a0\u00bb est devenu un signifiant vide, utilis\u00e9 uniquement pour d\u00e9crire les groupes appartenant \u00e0 l\u2019\u00e9lite blanche privil\u00e9gi\u00e9e qui s\u2019opposent au gouvernement et \u00e0 ses partisans brutaux comme source imaginaire de terreur pour l\u2019\u00e9lite. Ainsi, les m\u00e9dias locaux \u00ab\u00a0repr\u00e9sentent de mani\u00e8re obsessionnelle\u00a0\u00bb les organisations de la soci\u00e9t\u00e9 civile chaviste comme des \u00ab\u00a0groupes paramilitaires intrins\u00e8quement violents, con\u00e7us pour intimider et \u00e9liminer l\u2019opposition\u00a0\u00bb. Il accuse ainsi l\u2019\u00e9lite de mener une campagne de \u00ab\u00a0terrorisme m\u00e9diatique\u00a0\u00bb, dans laquelle des journaux influents comme <i><b>El Nacional<\/b><\/i> et <i><b>El Universal<\/b><\/i><b> <\/b>font preuve \u00ab\u00a0d\u2019une argumentation coh\u00e9rente et syst\u00e9matique destin\u00e9e \u00e0 susciter la peur, l\u2019horreur et la haine envers le chavisme\u00a0\u00bb.<a href=\"https:\/\/journals.sagepub.com\/doi\/10.1177\/0306396818823639#\">(<\/a><a href=\"https:\/\/journals.sagepub.com\/doi\/10.1177\/0306396818823639#\"><b>14)<\/b><\/a><\/p>\n<p>Lupien affirme que les partisans de Chavez ne sont jamais dot\u00e9s d\u2019une agenda en propre ou consid\u00e9r\u00e9s comme \u00e9tant guid\u00e9s par un int\u00e9r\u00eat personnel ou collectif rationnel. Les m\u00e9dias locaux, au lieu de cela, utilisent des mots comme \u00ab\u00a0voyous, talibans\u00a0\u00bb et les pr\u00e9sentent comme li\u00e9s au pr\u00e9sident par manipulation \u00e9motionnelle ou litt\u00e9ralement par contr\u00f4le magique ou religieux.<a href=\"https:\/\/journals.sagepub.com\/doi\/10.1177\/0306396818823639#\">(<\/a><a href=\"https:\/\/journals.sagepub.com\/doi\/10.1177\/0306396818823639#\"><b>15)<\/b><\/a><\/p>\n<p>Par exemple,<b> El Nacional<\/b> (14 octobre 2001) a d\u00e9crit la soci\u00e9t\u00e9 civile chaviste comme une <i>\u00ab\u00a0classe marginale\u2026 amen\u00e9e de l\u2019int\u00e9rieur du pays\u00a0\u00bb<\/i> qui ne comprenait pas ce pour quoi elle votait mais \u00e9tait <i>\u00ab\u00a0pr\u00eate \u00e0 se vendre pour un morceau de pain et une bouteille de rhum\u00a0\u00bb<\/i>. Cette image d\u2019Epinal de V\u00e9n\u00e9zu\u00e9liens pauvres et inintelligents qui sont facilement soudoy\u00e9s continue jusqu\u2019\u00e0 aujourd\u2019hui; aux \u00e9lections de mai 2018, <b>Reuters<\/b> a affirm\u00e9 que les pauvres votaient pour Maduro parce qu\u2019ils pensaient <i>\u00ab\u00a0gagner un prix\u00a0\u00bb<\/i> ou qu\u2019ils <i>\u00ab\u00a0recevraient une bo\u00eete de nourriture\u00a0\u00bb<\/i>.<a href=\"https:\/\/journals.sagepub.com\/doi\/10.1177\/0306396818823639#\"><b>(16)<\/b><\/a><\/p>\n<p>Au cours du coup d\u2019Etat de 2002, o\u00f9 la pression de l\u2019\u00e9lite pour forcer Chavez \u00e0 quitter le pouvoir par la violence a \u00e9t\u00e9 repouss\u00e9e par des manifestations de masse des classes populaires du pays, les m\u00e9dias locaux ont insist\u00e9 sur le fait que la \u00a0\u00bb foule \u00a0\u00bb ne savait pas ce qu\u2019elle faisait et \u00e9tait manipul\u00e9e par un leader trompeur. <a href=\"https:\/\/journals.sagepub.com\/doi\/10.1177\/0306396818823639#\"><b>(17)<\/b><\/a> <i><b>El Universal<\/b><\/i> (19 juillet 2002) a qualifi\u00e9 les opposants de droite au gouvernement de <i>\u00ab\u00a0soci\u00e9t\u00e9 civile\u00a0\u00bb<\/i> et le contre-coup populaire (21 avril 2002) comme un <i>\u00ab\u00a0pillage comme un produit du ressentiment\u00a0\u00bb<\/i>.<\/p>\n<p>Pratiquement tous les m\u00e9dias locaux ont \u00e9t\u00e9 fortement impliqu\u00e9s dans la fomentation, l\u2019orchestration et la promotion du coup d\u2019Etat, dont le si\u00e8ge se trouvait dans la maison de Gustavo Cisneros, le propri\u00e9taire de la plus grande cha\u00eene de t\u00e9l\u00e9vision. Le 12 avril, sa cha\u00eene <b>Venevisi\u00f3n<\/b> a diffus\u00e9 sur ses \u00e9crans des spots indiquant que le Venezuela avait retrouv\u00e9 sa libert\u00e9, tandis que les dirigeants du coup d\u2019\u00c9tat \u00e9taient invit\u00e9s sur les ondes et remerciaient les m\u00e9dias pour leur coop\u00e9ration. L\u2019un d\u2019eux a d\u00e9clar\u00e9 : <i>\u00ab\u00a0Nous avions une arme mortelle : les m\u00e9dias. Et maintenant que j\u2019en ai l\u2019occasion, permettez-moi de vous f\u00e9liciter\u00bb<\/i><a href=\"https:\/\/journals.sagepub.com\/doi\/10.1177\/0306396818823639#\"><i><b>(<\/b><\/i><\/a><a href=\"https:\/\/journals.sagepub.com\/doi\/10.1177\/0306396818823639#\"><b>18)<\/b><\/a> D\u2019autres cha\u00eenes ont fait de m\u00eame ; un r\u00e9alisateur de <b>RCTV<\/b> s\u2019est fait dire de diffuser <i>\u00ab\u00a0z\u00e9ro chavisme\u00a0\u00bb <\/i>\u00e0 l\u2019\u00e9cran.<a href=\"https:\/\/journals.sagepub.com\/doi\/10.1177\/0306396818823639#\"><b>(19)<\/b><\/a> Le m\u00eame jour, <b>Napoleon Bravo<\/b>, l\u2019un des animateurs de t\u00e9l\u00e9vision les plus influents du Venezuela, a invit\u00e9 sur les ondes les dirigeants du coup d\u2019Etat, pour les remercier de les aider dans le coup d\u2019Etat contre Hugo Chavez.<\/p>\n<p>Les journaux nationaux du pays ont \u00e9t\u00e9 impliqu\u00e9s de la m\u00eame mani\u00e8re. En premi\u00e8re page d\u2019<b>El Nacional<\/b> (11 avril 2002), la veille du coup d\u2019Etat, on pouvait lire : <i>\u00ab\u00a0Descendez dans la rue, pas de pas en arri\u00e8re\u00a0\u00bb et \u00ab\u00a0la bataille finale aura lieu au Miraflores [palais pr\u00e9sidentiel]\u00a0\u00bb !<\/i> <b>El Universal<\/b> (13 avril 2002) a triomph\u00e9 \u00e0 la suite de ce qui semblait \u00eatre une entreprise couronn\u00e9e de succ\u00e8s, son titre d\u00e9clarant <i>\u00ab\u00a0 Un pas en avant\u00a0\u00bb<\/i> ! La plupart des cha\u00eenes de t\u00e9l\u00e9vision priv\u00e9es ont suspendu leurs \u00e9missions r\u00e9guli\u00e8res pour demander aux t\u00e9l\u00e9spectateurs de descendre dans la rue pour renverser le gouvernement ; elles ont diffus\u00e9 des images trafiqu\u00e9es de partisans de Chavez attaqu\u00e9s qui donnaient l\u2019impression qu\u2019ils \u00e9taient les agresseurs et ont laiss\u00e9 le temps d\u2019antenne aux putschistes pour d\u00e9noncer Chavez. Mais ils ont refus\u00e9 de faire un reportage sur le contre-coup pendant qui \u00e9tait en cours, diffusant plut\u00f4t des documentaires et des films de Julia Roberts. Comme le contre-coup a r\u00e9ussi, tous les journaux nationaux, \u00e0 l\u2019exception d\u2019\u00daltimas Noticias, ont suspendu leur impression.<\/p>\n<p>En effet, <b>El Universal<\/b> (13 janvier 2002) a d\u00e9crit les Cercles bolivariens, associations de quartier, qui ont jou\u00e9 un r\u00f4le crucial dans la lutte contre le coup d\u2019Etat, comme de <i>\u00ab\u00a0dangereuses \u00ab\u00a0racailles\u00a0\u00bb<\/i> qui, sans l\u2019\u00e9l\u00e9gance des chemises noires italiennes ou la discipline des groupes nazis allemands consid\u00e9r\u00e9s comme fascistes, \u00e9taient consid\u00e9r\u00e9s comme des escadrons de la mort du pr\u00e9sident Duvalier, <i>\u00ab\u00a0les Tontons Macoutes, deux groupes form\u00e9s de voyous brutaux qui pratiquent la magie\u00a0\u00bb<\/i>. <a href=\"https:\/\/journals.sagepub.com\/doi\/10.1177\/0306396818823639#\"><b>(20)<\/b><\/a> Nous reviendrons plus bas sur ce racisme fondamental.<\/p>\n<h4><strong>4. Race et classe au Venezuela<\/strong><\/h4>\n<div id=\"attachment_1095\" class=\"wp-caption aligncenter\" data-shortcode=\"caption\"><img decoding=\"async\" class=\"alignnone wp-image-1095\" src=\"https:\/\/venezuelainfos.files.wordpress.com\/2012\/05\/mujer-espanola-con-su-esclava-negra-siglo-xviii2.jpg?w=494&amp;h=352\" sizes=\"(max-width: 494px) 100vw, 494px\" srcset=\"https:\/\/venezuelainfos.files.wordpress.com\/2012\/05\/mujer-espanola-con-su-esclava-negra-siglo-xviii2.jpg 400w, https:\/\/venezuelainfos.files.wordpress.com\/2012\/05\/mujer-espanola-con-su-esclava-negra-siglo-xviii2.jpg?w=150&amp;h=107 150w, https:\/\/venezuelainfos.files.wordpress.com\/2012\/05\/mujer-espanola-con-su-esclava-negra-siglo-xviii2.jpg?w=300&amp;h=214 300w\" alt=\"mujer-espanola-con-su-esclava-negra-siglo-xviii2\" width=\"494\" height=\"352\" aria-describedby=\"caption-attachment-1095\" data-attachment-id=\"1095\" data-permalink=\"https:\/\/venezuelainfos.wordpress.com\/2012\/05\/26\/afrique-mere-patiente-de-la-revolution-bolivarienne\/mujer-espanola-con-su-esclava-negra-siglo-xviii2\/\" data-orig-file=\"https:\/\/venezuelainfos.files.wordpress.com\/2012\/05\/mujer-espanola-con-su-esclava-negra-siglo-xviii2.jpg?w=494&amp;h=352\" data-orig-size=\"400,285\" data-comments-opened=\"1\" data-image-meta=\"{&quot;aperture&quot;:&quot;0&quot;,&quot;credit&quot;:&quot;&quot;,&quot;camera&quot;:&quot;&quot;,&quot;caption&quot;:&quot;&quot;,&quot;created_timestamp&quot;:&quot;0&quot;,&quot;copyright&quot;:&quot;&quot;,&quot;focal_length&quot;:&quot;0&quot;,&quot;iso&quot;:&quot;0&quot;,&quot;shutter_speed&quot;:&quot;0&quot;,&quot;title&quot;:&quot;&quot;}\" data-image-title=\"mujer-espanola-con-su-esclava-negra-siglo-xviii2\" data-image-description=\"\" data-medium-file=\"https:\/\/venezuelainfos.files.wordpress.com\/2012\/05\/mujer-espanola-con-su-esclava-negra-siglo-xviii2.jpg?w=494&amp;h=352?w=300\" data-large-file=\"https:\/\/venezuelainfos.files.wordpress.com\/2012\/05\/mujer-espanola-con-su-esclava-negra-siglo-xviii2.jpg?w=494&amp;h=352?w=400\" \/><\/p>\n<p id=\"caption-attachment-1095\" class=\"wp-caption-text\">\u00ab\u00a0Mantuana\u00a0\u00bb espagnole (oligarchie locale) avec son esclave noire, XVIII\u00e8me si\u00e8cle.<\/p>\n<\/div>\n<p>Apr\u00e8s l\u2019arriv\u00e9e de Christophe Colomb en 1498, le Venezuela fut transform\u00e9 en \u00e9conomie ax\u00e9e sur les plantations, dans lesquelles de petits groupes de paysans europ\u00e9ens asservirent de grands groupes d\u2019indig\u00e8nes am\u00e9ricains pour produire des produits primaires. D\u00e9cim\u00e9s par l\u2019invasion et la conqu\u00eate, ils furent remplac\u00e9s par des Africains victimes de la traite, dont les vies n\u2019avaient pas plus de valeur. Apr\u00e8s la longue lutte pour l\u2019ind\u00e9pendance et l\u2019abolition d\u00e9finitive de l\u2019esclavage au milieu du XIXe si\u00e8cle, la structure de l\u2019\u00e9conomie a tr\u00e8s peu chang\u00e9. Une \u00e9lite cr\u00e9ole blanche propri\u00e9taire terrienne a remplac\u00e9 la domination espagnole directe, tandis que les autochtones et les Afro-V\u00e9n\u00e9zu\u00e9liens se sont vu interdire des emplois bien r\u00e9mun\u00e9r\u00e9s dans l\u2019industrie p\u00e9troli\u00e8re, ce qui signifie qu\u2019aujourd\u2019hui les pauvres sont majoritairement noirs et les noirs sont majoritairement pauvres.<\/p>\n<p>Des tentatives ont \u00e9t\u00e9 faites pour blanchir la composition de la population aux XIXe et XXe si\u00e8cles, avec des programmes gouvernementaux donnant aux immigrants europ\u00e9ens une grande partie des terres les plus productives. Cannon a argument\u00e9 de fa\u00e7on convaincante que <i>\u00ab\u00a0le blanc au Venezuela est l\u2019abr\u00e9viation de beau, pur et sophistiqu\u00e9, le noir \u00e9tant le symbole du laid, du pauvre et de l\u2019inintelligent\u00a0\u00bb<\/i>. Les Noirs sont pratiquement invisibles \u00e0 la t\u00e9l\u00e9vision v\u00e9n\u00e9zu\u00e9lienne, pr\u00e9sent\u00e9s seulement comme des voyous sans scrupules. Le noir est fortement sous-estim\u00e9, sinon m\u00e9pris\u00e9 dans le pays. Avant l\u2019av\u00e8nement de Chavez, il n\u2019y avait presque pas d\u2019animateurs d\u2019\u00e9missions de t\u00e9l\u00e9vision non blancs dans ce pays majoritairement non blanc. L\u2019intersection de la race et de la classe peut \u00eatre vue dans la publicit\u00e9, o\u00f9 les produits destin\u00e9s \u00e0 l\u2019\u00e9lite utilisent des mod\u00e8les blancs alors que ceux destin\u00e9s \u00e0 un public ouvrier sont souvent des mod\u00e8les plus sombres. Bien que 64 % des V\u00e9n\u00e9zu\u00e9liens ne soient pas de race blanche, seulement 4 % s\u2019identifient comme noirs <a href=\"https:\/\/journals.sagepub.com\/doi\/10.1177\/0306396818823639#\"><b>(21)<\/b><\/a>.<\/p>\n<div id=\"attachment_1102\" class=\"wp-caption aligncenter\" data-shortcode=\"caption\"><img decoding=\"async\" class=\"alignnone wp-image-1102\" src=\"https:\/\/venezuelainfos.files.wordpress.com\/2012\/05\/800px-busto_de_josc3a9_leonardo_chirino_caujarao.jpg?w=495&amp;h=371\" sizes=\"(max-width: 495px) 100vw, 495px\" srcset=\"https:\/\/venezuelainfos.files.wordpress.com\/2012\/05\/800px-busto_de_josc3a9_leonardo_chirino_caujarao.jpg?w=495&amp;h=371 495w, https:\/\/venezuelainfos.files.wordpress.com\/2012\/05\/800px-busto_de_josc3a9_leonardo_chirino_caujarao.jpg?w=150&amp;h=113 150w, https:\/\/venezuelainfos.files.wordpress.com\/2012\/05\/800px-busto_de_josc3a9_leonardo_chirino_caujarao.jpg?w=300&amp;h=225 300w, https:\/\/venezuelainfos.files.wordpress.com\/2012\/05\/800px-busto_de_josc3a9_leonardo_chirino_caujarao.jpg 560w\" alt=\"800px-Busto_de_Jos\u00e9_Leonardo_Chirino,_Caujarao\" width=\"495\" height=\"371\" aria-describedby=\"caption-attachment-1102\" data-attachment-id=\"1102\" data-permalink=\"https:\/\/venezuelainfos.wordpress.com\/2012\/05\/26\/afrique-mere-patiente-de-la-revolution-bolivarienne\/800px-busto_de_jose_leonardo_chirino_caujarao\/\" data-orig-file=\"https:\/\/venezuelainfos.files.wordpress.com\/2012\/05\/800px-busto_de_josc3a9_leonardo_chirino_caujarao.jpg?w=495&amp;h=371\" data-orig-size=\"560,420\" data-comments-opened=\"1\" data-image-meta=\"{&quot;aperture&quot;:&quot;0&quot;,&quot;credit&quot;:&quot;&quot;,&quot;camera&quot;:&quot;&quot;,&quot;caption&quot;:&quot;&quot;,&quot;created_timestamp&quot;:&quot;0&quot;,&quot;copyright&quot;:&quot;&quot;,&quot;focal_length&quot;:&quot;0&quot;,&quot;iso&quot;:&quot;0&quot;,&quot;shutter_speed&quot;:&quot;0&quot;,&quot;title&quot;:&quot;&quot;}\" data-image-title=\"800px-Busto_de_Jos\u00e9_Leonardo_Chirino,_Caujarao\" data-image-description=\"\" data-medium-file=\"https:\/\/venezuelainfos.files.wordpress.com\/2012\/05\/800px-busto_de_josc3a9_leonardo_chirino_caujarao.jpg?w=495&amp;h=371?w=300\" data-large-file=\"https:\/\/venezuelainfos.files.wordpress.com\/2012\/05\/800px-busto_de_josc3a9_leonardo_chirino_caujarao.jpg?w=495&amp;h=371?w=523\" \/><\/p>\n<p id=\"caption-attachment-1102\" class=\"wp-caption-text\">Buste du h\u00e9ros national, le rebelle Jos\u00e9 Leonardo Chirinos, \u00c9tat de Falc\u00f3n, Venezuela.<\/p>\n<\/div>\n<p>Il existe donc une forte corr\u00e9lation entre la race, la classe sociale et l\u2019affiliation politique au Venezuela, o\u00f9 67 % des secteurs socio-\u00e9conomiques A et B ont vot\u00e9 pour l\u2019opposant de Chavez en 2000, contre seulement 24 % pour la cat\u00e9gorie socio-\u00e9conomique E, 50,5 % de celle-ci votant pour Chavez. La moiti\u00e9 de ceux qui avaient vot\u00e9 pour lui en 1998 n\u2019avaient jamais vot\u00e9 auparavant. Chavez a pu compter sur le soutien des pauvres, qui le consid\u00e9raient comme l\u2019un d\u2019entre eux puisqu\u2019il a grandi dans la pauvret\u00e9, dans une maison de torchis de l\u2019\u00c9tat de Barinas. En revanche, Cannon soutient que son rejet par les classes moyennes signifiait pr\u00e9cis\u00e9ment un rejet des pauvres et des personnes \u00e0 la peau sombre, et qu\u2019il \u00e9tait fond\u00e9 sur une notion historique profond\u00e9ment enracin\u00e9e du noir comme \u00e9tant inf\u00e9rieur au blanc. <a href=\"https:\/\/journals.sagepub.com\/doi\/10.1177\/0306396818823639#\"><b>(22)<\/b><\/a> Cette position non d\u00e9clar\u00e9e de l\u2019\u00e9lite aujourd\u2019hui, soutient Salas, est remise en question ouvertement par une coalition multiethnique de peuples subalternes, et constitue un choc psychologique douloureux pour la culture h\u00e9g\u00e9monique de la supr\u00e9matie blanche. <a href=\"https:\/\/journals.sagepub.com\/doi\/10.1177\/0306396818823639#\"><b>(23)<\/b><\/a><\/p>\n<div id=\"attachment_17509\" class=\"wp-caption aligncenter\" data-shortcode=\"caption\"><img decoding=\"async\" class=\"alignnone wp-image-17509\" src=\"https:\/\/venezuelainfos.files.wordpress.com\/2019\/03\/chavez.jpg?w=457&amp;h=387\" sizes=\"(max-width: 457px) 100vw, 457px\" srcset=\"https:\/\/venezuelainfos.files.wordpress.com\/2019\/03\/chavez.jpg 300w, https:\/\/venezuelainfos.files.wordpress.com\/2019\/03\/chavez.jpg?w=150&amp;h=127 150w\" alt=\"chavez.jpg\" width=\"457\" height=\"387\" aria-describedby=\"caption-attachment-17509\" data-attachment-id=\"17509\" data-permalink=\"https:\/\/venezuelainfos.wordpress.com\/2019\/03\/10\/voyous-chavistes-contre-societe-civile-racisme-et-mepris-de-classe-des-medias-occidentaux-sur-le-venezuela-par-alan-macleod-fair\/chavez-2\/\" data-orig-file=\"https:\/\/venezuelainfos.files.wordpress.com\/2019\/03\/chavez.jpg?w=457&amp;h=387\" data-orig-size=\"300,254\" data-comments-opened=\"1\" data-image-meta=\"{&quot;aperture&quot;:&quot;0&quot;,&quot;credit&quot;:&quot;&quot;,&quot;camera&quot;:&quot;&quot;,&quot;caption&quot;:&quot;&quot;,&quot;created_timestamp&quot;:&quot;0&quot;,&quot;copyright&quot;:&quot;&quot;,&quot;focal_length&quot;:&quot;0&quot;,&quot;iso&quot;:&quot;0&quot;,&quot;shutter_speed&quot;:&quot;0&quot;,&quot;title&quot;:&quot;&quot;,&quot;orientation&quot;:&quot;0&quot;}\" data-image-title=\"chavez\" data-image-description=\"\" data-medium-file=\"https:\/\/venezuelainfos.files.wordpress.com\/2019\/03\/chavez.jpg?w=457&amp;h=387?w=300\" data-large-file=\"https:\/\/venezuelainfos.files.wordpress.com\/2019\/03\/chavez.jpg?w=457&amp;h=387?w=300\" \/><\/p>\n<p id=\"caption-attachment-17509\" class=\"wp-caption-text\">Chavez vu par l\u2019opposition. Voir aussi, en France, \u00ab\u00a0Les fac\u00e9ties d\u2019Alexandre Adler\u00a0: Hugo Chavez, \u00ab\u00a0gorille populiste\u00a0\u00bb\u00a0\u00bb et \u00ab\u00a0antis\u00e9mite\u00a0\u00bb : <a href=\"https:\/\/www.acrimed.org\/Les-faceties-d-Alexandre-Adler-Hugo-Chavez-gorille-populiste-et-antisemite\" rel=\"nofollow\">https:\/\/www.acrimed.org\/Les-faceties-d-Alexandre-Adler-Hugo-Chavez-gorille-populiste-et-antisemite<\/a><\/p>\n<\/div>\n<p><b>Au Venezuela \u00ab\u00a0noir\u2019 et \u2018chaviste\u00a0\u00bb sont consid\u00e9r\u00e9s comme pratiquement synonymes.<\/b> Un suppl\u00e9ment d\u2019<i><b>El Nacional<\/b><\/i> a publi\u00e9 l\u2019histoire de trois journalistes de l\u2019opposition noircis pour ressembler \u00e0 des golliwogs (poup\u00e9e de chiffon repr\u00e9sentant une personne noire aux cheveux cr\u00e9pus) afin de passer inaper\u00e7us lors d\u2019un rassemblement de chaviste par \u00ab\u00a0la foule qui leur \u00e9tait violemment oppos\u00e9e\u00a0\u00bb. L\u2019un des probl\u00e8mes signal\u00e9s dans le suppl\u00e9ment \u00e9tait que l\u2019utilisation permanente de ce d\u00e9guisement signifierait qu\u2019ils commenceraient \u00e0 puer comme des singes\u2026 Etant entendu que les <i>chavistas<\/i>\u00a0\u00e9taient noirs et que la soci\u00e9t\u00e9 civile \u00e9tait blanche. <b>(<\/b><a href=\"https:\/\/journals.sagepub.com\/doi\/10.1177\/0306396818823639#\">24<\/a><b>)<\/b><\/p>\n<p>Pendant les manifestations de l\u2019extr\u00eame droite 2017 contre le gouvernement bolivarien, pr\u00e9sent\u00e9es par les m\u00e9dias occidentaux comme \u00ab\u00a0r\u00e9volte populaire pour la d\u00e9mocratie et contre Maduro\u00a0\u00bb, un homme noir, Orlando Jos\u00e9 Figueroa, a \u00e9t\u00e9 accost\u00e9 par un groupe de ces manifestants blancs qui supposaient, en raison de la couleur de sa peau, qu\u2019il \u00e9tait \u00e0 la fois un chaviste et un criminel. Il a \u00e9t\u00e9 battu, poignard\u00e9 et br\u00fbl\u00e9 vif. D\u2019autres Afro-V\u00e9n\u00e9zu\u00e9liens ont \u00e9t\u00e9 lynch\u00e9s par des groupes blancs pendant ces manifestations. Ainsi, selon Salas, l\u2019\u00e9conomie politique du racisme au sein de l\u2019\u00e9lite v\u00e9n\u00e9zu\u00e9lienne n\u2019est rien de plus que la continuation historique du processus de conqu\u00eate et d\u2019esclavage qui a commenc\u00e9 il y a 500 ans. <a href=\"https:\/\/journals.sagepub.com\/doi\/10.1177\/0306396818823639#\"><b>(25)<\/b><\/a><\/p>\n<div id=\"attachment_11298\" class=\"wp-caption aligncenter\" data-shortcode=\"caption\"><img decoding=\"async\" class=\"alignnone wp-image-11298\" src=\"https:\/\/venezuelainfos.files.wordpress.com\/2017\/07\/orlando-figuera.png?w=623&amp;h=467\" sizes=\"(max-width: 623px) 100vw, 623px\" srcset=\"https:\/\/venezuelainfos.files.wordpress.com\/2017\/07\/orlando-figuera.png 512w, https:\/\/venezuelainfos.files.wordpress.com\/2017\/07\/orlando-figuera.png?w=150&amp;h=113 150w, https:\/\/venezuelainfos.files.wordpress.com\/2017\/07\/orlando-figuera.png?w=300&amp;h=225 300w\" alt=\"Orlando Figuera\" width=\"623\" height=\"467\" aria-describedby=\"caption-attachment-11298\" data-attachment-id=\"11298\" data-permalink=\"https:\/\/venezuelainfos.wordpress.com\/2017\/07\/24\/le-venezuela-est-attaque-parce-que-pour-lui-aussi-la-vie-des-noirs-compte-truth-out\/orlando-figuera\/\" data-orig-file=\"https:\/\/venezuelainfos.files.wordpress.com\/2017\/07\/orlando-figuera.png?w=623&amp;h=467\" data-orig-size=\"512,384\" data-comments-opened=\"1\" data-image-meta=\"{&quot;aperture&quot;:&quot;0&quot;,&quot;credit&quot;:&quot;&quot;,&quot;camera&quot;:&quot;&quot;,&quot;caption&quot;:&quot;&quot;,&quot;created_timestamp&quot;:&quot;0&quot;,&quot;copyright&quot;:&quot;&quot;,&quot;focal_length&quot;:&quot;0&quot;,&quot;iso&quot;:&quot;0&quot;,&quot;shutter_speed&quot;:&quot;0&quot;,&quot;title&quot;:&quot;&quot;,&quot;orientation&quot;:&quot;0&quot;}\" data-image-title=\"Orlando Figuera\" data-image-description=\"\" data-medium-file=\"https:\/\/venezuelainfos.files.wordpress.com\/2017\/07\/orlando-figuera.png?w=623&amp;h=467?w=300\" data-large-file=\"https:\/\/venezuelainfos.files.wordpress.com\/2017\/07\/orlando-figuera.png?w=623&amp;h=467?w=512\" \/><\/p>\n<p id=\"caption-attachment-11298\" class=\"wp-caption-text\">Le jeune Orlando Figuera, br\u00fbl\u00e9 vif dans un quartier chic de Caracas par une extr\u00eame droite insurg\u00e9e que les m\u00e9dias internationaux ont d\u00e9guis\u00e9e en \u00ab\u00a0r\u00e9volte populaire\u00a0\u00bb. Voir <a href=\"http:\/\/wp.me\/p2ahp2-2CO\" rel=\"nofollow\">http:\/\/wp.me\/p2ahp2-2CO<\/a><\/p>\n<\/div>\n<p>Pourtant, le racisme est un sujet tabou au Venezuela. L\u2019une des id\u00e9ologies nationales fondamentales est que le pays est une soci\u00e9t\u00e9 \u00ab\u00a0caf\u00e9 au lait\u00a0\u00bb, o\u00f9 tout le monde est un m\u00e9lange de caf\u00e9 (africain) et de lait (europ\u00e9en), ce qui signifie qu\u2019ils sont tous de la m\u00eame \u00ab\u00a0race\u00a0\u00bb. En cons\u00e9quence, le langage et la terminologie ouvertement raciaux dans les m\u00e9dias coexistent avec le d\u00e9ni du fait que le racisme est un probl\u00e8me \u00e0 l\u2019int\u00e9rieur du pays.<\/p>\n<p>Cette situation n\u2019est pas remise en question par les analyses locales des m\u00e9dias v\u00e9n\u00e9zu\u00e9liens ou de la mani\u00e8re dont la soci\u00e9t\u00e9 civile est repr\u00e9sent\u00e9e, m\u00eame si la plupart se concentrent uniquement sur la tentative de coup d\u2019\u00c9tat de 2002 et n\u2019\u00e9tudient pas les pr\u00e9jug\u00e9s inh\u00e9rents \u00e0 la couverture m\u00e9diatique de mani\u00e8re plus g\u00e9n\u00e9rale. La pr\u00e9sente \u00e9tude, par contre, prend en compte l\u2019ensemble de la p\u00e9riode chaviste (1998-) et se concentre sur les m\u00e9dias britanniques et am\u00e9ricains. Elle montre comment les m\u00e9dias occidentaux recyclent fid\u00e8lement la couverture raciste et classiste des m\u00e9dias v\u00e9n\u00e9zu\u00e9liens. L\u2019une des raisons en est que <b>les journalistes occidentaux qui se rendent au Venezuela vivent et travaillent g\u00e9n\u00e9ralement dans les quartiers de l\u2019Est de Caracas, fortement empreints de s\u00e9gr\u00e9gation raciale et sociale. <\/b>La plupart de ces journalistes vivent dans des communaut\u00e9s prot\u00e9g\u00e9es par des gardes arm\u00e9s et se d\u00e9placent rarement en dehors de la partie riche et cosmopolite de la ville. Par cons\u00e9quent, ils entrent rarement en contact avec la majorit\u00e9 pauvre et \u00e0 la peau fonc\u00e9e du pays. <b>Beaucoup ne parlent pas l\u2019espagnol et ne peuvent donc pas communiquer avec les 95 % les plus pauvres de la population qui ne parlent pas anglais<\/b>. Cela les limite encore davantage \u00e0 ne communiquer presque exclusivement qu\u2019avec des sources de la classe moyenne ou sup\u00e9rieure blanche. M\u00eame hiatus pour les journalistes rest\u00e9s en Europe\u00a0: la plupart des v\u00e9n\u00e9zu\u00e9liens qui \u00e9tudient ou ach\u00e8tent des appartements \u00e0 Londres, Paris ou Madrid\u2026 sont, comme les autres communaut\u00e9s latines, en porte-\u00e0-faux, pour des raisons sociologiques, \u00e9conomiques et historiques, avec les couches populaires qui forment la majorit\u00e9 sociale de leur pays.<\/p>\n<p>Les journalistes qui prennent leur billet pour Caracas y travaillent en \u00e9troite collaboration avec des journalistes locaux bien \u00e9tablis, qui sont <b>majoritairement issus de milieux privil\u00e9gi\u00e9s et d\u2019organisations de m\u00e9dias d\u2019opposition tr\u00e8s partisanes<\/b>. Des journalistes m\u2019ont avou\u00e9 n\u2019avoir fait que copier\/coller des articles provenant de sources d\u2019information locales partisanes comme <i><b>El Universal<\/b><\/i> et <i><b>El Nacional<\/b><\/i>. En outre, sous la pression de la mondialisation et des coupes budg\u00e9taires exig\u00e9es par les actionnaires des grands groupes de communication, de nombreux organes d\u2019information occidentaux ont commenc\u00e9 \u00e0 <b>sous-traiter ou \u00e0 externaliser leur couverture v\u00e9n\u00e9zu\u00e9lienne aupr\u00e8s de journalistes locaux issus de l\u2019opposition<\/b>. Cela cr\u00e9e une atmosph\u00e8re de salle de r\u00e9daction antagoniste o\u00f9 m\u00eame les journalistes occidentaux de Caracas se disent \u00ab\u00a0r\u00e9sistants\u00a0\u00bb aux chavistes, tandis que ceux qui sont plus empathiques par rapport au chavisme admettent l\u2019auto-censure, renfor\u00e7ant ainsi la pens\u00e9e unique. Comme l\u2019a dit un journaliste :\u00a0<i><b>\u00ab\u00a0Je n\u2019ai tout simplement jamais pr<\/b><\/i><i><b>\u00e9sent\u00e9 d\u2019articles dont je savais qu\u2019ils n\u2019entreraient pas\u2026 Et je le savais et je n\u2019\u00e9tais m\u00eame pas assez stupide pour les pr\u00e9senter. Je savais que \u00e7a ne serait m\u00eame pas pris en compte\u00a0\u00bb. <a href=\"https:\/\/journals.sagepub.com\/doi\/10.1177\/0306396818823639#\">(26)<\/a> Il n\u2019est donc pas \u00e9tonnant que les attitudes des m\u00e9dias locaux s\u2019infiltrent \u00e9galement dans les reportages occidentaux.\u00a0\u00bb<\/b><\/i><\/p>\n<h4><strong>Constatations tir\u00e9es de la couverture occidentale<\/strong><\/h4>\n<p>J\u2019ai compt\u00e9 la fr\u00e9quence avec laquelle les sept journaux de mon \u00e9chantillon pr\u00e9sentent les chavistes et les groupes d\u2019opposition comme des foules ou des gangs intrins\u00e8quement violents a \u00e9t\u00e9 compt\u00e9e. <b>Dans 65 articles, il y a 158 r\u00e9f\u00e9rences \u00e0 des groupes sympathisants du gouvernement comme <\/b><i><b>\u00ab\u00a0hordes violentes, gangs ou criminels\u00a0\u00bb<\/b><\/i><b>, qualificatifs non utilis\u00e9s pour d\u00e9crire des groupes d\u2019opposition.<\/b><\/p>\n<p>Chavez est le premier pr\u00e9sident non blanc \u00e9lu apr\u00e8s s\u2019\u00eatre pr\u00e9sent\u00e9 face \u00e0 d\u2019autres candidats dont une ancienne Miss Univers blanche. Les m\u00e9dias locaux ont baptis\u00e9 l\u2019\u00e9lection <i>\u00ab\u00a0La beaut\u00e9 contre la b\u00eate\u00a0\u00bb<\/i>. <a href=\"https:\/\/journals.sagepub.com\/doi\/10.1177\/0306396818823639#\"><b>(27)<\/b><\/a> Les m\u00e9dias occidentaux ont adopt\u00e9 ce ton, qualifiant ses partisans d\u2019ignorants et de bestiaux. <b>Le Washington Post<\/b> (7 d\u00e9cembre 1998) a cit\u00e9 un observateur qui notait : <i>\u00ab\u00a0Chavez rejoint les gens incultes. Il n\u2019offre qu\u2019une s\u00e9rie de r\u00eaves\u00a0\u00bb<\/i>. Et le <b>Miami Herald<\/b> (7 d\u00e9cembre 1998) affirmait que<i> \u00ab\u00a0les chavistes embrasseraient une dictature autoritaire\u00a0\u00bb<\/i>, citant une source qui disait : <i>\u00ab\u00a0L\u2019histoire de violence de Chavez m\u2019inqui\u00e8te. Ses disciples m\u2019inqui\u00e8tent. Ses disciples ne sont g\u00e9n\u00e9ralement pas tr\u00e8s \u00e9duqu\u00e9s\u00a0\u00bb.<\/i><\/p>\n<p><b>La d\u00e9shumanisation des V\u00e9n\u00e9zu\u00e9liens de la classe ouvri\u00e8re, \u00e0 la peau sombre, s\u2019est intensifi\u00e9e en 2002 lors de la tentative de coup d\u2019\u00c9tat<\/b>. Le 11 avril, de grandes manifestations ont d\u00e9bord\u00e9 Caracas. Les groupes d\u2019opposition de droite (dits de la \u00ab\u00a0soci\u00e9t\u00e9 civile\u00a0\u00bb) ont affirm\u00e9 que les actions de Chavez en tant que pr\u00e9sident, y compris ses attaques verbales contre l\u2019Eglise et les groupes d\u2019affaires, \u00ab\u00a0\u00e9rodaient la d\u00e9mocratie\u00a0\u00bb. La renationalisation de PDVSA (Petr\u00f3leos de Venezuela, S. A.), une compagnie qu\u2019ils consid\u00e9raient comme neutre et ind\u00e9pendante, a \u00e9t\u00e9, pour beaucoup dans ce groupe, la goutte qui a fait d\u00e9border le vase.<\/p>\n<p>Alors que les manifestations anti-gouvernementales se sont heurt\u00e9es \u00e0 des manifestations pro-gouvernementales, des franc-tireurs ont tir\u00e9 dans le tas ; dix-neuf personnes ont \u00e9t\u00e9 tu\u00e9es et soixante-neuf ont \u00e9t\u00e9 bless\u00e9es. Les chefs de l\u2019opposition ont pu ainsi imputer les morts \u00e0 Chavez et, avec l\u2019aide d\u2019unit\u00e9s militaires, l\u2019ont arr\u00eat\u00e9 et ont install\u00e9 \u00e0 sa place Pedro Carmona, le chef de la Chambre de Commerce. Des repr\u00e9sentants de tous les secteurs de l\u2019\u00e9lite \u2013 l\u2019\u00c9glise catholique, l\u2019arm\u00e9e, le monde des affaires, les m\u00e9dias et les syndicats \u2013 ont sign\u00e9 le \u00ab\u00a0d\u00e9cret Carmona\u00a0\u00bb, qui abolissait la nouvelle Constitution, suspendait la Cour Supr\u00eame, liquidait le Congr\u00e8s et donnait \u00e0 Carmona le pouvoir de gouverner seul et par d\u00e9cret. La composition raciale et de classe du nouveau gouvernement \u00e9tait \u00e9vidente m\u00eame pour les putschistes eux-m\u00eames, <b>les conseillers de Carmona le suppliant de trouver au moins une personne non blanche \u00e0 mettre devant les cam\u00e9ras<\/b>. Mais Carmona n\u2019en a pas trouv\u00e9.<a href=\"https:\/\/journals.sagepub.com\/doi\/10.1177\/0306396818823639#\"><b> (28) <\/b><\/a><\/p>\n<p>Selon le rapport final du D\u00e9fenseur v\u00e9n\u00e9zu\u00e9lien des droits humains, sept des morts \u00e9taient des chavistes, sept \u00e9taient des partisans de l\u2019opposition et cinq \u00e9taient non affili\u00e9s. Parmi les bless\u00e9s, trente-huit \u00e9taient des chavistes, dix-sept des opposants et quatorze des non-affili\u00e9s. Il n\u2019y a pas de consensus sur les responsables des meurtres ; les sympathisants de l\u2019opposition insistent sur l\u2019incertitude quant aux coupables, alors que les d\u00e9put\u00e9s bolivariens consid\u00e8rent qu\u2019il s\u2019agit de mercenaires post\u00e9s <i>ad hoc <\/i><a href=\"https:\/\/www.youtube.com\/watch?v=72QDaTxxd78\">sur les toits environnant le palais de Miraflores<\/a>. Cependant, m\u00eame les critiques les plus virulentes des chavistes admettent que ce qui s\u2019est produit \u00e9tait effectivement un coup d\u2019\u00c9tat (<a href=\"https:\/\/journals.sagepub.com\/doi\/10.1177\/0306396818823639#\"><b>29)<\/b><\/a>.<\/p>\n<p>Les putschistes apparurent sur les \u00e9crans et annonc\u00e8rent le licenciement d\u2019environ 500 journalistes consid\u00e9r\u00e9s comme ennemis du nouveau r\u00e9gime <a href=\"https:\/\/journals.sagepub.com\/doi\/10.1177\/0306396818823639#\"><b>(30)<\/b><\/a> En moins d\u2019une jour une centaine d\u2019entre eux furent arr\u00eat\u00e9s, la t\u00e9l\u00e9vision d\u2019Etat forc\u00e9e de quitter les ondes et de nombreux m\u00e9dias locaux ind\u00e9pendants envahis et d\u00e9truits, certains journalistes furent tortur\u00e9s et d\u2019autres ont publiquement fouett\u00e9s <a href=\"https:\/\/journals.sagepub.com\/doi\/10.1177\/0306396818823639#\"><b>(31)<\/b><\/a>.<\/p>\n<p>Ce gouvernement auto-proclam\u00e9 n\u2019a dur\u00e9 que deux jours\u00a0: un grand nombre des v\u00e9n\u00e9zu\u00e9liens de la classe ouvri\u00e8re et \u00e0 la peau sombre sont descendus des <i>barrios, <\/i>quartiers populaires sur les collines autour de Caracas, pour protester. Ces manifestations pacifiques de masse ont encourag\u00e9 les unit\u00e9s loyales de l\u2019arm\u00e9e \u00e0 reprendre le palais pr\u00e9sidentiel et \u00e0 ramener le pr\u00e9sident constitutionnel Chavez.<\/p>\n<p>Les documents publi\u00e9s montrent que le coup d\u2019\u00c9tat et la violence avaient \u00e9t\u00e9 planifi\u00e9s d\u00e8s le d\u00e9but et que le gouvernement am\u00e9ricain \u00e9tait parfaitement conscient que l\u2019opposition avait l\u2019intention de provoquer et d\u2019exploiter la violence d\u00e8s le d\u00e9but du mois d\u2019avril 2002 afin de perp\u00e9trer un coup d\u2019\u00c9tat. <a href=\"https:\/\/journals.sagepub.com\/doi\/10.1177\/0306396818823639#\"><b>(32)<\/b><\/a> Les \u00c9tats-Unis ont d\u2019abord soutenu ces actions, la Maison Blanche les qualifiant de \u00ab\u00a0manifestations pacifiques\u00a0\u00bb et a fait pression sur l\u2019OEA pour reconna\u00eetre Carmona <a href=\"https:\/\/journals.sagepub.com\/doi\/10.1177\/0306396818823639#\"><b>(33)<\/b><\/a>. Cependant, l\u2019OEA a d\u00e9nonc\u00e9 ce qu\u2019elle consid\u00e9rait comme un coup d\u2019\u00c9tat violent et a exprim\u00e9 sa solidarit\u00e9 avec le peuple v\u00e9n\u00e9zu\u00e9lien. <a href=\"https:\/\/journals.sagepub.com\/doi\/10.1177\/0306396818823639#\"><b>(34) <\/b><\/a>Le 15 avril, le gouvernement am\u00e9ricain a fait marche arri\u00e8re et \u00ab\u00a0condamn\u00e9\u00a0\u00bb le coup d\u2019\u00c9tat.<\/p>\n<p>C\u2019est dans ce contexte que les m\u00e9dias occidentaux ont pr\u00e9sent\u00e9 les groupes responsables du coup d\u2019\u00c9tat comme des \u00ab\u00a0soci\u00e9t\u00e9s civiles\u00a0\u00bb alors que les groupes de la classe inf\u00e9rieure qui d\u00e9fendaient la Constitution \u00e9taient d\u00e9peints comme des \u00ab\u00a0foules dangereuses mena\u00e7ant la d\u00e9mocratie\u00a0\u00bb. Par exemple, le <b>Daily Telegraph<\/b> (13 avril 2002) : <i>\u00ab\u00a0Le pr\u00e9sident v\u00e9n\u00e9zu\u00e9lien a \u00e9t\u00e9 contraint de d\u00e9missionner par son haut commandement militaire hier apr\u00e8s que ses partisans ont ouvert le feu sur un rassemblement de l\u2019opposition appelant \u00e0 son d\u00e9part, tuant 13 personnes\u2026[Les coups de Chavez] ont ali\u00e9n\u00e9 tous les secteurs importants de la soci\u00e9t\u00e9 v\u00e9n\u00e9zu\u00e9lienne : les entreprises, les propri\u00e9taires terriens, les syndicats et l\u2019Eglise catholique\u2026 M. Chavez a une client\u00e8le fanatique parmi certains secteurs des pauvres.\u00a0\u00bb<\/i><\/p>\n<p>Par ailleurs, le journal a rapport\u00e9 de fausses informations selon lesquelles Chavez avait d\u00e9missionn\u00e9 et ses partisans avaient tu\u00e9 des partisans de l\u2019opposition. Pourtant, Chavez a \u00e9t\u00e9 enlev\u00e9 de mani\u00e8re d\u00e9montr\u00e9e et il existe un vaste bilan de preuves, en particulier le fait que deux fois plus de chavistes ont \u00e9t\u00e9 bless\u00e9s que les partisans de l\u2019opposition. Le correspondant de CNN Otto Neustadt a lui-m\u00eame film\u00e9 les d\u00e9nonciations des putschistes revendiquant le coup d\u2019Etat et parlant de \u00ab\u00a0morts\u00a0\u00bb avant que celles-ci ne se produisent sous les balles de leurs francs-tireurs\u2026 Le <b>Daily Telegraph<\/b> a \u00e9galement d\u00e9l\u00e9gitim\u00e9 la classe ouvri\u00e8re, affirmant que tous les secteurs \u00ab\u00a0importants\u00a0\u00bb de la soci\u00e9t\u00e9 s\u2019opposaient \u00e0 Chavez et que seuls des assassins \u00ab\u00a0fanatiques\u00a0\u00bb le soutenaient. Ces meurtriers fanatiques constituaient la majorit\u00e9 sociale du pays.<\/p>\n<p><b>Le New York Times<\/b> (13 avril 2002) a fortement soutenu les \u00e9v\u00e9nements, les pr\u00e9sentant comme un soul\u00e8vement d\u00e9mocratique plut\u00f4t que comme un coup d\u2019Etat, notant que Chavez s\u2019\u00e9tait : <i>\u00ab\u00a0ali\u00e9n\u00e9 pratiquement toutes les circonscriptions, des professionnels de la classe moyenne, des universitaires et des chefs d\u2019entreprise aux membres des syndicats et de l\u2019\u00c9glise catholique romaine\u2026 Un d\u00e9veloppement encourageant a \u00e9t\u00e9 la forte participation des citoyens de la classe moyenne \u00e0 l\u2019organisation des groupes d\u2019opposition et des manifestations de rue. La poursuite de la participation civique pourrait contribuer \u00e0 revitaliser le Venezuela.\u00a0\u00bb<\/i><\/p>\n<p>Ce journal a d\u00e9crit les mobilisations de la droite pro-coup d\u2019\u00c9tat comme <i>\u00ab\u00a0une semaine de manifestations pacifiques\u00a0\u00bb<\/i> tandis que la contre-manifestation a \u00e9t\u00e9 qualifi\u00e9e de <i>\u00ab\u00a0mouvances furieuses de partisans de Chavez marchant violemment \u00e0 travers les magasins pillant la capitale dans les quartiers pauvres\u00a0\u00bb<\/i>. (16 avril 2002).<\/p>\n<p>Cette couverture est tr\u00e8s semblable \u00e0 celle du journal de droite v\u00e9n\u00e9zu\u00e9lien <i><b>El Universal<\/b><\/i> document\u00e9e pr\u00e9c\u00e9demment. Moins de deux ans auparavant, Chavez avait remport\u00e9 \u00e0 la fois le plus grand nombre total de voix de l\u2019histoire du Venezuela, avec vingt-deux victoires sur vingt-trois \u00c9tats; en 2006, il avait obtenu le meilleur r\u00e9sultat avec sa r\u00e9\u00e9lection. Chavez donc n\u2019avait manifestement pas \u00ab\u00a0perdu la majeure partie de la population\u00a0\u00bb. Mais <b>cette lecture journalistique montre clairement qui constitue et qui ne constitue pas la soci\u00e9t\u00e9 selon les m\u00e9dias<\/b>. Ceux qui en font partie sont les groupes professionnels de l\u2019\u00e9lite blanche et ceux qui n\u2019en font pas partie, \u00e0 l\u2019\u00e9vidence, sont les violents sous-humains (unpeople). Le <i><b>New York Times<\/b><\/i> a d\u00e9nigr\u00e9 les centaines de milliers de manifestants pacifiques de la classe ouvri\u00e8re qui se sont soulev\u00e9s contre le coup d\u2019Etat en les qualifiant de <i>\u00ab\u00a0voyous arm\u00e9s\u00a0\u00bb<\/i> (15 avril 2002) et <i>\u00ab\u00a0Dobermans\u00a0\u00bb <\/i>(12 avril 2002).<\/p>\n<p>Les autres journaux d\u00e9peignent les groupes de la m\u00eame fa\u00e7on. Par exemple, selon le <i><b>Washington Post<\/b><\/i> (21 avril 2002),<i> \u00ab\u00a0l\u2019opposition de la soci\u00e9t\u00e9 civile \u00e9tait inspir\u00e9e et \u00e9nergique, d\u00e9mocratique \u00bb. <\/i>En revanche les groupes ouvriers oppos\u00e9s au coup d\u2019\u00c9tat \u00e9taient des <i>\u00ab\u00a0 extr\u00e9mistes, des brutes\u00a0\u00bb<\/i> \u2013 m\u00eame lorsque les <i>d\u00e9mocrates inspir\u00e9s<\/i> s\u2019abattaient ces extr\u00e9mistes. Sur l\u2019ensemble de l\u2019\u00e9chantillon, trente-cinq groupes d\u2019opposition ont \u00e9t\u00e9 cit\u00e9s comme repr\u00e9sentant une \u00a0\u00bb soci\u00e9t\u00e9 civile \u00a0\u00bb respectable. Les groupes chavistes n\u2019ont pas \u00e9t\u00e9 d\u00e9crits de la m\u00eame mani\u00e8re. Cette uniformit\u00e9 sur l\u2019ensemble du spectre ajoute du poids \u00e0 la th\u00e9orie de Hernandez selon laquelle le terme \u00ab\u00a0<i>soci\u00e9t\u00e9 civile<\/i>\u00a0\u00bb est un signifiant vide, un terme technique utilis\u00e9 uniquement pour d\u00e9crire les groupes de l\u2019\u00e9lite sociale.<\/p>\n<p>Le <i><b>Miami Herald<\/b><\/i> (16 avril 2002) reprenait lui aussi la couverture du quotidien v\u00e9n\u00e9zu\u00e9lien de droite <b>El Universal<\/b> (13 janvier 2002) qui comparait les cercles bolivariens aux nazis et aux tontons Macoutes.<\/p>\n<p>La pr\u00e9sentation des partisans de Chavez comme \u00ab<i>\u00a0hordes violentes et sans instruction<\/i>\u00a0\u00bb s\u2019est poursuivie tout au long de sa pr\u00e9sidence et jusqu\u2019apr\u00e8s sa mort en 2013. Tout en couvrant les fun\u00e9railles de Chavez et l\u2019\u00e9lection pr\u00e9sidentielle qui a suivi, <b>les journaux ont ni\u00e9 toute capacit\u00e9 d\u2019autonomie d\u2019action ou de pens\u00e9e aux partisans de Chavez,<\/b> les pr\u00e9sentant comme de simples disciples irr\u00e9fl\u00e9chis, incapables de prendre des d\u00e9cisions rationnelles, refl\u00e9tant ainsi les conclusions de Lupien dans les m\u00e9dias v\u00e9n\u00e9zu\u00e9liens. Par exemple, <b>le Times <\/b>(6 mars 2013) a affirm\u00e9 que Chavez \u00e9tait <i>\u00ab\u00a0un personnage plus grand que nature qui commandait une adoration presque sectaire aux d\u00e9vots de sa soi-disant r\u00e9volution, sa domination du pouvoir laissant peu de place pour pouvoir briller aux autres personnalit\u00e9s politiques \u00bb<\/i>.<\/p>\n<div id=\"attachment_17514\" class=\"wp-caption aligncenter\" data-shortcode=\"caption\"><img decoding=\"async\" class=\" size-full wp-image-17514 aligncenter\" src=\"https:\/\/venezuelainfos.files.wordpress.com\/2019\/03\/37347272_144882506391465_2075794742544695296_o.jpg?w=523\" sizes=\"(max-width: 523px) 100vw, 523px\" srcset=\"https:\/\/venezuelainfos.files.wordpress.com\/2019\/03\/37347272_144882506391465_2075794742544695296_o.jpg?w=523 523w, https:\/\/venezuelainfos.files.wordpress.com\/2019\/03\/37347272_144882506391465_2075794742544695296_o.jpg?w=1046 1046w, https:\/\/venezuelainfos.files.wordpress.com\/2019\/03\/37347272_144882506391465_2075794742544695296_o.jpg?w=150 150w, https:\/\/venezuelainfos.files.wordpress.com\/2019\/03\/37347272_144882506391465_2075794742544695296_o.jpg?w=300 300w, https:\/\/venezuelainfos.files.wordpress.com\/2019\/03\/37347272_144882506391465_2075794742544695296_o.jpg?w=768 768w, https:\/\/venezuelainfos.files.wordpress.com\/2019\/03\/37347272_144882506391465_2075794742544695296_o.jpg?w=1024 1024w\" alt=\"37347272_144882506391465_2075794742544695296_o.jpg\" aria-describedby=\"caption-attachment-17514\" data-attachment-id=\"17514\" data-permalink=\"https:\/\/venezuelainfos.wordpress.com\/2019\/03\/10\/voyous-chavistes-contre-societe-civile-racisme-et-mepris-de-classe-des-medias-occidentaux-sur-le-venezuela-par-alan-macleod-fair\/37347272_144882506391465_2075794742544695296_o-2\/\" data-orig-file=\"https:\/\/venezuelainfos.files.wordpress.com\/2019\/03\/37347272_144882506391465_2075794742544695296_o.jpg?w=523\" data-orig-size=\"1400,788\" data-comments-opened=\"1\" data-image-meta=\"{&quot;aperture&quot;:&quot;0&quot;,&quot;credit&quot;:&quot;&quot;,&quot;camera&quot;:&quot;&quot;,&quot;caption&quot;:&quot;&quot;,&quot;created_timestamp&quot;:&quot;0&quot;,&quot;copyright&quot;:&quot;&quot;,&quot;focal_length&quot;:&quot;0&quot;,&quot;iso&quot;:&quot;0&quot;,&quot;shutter_speed&quot;:&quot;0&quot;,&quot;title&quot;:&quot;&quot;,&quot;orientation&quot;:&quot;0&quot;}\" data-image-title=\"37347272_144882506391465_2075794742544695296_o\" data-image-description=\"\" data-medium-file=\"https:\/\/venezuelainfos.files.wordpress.com\/2019\/03\/37347272_144882506391465_2075794742544695296_o.jpg?w=523?w=300\" data-large-file=\"https:\/\/venezuelainfos.files.wordpress.com\/2019\/03\/37347272_144882506391465_2075794742544695296_o.jpg?w=523?w=523\" \/><\/p>\n<p id=\"caption-attachment-17514\" class=\"wp-caption-text\">Diversit\u00e9 des organisations citoyennes n\u00e9es de la r\u00e9volution : une r\u00e9union communale dans un quartier populaire d\u2019El Lidice, Caracas, 2018. Photo: Jesus Reyes<\/p>\n<\/div>\n<p>En fait, <b>selon les m\u00e9dias, <\/b><b>les v\u00e9n\u00e9zu\u00e9liens de la classe ouvri\u00e8re n\u2019appuyaient pas le gouvernement de fa\u00e7on rationnelle mais participaient \u00e0 un culte qui leur avait lav\u00e9 le cerveau<\/b>. Il y a aussi une tendance marqu\u00e9e \u00e0 d\u00e9peindre les groupes de chavistes comme des fouets \u00e9manent d\u2019une rage n\u00e9vros\u00e9e, comme le montrent les deux citations suivantes : <i>\u00ab\u00a0Ses partisans fr\u00e9n\u00e9tiques ne veulent tout simplement pas dire au revoir, et les h\u00e9ritiers d\u2019Hugo Chavez disent qu\u2019ils n\u2019auront peut-\u00eatre pas \u00e0 le faire.\u00a0\u00bb<\/i> (<b>The Washington Post<\/b>, 16 mars 2013). Ou <i>\u00abLe Commandant a \u00e9t\u00e9 ramen\u00e9 d\u2019entre les morts, apparaissant sur des \u00e9crans vid\u00e9o g\u00e9ants haranguant des foules endiabl\u00e9es.\u00a0\u00bb<\/i> (<b>The Daily Telegraph<\/b>, 12 avril 2013)<\/p>\n<p>La \u00a0\u00bb fr\u00e9n\u00e9sie \u00a0\u00bb \u00e9voque un comportement incontr\u00f4lable, irrationnel ou sauvage, indiquant que les groupes qui soutiennent le gouvernement sont hyst\u00e9riques, maniaques ou fous plut\u00f4t que des acteurs rationnels. Le mot est souvent utilis\u00e9 pour d\u00e9signer des animaux irrationnels ou m\u00eame des parasites \u2013 \u00a0\u00bb une fr\u00e9n\u00e9sie alimentaire \u00a0\u00bb \u2013 et sert \u00e0 d\u00e9shumaniser la majorit\u00e9 de la population \u00e0 la peau sombre et de classe inf\u00e9rieure du pays. <b>Le mot n\u2019a jamais \u00e9t\u00e9 utilis\u00e9 pour d\u00e9crire les mouvements d\u2019opposition.<\/b><\/p>\n<p>La cons\u00e9quence du r\u00e8gne de Chavez, selon un journal, a \u00e9t\u00e9 de d\u00e9cha\u00eener une b\u00eate sur le Venezuela. <b>The Miami Herald<\/b> (5 mars 2013) affirmant que, par cons\u00e9quent, <i>\u00a0\u00bb le Venezuela est aujourd\u2019hui une soci\u00e9t\u00e9 polaris\u00e9e divis\u00e9e entre les partisans intol\u00e9rants de la r\u00e9volution bolivarienne de M. Ch\u00e1vez et une opposition d\u00e9mocratique qui, contre toute attente, a men\u00e9 un combat courageux pour une alternative d\u00e9mocratique <\/i>\u00ab\u00a0. Cela diabolise \u00e0 la fois les chavistes et id\u00e9alise l\u2019opposition.<\/p>\n<p>L\u2019\u00e9lection pr\u00e9sidentielle qui a suivi a oppos\u00e9 le vice-pr\u00e9sident Nicolas Maduro au leader de l\u2019opposition Henrique Capriles. Alors que les chavistes consid\u00e9raient l\u2019\u00e9lection comme libre et \u00e9quitable, l\u2019opposition affirma que, bien que le vote ait \u00e9t\u00e9 s\u00fbr, le gouvernement avait utilis\u00e9 les m\u00e9dias et les ressources de l\u2019\u00c9tat en sa faveur, et qu\u2019il avait fait pression sur ses employ\u00e9s pour qu\u2019ils votent pour Maduro, biaisant les r\u00e8gles du jeu.<\/p>\n<p>La r\u00e9action de la communaut\u00e9 internationale \u00e0 l\u2019\u00e9lection a \u00e9t\u00e9 extr\u00eamement positive. L\u2019Union des Nations de l\u2019Am\u00e9rique du Sud a pleinement approuv\u00e9 les travaux, comme l\u2019ont fait de nombreux autres \u00c9tats importants comme le Canada, le Mexique, la Russie et l\u2019Espagne. En fait, le seul pays au monde qui n\u2019a pas rapidement reconnu les r\u00e9sultats \u00e9tait les \u00c9tats-Unis. Et ce, malgr\u00e9 le fait que le <i><b>Centre Carter<\/b><\/i>, une organisation d\u2019observation \u00e9lectorale ayant re\u00e7u le prix Nobel et que le gouvernement \u00e9tats-unien a m\u00eame financ\u00e9 pour observer des \u00e9lections, les a approuv\u00e9es. Elle a constat\u00e9 qu\u2019en fait, Capriles a re\u00e7u presque trois fois plus de couverture que Maduro \u00e0 la t\u00e9l\u00e9vision, la plupart \u00e9tant positive, alors que la couverture de Maduro \u00e9tait surtout n\u00e9gative. En outre, il a constat\u00e9 que moins d\u2019un pour cent des personnes ont d\u00e9clar\u00e9 avoir subi des pressions pour voter dans un sens ou dans l\u2019autre, alors que deux fois plus de personnes ont \u00e9t\u00e9 pouss\u00e9es \u00e0 voter pour Capriles que pour Maduro. <a href=\"http:\/\/www.cartercenter.org\/resources\/pdfs\/news\/peace_publications\/election_reports\/venezuela-pre-election-rpt-2013.pdf.\"><b>(35)<\/b><\/a> En 2012, l\u2019ancien pr\u00e9sident Jimmy Carter a not\u00e9 que le syst\u00e8me \u00e9lectoral au Venezuela \u00e9tait \u00a0\u00bb <a href=\"https:\/\/www.globalresearch.ca\/former-us-president-carter-venezuelan-electoral-system-best-in-the-world\/5305779\">le meilleur au monde<\/a> \u00ab\u00a0.<\/p>\n<p>N\u00e9anmoins, les m\u00e9dias occidentaux ont recycl\u00e9 leur discours et pr\u00e9sent\u00e9 ce scrutin comme un combat injuste entre une opposition d\u00e9mocratique, courageuse et louable, et un gouvernement autoritaire qui avait <i>\u00a0\u00bb drill\u00e9 \u00a0\u00bb ses \u00a0\u00bb partisans pauvres avec fr\u00e9n\u00e9sie \u00ab\u00a0<\/i> (<b>The Daily Telegraph<\/b>, 6 mars 2013) et pouvait compter \u00ab\u00a0sur le soutien aveugle\u00a0\u00bb d\u2019un million de clients citoyens et leurs familles \u00ab\u00a0<i>qui ont d\u00fb voter pour leur gouvernement du fait de leur travail dans le secteur public.\u00a0<\/i>\u00bb (<b>The Daily Telegraph<\/b>, 7 mars 2013). Il \u00e9voquait \u00e9galement une forte possibilit\u00e9 que, si les chavistes perdaient, ils pourraient ne pas accepter le r\u00e9sultat. Par exemple, <b>The Guardian<\/b> (5 mars 2013) \u00e9crit\u00a0: \u00ab\u00a0<i>Les questions abondent. Si Capriles gagne, les milices et factions civiles chavistes des forces arm\u00e9es l\u2019accepteront-elles ?\u00a0\u00bb<\/i>.<\/p>\n<p>De telles citations soulignent le m\u00e9pris de classe des m\u00e9dias europ\u00e9ens \u00e0 l\u2019\u00e9gard des groupes chavistes. Ils d\u00e9montrent \u00e9galement la m\u00eame tendance \u00e0 \u00ab\u00a0paramilitariser\u00a0\u00bb ces groupes comme Hernandez l\u2019a analys\u00e9 dans les <a href=\"https:\/\/venezuelainfos.wordpress.com\/2015\/03\/12\/thomas-cluzel-ou-linterdiction-dinformer-sur-france-culture\/\">m\u00e9dias v\u00e9n\u00e9zu\u00e9liens eux-m\u00eames, qui sont en majorit\u00e9 d\u2019opposition<\/a>. En r\u00e9alit\u00e9, les chavistes ont toujours accept\u00e9 leurs d\u00e9faites, de mani\u00e8re imm\u00e9diate, m\u00eame en cas de scrutins serr\u00e9s comme lors du r\u00e9f\u00e9rendum de 2007 \u2013 alors que l\u2019opposition a continuellement refus\u00e9 d\u2019accepter les r\u00e9sultats des \u00e9lections et a eu recours \u00e0 la violence dans un certain nombre de cas. Elle a de fait refus\u00e9 d\u2019accepter les victoires chavistes jusqu\u2019en 2006. Capriles lui-m\u00eame avait des ant\u00e9c\u00e9dents de violence, notamment l\u2019enl\u00e8vement du ministre de l\u2019Int\u00e9rieur lors du coup d\u2019\u00c9tat de 2002 et le leadership d\u2019une foule qui a attaqu\u00e9 l\u2019ambassade de Cuba. Pourtant, les m\u00e9dias n\u2019ont jamais pos\u00e9 la question de savoir si l\u2019opposition reconna\u00eetrait le verdict des urnes (ce qu\u2019elle n\u2019a d\u2019ailleurs pas fait). Le qualificatif \u00ab\u00a0milices\u00a0\u00bb fait r\u00e9f\u00e9rence aux cercles bolivariens, que les chavistes appellent organisations populaires, mais qui sont fr\u00e9quemment d\u00e9crits comme des paramilitaires arm\u00e9s par l\u2019opposition v\u00e9n\u00e9zu\u00e9lienne. Notre \u00e9tude montre qu\u2019aucune organisation d\u2019opposition n\u2019a \u00e9t\u00e9 qualifi\u00e9e de milice, m\u00eame arm\u00e9e, alors que ses commandos ont men\u00e9 des attaques nocturnes contre l\u2019arm\u00e9e et la police v\u00e9n\u00e9zu\u00e9liennes. Par contre le <b>Daily Telegraph<\/b> (14 avril 2013) \u00e9crit : <i>\u00ab\u00a0Beaucoup se sont demand\u00e9s si M. Maduro et ses partisans chavistes accepteraient une victoire de l\u2019opposition si elle se produisait<\/i><i> \u2013 et ils ont pr\u00e9dit la violence si elle se produisait.\u00a0\u00bb. <\/i><b>Le Miami Herald<\/b> (5 mars 2013) s\u2019inqui\u00e8te lui aussi de la violence, citant un observateur : <i>\u00ab\u00a0Armando, 29 ans, a d\u00e9clar\u00e9 que sa joie \u00e9tait temp\u00e9r\u00e9e par la r\u00e9action des supporters pro-Ch\u00e1vez, connus sous le nom de chavistes, chez eux. C\u2019est la premi\u00e8re \u00e9tape d\u2019un grand changement\u00a0\u00bb <\/i>a-t-il d\u00e9clar\u00e9<i>. \u00ab\u00a0J\u2019esp\u00e8re que rien de mal n\u2019arrivera et que les ignorants n\u2019auront pas recours \u00e0 la violence.\u00a0\u00bb<\/i><\/p>\n<p>Heureusement, aucun \u00a0\u00bb ignorant \u00a0\u00bb n\u2019a eu recours \u00e0 la violence. La \u00ab\u00a0foule\u00a0\u00bb est rest\u00e9e \u00e0 la maison, pacifiquement. Et malheureusement, c\u2019est le candidat de la droite, Henrique Capriles qui a demand\u00e9 \u00e0 ses partisans de la soci\u00e9t\u00e9 civile \u00ab\u00a0d\u2019exprimer leur col\u00e8re dans la rue\u00a0\u00bb. Les \u00e9meutes qui ont suivi ont entra\u00een\u00e9 la mort de sept personnes, toutes chavistes. <b>(36)<\/b><\/p>\n<p>N\u2019ayant aucune perspective d\u2019acc\u00e9der rapidement au pouvoir apr\u00e8s avoir perdu les \u00e9lections de 2013, l\u2019opposition s\u2019est scind\u00e9e en deux factions. La plus mod\u00e9r\u00e9e \u00e9tait dirig\u00e9e par Henrique Capriles, et se disait favorable \u00e0 la poursuite de la voie \u00e9lectorale. L\u2019autre, men\u00e9e par <b>Leopoldo Lopez,<\/b> pr\u00e9f\u00e9rait en revenir \u00e0 la tactique du putsch violent. Lopez argumentait en octobre 2013 :<i> \u00ab\u00a0Nous devons acc\u00e9l\u00e9rer la sortie du gouvernement\u2026 Nicolas Maduro doit partir le plus t\u00f4t possible\u2026 selon moi, la m\u00e9thode est secondaire, ce qui est important, c\u2019est la d\u00e9termination \u00e0 atteindre nos objectifs \u00e0 tout prix\u00a0\u00bb<\/i> <a href=\"http:\/\/www.telesurtv.net\/english\/analysis\/The-Distorted-Democracy-of-Leopoldo-Lopez-20150129-0022.html\"><b>(37)<\/b><\/a>.<\/p>\n<p>Lopez a pers\u00e9v\u00e9r\u00e9 dans ces plans d\u2019action. Au printemps et \u00e0 l\u2019\u00e9t\u00e9 2014, des manifestations anti-gouvernementales ont occup\u00e9 les quartiers ais\u00e9s de l\u2019Est de Caracas et des zones frontali\u00e8res avec la Colombie, comme l\u2019\u00e9tat du Tachira. Elles s\u2019\u00e9taient auto-baptis\u00e9es <i>La Salida<\/i> (<i>la sortie [de Maduro]<\/i>) ou \u00ab\u00a0<i>guarimbas<\/i>\u00a0\u00bb (barrages et violences d\u2019extr\u00eame droite, NdT). Quarante-trois personnes sont mortes dans des affrontements tr\u00e8s m\u00e9diatis\u00e9s entre l\u2019opposition et les forces gouvernementales, dont quatorze directement imputables aux forces de s\u00e9curit\u00e9 gouvernementales et vingt-trois \u00e0 la violence de l\u2019opposition. <b>(38)<\/b> Les manifestations prolong\u00e9es ont caus\u00e9 d\u2019\u00e9normes d\u00e9g\u00e2ts et perturbations dans le pays, \u00e9valu\u00e9s \u00e0 15 milliards de dollars par le gouvernement bolivarien.<\/p>\n<p>Les chavistes reconnaissent que la police et la Garde nationale sont coupables de certains meurtres, mais affirment que le gouvernement a fait preuve d\u2019une \u00a0\u00bb \u00e9tonnante retenue \u00a0\u00bb face \u00e0 une tentative de coup d\u2019\u00c9tat violent. Les opposants conc\u00e8dent que les manifestants ont fait de nombreux morts, mais accusent la r\u00e9pression gouvernementale qui selon a \u00e9t\u00e9 pire, entra\u00eenant un \u00a0\u00bb pogrom tropical \u00a0\u00bb g\u00e9n\u00e9ralis\u00e9 contre des groupes de la soci\u00e9t\u00e9 civile largement pacifiques. <b>(39)<\/b> Les m\u00e9dias v\u00e9n\u00e9zu\u00e9liens, en majorit\u00e9 d\u2019opposition, ont g\u00e9n\u00e9ralement favoris\u00e9 la seconde interpr\u00e9tation. <b>El Universal<\/b> (19 mars 2014), par exemple, a condamn\u00e9 la<i> \u00ab\u00a0 violence des chavistes\u00a0\u00bb, et de leurs \u00ab\u00a0 groupes arm\u00e9s\u00a0\u00bb contre \u00ab\u00a0 les \u00e9tudiants et les familles qui ont manifest\u00e9 pacifiquement\u00a0\u00bb. <\/i><\/p>\n<p>C\u2019est cette interpr\u00e9tation qui dominait en Occident. Ciccariello-Maher note comment les manifestants se sont habilement pr\u00e9sent\u00e9s sur les r\u00e9seaux sociaux comme <a href=\"http:\/\/wp.me\/p2ahp2-1js\"><b>une sorte de \u00ab\u00a0Printemps arabe\u00a0\u00bb\u00a0ou des mouvements d\u2019occupation sous le masque de Guy Fawkes<\/b><\/a>, faisant circuler des images montrant une pr\u00e9tendue r\u00e9pression gouvernementale, malgr\u00e9 le fait que de nombreuses images ne venaient m\u00eame pas du Venezuela. <a href=\"https:\/\/www.thenation.com\/article\/lasalida-venezuela\/\"><b>(40)<\/b><\/a> Les \u00e9v\u00e9nements ont fait la une des r\u00e9seaux sociaux \u00e0 travers le monde, faisant la manchette des journaux et des c\u00e9l\u00e9brit\u00e9s comme Cher, Madonna et Kevin Spacey ont apport\u00e9 leur soutien total aux opposants.<\/p>\n<p>Les V\u00e9n\u00e9zu\u00e9liens, les m\u00e9dias et les universitaires ont imm\u00e9diatement remarqu\u00e9 l\u2019aspect de classe et racial des manifestations. <b>(41)<\/b> Des \u00e9tudiants de peau claire, provenant des universit\u00e9s priv\u00e9es de la bourgeoisie, ont co-dirig\u00e9 les \u00ab\u00a0guarimbas\u00a0\u00bb avec des paramilitaires colombiens et des membres de la p\u00e8gre. Celles-ci ont eu lieu dans seulement 18 des 335 municipalit\u00e9s du pays, c\u2019est-\u00e0-dire principalement dans des zones riches, blanches et contr\u00f4l\u00e9es par l\u2019opposition. Elles ne se sont pas propag\u00e9es aux zones populaires o\u00f9 vit 80% de la population, m\u00e9tiss\u00e9e, invisible dans les m\u00e9dias occidentaux. Les \u00ab\u00a0guarimbas\u00a0\u00bb \u00e9taient tr\u00e8s impopulaires, les <a href=\"http:\/\/www.hinterlaces.com\/graficos\/73-de-los-habitantes-en-chacao-rechazan-protestas-violentas\"><b>sondages priv\u00e9s <\/b><\/a>ayant constat\u00e9 qu\u2019en avril, les deux tiers des V\u00e9n\u00e9zu\u00e9liens \u00e9taient <b>contre eux<\/b> (bien qu\u2019une majorit\u00e9 de riches V\u00e9n\u00e9zu\u00e9liens les aient soutenus), les autres les estimant impopulaires \u00e0 hauteur de 87\u00a0%. Cela \u00e9tait principalement d\u00fb \u00e0 leur violence, qui comprenait l\u2019attaque de magasins d\u2019alimentation du gouvernement, des incendies ou attaques aux explosifs contre le m\u00e9tro de Caracas, l\u2019attaque de centres de sant\u00e9 qui a mis en p\u00e9ril plus de 160 patients qui ont risqu\u00e9 de br\u00fbler vifs, la destruction d\u2019universit\u00e9s libres visant les \u00e9tudiants pauvres ou des logements sociaux construits pour les secteurs populaires, l\u2019attaque de jardins d\u2019enfants, l\u2019intoxication de l\u2019eau potable et m\u00eame l\u2019assassinat de passants non mobilis\u00e9s politiquement. <a href=\"https:\/\/foreignpolicy.com\/2015\/07\/27\/the-making-of-leopoldo-lopez-democratic-venezuela-opposition\/\"><b>(42)<\/b><\/a> La liste des cibles repr\u00e9sentait un message politique clair : les institutions attaqu\u00e9es \u00e9taient les repr\u00e9sentants des programmes-phares du socialisme bolivarien en mati\u00e8re de sant\u00e9, d\u2019\u00e9ducation, de transport et de logement, programmes soutenus par les classes populaires \u00e0 la peau brune.<\/p>\n<p><img decoding=\"async\" class=\" size-full wp-image-10720 aligncenter\" src=\"https:\/\/venezuelainfos.files.wordpress.com\/2017\/07\/terroristas-guarimberos.jpg?w=523\" sizes=\"(max-width: 523px) 100vw, 523px\" srcset=\"https:\/\/venezuelainfos.files.wordpress.com\/2017\/07\/terroristas-guarimberos.jpg?w=523 523w, https:\/\/venezuelainfos.files.wordpress.com\/2017\/07\/terroristas-guarimberos.jpg?w=150 150w, https:\/\/venezuelainfos.files.wordpress.com\/2017\/07\/terroristas-guarimberos.jpg?w=300 300w, https:\/\/venezuelainfos.files.wordpress.com\/2017\/07\/terroristas-guarimberos.jpg 700w\" alt=\"Terroristas-Guarimberos\" data-attachment-id=\"10720\" data-permalink=\"https:\/\/venezuelainfos.wordpress.com\/2017\/07\/07\/venezuela-la-rebellion-des-riches\/terroristas-guarimberos\/\" data-orig-file=\"https:\/\/venezuelainfos.files.wordpress.com\/2017\/07\/terroristas-guarimberos.jpg?w=523\" data-orig-size=\"700,400\" data-comments-opened=\"1\" data-image-meta=\"{&quot;aperture&quot;:&quot;0&quot;,&quot;credit&quot;:&quot;&quot;,&quot;camera&quot;:&quot;&quot;,&quot;caption&quot;:&quot;&quot;,&quot;created_timestamp&quot;:&quot;0&quot;,&quot;copyright&quot;:&quot;&quot;,&quot;focal_length&quot;:&quot;0&quot;,&quot;iso&quot;:&quot;0&quot;,&quot;shutter_speed&quot;:&quot;0&quot;,&quot;title&quot;:&quot;&quot;,&quot;orientation&quot;:&quot;0&quot;}\" data-image-title=\"Terroristas-Guarimberos\" data-image-description=\"\" data-medium-file=\"https:\/\/venezuelainfos.files.wordpress.com\/2017\/07\/terroristas-guarimberos.jpg?w=523?w=300\" data-large-file=\"https:\/\/venezuelainfos.files.wordpress.com\/2017\/07\/terroristas-guarimberos.jpg?w=523?w=523\" \/><\/p>\n<div id=\"attachment_4961\" class=\"wp-caption aligncenter\" data-shortcode=\"caption\"><img decoding=\"async\" class=\" wp-image-4961 aligncenter\" src=\"https:\/\/venezuelainfos.files.wordpress.com\/2014\/03\/foto-guarimberos.jpg?w=680&amp;h=452\" sizes=\"(max-width: 680px) 100vw, 680px\" srcset=\"https:\/\/venezuelainfos.files.wordpress.com\/2014\/03\/foto-guarimberos.jpg 418w, https:\/\/venezuelainfos.files.wordpress.com\/2014\/03\/foto-guarimberos.jpg?w=150&amp;h=100 150w, https:\/\/venezuelainfos.files.wordpress.com\/2014\/03\/foto-guarimberos.jpg?w=300&amp;h=200 300w\" alt=\"foto-guarimberos\" width=\"680\" height=\"452\" aria-describedby=\"caption-attachment-4961\" data-attachment-id=\"4961\" data-permalink=\"https:\/\/venezuelainfos.wordpress.com\/2014\/03\/07\/orwell-renvoye-au-vestiaire\/foto-guarimberos\/\" data-orig-file=\"https:\/\/venezuelainfos.files.wordpress.com\/2014\/03\/foto-guarimberos.jpg?w=680&amp;h=452\" data-orig-size=\"418,278\" data-comments-opened=\"1\" data-image-meta=\"{&quot;aperture&quot;:&quot;0&quot;,&quot;credit&quot;:&quot;&quot;,&quot;camera&quot;:&quot;&quot;,&quot;caption&quot;:&quot;&quot;,&quot;created_timestamp&quot;:&quot;0&quot;,&quot;copyright&quot;:&quot;&quot;,&quot;focal_length&quot;:&quot;0&quot;,&quot;iso&quot;:&quot;0&quot;,&quot;shutter_speed&quot;:&quot;0&quot;,&quot;title&quot;:&quot;&quot;}\" data-image-title=\"foto-guarimberos\" data-image-description=\"\" data-medium-file=\"https:\/\/venezuelainfos.files.wordpress.com\/2014\/03\/foto-guarimberos.jpg?w=680&amp;h=452?w=300\" data-large-file=\"https:\/\/venezuelainfos.files.wordpress.com\/2014\/03\/foto-guarimberos.jpg?w=680&amp;h=452?w=418\" \/><\/p>\n<p id=\"caption-attachment-4961\" class=\"wp-caption-text\">Dans un quartier hupp\u00e9 de Caracas, les \u00ab\u00a0guarimberos\u00a0\u00bb d\u2019extr\u00eame droite, pr\u00e9sent\u00e9s comme \u00ab\u00a0combattants de la libert\u00e9\u00a0\u00bb en lutte contre une dictature sur les\u00a0 \u00e9crans occidentaux.<\/p>\n<\/div>\n<p><img decoding=\"async\" class=\"wp-image-17515 aligncenter\" src=\"https:\/\/venezuelainfos.files.wordpress.com\/2019\/03\/safe_image-php1.jpg?w=675&amp;h=351\" sizes=\"(max-width: 675px) 100vw, 675px\" srcset=\"https:\/\/venezuelainfos.files.wordpress.com\/2019\/03\/safe_image-php1.jpg 377w, https:\/\/venezuelainfos.files.wordpress.com\/2019\/03\/safe_image-php1.jpg?w=150&amp;h=78 150w, https:\/\/venezuelainfos.files.wordpress.com\/2019\/03\/safe_image-php1.jpg?w=300&amp;h=156 300w\" alt=\"safe_image-php1.jpg\" width=\"675\" height=\"351\" data-attachment-id=\"17515\" data-permalink=\"https:\/\/venezuelainfos.wordpress.com\/2019\/03\/10\/voyous-chavistes-contre-societe-civile-racisme-et-mepris-de-classe-des-medias-occidentaux-sur-le-venezuela-par-alan-macleod-fair\/safe_image-php1\/\" data-orig-file=\"https:\/\/venezuelainfos.files.wordpress.com\/2019\/03\/safe_image-php1.jpg?w=675&amp;h=351\" data-orig-size=\"377,196\" data-comments-opened=\"1\" data-image-meta=\"{&quot;aperture&quot;:&quot;0&quot;,&quot;credit&quot;:&quot;&quot;,&quot;camera&quot;:&quot;&quot;,&quot;caption&quot;:&quot;&quot;,&quot;created_timestamp&quot;:&quot;0&quot;,&quot;copyright&quot;:&quot;&quot;,&quot;focal_length&quot;:&quot;0&quot;,&quot;iso&quot;:&quot;0&quot;,&quot;shutter_speed&quot;:&quot;0&quot;,&quot;title&quot;:&quot;&quot;,&quot;orientation&quot;:&quot;0&quot;}\" data-image-title=\"safe_image-php1\" data-image-description=\"\" data-medium-file=\"https:\/\/venezuelainfos.files.wordpress.com\/2019\/03\/safe_image-php1.jpg?w=675&amp;h=351?w=300\" data-large-file=\"https:\/\/venezuelainfos.files.wordpress.com\/2019\/03\/safe_image-php1.jpg?w=675&amp;h=351?w=377\" \/>Pourtant, les m\u00e9dias ne pr\u00e9sent\u00e8rent pas ces violences de l\u2019extr\u00eame droite comme venant des m\u00eames participants que ceux de la tentative de coup d\u2019Etat contre Chavez en 2002, mais comme les actions de manifestants pacifiques vertueux soumis \u00e0 une agression violente de la part d\u2019une dictature et ses sbires.<\/p>\n<p>De fait, dans les news de t\u00e9l\u00e9vision, la chronologie du montage s\u2019inversait. La r\u00e9ponse des forces de s\u00e9curit\u00e9 pr\u00e9c\u00e9dait les violences de l\u2019extr\u00eame droite, comme s\u2019il s\u2019agissait d\u2019une r\u00e9pression politique contre la population. L\u2019<i><b>Independent<\/b><\/i> (18 f\u00e9vrier 2014) a not\u00e9 que la Maison-Blanche s\u2019\u00e9tait inqui\u00e9t\u00e9e du fait que le gouvernement utilisait les forces de s\u00e9curit\u00e9 et les gangs arm\u00e9s pour disperser des \u00ab\u00a0manifestations pacifiques\u00a0\u00bb. Tandis que <b>le Times<\/b> (15 avril 2014) affirmait que <i>\u00ab\u00a0les Colectivos ha\u00efs \u2013 des gangs arm\u00e9s de loyalistes du gouvernement \u00e0 moto \u2013 se sont pr\u00e9sent\u00e9s devant les maisons des manifestants \u00e9tudiants et ont menac\u00e9 de les tuer\u00a0\u00bb<\/i>. Pour ne pas \u00eatre en reste, le <b>Daily Telegraph<\/b> (21 f\u00e9vrier 2014) pr\u00e9senta le Venezuela comme tombant dans une <a href=\"https:\/\/fr.wikipedia.org\/wiki\/Ochlocratie\">ochlocratie<\/a>, d\u00e9clarant que: <i>\u00ab\u00a0Maduro a laiss\u00e9 les pires personnes prendre le pouvoir \u2013 abandonner l\u2019autorit\u00e9 \u00e0 des foules radicales et \u00e0 des fonctionnaires corrompus dans le but de les garder tous de son c\u00f4t\u00e9\u00a0\u00bb. De plus, \u00ab\u00a0 sous la surface, la soci\u00e9t\u00e9 civile pouvait encore survivre<\/i><i>.<\/i><i> Maintenant que Chavez est mort et que la magie a disparu, c\u2019est le chaos\u00a0\u00bb<\/i>.<\/p>\n<p>Pour les m\u00e9dias, les \u00ab\u00a0pires personnes\u00a0\u00bb n\u2019\u00e9taient donc pas celles qui tendaient des filins d\u2019acier dans les rues pour \u00e9gorger les travailleurs se rendant en moto \u00e0 leur travail, ou qui attaquaient des maternit\u00e9s \u00e0 l\u2019explosif, non : ceux-l\u00e0 \u00e9taient repr\u00e9sent\u00e9s comme une \u00ab\u00a0soci\u00e9t\u00e9 civile\u00a0\u00bb qui \u00ab\u00a0protestait pacifiquement\u00a0\u00bb. Les \u00ab\u00a0pires personnes\u00a0\u00bb \u00e9taient les groupes de la classe ouvri\u00e8re v\u00e9n\u00e9zu\u00e9lienne qui ne soutenaient pas ces violences.<\/p>\n<p>En fin de compte, les journaux britanniques n\u2019ont fait que reprendre la vision sociale de l\u2019opposition locale : pr\u00e9senter les groupes d\u2019opposition comme des \u00ab\u00a0manifestants\u00a0\u00bb respectables de la soci\u00e9t\u00e9 civile usant de leur droit de manifester, tout en d\u00e9nigrant simultan\u00e9ment les groupes chavistes comme des \u00ab\u00a0gangs\u00a0\u00bb ou des \u00ab\u00a0foules violentes et d\u00e9c\u00e9r\u00e9br\u00e9es\u00a0\u00bb. Aucun groupe d\u2019opposition n\u2019a jamais \u00e9t\u00e9 qualifi\u00e9 de \u00ab\u00a0horde\u00a0\u00bb ou de \u00ab\u00a0foule\u00a0\u00bb alors qu\u2019un groupe ouvrier ou chaviste n\u2019a jamais \u00e9t\u00e9 qualifi\u00e9 de \u00ab\u00a0soci\u00e9t\u00e9 civile\u00a0\u00bb dans l\u2019ensemble des 501 articles de l\u2019\u00e9chantillon.<\/p>\n<p>Les journaux \u00e9tats-uniens sont all\u00e9s plus loin encore, pr\u00e9sentant comme des \u00ab\u00a0faits\u00a0\u00bb des affirmations tr\u00e8s douteuses sur les responsables de la violence et exigeant une action internationale voire un changement de \u00ab\u00a0r\u00e9gime\u00a0\u00bb. Le <b>Washington Post<\/b> (30 mars 2014) a \u00e9crit : <i>\u00ab\u00a0Les V\u00e9n\u00e9zu\u00e9liens sont d\u00e9sesp\u00e9r\u00e9s par le manque d\u2019int\u00e9r\u00eat de la communaut\u00e9 internationale pour la crise politique qui secoue leur pays. Depuis le d\u00e9but des manifestations anti-gouvernementales au d\u00e9but du mois dernier, au moins 34 personnes ont \u00e9t\u00e9 tu\u00e9es, pour la plupart des partisans de l\u2019opposition abattus par les forces de s\u00e9curit\u00e9 ou des gangs soutenus par le gouvernement.\u00a0\u00bb<\/i><\/p>\n<p>Cela soul\u00e8ve la question de savoir qui est exactement un V\u00e9n\u00e9zu\u00e9lien pour le Washington Post. \u00c9videmment pas la grande majorit\u00e9 des V\u00e9n\u00e9zu\u00e9liens pour la plupart \u00e0 la peau sombre, pour la plupart de la classe ouvri\u00e8re, qui s\u2019opposaient aux violences de l\u2019extr\u00eame droite. Imaginons une situation similaire aux \u00c9tats-Unis. Si les militant(e)s du mouvement <i>Black Lives Matter<\/i> avait bombard\u00e9 des b\u00e2timents du gouvernement am\u00e9ricain dans une tentative ouverte de renverser le pr\u00e9sident en tuant des membres de la police, de la Garde nationale ou des forces arm\u00e9es, seraient-il d\u00e9crits comme des \u00ab\u00a0manifestants pacifiques\u00a0\u00bb par ces m\u00eames m\u00e9dias\u00a0?<\/p>\n<p>Le<b> Miami Herald <\/b>(17 f\u00e9vrier 2014) a qualifi\u00e9 les \u00e9v\u00e9nements de <i>\u00ab\u00a0manifestations\u00a0\u00bb dirig\u00e9es par un \u00ab\u00a0dirigeant responsable\u00a0\u00bb Lopez qui voulait une \u00ab\u00a0marche pacifique\u00a0\u00bb pour \u00ab\u00a0mettre fin aux pers\u00e9cutions et pour obtenir la libert\u00e9 des manifestants d\u00e9tenus\u00a0\u00bb<\/i> mais qu\u00a0\u2018<i>\u00ab\u00a0au lieu de r\u00e9pondre aux pr\u00e9occupations des manifestants en changeant de cap ou en parlant \u00e0 ses adversaires, M. Maduro a lib\u00e9r\u00e9 des voyous soutenus par le gouvernement qui ont rapidement aggrav\u00e9 la violence dans la rue<\/i> \u00bb. <b>Le Miami Herald<\/b> (26 f\u00e9vrier 2014) a \u00e9galement r\u00e9primand\u00e9 le pr\u00e9sident Obama pour son inaction, affirmant que <i>\u00ab\u00a0de nombreux experts latino-am\u00e9ricains \u00e0 Washington s\u2019accordent \u00e0 dire que l\u2019administration Obama ne peut fermer les yeux sur le massacre de manifestants pacifiques par des voyous arm\u00e9s soutenus par le gouvernement\u00a0\u00bb<\/i><i>.<\/i><\/p>\n<p>Cependant, les \u00ab\u00a0guarimbas\u00a0\u00bb violentes de 2014 ont perdu leur popularit\u00e9 et le soutien international. En effet, l\u2019<a href=\"https:\/\/venezuelainfos.wordpress.com\/2013\/04\/19\/lunion-des-nations-sud-americaines-unasur-demande-a-lopposition-venezuelienne-de-reconnaitre-la-decision-des-electeurs-et-va-enqueter-sur-ses-violences\/\"><i><b>Union des Nations Sud-am\u00e9ricaines<\/b><\/i><b> a fermement soutenu Maduro et condamn\u00e9 la violence de l\u2019opposition<\/b><\/a>, de nombreuses nations qualifiant ces violences comme venant de putschistes pr\u00e9parant une eni\u00e8me tentative de coup d\u2019\u00c9tat con\u00e7ue par le gouvernement am\u00e9ricain.<\/p>\n<p>L\u2019utilisation du mot <i>\u00ab\u00a0<\/i><i><b>voyou<\/b><\/i><i>\u00a0\u00bb<\/i> \u00e9tait particuli\u00e8rement r\u00e9pandue et remarquable dans l\u2019\u00e9chantillon. Les exemples cit\u00e9s ci-dessus ont \u00e9t\u00e9 \u00e9crits par des occidentaux pour un public \u00e9tats-unien. Ceux qui \u00e9crivent ou lisent les articles comprennent vite ce que signifie \u00ab\u00a0 voyou\u00a0\u00bb dans un contexte \u00e9tats-unien. <b>Aujourd\u2019hui, le mot vise \u00e0 diaboliser et \u00e0 criminaliser les hommes noirs, comme l\u2019explique Coleman. Il a supplant\u00e9 <\/b><i><b>\u00ab\u00a0n\u00e8gre\u00a0\u00bb<\/b><\/i><b> dans le langage courant<\/b> <a href=\"https:\/\/www.ebony.com\/news\/thug-is-the-new-n-word-504\/\"><b>(44)<\/b><\/a>.<\/p>\n<p>Au total, 20 des 501 articles, soit 4%, utilisaient le stigmate racial le plus fort pour d\u00e9signer les groupes ouvriers. Il convient de noter qu\u2019il ne s\u2019agissait pas de 4 % des articles sur les partisans de Chavez, mais de 4 % de tous les articles pertinents comprenant le mot \u00a0\u00bb Venezuela \u00a0\u00bb dans le texte. Cela comprenait des articles sur le p\u00e9trole, les \u00e9quipes de baseball, la n\u00e9crologie, les probl\u00e8mes des habitants de Miami et les actions du gouvernement am\u00e9ricain. L\u2019usage du mot a \u00e9t\u00e9 beaucoup plus courant dans les p\u00e9riodes d\u2019\u00e9chantillonnage ult\u00e9rieures (2013, 2014), longtemps apr\u00e8s que sa signification ait \u00e9t\u00e9 bien document\u00e9e et comprise. L\u2019\u00e9tude a \u00e9galement suivi l\u2019utilisation du terme \u00ab\u00a0voyou\u00a0\u00bb pour d\u00e9signer les groupes d\u2019opposition ou de classe moyenne. Ce terme n\u2019est pas utilis\u00e9 pour ces groupes d\u2019opposition ou pour la classe moyenne.<\/p>\n<p>L\u2019utilisation de ce mot pour d\u00e9crire les chavistes \u00e9tait \u00e9galement courante dans la presse britannique.<b> Le Guardian<\/b> (7 mars 2013) a affirm\u00e9 que <i>\u00ab\u00a0les groupes civils arm\u00e9s et voyous ont \u00e9galement jur\u00e9 de d\u00e9fendre la r\u00e9volution contre les ennemis \u00e0 l\u2019int\u00e9rieur et \u00e0 l\u2019ext\u00e9rieur\u00a0\u00bb<\/i>. Tandis que <b>The Telegraph<\/b> (7 mars 2013) racontait qu\u2019aux fun\u00e9railles de Chavez, <i>\u00ab\u00a0pendant un moment, il y a eu une situation tendue, car le garde \u2013 un voyou de 18 ans \u00e0 peine \u2013 exigeait de savoir qui prenait une photo\u00a0\u00bb.<\/i><\/p>\n<p>L\u2019utilisation du mot \u00a0\u00bb voyou \u00a0\u00bb pour d\u00e9signer uniquement les groupes de classe inf\u00e9rieure \u00e0 la peau sombre et jamais les groupes d\u2019opposition, m\u00eame lorsqu\u2019ils se livraient \u00e0 la violence, ne fait que renforcer l\u2019id\u00e9e qu\u2019il s\u2019agit de racisme.<\/p>\n<h4>5. Conclusion<\/h4>\n<p>Depuis 1998, les m\u00e9dias occidentaux ont montr\u00e9 une tendance \u00e9crasante \u00e0 repr\u00e9senter les groupes chavistes comme \u00ab\u00a0des gangs, des hordes ou des foules dangereuses\u00a0\u00bb tout en pr\u00e9sentant simultan\u00e9ment les groupes d\u2019opposition comme des membres respectables de la soci\u00e9t\u00e9 civile, refl\u00e9tant les positions des m\u00e9dias locaux. Chaque fois que des mots tels que \u00ab\u00a0<i>mafia, gangs, hordes\u00a0<\/i>\u00bb \u00e9taient utilis\u00e9s, c\u2019\u00e9tait uniquement en r\u00e9f\u00e9rence aux organisations sympathisantes du gouvernement, ouvri\u00e8res, \u00e0 la peau sombre, et jamais pour d\u00e9crire les groupes d\u2019opposition, en grande partie blancs et de classe sup\u00e9rieure. De m\u00eame, le terme \u00ab\u00a0voyou\u00a0\u00bb n\u2019a \u00e9t\u00e9 utilis\u00e9 que pour d\u00e9crire les chavistes dans un contexte o\u00f9 \u00ab\u00a0chaviste et noir\u00a0\u00bb sont compris comme \u00e9tant pratiquement synonymes.<\/p>\n<p>Les p\u00e9riodes d\u2019\u00e9chantillonnage concernent l\u2019apog\u00e9e des offensives de l\u2019opposition pour forcer les chavistes \u00e0 quitter le pouvoir, par la violence. En 2002, cette opposition a d\u00e9j\u00e0 foment\u00e9 un coup d\u2019\u00c9tat mortel contre le gouvernement d\u00e9mocratiquement \u00e9lu, mettant en place une dictature de courte dur\u00e9e. En 2013, l\u2019opposition a refus\u00e9 d\u2019accepter le r\u00e9sultat d\u2019\u00e9lections internationalement reconnues, ce qui a entra\u00een\u00e9 des \u00e9meutes meurtri\u00e8res. Et en 2014, elle a lanc\u00e9 un nouveau cycle de violences pour destituer de force le pr\u00e9sident. <b>Pourtant, dans les sept journaux \u00e9chantillonn\u00e9s, ces groupes d\u2019opposition ont \u00e9t\u00e9 qualifi\u00e9s de \u00ab\u00a0soci\u00e9t\u00e9 civile\u00a0\u00bb, tandis que ceux qui s\u2019opposaient \u00e0 leurs actions \u00e9taient des \u00ab\u00a0foules\u00a0\u00bb, des \u00ab\u00a0voyous\u00a0\u00bb et des \u00ab\u00a0hordes paramilitaires\u00a0\u00bb.<\/b><\/p>\n<p>En pr\u00e9sentant les chavistes comme des paramilitaires intrins\u00e8quement violents, les m\u00e9dias occidentaux ont reproduit la vision diffus\u00e9e par les m\u00e9dias v\u00e9n\u00e9zu\u00e9liens d\u2019opposition, selon Hernandez. Cette matrice d\u2019opinon de la droite v\u00e9n\u00e9zu\u00e9lienne, reprises par ses m\u00e9dias, affleure dans les m\u00e9dias occidentaux pour dire, comme le d\u00e9montre Lupien, que les partisans du gouvernement bolivarien sont \u00ab\u00a0irrationnels et irr\u00e9fl\u00e9chis, jouets d\u2019un ma\u00eetre d\u00e9magogue illusionniste, qui les a drill\u00e9s avec fr\u00e9n\u00e9sie\u00a0\u00bb <b>(45)<\/b>.<\/p>\n<p>Les sept journaux de cet \u00e9chantillon ont suivi de tr\u00e8s pr\u00e8s cette distinction entre groupes de la \u00ab\u00a0soci\u00e9t\u00e9 civile de l\u2019opposition\u00a0\u00bb et \u00ab\u00a0foule chaviste\u00a0\u00bb \u2013 voir l\u2019analyse de Duno-Gottberg. <b>(46)<\/b><\/p>\n<p>Dans ce contexte, le terme \u00a0\u00bb soci\u00e9t\u00e9 civile \u00a0\u00bb est un signifiant vide, utilis\u00e9 exclusivement pour d\u00e9signer les groupes d\u2019opposition de classe sup\u00e9rieure \u00e0 la mani\u00e8re des m\u00e9dias d\u2019opposition v\u00e9n\u00e9zu\u00e9liens. Les m\u00e9dias de masse occidentaux semblent se rabattre uniform\u00e9ment sur les m\u00eames arch\u00e9types que ceux des m\u00e9dias v\u00e9n\u00e9zu\u00e9liens. Que la couverture de Chavez et de ses partisans soit n\u00e9gative et celle de la droite positive, n\u2019est peut-\u00eatre pas surprenant, compte tenu des positions (g\u00e9o-)politiques des \u00c9tats-Unis et du Royaume-Uni \u00e0 l\u2019\u00e9gard du Venezuela. L\u2019intime proximit\u00e9 avec laquelle les m\u00e9dias internationaux refl\u00e8tent la vision de la droite locale montre \u00e0 quel point les deux groupes sont imbriqu\u00e9s m\u00e9diatiquement.<\/p>\n<p><strong>Alan MacLeod<\/strong><\/p>\n<p><strong><img decoding=\"async\" class=\" wp-image-17252 alignright\" src=\"https:\/\/venezuelainfos.files.wordpress.com\/2019\/02\/alan-macleod.jpg?w=146&amp;h=143\" sizes=\"(max-width: 146px) 100vw, 146px\" srcset=\"https:\/\/venezuelainfos.files.wordpress.com\/2019\/02\/alan-macleod.jpg?w=146&amp;h=143 146w, https:\/\/venezuelainfos.files.wordpress.com\/2019\/02\/alan-macleod.jpg?w=292&amp;h=286 292w, https:\/\/venezuelainfos.files.wordpress.com\/2019\/02\/alan-macleod.jpg?w=150&amp;h=146 150w\" alt=\"Alan-MacLeod\" width=\"146\" height=\"143\" data-attachment-id=\"17252\" data-permalink=\"https:\/\/venezuelainfos.wordpress.com\/2019\/02\/11\/venezuela-le-mot-unique-qui-sert-aux-medias-etats-uniens-a-contrer-la-menace-socialiste\/alan-macleod\/\" data-orig-file=\"https:\/\/venezuelainfos.files.wordpress.com\/2019\/02\/alan-macleod.jpg\" data-orig-size=\"923,900\" data-comments-opened=\"1\" data-image-meta=\"{&quot;aperture&quot;:&quot;2.2&quot;,&quot;credit&quot;:&quot;&quot;,&quot;camera&quot;:&quot;iPhone 6s Plus&quot;,&quot;caption&quot;:&quot;&quot;,&quot;created_timestamp&quot;:&quot;1522499234&quot;,&quot;copyright&quot;:&quot;&quot;,&quot;focal_length&quot;:&quot;4.15&quot;,&quot;iso&quot;:&quot;100&quot;,&quot;shutter_speed&quot;:&quot;0.1&quot;,&quot;title&quot;:&quot;&quot;,&quot;orientation&quot;:&quot;1&quot;}\" data-image-title=\"Alan-MacLeod\" data-image-description=\"\" data-medium-file=\"https:\/\/venezuelainfos.files.wordpress.com\/2019\/02\/alan-macleod.jpg?w=300\" data-large-file=\"https:\/\/venezuelainfos.files.wordpress.com\/2019\/02\/alan-macleod.jpg?w=523\" \/>L\u2019auteur<\/strong>:\u00a0<b><\/b><a href=\"https:\/\/twitter.com\/AlanRMacLeod\">@AlanRMacLeod<\/a>\u00a0est membre du Groupe sur les M\u00e9dias de la Glasgow University. Son dernier ouvrage\u00a0\u201c<i>Bad News From Venezuela: 20 Years of Fake News and Misreporting\u201d<\/i>\u00a0(<i>Venezuela : 20 ans de mensonges ou d\u2019inexactitudes<\/i>) a \u00e9t\u00e9 publi\u00e9 par Routledge en avril 2018.<\/p>\n<p>&nbsp;<\/p>\n<p>Source : <a href=\"https:\/\/journals.sagepub.com\/doi\/10.1177\/0306396818823639\">https:\/\/journals.sagepub.com\/doi\/10.1177\/0306396818823639<\/a><\/p>\n<p>Traduction\u00a0: <i><b>Libra Sphera<\/b><\/i>, pour Venezuela Infos<\/p>\n<p><a href=\"https:\/\/wp.me\/p2ahp2-4yj\">SOURCE<\/a><\/p>\n<h5 class=\"western\">R\u00e9ferences<\/h5>\n<h5><a name=\"bibr1-0306396818823639\"><\/a><\/h5>\n<table border=\"0\" width=\"643\" cellspacing=\"0\" cellpadding=\"2\">\n<colgroup>\n<col width=\"21\" \/>\n<col width=\"614\" \/> <\/colgroup>\n<tbody>\n<tr>\n<td width=\"21\">\n<h5>1.<\/h5>\n<\/td>\n<td valign=\"TOP\" width=\"614\">\n<h5>Duno-Gottberg, L. , \u2018Mob outrages: reflections on the media construction of the masses in Venezuela\u2019 (April 2000\u2013January 2003), Journal of Latin American Cultural Studies 13, no. 1 (2004); Hernandez, J. A. , \u2018Against the comedy of civil society\u2019, Journal of Latin American Cultural Studies 13, no. 1 (2010); Lupien, P. , \u2018The media in Venezuela and Bolivia: attacking the \u201cbad left\u201d from below\u2019, Latin American Perspectives 40 (2013).<br \/>\n<a href=\"http:\/\/scholar.google.com\/scholar_lookup?hl=en&amp;publication_year=2000&amp;issue=2004&amp;author=L.+Duno-Gottbergauthor=J.+A.+Hernandezauthor=P.+Lupien&amp;title=Mob+outrages%3A+reflections+on+the+media+construction+of+the+masses+in+Venezuela\">Google Scholar<\/a><\/h5>\n<hr \/>\n<\/td>\n<\/tr>\n<tr>\n<td width=\"21\">\n<h5>2.<\/h5>\n<\/td>\n<td valign=\"TOP\" width=\"614\">\n<h5>MacLeod, A. , Bad News from Venezuela: twenty years of fake news and misreporting (London: Routledge, 2018).<br \/>\n<a href=\"http:\/\/scholar.google.com\/scholar_lookup?hl=en&amp;publication_year=2018&amp;author=A.+MacLeod&amp;title=Bad+News+from+Venezuela%3A+twenty+years+of+fake+news+and+misreporting\">Google Scholar<\/a><\/h5>\n<hr \/>\n<\/td>\n<\/tr>\n<tr>\n<td width=\"21\">\n<h5>3.<\/h5>\n<\/td>\n<td valign=\"TOP\" width=\"614\">\n<h5>ECLAC , Social Panorama of Latin America (Santiago: United Nations 2013).<br \/>\n<a href=\"http:\/\/scholar.google.com\/scholar_lookup?hl=en&amp;publication_year=2013&amp;author=ECLAC&amp;title=Social+Panorama+of+Latin+America\">Google Scholar<\/a><\/h5>\n<hr \/>\n<\/td>\n<\/tr>\n<tr>\n<td width=\"21\">\n<h5>4.<\/h5>\n<\/td>\n<td valign=\"TOP\" width=\"614\">\n<h5>Felicien, A., Schiavoni, C., Romero, L., \u2018The politics of food in Venezuela\u2019, Monthly Review 70, no. 2 (June 2018).<br \/>\n<a href=\"http:\/\/scholar.google.com\/scholar_lookup?hl=en&amp;publication_year=2018&amp;author=A.+Felicien&amp;author=C.+Schiavoni&amp;author=L.+Romero&amp;title=The+politics+of+food+in+Venezuela\">Google Scholar<\/a><\/h5>\n<hr \/>\n<\/td>\n<\/tr>\n<tr>\n<td width=\"21\">\n<h5>5.<\/h5>\n<\/td>\n<td valign=\"TOP\" width=\"614\">\n<h5>Weyland, K. , \u2018Why Latin America is becoming less democratic\u2019, The Atlantic, 15 July 2013, <a href=\"http:\/\/www.theatlantic.com\/international\/archive\/2013\/07\/why-latin-america-is-becoming-less-democratic\/277803\/\" target=\"_blank\" rel=\"noopener noreferrer\">http:\/\/www.theatlantic.com\/international\/archive\/2013\/07\/why-latin-america-is-becoming-less-democratic\/277803\/<\/a>.<br \/>\n<a href=\"http:\/\/scholar.google.com\/scholar_lookup?hl=en&amp;publication_year=2013&amp;author=K.+Weyland&amp;title=Why+Latin+America+is+becoming+less+democratic\">Google Scholar<\/a><\/h5>\n<hr \/>\n<\/td>\n<\/tr>\n<tr>\n<td width=\"21\">\n<h5>6.<\/h5>\n<\/td>\n<td valign=\"TOP\" width=\"614\">\n<h5>Human Rights Watch , \u2018A decade under Chavez\u2019, 18 September 2008, <a href=\"https:\/\/www.hrw.org\/report\/2008\/09\/18\/decade-under-chavez\/political-intolerance-and-lost-opportunities-advancing-human\" target=\"_blank\" rel=\"noopener noreferrer\">https:\/\/www.hrw.org\/report\/2008\/09\/18\/decade-under-chavez\/political-intolerance-and-lost-opportunities-advancing-human<\/a>.<br \/>\n<a href=\"http:\/\/scholar.google.com\/scholar_lookup?hl=en&amp;publication_year=2008&amp;author=Human+Rights+Watch&amp;title=A+decade+under+Chavez\">Google Scholar<\/a><\/h5>\n<hr \/>\n<\/td>\n<\/tr>\n<tr>\n<td width=\"21\">\n<h5>7.<\/h5>\n<\/td>\n<td valign=\"TOP\" width=\"614\">\n<h5>OAS, \u2018Sobre la possible commission de cr\u00edmenes de lesa humanidad en Venezuela\u2019 , 29 May 2018, <a href=\"http:\/\/www.oas.org\/documents\/spa\/press\/Informe-Panel-Independiente-Venezuela-ES.pdf\" target=\"_blank\" rel=\"noopener noreferrer\">http:\/\/www.oas.org\/documents\/spa\/press\/Informe-Panel-Independiente-Venezuela-ES.pdf<\/a>.<br \/>\n<a href=\"http:\/\/scholar.google.com\/scholar_lookup?hl=en&amp;publication_year=2018&amp;author=OAS%2C+\u2018Sobre+la+possible+commission+de+cr\u00edmenes+de+lesa+humanidad+en+Venezuela\u2019\">Google Scholar<\/a><\/h5>\n<hr \/>\n<\/td>\n<\/tr>\n<tr>\n<td width=\"21\">\n<h5>8.<\/h5>\n<\/td>\n<td valign=\"TOP\" width=\"614\">\n<h5>\u2018More than 100 Latin America experts question Human Rights Watch\u2019s Venezuela report\u2019 , Venezuelanalysis, 17 December 2008, <a href=\"https:\/\/venezuelanalysis.com\/analysis\/4051\" target=\"_blank\" rel=\"noopener noreferrer\">https:\/\/venezuelanalysis.com\/analysis\/4051<\/a>.<br \/>\n<a href=\"http:\/\/scholar.google.com\/scholar_lookup?hl=en&amp;publication_year=2008&amp;author=\u2018More+than+100+Latin+America+experts+question+Human+Rights+Watch\u2019s+Venezuela+report\u2019&amp;title=Venezuelanalysis\">Google Scholar<\/a><\/h5>\n<hr \/>\n<\/td>\n<\/tr>\n<tr>\n<td width=\"21\">\n<h5>9.<\/h5>\n<\/td>\n<td valign=\"TOP\" width=\"614\">\n<h5>Blumenthal, M., Norton, B., \u2018Exposing the OAS\u2019 anti-Venezuela, pro-US bias and right-wing hypocrisy\u2019, The Gray Zone Project, 1 June 2018, <a href=\"https:\/\/grayzoneproject.com\/2018\/06\/01\/oas-anti-venezuela-pro-us-bias-right-wing-hypocrisy\/\" target=\"_blank\" rel=\"noopener noreferrer\">https:\/\/grayzoneproject.com\/2018\/06\/01\/oas-anti-venezuela-pro-us-bias-right-wing-hypocrisy\/<\/a>.<br \/>\n<a href=\"http:\/\/scholar.google.com\/scholar_lookup?hl=en&amp;publication_year=2018&amp;author=M.+Blumenthal&amp;author=B.+Norton&amp;title=Exposing+the+OAS\u2019+anti-Venezuela%2C+pro-US+bias+and+right-wing+hypocrisy\">Google Scholar<\/a><\/h5>\n<hr \/>\n<\/td>\n<\/tr>\n<tr>\n<td width=\"21\">\n<h5>10.<\/h5>\n<\/td>\n<td valign=\"TOP\" width=\"614\">\n<h5>Abalo, E. , \u2018Constructing (il)legitimate democracy\u2019, Triple C: Communication Capitalism and Critique 12, no. 2 (2014).<br \/>\n<a href=\"http:\/\/scholar.google.com\/scholar_lookup?hl=en&amp;issue=2014&amp;author=E.+Abalo&amp;title=Constructing+%28il%29legitimate+democracy\">Google Scholar<\/a><\/h5>\n<hr \/>\n<\/td>\n<\/tr>\n<tr>\n<td width=\"21\">\n<h5>11.<\/h5>\n<\/td>\n<td valign=\"TOP\" width=\"614\">\n<h5>Fox, See E., Waisbord, S., \u2018Latin politics global media\u2019, in Fox, E., Waisbord, S., eds, Latin Politics, Global Media (Austin: University of Texas Press 2002), pp. 8\u201310.<br \/>\n<a href=\"http:\/\/scholar.google.com\/scholar_lookup?hl=en&amp;publication_year=2002&amp;pages=8-10&amp;author=See+E.+Fox&amp;author=S.+Waisbord&amp;title=Latin+politics+global+media\">Google Scholar<\/a><\/h5>\n<hr \/>\n<\/td>\n<\/tr>\n<tr>\n<td width=\"21\">\n<h5>12.<\/h5>\n<\/td>\n<td valign=\"TOP\" width=\"614\">\n<h5>Lupien , \u2018The media in Venezuela and Bolivia\u2019.<br \/>\n<a href=\"http:\/\/scholar.google.com\/scholar_lookup?hl=en&amp;author=Lupien&amp;title=The+media+in+Venezuela+and+Bolivia\">Google Scholar<\/a><\/h5>\n<hr \/>\n<\/td>\n<\/tr>\n<tr>\n<td width=\"21\">\n<h5>13.<\/h5>\n<\/td>\n<td valign=\"TOP\" width=\"614\">\n<h5>Duno-Gottberg , \u2018Mob outrages\u2019.<br \/>\n<a href=\"http:\/\/scholar.google.com\/scholar_lookup?hl=en&amp;author=Duno-Gottberg&amp;title=Mob+outrages\">Google Scholar<\/a><\/h5>\n<hr \/>\n<\/td>\n<\/tr>\n<tr>\n<td width=\"21\">\n<h5>14.<\/h5>\n<\/td>\n<td valign=\"TOP\" width=\"614\">\n<h5>Hernandez , \u2018Against the comedy of civil society\u2019.<br \/>\n<a href=\"http:\/\/scholar.google.com\/scholar_lookup?hl=en&amp;author=Hernandez&amp;title=Against+the+comedy+of+civil+society\">Google Scholar<\/a><\/h5>\n<hr \/>\n<\/td>\n<\/tr>\n<tr>\n<td width=\"21\">\n<h5>15.<\/h5>\n<\/td>\n<td valign=\"TOP\" width=\"614\">\n<h5>Lupien , \u2018The media in Venezuela and Bolivia\u2019.<br \/>\n<a href=\"http:\/\/scholar.google.com\/scholar_lookup?hl=en&amp;author=Lupien&amp;title=The+media+in+Venezuela+and+Bolivia\">Google Scholar<\/a><\/h5>\n<hr \/>\n<\/td>\n<\/tr>\n<tr>\n<td width=\"21\">\n<h5>16.<\/h5>\n<\/td>\n<td valign=\"TOP\" width=\"614\">\n<h5>Cohen, L., Aguilar, F., \u2018Poor Venezuelans crowd pro-Maduro stations in hope of vote \u201cprize\u201d\u2019, Reuters, 20 May 2018; Aponte, A., Martinez, A., \u2018For poor Venezuelans, a box of food may sway vote for Maduro\u2019, Reuters, 12 March 2018.<br \/>\n<a href=\"http:\/\/scholar.google.com\/scholar_lookup?hl=en&amp;publication_year=2018&amp;author=L.+Cohen&amp;author=F.+Aguilarauthor=A.+Aponte&amp;author=A.+Martinez&amp;title=Poor+Venezuelans+crowd+pro-Maduro+stations+in+hope+of+vote+\u201cprize\u201d\">Google Scholar<\/a><\/h5>\n<hr \/>\n<\/td>\n<\/tr>\n<tr>\n<td width=\"21\">\n<h5>17.<\/h5>\n<\/td>\n<td valign=\"TOP\" width=\"614\">\n<h5>Duno-Gottberg , \u2018Mob outrages\u2019.<br \/>\n<a href=\"http:\/\/scholar.google.com\/scholar_lookup?hl=en&amp;author=Duno-Gottberg&amp;title=Mob+outrages\">Google Scholar<\/a><\/h5>\n<hr \/>\n<\/td>\n<\/tr>\n<tr>\n<td width=\"21\">\n<h5>18.<\/h5>\n<\/td>\n<td valign=\"TOP\" width=\"614\">\n<h5>Lemoine, M. \u2018Venezuela\u2019s press power\u2019, Le Monde Diplomatique, August 2002, <a href=\"http:\/\/mondediplo.com\/2002\/08\/10venezuela\" target=\"_blank\" rel=\"noopener noreferrer\">http:\/\/mondediplo.com\/2002\/08\/10venezuela<\/a>.<br \/>\n<a href=\"http:\/\/scholar.google.com\/scholar_lookup?hl=en&amp;publication_year=2002&amp;author=M.+Lemoine&amp;title=Venezuela\u2019s+press+power\">Google Scholar<\/a><\/h5>\n<hr \/>\n<\/td>\n<\/tr>\n<tr>\n<td width=\"21\">\n<h5>19.<\/h5>\n<\/td>\n<td valign=\"TOP\" width=\"614\">\n<h5>Ciccariello-Maher, G. , We Created Chavez: a people\u2019s history of the Venezuelan revolution (Durham, MD: Duke University Press, 2013), p. 174.<br \/>\n<a href=\"http:\/\/scholar.google.com\/scholar_lookup?hl=en&amp;publication_year=2013&amp;pages=174&amp;author=G.+Ciccariello-Maher&amp;title=We+Created+Chavez%3A+a+people\u2019s+history+of+the+Venezuelan+revolution\">Google Scholar<\/a><\/h5>\n<hr \/>\n<\/td>\n<\/tr>\n<tr>\n<td width=\"21\">\n<h5>20.<\/h5>\n<\/td>\n<td valign=\"TOP\" width=\"614\">\n<h5>Cited in Lupien , \u2018The media in Venezuela and Bolivia\u2019.<br \/>\n<a href=\"http:\/\/scholar.google.com\/scholar_lookup?hl=en&amp;author=Cited+in+Lupien&amp;title=The+media+in+Venezuela+and+Bolivia\">Google Scholar<\/a><\/h5>\n<hr \/>\n<\/td>\n<\/tr>\n<tr>\n<td width=\"21\">\n<h5>21.<\/h5>\n<\/td>\n<td valign=\"TOP\" width=\"614\">\n<h5>Cannon, B. , \u2018Class\/race polarisation in Venezuela and the electoral success of Hugo Chavez: a break with the past or the song remains the same?\u2019, Third World Quarterly 29, no. 4 (2008).<br \/>\n<a href=\"http:\/\/scholar.google.com\/scholar_lookup?hl=en&amp;issue=2008&amp;author=B.+Cannon&amp;title=Class%2Frace+polarisation+in+Venezuela+and+the+electoral+success+of+Hugo+Chavez%3A+a+break+with+the+past+or+the+song+remains+the+same%3F\">Google Scholar<\/a><\/h5>\n<hr \/>\n<\/td>\n<\/tr>\n<tr>\n<td width=\"21\">\n<h5>22.<\/h5>\n<\/td>\n<td valign=\"TOP\" width=\"614\">\n<h5>Cannon , \u2018Class\/race polarisation in Venezuela and the electoral success of Hugo Chavez\u2019.<br \/>\n<a href=\"http:\/\/scholar.google.com\/scholar_lookup?hl=en&amp;author=Cannon&amp;title=Class%2Frace+polarisation+in+Venezuela+and+the+electoral+success+of+Hugo+Chavez\">Google Scholar<\/a><\/h5>\n<hr \/>\n<\/td>\n<\/tr>\n<tr>\n<td width=\"21\">\n<h5>23.<\/h5>\n<\/td>\n<td valign=\"TOP\" width=\"614\">\n<h5>Salas, J. M. H. , \u2018Ethnicity and revolution: the political economy of racism in Venezuela\u2019, Latin American Perspectives 32, no. 2 (2005).<br \/>\n<a href=\"http:\/\/scholar.google.com\/scholar_lookup?hl=en&amp;issue=2005&amp;author=J.+M.+H.+Salas&amp;title=Ethnicity+and+revolution%3A+the+political+economy+of+racism+in+Venezuela\">Google Scholar<\/a><\/h5>\n<hr \/>\n<\/td>\n<\/tr>\n<tr>\n<td width=\"21\">\n<h5>24.<\/h5>\n<\/td>\n<td valign=\"TOP\" width=\"614\">\n<h5>Duno-Gottberg , \u2018Mob outrages\u2019.<br \/>\n<a href=\"http:\/\/scholar.google.com\/scholar_lookup?hl=en&amp;author=Duno-Gottberg&amp;title=Mob+outrages\">Google Scholar<\/a><\/h5>\n<hr \/>\n<\/td>\n<\/tr>\n<tr>\n<td width=\"21\">\n<h5>25.<\/h5>\n<\/td>\n<td valign=\"TOP\" width=\"614\">\n<h5>Salas , \u2018Ethnicity and revolution\u2019.<br \/>\n<a href=\"http:\/\/scholar.google.com\/scholar_lookup?hl=en&amp;author=Salas&amp;title=Ethnicity+and+revolution\">Google Scholar<\/a><\/h5>\n<hr \/>\n<\/td>\n<\/tr>\n<tr>\n<td width=\"21\">\n<h5>26.<\/h5>\n<\/td>\n<td valign=\"TOP\" width=\"614\">\n<h5>MacLeod , Bad News from Venezuela.<br \/>\n<a href=\"http:\/\/scholar.google.com\/scholar_lookup?hl=en&amp;author=MacLeod\">Google Scholar<\/a><\/h5>\n<hr \/>\n<\/td>\n<\/tr>\n<tr>\n<td width=\"21\">\n<h5>27.<\/h5>\n<\/td>\n<td valign=\"TOP\" width=\"614\">\n<h5>Jones, B. , Hugo! The Hugo Chavez story from mud hut to perpetual revolutionary (London: Vintage, 2007), pp. 205\u201325.<br \/>\n<a href=\"http:\/\/scholar.google.com\/scholar_lookup?hl=en&amp;publication_year=2007&amp;author=B.+Jones&amp;title=Hugo%21+The+Hugo+Chavez+story+from+mud+hut+to+perpetual+revolutionary\">Google Scholar<\/a><\/h5>\n<hr \/>\n<\/td>\n<\/tr>\n<tr>\n<td width=\"21\">\n<h5>28.<\/h5>\n<\/td>\n<td valign=\"TOP\" width=\"614\">\n<h5>De La Pedraja, R. , Free Trade and Social Conflict in Colombia, Peru and Venezuela: confronting US capitalism, 2000-2016 (Jefferson, NC: McFarland &amp; Company, 2016), p. 93.<br \/>\n<a href=\"http:\/\/scholar.google.com\/scholar_lookup?hl=en&amp;publication_year=2016&amp;pages=93&amp;author=R.+De+La+Pedraja&amp;title=Free+Trade+and+Social+Conflict+in+Colombia%2C+Peru+and+Venezuela%3A+confronting+US+capitalism%2C+2000-2016\">Google Scholar<\/a><\/h5>\n<hr \/>\n<\/td>\n<\/tr>\n<tr>\n<td width=\"21\">\n<h5>29.<\/h5>\n<\/td>\n<td valign=\"TOP\" width=\"614\">\n<h5>For example , C., Marcano, A., Barrera Tyszka, Hugo Chavez (New York: Random House 2007), pp. 167\u201388.<br \/>\n<a href=\"http:\/\/scholar.google.com\/scholar_lookup?hl=en&amp;author=Marcano+C.&amp;author=Barrera+Tyszka+A.&amp;title=Hugo+Chavez\">Google Scholar<\/a><\/h5>\n<hr \/>\n<\/td>\n<\/tr>\n<tr>\n<td width=\"21\">\n<h5>30.<\/h5>\n<\/td>\n<td valign=\"TOP\" width=\"614\">\n<h5>Dominguez, F. , \u2018Venezuela\u2019s opposition: desperately seeking to overthrow Chavez\u2019, in Dominguez, F., Lievesley, G., Ludlum, S., Right-Wing Politics in the New Latin America: reaction and revolt (London: Zed Books, 2011), pp. 120\u201321.<br \/>\n<a href=\"http:\/\/scholar.google.com\/scholar_lookup?hl=en&amp;publication_year=2011&amp;author=F.+Dominguezauthor=F.+Dominguez&amp;author=G.+Lievesley&amp;author=S.+Ludlum&amp;title=Right-Wing+Politics+in+the+New+Latin+America%3A+reaction+and+revolt\">Google Scholar<\/a><\/h5>\n<hr \/>\n<\/td>\n<\/tr>\n<tr>\n<td width=\"21\">\n<h5>31.<\/h5>\n<\/td>\n<td valign=\"TOP\" width=\"614\">\n<h5>Ciccariello-Maher , We Created Chavez, p. 170.<br \/>\n<a href=\"http:\/\/scholar.google.com\/scholar_lookup?hl=en&amp;pages=170&amp;author=Ciccariello-Maher\">Google Scholar<\/a><\/h5>\n<hr \/>\n<\/td>\n<\/tr>\n<tr>\n<td width=\"21\">\n<h5>32.<\/h5>\n<\/td>\n<td valign=\"TOP\" width=\"614\">\n<h5>Golinger, E. , The Chavez Code: cracking US intervention in Venezuela (London: Pluto Press, 2007), p. 64.<br \/>\n<a href=\"http:\/\/scholar.google.com\/scholar_lookup?hl=en&amp;publication_year=2007&amp;pages=64&amp;author=E.+Golinger&amp;title=The+Chavez+Code%3A+cracking+US+intervention+in+Venezuela\">Google Scholar<\/a><\/h5>\n<hr \/>\n<\/td>\n<\/tr>\n<tr>\n<td width=\"21\">\n<h5>33.<\/h5>\n<\/td>\n<td valign=\"TOP\" width=\"614\">\n<h5>Fleischer, A. , \u2018Ari Fleischer Briefs Reporters\u2019, CNN, 12 April 2002.<br \/>\n<a href=\"http:\/\/scholar.google.com\/scholar_lookup?hl=en&amp;publication_year=2002&amp;author=A.+Fleischer&amp;title=Ari+Fleischer+Briefs+Reporters\">Google Scholar<\/a><\/h5>\n<hr \/>\n<\/td>\n<\/tr>\n<tr>\n<td width=\"21\">\n<h5>34.<\/h5>\n<\/td>\n<td valign=\"TOP\" width=\"614\">\n<h5>OAS , \u2018Review of US policy towards Venezuela, November 2001-April 2002\u2019, 2002, <a href=\"https:\/\/oig.state.gov\/system\/files\/13682.pdf\" target=\"_blank\" rel=\"noopener noreferrer\">https:\/\/oig.state.gov\/system\/files\/13682.pdf<\/a>.<br \/>\n<a href=\"http:\/\/scholar.google.com\/scholar_lookup?hl=en&amp;publication_year=2002&amp;author=OAS&amp;title=Review+of+US+policy+towards+Venezuela%2C+November+2001-April+2002\">Google Scholar<\/a><\/h5>\n<hr \/>\n<\/td>\n<\/tr>\n<tr>\n<td width=\"21\">\n<h5>35.<\/h5>\n<\/td>\n<td valign=\"TOP\" width=\"614\">\n<h5>Carter Center , \u2018Preliminary report study mission of the Carter Center: presidential elections in Venezuela\u2019, 2013, <a href=\"http:\/\/www.cartercenter.org\/resources\/pdfs\/news\/peace_publications\/election_reports\/venezuela-pre-election-rpt-2013.pdf\" target=\"_blank\" rel=\"noopener noreferrer\">http:\/\/www.cartercenter.org\/resources\/pdfs\/news\/peace_publications\/election_reports\/venezuela-pre-election-rpt-2013.pdf<\/a>.<br \/>\n<a href=\"http:\/\/scholar.google.com\/scholar_lookup?hl=en&amp;publication_year=2013&amp;author=Carter+Center&amp;title=Preliminary+report+study+mission+of+the+Carter+Center%3A+presidential+elections+in+Venezuela\">Google Scholar<\/a><\/h5>\n<hr \/>\n<\/td>\n<\/tr>\n<tr>\n<td width=\"21\">\n<h5>36.<\/h5>\n<\/td>\n<td valign=\"TOP\" width=\"614\">\n<h5>Ellsworth, B., Cawthorne, A., \u2018Venezuela accuses opposition of plotting coup, seven dead\u2019, Reuters, 16 April 2013.<br \/>\n<a href=\"http:\/\/scholar.google.com\/scholar_lookup?hl=en&amp;publication_year=2013&amp;author=B.+Ellsworth&amp;author=A.+Cawthorne&amp;title=Venezuela+accuses+opposition+of+plotting+coup%2C+seven+dead\">Google Scholar<\/a><\/h5>\n<hr \/>\n<\/td>\n<\/tr>\n<tr>\n<td width=\"21\">\n<h5>37.<\/h5>\n<\/td>\n<td valign=\"TOP\" width=\"614\">\n<h5>Fuchs, G., Vivanco, P., \u2018The distorted \u201cdemocracy\u201d of Leopoldo Lopez\u2019, Telesur, 29 January 2015, <a href=\"http:\/\/www.telesurtv.net\/english\/analysis\/The-Distorted-Democracy-of-Leopoldo-Lopez-20150129-0022.html\" target=\"_blank\" rel=\"noopener noreferrer\">http:\/\/www.telesurtv.net\/english\/analysis\/The-Distorted-Democracy-of-Leopoldo-Lopez-20150129-0022.html<\/a><br \/>\n<a href=\"http:\/\/scholar.google.com\/scholar_lookup?hl=en&amp;publication_year=2015&amp;author=G.+Fuchs&amp;author=P.+Vivanco&amp;title=The+distorted+\u201cdemocracy\u201d+of+Leopoldo+Lopez\">Google Scholar<\/a><\/h5>\n<hr \/>\n<\/td>\n<\/tr>\n<tr>\n<td width=\"21\">\n<h5>38.<\/h5>\n<\/td>\n<td valign=\"TOP\" width=\"614\">\n<h5>Felicien., \u2018The politics of food in Venezuela\u2019.<br \/>\n<a href=\"http:\/\/scholar.google.com\/scholar_lookup?hl=en&amp;author=+Felicien&amp;title=The+politics+of+food+in+Venezuela\">Google Scholar<\/a><\/h5>\n<hr \/>\n<\/td>\n<\/tr>\n<tr>\n<td width=\"21\">\n<h5>39.<\/h5>\n<\/td>\n<td valign=\"TOP\" width=\"614\">\n<h5>Toro, F. \u2018The game changed in Venezuela last night\u2019, Caracas Chronicles, 20 February 2014, <a href=\"http:\/\/caracaschronicles.com\/2014\/02\/20\/the-game-changed\/\" target=\"_blank\" rel=\"noopener noreferrer\">http:\/\/caracaschronicles.com\/2014\/02\/20\/the-game-changed\/<\/a>.<br \/>\n<a href=\"http:\/\/scholar.google.com\/scholar_lookup?hl=en&amp;publication_year=2014&amp;author=F.+Toro&amp;title=The+game+changed+in+Venezuela+last+night\">Google Scholar<\/a><\/h5>\n<hr \/>\n<\/td>\n<\/tr>\n<tr>\n<td width=\"21\">\n<h5>40.<\/h5>\n<\/td>\n<td valign=\"TOP\" width=\"614\">\n<h5>Ciccariello-Maher, G. , \u2018#LaSalida for Venezuela?\u2019, The Nation, 5 March 2014, <a href=\"https:\/\/www.thenation.com\/article\/lasalida-venezuela\/\" target=\"_blank\" rel=\"noopener noreferrer\">https:\/\/www.thenation.com\/article\/lasalida-venezuela\/<\/a>.<br \/>\n<a href=\"http:\/\/scholar.google.com\/scholar_lookup?hl=en&amp;publication_year=2014&amp;author=G.+Ciccariello-Maher&amp;title=%23LaSalida+for+Venezuela%3F\">Google Scholar<\/a><\/h5>\n<hr \/>\n<\/td>\n<\/tr>\n<tr>\n<td width=\"21\">\n<h5>41.<\/h5>\n<\/td>\n<td valign=\"TOP\" width=\"614\">\n<h5>See J., Buxton , \u2018Venezuela \u2013 the real significance of the student protests\u2019, Latin American Bureau, 20 February 2014, <a href=\"http:\/\/lab.org.uk\/venezuela-\u2013-student-protests\" target=\"_blank\" rel=\"noopener noreferrer\">http:\/\/lab.org.uk\/venezuela-%E2%80%93-student-protests<\/a>.<br \/>\n<a href=\"http:\/\/scholar.google.com\/scholar_lookup?hl=en&amp;publication_year=2014&amp;author=Buxton+See+J.&amp;title=Venezuela+\u2013+the+real+significance+of+the+student+protests\">Google Scholar<\/a><\/h5>\n<hr \/>\n<\/td>\n<\/tr>\n<tr>\n<td width=\"21\">\n<h5>42.<\/h5>\n<\/td>\n<td valign=\"TOP\" width=\"614\">\n<h5>Ellner, S. , \u2018Terrorism in Venezuela and its accomplices\u2019, Venezuelanalysis, 15 May 2014, <a href=\"https:\/\/venezuelanalysis.com\/analysis\/10684\" target=\"_blank\" rel=\"noopener noreferrer\">https:\/\/venezuelanalysis.com\/analysis\/10684<\/a>; Lovato, R. , \u2018The making of Leopoldo Lopez\u2019, Foreign Policy, 27 July 2015, <a href=\"https:\/\/foreignpolicy.com\/2015\/07\/27\/the-making-of-leopoldo-lopez-democratic-venezuela-opposition\/\" target=\"_blank\" rel=\"noopener noreferrer\">https:\/\/foreignpolicy.com\/2015\/07\/27\/the-making-of-leopoldo-lopez-democratic-venezuela-opposition\/<\/a>; MacLeod , Bad News from Venezuela, pp. 81\u201385.<br \/>\n<a href=\"http:\/\/scholar.google.com\/scholar_lookup?hl=en&amp;publication_year=2014&amp;author=S.+Ellnerauthor=R.+Lovatoauthor=+MacLeod&amp;title=Terrorism+in+Venezuela+and+its+accomplices\">Google Scholar<\/a><\/h5>\n<hr \/>\n<\/td>\n<\/tr>\n<tr>\n<td width=\"21\">\n<h5>43.<\/h5>\n<\/td>\n<td valign=\"TOP\" width=\"614\">\n<h5>Adamson, B. , \u2018Thugs, crooks, and rebellious negroes and racialized media coverage of Michael Brown and the Ferguson demonstrations\u2019, Harvard Journal on Racial and Ethnic Justice 32 (2016); Smiley, C., Fakunle, D., \u2018From \u201cbrute\u201d to \u201cthug\u201d: the demonization and criminalization of unarmed black male victims in America\u2019, Journal of Human Behaviour in the Social Environment 26, nos. 3\u20134 (2016).<br \/>\n<a href=\"http:\/\/scholar.google.com\/scholar_lookup?hl=en&amp;publication_year=2016&amp;pages=3-4&amp;author=B.+Adamsonauthor=C.+Smiley&amp;author=D.+Fakunle&amp;title=Thugs%2C+crooks%2C+and+rebellious+negroes+and+racialized+media+coverage+of+Michael+Brown+and+the+Ferguson+demonstrations\">Google Scholar<\/a><\/h5>\n<hr \/>\n<\/td>\n<\/tr>\n<tr>\n<td width=\"21\">\n<h5>44.<\/h5>\n<\/td>\n<td valign=\"TOP\" width=\"614\">\n<h5>Coleman, C. , \u2018Thug is the new N-word\u2019, Ebony, 27 May 2015, <a href=\"http:\/\/www.ebony.com\/news-views\/thug-is-the-new-n-word-504\" target=\"_blank\" rel=\"noopener noreferrer\">http:\/\/www.ebony.com\/news-views\/thug-is-the-new-n-word-504<\/a>.<br \/>\n<a href=\"http:\/\/scholar.google.com\/scholar_lookup?hl=en&amp;publication_year=2015&amp;author=C.+Coleman&amp;title=Thug+is+the+new+N-word\">Google Scholar<\/a><\/h5>\n<hr \/>\n<\/td>\n<\/tr>\n<tr>\n<td width=\"21\">\n<h5>45.<\/h5>\n<\/td>\n<td valign=\"TOP\" width=\"614\">\n<h5>Hernandez , \u2018Against the comedy of civil society\u2019; Lupien, \u2018The media in Venezuela and Bolivia\u2019.<br \/>\n<a href=\"http:\/\/scholar.google.com\/scholar_lookup?hl=en&amp;author=Hernandez&amp;title=Against+the+comedy+of+civil+society\u2019%3B+Lupien%2C+\u2018The+media+in+Venezuela+and+Bolivia\">Google Scholar<\/a><\/h5>\n<hr \/>\n<\/td>\n<\/tr>\n<tr>\n<td width=\"21\">\n<h5>46.<\/h5>\n<\/td>\n<td valign=\"TOP\" width=\"614\">\n<h5>Duno-Gottberg , \u2018Mob outrages\u2019.<br \/>\n<a href=\"http:\/\/scholar.google.com\/scholar_lookup?hl=en&amp;author=Duno-Gottberg&amp;title=Mob+outrages\">Google Scholar<\/a><\/h5>\n<\/td>\n<\/tr>\n<\/tbody>\n<\/table>\n<p><a href=\"https:\/\/wp.me\/p2ahp2-4yj\">SOURCE<\/a><\/p>\n","protected":false},"excerpt":{"rendered":"<p>1. R\u00e9sum\u00e9. Aujourd\u2019hui, les V\u00e9n\u00e9zu\u00e9liens luttent contre l\u2019implosion de leur \u00e9conomie et leurs voisins latino-am\u00e9ricains, \u00e0 droite, agitent des menaces de sanctions contre le \u00a0\u00bb socialisme \u00a0\u00bb de l\u2019actuel pr\u00e9sident Maduro. Depuis l\u2019\u00e9lection de Chavez en 1998, le pays a connu une p\u00e9riode d\u2019intenses conflits de classe et de races. Chavez, premier dirigeant non blanc &#8230; <a title=\"\u00ab Voyous chavistes \u00bb contre \u00ab soci\u00e9t\u00e9 civile \u00bb : racisme et m\u00e9pris de classe des m\u00e9dias occidentaux sur le Venezuela\" class=\"read-more\" href=\"https:\/\/bruxelles-pantheres.be\/?p=4104\" aria-label=\"En savoir plus sur \u00ab Voyous chavistes \u00bb contre \u00ab soci\u00e9t\u00e9 civile \u00bb : racisme et m\u00e9pris de classe des m\u00e9dias occidentaux sur le Venezuela\">Lire la suite<\/a><\/p>\n","protected":false},"author":1,"featured_media":4105,"comment_status":"open","ping_status":"open","sticky":false,"template":"","format":"standard","meta":{"footnotes":""},"categories":[35,21,36,7,18,28],"tags":[405,396,257],"class_list":["post-4104","post","type-post","status-publish","format-standard","has-post-thumbnail","hentry","category-amerique-du-sud","category-anti-imperialisme","category-europe","category-negrophobie","category-resistance-bruxelles","category-racismes","tag-hugo-chavez","tag-nicolas-maduro-guerra","tag-venezuela"],"_links":{"self":[{"href":"https:\/\/bruxelles-pantheres.be\/index.php?rest_route=\/wp\/v2\/posts\/4104","targetHints":{"allow":["GET"]}}],"collection":[{"href":"https:\/\/bruxelles-pantheres.be\/index.php?rest_route=\/wp\/v2\/posts"}],"about":[{"href":"https:\/\/bruxelles-pantheres.be\/index.php?rest_route=\/wp\/v2\/types\/post"}],"author":[{"embeddable":true,"href":"https:\/\/bruxelles-pantheres.be\/index.php?rest_route=\/wp\/v2\/users\/1"}],"replies":[{"embeddable":true,"href":"https:\/\/bruxelles-pantheres.be\/index.php?rest_route=%2Fwp%2Fv2%2Fcomments&post=4104"}],"version-history":[{"count":1,"href":"https:\/\/bruxelles-pantheres.be\/index.php?rest_route=\/wp\/v2\/posts\/4104\/revisions"}],"predecessor-version":[{"id":4106,"href":"https:\/\/bruxelles-pantheres.be\/index.php?rest_route=\/wp\/v2\/posts\/4104\/revisions\/4106"}],"wp:featuredmedia":[{"embeddable":true,"href":"https:\/\/bruxelles-pantheres.be\/index.php?rest_route=\/wp\/v2\/media\/4105"}],"wp:attachment":[{"href":"https:\/\/bruxelles-pantheres.be\/index.php?rest_route=%2Fwp%2Fv2%2Fmedia&parent=4104"}],"wp:term":[{"taxonomy":"category","embeddable":true,"href":"https:\/\/bruxelles-pantheres.be\/index.php?rest_route=%2Fwp%2Fv2%2Fcategories&post=4104"},{"taxonomy":"post_tag","embeddable":true,"href":"https:\/\/bruxelles-pantheres.be\/index.php?rest_route=%2Fwp%2Fv2%2Ftags&post=4104"}],"curies":[{"name":"wp","href":"https:\/\/api.w.org\/{rel}","templated":true}]}}