{"id":4107,"date":"2019-03-14T22:28:45","date_gmt":"2019-03-14T21:28:45","guid":{"rendered":"https:\/\/bruxelles-pantheres.be\/?p=4107"},"modified":"2019-03-14T22:31:13","modified_gmt":"2019-03-14T21:31:13","slug":"le-calvaire-de-faycal-cheffou-accuse-a-tort-detre-lhomme-au-chapeau-des-attentats-de-bruxelles","status":"publish","type":"post","link":"https:\/\/bruxelles-pantheres.be\/?p=4107","title":{"rendered":"Le calvaire de Fay\u00e7al Cheffou, accus\u00e9 \u00e0 tort d&rsquo;\u00eatre \u00ab\u00a0l&rsquo;homme au chapeau\u00a0\u00bb des attentats de Bruxelles"},"content":{"rendered":"<p class=\"chapo\">Pendant quatre jours, ce Bruxellois a \u00e9t\u00e9 consid\u00e9r\u00e9 comme l&rsquo;un des membres du commando de l&rsquo;a\u00e9roport de Zaventem. Il raconte comment cette erreur a boulevers\u00e9 sa vie.<\/p>\n<figure id=\"image_2483240\"><img decoding=\"async\" class=\"b-lazy b-loaded\" title=\"Sur les \u00e9crans de t\u00e9l\u00e9vision, l'image de Fay\u00e7al Cheffou a \u00e9t\u00e9 diffus\u00e9e \u00e0 c\u00f4t\u00e9 de celle de &quot;l'homme au chapeau&quot;, prise par les cam\u00e9ras de vid\u00e9osurveillance de l'a\u00e9roport de Bruxelles le 22 mars 2016. | VINCENT WINTER \/ FRANCEINFO\" src=\"https:\/\/www.francetvinfo.fr\/image\/75ipgqys0-9771\/1200\/450\/14570666.jpg\" alt=\"Sur les \u00e9crans de t\u00e9l\u00e9vision, l\\'image de Fay\u00e7al Cheffou a \u00e9t\u00e9 diffus\u00e9e \u00e0 c\u00f4t\u00e9 de celle de \\&quot;l\\'homme au chapeau\\&quot;, prise par les cam\u00e9ras de vid\u00e9osurveillance de l\\'a\u00e9roport de Bruxelles le 22 mars 2016.\" width=\"1200px\" height=\"450px\" \/><\/figure>\n<p><!--more--><\/p>\n<p><em>\u00ab\u00a0Imaginez un peu ce que c&rsquo;est d&rsquo;\u00eatre un type normal et de devenir en quelques secondes l&rsquo;ennemi public n\u00b01.\u00a0\u00bb<\/em> Ce 24 mars 2016, <a href=\"https:\/\/www.francetvinfo.fr\/monde\/europe\/attentats-de-bruxelles\/attentats-de-bruxelles-faycal-cheffou-suspecte-d-etre-le-3e-homme-du-commando-de-l-aeroport-a-ete-libere-car-les-soupcons-ne-sont-pas-confortes-par-l-enquete_1379441.html\" target=\"_blank\" rel=\"noopener noreferrer\">Fay\u00e7al Cheffou<\/a> ne remarque pas les v\u00e9hicules banalis\u00e9s qui le prennent en filature. En voiture avec deux amis, le Bruxellois est interrompu par une Ford noire qui lui coupe la route, pr\u00e8s\u00a0du tribunal de Bruxelles.<em> \u00ab\u00a0Une autre voiture nous a bloqu\u00e9s par derri\u00e8re. Sur le trottoir, des policiers avec des gilets pare-balles vert kaki nous braquent avec leurs mitraillettes. On s&rsquo;est retrouv\u00e9s au milieu d&rsquo;une sc\u00e8ne de guerre.\u00a0\u00bb\u00a0<\/em>Sur sa poitrine, le trentenaire voit le point rouge d&rsquo;un viseur. Il l\u00e8ve les mains en l&rsquo;air.<em> \u00ab\u00a0Un flic me demande de sortir pendant que l&rsquo;autre me hurle de ne pas bouger si je ne veux pas prendre une balle dans la t\u00eate. Moi, je suis au milieu, et je ne sais pas quoi faire.\u00a0\u00bb\u00a0<\/em>Les policiers sont \u00e0 cran et craignent que les trois occupants de la voiture portent des ceintures d&rsquo;explosifs.<\/p>\n<p>Cette interpellation a lieu deux jours apr\u00e8s les attentats qui ont fait <a href=\"https:\/\/www.francetvinfo.fr\/monde\/europe\/attentats-de-bruxelles\/\" target=\"_blank\" rel=\"noopener noreferrer\">32 morts dans\u00a0une station de m\u00e9tro et \u00e0 l&rsquo;a\u00e9roport de Bruxelles<\/a>. Deux jours pendant lesquels ils ont traqu\u00e9 le dernier survivant du commando terroriste film\u00e9 dans le terminal avec des \u00e9paisses lunettes et un bob noir. Les enqu\u00eateurs sont alors persuad\u00e9s que le fugitif, baptis\u00e9 \u00ab\u00a0l&rsquo;homme au chapeau\u00a0\u00bb par les m\u00e9dias, est Fay\u00e7al Cheffou et qu&rsquo;ils viennent de mettre la main sur lui. <em>\u00ab\u00a0Dans la voiture de police, j&rsquo;ai\u00a0un bandeau sur les yeux. Je ne sais pas ce qui m&rsquo;arrive. Ce n&rsquo;est que quand je les entends d\u00e9charger leurs armes que je comprends que c&rsquo;est grave.\u00a0\u00bb<\/em><\/p>\n<p class=\"ftvi_content_quote\"><strong><span class=\"ftvi_citation_quote\">Je ne me doutais pas que c&rsquo;\u00e9tait le d\u00e9but de deux ans de cauchemar pour moi.<\/span><span class=\"ftvi_citation_author\">Fay\u00e7al Cheffou<\/span><span class=\"ftvi_citation_source\">\u00e0 franceinfo<\/span><\/strong><\/p>\n<p>Fay\u00e7al Cheffou est emmen\u00e9 au si\u00e8ge de la police judiciaire f\u00e9d\u00e9rale, rue Royale, \u00e0 Bruxelles. Au sous-sol, chacun de ses v\u00eatements est m\u00e9ticuleusement analys\u00e9 pendant qu&rsquo;on lui pr\u00e9l\u00e8ve empreintes et ADN. <em>\u00ab\u00a0J&rsquo;avais en face de moi des policiers scientifiques avec des blouses blanches et des masques de m\u00e9decin. Quand je le leur demandais pourquoi j&rsquo;\u00e9tais l\u00e0, ils me disaient que je faisais du z\u00e8le, qu&rsquo;ils savaient que c&rsquo;\u00e9tait moi.\u00a0\u00bb<\/em><\/p>\n<h2 class=\"subheader\">Malheureux hasard<\/h2>\n<p>Il est environ minuit quand Fay\u00e7al Cheffou est entendu par les enqu\u00eateurs de la police judiciaire f\u00e9d\u00e9rale. C&rsquo;est au moment o\u00f9 on lui montre la c\u00e9l\u00e8bre photo de \u00ab\u00a0l&rsquo;homme au chapeau\u00a0\u00bb que le trentenaire comprend l&rsquo;importance des accusations. <em>\u00ab\u00a0On me demande si je reconnais des gens sur la photo. Je r\u00e9ponds que non et que les photos sont de toute fa\u00e7on trop floues pour reconna\u00eetre quelqu&rsquo;un.\u00a0\u00bb\u00a0<\/em><em>\u00ab\u00a0Peut-on imaginer que vous soyez la personne en clair sur la photo ?\u00a0\u00bb<\/em>, interroge\u00a0alors l&rsquo;enqu\u00eateur.<em> \u00ab\u00a0Je dis \u00e9videmment que non mais, le pire, c&rsquo;est qu&rsquo;\u00e0 ce moment-l\u00e0, je leur dis que je peux comprendre qu&rsquo;ils trouvent que je lui ressemble.\u00a0\u00bb<\/em><\/p>\n<p class=\"ftvi_content_quote\"><strong><span class=\"ftvi_citation_quote\"><em>Sur le moment, \u00e7a me semble tellement surr\u00e9aliste que je commence \u00e0 rire nerveusement. Apr\u00e8s, j&rsquo;ai commenc\u00e9 \u00e0 vraiment paniquer.<\/em><\/span><span class=\"ftvi_citation_author\">Fay\u00e7al Cheffou<\/span><span class=\"ftvi_citation_source\">\u00e0 franceinfo<\/span><\/strong><\/p>\n<p>C&rsquo;est un malheureux hasard qui a mis\u00a0les enqu\u00eateurs sur la piste de Fay\u00e7al Cheffou. Juste apr\u00e8s l&rsquo;attentat de la station Maelbeek, le trentenaire s&rsquo;est rendu sur le lieu de l&rsquo;explosion. <em>\u00ab\u00a0Je travaillais en tant que journaliste ind\u00e9pendant et j&rsquo;habite \u00e0 quelques pas, donc je suis all\u00e9 voir ce qui se passait.\u00a0\u00bb<\/em> Sur place, il est film\u00e9 par une cam\u00e9ra de la RTBF. Il fait froid ce jour-l\u00e0 et, en plus de ses habituelles lunettes, il porte un bonnet qui le fait ressembler au fugitif. Les images sont montr\u00e9es au t\u00e9moin-cl\u00e9 de l&rsquo;enqu\u00eate : le chauffeur de taxi qui a transport\u00e9 les terroristes. Ce dernier reconna\u00eet Fay\u00e7al Cheffou comme l&rsquo;un d&rsquo;entre eux.<\/p>\n<h2 class=\"subheader\">Inculp\u00e9 pour \u00ab\u00a0assassinats terroristes\u00a0\u00bb<\/h2>\n<p>Apr\u00e8s vingt-quatre heures d&rsquo;interrogatoire, Olivier Martins, l&rsquo;avocat de Fay\u00e7al Cheffou, insiste pour que son client soit pr\u00e9sent\u00e9 au t\u00e9moin afin d&rsquo;\u00eatre formellement identifi\u00e9 derri\u00e8re une vitre sans tain. Probl\u00e8me\u00a0: parmi les<em> \u00ab\u00a0quatre personnes qui se trouvaient \u00e0 mes c\u00f4t\u00e9s, seul un \u00e9tait de type maghr\u00e9bin\u00a0\u00bb<\/em>, se plaint, sur le moment, le trentenaire aupr\u00e8s des policiers. Interrog\u00e9 par franceinfo, Olivier Martins confirme. <em>\u00ab\u00a0Mais honn\u00eatement, les policiers ont \u00e9t\u00e9 tr\u00e8s s\u00e9rieux. Ils ont pris un chronom\u00e8tre et m&rsquo;ont expliqu\u00e9 que l&rsquo;identification ne vaudrait rien si le t\u00e9moin met plus d&rsquo;une minute \u00e0 d\u00e9signer mon client. Le probl\u00e8me, c&rsquo;est qu&rsquo;il l&rsquo;a reconnu en quelques secondes.\u00a0\u00bb <\/em><\/p>\n<p>Le ciel tombe sur la t\u00eate de Fay\u00e7al Cheffou. Pendant son interrogatoire, les enqu\u00eateurs lui expliquent qu&rsquo;il a r\u00e9agi positivement au \u00ab\u00a0test explosif primaire\u00a0\u00bb auquel il a \u00e9t\u00e9 soumis. <em>\u00ab\u00a0Impossible\u00a0\u00bb<\/em>, s&rsquo;\u00e9crit le trentenaire, qui croit d&rsquo;abord \u00e0 un coup de bluff. Cette r\u00e9action positive serait en r\u00e9alit\u00e9 due, d&rsquo;apr\u00e8s lui, aux engrais qu&rsquo;il utilise pour entretenir ses plantations\u00a0et qui peuvent entrer dans la composition des explosifs artisanaux. Son avocat demande que des tests compl\u00e9mentaires soient effectu\u00e9s. Mais Fay\u00e7al Cheffou est inculp\u00e9 le 26 mars pour \u00ab\u00a0assassinats terroristes\u00a0\u00bb et pour \u00ab\u00a0participation \u00e0 l&rsquo;activit\u00e9 d&rsquo;un groupe terroriste\u00a0\u00bb.<\/p>\n<p>Le\u00a09 avril 2016, les enqu\u00eateurs arr\u00eatent finalement six personnes dont Mohamed Abrini, qui avoue \u00eatre le v\u00e9ritable \u00ab\u00a0homme au chapeau\u00a0\u00bb. Malgr\u00e9 ce coup de filet, Fay\u00e7al Cheffou reste n\u00e9anmoins toujours\u00a0inculp\u00e9 pour \u00ab\u00a0assassinats terroristes\u00a0\u00bb et \u00ab\u00a0participation \u00e0 une activit\u00e9 terroriste\u00a0\u00bb.\u00a0Une source judiciaire \u00e9voque, \u00e0 franceinfo, une <em>\u00ab\u00a0question de proc\u00e9dure\u00a0\u00bb<\/em>\u00a0et estime qu&rsquo;il y aura <em>\u00ab\u00a0tr\u00e8s certainement un non-lieu\u00a0\u00bb<\/em><em>. <\/em>Mais le trentenaire\u00a0doit attendre la fin de l&rsquo;enqu\u00eate sur ces attentats. Le\u00a0parquet pr\u00e9cise : <em>\u00ab\u00a0Le dossier doit d&rsquo;abord arriver devant la chambre du conseil, qui est la seule \u00e0 pouvoir d\u00e9cider\u00a0s&rsquo;il doit, ou non, \u00eatre renvoy\u00e9 devant le tribunal. Mais sachez que sur les 10 <\/em><em>inculp\u00e9s dans ce dossier, Fay\u00e7al Cheffou est le seul \u00e0 avoir \u00e9t\u00e9 lib\u00e9r\u00e9 tel quel, sans conditions.\u00a0\u00bb<\/em><strong><em>\u00a0<\/em><\/strong><\/p>\n<h2 class=\"subheader\">\u00ab\u00a0\u00c7a y est Fay\u00e7al, t&rsquo;es \u00e0 Guantanamo\u00a0\u00bb<\/h2>\n<p>Avant d&rsquo;\u00eatre inculp\u00e9, Fay\u00e7al Cheffou passe quarante-huit heures en garde \u00e0 vue, dans les locaux de la police judiciaire f\u00e9d\u00e9rale \u00e0 Bruxelles. Il raconte :\u00a0<em>\u00ab\u00a0On m&rsquo;a mis dans un cachot. J&rsquo;avais une salopette avec des rayures orange. Je me suis dit : &lsquo;\u00c7a y est Fay\u00e7al, t&rsquo;es \u00e0 Guantanamo.'\u00a0\u00bb<\/em> Le trentenaire explique \u00eatre alors constamment interpell\u00e9 par des agents.<\/p>\n<p class=\"ftvi_content_quote\"><strong><span class=\"ftvi_citation_quote\">J&rsquo;\u00e9tais une b\u00eate de foire. Tout le monde venait me voir \u00e0 travers le clapet de la porte pour m&rsquo;insulter : &lsquo;Sale terroriste&rsquo;, &lsquo;jihadiste&rsquo;, &lsquo;sale merde&rsquo;, &lsquo;t&rsquo;es foutu&rsquo;, &lsquo;on t&rsquo;a eu&rsquo;&#8230;<\/span><span class=\"ftvi_citation_author\">Fay\u00e7al Cheffou<\/span><span class=\"ftvi_citation_source\">\u00e0 franceinfo<\/span><\/strong><\/p>\n<p>Les choses d\u00e9g\u00e9n\u00e8rent lorsqu&rsquo;il r\u00e9alise qu&rsquo;il est plac\u00e9 sous vid\u00e9osurveillance dans sa cellule. Le prisonnier recouvre alors la cam\u00e9ra avec du papier toilette. <em>\u00ab\u00a0Les policiers sont rentr\u00e9s une premi\u00e8re fois pour retirer le papier, mais j&rsquo;en ai remis. Un flic m&rsquo;a alors menac\u00e9 de me mettre \u00e0 poil et m&rsquo;accrocher sur un poteau. Mais j&rsquo;ai refus\u00e9 d&rsquo;enlever le papier.\u00a0\u00bb <\/em>Et de continuer :\u00a0<em>\u00ab\u00a0D&rsquo;un coup, les lumi\u00e8res se sont \u00e9teintes. Les policiers sont rentr\u00e9s dans ma cellule pour me d\u00e9shabiller, parce que je cachais un peu de papier toilette dans ma salopette. Je ne me suis pas laiss\u00e9 faire et ils ont commenc\u00e9 \u00e0 me frapper. J&rsquo;\u00e9tais au sol et en essayant de lib\u00e9rer ma cheville, j&rsquo;ai mis un coup sur le visage d&rsquo;un d&rsquo;entre eux.\u00a0\u00bb<\/em><\/p>\n<p class=\"ftvi_content_quote\"><strong><span class=\"ftvi_citation_quote\"><em>C&rsquo;est \u00e0 ce moment-l\u00e0 qu&rsquo;ils ont commenc\u00e9 \u00e0 me frapper. Je suis tomb\u00e9 dans les pommes parce qu&rsquo;ils m&rsquo;\u00e9crasaient. Je suis ch\u00e9tif et quand ils se sont mis sur moi, pour m&rsquo;immobiliser, je n&rsquo;arrivais plus \u00e0 respirer.<\/em><\/span><span class=\"ftvi_citation_author\">Fay\u00e7al Cheffou<\/span><span class=\"ftvi_citation_source\">\u00e0 franceinfo<\/span><\/strong><\/p>\n<p>Fay\u00e7al Cheffou assure avoir pass\u00e9 la nuit nu sur le sol de la cellule, en position f\u0153tale.<em> \u00ab\u00a0C&rsquo;\u00e9tait la seule position qui me permettait de ne pas crever de froid et qui me cachait un peu de la cam\u00e9ra.\u00a0\u00bb\u00a0<\/em>Consult\u00e9s par franceinfo, des certificats m\u00e9dicaux \u00e9tablis dans les jours qui suivent font \u00e9tat de contusions et d&rsquo;h\u00e9matomes sur les membres.<\/p>\n<h2 class=\"subheader\">\u00ab\u00a0Il y a un mec dehors qui a sans doute une bombe\u00a0\u00bb<\/h2>\n<p>Le 26<strong>\u00a0<\/strong>mars 2016, direction la prison de Forest, dans l&rsquo;agglom\u00e9ration bruxelloise. Fay\u00e7al Cheffou y est retenu deux jours en d\u00e9tention provisoire. L&rsquo;administration p\u00e9nitentiaire d\u00e9cide <em>\u00ab\u00a0de sa mise sous mesure de s\u00e9curit\u00e9 particuli\u00e8re\u00a0\u00bb<\/em>, au vu du <em>\u00ab\u00a0risque de pros\u00e9lytisme\u00a0\u00bb<\/em> et de sa <em>\u00ab\u00a0dangerosit\u00e9\u00a0\u00bb.\u00a0<\/em>Sa cellule jouxte celle\u00a0d&rsquo;un membre de <a href=\"https:\/\/www.francetvinfo.fr\/monde\/europe\/attentats-de-bruxelles\/belgique-la-cellule-jihadiste-de-verviers-projetait-un-attentat-dans-un-aeroport_1371941.html\" target=\"_blank\" rel=\"noopener noreferrer\">la cellule de Verviers<\/a>, un groupe li\u00e9 \u00e0 l&rsquo;organisation Etat islamique, qui projetait un attentat dans un a\u00e9roport.<\/p>\n<p class=\"ftvi_content_quote\"><strong><span class=\"ftvi_citation_quote\"><em>Ce qui est terrible, c&rsquo;est qu&rsquo;\u00e0 ce moment-l\u00e0, je suis le seul \u00e0 savoir que le terroriste est dehors, parce que je sais que ce n&rsquo;est pas moi.<\/em><\/span><span class=\"ftvi_citation_author\">Fay\u00e7al Cheffou<\/span><span class=\"ftvi_citation_source\">\u00e0 franceinfo<\/span><\/strong><\/p>\n<p><em>\u00ab\u00a0Je n&rsquo;arr\u00eatais pas de dire qu&rsquo;il y avait un mec dehors qui a sans doute une bombe et qui va sans doute tuer des gens<\/em>, se rappelle-t-il.<em> Et l\u00e0, on me r\u00e9pondait\u00a0: &lsquo;Ah, tu me menaces, esp\u00e8ce d&rsquo;encul\u00e9 ?&rsquo; Je ne pouvais rien dire. D\u00e8s que je parlais, c&rsquo;\u00e9tait\u00a0: &lsquo;Ferme ta gueule, l&rsquo;homme au chapeau&rsquo;.\u00a0\u00bb<\/em><\/p>\n<figure id=\"image_2476054\"><img decoding=\"async\" class=\"b-lazy b-loaded\" title=\"Image de vid\u00e9osurveillance\u00a0des trois terroristes de l'a\u00e9roport de Zaventem (Belgique). Najim Lachraoui (\u00e0 gauche), Ibrahim El Bakraoui (au centre) et Mohamed Abrini (\u00e0 droite)\u00a0 | FEDERAL POLICE \/ BELGA MAG \/ AFP\" src=\"https:\/\/www.francetvinfo.fr\/image\/75ipm3ac3-d8ca\/578\/325\/14526658.jpg\" alt=\"Image de vid\u00e9osurveillance&amp;nbsp;des trois terroristes de l\\'a\u00e9roport de Zaventem (Belgique). Najim Lachraoui (\u00e0 gauche), Ibrahim El Bakraoui (au centre) et Mohamed Abrini (\u00e0 droite)&amp;nbsp;\" width=\"578px\" height=\"325px\" \/><figcaption>Image de vid\u00e9osurveillance\u00a0des trois terroristes de l&rsquo;a\u00e9roport de Zaventem (Belgique). Najim Lachraoui (\u00e0 gauche), Ibrahim El Bakraoui (au centre) et Mohamed Abrini (\u00e0 droite)\u00a0 (FEDERAL POLICE \/ BELGA MAG \/ AFP)<\/figcaption><\/figure>\n<p>Au d\u00e9but, m\u00eame son avocat doute de son honn\u00eatet\u00e9.<em> \u00ab\u00a0Je lui ai dit qu&rsquo;il ne fallait pas me mentir, que c&rsquo;\u00e9tait une affaire tr\u00e8s grave\u00a0\u00bb<\/em>, se souvient Olivier Martins.\u00a0Pour le convaincre, Fay\u00e7al Cheffou ouvre sa salopette et montre son petit gabarit.<em> \u00ab\u00a0L\u00e0, je r\u00e9alise que \u00e7a ne colle pas. Je connais Bakraoui, l&rsquo;autre terroriste de Zaventem, et je sais qu&rsquo;il a une carrure de rugbyman. Sur la photo, on voit que l&rsquo;homme au chapeau a la m\u00eame corpulence que Bakraoui alors que Fay\u00e7al Cheffou, lui, est un fil de fer.\u00a0\u00bb<\/em><\/p>\n<p>Olivier Martins observe un autre d\u00e9tail qui va mener \u00e0 la lib\u00e9ration de son client. Sur la m\u00eame image de vid\u00e9osurveillance, l&rsquo;avocat remarque que \u00ab\u00a0l&rsquo;homme au chapeau\u00a0\u00bb ne porte pas de gants. Il a donc laiss\u00e9 des empreintes sur le chariot qu&rsquo;il poussait \u00e0 l&rsquo;a\u00e9roport avant de prendre la fuite. Olivier Martins r\u00e9clame que ces empreintes soient pr\u00e9lev\u00e9es et recoup\u00e9es de toute urgence avec celles de son client. <em>\u00ab\u00a0Le lundi 28 mars, j&rsquo;ai re\u00e7u un coup de t\u00e9l\u00e9phone du juge d&rsquo;instruction qui me disait que j&rsquo;avais raison\u00a0: les empreintes ne correspondent pas et le vrai homme au chapeau a \u00e9t\u00e9 identifi\u00e9. Mon client va \u00eatre lib\u00e9r\u00e9.\u00a0\u00bb<\/em><\/p>\n<h2 class=\"subheader\">La machine m\u00e9diatique s&#8217;emballe<\/h2>\n<p>Fay\u00e7al Cheffou sort de prison. Mais pendant ses quatre jours de d\u00e9tention, la machine m\u00e9diatique a eu le temps de se mettre en route. <em>\u00ab\u00a0En cellule, on m&rsquo;a montr\u00e9 une t\u00e9l\u00e9vision. Le maton m&rsquo;a dit de zapper et j&rsquo;ai d\u00e9couvert que j&rsquo;\u00e9tais sur toutes les cha\u00eenes, jusqu&rsquo;\u00e0 CNN. J&rsquo;ai commenc\u00e9 \u00e0 devenir fou.\u00a0\u00bb<\/em><\/p>\n<p>Un de ses\u00a0<a href=\"https:\/\/www.youtube.com\/watch?v=H2DuEHfxYrw\" target=\"_blank\" rel=\"noopener noreferrer\">reportages vid\u00e9o<\/a>, dat\u00e9 de 2014 et dans lequel il d\u00e9nonce les conditions dans un centre de r\u00e9tention en p\u00e9riode de ramadan, est repris par toutes les t\u00e9l\u00e9visions du monde. Certains journalistes le pr\u00e9sentent alors comme un<em> <a href=\"https:\/\/twitter.com\/frhaz\/status\/713754611761418240\">\u00ab\u00a0vrai-faux journaliste de Daech\u00a0\u00bb<\/a>.\u00a0<\/em><em>\u00ab\u00a0C&rsquo;\u00e9tait certes plus un travail de militant qu&rsquo;un reportage de journaliste, mais je ne dis rien de mal dans cette vid\u00e9o. Et partout, on l&rsquo;a pr\u00e9sent\u00e9 comme une preuve que je suis un islamiste\u00a0\u00bb<\/em>, s&rsquo;indigne aujourd&rsquo;hui Fay\u00e7al Cheffou.<\/p>\n<p>Des anciennes connaissances professionnelles prennent la parole, comme Vinz Kant\u00e9, un animateur de Fun Radio. Sur <a href=\"http:\/\/www.7sur7.be\/7s7\/fr\/36487\/Attentats-a-Bruxelles\/article\/detail\/2659076\/2016\/03\/27\/Parano-Faycal-Cheffou-voyait-le-mal-partout.dhtml\" target=\"_blank\" rel=\"noopener noreferrer\">RTL<\/a> et Skynews, il parle de Fay\u00e7al Cheffou comme quelqu&rsquo;un qui<em> \u00ab\u00a0voyait le mal partout\u00a0\u00bb<\/em>, laissant supposer une radicalisation.<em> \u00ab\u00a0Il\u00a0est \u00e9vident que mon passage n&rsquo;a pas \u00e9t\u00e9 compris dans le sens que je pensais\u00a0\u00bb<\/em>, raconte l&rsquo;animateur, qui a depuis pr\u00e9sent\u00e9 ses excuses \u00e0 Fay\u00e7al Cheffou.\u00a0M\u00eame le bourgmestre de Bruxelles prend la parole sur <a href=\"https:\/\/www.franceinter.fr\/emissions\/invite-de-7h50\/invite-de-7h50-29-mars-2016\" target=\"_blank\" rel=\"noopener noreferrer\">France Inter<\/a> pour qualifier le trentenaire de<em> \u00ab\u00a0recruteur\u00a0\u00bb.<\/em><\/p>\n<p>Toujours remont\u00e9, le trentenaire raconte comment il a \u00e9t\u00e9 traqu\u00e9 par les journalistes apr\u00e8s sa lib\u00e9ration.<em> \u00ab\u00a0Il y avait des photographes qui m&rsquo;attendaient \u00e0 la sortie de la prison et d&rsquo;autres en bas de chez moi.\u00a0\u00bb<\/em> Apeur\u00e9, Fay\u00e7al Cheffou se rend chez sa m\u00e8re, o\u00f9 il tombe sur une \u00e9quipe de la cha\u00eene am\u00e9ricaine ABC. <em>\u00ab\u00a0Il y en a un qui m&rsquo;attendait en bas, pendant que deux journalistes arabophones \u00e9taient \u00e0 l&rsquo;int\u00e9rieur pour essayer de convaincre ma m\u00e8re de t\u00e9moigner.\u00a0\u00bb<\/em><\/p>\n<p>D\u00e8s qu&rsquo;il passe la porte, les journalistes d\u00e9gainent les cam\u00e9ras et filment Fay\u00e7al Cheffou serrant sa m\u00e8re dans ses bras. <em>\u00ab\u00a0Pour moi, c&rsquo;\u00e9tait un vrai manque de respect. J&rsquo;ai menac\u00e9 de casser les cam\u00e9ras s&rsquo;ils ne supprimaient pas les images.\u00a0\u00bb<\/em>\u00a0D&rsquo;apr\u00e8s le trentenaire, l&rsquo;\u00e9quipe am\u00e9ricaine tente alors de n\u00e9gocier et lui propose 6 000 euros pour une interview exclusive. <em>\u00ab\u00a0J&rsquo;ai refus\u00e9 et je les ai mis \u00e0 la porte. J&rsquo;\u00e9tais tr\u00e8s \u00e9nerv\u00e9.\u00a0\u00bb\u00a0<\/em>Interrog\u00e9 par franceinfo, le journaliste d&rsquo;ABC\u00a0d\u00e9ment avoir\u00a0propos\u00e9 de l&rsquo;argent.<\/p>\n<p><iframe class=\"b-lazy b-loaded\" src=\"https:\/\/abcnews.go.com\/video\/embed?id=37997597\" width=\"578\" height=\"360\" scrolling=\"no\" allowfullscreen=\"allowfullscreen\" data-mce-fragment=\"1\"><\/iframe><\/p>\n<h2 class=\"subheader\">\u00ab\u00a0\u00c7a y est, c&rsquo;est reparti\u00a0\u00bb<\/h2>\n<p>Harcel\u00e9, Fay\u00e7al Cheffou suit son ami Khalid, arr\u00eat\u00e9 en m\u00eame temps que lui, qui propose de le mettre \u00e0 l&rsquo;abri des journalistes dans un appartement situ\u00e9 \u00e0 une vingtaine de kilom\u00e8tres de la capitale belge. Sur place, les deux hommes passent la nuit \u00e0 parler de leur interpellation, jusqu&rsquo;\u00e0 ce que le t\u00e9l\u00e9phone de Khalid sonne. Au bout du fil, la police lui propose de venir r\u00e9cup\u00e9rer son v\u00e9hicule, saisie lors de leur interpellation \u00e0 Bruxelles. <em>\u00ab\u00a0Mon ami est parti et m&rsquo;a enferm\u00e9 dans l&rsquo;appartement\u00a0pour que je ne sois pas emb\u00eat\u00e9. Mais le temps a commenc\u00e9 a pass\u00e9 et il ne\u00a0revenait pas.\u00a0Je suis all\u00e9 le surveiller\u00a0par la fen\u00eatre quand j&rsquo;ai\u00a0vu des flics arriver en masse avec des cagoules et des gilets pare-balles. L\u00e0,\u00a0je me dis : &lsquo;\u00c7a y est, c&rsquo;est reparti.'\u00a0\u00bb<\/em><\/p>\n<p>Paniqu\u00e9, Fay\u00e7al ouvre la porte-fen\u00eatre du balcon et saute du deuxi\u00e8me \u00e9tage, jusque dans le jardin.<em> \u00ab\u00a0Je ne sais pas ce qui m&rsquo;a pris. J&rsquo;ai eu peur. Je me suis cach\u00e9 sous une b\u00e2che et j&rsquo;ai attendu sans bouger pendant deux ou trois heures dans le froid, en pyjama.\u00a0\u00bb <\/em>Les policiers, qui \u00e9taient en fait simplement venus perquisitionner l&rsquo;appartement, quittent les lieux. Fay\u00e7al Cheffou escalade alors l&rsquo;immeuble pour rentrer dans l&rsquo;appartement.<em>\u00a0<\/em><em>\u00ab\u00a0Tout ce que je voulais, c&rsquo;\u00e9tait m&rsquo;habiller parce que je crevais de froid\u00a0\u00bb<\/em>, se rappelle-t-il, encore nerveux.<\/p>\n<p>Probl\u00e8me : Fay\u00e7al Cheffou est rep\u00e9r\u00e9 par une voisine, qui croit \u00e0 un cambriolage. La police locale d\u00e9barque et le somme d&rsquo;ouvrir la porte. <em>\u00ab\u00a0Sauf que moi, je n&rsquo;avais pas la clef\u2026 Mais \u00e7a semblait tellement absurde que j&rsquo;\u00e9tais certain qu&rsquo;ils n&rsquo;allaient pas me croire. Alors je suis all\u00e9 me cacher dans la chambre.\u00a0\u00bb\u00a0<\/em>Les policiers finissent par casser la porte et par mettre la main sur lui. <em>\u00ab\u00a0D\u00e8s qu&rsquo;ils m&rsquo;ont vu, ils m&rsquo;ont dit\u00a0: &lsquo;Mais vous \u00eates Fay\u00e7al Cheffou ?&rsquo;<\/em><em>\u00a0Heureusement, ils ont vu que j&rsquo;\u00e9tais t\u00e9tanis\u00e9 et ont \u00e9t\u00e9 vraiment tr\u00e8s sympas.\u00a0\u00bb<\/em> Apr\u00e8s quelques v\u00e9rifications, Fay\u00e7al Cheffou est lib\u00e9r\u00e9 dans la soir\u00e9e.<\/p>\n<h2 class=\"subheader\">Des arrestations en s\u00e9rie<\/h2>\n<p>Depuis, les allers-retours au commissariat sont devenus une habitude. En plus d&rsquo;un <em>\u00ab\u00a0nombre incalculable de contr\u00f4les dans la rue\u00a0\u00bb<\/em>, Fay\u00e7al Cheffou a \u00e9t\u00e9 arr\u00eat\u00e9 \u00e0 cinq reprises en deux ans. Une fois, il est interpell\u00e9 dans\u00a0le cadre d&rsquo;une plainte d\u00e9pos\u00e9e par un gardien de prison. Un autre jour, il est\u00a0entendu par les enqu\u00eateurs au sujet d&rsquo;un cousin parti rejoindre l&rsquo;organisation Etat islamique en Syrie et son appartement est perquisitionn\u00e9. Le 25 f\u00e9vrier 2017,\u00a0Fay\u00e7al Cheffou est sorti du lit, \u00e0 2h45 du matin, pour des soup\u00e7ons de \u00ab\u00a0menace d&rsquo;attentat\u00a0\u00bb. Contrairement aux autres arrestations, cette derni\u00e8re est particuli\u00e8rement muscl\u00e9e, raconte-t-il.<\/p>\n<p class=\"ftvi_content_quote\"><strong><span class=\"ftvi_citation_quote\">D\u00e8s que j&rsquo;ai ouvert la porte, j&rsquo;ai vu des policiers cagoul\u00e9s, armes point\u00e9es sur moi. J&rsquo;ai directement \u00e9t\u00e9 mis au sol, jambes \u00e9cart\u00e9es et bras en croix. Un policier avait un genou sur mon dos et une mitraillette point\u00e9e sur mon dos.<\/span><span class=\"ftvi_citation_author\">Fay\u00e7al Cheffou<\/span><span class=\"ftvi_citation_source\">\u00e0 franceinfo<\/span><\/strong><\/p>\n<p>L&rsquo;op\u00e9ration de police a \u00e9t\u00e9 d\u00e9clench\u00e9e apr\u00e8s une fausse alerte \u00e0 la bombe dans une salle de concert bruxelloise. Des<em> \u00ab\u00a0\u00e9l\u00e9ments concrets\u00a0\u00bb<\/em> ont conduit \u00e0 son interpellation, explique le parquet, avant d&rsquo;ajouter :\u00a0<em>\u00ab\u00a0Assez vite pendant la nuit, nous nous sommes rendus compte que ce n&rsquo;\u00e9tait pas lui. D\u00e8s que nous sommes arriv\u00e9s \u00e0 cette conclusion, il a \u00e9t\u00e9 remis en libert\u00e9.\u00a0\u00bb<\/em>\u00a0Cette fois, Fay\u00e7al Cheffou porte plainte pour \u00ab\u00a0violation de domicile\u00a0\u00bb et \u00ab\u00a0harc\u00e8lement\u00a0\u00bb. <em>\u00ab\u00a0Je n&rsquo;ai sign\u00e9 aucun document et je n&rsquo;ai pas vu de mandat<\/em>, justifie le trentenaire lors de sa d\u00e9position aupr\u00e8s du Comit\u00e9 P, la police des polices belge.<em> L&rsquo;objectif de ma plainte est de d\u00e9couvrir pourquoi, et sur la base de quels \u00e9l\u00e9ments, on est arriv\u00e9 \u00e0 venir me chercher chez moi.\u00a0\u00bb<\/em>\u00a0Mais la\u00a0plainte a finalement \u00e9t\u00e9 class\u00e9e sans suite, le 26 f\u00e9vrier dernier.<strong>\u00a0<\/strong><\/p>\n<h2 class=\"subheader\">\u00ab\u00a0Je suis arr\u00eat\u00e9 pour d\u00e9pression\u00a0\u00bb<\/h2>\n<p>Chaque arrestation vaut \u00e0 Fay\u00e7al Cheffou des nouveaux articles de presse, ce qui entretient sa malheureuse notori\u00e9t\u00e9 dans l&rsquo;esprit des Bruxellois.<em> \u00ab\u00a0Les gens continuent \u00e0 me reconna\u00eetre dans la rue\u00a0\u00bb<\/em>, explique-t-il.<\/p>\n<p class=\"ftvi_content_quote\"><strong><span class=\"ftvi_citation_quote\">J&rsquo;ai d\u00e9j\u00e0 vu des femmes changer de trottoir avec leurs enfants. C&rsquo;est ce qui me fait le plus mal.<\/span><span class=\"ftvi_citation_author\">Fay\u00e7al Cheffou<\/span><span class=\"ftvi_citation_source\">\u00e0 franceinfo<\/span><\/strong><\/p>\n<p>Aujourd&rsquo;hui, Fay\u00e7al Cheffou est devenu parano\u00efaque. Sur le palier de son petit studio, il a install\u00e9 une cam\u00e9ra de vid\u00e9osurveillance <em>\u00ab\u00a0pour qu&rsquo;il y ait des preuves si \u00e7a tourne mal la prochaine fois que je me fais arr\u00eater\u00a0\u00bb<\/em>. Le Bruxellois ne se d\u00e9place plus qu&rsquo;en v\u00e9lo et refuse de prendre le m\u00e9tro, de peur d&rsquo;\u00eatre d\u00e9nonc\u00e9 et de provoquer une nouvelle op\u00e9ration polici\u00e8re. Il\u00a0n&rsquo;a pas non plus repris d&rsquo;activit\u00e9 professionnelle. <em>\u00ab\u00a0Je suis arr\u00eat\u00e9 pour d\u00e9pression et je prends des m\u00e9dicaments pour dormir.\u00a0\u00bb\u00a0<\/em>Il affirme ne vivre qu&rsquo;avec 800 euros par mois et n&rsquo;avoir que r\u00e9cemment r\u00e9cup\u00e9r\u00e9 un compte bancaire, apr\u00e8s avoir \u00e9t\u00e9 radi\u00e9 lors de son interpellation.<\/p>\n<p class=\"ftvi_content_quote\"><strong><span class=\"ftvi_citation_quote\">M\u00eame si tout le monde sait aujourd&rsquo;hui que le vrai terroriste est Mohamed Abrini, moi je ne peux pas reprendre ma vie d&rsquo;avant.<\/span><span class=\"ftvi_citation_author\">Fay\u00e7al Cheffou <\/span><span class=\"ftvi_citation_source\">\u00e0 franceinfo<\/span><\/strong><\/p>\n<p>Et de poursuivre\u00a0: <em>\u00ab\u00a0Quand je me plains sur ma situation, on n&rsquo;arr\u00eate pas de me dire qu&rsquo;il y a eu 32\u00a0morts et que par respect pour les familles des victimes, je ferais mieux de la fermer. Comme me l&rsquo;a d\u00e9j\u00e0 dit un policier, moi, je suis un dommage collat\u00e9ral.\u00a0\u00bb<\/em><\/p>\n<aside class=\"col-left\">\n<div class=\"author-wrapper\">\n<p><a class=\"avatar\" href=\"https:\/\/www.francetvinfo.fr\/journaliste\/kocila-makdeche\" target=\"_self\" rel=\"noopener noreferrer\"><img decoding=\"async\" class=\"avatar\" src=\"https:\/\/www.francetvinfo.fr\/skin\/dist\/www\/img\/avatar\/kocila-makdeche-ae18728367.png\" alt=\"avatar\" width=\"40\" height=\"40\" border=\"0\" \/><\/a><\/p>\n<div class=\"authors-list\"><a class=\"author\" href=\"https:\/\/www.francetvinfo.fr\/journaliste\/kocila-makdeche\" target=\"_self\" rel=\"noopener noreferrer\">Kocila Makdeche<\/a><span class=\"group\">France T\u00e9l\u00e9visions<\/span><\/div>\n<\/div>\n<p class=\"publish-date\">Mis \u00e0 jour le <time datetime=\"2018-03-22T18:01:10+01:00\">22\/03\/2018 | 18:01<\/time><br \/>\npubli\u00e9 le <time datetime=\"2018-03-22T10:20:49+01:00\">22\/03\/2018 | 10:20<\/time><\/p>\n<p><a href=\"https:\/\/www.francetvinfo.fr\/monde\/europe\/attentats-de-bruxelles\/je-suis-un-dommage-collateral-le-calvaire-de-faycal-cheffou-accuse-a-tort-d-etre-l-homme-au-chapeau-des-attentats-de-bruxelles_2630270.html?fbclid=IwAR2MX_1f2TcBWgAE6xp697_OB2kN-fomAvmEF_G76nqtzo6a3DFELB61bek\">Source<\/a><\/p>\n<h4 id=\"seo_h1_tag\" class=\"_5gmx\" style=\"text-align: center;\" data-testid=\"event-permalink-event-name\">Pr\u00e9sentation du livre de Fay\u00e7al Cheffou<\/h4>\n<p style=\"text-align: center;\"><a href=\"https:\/\/bruxelles-pantheres.be\/wp-content\/uploads\/2019\/03\/54368130_2383424991691352_5579263883027152896_o.jpg\"><img decoding=\"async\" class=\"alignnone size-full wp-image-4108\" src=\"https:\/\/bruxelles-pantheres.be\/wp-content\/uploads\/2019\/03\/54368130_2383424991691352_5579263883027152896_o.jpg\" alt=\"\" width=\"1600\" height=\"1328\" srcset=\"https:\/\/bruxelles-pantheres.be\/wp-content\/uploads\/2019\/03\/54368130_2383424991691352_5579263883027152896_o.jpg 1600w, https:\/\/bruxelles-pantheres.be\/wp-content\/uploads\/2019\/03\/54368130_2383424991691352_5579263883027152896_o-300x249.jpg 300w, https:\/\/bruxelles-pantheres.be\/wp-content\/uploads\/2019\/03\/54368130_2383424991691352_5579263883027152896_o-1024x850.jpg 1024w, https:\/\/bruxelles-pantheres.be\/wp-content\/uploads\/2019\/03\/54368130_2383424991691352_5579263883027152896_o-768x637.jpg 768w, https:\/\/bruxelles-pantheres.be\/wp-content\/uploads\/2019\/03\/54368130_2383424991691352_5579263883027152896_o-1536x1275.jpg 1536w, https:\/\/bruxelles-pantheres.be\/wp-content\/uploads\/2019\/03\/54368130_2383424991691352_5579263883027152896_o-1320x1096.jpg 1320w, https:\/\/bruxelles-pantheres.be\/wp-content\/uploads\/2019\/03\/54368130_2383424991691352_5579263883027152896_o-600x498.jpg 600w\" sizes=\"(max-width: 1600px) 100vw, 1600px\" \/><\/a><\/p>\n<ul>\n<li id=\"event_time_info\" class=\"_3slj\">\n<div class=\"_36hm\">\n<table class=\"uiGrid _51mz\" cellspacing=\"0\" cellpadding=\"0\">\n<tbody>\n<tr class=\"_51mx\">\n<td class=\"_51m- _4930 _phw _51mw\">\n<div class=\"_phw\">\n<div class=\"_6a\">\n<div class=\"_6a _6b\">\n<div class=\"_xkh\">\n<div class=\"_2ycp _5xhk\"><a href=\"https:\/\/www.facebook.com\/faycalcheffou.antidote\/photos\/gm.727632890971886\/2383424985024686\/?type=3&amp;theater\"><strong>Vendredi 29 mars 2019 de 19:00 \u00e0 22:00<\/strong><\/a><\/div>\n<div class=\"_2ycp _5xhk\"><a href=\"https:\/\/www.facebook.com\/faycalcheffou.antidote\/photos\/gm.727632890971886\/2383424985024686\/?type=3&amp;theater\"><strong><span id=\"u_jsonp_8_h\" class=\"_5xhk\">Espace Citoyen, rue de la Grande Ile, 8 \u00e0 1000 Bruxelles (M\u00e9tro Bourse)<\/span><\/strong><\/a><\/div>\n<div class=\"_5xhp fsm fwn fcg\"><\/div>\n<\/div>\n<\/div>\n<\/div>\n<\/div>\n<\/td>\n<\/tr>\n<\/tbody>\n<\/table>\n<p>Fay\u00e7al Cheffou <a href=\"https:\/\/www.facebook.com\/events\/727632847638557\/\">pr\u00e9sente son livre pour la premi\u00e8re fois au public.<\/a> Un r\u00e9cit hallucinant, que tout citoyen devrait conna\u00eetre !<\/p>\n<p>Le 22 mars 2016, le hall de l\u2019a\u00e9roport de Zaventem est la proie d\u2019un attentat sanglant. Trois hommes sont identifi\u00e9s, parmi eux \u00ab l\u2019homme au chapeau \u00bb. Deux jours plus tard, je suis arr\u00eat\u00e9 \u00e0 tort. Tr\u00e8s vite, les m\u00e9dias me feront porter le chapeau, bafouant ma pr\u00e9somption d\u2019innocence\u2026<br \/>\nJe viens de terminer mon livre bas\u00e9 sur des faits dans lequel je pr\u00e9sente mon r\u00e9cit mais surtout les dysfonctionnements de la justice et de la police. Mon r\u00e9cit met en lumi\u00e8re ce qui reste invisible au grand public et ce qu\u2019il ignore par manque d\u2019information ou de conscientisation.<\/p>\n<p>Ce t\u00e9moignage pourra constituer un socle d\u2019\u00e9tudes de l\u2019\u00e9tat de notre soci\u00e9t\u00e9 et de nos institutions. Au-del\u00e0 de ma personne, ce r\u00e9cit permettra de se rappeler d\u2019une erreur judiciaire la plus grave de ce pass\u00e9 r\u00e9cent. Lequel marquera l\u2019esprit de notre temps, en Belgique et dans de nombreux pays. Il mettra en exergue ses dangereux travers, ses \u00ab laisser-aller \u00bb de violence institutionnelle de tous genres, pour de nombreuses ann\u00e9es encore.<\/p>\n<p>Prendre connaissance de cette histoire, la mienne, est embl\u00e9matique de ce qu\u2019on s\u2019autorise \u00e0 faire \u00e0 un \u00ab terroriste \u00bb pr\u00e9tendu tel, avant m\u00eame qu\u2019il ait \u00e9t\u00e9 jug\u00e9. Une mise au pilori, au m\u00e9pris de la bonne tenue d\u2019une enqu\u00eate polici\u00e8re et judiciaire et du recoupement des \u00e9l\u00e9ments discordants \u00e0 d\u00e9charge.<\/p>\n<p>Au-del\u00e0 de la compassion pour les familles des victimes, ce r\u00e9cit rappelle celui des heures sombres de notre histoire. Je suis aussi une victime. A ce titre, il est de mon droit et de mon devoir de r\u00e9clamer justice.<\/p>\n<p>Int\u00e9ress\u00e9.e.s d\u2019en savoir plus ? Des pr\u00e9-commandes seront disponibles dans les jours \u00e0 venir sur la page facebook \u00ab\u00a0Ils m&rsquo;ont fait porter le chapeau\u00a0\u00bb mais aussi sur le site <a href=\"https:\/\/l.facebook.com\/l.php?u=http%3A%2F%2Fwww.antidote-publishers.be%2F%3Ffbclid%3DIwAR0R3gRLVlHW7RtJQkdmgJ4Bqu0uDW8qHTSRJSEhZW-iXAyRYEqN3k5b4cg&amp;h=AT0NurdfwQx1hYTizvz0p7omXG7OdFR1yZXUs-8HpWgMpbXIMLFvdjcPc_4bD7UnFKYM9vn06Ml2Ay1Ca6RlN7ozgJyUDY3kC-cjLIc0DUDmIrkZHjg3SBIDdq2NB3Bm0SBifuxDzyQxpyxytvY\" target=\"_blank\" rel=\"nofollow noopener noreferrer\" data-lynx-mode=\"hover\">www.antidote-publishers.be<\/a><\/p>\n<\/div>\n<\/li>\n<\/ul>\n<\/aside>\n","protected":false},"excerpt":{"rendered":"<p>Pendant quatre jours, ce Bruxellois a \u00e9t\u00e9 consid\u00e9r\u00e9 comme l&rsquo;un des membres du commando de l&rsquo;a\u00e9roport de Zaventem. Il raconte comment cette erreur a boulevers\u00e9 sa vie.<\/p>\n","protected":false},"author":1,"featured_media":4108,"comment_status":"open","ping_status":"open","sticky":false,"template":"","format":"standard","meta":{"footnotes":""},"categories":[24,36,8,18,28,5],"tags":[14,372],"class_list":["post-4107","post","type-post","status-publish","format-standard","has-post-thumbnail","hentry","category-belgique-maroc","category-europe","category-prisons","category-resistance-bruxelles","category-racismes","category-violence-policiere","tag-bruxelles","tag-faycal-cheffou"],"_links":{"self":[{"href":"https:\/\/bruxelles-pantheres.be\/index.php?rest_route=\/wp\/v2\/posts\/4107","targetHints":{"allow":["GET"]}}],"collection":[{"href":"https:\/\/bruxelles-pantheres.be\/index.php?rest_route=\/wp\/v2\/posts"}],"about":[{"href":"https:\/\/bruxelles-pantheres.be\/index.php?rest_route=\/wp\/v2\/types\/post"}],"author":[{"embeddable":true,"href":"https:\/\/bruxelles-pantheres.be\/index.php?rest_route=\/wp\/v2\/users\/1"}],"replies":[{"embeddable":true,"href":"https:\/\/bruxelles-pantheres.be\/index.php?rest_route=%2Fwp%2Fv2%2Fcomments&post=4107"}],"version-history":[{"count":4,"href":"https:\/\/bruxelles-pantheres.be\/index.php?rest_route=\/wp\/v2\/posts\/4107\/revisions"}],"predecessor-version":[{"id":4112,"href":"https:\/\/bruxelles-pantheres.be\/index.php?rest_route=\/wp\/v2\/posts\/4107\/revisions\/4112"}],"wp:featuredmedia":[{"embeddable":true,"href":"https:\/\/bruxelles-pantheres.be\/index.php?rest_route=\/wp\/v2\/media\/4108"}],"wp:attachment":[{"href":"https:\/\/bruxelles-pantheres.be\/index.php?rest_route=%2Fwp%2Fv2%2Fmedia&parent=4107"}],"wp:term":[{"taxonomy":"category","embeddable":true,"href":"https:\/\/bruxelles-pantheres.be\/index.php?rest_route=%2Fwp%2Fv2%2Fcategories&post=4107"},{"taxonomy":"post_tag","embeddable":true,"href":"https:\/\/bruxelles-pantheres.be\/index.php?rest_route=%2Fwp%2Fv2%2Ftags&post=4107"}],"curies":[{"name":"wp","href":"https:\/\/api.w.org\/{rel}","templated":true}]}}