{"id":4122,"date":"2019-03-18T21:22:29","date_gmt":"2019-03-18T20:22:29","guid":{"rendered":"https:\/\/bruxelles-pantheres.be\/?p=4122"},"modified":"2019-03-19T23:42:05","modified_gmt":"2019-03-19T22:42:05","slug":"veillee-a-lambassade-de-nouvelle-zelande-pour-les-victimes-des-attentats","status":"publish","type":"post","link":"https:\/\/bruxelles-pantheres.be\/?p=4122","title":{"rendered":"Veill\u00e9e \u00e0 l&rsquo;ambassade de Nouvelle-Z\u00e9lande pour les victimes des attentats"},"content":{"rendered":"<div class=\"articleText\">Pr\u00e8s d&rsquo;une centaine de personnes se sont rassembl\u00e9es, vendredi soir de 20H00 \u00e0 22H00, devant l&rsquo;ambassade de Nouvelle-Z\u00e9lande \u00e0 Bruxelles, situ\u00e9e avenue des Nerviens, pour une veill\u00e9e en hommage aux victimes des attentats islamophobes qui ont eu lieu ce jour dans deux mosqu\u00e9es \u00e0 Christchurch et qui ont fait au moins 49 morts et une vingtaine de bless\u00e9s.<\/div>\n<div class=\"articleText\">Les participants ont laiss\u00e9 des messages aux victimes et \u00e0 leurs familles sur une grande banderole pos\u00e9e \u00e0 plat sur la devanture de l&rsquo;ambassade, o\u00f9 un registre de condol\u00e9ances a \u00e9galement \u00e9t\u00e9 ouvert dans la journ\u00e9e.<\/div>\n<p><!--more--><\/p>\n<div class=\"articleText\">Des bougies ont \u00e9t\u00e9 allum\u00e9es, une pri\u00e8re du Coran dite et une minute de silence respect\u00e9e. Ce moment de recueillement silencieux a fait place \u00e0 quelques discours. \u00ab\u00a0C&rsquo;est le plus grand attentat jamais commis sur le sol d&rsquo;un pays occidental contre des populations musulmanes\u00a0\u00bb, souligne Khadija Senhadji, porte-parole du Collectif Rosa Parks Belgique, \u00e0 l&rsquo;initiative de la veill\u00e9e. \u00ab\u00a0C&rsquo;est une trag\u00e9die qui s&rsquo;ancre dans un contexte qui pr\u00eate le flanc \u00e0 des actes islamophobes. Le tueur, qui a r\u00e9dig\u00e9 un manifeste, a puis\u00e9 son inspiration dans les id\u00e9es d\u00e9fendues par Marine Le Pen ou encore par les th\u00e9oriciens du grand remplacement en France, des gens qui vivent en Europe. Cette hyst\u00e9rie qui se d\u00e9veloppe autour de l&rsquo;islam est aliment\u00e9e par les politiques et les m\u00e9dias.\u00a0\u00bb Ce collectif, qui lutte contre le \u00ab\u00a0racisme politique\u00a0\u00bb, pointent les dispositifs d&rsquo;exception qui ont permis de multiplier les perquisitions et les contr\u00f4les dans le cadre du plan Canal, la d\u00e9ch\u00e9ance de la nationalit\u00e9 pour les bi-nationaux ou encore le manque d&rsquo;intervention de l&rsquo;Etat pour ceux emprisonn\u00e9s au Maroc comme Ali Aarrass. \u00ab\u00a0On cr\u00e9e de fa\u00e7on tout \u00e0 fait l\u00e9gale un statut de sous-citoyennet\u00e9, qui est pleinement assum\u00e9, et apr\u00e8s on parle d&rsquo;int\u00e9gration \u00e0 des gens qui ne sont plus consid\u00e9r\u00e9s comme des citoyens \u00e0 part enti\u00e8re\u00a0\u00bb, d\u00e9nonce Khadija Senhadji. \u00ab\u00a0On est soumis \u00e0 un devoir d&rsquo;exemplarit\u00e9 et en cas de crime, un Belgo-Marocain risque une double peine.\u00a0\u00bb (Belga)<\/div>\n<div><span class=\"article-productionData-date\">Publi\u00e9 le <time title=\"vendredi 15 mars 2019 \u00e0 22h46\" datetime=\"2019-03-15 22:46:55\"> vendredi 15 mars 2019 \u00e0 22h46 <\/time> \u00e0 BRUXELLES (BELGIUM)<\/span><\/div>\n<div style=\"text-align: center;\"><a href=\"https:\/\/bruxelles-pantheres.be\/wp-content\/uploads\/2019\/03\/planche-de-stickers-je-suis-musulman.jpg\"><img decoding=\"async\" class=\"alignnone size-full wp-image-4123\" src=\"https:\/\/bruxelles-pantheres.be\/wp-content\/uploads\/2019\/03\/planche-de-stickers-je-suis-musulman.jpg\" alt=\"\" width=\"550\" height=\"550\" srcset=\"https:\/\/bruxelles-pantheres.be\/wp-content\/uploads\/2019\/03\/planche-de-stickers-je-suis-musulman.jpg 550w, https:\/\/bruxelles-pantheres.be\/wp-content\/uploads\/2019\/03\/planche-de-stickers-je-suis-musulman-300x300.jpg 300w, https:\/\/bruxelles-pantheres.be\/wp-content\/uploads\/2019\/03\/planche-de-stickers-je-suis-musulman-150x150.jpg 150w\" sizes=\"(max-width: 550px) 100vw, 550px\" \/><\/a><\/div>\n<div>\n<p><strong>Bruxelles Panth\u00e8res adresse toutes ses pens\u00e9es aux familles et proches des victimes de la terrible attaque islamophobe de Christchurch,<\/strong> qui a fait 49 morts et plusieurs dizaines de bless\u00e9s. Allah Yarhamhoum. Cet \u00e9v\u00e8nement sonne comme un terrible rappel \u00e0 la r\u00e9alit\u00e9 pour ceux qui encore aujourd\u2019hui persistent \u00e0 nier l\u2019existence de l\u2019islamophobie et la l\u00e9gitimit\u00e9 \u00e0 la combattre. Les tueurs supr\u00e9macistes blancs se succ\u00e8dent et s\u2019imitent, et on persiste \u00e0 pr\u00e9senter leurs actes comme le fait de d\u00e9s\u00e9quilibr\u00e9s solitaires. Or ces actes se fondent sur une repr\u00e9sentation du monde qui est loin d\u2019\u00eatre r\u00e9ductible aux d\u00e9lires complotistes de la fachosph\u00e8re. L\u2019auteur de ces attaques r\u00e9v\u00e8le, dans le manifeste qu\u2019il a laiss\u00e9 pour motiver ses actes, une obsession du d\u00e9clin de l\u2019Occident et de la menace que les non-blancs feraient peser sur l\u2019avenir d\u00e9mographique des population blanches europ\u00e9ennes. Il r\u00e9v\u00e8le \u00e9galement l\u2019horreur que lui a inspir\u00e9 le spectacle d\u2019une France submerg\u00e9e d\u2019\u00abenvahisseurs\u00bb musulmans, migrants, ou r\u00e9fugi\u00e9s.<\/p>\n<p>Son id\u00e9ologie n\u2019est qu\u2019une des d\u00e9clinaisons radicales de la narration h\u00e9g\u00e9monique sur la guerre int\u00e9rieure et ext\u00e9rieure contre le terrorisme, sur les migrations et la menace civilisationnelle que l\u2019islam ferait peser sur les soci\u00e9t\u00e9s occidentales s\u00e9cularis\u00e9es. Cette narration est le fondement des politiques migratoires racistes, des lois islamophobes et des interventions imp\u00e9rialistes qui frappent les peuples du Sud.<\/p>\n<p>La mentalit\u00e9 d\u2019assi\u00e9g\u00e9 qui pr\u00e9side et ouvre la voie aux passages \u00e0 l\u2019acte de ce type n\u2019est pas que le fait d\u2019une minorit\u00e9 d\u2019exalt\u00e9s. Elle est le fruit de cette offensive politique et m\u00e9diatique g\u00e9n\u00e9rale \u00e0 laquelle participent tous ceux qui agitent chaque jour le spectre de la menace musulmane, et ceux qui chaque jour excluent, discriminent, ou bombardent. Cette mentalit\u00e9 d\u2019assi\u00e9g\u00e9 tue.<\/p>\n<p>La sortie de cette logique meurtri\u00e8re passe par la mobilisation et l\u2019organisation de tous ceux qui luttent pour un monde d\u00e9barrass\u00e9 du colonialisme et du racisme structurel.<\/p>\n<p>&nbsp;<\/p>\n<p align=\"justify\">Les victimes\u00a0sont \u00e2g\u00e9es de 3 \u00e0 77 ans. Parmi eux des palestiniens , des tunisiens, des pakistanais, des indiens, des y\u00e9m\u00e9nites, des somaliens, des \u00e9gyptiens, des jordaniens, des saoudiens, des syriens et des afghans.<\/p>\n<p align=\"justify\"><strong>Mucad Ibrahim, 3 ans<\/strong>, est la plus jeune victime de ces attaques. Il aurait tent\u00e9 de fuir alors que son p\u00e8re, bless\u00e9, faisait le mort aux c\u00f4t\u00e9s d\u2019Abdi Ibrahim, son grand fr\u00e8re, pour \u00e9chapper aux tirs. La famille avait d\u2019abord signal\u00e9 sa disparition avant que la mort du jeune gar\u00e7on ne soit confirm\u00e9e.<\/p>\n<p>&nbsp;<\/p>\n<p><strong>Abdullahi Dirie, 4 ans<\/strong><br \/>\n<strong>Sayyad Milne, 14 ans<\/strong><\/p>\n<p><strong>Hamza Mustafa, 16 ans*<\/strong><\/p>\n<p><strong>Talha Naeem, 21 ans et son p\u00e8re Rashid Naeem, 40 ans*<\/strong><\/p>\n<p align=\"justify\">Naeem Rashid s\u2019est sacrifi\u00e9 en essayant de d\u00e9sarmer le terroriste qui a ouvert le feu . Son fils de 21 ans, Talha, a aussi \u00e9t\u00e9 tu\u00e9. Le h\u00e9ros Naeem Rashid est d\u00e9c\u00e9d\u00e9 \u00e0 l\u2019h\u00f4pital.<\/p>\n<p>&nbsp;<\/p>\n<p><strong>Tariq Omar, 24 ans<\/strong><\/p>\n<p><strong>Ozair Kadir, 24 ans<\/strong><\/p>\n<p><strong>Ansi Alibava, 25 ans<\/strong><\/p>\n<p><strong>Syed Areeb Ahmed, 26 ans<\/strong><\/p>\n<p><strong>Ramiz Arifbhai Vora, 28 ans*<\/strong><\/p>\n<p>&nbsp;<\/p>\n<p><strong>Mojammel Hoq, 30 ans<\/strong><\/p>\n<p><strong>Farhaj Ahsan, 30 ans<\/strong><\/p>\n<p><strong>Atta Elayyan, 33 ans<\/strong><\/p>\n<p align=\"justify\">D\u2019origine palestinienne et kowe\u00eftienne, il \u00e9tait gardien de but au sein de l\u2019\u00e9quipe nationale de futsal n\u00e9o-z\u00e9landaise. Son p\u00e8re Mohammed Elayyan, qui a \u00e9t\u00e9 bless\u00e9, avait co-fond\u00e9 l\u2019une des mosqu\u00e9es en 1993.<\/p>\n<p><strong>Hussein Al-Umari, 35 ans<\/strong><\/p>\n<p><strong>Junaid Ismail, 36 ans<\/strong><\/p>\n<p><strong>Mohammed Omar Faruk, 36 ans<\/strong><\/p>\n<p><strong>Osama Adnan Abu Kwik, 37 ans<\/strong><\/p>\n<p><strong>Zeehan Raza, 38 ans<\/strong><\/p>\n<p><strong>Kamel Darwish, 39 ans<\/strong><\/p>\n<p><strong>Haroon Mahmood, 40 ans<\/strong><\/p>\n<p><strong>Sohail Shahid, 40 ans<\/strong><\/p>\n<p><strong>[Nom et pr\u00e9nom supprim\u00e9s], 42 ans<\/strong><br \/>\n<strong>Syed Jahandad Ali, 43 ans<\/strong><\/p>\n<p><strong>Husna Ahmed, 44 ans<\/strong><\/p>\n<p><strong>Khaled Alhaj Mustafa, 45 ans*<\/strong><br \/>\n<strong>Mohammed Imran Kahn, 47 ans<\/strong><\/p>\n<p><strong>Mathullah Safi, 55 ans<\/strong><\/p>\n<p><strong>Amjad Hamid, 57 ans<\/strong><\/p>\n<p><strong>Lilik Abdul Hamid, 58 ans<\/strong><\/p>\n<p><strong>Mohamedali Arifbhai Vora, 58 ans*<br \/>\n<\/strong><strong>Ghulam Hussain, la soixantaine*<br \/>\n<\/strong><strong>Karam Bibi, la soixantaine*<br \/>\n<\/strong><strong>Abdelfattah Qasem, 60 ans<\/strong><\/p>\n<p><strong><br \/>\n<\/strong><strong>Musa Vali Suleman Patel, 60 ans<\/strong><\/p>\n<p><strong>\u00a0<\/strong><\/p>\n<p><strong>Ashraf Ali, 61 ans<\/strong><\/p>\n<p><strong>Mohsin Al-Harbi, 63 ans<\/strong><\/p>\n<p><strong>Ali Elmadani, 65 ans<\/strong><br \/>\n<strong>Maheboob Khokhar, 65 ans<\/strong><\/p>\n<p><strong>Linda Armstrong, 65 ans<\/strong><\/p>\n<p><strong>Muhammed Abdusi Samad, 66 ans<\/strong><\/p>\n<p><strong>Ahmad Gamaluddin Abdel Ghani, 68 ans<\/strong><br \/>\n<strong>Mounir Soliman, 68 ans<\/strong><\/p>\n<p><strong>Hussein Moustafa, 70 ans<\/strong><\/p>\n<p><strong>Abdukadir Elmi, 70 ans<\/strong><br \/>\n<strong>Haji-Daoud Nabi, 71 ans<\/strong><\/p>\n<p align=\"justify\">C\u2019est la premi\u00e8re victime de Brenton Tarrant. Nabi avait quitt\u00e9 l\u2019Afghanistan \u00e0 la fin des ann\u00e9es 70 avec sa famille. C\u2019est la premi\u00e8re personne que le terroriste a crois\u00e9 \u00e0 l\u2019entr\u00e9e de la mosqu\u00e9e. Ses derniers mots \u00e9taient \u201chello brother\u201d.<\/p>\n<p><strong>Musa Nur Awale, 77 ans<\/strong><br \/>\n<strong>Ashraf al-Masri<\/strong><br \/>\n<strong>Dimanche 17 mars, Zakaria Bhuiyan est toujours port\u00e9 disparu.<\/strong><\/p>\n<\/div>\n","protected":false},"excerpt":{"rendered":"<p>Pr\u00e8s d&rsquo;une centaine de personnes se sont rassembl\u00e9es, vendredi soir de 20H00 \u00e0 22H00, devant l&rsquo;ambassade de Nouvelle-Z\u00e9lande \u00e0 Bruxelles, situ\u00e9e avenue des Nerviens, pour une veill\u00e9e en hommage aux victimes des attentats islamophobes qui ont eu lieu ce jour dans deux mosqu\u00e9es \u00e0 Christchurch et qui ont fait au moins 49 morts et une &#8230; <a title=\"Veill\u00e9e \u00e0 l&rsquo;ambassade de Nouvelle-Z\u00e9lande pour les victimes des attentats\" class=\"read-more\" href=\"https:\/\/bruxelles-pantheres.be\/?p=4122\" aria-label=\"En savoir plus sur Veill\u00e9e \u00e0 l&rsquo;ambassade de Nouvelle-Z\u00e9lande pour les victimes des attentats\">Lire la suite<\/a><\/p>\n","protected":false},"author":1,"featured_media":4115,"comment_status":"open","ping_status":"open","sticky":false,"template":"","format":"standard","meta":{"footnotes":""},"categories":[36,4],"tags":[181],"class_list":["post-4122","post","type-post","status-publish","format-standard","has-post-thumbnail","hentry","category-europe","category-islamophobie","tag-islamophobie"],"_links":{"self":[{"href":"https:\/\/bruxelles-pantheres.be\/index.php?rest_route=\/wp\/v2\/posts\/4122","targetHints":{"allow":["GET"]}}],"collection":[{"href":"https:\/\/bruxelles-pantheres.be\/index.php?rest_route=\/wp\/v2\/posts"}],"about":[{"href":"https:\/\/bruxelles-pantheres.be\/index.php?rest_route=\/wp\/v2\/types\/post"}],"author":[{"embeddable":true,"href":"https:\/\/bruxelles-pantheres.be\/index.php?rest_route=\/wp\/v2\/users\/1"}],"replies":[{"embeddable":true,"href":"https:\/\/bruxelles-pantheres.be\/index.php?rest_route=%2Fwp%2Fv2%2Fcomments&post=4122"}],"version-history":[{"count":4,"href":"https:\/\/bruxelles-pantheres.be\/index.php?rest_route=\/wp\/v2\/posts\/4122\/revisions"}],"predecessor-version":[{"id":4131,"href":"https:\/\/bruxelles-pantheres.be\/index.php?rest_route=\/wp\/v2\/posts\/4122\/revisions\/4131"}],"wp:featuredmedia":[{"embeddable":true,"href":"https:\/\/bruxelles-pantheres.be\/index.php?rest_route=\/wp\/v2\/media\/4115"}],"wp:attachment":[{"href":"https:\/\/bruxelles-pantheres.be\/index.php?rest_route=%2Fwp%2Fv2%2Fmedia&parent=4122"}],"wp:term":[{"taxonomy":"category","embeddable":true,"href":"https:\/\/bruxelles-pantheres.be\/index.php?rest_route=%2Fwp%2Fv2%2Fcategories&post=4122"},{"taxonomy":"post_tag","embeddable":true,"href":"https:\/\/bruxelles-pantheres.be\/index.php?rest_route=%2Fwp%2Fv2%2Ftags&post=4122"}],"curies":[{"name":"wp","href":"https:\/\/api.w.org\/{rel}","templated":true}]}}