{"id":4133,"date":"2019-04-02T06:18:18","date_gmt":"2019-04-02T05:18:18","guid":{"rendered":"https:\/\/bruxelles-pantheres.be\/?p=4133"},"modified":"2019-04-02T06:20:57","modified_gmt":"2019-04-02T05:20:57","slug":"les-meres-deurope-demandent-au-gouvernement-federal-de-rapatrier-immediatement-les-enfants-belges-des-camps-kurdes","status":"publish","type":"post","link":"https:\/\/bruxelles-pantheres.be\/?p=4133","title":{"rendered":"Les &lsquo;M\u00e8res d&rsquo;Europe&rsquo; demandent au gouvernement f\u00e9d\u00e9ral de rapatrier imm\u00e9diatement les enfants belges des camps kurdes"},"content":{"rendered":"<p><span dir=\"ltr\"><span class=\"_3l3x _1n4g\">Les &lsquo;M\u00e8res d&rsquo;Europe&rsquo; m\u00e8neront une action paisible proche de la Gare Centrale. Elles s&rsquo; exprimeront aux cliquetis de pot de 2 avril jusqu&rsquo;au 5 avril &rsquo;19, de 16.30 h \u00e0 18.30 h. Les &lsquo;M\u00e8res d&rsquo;Europe&rsquo; demandent au gouvernement f\u00e9d\u00e9ral de rapatrier imm\u00e9diatement les enfants belges des camps kurdes et de poursuivre les combattants de EI en Belgique. Parmi les enfants sont des orphelins, des malades et des morts \u00e0 d\u00e9plorer. Ils souffrent tous de privation, de malnutrition et d&rsquo; ins\u00e9curit\u00e9. Ces enfants ne sont pas tenus \u00e0 mourir l\u00e0-bas parce que le gouvernement refuse de juger leurs parents ici. Ne rien faire pour eux revient \u00e0 une omission volontaire. RAMEN\u00c9-LES VITE !<br \/>\n<a class=\"\" href=\"https:\/\/www.facebook.com\/events\/391669888054946\/?hc_location=ufi\" data-hovercard=\"\/ajax\/hovercard\/user.php?id=391669888054946\">https:\/\/www.facebook.com\/events\/391669888054946\/?active_tab=about<\/a><\/span><\/span><!--more--><\/p>\n<p><a href=\"https:\/\/bruxelles-pantheres.be\/wp-content\/uploads\/2019\/04\/56623237_2346295428939939_3981279196985950208_n.jpg\"><img decoding=\"async\" class=\"size-full wp-image-4134 aligncenter\" src=\"https:\/\/bruxelles-pantheres.be\/wp-content\/uploads\/2019\/04\/56623237_2346295428939939_3981279196985950208_n.jpg\" alt=\"\" width=\"722\" height=\"960\" srcset=\"https:\/\/bruxelles-pantheres.be\/wp-content\/uploads\/2019\/04\/56623237_2346295428939939_3981279196985950208_n.jpg 722w, https:\/\/bruxelles-pantheres.be\/wp-content\/uploads\/2019\/04\/56623237_2346295428939939_3981279196985950208_n-226x300.jpg 226w, https:\/\/bruxelles-pantheres.be\/wp-content\/uploads\/2019\/04\/56623237_2346295428939939_3981279196985950208_n-600x798.jpg 600w\" sizes=\"(max-width: 722px) 100vw, 722px\" \/><\/a><\/p>\n<div class=\"petition-page-grid-header\">\n<h1 class=\"petition-page-title\">Les enfants belges en Syrie\/Irak: : Ramenez les<\/h1>\n<\/div>\n<div class=\"petition-page-grid-content-bottom\">\n<div class=\"user-petition-names\">\n<div class=\"user-petition-data\">\n<div class=\"user-petition-name \">Elisabeth De S.<\/div>\n<p>heeft deze petitie aangemaakt voor<\/p>\n<div class=\"user-petition-name \">Les enfants belges en Syrie\/Irak:<\/div>\n<div><\/div>\n<\/div>\n<\/div>\n<div class=\"petition-page-description\">Vous approuvez\u00a0cette demande au gouvernement belge de travailler rapidement et activement <b>au retour control\u00e9<\/b> des enfants et des \u00e9pouses Belges de combattants syriens, en accordant la priorit\u00e9 aux malades, aux nouveau-n\u00e9s et \u00e0 leurs m\u00e8res. Le retour contr\u00f4l\u00e9 permet au gouvernement de poursuivre les parents en justice pour les d\u00e9lits commis. La Belgique dispose des services de soins (\u00e0 la jeunesse) n\u00e9cessaires pour accompagner ces enfants et leurs familles (d&rsquo; accueil). Ils n&rsquo;ont pas d&rsquo; avenir en Syrie ou en Irak. Ils sont enferm\u00e9s dans des camps ou des orphelinats dans de mauvaises conditions de vie. <b>Ces enfants-victimes <\/b>souffrent des choix de leurs parents belges. Nous plaidons pour leur retour rapide, sur la base des droits universels de l&rsquo;homme et de l&rsquo; enfant. Le rapport (13-10-2018) de G. Loots et Child Focus concernant 15 jeunes enfants belges, vivant dans les camps syriens (Al-Hol et Al-Roj), rapporte le manque d&rsquo; \u00e9ducation, de stimuli sains, les traumatismes mod\u00e9r\u00e9s, des d\u00e9fiences linguistiques ainsi que l&rsquo; \u00e9tat psychologique inqui\u00e9tant des m\u00e8res, d\u00fb au stress et au d\u00e9sespoir.<\/p>\n<p><i>La directrice du Comit\u00e9 de la Direction de la lutte contre le terrorisme de l&rsquo; ONU (CTED) <b>Mich\u00e8le Coninsx<\/b>, suit la politique antiterroriste des Etats membres de l&rsquo;ONU. Elle fait un appel \u00e0 ne pas abandonner les enfants des combattants syriens.<br \/>\n<b>Dr. Abdul Karim Omar<\/b>, le repr\u00e9sentant-\u00e9tranger du gouvernement autonome d\u00e9mocratique des Kurdes de Syrie du Nord, a lanc\u00e9 un appel \u00e0 une quarantaine de pays\u00a0pour qu&rsquo;ils reprennent\u00a0 des combattants, des enfants et des m\u00e8res belges en Syrie. Seuls quelques pays ont suivi cet appel et d&rsquo; autres pays pr\u00e9parent leur retour en consultation avec les Kurdes.<br \/>\nLes gouvernements europ\u00e9ens sont tenus <b>\u00e0 rapatrier<\/b> leurs combattants\u00a0 identifi\u00e9s puisque les camps kurdes et irakiens seront finalement d\u00e9mantel\u00e9s. Les pays concern\u00e9s devraient assumer leur responsabilit\u00e9 par des raisons humanitaires, p\u00e9dagogiques et de s\u00e9curit\u00e9. Des experts, des avocats et des grands-parents ont d\u00e9j\u00e0 entrepris des d\u00e9marches p.e. par la poursuite du gouvernement belge devant les tribunaux.\u00a0 <\/i><\/div>\n<h2 class=\"petition-page-description\">\n<a href=\"https:\/\/secure.avaaz.org\/nl\/community_petitions\/Chers_citoyens_signez_et_partagez_cette_petition_comme_appel_au_gouvernement_belge_Les_enfants_belges_en_SyrieIrak_Ramen\/?fbclid=IwAR3Nr_j_VB3W4j4KaT1dD2n1gPTLXOebAhzE11E9vHzZgjJMQJuQX1Jc8Ho\"> \u00a0 \u00a0 \u00a0 Signez<\/a><\/h2>\n<\/div>\n","protected":false},"excerpt":{"rendered":"<p>Les &lsquo;M\u00e8res d&rsquo;Europe&rsquo; m\u00e8neront une action paisible proche de la Gare Centrale. Elles s&rsquo; exprimeront aux cliquetis de pot de 2 avril jusqu&rsquo;au 5 avril &rsquo;19, de 16.30 h \u00e0 18.30 h. Les &lsquo;M\u00e8res d&rsquo;Europe&rsquo; demandent au gouvernement f\u00e9d\u00e9ral de rapatrier imm\u00e9diatement les enfants belges des camps kurdes et de poursuivre les combattants de EI &#8230; <a title=\"Les &lsquo;M\u00e8res d&rsquo;Europe&rsquo; demandent au gouvernement f\u00e9d\u00e9ral de rapatrier imm\u00e9diatement les enfants belges des camps kurdes\" class=\"read-more\" href=\"https:\/\/bruxelles-pantheres.be\/?p=4133\" aria-label=\"En savoir plus sur Les &lsquo;M\u00e8res d&rsquo;Europe&rsquo; demandent au gouvernement f\u00e9d\u00e9ral de rapatrier imm\u00e9diatement les enfants belges des camps kurdes\">Lire la suite<\/a><\/p>\n","protected":false},"author":1,"featured_media":4134,"comment_status":"open","ping_status":"open","sticky":false,"template":"","format":"standard","meta":{"footnotes":""},"categories":[21,36,4,18,28],"tags":[31,23],"class_list":["post-4133","post","type-post","status-publish","format-standard","has-post-thumbnail","hentry","category-anti-imperialisme","category-europe","category-islamophobie","category-resistance-bruxelles","category-racismes","tag-belgique","tag-discrimination"],"_links":{"self":[{"href":"https:\/\/bruxelles-pantheres.be\/index.php?rest_route=\/wp\/v2\/posts\/4133","targetHints":{"allow":["GET"]}}],"collection":[{"href":"https:\/\/bruxelles-pantheres.be\/index.php?rest_route=\/wp\/v2\/posts"}],"about":[{"href":"https:\/\/bruxelles-pantheres.be\/index.php?rest_route=\/wp\/v2\/types\/post"}],"author":[{"embeddable":true,"href":"https:\/\/bruxelles-pantheres.be\/index.php?rest_route=\/wp\/v2\/users\/1"}],"replies":[{"embeddable":true,"href":"https:\/\/bruxelles-pantheres.be\/index.php?rest_route=%2Fwp%2Fv2%2Fcomments&post=4133"}],"version-history":[{"count":3,"href":"https:\/\/bruxelles-pantheres.be\/index.php?rest_route=\/wp\/v2\/posts\/4133\/revisions"}],"predecessor-version":[{"id":4137,"href":"https:\/\/bruxelles-pantheres.be\/index.php?rest_route=\/wp\/v2\/posts\/4133\/revisions\/4137"}],"wp:featuredmedia":[{"embeddable":true,"href":"https:\/\/bruxelles-pantheres.be\/index.php?rest_route=\/wp\/v2\/media\/4134"}],"wp:attachment":[{"href":"https:\/\/bruxelles-pantheres.be\/index.php?rest_route=%2Fwp%2Fv2%2Fmedia&parent=4133"}],"wp:term":[{"taxonomy":"category","embeddable":true,"href":"https:\/\/bruxelles-pantheres.be\/index.php?rest_route=%2Fwp%2Fv2%2Fcategories&post=4133"},{"taxonomy":"post_tag","embeddable":true,"href":"https:\/\/bruxelles-pantheres.be\/index.php?rest_route=%2Fwp%2Fv2%2Ftags&post=4133"}],"curies":[{"name":"wp","href":"https:\/\/api.w.org\/{rel}","templated":true}]}}