{"id":4138,"date":"2019-04-02T06:27:07","date_gmt":"2019-04-02T05:27:07","guid":{"rendered":"https:\/\/bruxelles-pantheres.be\/?p=4138"},"modified":"2019-04-02T06:27:07","modified_gmt":"2019-04-02T05:27:07","slug":"la-dignite-ou-la-mort-rencontre-avec-norman-ajari","status":"publish","type":"post","link":"https:\/\/bruxelles-pantheres.be\/?p=4138","title":{"rendered":"La Dignit\u00e9 OU La MORT : Rencontre avec Norman Ajari"},"content":{"rendered":"<p>&nbsp;<\/p>\n<ul>\n<li id=\"event_time_info\" class=\"_3slj\">\n<div class=\"_36hm\">\n<table class=\"uiGrid _51mz\" cellspacing=\"0\" cellpadding=\"0\">\n<tbody>\n<tr class=\"_51mx\">\n<td class=\"_51m- _4930 _phw _51mw\">\n<div class=\"_phw\">\n<div class=\"_6a\">\n<div class=\"_6a _6b\">\n<div class=\"_xkh\">\n<h4 class=\"_2ycp _5xhk\"><strong>Samedi 13 avril 2019 de 19:00 \u00e0 23:00<\/strong><\/h4>\n<div class=\"_5xhp fsm fwn fcg\">\n<div class=\"fsm fwn fcg\">\n<div id=\"u_jsonp_27_s\" class=\"_36hm _5cmn\">\n<table class=\"uiGrid _51mz\" cellspacing=\"0\" cellpadding=\"0\">\n<tbody>\n<tr class=\"_51mx\">\n<td class=\"_51m- _phw\">\n<div class=\"_4dpf _phw\">\n<div class=\"_6a\">\n<div class=\"_6a _6b\">\n<div class=\"_xkh\">@ Belgium Kitchen<\/p>\n<div class=\"_5xhp fsm fwn fcg\">Rue Ulens 40, R\u00e9gion de Bruxelles-Capitale<\/div>\n<\/div>\n<\/div>\n<\/div>\n<\/div>\n<div class=\"_xkg _phw\">\n<div>\n<div id=\"u_jsonp_27_u\">\n<div class=\"_6a\">\n<div class=\"_6a _6b\"><\/div>\n<div class=\"_6a _6b\"><a role=\"button\" href=\"https:\/\/www.facebook.com\/events\/266484774267033\/#\">Afficher la carte<\/a><\/div>\n<\/div>\n<\/div>\n<\/div>\n<\/div>\n<\/td>\n<td class=\"_51m- _51mw\"><\/td>\n<\/tr>\n<\/tbody>\n<\/table>\n<\/div>\n<\/div>\n<\/div>\n<\/div>\n<\/div>\n<\/div>\n<\/div>\n<\/td>\n<\/tr>\n<\/tbody>\n<\/table>\n<div class=\"_2pij _2pis\">\n<div class=\"_20z9 _5aj7\">\n<div class=\"_4bl9\"><\/div>\n<\/div>\n<\/div>\n<\/div>\n<\/li>\n<\/ul>\n<p><!--more--><\/p>\n<p>LA DIGNIT\u00c9 OU LA MORT : ETHIQUE ET POLITIQUE DE LA RACE de Norman Ajari<\/p>\n<p>Norman Ajari, docteur en philosophie (africana, sociale, politique et d\u00e9coloniale), publie son premier livre, \u00ab\u00a0La dignit\u00e9 ou la mort : Ethique et politique de la race\u00a0\u00bb, \u0153uvre critique de la philosophie europ\u00e9enne.<\/p>\n<p>Il n\u2019y a pas un.e seul.e Africain.e ou afro-descendant.e dont l\u2019humanit\u00e9 n\u2019ait \u00e9t\u00e9 radicalement contest\u00e9e sur les plans juridique, scientifique, philosophique, th\u00e9ologique, \u00e9conomique, psychiatrique. On n\u2019en continue pas moins \u00e0 exiger des afro-descendant.e.s qu\u2019elles et ils cessent de ressasser, de ruminer l\u2019histoire coloniale : n\u2019est-ce pas ignorer que l\u2019on r\u00e9p\u00e8te ainsi une vieille injonction esclavagiste \u00e0 l\u2019oubli des anc\u00eatres et \u00e0 la m\u00e9connaissance de la communaut\u00e9 d\u2019origine ?<\/p>\n<p>Le choix fait ici est de penser la d\u00e9shumanisation \u00e0 partir de la traite transatlantique et de l\u2019esclavage.<\/p>\n<p>La Dignit\u00e9 ou la mort propose une implacable analyse critique de la tradition philosophique europ\u00e9enne. Mais c\u2019est pour mieux renouer avec l\u2019histoire m\u00e9connue de la pens\u00e9e radicale des mondes noirs. Les r\u00e9voltes d\u2019esclaves, la n\u00e9gritude, les usages r\u00e9volutionnaires du christianisme en Am\u00e9rique du Nord et en Afrique du Sud, l\u2019ontologie politique, seront autant d\u2019\u00e9tapes d\u2019un v\u00e9ritable parcours de lib\u00e9ration. La dignit\u00e9 est la capacit\u00e9 de l\u2019opprim\u00e9 \u00e0 tenir debout entre la vie et la mort.<\/p>\n<h2 style=\"text-align: center;\"><a href=\"https:\/\/www.facebook.com\/events\/266484774267033\/\">Facebook events<\/a><\/h2>\n<p><a href=\"https:\/\/bruxelles-pantheres.be\/wp-content\/uploads\/2019\/04\/55509659_2269356863126167_6166082017684357120_n.png\"><img decoding=\"async\" class=\"size-full wp-image-4139 aligncenter\" src=\"https:\/\/bruxelles-pantheres.be\/wp-content\/uploads\/2019\/04\/55509659_2269356863126167_6166082017684357120_n.png\" alt=\"\" width=\"652\" height=\"960\" srcset=\"https:\/\/bruxelles-pantheres.be\/wp-content\/uploads\/2019\/04\/55509659_2269356863126167_6166082017684357120_n.png 652w, https:\/\/bruxelles-pantheres.be\/wp-content\/uploads\/2019\/04\/55509659_2269356863126167_6166082017684357120_n-204x300.png 204w, https:\/\/bruxelles-pantheres.be\/wp-content\/uploads\/2019\/04\/55509659_2269356863126167_6166082017684357120_n-600x883.png 600w\" sizes=\"(max-width: 652px) 100vw, 652px\" \/><\/a><\/p>\n<p>&nbsp;<\/p>\n","protected":false},"excerpt":{"rendered":"<p>&nbsp; Samedi 13 avril 2019 de 19:00 \u00e0 23:00 @ Belgium Kitchen Rue Ulens 40, R\u00e9gion de Bruxelles-Capitale Afficher la carte<\/p>\n","protected":false},"author":1,"featured_media":4140,"comment_status":"open","ping_status":"open","sticky":false,"template":"","format":"standard","meta":{"footnotes":""},"categories":[1],"tags":[],"class_list":["post-4138","post","type-post","status-publish","format-standard","has-post-thumbnail","hentry","category-non-classe"],"_links":{"self":[{"href":"https:\/\/bruxelles-pantheres.be\/index.php?rest_route=\/wp\/v2\/posts\/4138","targetHints":{"allow":["GET"]}}],"collection":[{"href":"https:\/\/bruxelles-pantheres.be\/index.php?rest_route=\/wp\/v2\/posts"}],"about":[{"href":"https:\/\/bruxelles-pantheres.be\/index.php?rest_route=\/wp\/v2\/types\/post"}],"author":[{"embeddable":true,"href":"https:\/\/bruxelles-pantheres.be\/index.php?rest_route=\/wp\/v2\/users\/1"}],"replies":[{"embeddable":true,"href":"https:\/\/bruxelles-pantheres.be\/index.php?rest_route=%2Fwp%2Fv2%2Fcomments&post=4138"}],"version-history":[{"count":1,"href":"https:\/\/bruxelles-pantheres.be\/index.php?rest_route=\/wp\/v2\/posts\/4138\/revisions"}],"predecessor-version":[{"id":4141,"href":"https:\/\/bruxelles-pantheres.be\/index.php?rest_route=\/wp\/v2\/posts\/4138\/revisions\/4141"}],"wp:featuredmedia":[{"embeddable":true,"href":"https:\/\/bruxelles-pantheres.be\/index.php?rest_route=\/wp\/v2\/media\/4140"}],"wp:attachment":[{"href":"https:\/\/bruxelles-pantheres.be\/index.php?rest_route=%2Fwp%2Fv2%2Fmedia&parent=4138"}],"wp:term":[{"taxonomy":"category","embeddable":true,"href":"https:\/\/bruxelles-pantheres.be\/index.php?rest_route=%2Fwp%2Fv2%2Fcategories&post=4138"},{"taxonomy":"post_tag","embeddable":true,"href":"https:\/\/bruxelles-pantheres.be\/index.php?rest_route=%2Fwp%2Fv2%2Ftags&post=4138"}],"curies":[{"name":"wp","href":"https:\/\/api.w.org\/{rel}","templated":true}]}}