{"id":4144,"date":"2019-05-02T09:42:45","date_gmt":"2019-05-02T08:42:45","guid":{"rendered":"https:\/\/bruxelles-pantheres.be\/?p=4144"},"modified":"2019-05-03T14:05:38","modified_gmt":"2019-05-03T13:05:38","slug":"du-racisme-juridique-au-racisme-detat","status":"publish","type":"post","link":"https:\/\/bruxelles-pantheres.be\/?p=4144","title":{"rendered":"Du racisme juridique au racisme d\u2019\u00c9tat"},"content":{"rendered":"<div dir=\"auto\">\n<p>Intervention de Selma Benkhelifa,\u00a0 le 27\/04\u00a0 au Th\u00e9\u00e2tre National dans le cadre de la repr\u00e9sentation <a href=\"https:\/\/www.theatrenational.be\/fr\/activities\/458-le-choeur-d-ali-aarrass#presentation\">\u00a0\u00bb Le Ch\u0153ur d\u2019Ali Aarrass \u00a0\u00bb de Julie Jaroszewski.<\/a><\/p>\n<\/div>\n<h4>\u00ab\u00a0Du racisme juridique au racisme d\u2019\u00c9tat : Indissociable du contexte id\u00e9ologique qui la produit, la Loi est, comme tout dispositif institutionnel, porteuse d\u2019un message politique. Face \u00e0 l\u2019extr\u00eame-droitisation incessante du champ politique en Belgique et en Europe, comment sert-elle d\u2019instrument \u00e0 l\u2019\u00c9tat et ses diff\u00e9rentes instances pour organiser et justifier la domination raciale ?\u00a0\u00bb Par Selma Benkhelifa<\/h4>\n<p><!--more--><\/p>\n<p><a href=\"https:\/\/bruxelles-pantheres.be\/wp-content\/uploads\/2019\/05\/458.jpg\"><img decoding=\"async\" class=\"alignnone size-full wp-image-4148\" src=\"https:\/\/bruxelles-pantheres.be\/wp-content\/uploads\/2019\/05\/458.jpg\" alt=\"\" width=\"1200\" height=\"630\" srcset=\"https:\/\/bruxelles-pantheres.be\/wp-content\/uploads\/2019\/05\/458.jpg 1200w, https:\/\/bruxelles-pantheres.be\/wp-content\/uploads\/2019\/05\/458-300x158.jpg 300w, https:\/\/bruxelles-pantheres.be\/wp-content\/uploads\/2019\/05\/458-1024x538.jpg 1024w, https:\/\/bruxelles-pantheres.be\/wp-content\/uploads\/2019\/05\/458-768x403.jpg 768w\" sizes=\"(max-width: 1200px) 100vw, 1200px\" \/><\/a><\/p>\n<p>Le droit n\u2019est pas juste et le droit n\u2019est pas vrai. Confondre le droit et la justice est une erreur que la plupart des gens font. On a tendance \u00e0 toujours croire que si on se trouve devant une injustice, c\u2019est parce que le juge \u2013 en tant qu\u2019\u00eatre humain \u2013 a mal appliqu\u00e9 la loi. Il est tr\u00e8s rare qu\u2019on se dise que c\u2019est la loi elle-m\u00eame le probl\u00e8me.<\/p>\n<p>Or le droit c\u2019est ce qui est l\u00e9gal \u00e0 un moment donn\u00e9, dans une soci\u00e9t\u00e9 donn\u00e9e.<\/p>\n<p>Par exemple, l\u2019esclavage a longtemps \u00e9t\u00e9 l\u00e9gal sans \u00eatre juste pour autant, de m\u00eame que l\u2019apartheid ou l\u2019exclusion des femmes du droit de vote.<\/p>\n<p>La loi cristallise un rapport de forces \u00e0 un moment donn\u00e9.<\/p>\n<p>Dans le contexte actuel, les id\u00e9es d\u2019extr\u00eame droite ont le vent en poupe. L\u2019extr\u00eame droite occupe le terrain m\u00e9diatique et fait croire qu\u2019elle repr\u00e9sente l\u2019opinion publique. Les id\u00e9es de gauche sont marginalis\u00e9es et beaucoup ont peur de les exprimer haut et fort. Qui aujourd\u2019hui ose encore dire que les centres ferm\u00e9s sont un scandale, qu\u2019il faut ouvrir les fronti\u00e8res ou r\u00e9gulariser tous les sans-papiers\u00a0ou m\u00eame que les musulmans ne sont pas dangereux ?<\/p>\n<p>L\u2019extr\u00eame-droitisation incessante du champ politique, le manque de courage de la gauche intellectuelle et le manque d\u2019organisation de la gauche populaire et des domin\u00e9s en g\u00e9n\u00e9ral cr\u00e9ent un rapport de force d\u00e9favorable.<\/p>\n<p>Ce rapport de force d\u00e9favorable va ensuite se traduire devant le Parlement par des lois s\u00e9curitaires et discriminatoires.<\/p>\n<p>Par exemple, les m\u00e9dias ont surf\u00e9 sur les attentats pour cr\u00e9er une islamophobie palpable. Le discours islamophobe est tout \u00e0 fait d\u00e9complex\u00e9. Les politiciens \u2013 m\u00eame de gauche \u2013 pensent qu\u2019un contre -discours radical serait d\u00e9savantageux du point de vue \u00e9lectoral.<\/p>\n<p>Au Parlement, cela a donn\u00e9 des lois qui cr\u00e9ent pour la premi\u00e8re fois des citoyens belges de seconde zone<a href=\"#_ftn1\" name=\"_ftnref1\"><sup>[1]<\/sup><\/a>.<\/p>\n<ul>\n<li>Une loi sur la d\u00e9ch\u00e9ance de nationalit\u00e9 a \u00e9t\u00e9 vot\u00e9e pour les \u00ab\u00a0terroristes\u00a0\u00bb. Elle permet de d\u00e9choir de leur nationalit\u00e9 les binationaux.<\/li>\n<\/ul>\n<p>&nbsp;<\/p>\n<p>Elle a \u00e9t\u00e9 vendue \u00e0 l\u2019opinion comme une loi qui concernait les terroristes. Personne n\u2019aime les gens qui se font exploser dans les m\u00e9tros, donc tout le monde \u00e9tait d\u2019accord ou neutre.<\/p>\n<p>Toutefois la loi s\u2019applique \u00e0 tous les \u00ab terroristes \u00bb \u00e0 partir de 5 ans de prison ferme. On ne parle donc pas uniquement de gens condamn\u00e9s pour avoir participer \u00e0 des attentats. Quand on participe \u00e0 un attentat, quand on est auteur ou coauteur de meurtre, on prend plus que 5 ans.<\/p>\n<p>En droit belge,<\/p>\n<p><em>1er. Constitue une infraction terroriste, l&rsquo;infraction pr\u00e9vue aux \u00a7\u00a7 2 et 3 qui, de par sa nature ou son contexte, peut porter gravement atteinte \u00e0 un pays ou \u00e0 une organisation internationale et est commise intentionnellement dans le but d&rsquo;intimider gravement une population ou de contraindre ind\u00fbment des pouvoirs publics ou une organisation internationale \u00e0 accomplir ou \u00e0 s&rsquo;abstenir d&rsquo;accomplir un acte, ou de gravement d\u00e9stabiliser ou d\u00e9truire les structures fondamentales politiques, constitutionnelles, \u00e9conomiques ou sociales d&rsquo;un pays ou d&rsquo;une organisation internationale.<\/em><\/p>\n<p>Par exemple, une jeune fille kurde a fait une action sur un bateau pour r\u00e9clamer la libert\u00e9 d\u2019Ocalan (leader kurde emprisonn\u00e9 en Turquie depuis 20 ans). Elle n\u2019avait pas d\u2019arme, uniquement un drapeau et des slogans. Elle est poursuivie pour terrorisme. Elle n\u2019a bien \u00e9videmment intimid\u00e9 aucune population, mais elle a cherch\u00e9 par son acte \u00e0 contraindre un \u00c9tat \u2013 la Turquie \u2013 \u00e0 accomplir un acte \u2013 lib\u00e9rer un prisonnier.<\/p>\n<p>Mais cette loi ne concerne pas seulement les terroristes r\u00e9els ou suppos\u00e9s. Cette loi permet aussi de d\u00e9choir de la nationalit\u00e9 belge les auteurs de trafic d\u2019\u00eatres humains.<\/p>\n<p>Dois-je vous rappeler que des h\u00e9bergeurs sont poursuivis pour trafic d\u2019\u00eatres humains\u00a0?<\/p>\n<p>L\u2019hypoth\u00e8se que cette loi puisse un jour permettre de d\u00e9choir de leur nationalit\u00e9 tous les marocains et les turcs qui ont h\u00e9berg\u00e9 un cousin sans-papiers est peut-\u00eatre excessive, mais reste possible.<\/p>\n<p>Cette simple possibilit\u00e9 juridique est inadmissible.<\/p>\n<ul>\n<li>Une loi dite <em>loi d\u00e9portation<\/em> (<em>deportatiewet<\/em>) permet de retirer leurs papiers et d\u2019expulser les \u00e9trangers qui troublent l\u2019ordre public.<\/li>\n<\/ul>\n<p>&nbsp;<\/p>\n<p>Cette loi fait l\u2019objet de recours devant la Cour Constitutionnelle. Elle a d\u00e9j\u00e0 permis d\u2019expulser une jeune fran\u00e7ais n\u00e9 en Belgique qui avait \u00e9t\u00e9 condamn\u00e9 pour trafic de drogue. Elle a aussi justifi\u00e9 l\u2019expulsion de la compagne d\u2019un belge pour travail au noir\u00a0!<\/p>\n<p>Elle r\u00e9tablit la double peine en Belgique, qui avait \u00e9t\u00e9 supprim\u00e9e pour plusieurs cat\u00e9gories d\u2019\u00e9trangers (dont les \u00e9trangers n\u00e9s en Belgique, les \u00e9trangers arriv\u00e9s avant l\u2019\u00e2ge de douze ans, les \u00e9poux de belges, les parents d\u2019enfants belges,\u00a0\u2026) apr\u00e8s une longue campagne du monde associatif qui avait soulign\u00e9 les m\u00e9faits de la double peine.<\/p>\n<p>Cette r\u00e9gression dans les droits acquis est quasiment pass\u00e9e sous silence dans les m\u00e9dias.<\/p>\n<ul>\n<li>Plus r\u00e9cemment une loi de 2018 indique que les binationaux n\u2019ont pas droit \u00e0 l\u2019assistance consulaire.<\/li>\n<\/ul>\n<p><a href=\"https:\/\/bruxelles-pantheres.be\/wp-content\/uploads\/2013\/11\/1012725_192492664252294_658420252_n.jpg\"><img decoding=\"async\" class=\"wp-image-564 size-medium alignright\" src=\"https:\/\/bruxelles-pantheres.be\/wp-content\/uploads\/2013\/11\/1012725_192492664252294_658420252_n-240x300.jpg\" alt=\"\" width=\"240\" height=\"300\" \/><\/a><\/p>\n<p>Cette loi supprime l\u2019assistance consulaire pour ceux et celles qui se rendent volontairement dans des pays en guerre. Toujours en r\u00e9f\u00e9rence aux djihadistes.<\/p>\n<p>Sauf que concr\u00e8tement, l\u2019avocat, le travailleur humanitaire ou le journaliste qui se rend dans une zone de conflits pour y exercer son m\u00e9tier se verra traiter diff\u00e9remment selon qu\u2019il soit belgo-belge ou binational.<\/p>\n<p>Or il ne faut pas oublier que pour beaucoup, la bi-nationalit\u00e9 n\u2019est pas le fruit d\u2019un choix. C\u2019est la juxtaposition de deux r\u00e9gimes juridiques diff\u00e9rents. Par exemple, on ne perd pas et on ne peut pas renoncer \u00e0 la nationalit\u00e9 marocaine ou tunisienne.<\/p>\n<p>Je pourrais continuer la liste des nouvelles lois qui marginalisent les \u00ab racis\u00e9s \u00bb. Je sais que le terme est controvers\u00e9. Pour moi, il signifie juste \u00ab victime du racisme \u00bb. Et je parle de racisme d\u2019\u00c9tat.<\/p>\n<p>Je ne peux pas parler de racisme d\u2019\u00c9tat sans penser \u00e0 la petite <a href=\"https:\/\/bruxelles-pantheres.be\/?p=4101\">Mawda, fillette kurde de deux ans tu\u00e9e par un policier l\u2019ann\u00e9e pass\u00e9e.<\/a><\/p>\n<figure id=\"attachment_3729\" aria-describedby=\"caption-attachment-3729\" style=\"width: 950px\" class=\"wp-caption alignnone\"><a href=\"https:\/\/bruxelles-pantheres.be\/wp-content\/uploads\/2018\/05\/33045694_1796180223773251_7678369642175266816_n.jpg\"><img decoding=\"async\" class=\"size-full wp-image-3729\" src=\"https:\/\/bruxelles-pantheres.be\/wp-content\/uploads\/2018\/05\/33045694_1796180223773251_7678369642175266816_n.jpg\" alt=\"\" width=\"960\" height=\"482\" srcset=\"https:\/\/bruxelles-pantheres.be\/wp-content\/uploads\/2018\/05\/33045694_1796180223773251_7678369642175266816_n.jpg 960w, https:\/\/bruxelles-pantheres.be\/wp-content\/uploads\/2018\/05\/33045694_1796180223773251_7678369642175266816_n-300x151.jpg 300w, https:\/\/bruxelles-pantheres.be\/wp-content\/uploads\/2018\/05\/33045694_1796180223773251_7678369642175266816_n-768x386.jpg 768w\" sizes=\"(max-width: 960px) 100vw, 960px\" \/><\/a><figcaption id=\"caption-attachment-3729\" class=\"wp-caption-text\">Contribution de Manu Scordia pour Mawda<\/figcaption><\/figure>\n<p>La m\u00e9diatisation de l\u2019affaire a \u00e9t\u00e9 terrible. Ils ont os\u00e9 accuser les parents.<\/p>\n<p>Nous sommes pass\u00e9s de la domination \u00e0 la n\u00e9cropolitique, pour reprendre le terme au th\u00e9oricien post-colonialiste Achille Mbembe. Selon lui, l\u2019expression ultime de la souverainet\u00e9 r\u00e9side dans le pouvoir social et politique de d\u00e9cider qui pourra vivre et qui peut mourir.<\/p>\n<p>Il y a des morts qui sont inadmissibles. En g\u00e9n\u00e9ral, la mort d\u2019un enfant. Et il y a des morts socialement admissibles, parce qu\u2019il faut quand m\u00eame lutter contre les passeurs. La mort de Mawda n\u2019aura pas fait plus de vagues que cela, parce que cette petite fille fait partie de ceux qui pour le pouvoir dominant peut mourir.<\/p>\n<p>L\u2019antiracisme moral ne m\u2019int\u00e9resse pas. Je n\u2019ai pas vocation \u00e0 m\u2019attabler avec un raciste pour lui expliquer qu\u2019au fond je suis gentille et qu\u2019il a tort de me d\u00e9tester. C\u2019est l\u2019antiracisme politique mon champ d\u2019action. Cela signifie qu\u2019il faut se battre contre toutes formes de discriminations et contre l\u2019institutionnalisation du racisme. On ne trouvera pas de solutions individuelles en allant convaincre chaque raciste ou chaque \u00ab\u00a0je ne suis pas raciste mais\u2026\u00a0\u00bb. Il faut trouver le racisme dans les institutions\u00a0: l\u2019enseignement, les m\u00e9dias, la justice, l\u2019emploi, \u2026 pour exiger des changements structurels.<\/p>\n<p>Il faut reprendre le dessus id\u00e9ologiquement. Marginaliser le racisme, le rendre inaudible, indicible et infr\u00e9quentable.<\/p>\n<p><a href=\"https:\/\/bruxelles-pantheres.be\/wp-content\/uploads\/2016\/11\/12439291_1689783277949336_1238125730438557046_n.jpg\"><img decoding=\"async\" class=\"wp-image-3003 size-medium alignright\" src=\"https:\/\/bruxelles-pantheres.be\/wp-content\/uploads\/2016\/11\/12439291_1689783277949336_1238125730438557046_n-225x300.jpg\" alt=\"\" width=\"225\" height=\"300\" srcset=\"https:\/\/bruxelles-pantheres.be\/wp-content\/uploads\/2016\/11\/12439291_1689783277949336_1238125730438557046_n-225x300.jpg 225w, https:\/\/bruxelles-pantheres.be\/wp-content\/uploads\/2016\/11\/12439291_1689783277949336_1238125730438557046_n.jpg 720w\" sizes=\"(max-width: 225px) 100vw, 225px\" \/><\/a>La seule mani\u00e8re dont nous devons \u00e9valuer toutes nos actions et nos institutions est de r\u00e9pondre \u00e0 la question\u00a0: ma r\u00e9action, leur r\u00e9action serait-elle la m\u00eame s\u2019il s\u2019agit d\u2019un \u00ab\u00a0blanc\u00a0\u00bb\u00a0? En d\u2019autres termes, si Ali avait \u00e9t\u00e9 Jean-Pierre, Reynders aurait-il r\u00e9agi de la m\u00eame mani\u00e8re\u00a0? Si Mawda avait \u00e9t\u00e9 Camille\u00a0? Si ce sans-papiers avait des papiers\u00a0? \u2026<\/p>\n<p>Ce n\u2019est qu\u2019en s\u2019assurant que OUI j\u2019aurais, nous aurions en tant que soci\u00e9t\u00e9 r\u00e9agi de la m\u00eame fa\u00e7on, que nous pouvons \u00e9chapper \u00e0 la domination raciale. Sinon nous sommes condamn\u00e9s \u00e0 une forme de s\u00e9gr\u00e9gation qui s\u00e9pare non plus les trottoirs sur lesquels nous pouvons marcher ou pas, mais la cat\u00e9gorie d\u2019humains \u00e0 laquelle nous appartenons\u00a0: ceux qui ont le droit \u00e0 une vie digne et ceux qui peuvent mourir sans que cela pose probl\u00e8me.<\/p>\n<div class=\"columnist-picture\">\n<figure class=\"wp-caption alignnone\"><img decoding=\"async\" src=\"https:\/\/www.levif.be\/assets\/472\/avatar_241815.jpg\" alt=\"Selma Benkhelifa\" width=\"200\" height=\"200\" \/><figcaption class=\"wp-caption-text\">Selma Benkhelifa Avocate \u2013 Progress Lawyers Network<\/figcaption><\/figure>\n<\/div>\n<p><a href=\"#_ftnref1\" name=\"_ftn1\">[1]<\/a> Enfin pour \u00eatre exacte, c\u2019est pour la seconde fois, la premi\u00e8re fois c\u2019\u00e9tait les femmes.<\/p>\n","protected":false},"excerpt":{"rendered":"<p>Intervention de Selma Benkhelifa,\u00a0 le 27\/04\u00a0 au Th\u00e9\u00e2tre National dans le cadre de la repr\u00e9sentation \u00a0\u00bb Le Ch\u0153ur d\u2019Ali Aarrass \u00a0\u00bb de Julie Jaroszewski. \u00ab\u00a0Du racisme juridique au racisme d\u2019\u00c9tat : Indissociable du contexte id\u00e9ologique qui la produit, la Loi est, comme tout dispositif institutionnel, porteuse d\u2019un message politique. Face \u00e0 l\u2019extr\u00eame-droitisation incessante du champ &#8230; <a title=\"Du racisme juridique au racisme d\u2019\u00c9tat\" class=\"read-more\" href=\"https:\/\/bruxelles-pantheres.be\/?p=4144\" aria-label=\"En savoir plus sur Du racisme juridique au racisme d\u2019\u00c9tat\">Lire la suite<\/a><\/p>\n","protected":false},"author":1,"featured_media":4145,"comment_status":"open","ping_status":"open","sticky":false,"template":"","format":"standard","meta":{"footnotes":""},"categories":[24,22,25,36,4,20,8,18,28,37,39,5],"tags":[53,31,14,23,97],"class_list":["post-4144","post","type-post","status-publish","format-standard","has-post-thumbnail","hentry","category-belgique-maroc","category-emploi","category-enseignement","category-europe","category-islamophobie","category-logement","category-prisons","category-resistance-bruxelles","category-racismes","category-romophobie","category-sans-papier","category-violence-policiere","tag-ali-aarrass","tag-belgique","tag-bruxelles","tag-discrimination","tag-selma-benkhelifa"],"_links":{"self":[{"href":"https:\/\/bruxelles-pantheres.be\/index.php?rest_route=\/wp\/v2\/posts\/4144","targetHints":{"allow":["GET"]}}],"collection":[{"href":"https:\/\/bruxelles-pantheres.be\/index.php?rest_route=\/wp\/v2\/posts"}],"about":[{"href":"https:\/\/bruxelles-pantheres.be\/index.php?rest_route=\/wp\/v2\/types\/post"}],"author":[{"embeddable":true,"href":"https:\/\/bruxelles-pantheres.be\/index.php?rest_route=\/wp\/v2\/users\/1"}],"replies":[{"embeddable":true,"href":"https:\/\/bruxelles-pantheres.be\/index.php?rest_route=%2Fwp%2Fv2%2Fcomments&post=4144"}],"version-history":[{"count":5,"href":"https:\/\/bruxelles-pantheres.be\/index.php?rest_route=\/wp\/v2\/posts\/4144\/revisions"}],"predecessor-version":[{"id":4151,"href":"https:\/\/bruxelles-pantheres.be\/index.php?rest_route=\/wp\/v2\/posts\/4144\/revisions\/4151"}],"wp:featuredmedia":[{"embeddable":true,"href":"https:\/\/bruxelles-pantheres.be\/index.php?rest_route=\/wp\/v2\/media\/4145"}],"wp:attachment":[{"href":"https:\/\/bruxelles-pantheres.be\/index.php?rest_route=%2Fwp%2Fv2%2Fmedia&parent=4144"}],"wp:term":[{"taxonomy":"category","embeddable":true,"href":"https:\/\/bruxelles-pantheres.be\/index.php?rest_route=%2Fwp%2Fv2%2Fcategories&post=4144"},{"taxonomy":"post_tag","embeddable":true,"href":"https:\/\/bruxelles-pantheres.be\/index.php?rest_route=%2Fwp%2Fv2%2Ftags&post=4144"}],"curies":[{"name":"wp","href":"https:\/\/api.w.org\/{rel}","templated":true}]}}