{"id":415,"date":"2013-04-22T04:19:25","date_gmt":"2013-04-22T03:19:25","guid":{"rendered":"https:\/\/bruxelles-pantheres.be\/?p=415"},"modified":"2013-11-10T04:21:21","modified_gmt":"2013-11-10T03:21:21","slug":"nordine-saidi-gagne-son-proces-contre-un-policier-raciste","status":"publish","type":"post","link":"https:\/\/bruxelles-pantheres.be\/?p=415","title":{"rendered":"Nordine Sa\u00efdi gagne son proc\u00e8s contre un policier raciste"},"content":{"rendered":"<header><\/header>\n<p><img decoding=\"async\" alt=\"https:\/\/fbcdn-sphotos-g-a.akamaihd.net\/hphotos-ak-snc7\/424745_4030812281118_1865840466_n.jpg\" src=\"https:\/\/fbcdn-sphotos-g-a.akamaihd.net\/hphotos-ak-snc7\/424745_4030812281118_1865840466_n.jpg\" width=\"591\" height=\"887\" \/><\/p>\n<p><strong>Nordine Sa\u00efdi gagne son proc\u00e8s contre un policier raciste<\/strong><\/p>\n<p>Quatre ans apr\u00e8s sa plainte pour \u00ab racisme et violences polici\u00e8res \u00bb, le tribunal a donn\u00e9 raison sur toute la ligne \u00e0 Nordine Sa\u00efdi. Dans le jugement rendu ce lundi 21 avril 2013, le tribunal a condamn\u00e9 le policier Condijts \u00e0 huit mois de prison avec sursis pendant 4 ans et \u00e0 payer les frais de justice, ainsi qu\u2019\u00e0 une compensation symbolique d\u2019un euro pour Nordine, pour ses propos racistes contre le porte-parole du parti Egalit\u00e9 en 2009 et pour violence contre un policier d\u2019origine immigr\u00e9e en 2010.<!--more--><\/p>\n<p>Pour rappel : apr\u00e8s l\u2019arrestation de Nordine Sa\u00efdi pour sa participation \u00e0 une action BDS \u00ab Boycott Isra\u00ebl \u00bb au march\u00e9 d\u2019Anderlecht, M. Condijts, adjoint du commissaire de police, lui a tenu les propos suivants, en pr\u00e9sence d\u2019autres policiers : \u00ab <i>Bougnoule, si \u00e7a ne te pla\u00eet pas ici, retourne dans ton propre pays. Attache une ceinture autour de ton ventre et va te faire exploser dans ton pays \u00e0 toi. \u00bb \u00ab Tu as appris ton texte par c\u0153ur en te branlant le soir<\/i> \u00bb, \u00ab <i>Vous, les Arabes, avez une bite \u00e0 la place du cerveau<\/i> \u00bb. Nordine a ensuite \u00e9t\u00e9 amen\u00e9 dans les sous-sols o\u00f9 on lui a demand\u00e9 d\u2019enlever sa veste, ses chaussures et de prendre une couverture. En le mettant dans la cellule, Condijts lui a dit : \u00ab <i>Pour la pri\u00e8re, c\u2019est l\u00e0 <\/i>\u00bb, en l\u2019indiquant de la main la direction des toilettes.<\/p>\n<p>A l\u2019audience du 22 avril, le tribunal n\u2019 a pas repris la lecture des attendus, il est all\u00e9 droit au jugement. Le juge a d\u00e9clar\u00e9 coupable le policier inculp\u00e9. Il a insist\u00e9 sur le fait que le policier n\u2019en \u00e9tait pas \u00e0 sa premi\u00e8re infraction, qu\u2019il a t\u00e9moign\u00e9 de mani\u00e8re r\u00e9p\u00e9t\u00e9e d\u2019une attitude raciste, sexiste et homophobe. Commettre de la violence en tant que policier est d\u00e9j\u00e0 un fait grave, selon ce jugement. Que cette violence soit accompagn\u00e9e de racisme ne fait qu\u2019augmenter la gravit\u00e9 des faits. Pour le juge, et il a insist\u00e9 sur ce point, la police doit donner l\u2019exemple.<\/p>\n<p>Pendant la lecture du jugement l\u2019inculp\u00e9 s\u2019est effondr\u00e9 et a eu besoin de soins m\u00e9dicaux. Nous ne nous r\u00e9jouissons pas de son malaise. Mais il contraste fortement avec l\u2019arrogance et l\u2019agressivit\u00e9 de ce policier lors de la premi\u00e8re audience.<\/p>\n<p>L\u00e0, de mani\u00e8re calme et hautaine, il n\u2019a jamais quitt\u00e9 le r\u00f4le de celui qui repr\u00e9sente l\u2019autorit\u00e9 et les institutions. Il s\u2019est pr\u00e9sent\u00e9 comme un d\u00e9fenseur de l\u2019ordre, respectueux de toutes les r\u00e8gles et \u00a0normes, travaillant sans probl\u00e8mes avec des coll\u00e8gues allochtones, certainement pas raciste, n\u2019ayant rien \u00e0 se reprocher. Il avait d\u00e9clar\u00e9 que toutes les accusations contre lui \u00e9taient fausses, qu\u2019il \u00e9tait victime d\u2019une campagne de diffamation de la part de certains de ses coll\u00e8gues, dont il ne comprenait pas les motivations. Que l\u2019arrestation de Nordine Sa\u00efdi s\u2019\u00e9tait faite selon les r\u00e8gles et que Nordine \u00e9tait un menteur. Il avait r\u00e9v\u00e9l\u00e9 qu\u2019il avait \u00e9t\u00e9 brief\u00e9 avant l\u2019incident, que Nordine \u00e9tait un fouteur de merde (\u00ab <i>een keetschopper<\/i> \u00bb), qui avait d\u00e9j\u00e0 cr\u00e9\u00e9 des probl\u00e8mes \u00e0 ce march\u00e9 d\u2019Anderlecht. Condijts avait fait ajouter quelques documents au dossier pour pr\u00e9senter Nordine comme un terroriste potentiel. D\u2019abord, en y ajoutant la plainte de Caroline Fourest contre Nordine pour sa pr\u00e9tendue comparaison avec Breivik. Ensuite, en rappelant son exclusion du Mrax. Et pour finir, en y ajoutant que \u00ab <i>des organisations juives disent que Nordine est un raciste<\/i> \u00bb. Et c\u2019est ce monsieur qui va d\u00e9clarer que mon client est un raciste, s\u2019\u00e9tait exclam\u00e9 l\u2019avocat de Condijts? Le tribunal n\u2019a pas suivi les man\u0153uvres de Condijts et de son avocat.<\/p>\n<p>En ce qui concerne la plainte du policier contre Condijts, le tribunal ne l\u2019a suivie qu\u2019en partie. Il a dit que le policier avait probablement provoqu\u00e9 l\u2019incident lui-m\u00eame et que le nombre de jours d\u2019incapacit\u00e9 de travail suite \u00e0 l\u2019incident \u00e9tait une manipulation des m\u00e9decins.<\/p>\n<p>Le policier condamn\u00e9 peut d\u00e9cider d\u2019aller en appel dans les quinze jours qui viennent.<\/p>\n<p>Le parti \u00c9galit\u00e9 se r\u00e9jouit de ce jugement qui constitue un encouragement de poids pour toutes les victimes de violence et de racisme policier \u00e0 d\u00e9poser plainte et \u00e0 mettre fin \u00e0 l\u2019impunit\u00e9.<\/p>\n<p>Luk Vervaet<\/p>\n<h3>Bruxelles: un inspecteur principal condamn\u00e9 pour violences et racisme<\/h3>\n<address>Huit mois de prison avec sursis. C\u2019est la peine \u00e0 laquelle a \u00e9t\u00e9 condamn\u00e9 un inspecteur principal de police de Bruxelles pour avoir prof\u00e9r\u00e9 des insultes \u00e0 caract\u00e8re raciste \u00e0 l\u2019encontre de deux personnes.<\/address>\n<p>22 Avril 2013 10h26<\/p>\n<p>Le tribunal correctionnel de Bruxelles a condamn\u00e9 lundi un inspecteur principal de la police locale de Bruxelles Midi (Anderlecht\/Saint-Gilles\/Forest), \u00e2g\u00e9 de 46 ans, \u00e0 huit mois de prison avec sursis. L\u2019homme a \u00e9t\u00e9 reconnu coupable de deux faits de violences racistes, l\u2019un contre un subordonn\u00e9 et l\u2019autre contre une personne qu\u2019il voulait arr\u00eater. Le pr\u00e9venu avait ni\u00e9 avec force, mais il a \u00e9t\u00e9 condamn\u00e9 sur base du t\u00e9moignage d\u2019un ex-coll\u00e8gue.<\/p>\n<p><strong>Violences physiques \u00e9galement constat\u00e9es <\/strong><\/p>\n<p>Les incidents se sont d\u00e9roul\u00e9s en ao\u00fbt et septembre 2009. L\u2019inspecteur principal M.C. avait donn\u00e9 un coup de poing \u00e0 son coll\u00e8gue inspecteur puis l\u2019avait agripp\u00e9 \u00e0 la gorge, en le qualifiant de <em>\u00ab\u00a0bougnoule\u00a0\u00bb.<\/em> L\u2019inspecteur principal devait \u00e9galement r\u00e9pondre d\u2019un incident survenu lors de l\u2019arrestation d\u2019un homme qui tenait une manifestation interdite. Il avait pouss\u00e9 l\u2019homme \u00e0 deux reprises contre une porte en lui lan\u00e7ant une bord\u00e9e d\u2019injures racistes.<\/p>\n<p><strong>Le t\u00e9moignage d\u2019un coll\u00e8gue incrimine l\u2019inspecteur principal <\/strong><\/p>\n<p>Plusieurs coll\u00e8gues de l\u2019inspecteur principal ont d\u2019abord r\u00e9fut\u00e9 toutes les accusations, mais en 2010, l\u2019un d\u2019entre eux a chang\u00e9 ses d\u00e9clarations et a reconnu que tous les reproches \u00e9taient fond\u00e9s. C\u2019est sur cette base que le pr\u00e9venu a \u00e9t\u00e9 condamn\u00e9. L\u2019inspecteur principal a fait un malaise \u00e0 la lecture du jugement et a d\u00fb recevoir des soins m\u00e9dicaux.<\/p>\n<p><a href=\"http:\/\/www.rtl.be\/info\/belgique\/faitsdivers\/997047\/bruxelles-un-inspecteur-principal-condamne-pour-violences-et-racisme\">Source<\/a><\/p>\n<p><img decoding=\"async\" alt=\"\" src=\"http:\/\/www.standaard.be\/extra\/css\/images\/ekrant\/ekrant_artikel_header.gif\" \/><\/p>\n<p>&nbsp;<\/p>\n<p>&nbsp;<\/p>\n<div id=\"intro\">\n<h3 id=\"ctl00_ContentPlaceHolder1_articleDetail_articleTitle\">Hoofdinspecteur van politie Brussel Zuid veroordeeld voor geweld en racisme<\/h3>\n<ul>\n<li>maandag 22 april 2013, 10u29 Bron: Belga<\/li>\n<\/ul>\n<p>BRUSSEL \u2013 De Brusselse correctionele rechtbank heeft maandag een 46-jarige hoofdinspecteur van de lokale politie Brussel Zuid (Anderlecht\/Sint-Gillis\/Vorst) veroordeeld tot een gevangenisstraf met uitstel van 8 maanden. De man werd schuldig bevonden aan twee incidenten van racistisch geweld, eenmaal tegenover een ondergeschikte en eenmaal tegenover een arrestant.<\/p>\n<\/div>\n<p>De hoofdinspecteur zelf had alles met klem ontkend, maar werd veroordeeld op basis van de getuigenis van een ex-collega. De hoofdinspecteur raakte onwel bij het voorlezen van het vonnis.<\/p>\n<p>Een eerste incident had zich in september 2009 afgespeeld op het commissariaat in Kuregem toen inspecteur Mohamed A. een koppel om onduidelijke redenen had laten oppakken. Omdat de inspecteur ondanks herhaaldelijk aandringen draalde met zijn interventieverslag, had hoofdinspecteur M.C. zelf geprobeerd het verslag af te printen. Toen A. hem dat tot tweemaal toe belette, had de hoofdinspecteur zijn ondergeschikte in het gezicht geslagen en bij de keel gegrepen. Later had C. tegenover een collega gezegd dat hij door het lint was gegaan omdat A. een \u2018bougnoule\u2019 was, een scheldwoord voor \u2018zwarte\u2019.<\/p>\n<p>Hoofdinspecteur C. moest zich ook verantwoorden voor een incident dat zich een maand eerder had afgespeeld, in augustus 2009. Bij de arrestatie van een man die een verboden betoging tegen Isra\u00ebl hield, had hij die betoger tweemaal opzettelijk tegen een deurlijst geduwd en een hele hoop racistische verwijten naar het hoofd geslingerd.<\/p>\n<p>Verschillende collega\u2019s van C. verklaarden eerst dat er van de beschuldigingen niets klopte, maar midden 2010 wijzigde een van hen zijn verklaring en zei dat alle verwijten terecht waren. Het is op basis van die verklaring dat de rechtbank C. schuldig heeft verklaard aan beide incidenten.<\/p>\n<p>De rechtbank tilde zwaar aan het gedrag van C. \u2018Sympathiek is geweld nooit, a fortiori niet door de omstandigheid dat de betrokkene politieman is en daarenboven racistische motieven liet meespelen\u2019, klonk het. \u2018Betrokkene moet beseffen dat hij een voorbeeldfunctie heeft en dat het plegen van geweld uit den boze is. Heel het politiekorps lijdt schade door deze feiten, die voor splintergroepen ook munitie zijn om de politie als racistisch en vooringenomen af te schilderen.\u2019<\/p>\n<p>Desondanks toonde de rechtbank zich mild bij de bepaling van de strafmaat. \u2018Het gaat niet om zwaar geweld, zoals ook door de slachtoffers wordt toegegeven\u2019, ging de rechtbank verder. \u2018Het incident met de collega was bovendien het hoogtepunt van een escalerende onenigheid en van provocaties van die collega.\u2019<\/p>\n<p>De rechtbank legde uiteindelijk een gevangenisstraf van 8 maanden met uitstel op, alsook een boete van 1.000 euro. C. moet de slachtoffers ook vergoeden, maar die schadevergoedingen zijn beperkt. Zo had de ex-collega beweerd dat hij meer dan 3 jaar thuis had gezeten door het incident maar de rechtbank geloofde daar geen snars van, bracht die periode terug tot 4 dagen en kende de man een schadevergoeding van 100 euro toe. De opgepakte betoger en het Centrum voor Gelijkheid van Kansen en Racismebestrijding, dat zich ook burgerlijke partij had gesteld, krijgen elk 1 euro.<\/p>\n<p>M.C. werd bij het voorlezen van het vonnis onwel en er werd een ziekenwagen opgeroepen om de man bij te staan. Die moest uiteindelijk niet naar het ziekenhuis. Hij heeft 15 dagen tijd om in beroep te gaan.<\/p>\n<h3>Un inspecteur principal de la police locale de Bruxelles Midi condamn\u00e9 pour violence raciale<\/h3>\n<div align=\"right\">22\/04\/2013<\/div>\n<p>&nbsp;<\/p>\n<p>Le tribunal correctionnel de Bruxelles a rendu, aujourd\u2019hui, un jugement condamnant un inspecteur principal de la zone de police locale de Bruxelles \u2013 Midi qui \u00e9tait poursuivi dans deux affaires pour violence raciale. Pour le Centre pour l\u2019\u00e9galit\u00e9 des chances et la lutte contre le racisme qui s\u2019est constitu\u00e9 partie civile aux c\u00f4t\u00e9s des deux victimes, cette condamnation constitue un signal fort et souligne aussi la n\u00e9cessit\u00e9 d\u2019une sensibilisation permanente de la police dans leur lutte commune contre la violence raciale.<\/p>\n<p>&nbsp;<\/p>\n<p>L\u2019inspecteur principal \u00e9tait poursuivi par le parquet pour coups et blessures avec des motifs racistes dans deux affaires diff\u00e9rentes. Dans un premier incident, suite \u00e0 un diff\u00e9rend avec un coll\u00e8gue de travail au poste de police, le pr\u00e9venu aurait trait\u00e9 ce dernier de \u00abbougnoule\u00bb (sic), un terme p\u00e9joratif stigmatisant l\u2019origine maghr\u00e9bine de son coll\u00e8gue.<br \/>\nEn outre, le pr\u00e9venu \u00e9tait \u00e9galement poursuivi pour avoir tenu des propos racistes identiques \u00e0 l\u2019encontre d\u2019un autre homme qu\u2019il avait arr\u00eat\u00e9 lors d\u2019une manifestation.<br \/>\nEn se constituant partie civile, le Centre voulait s\u2019assurer que les motivations racistes[1] dans le chef du pr\u00e9venu feraient l\u2019objet d\u2019un examen approfondi pendant le proc\u00e8s. Le pr\u00e9venu a \u00e9t\u00e9 condamn\u00e9 \u00e0 une amende et \u00e0 une peine d\u2019emprisonnement avec sursis ainsi qu\u2019\u00e0 des dommages et int\u00e9r\u00eats.<br \/>\n\u00ab Par cette condamnation, le tribunal a envoy\u00e9 un signal important. Les d\u00e9lits de haine violents portent non seulement atteinte \u00e0 la dignit\u00e9 de la victime, mais peuvent aussi inciter d\u2019autres \u00e0 adopter le m\u00eame discours de haine et \u00e0 commettre des infractions similaires. Un tel comportement est inacceptable, surtout de la police qui doit servir d\u2019exemple dans notre soci\u00e9t\u00e9 \u00bb, a d\u00e9clar\u00e9 Edouard Delruelle, directeur francophone du Centre. \u00ab La police est, depuis plusieurs ann\u00e9es, un partenaire dans la lutte contre le racisme, la discrimination et les d\u00e9lits de haine. Nous avons conclu une convention avec la police afin de sensibiliser le corps de police au racisme et \u00e0 la discrimination \u00bb, poursuit-il. L\u2019un des instruments les plus efficaces dans la lutte contre la violence raciale est en effet l\u2019enregistrement de ces infractions par la police. Mais les policiers eux-m\u00eames ne peuvent discriminer ou commettre des d\u00e9lits de haine. Ces incidents montrent qu\u2019un changement de mentalit\u00e9 reste d\u2019actualit\u00e9, mais ce genre de faits est minoritaire.<\/p>\n<p>[1] Depuis 2003, certaines infractions peuvent se voir appliquer une peine plus lourde, lorsque l\u2019un des motifs est a haine bas\u00e9e sur l\u2019origine, la pr\u00e9tendue race ou la couleur de peau. Cette disposition s\u2019applique aussi \u00e0 l\u2019orientation sexuelle, le handicap ou \u00e0 d\u2019autres crit\u00e8res prot\u00e9g\u00e9s par les lois contre les discriminations.<br \/>\n<a href=\"http:\/\/www.diversite.be\/?action=artikel_detail&amp;artikel=883\">\u00a0 Source<\/a><\/p>\n<h3>Sur le m\u00eame sujet :<\/h3>\n<h3><a title=\"Permanent Link to Appel a solidarit\u00e9 contre la maltraitance et l\u2019abus raciste, dont a \u00e9t\u00e9 victime Nordine Sa\u00efdi il y a 4 ans.\" href=\"http:\/\/www.egalite.be\/?p=5705\" rel=\"bookmark\">Appel a solidarit\u00e9 contre la maltraitance et l\u2019abus raciste, dont a \u00e9t\u00e9 victime Nordine Sa\u00efdi il y a 4 ans.<\/a><\/h3>\n","protected":false},"excerpt":{"rendered":"<p>Nordine Sa\u00efdi gagne son proc\u00e8s contre un policier raciste Quatre ans apr\u00e8s sa plainte pour \u00ab racisme et violences polici\u00e8res \u00bb, le tribunal a donn\u00e9 raison sur toute la ligne \u00e0 Nordine Sa\u00efdi. Dans le jugement rendu ce lundi 21 avril 2013, le tribunal a condamn\u00e9 le policier Condijts \u00e0 huit mois de prison avec &#8230; <a title=\"Nordine Sa\u00efdi gagne son proc\u00e8s contre un policier raciste\" class=\"read-more\" href=\"https:\/\/bruxelles-pantheres.be\/?p=415\" aria-label=\"En savoir plus sur Nordine Sa\u00efdi gagne son proc\u00e8s contre un policier raciste\">Lire la suite<\/a><\/p>\n","protected":false},"author":1,"featured_media":352,"comment_status":"open","ping_status":"open","sticky":false,"template":"","format":"standard","meta":{"footnotes":""},"categories":[18,28,5],"tags":[31,14,13,15],"class_list":["post-415","post","type-post","status-publish","format-standard","has-post-thumbnail","hentry","category-resistance-bruxelles","category-racismes","category-violence-policiere","tag-belgique","tag-bruxelles","tag-nordine-saidi","tag-resistance"],"_links":{"self":[{"href":"https:\/\/bruxelles-pantheres.be\/index.php?rest_route=\/wp\/v2\/posts\/415","targetHints":{"allow":["GET"]}}],"collection":[{"href":"https:\/\/bruxelles-pantheres.be\/index.php?rest_route=\/wp\/v2\/posts"}],"about":[{"href":"https:\/\/bruxelles-pantheres.be\/index.php?rest_route=\/wp\/v2\/types\/post"}],"author":[{"embeddable":true,"href":"https:\/\/bruxelles-pantheres.be\/index.php?rest_route=\/wp\/v2\/users\/1"}],"replies":[{"embeddable":true,"href":"https:\/\/bruxelles-pantheres.be\/index.php?rest_route=%2Fwp%2Fv2%2Fcomments&post=415"}],"version-history":[{"count":1,"href":"https:\/\/bruxelles-pantheres.be\/index.php?rest_route=\/wp\/v2\/posts\/415\/revisions"}],"predecessor-version":[{"id":416,"href":"https:\/\/bruxelles-pantheres.be\/index.php?rest_route=\/wp\/v2\/posts\/415\/revisions\/416"}],"wp:featuredmedia":[{"embeddable":true,"href":"https:\/\/bruxelles-pantheres.be\/index.php?rest_route=\/wp\/v2\/media\/352"}],"wp:attachment":[{"href":"https:\/\/bruxelles-pantheres.be\/index.php?rest_route=%2Fwp%2Fv2%2Fmedia&parent=415"}],"wp:term":[{"taxonomy":"category","embeddable":true,"href":"https:\/\/bruxelles-pantheres.be\/index.php?rest_route=%2Fwp%2Fv2%2Fcategories&post=415"},{"taxonomy":"post_tag","embeddable":true,"href":"https:\/\/bruxelles-pantheres.be\/index.php?rest_route=%2Fwp%2Fv2%2Ftags&post=415"}],"curies":[{"name":"wp","href":"https:\/\/api.w.org\/{rel}","templated":true}]}}