{"id":4152,"date":"2019-04-27T14:19:05","date_gmt":"2019-04-27T13:19:05","guid":{"rendered":"https:\/\/bruxelles-pantheres.be\/?p=4152"},"modified":"2019-05-03T15:05:52","modified_gmt":"2019-05-03T14:05:52","slug":"4152","status":"publish","type":"post","link":"https:\/\/bruxelles-pantheres.be\/?p=4152","title":{"rendered":"La coordination des Sans Papiers de Belgique lance l&rsquo;Appel aux politiques et citoyen.ne.s"},"content":{"rendered":"<div>\n<p>Notre \u00e9tude et nos recommandations invitent nos futurs responsables de l\u2019Etat belge aux niveaux r\u00e9gional, f\u00e9d\u00e9ral et europ\u00e9en, \u00e0 trouver une solution durable, raisonnable et digne d\u2019un Etat de droit \u00e0 la situation des femmes, hommes et enfants sans-papiers qui vivent ici depuis tant d\u2019ann\u00e9es. Plusieurs \u00e9l\u00e9ments politiques r\u00e9cents nous semblent encourageants : la signature du \u00ab Pacte mondial pour des migrations s\u00fbres, ordonn\u00e9es et r\u00e9guli\u00e8res \u00bb fin 2018, le retrait du projet de loi sur les \u00ab visites domiciliaires \u00bb, deux avis du Conseil d\u2019\u00e9tat sur les \u00ab quotas \u00e0 l\u2019office des \u00e9trangers \u00bb et sur la suspension de l\u2019enfermement des enfants de sans-papiers, et la position des partenaires sociaux au sein du Conseil \u00e9conomique et social bruxellois et d\u2019Actiris, indiquent une volont\u00e9 de changement de cap de politique migratoire dont la Coordination se f\u00e9licite ici. Cette prise de conscience et la volont\u00e9 politique doivent davantage se d\u00e9velopper et \u00eatre plus manifestes encore. La Belgique doit montrer l\u2019exemple \u00e0 l\u2019Europe, en faisant l\u2019exp\u00e9rience d\u2019une autre politique d\u2019asile et migration, en prenant en compte les aspects positifs des migrations, contrairement aux politiques populistes qui fracturent la soci\u00e9t\u00e9.<\/p>\n<\/div>\n<p><!--more--><\/p>\n<div>\n<p><a href=\"https:\/\/bruxelles-pantheres.be\/wp-content\/uploads\/2013\/11\/racism71.png\"><img decoding=\"async\" class=\"alignnone size-full wp-image-256\" src=\"https:\/\/bruxelles-pantheres.be\/wp-content\/uploads\/2013\/11\/racism71.png\" alt=\"\" width=\"900\" height=\"675\" srcset=\"https:\/\/bruxelles-pantheres.be\/wp-content\/uploads\/2013\/11\/racism71.png 900w, https:\/\/bruxelles-pantheres.be\/wp-content\/uploads\/2013\/11\/racism71-300x225.png 300w, https:\/\/bruxelles-pantheres.be\/wp-content\/uploads\/2013\/11\/racism71-768x576.png 768w\" sizes=\"(max-width: 900px) 100vw, 900px\" \/><\/a><\/p>\n<p>Pour garantir une \u00ab Union qui fait sa Force \u00bb, la Belgique se doit de tourner le dos \u00e0 la discrimination, \u00e0 la m\u00e9fiance et \u00e0 la peur. Loin d&rsquo;\u00eatre un fardeau pour la S\u00e9curit\u00e9 sociale, en ayant des droits comme tous les citoyens, les sans-papiers contribueront \u00e0 la r\u00e9solution de plusieurs probl\u00e8mes de la Belgique. Les migrants jouent d\u2019ores et d\u00e9j\u00e0 un r\u00f4le important dans ce pays, dont le vieillissement de la population est incontestable. En offrant de la main d\u2019\u0153uvre et en s\u2019occupant des personnes \u00e2g\u00e9es, ils contribuent au bien-\u00eatre g\u00e9n\u00e9ral. Pour garantir les pensions, pour lutter contre la fraude sociale (et le d\u00e9ficit de la S\u00e9curit\u00e9 sociale via le travail au noir), la prise en compte des travailleurs migrants sans-papiers est indispensable. Ce qui revient \u00e0 dire que, dans l\u2019int\u00e9r\u00eat de la dynamique de la croissance du pays, le prochain gouvernement devra s\u2019activer \u00e0 l\u2019int\u00e9gration des sans-papiers dans l\u2019Etat de droit belge. La r\u00e9pression des sans-papiers faite jusqu\u2019alors, ne rapporte rien \u00e0 la soci\u00e9t\u00e9, ni aux citoyens eux-m\u00eames, bien au contraire : elle ne cr\u00e9e que des clivages dans la soci\u00e9t\u00e9, augmente les faits de racisme et le climat de peur, et favorise les violations des droits humains. Laisser les personnes sans-papiers, d\u00e9j\u00e0 vuln\u00e9rables, expos\u00e9es \u00e0 tous les risques et jusqu\u2019alors d\u00e9favoris\u00e9es sur les plans de l\u2019\u00e9ducation, du logement, des services de sant\u00e9, de la vie sociale et sur le march\u00e9 du travail, c\u2019est \u00e0 tirer les conditions de tous les belges vers le bas. Ne pas agir en faveur de ces personnes sans-papiers, c\u2019est refuser d\u2019atteindre les objectifs de lutte contre les in\u00e9galit\u00e9s, l\u2019exploitation, les violences faites aux femmes et la pauvret\u00e9. Les personnes sans-papiers, les organisations locales et les citoyens se sont mobilis\u00e9s pour que des communes et villes deviennent hospitali\u00e8res. Toutes ces mobilisations ne doivent pas s\u2019arr\u00eater dans les d\u00e9clarations d\u2019intentions vot\u00e9es dans des assembl\u00e9es. Il faut d\u00e8s lors, passer aux actes pour concr\u00e9tiser le vivre ensemble avec une politique qui accueille et int\u00e8gre r\u00e9ellement les migrants dans l\u2019Etat de droit, et ce, sans discrimination aucune. Bureau d\u2019Etudes des Sans-papiers, avril 2019 34 La politique d\u2019asile et de migration ne doit pas \u00eatre une politique du \u00ab tri \u00bb. Lorsqu\u2019on parle des sans-papiers, on parle de vies humaines d\u00e9nu\u00e9es de tout droit. La solution \u00e0 leur probl\u00e8me est une d\u00e9cision politique qui assur\u00e9ment place ceux et celles qui l\u2019auront prise du bon c\u00f4t\u00e9 de l\u2019histoire. Sans atermoiement, une r\u00e9gularisation des sans papiers s\u2019impose dans un bref d\u00e9lai. Celle-ci est cruciale pour notre avenir \u00e0 tous, elle est le gage d\u2019un climat de paix sociale. Pour ce faire, la Coordination des sans-papiers demande au gouvernement issu des \u00e9lections du 26 mai 2019, le changement de la loi sur les \u00e9trangers de 1980. Car cette loi, dans ces articles 9bis et 9ter pas clairs, cr\u00e9e les sans-papiers, les s\u00e9dentarise et les expose \u00e0 une vuln\u00e9rabilit\u00e9 inacceptable dans un pays qui se dit de droit. Apr\u00e8s les \u00e9lections de mai, une majorit\u00e9 parlementaire peut et doit \u00eatre trouv\u00e9e, par exemple en partant de la \u00ab proposition de loi UDEP \u00bb, qui nous semble une base sur laquelle la Coordination et l\u2019ensemble des partis politiques pourraient s\u2019accorder.<\/p>\n<p>Les sans-papiers revendiqueront cette r\u00e9gularisation une fois encore, et nous esp\u00e9rons la derni\u00e8re, lors de<a href=\"https:\/\/bruxelles-pantheres.be\/?p=4075\"><b> la Manifestation nationale <\/b>que la Coordination des sans-papiers et tous les Collectifs organisent<b> le dimanche 28 avril \u00e0 14h00 \u00e0 la Gare du Nord<\/b>.<\/a> La Coordination des sans-papiers invite tous les citoyens, les d\u00e9mocrates, les \u00ab communes hospitali\u00e8res \u00bb, les associations, les syndicats, les mouvements et les partis politiques \u00e0 s\u2019associer \u00e0 cette manifestation, et \u00e0 utiliser leur vote le 26 mai prochain pour un gouvernement qui r\u00e9gularisera les sans-papiers !<\/p>\n<p><b>POUR UN GOUVERNEMENT QUI\u00a0<\/b><b>R\u00c9GULARISERA<\/b><\/p>\n<p>La totalite du cahier de recommandations pour les \u00e9lections f\u00e9d\u00e9rales et r\u00e9gionales se trouve sur le lien\u00a0: <a href=\"https:\/\/sanspapiers.be\/recommandations-pour-les-elections-federales-regionales-et-europeennes-du-26-mai-2019\/?fbclid=IwAR1tUohWplX8GTzQxTtpHH2-c3r972V6jrRWrCouSdbS2w9bfNA4QTBD9hk\" target=\"_blank\" rel=\"noopener noreferrer\" data-saferedirecturl=\"https:\/\/www.google.com\/url?q=https:\/\/sanspapiers.be\/recommandations-pour-les-elections-federales-regionales-et-europeennes-du-26-mai-2019\/?fbclid%3DIwAR1tUohWplX8GTzQxTtpHH2-c3r972V6jrRWrCouSdbS2w9bfNA4QTBD9hk&amp;source=gmail&amp;ust=1556975254021000&amp;usg=AFQjCNFcQeRT7eS8DeKxR3KdIDmnyB0pQg\">https:\/\/sanspapiers.be\/<wbr><\/wbr>recommandations-pour-les-<wbr><\/wbr>elections-federales-<wbr><\/wbr>regionales-et-europeennes-du-<wbr><\/wbr>26-mai-2019\/?fbclid=<wbr><\/wbr>IwAR1tUohWplX8GTzQxTtpHH2-<wbr><\/wbr>c3r972V6jrRWrCouSdbS2w9bfNA4QT<wbr><\/wbr>BD9hk<\/a><\/p>\n<\/div>\n<div id=\"m_-2893505449519166431gmail-m_3771870457240325351signature\">\n<div id=\"m_-2893505449519166431gmail-m_3771870457240325351divtagdefaultwrapper\" dir=\"ltr\">\n<h2><a href=\"https:\/\/sanspapiers.be\/\">https:\/\/sanspapiers.be\/ <\/a><\/h2>\n<p>Contacts presse :<\/p>\n<p>Serge Bagamboula (0493291974), Modou Ndiaye (0499884821) et Mamadou Diallo (0493995444)<\/p>\n<p>Les 2 documents produits sont disponibles en format \u00ab brochure \u00bb sur simple demande \u00e0 BESP, c\/o CFS asbl, 26 rue de la Victoire \u00e0 1060 Bruxelles ou par mail \u00e0 l\u2019adresse besp@cfsasbl.be<\/p>\n<h2 class=\"entry-title\"><a href=\"https:\/\/bruxelles-pantheres.be\/?p=3728\" rel=\"bookmark\">Une seule solution, la r\u00e9gularisation de tous les sans-papiers.<\/a><\/h2>\n<\/div>\n<\/div>\n","protected":false},"excerpt":{"rendered":"<p>Notre \u00e9tude et nos recommandations invitent nos futurs responsables de l\u2019Etat belge aux niveaux r\u00e9gional, f\u00e9d\u00e9ral et europ\u00e9en, \u00e0 trouver une solution durable, raisonnable et digne d\u2019un Etat de droit \u00e0 la situation des femmes, hommes et enfants sans-papiers qui vivent ici depuis tant d\u2019ann\u00e9es. Plusieurs \u00e9l\u00e9ments politiques r\u00e9cents nous semblent encourageants : la signature &#8230; <a title=\"La coordination des Sans Papiers de Belgique lance l&rsquo;Appel aux politiques et citoyen.ne.s\" class=\"read-more\" href=\"https:\/\/bruxelles-pantheres.be\/?p=4152\" aria-label=\"En savoir plus sur La coordination des Sans Papiers de Belgique lance l&rsquo;Appel aux politiques et citoyen.ne.s\">Lire la suite<\/a><\/p>\n","protected":false},"author":1,"featured_media":4161,"comment_status":"open","ping_status":"open","sticky":false,"template":"","format":"standard","meta":{"footnotes":""},"categories":[36,28,39],"tags":[31,23,15],"class_list":["post-4152","post","type-post","status-publish","format-standard","has-post-thumbnail","hentry","category-europe","category-racismes","category-sans-papier","tag-belgique","tag-discrimination","tag-resistance"],"_links":{"self":[{"href":"https:\/\/bruxelles-pantheres.be\/index.php?rest_route=\/wp\/v2\/posts\/4152","targetHints":{"allow":["GET"]}}],"collection":[{"href":"https:\/\/bruxelles-pantheres.be\/index.php?rest_route=\/wp\/v2\/posts"}],"about":[{"href":"https:\/\/bruxelles-pantheres.be\/index.php?rest_route=\/wp\/v2\/types\/post"}],"author":[{"embeddable":true,"href":"https:\/\/bruxelles-pantheres.be\/index.php?rest_route=\/wp\/v2\/users\/1"}],"replies":[{"embeddable":true,"href":"https:\/\/bruxelles-pantheres.be\/index.php?rest_route=%2Fwp%2Fv2%2Fcomments&post=4152"}],"version-history":[{"count":4,"href":"https:\/\/bruxelles-pantheres.be\/index.php?rest_route=\/wp\/v2\/posts\/4152\/revisions"}],"predecessor-version":[{"id":4160,"href":"https:\/\/bruxelles-pantheres.be\/index.php?rest_route=\/wp\/v2\/posts\/4152\/revisions\/4160"}],"wp:featuredmedia":[{"embeddable":true,"href":"https:\/\/bruxelles-pantheres.be\/index.php?rest_route=\/wp\/v2\/media\/4161"}],"wp:attachment":[{"href":"https:\/\/bruxelles-pantheres.be\/index.php?rest_route=%2Fwp%2Fv2%2Fmedia&parent=4152"}],"wp:term":[{"taxonomy":"category","embeddable":true,"href":"https:\/\/bruxelles-pantheres.be\/index.php?rest_route=%2Fwp%2Fv2%2Fcategories&post=4152"},{"taxonomy":"post_tag","embeddable":true,"href":"https:\/\/bruxelles-pantheres.be\/index.php?rest_route=%2Fwp%2Fv2%2Ftags&post=4152"}],"curies":[{"name":"wp","href":"https:\/\/api.w.org\/{rel}","templated":true}]}}