{"id":4162,"date":"2019-05-05T15:31:20","date_gmt":"2019-05-05T14:31:20","guid":{"rendered":"https:\/\/bruxelles-pantheres.be\/?p=4162"},"modified":"2019-05-05T15:31:20","modified_gmt":"2019-05-05T14:31:20","slug":"n-d-de-paris-j-assange-la-planete-les-migrants-etc","status":"publish","type":"post","link":"https:\/\/bruxelles-pantheres.be\/?p=4162","title":{"rendered":"N-D de Paris, J. Assange, la plan\u00e8te, les migrants, etc\u2026"},"content":{"rendered":"<div class=\"entry-content clearfix\">\n<div align=\"justify\"><strong>Daniel Vanhove<\/strong> \u2013 <em>Pourquoi l\u2019incendie de la cath\u00e9drale Notre-Dame-de-Paris a-t-elle suscit\u00e9 une telle empathie de la part du public et de la plupart des m\u00e9dias face \u00e0 une quasi indiff\u00e9rence constat\u00e9e lors de l\u2019arrestation de Julian Assange \u00e0 l\u2019ambassade de l\u2019\u00c9quateur au c\u0153ur de Londres, quelques jours plus t\u00f4t\u00a0? Objectivement, entre les deux faits, s\u2019il en est un qui aurait d\u00fb alerter les citoyens de mani\u00e8re massive, c\u2019est sans conteste l\u2019arrestation de J. Assange. <\/em><\/p>\n<div align=\"justify\"><\/div>\n<\/div>\n<\/div>\n<p><!--more--><\/p>\n<p>Or, au centre de la City, pr\u00e8s de 7 ans apr\u00e8s son enfermement contraint, lorsque les menaces d\u2019expulsion se pr\u00e9cisaient chaque jour un peu plus, il n\u2019y a eu aucun mouvement de masse ou de rassemblement digne de ce nom qui aurait pu (peut-\u00eatre) faire h\u00e9siter les autorit\u00e9s britanniques \u00e0 intervenir comme elles l\u2019ont fait. Et amener d\u2019autres \u00c9tats \u00e0 prendre le relais afin d\u2019accorder enfin un asile politique \u00e0 un journaliste qui n\u2019a fait que r\u00e9v\u00e9ler des v\u00e9rit\u00e9s \u00e0 propos des d\u00e9rives criminelles de l\u2019administration am\u00e9ricaine, entre autres.<\/p>\n<p><a href=\"https:\/\/bruxelles-pantheres.be\/wp-content\/uploads\/2019\/05\/Assange_3-3a160.jpg\"><img decoding=\"async\" class=\"size-full wp-image-4164 alignleft\" src=\"https:\/\/bruxelles-pantheres.be\/wp-content\/uploads\/2019\/05\/Assange_3-3a160.jpg\" alt=\"\" width=\"387\" height=\"550\" srcset=\"https:\/\/bruxelles-pantheres.be\/wp-content\/uploads\/2019\/05\/Assange_3-3a160.jpg 387w, https:\/\/bruxelles-pantheres.be\/wp-content\/uploads\/2019\/05\/Assange_3-3a160-211x300.jpg 211w\" sizes=\"(max-width: 387px) 100vw, 387px\" \/><\/a>Aucun grand mouvement, aucun m\u00e9dia, aucun parti politique, aucune association, syndicat ou ONG ne sont parvenus \u00e0 mobiliser les citoyens sur les dangers d\u2019une telle arrestation mettant \u00e0 mal nos libert\u00e9s fondamentales, si ch\u00e8res dans les discours de ceux qui n\u2019ont de cesse de louer les \u00ab\u00a0valeurs\u00a0\u00bb inestimables de nos \u00ab\u00a0d\u00e9mocraties\u00a0\u00bb mais se comportent vis-\u00e0-vis d\u2019elles comme des voyous, les fragilisant au fil du temps. Ainsi, l\u2019arrestation de J. Assange s\u2019inscrit en droite ligne dans ces pratiques gravissimes pour toute \u00ab\u00a0d\u00e9mocratie\u00a0\u00bb qui se respecte, actant du m\u00eame coup des m\u00e9thodes propres aux partis d\u2019extr\u00eame-droite.<\/p>\n<p>Comment les citoyens ne comprennent-ils pas que ces journalistes d\u2019investigation et lanceurs d\u2019alerte contraints de se cacher des gouvernements qui les poursuivent, se privent volontairement et en connaissance de cause de leurs libert\u00e9s individuelles pour que nous puissions jouir des n\u00f4tres\u00a0?! Le fait m\u00eame de devoir se cacher et vivre en clandestinit\u00e9 en dit long sur l\u2019\u00e9tat de pourrissement avanc\u00e9 de nos \u00ab\u00a0d\u00e9mocraties\u00a0\u00bb.<\/p>\n<p>Comment pendant sept ans, aucun \u00c9tat au monde n\u2019est-il venu en aide pour \u00e9pauler l\u2019\u00c9quateur, isol\u00e9 dans sa d\u00e9marche et n\u2019a jamais propos\u00e9 de prendre le relais, offrant \u00e0 J. Assange un asile politique comme la Russie l\u2019a offert \u00e0 Edward Snowden ?<\/p>\n<p>Pire, d\u00e9but juillet 2013, rentrant d\u2019une visite officielle \u00e0 Moscou, la France, le Portugal, puis l\u2019Espagne et l\u2019Italie avaient refus\u00e9 que l\u2019avion du pr\u00e9sident bolivien E. Morales ne survole leurs pays (!) de peur qu\u2019E. Snowden y soit dissimul\u00e9. L\u2019Empire avait donn\u00e9 ses ordres, ses laquais se couchaient. Plusieurs pays d\u2019Am\u00e9rique latine avaient soulign\u00e9 l\u2019humiliation que cela repr\u00e9sentait \u00e0 leur \u00e9gard, de la part d\u2019\u00c9tats vivant toujours dans leurs volutes coloniales.<\/p>\n<p>Suite \u00e0 l\u2019arrestation de J. Assange, la r\u00e9action hypocrite a \u00e9t\u00e9 de se tourner vers l\u2019\u00c9quateur pour crier au scandale et pointer le nouvel ambassadeur nomm\u00e9 par le nouveau pr\u00e9sident comme seuls responsables de cette d\u00e9cision. Ce qui para\u00eet pour le moins assez commode.<\/p>\n<p>Sans doute l\u2019actuel pr\u00e9sident de l\u2019\u00c9quateur a-t-il peu de points communs avec son pr\u00e9d\u00e9cesseur. Il a renou\u00e9 avec le FMI et la Banque Mondiale pour un pr\u00eat de plus 10 milliards de dollars obtenus quelques heures apr\u00e8s l\u2019arrestation du journaliste. Ceci pourrait expliquer cela. Mais une fois ce constat dress\u00e9, pourquoi ce petit \u00c9tat devait-il \u00e0 lui seul, faire face \u00e0 la toute puissance am\u00e9ricaine dont on sait bien la vengeance que son administration r\u00eave d\u2019infliger \u00e0 J. Assange retenu tel un prisonnier pour avoir r\u00e9v\u00e9l\u00e9 les pires d\u00e9rives et travers de l\u2019administration US\u00a0?<\/p>\n<p>En r\u00e9alit\u00e9, si nous avions vraiment conscience de l\u2019\u00e9tat de d\u00e9labrement de nos \u00ab\u00a0d\u00e9mocraties\u00a0\u00bb \u00e0 la t\u00eate desquelles se trouvent de vrais voyous, il e\u00fbt fallu sortir en masse et inonder les art\u00e8res de nos villes, dans le monde entier.<\/p>\n<p>Quand Notre-Dame s\u2019est retrouv\u00e9e d\u00e9vor\u00e9e par les flammes, des Parisiens se sont pr\u00e9cipit\u00e9s pour assister \u00e0 l\u2019\u00e9v\u00e9nement.<a href=\"https:\/\/bruxelles-pantheres.be\/wp-content\/uploads\/2019\/05\/la-cathedrale-notre-dame-de-paris-ravagee-par-les-flammes-20190417-1728x800_c.jpg\"><img decoding=\"async\" class=\"alignnone size-full wp-image-4163\" src=\"https:\/\/bruxelles-pantheres.be\/wp-content\/uploads\/2019\/05\/la-cathedrale-notre-dame-de-paris-ravagee-par-les-flammes-20190417-1728x800_c.jpg\" alt=\"\" width=\"1728\" height=\"800\" srcset=\"https:\/\/bruxelles-pantheres.be\/wp-content\/uploads\/2019\/05\/la-cathedrale-notre-dame-de-paris-ravagee-par-les-flammes-20190417-1728x800_c.jpg 1728w, https:\/\/bruxelles-pantheres.be\/wp-content\/uploads\/2019\/05\/la-cathedrale-notre-dame-de-paris-ravagee-par-les-flammes-20190417-1728x800_c-300x139.jpg 300w, https:\/\/bruxelles-pantheres.be\/wp-content\/uploads\/2019\/05\/la-cathedrale-notre-dame-de-paris-ravagee-par-les-flammes-20190417-1728x800_c-1024x474.jpg 1024w, https:\/\/bruxelles-pantheres.be\/wp-content\/uploads\/2019\/05\/la-cathedrale-notre-dame-de-paris-ravagee-par-les-flammes-20190417-1728x800_c-768x356.jpg 768w, https:\/\/bruxelles-pantheres.be\/wp-content\/uploads\/2019\/05\/la-cathedrale-notre-dame-de-paris-ravagee-par-les-flammes-20190417-1728x800_c-1536x711.jpg 1536w, https:\/\/bruxelles-pantheres.be\/wp-content\/uploads\/2019\/05\/la-cathedrale-notre-dame-de-paris-ravagee-par-les-flammes-20190417-1728x800_c-1320x611.jpg 1320w\" sizes=\"(max-width: 1728px) 100vw, 1728px\" \/><\/a><\/p>\n<p>Certains se sont agenouill\u00e9s, ont pri\u00e9 pendant que d\u2019autres chantaient des psaumes et que sais-je encore. Les m\u00e9dias de tous les pays en ont fait leurs gros titres et les \u00e9missions radio &amp; t\u00e9l\u00e9 ont \u00e9t\u00e9 modifi\u00e9es pour mettre cet incident en \u2018Une\u2019 de leur programme. E. Macron, pr\u00e9sident d\u2019une France qui n\u2019a de cesse de rappeler le caract\u00e8re la\u00efc de l\u2019\u00c9tat, est descendu sur les lieux, annulant une intervention t\u00e9l\u00e9vis\u00e9e pourtant attendue par les citoyens. Calculant d\u00e9j\u00e0 comment il allait pouvoir r\u00e9cup\u00e9rer l\u2019\u00e9v\u00e9nement et rassembler un peuple qu\u2019il n\u2019a de cesse de diviser et dont une majorit\u00e9 le conspue.<\/p>\n<p>Cela illustre, comme l\u2019appellent certains, \u00ab\u00a0la dictature de l\u2019\u00e9motion\u00a0\u00bb fonctionnant au quart de tour et \u00e0 mille \u00e0 l\u2019heure. En quelques jours, ce \u00ab\u00a0pays en faillite\u00a0\u00bb, d\u2019apr\u00e8s les plus hautes autorit\u00e9s, est parvenu \u00e0 r\u00e9colter pour pr\u00e8s d\u2019un milliard d\u2019euros de dons. Les vieilles pierres passent avant les \u00ab\u00a0sans-dents\u00a0\u00bb puisque les unes sont source de revenus quand les autres sont \u00ab\u00a0\u00e0 charge\u00a0\u00bb dans une soci\u00e9t\u00e9 qui ne pilote plus qu\u2019\u00e0 vue financi\u00e8re.<\/p>\n<p>Qu\u2019y a-t-il de fondamentalement diff\u00e9rent entre ces deux \u00e9v\u00e9nements\u00a0? Lequel risque d\u2019avoir un impact plus important que l\u2019autre sur nos vies\u00a0? La diff\u00e9rence de r\u00e9action entre les deux \u00e9v\u00e9nements ne r\u00e9side-t-elle pas dans ce que cela nous co\u00fbte vraiment au sens de notre engagement\u00a0?<\/p>\n<p>En r\u00e9alit\u00e9, se battre pour que les lanceurs d\u2019alerte \u2013 phares essentiels de nos \u00ab\u00a0d\u00e9mocraties\u00a0\u00bb malades d\u2019un pouvoir mafieux, liberticide et policier \u2013 ne soient plus harcel\u00e9s par les autorit\u00e9s et soient au contraire prot\u00e9g\u00e9s dans nos pays n\u00e9cessite une mobilisation de masse, exigeant des comptes de ceux qui ont la pr\u00e9tention de nous diriger. Un peu comme les Gilets Jaunes, encore que les chiffres restent d\u00e9cevants \u00e0 l\u2019\u00e9chelle d\u2019un pays comme la France. Preuve en est, la mobilisation qui se d\u00e9roule de l\u2019autre c\u00f4t\u00e9 de la M\u00e9diterran\u00e9e, et met dans les rues pr\u00e8s de la moiti\u00e9 \u2013 vous lisez bien\u00a0!\u00a0\u2013 de la population d\u2019Alg\u00e9rie. Imaginez la moiti\u00e9 de la population fran\u00e7aise dans les rues, et l\u2019on verrait sans doute d\u2019autres r\u00e9sultats que les atermoiements d\u2019un gouvernement qui per\u00e7oit bien la faiblesse du mouvement, avec tout le respect que j\u2019ai pour ceux qui s\u2019y sont engag\u00e9s.<\/p>\n<p>En d\u2019autres mots, cela demande de notre part un engagement r\u00e9el, un effort pouvant prendre parfois des mois avant d\u2019obtenir gain de cause. Cela demande une assiduit\u00e9 et une endurance qu\u2019il semble que nous ayons perdues. Mais, sortir dans la rue pour prier et chanter, et verser une poign\u00e9e d\u2019euros dans un \u00e9lan g\u00e9n\u00e9ral de solidarit\u00e9 bien orchestr\u00e9e, combien cela co\u00fbte-t-il vraiment \u00e0 ceux qui y participent, sachant que certains ont de suite flair\u00e9 la possibilit\u00e9 de se faire un \u00ab\u00a0pognon de dingue\u00a0\u00bb sur une telle affaire\u00a0?<\/p>\n<p>Il est \u00e0 craindre que nous soyons devenus experts pour les causes qui ne nous engagent pas trop (le changement climatique, la plan\u00e8te, \u2026 en sont d\u2019autres exemples, vagues causes dont les d\u00e9fenseurs ne vous diront pas que pour construire la charpente de leur cath\u00e9drale adul\u00e9e, il a fallu abattre 21 hectares de for\u00eat\u00a0!) mais que d\u00e8s qu\u2019il s\u2019agit de mouiller nos chemises, de nous y engager par de profondes remises en question de nos comportements quotidiens (l\u2019usage inconsid\u00e9r\u00e9 du plastic par exemple) nous n\u2019y accordons aucune attention. Se sentir concern\u00e9s par un sujet, oui, mais surtout, qu\u2019il ne nous co\u00fbte rien et ne bouscule pas trop nos petites habitudes.<\/p>\n<p>En 2018, rien qu\u2019en France, 566 SDF sont morts dans la rue, soit presque 2 par jour. Cela a-t-il suscit\u00e9 l\u2019\u00e9moi, la solidarit\u00e9, le versement d\u2019une aum\u00f4ne de la part des belles \u00e2mes qui se sont r\u00e9pandues pour les vieilles pierres de Notre-Dame\u00a0? Et que dire des abus av\u00e9r\u00e9s dans l\u2019\u00c9glise sur des enfants\u00a0dont les vies ont \u00e9t\u00e9 bris\u00e9es \u00e0 jamais\u00a0? Y a-t-il eu un \u00e9lan de solidarit\u00e9 pour les soutenir et exiger que l\u2019\u00c9glise leur verse des indemnit\u00e9s de compensation \u00e0 hauteur des pr\u00e9judices subis, en-dehors de quelques cas isol\u00e9s\u00a0? Allons, tout cela manque de s\u00e9rieux et ne rev\u00eat en fait, qu\u2019un \u00e9lan \u00e9motionnel ais\u00e9, parce qu\u2019en termes d\u2019engagement sur le terrain, il ne nous co\u00fbte rien\u00a0!<\/p>\n<p>Nos soci\u00e9t\u00e9s s\u2019indignent pour des causes faciles, qui ne les d\u00e9rangent pas trop, presque pour la forme, en mode \u00ab\u00a0contestations-bobos\u00a0\u00bb\u2026 qui ne changeront rien \u00e0 rien tant que nous n\u2019y m\u00ealerons pas notre sueur et nos corps, puisque c\u2019est bien tout ce qu\u2019il nous reste, face \u00e0 l\u2019oppression que nous imposent nos gouvernements\u00a0de d\u00e9linquants\u00a0!<\/p>\n<p>Ce dimanche de P\u00e2ques 21 avril, 800 migrants se sont noy\u00e9s d\u2019un coup au large des c\u00f4tes libyennes. Qui s\u2019en est \u00e9mu comme de Notre-Dame en feu ? Cela ne d\u00e9clenche aucun mouvement de masse des populations pour exiger de nos riches \u00c9tats la cessation de leurs pratiques pr\u00e9datrices pillant depuis des d\u00e9cennies les richesses de ces pays dont les populations vivent dans une mis\u00e8re que la plupart de nos belles \u00e2mes ne peuvent imaginer, ne laissant d\u2019autre choix \u00e0 ces mis\u00e9reux que la tentative d\u2019\u00e9migrer. Et quand certains arrivent chez nous, ils sont rejet\u00e9s, traqu\u00e9s, poursuivis, chass\u00e9s, emprisonn\u00e9s. Et toute aide citoyenne est consid\u00e9r\u00e9e comme \u00ab d\u00e9lit de solidarit\u00e9 \u00bb. Voil\u00e0 o\u00f9 nous en sommes. Et il faut le voir bien en face pour arr\u00eater de se raconter des histoires.<\/p>\n<p>Cela n\u2019est pas sans me rappeler que lors de l\u2019Op\u00e9ration \u00ab\u00a0Rempart de Protection\u00a0\u00bb lanc\u00e9e par l\u2019arm\u00e9e isra\u00e9lienne contre la population palestinienne en avril 2002, et se soldant par des milliers de morts et de bless\u00e9s, ayant mis une fois de plus la r\u00e9gion \u00e0 feu et \u00e0 sang, bombardant le QG du pr\u00e9sident Arafat \u00e0 Ramallah, le Vatican n\u2019avait r\u00e9agi qu\u2019apr\u00e8s plusieurs semaines, quand cette arm\u00e9e d\u2019occupation s\u2019en \u00e9tait prise \u00e0 la Basilique de la Nativit\u00e9 \u00e0 Bethl\u00e9em, la suppliant officiellement \u00ab\u00a0de ne pas s\u2019en prendre \u00e0 ses murs\u00a0\u00bb\u00a0!<\/p>\n<p>Chaque jour qui passe voit fleurir un nouvel article \u00e0 propos de Notre-Dame de Paris. De son c\u00f4t\u00e9, Julian Assange est oubli\u00e9. Plus personne n\u2019en parle. Nos gouvernements s\u2019en frottent les mains\u2026 tout peut continuer comme \u00e0 l\u2019habitude. Les bombardements sur des pays qui ne nous ont rien fait peuvent se poursuivre, le gotha verse sa larme sur Notre-Dame et les badauds applaudissent en ch\u0153ur. Ne voyant pas que derri\u00e8re cette mise en sc\u00e8ne la Macronie peut sortir sans m\u00eame passer par les habituels appels d\u2019offres &amp; soumissions, et insistant sur un d\u00e9lai de 5 ans pour sa r\u00e9alisation, son projet immobilier qui attendait le bon moment pour faire de l\u2019endroit le premier lieu touristique d\u2019Europe, juste <a href=\"https:\/\/www.voltairenet.org\/article206324.html\" target=\"_blank\" rel=\"noopener noreferrer\">avant l\u2019ouverture des Jeux Olympiques de 2024<\/a>.<\/p>\n<p>Une imposture de plus \u00e0 l\u2019ardoise des d\u00e9linquants de l\u2019\u00c9tat, et pour lesquels votent encore tant de citoyens. D\u00e9cid\u00e9ment oui, l\u2019on a bien les \u00e9lus que l\u2019on m\u00e9rite\u00a0!<\/p>\n<div align=\"justify\"><img decoding=\"async\" class=\"alignleft size-full wp-image-544\" src=\"http:\/\/chroniquepalestine.com\/wp-content\/uploads\/2016\/10\/A1-11.jpg\" alt=\"a1\" width=\"80\" height=\"100\" \/>* <strong>Daniel Vanhove<\/strong> est Observateur civil et membre du Mouvement Citoyen. Il a publi\u00e9 aux Ed. Marco Pietteur \u2013 coll. Oser Dire : <a href=\"https:\/\/www.amazon.fr\/vous-d%C3%BF%C2%A9truisez-maisons-d%C3%BF%C2%A9truirez-%C3%BF%C2%A2mes\/dp\/2919937006\" target=\"_blank\" rel=\"noopener noreferrer\">Si vous d\u00e9truisez nos maisons, vous ne d\u00e9truirez pas nos \u00e2mes<\/a> \u2013 2004 et <a href=\"http:\/\/www.info-palestine.eu\/spip.php?article5595\" target=\"_blank\" rel=\"noopener noreferrer\">La D\u00e9mocratie mensonge<\/a> \u2013 2008<\/div>\n","protected":false},"excerpt":{"rendered":"<p>Daniel Vanhove \u2013 Pourquoi l\u2019incendie de la cath\u00e9drale Notre-Dame-de-Paris a-t-elle suscit\u00e9 une telle empathie de la part du public et de la plupart des m\u00e9dias face \u00e0 une quasi indiff\u00e9rence constat\u00e9e lors de l\u2019arrestation de Julian Assange \u00e0 l\u2019ambassade de l\u2019\u00c9quateur au c\u0153ur de Londres, quelques jours plus t\u00f4t\u00a0? Objectivement, entre les deux faits, s\u2019il &#8230; <a title=\"N-D de Paris, J. Assange, la plan\u00e8te, les migrants, etc\u2026\" class=\"read-more\" href=\"https:\/\/bruxelles-pantheres.be\/?p=4162\" aria-label=\"En savoir plus sur N-D de Paris, J. Assange, la plan\u00e8te, les migrants, etc\u2026\">Lire la suite<\/a><\/p>\n","protected":false},"author":1,"featured_media":2403,"comment_status":"open","ping_status":"open","sticky":false,"template":"","format":"standard","meta":{"footnotes":""},"categories":[1,35,21,36,4,7,6,28],"tags":[94],"class_list":["post-4162","post","type-post","status-publish","format-standard","has-post-thumbnail","hentry","category-non-classe","category-amerique-du-sud","category-anti-imperialisme","category-europe","category-islamophobie","category-negrophobie","category-palestine-moyen-orient","category-racismes","tag-daniel-vanhove"],"_links":{"self":[{"href":"https:\/\/bruxelles-pantheres.be\/index.php?rest_route=\/wp\/v2\/posts\/4162","targetHints":{"allow":["GET"]}}],"collection":[{"href":"https:\/\/bruxelles-pantheres.be\/index.php?rest_route=\/wp\/v2\/posts"}],"about":[{"href":"https:\/\/bruxelles-pantheres.be\/index.php?rest_route=\/wp\/v2\/types\/post"}],"author":[{"embeddable":true,"href":"https:\/\/bruxelles-pantheres.be\/index.php?rest_route=\/wp\/v2\/users\/1"}],"replies":[{"embeddable":true,"href":"https:\/\/bruxelles-pantheres.be\/index.php?rest_route=%2Fwp%2Fv2%2Fcomments&post=4162"}],"version-history":[{"count":2,"href":"https:\/\/bruxelles-pantheres.be\/index.php?rest_route=\/wp\/v2\/posts\/4162\/revisions"}],"predecessor-version":[{"id":4166,"href":"https:\/\/bruxelles-pantheres.be\/index.php?rest_route=\/wp\/v2\/posts\/4162\/revisions\/4166"}],"wp:featuredmedia":[{"embeddable":true,"href":"https:\/\/bruxelles-pantheres.be\/index.php?rest_route=\/wp\/v2\/media\/2403"}],"wp:attachment":[{"href":"https:\/\/bruxelles-pantheres.be\/index.php?rest_route=%2Fwp%2Fv2%2Fmedia&parent=4162"}],"wp:term":[{"taxonomy":"category","embeddable":true,"href":"https:\/\/bruxelles-pantheres.be\/index.php?rest_route=%2Fwp%2Fv2%2Fcategories&post=4162"},{"taxonomy":"post_tag","embeddable":true,"href":"https:\/\/bruxelles-pantheres.be\/index.php?rest_route=%2Fwp%2Fv2%2Ftags&post=4162"}],"curies":[{"name":"wp","href":"https:\/\/api.w.org\/{rel}","templated":true}]}}