{"id":4173,"date":"2019-05-13T19:27:20","date_gmt":"2019-05-13T18:27:20","guid":{"rendered":"https:\/\/bruxelles-pantheres.be\/?p=4173"},"modified":"2019-05-13T19:55:53","modified_gmt":"2019-05-13T18:55:53","slug":"4173","status":"publish","type":"post","link":"https:\/\/bruxelles-pantheres.be\/?p=4173","title":{"rendered":"#Ramenezles #Brengzeterug #BringthemtoEU"},"content":{"rendered":"<p><b>Un appel de Marijke Van Buggenhout, criminologue \u00e0 la VUB et Marianne VL Koplewicz pour les Editions du Souffle avec, entre autres, Gerrits Loots (VUB), Nadia Fadil (KUL), Serge Gutwirth (VUB), Isabelle Stengers (ULB), Fabienne Brion (UCL), Marc De Meyere (UGent), Colette Duez (ULG), David Jamar (UMons), Benedikte Zitouni (Saint-Louis), Andrew Crosby (ULB), Frans Daems (Universit\u00e9 d&rsquo;Anvers).<\/b><\/p>\n<p><b>Cet <a class=\"noFilter\" href=\"https:\/\/forms.office.com\/Pages\/ResponsePage.aspx?id=qHxbaagtRUWi2kLQN4TlhfR68_78vpxNiV4PRo2oIeZUQkhaRDk0SlRGWUFPMlhHOVVGUkZEREIyNi4u\" target=\"_blank\" rel=\"noopener noreferrer\">appel<\/a> r\u00e9unit plus de 300 signataires issus du monde acad\u00e9mique appartenant aux diff\u00e9rentes universit\u00e9s du centre, du nord et du sud du pays (1).<\/b><!--more--><\/p>\n<div id=\"article-text\" class=\"article-text\">\n<p><a href=\"https:\/\/bruxelles-pantheres.be\/wp-content\/uploads\/2019\/05\/763.jpg\"><img decoding=\"async\" class=\"size-full wp-image-4174 aligncenter\" src=\"https:\/\/bruxelles-pantheres.be\/wp-content\/uploads\/2019\/05\/763.jpg\" alt=\"\" width=\"763\" height=\"509\" srcset=\"https:\/\/bruxelles-pantheres.be\/wp-content\/uploads\/2019\/05\/763.jpg 763w, https:\/\/bruxelles-pantheres.be\/wp-content\/uploads\/2019\/05\/763-300x200.jpg 300w\" sizes=\"(max-width: 763px) 100vw, 763px\" \/><\/a><\/p>\n<p>Le 19 avril, nous avons appris le d\u00e9c\u00e8s d\u2019un enfant \u00e2g\u00e9 d\u2019\u00e0 peine un an dans le camp kurde Al-Hol en Syrie. Ce b\u00e9b\u00e9 est le troisi\u00e8me enfant belge \u00e0 mourir en moins d\u2019un mois. Ces drames auraient pu \u00eatre \u00e9vit\u00e9s.<\/p>\n<p>L\u2019Unicef estime \u00e0 8000 le nombre d\u2019enfants \u00e9trangers dans les camps d\u2019Al Roj, Al Hol et A\u00efn Issa. Cinquante de ces enfants sont belges, beaucoup sont orphelins. Le camp d\u2019Al Hol a une capacit\u00e9 de 20 000 personnes et ce sont 73 393 personnes qui y sont entass\u00e9es. Les d\u00e9c\u00e8s concernent principalement les enfants qui meurent de malnutrition ou qui succombent \u00e0 leurs blessures, faute de soins.<\/p>\n<p>Diverses organisations nationales et internationales de d\u00e9fense des droits de l\u2019homme et de l\u2019enfant sont unanimes : ramener ces enfants, quel que soit leur \u00e2ge, avec leur m\u00e8re le plus vite possible. Notre gouvernement n\u2019agissant pas, par peur de prendre \u00e0 bras-le-corps la question des parents, est devenu le t\u00e9moin de la mort d\u2019enfants en bas \u00e2ge.<\/p>\n<p>Et pourtant, c\u2019est la protection de l\u2019int\u00e9r\u00eat de l\u2019enfant qui doit pr\u00e9valoir, conform\u00e9ment \u00e0 l\u2019article 3 de la Convention relative aux droits de l\u2019enfant. En cons\u00e9quence, les erreurs des parents ne peuvent \u00eatre attribu\u00e9es \u00e0 des enfants. Par ailleurs, la s\u00e9paration de la m\u00e8re et de l\u2019enfant constitue une violation des droits fondamentaux de l\u2019homme (art. 8 CEDH) et des droits de l\u2019enfant (respectivement art. 5 et 9 de la CDE). Le devoir du gouvernement de prendre toutes les mesures ex\u00e9cutoires pour garantir la protection et le soin des enfants victimes de conflits arm\u00e9s (art. 38 CIDE) est indiscutable dans cette situation. La r\u00e9adaptation et la r\u00e9insertion sociale doivent avoir lieu \u00ab\u00a0dans des conditions qui favorisent la sant\u00e9, le respect de soi et la dignit\u00e9 de l\u2019enfant\u00a0\u00bb (art. 39 CIDE). C\u2019est ainsi que les organismes de d\u00e9fense des droits de l\u2019enfant, allant de la Commission des droits de l\u2019enfant, les Nations unies, Child Focus, l\u2019Unicef \u00e0 la Croix-Rouge, exhortent les \u00c9tats membres \u00e0 rapatrier leurs ressortissants.<\/p>\n<p>Les Kurdes ont tent\u00e9 de g\u00e9rer au mieux les camps mais ne sont plus en mesure de continuer \u00e0 le faire. Eux aussi demandent \u00e0 la Belgique d\u2019organiser le rapatriement, ce qui est tout \u00e0 fait possible. Plusieurs pays ont d\u00e9j\u00e0 ramen\u00e9 des enfants et des adultes. R\u00e9cemment (avril 2019) le Kosovo rapatriait tous ses ressortissants (4 hommes, 32 femmes et 74 enfants). Cela prouve que l\u00e0 o\u00f9 il y a une volont\u00e9 politique, il y a une voie diplomatique. Les autorit\u00e9s kurdes ont rempli leur devoir, il nous appartient maintenant d\u2019assumer nos responsabilit\u00e9s.<\/p>\n<p>On \u00e9value le niveau d\u2019un pays d\u00e9mocratique \u00e0 sa possibilit\u00e9 d\u2019\u00eatre \u00e0 la hauteur d\u2019une grave crise, \u00e9lections ou pas. Nous croyons que la Belgique saura arr\u00eater le sinistre d\u00e9compte. C\u2019est une question de justice, de droit et de dignit\u00e9 humaine. Sauver des innocents, c\u2019est briser le cercle de la violence dont ils sont otages. Nous appelons donc d\u2019urgence notre gouvernement \u00e0 rapatrier les enfants belges. Ne pas les sauver ni en prendre soin rel\u00e8ve de la non-assistance \u00e0 personne en danger et du d\u00e9ni des droits les plus \u00e9l\u00e9mentaires.<\/p>\n<p>#Ramenezles #Brengzeterug #BringthemtoEU<\/p>\n<p>Gerrit Loots &#8211; Vrije Universiteit Brussel Marianne VL Koplewicz &#8211; \u00c9ditions du Souffle Marijke Van Buggenhout &#8211; Vrije Universiteit Brussel Martin Vander Elst &#8211; Laboratoire d&rsquo;anthropologie prospective Nadia Fadil &#8211; IMMRC &#8211; KU Leuven Serge Gutwirth &#8211; Professeur \u00e0 la VUB Els Dumortier &#8211; Vrije Universiteit Brussel Tom Lanoye &#8211; Schrijver Rachida Lamrabet &#8211; Schrijfster en juriste De Meyere Marc &#8211; Prof. emeritus University Gent Belgium Cartuyvels Yves &#8211; USL-B Adriana Moreno Cely &#8211; Vrije Universiteit Brussel Aicha bacha &#8211; Icib Albert martens &#8211; KU Leuven Amal Miri &#8211; Universiteit Gent Amandine Van Neste &#8211; ULB An Nuytiens &#8211; Vrije Universiteit Brussel Andrew Crosby &#8211; GERME-ULB Anke Verbeke &#8211; Vrije Universiteit Brussel Ann Cassiman &#8211; KULeuven Anne Winter &#8211; Vrije Universiteit Brussel Anneke Evenepoel &#8211; Assistent vakgroep criminologie Ariane d&rsquo;Hoop &#8211; Universiteit van Amsterdam , Universit\u00e9 Saint-Louis Azar Dakwar &#8211; PhD Candidate, Brussels School of International Studies, University of Kent Bart Lambert &#8211; VUB Bernard Laurent &#8211; Doctorant en philosophie \u00e0 l&rsquo;Ucl BRION Fabienne &#8211; Facult\u00e9 de droit, Universit\u00e9 Catholique de Louvain Brunilda Pali &#8211; Leuven Institute of Criminology Canigia Mestdagh &#8211; VUB Chlo\u00eb Delcour &#8211; Universiteit Gent David Marc &#8211; Universiteit Antwerpen De Ley, Herman &#8211; Universiteit Gent (prof. em.) De Meyere Marc &#8211; prof emeritus University Gent Belgium Debaise Didier &#8211; Universit\u00e9 Libre de Bruxelles Daniel de Beer de Laer &#8211; Les copains d&rsquo;abord, et un monde digne m&rsquo;importe Deleixhe Martin &#8211; Universit\u00e9 Saint-Louis Bruxelles Deruette Serge &#8211; Universit\u00e9 de Mons Diete Humblet &#8211; Vrije Universiteit Brussel Dieter Bruneel &#8211; Universiteit Gent Dirk Stroobandt &#8211; UGent Dorien Wuyts &#8211; University Colleges Leuven Limburg DRATWA Jim &#8211; VUB DUEZ Colette &#8211; Universit\u00e9 de Li\u00e8ge Duhant Valentine &#8211; GERME \/ ULB Eddy Maes &#8211; School zonder Racisme Elisabeth Enhus &#8211; Vrije Universiteit Brussel, vakgroep criminologie Ellen Van Damme &#8211; Leuven Institute of Criminology Elli Gilbert &#8211; KU Leuven Eric Corijn &#8211; Hoogleraar VUB Estelle Hanard &#8211; VUB Esther Jehaes &#8211; Vrije Universiteit Brussel Eva Geurs &#8211; Onderwijsco\u00f6rdinator faculteit RC Eva Willems &#8211; Ugent Fien De Block &#8211; Doctoraatsonderzoeker Universiteit Gent Frans Daems &#8211; Universiteit Antwerpen Gerrit Loots &#8211; Vrije Universiteit Brussel Griet Vermeesch &#8211; Vrije Universiteit Brussel Guillain Christine &#8211; Universit\u00e9 Saint-Louis Bruxelles Hanne Cottyn &#8211; Universiteit Gent Heidi Deneweth &#8211; Vrije Universiteit Brussel HEIL Tilmann &#8211; KU Leuven Ibe Coeck &#8211; LINC Iman Lechkar &#8211; VUB Jacot-Descombes Marie-Th\u00e9r\u00e8se &#8211; Geco ULB Jan Dumolyn &#8211; Hoofddocent UGent Janvier Antoine &#8211; Enseignant et chercheur en philosophie \u00e0 l&rsquo;Universit\u00e9 de Li\u00e8ge Jasmien Bougrine &#8211; Vrije Universiteit Brussel Jef Peeters &#8211; KU Leuven Jenneke Christiaens &#8211; Vrije Universiteit Brussel Julie Bouckaert &#8211; Centre National de la Recherche Scientifique Kaat Cappelle &#8211; PhD candidate, VUB Karel Arnaut &#8211; KU Leuven Koenraad Bogaert &#8211; Universiteit Gent KOLLY Maryam &#8211; Universit\u00e9 Saint Louis Bruxelles Kris Vanspauwen &#8211; KU Leuven Kristel Beyens &#8211; Vrije Universiteit Brussel Laura Deruytter &#8211; Vrije Universiteit Brussel Laura Nys &#8211; UGent &amp; VUB Liesbet De Backer &#8211; Vrije Universiteit Brussel Lisa Waeytens &#8211; Universiteit Gent Lonne CLaes &#8211; Student VUB Lore Janssens &#8211; KU Leuven Lucas Melga\u00e7o &#8211; Vrije Universiteit Brussel Maarten Geeroms &#8211; Universiteit Gent, Vakgroep Letterkunde Ma\u00eft\u00e9 Maskens &#8211; Universit\u00e9 Libre de Bruxelles Margo De Koster &#8211; VUB &#8211; Universiteit Gent Maria Puig de la Bellacasa &#8211; Professeure Associee Marianne VL Koplewicz &#8211; \u00c9ditions du Souffle Marie Vella &#8211; ULB Marie-Gabrielle Verbergt &#8211; Universiteit Gent Marijke Roosen &#8211; UCLL + VUB Marijke Van Buggenhout &#8211; Vrije Universiteit Brussel Marion van San &#8211; Erasmus Universiteit Rotterdam Marjolein Schepers &#8211; Vrije Universiteit Brussel Mathias De Meyer &#8211; ULB Mattias De Backer &#8211; KU Leuven en Universit\u00e9 de Li\u00e8ge Maxime Stroobant &#8211; Vrije Universiteit Brussel May Xavier &#8211; chercheur ULB Meurice Francine &#8211; CGSP Miryam Rivera Holguin &#8211; KU Leuven Mormont Marc &#8211; Uliege Nadia Fadil &#8211; IMMRC &#8211; KU Leuven Namenwirth Evelyne &#8211; De mens nu Nick Van den Broeck &#8211; VUB and UGhent Omar Jabary Salamanca &#8211; Ghent University Petra De Sutter &#8211; UGent Pia Struyf &#8211; Vrije Universiteit Brussel Pieter Debognies &#8211; VUB-Sport in Society Pieter Maeseele &#8211; Universiteit Antwerpen Haubourdin Yves &#8211; ACTIRIS Pieter Present &#8211; Vrije Universiteit Brussel Piolat P. J\u00e9r\u00e9mie &#8211; LAAP, UCL Prignot nicolas &#8211; Professeur Prignot Nicolas &#8211; Professeur de philosophie Rachel Simoni &#8211; Universit\u00e9 Libre de Bruxelles Remacle Coline &#8211; Criminologue Roland Elsa &#8211; ULB Rosamunde van brakel &#8211; VUB Saey Pieter &#8211; Universiteit Gent Sami Zemni &#8211; Universiteit Gent Samira Azabar &#8211; UA Sarah Bracke &#8211; Universiteit van Amsterdam Schomblond Christiane &#8211; BACBI Serge Gutwirth &#8211; Professeur \u00e0 la VUB Silke Jamin\u00e9 &#8211; KU Leuven \/ IMMRC Simons Fabienne &#8211; Commission de Surveillance des prisons de Forest\/Berkendael Sofie De Kimpe &#8211; Prof.dr. Sohdju, Katrin &#8211; ESHS, Universit\u00e9 de Mons Sonja Snacken &#8211; Vrije Universiteit Brussel Sophie Withaeckx &#8211; Vrije Universiteit Brussel Stefaan Pleysier &#8211; KU Leuven Stengers Isabelle &#8211; Professeure de l&rsquo;Universit\u00e9 Libre de Bruxelles Szyper Mich\u00e8le &#8211; Femme m\u00e9decin Tamar Cachet &#8211; Universiteit Gent Thomas Barrier &#8211; ULB Tine Desmet &#8211; VUB Tobit Vandamme &#8211; UGent Tom Bauwens &#8211; Vrije Universiteit Brussel Vander Elst Martin &#8211; Laboratoire d&rsquo;anthropologie prospective Vermylen Aurore &#8211; UCL LAAP (boursi\u00e8re FRESH &#8211; F.R.S.-FNRS) Victor Ginsburgh &#8211; Universit\u00e9 libre de Bruxelles Vincent Umbrain &#8211; UZB VUB Yana Demeyere &#8211; VUB Yana Jaspers &#8211; VUB Yava\u015f Onur &#8211; Ulb Zitouni Benedikte &#8211; Universit\u00e9 Saint-Louis Bruxelles Maria Puig de la Bellacasa &#8211; Associate Professor Warwick University Hannes Schaubroeck &#8211; Hulpverlener CAW Antwerpen Lieve De Waegeneer &#8211; Groen Kortrijk Lei Vierendeels &#8211; vzw Wheelchairity asbl Najade Schuermans &#8211; CAW Halle-Vilvoorde Marij Defieuw &#8211; 11.11.11 \/ Marke Lahcen Ennassiri &#8211; Federale Politie Helene De Vos &#8211; vzw De Huizen Benoit Dhondt &#8211; Antigone Advocaten\/ Ugent Najat Joundi &#8211; Najat Joundi Advocaat Kris De Koninck &#8211; Tonuso VZW Nele De Bast &#8211; ACTIRIS Frieda Verbist &#8211; Sp.a In\u00e8s Jadouille &#8211; ACTIRIS Stefan vandevorst &#8211; ACOD Onderwijs Flo mennes &#8211; D&rsquo;broej Roger-v.c. DE ZITTER &#8211; Liga voor Mensenrechten Charlotte Vyt &#8211; Unamur Wouter De Vriendt &#8211; Kamerlid Groen Francine De Loose &#8211; HV Kortrijk Mich\u00e8le Pieters &#8211; Gencoo vzw Hans Bonte &#8211; Sp.a Kati verstrepen &#8211; Liga voor Mensenrechten Sakina &#8211; Psychologisch Consulent Joost bonte &#8211; Straathoekwerker Tom Lanoye &#8211; Schrijver Sofie Ryckx &#8211; Kinderarts Mario Van Essche &#8211; Humanistisch Verbond Bre\u00ebs Gwena\u00ebl &#8211; Journaliste El Akel Najib &#8211; Directeur Centre Culturel de Schaerbeek Ellen Wattel\u00e9 &#8211; CAW Halle Vilvoorde Dana Tielemans &#8211; CAW Halle-Vilvoorde Xenia Walgraeve &#8211; CAW Halle Vilvoorde Atillah Samira &#8211; In eigen naam<\/p>\n<\/div>\n<div class=\"article-productionData-author--small\">\n<div>Voici une s\u00e9lection de la presse:<\/div>\n<div><\/div>\n<div><a id=\"m_7278990808179161197LPlnk133380\" href=\"https:\/\/www.lalibre.be\/debats\/opinions\/il-est-urgent-de-rapatrier-les-enfants-belges-de-syrie-5cd44e3ad8ad586a5a0a3bbf\" target=\"_blank\" rel=\"noopener noreferrer\" data-saferedirecturl=\"https:\/\/www.google.com\/url?q=https:\/\/www.lalibre.be\/debats\/opinions\/il-est-urgent-de-rapatrier-les-enfants-belges-de-syrie-5cd44e3ad8ad586a5a0a3bbf&amp;source=gmail&amp;ust=1557858535725000&amp;usg=AFQjCNEutZN1xkc81nnW4d3m2IqtPoadKQ\">https:\/\/www.lalibre.be\/debats\/<wbr><\/wbr>opinions\/il-est-urgent-de-<wbr><\/wbr>rapatrier-les-enfants-belges-<wbr><\/wbr>de-syrie-<wbr><\/wbr>5cd44e3ad8ad586a5a0a3bbf<\/a><\/div>\n<div><\/div>\n<div><a id=\"m_7278990808179161197LPNoLP542474\" href=\"https:\/\/www.demorgen.be\/meningen\/open-brief-pas-kinderrechtenverdrag-toe-haal-belgische-kinderen-nu-terug~bf1ef8cb\/\" target=\"_blank\" rel=\"noopener noreferrer\" data-saferedirecturl=\"https:\/\/www.google.com\/url?q=https:\/\/www.demorgen.be\/meningen\/open-brief-pas-kinderrechtenverdrag-toe-haal-belgische-kinderen-nu-terug~bf1ef8cb\/&amp;source=gmail&amp;ust=1557858535725000&amp;usg=AFQjCNHw24iiehdxCGbXlzcVGz-lB4tVPw\">https:\/\/www.demorgen.be\/<wbr><\/wbr>meningen\/open-brief-pas-<wbr><\/wbr>kinderrechtenverdrag-toe-haal-<wbr><\/wbr>belgische-kinderen-nu-terug~<wbr><\/wbr>bf1ef8cb\/<\/a><\/div>\n<div><\/div>\n<div><a id=\"m_7278990808179161197LPlnk511635\" href=\"https:\/\/www.demorgen.be\/nieuws\/haal-belgische-kinderen-nu-terug-uit-koerdische-kampen-150-academici-schrijven-open-brief~be4fd7ce\/\" target=\"_blank\" rel=\"noopener noreferrer\" data-saferedirecturl=\"https:\/\/www.google.com\/url?q=https:\/\/www.demorgen.be\/nieuws\/haal-belgische-kinderen-nu-terug-uit-koerdische-kampen-150-academici-schrijven-open-brief~be4fd7ce\/&amp;source=gmail&amp;ust=1557858535725000&amp;usg=AFQjCNFjP8PpjBeEk9F3nGHtyAak3En1lA\">https:\/\/www.demorgen.be\/<wbr><\/wbr>nieuws\/haal-belgische-<wbr><\/wbr>kinderen-nu-terug-uit-<wbr><\/wbr>koerdische-kampen-150-<wbr><\/wbr>academici-schrijven-open-<wbr><\/wbr>brief~be4fd7ce\/<\/a><\/div>\n<div><\/div>\n<div><a id=\"m_7278990808179161197LPNoLP566994\" href=\"https:\/\/www.demorgen.be\/meningen\/kinderen-van-is-leden-zijn-ook-slachtoffers-we-moeten-onze-menselijkheid-tonen~b15baf57\/\" target=\"_blank\" rel=\"noopener noreferrer\" data-saferedirecturl=\"https:\/\/www.google.com\/url?q=https:\/\/www.demorgen.be\/meningen\/kinderen-van-is-leden-zijn-ook-slachtoffers-we-moeten-onze-menselijkheid-tonen~b15baf57\/&amp;source=gmail&amp;ust=1557858535725000&amp;usg=AFQjCNHel4UYhk1uJIaSlDbC4vpKbVgpNg\">https:\/\/www.demorgen.be\/<wbr><\/wbr>meningen\/kinderen-van-is-<wbr><\/wbr>leden-zijn-ook-slachtoffers-<wbr><\/wbr>we-moeten-onze-menselijkheid-<wbr><\/wbr>tonen~b15baf57\/<\/a><\/div>\n<\/div>\n","protected":false},"excerpt":{"rendered":"<p>Un appel de Marijke Van Buggenhout, criminologue \u00e0 la VUB et Marianne VL Koplewicz pour les Editions du Souffle avec, entre autres, Gerrits Loots (VUB), Nadia Fadil (KUL), Serge Gutwirth (VUB), Isabelle Stengers (ULB), Fabienne Brion (UCL), Marc De Meyere (UGent), Colette Duez (ULG), David Jamar (UMons), Benedikte Zitouni (Saint-Louis), Andrew Crosby (ULB), Frans Daems &#8230; <a title=\"#Ramenezles #Brengzeterug #BringthemtoEU\" class=\"read-more\" href=\"https:\/\/bruxelles-pantheres.be\/?p=4173\" aria-label=\"En savoir plus sur #Ramenezles #Brengzeterug #BringthemtoEU\">Lire la suite<\/a><\/p>\n","protected":false},"author":1,"featured_media":4175,"comment_status":"open","ping_status":"open","sticky":false,"template":"","format":"standard","meta":{"footnotes":""},"categories":[21,36,18,28],"tags":[408,407,406,409],"class_list":["post-4173","post","type-post","status-publish","format-standard","has-post-thumbnail","hentry","category-anti-imperialisme","category-europe","category-resistance-bruxelles","category-racismes","tag-ain-issa","tag-al-hol","tag-al-roj","tag-syrie"],"_links":{"self":[{"href":"https:\/\/bruxelles-pantheres.be\/index.php?rest_route=\/wp\/v2\/posts\/4173","targetHints":{"allow":["GET"]}}],"collection":[{"href":"https:\/\/bruxelles-pantheres.be\/index.php?rest_route=\/wp\/v2\/posts"}],"about":[{"href":"https:\/\/bruxelles-pantheres.be\/index.php?rest_route=\/wp\/v2\/types\/post"}],"author":[{"embeddable":true,"href":"https:\/\/bruxelles-pantheres.be\/index.php?rest_route=\/wp\/v2\/users\/1"}],"replies":[{"embeddable":true,"href":"https:\/\/bruxelles-pantheres.be\/index.php?rest_route=%2Fwp%2Fv2%2Fcomments&post=4173"}],"version-history":[{"count":5,"href":"https:\/\/bruxelles-pantheres.be\/index.php?rest_route=\/wp\/v2\/posts\/4173\/revisions"}],"predecessor-version":[{"id":4180,"href":"https:\/\/bruxelles-pantheres.be\/index.php?rest_route=\/wp\/v2\/posts\/4173\/revisions\/4180"}],"wp:featuredmedia":[{"embeddable":true,"href":"https:\/\/bruxelles-pantheres.be\/index.php?rest_route=\/wp\/v2\/media\/4175"}],"wp:attachment":[{"href":"https:\/\/bruxelles-pantheres.be\/index.php?rest_route=%2Fwp%2Fv2%2Fmedia&parent=4173"}],"wp:term":[{"taxonomy":"category","embeddable":true,"href":"https:\/\/bruxelles-pantheres.be\/index.php?rest_route=%2Fwp%2Fv2%2Fcategories&post=4173"},{"taxonomy":"post_tag","embeddable":true,"href":"https:\/\/bruxelles-pantheres.be\/index.php?rest_route=%2Fwp%2Fv2%2Ftags&post=4173"}],"curies":[{"name":"wp","href":"https:\/\/api.w.org\/{rel}","templated":true}]}}