{"id":4181,"date":"2019-05-15T22:39:03","date_gmt":"2019-05-15T21:39:03","guid":{"rendered":"https:\/\/bruxelles-pantheres.be\/?p=4181"},"modified":"2019-05-15T22:50:37","modified_gmt":"2019-05-15T21:50:37","slug":"hommage-a-mawda-et-soutien-a-sa-famille","status":"publish","type":"post","link":"https:\/\/bruxelles-pantheres.be\/?p=4181","title":{"rendered":"Hommage \u00e0 Mawda et soutien \u00e0 sa famille."},"content":{"rendered":"<p>Le 17 mai 2018, Mawda, une petite fille de deux ans, a \u00e9t\u00e9 abattue par la police belge. Elle \u00e9tait dans un van avec ses parents kurdes et d&rsquo;autres r\u00e9fugi\u00e9s qui essayaient de franchir la fronti\u00e8re au Royaume-Uni.<\/p>\n<p>Le Comit\u00e9 Mawda vous invite \u00e0 rendre hommage \u00e0 Mawda mais \u00e9galement pour soutenir sa famille qui r\u00e9clame justice.<!--more--><\/p>\n<p><a href=\"https:\/\/bruxelles-pantheres.be\/wp-content\/uploads\/2019\/05\/60290168_290484801860537_6708731593432760320_o.jpg\"><img decoding=\"async\" class=\"alignnone size-full wp-image-4182\" src=\"https:\/\/bruxelles-pantheres.be\/wp-content\/uploads\/2019\/05\/60290168_290484801860537_6708731593432760320_o.jpg\" alt=\"\" width=\"1200\" height=\"675\" srcset=\"https:\/\/bruxelles-pantheres.be\/wp-content\/uploads\/2019\/05\/60290168_290484801860537_6708731593432760320_o.jpg 1200w, https:\/\/bruxelles-pantheres.be\/wp-content\/uploads\/2019\/05\/60290168_290484801860537_6708731593432760320_o-300x169.jpg 300w, https:\/\/bruxelles-pantheres.be\/wp-content\/uploads\/2019\/05\/60290168_290484801860537_6708731593432760320_o-1024x576.jpg 1024w, https:\/\/bruxelles-pantheres.be\/wp-content\/uploads\/2019\/05\/60290168_290484801860537_6708731593432760320_o-768x432.jpg 768w\" sizes=\"(max-width: 1200px) 100vw, 1200px\" \/><\/a>Le cimeti\u00e8re a toujours eu pour principale fonction celle du souvenir, le deuil ce n\u2019est pas l\u2019oubli. Bien au contraire, c\u2019est une p\u00e9riode de m\u00e9moire.<\/p>\n<p>Nous partageons ces mots chant\u00e9s en kurde par Gul\u00e7icek qui exprime la douleur et la tristesse caus\u00e9es par une politique d&rsquo;immigration inhumaine, et rend hommage aux victimes innocentes afin que nous ne les oublions pas. \u00a0\u00bb Mawda, tu es ma ch\u00e9rie, pure et innocente, mon amour, mon esprit, tu es ma Mawda, le monde est devenu plus \u00e9troit, il est aussi cruel que les loups, il mange les innocents, et personne ne vient nous aider, oh maudit Les temps.\u00a0\u00bb<\/p>\n<p>Rendez-vous 14h00 au cimeti\u00e8re multiconfessionnel d\u2019Evere afin de soutenir sa famille sereinement et dans le calme.<\/p>\n<p><strong>Vendredi 17 Mai \/ 14:00<\/strong><\/p>\n<h5 id=\"js_3\" class=\"_7tae _14f3 _14f5 _5pbw _5vra\" data-ft=\"{&quot;tn&quot;:&quot;C&quot;}\"><span class=\"fwn fcg\"><span class=\"fcg\"> \u00e9v\u00e9nement <a class=\"profileLink\" href=\"https:\/\/www.facebook.com\/events\/721829368235866\/?acontext=%7B%22source%22%3A108%2C%22action_history%22%3A%22%5B%7B%5C%22surface%5C%22%3A%5C%22post_page%5C%22%2C%5C%22mechanism%5C%22%3A%5C%22surface%5C%22%2C%5C%22extra_data%5C%22%3A%5B%5D%7D%5D%22%2C%22has_source%22%3Atrue%7D&amp;source=108&amp;action_history=%5B%7B%22surface%22%3A%22post_page%22%2C%22mechanism%22%3A%22surface%22%2C%22extra_data%22%3A%5B%5D%7D%5D&amp;has_source=1&amp;__tn__=%2CdC-R-R&amp;eid=ARCoANGF2a7aERgWi5PJjmWOgg7ZQmkOfdfOxhVZXTpbqV61LyhdZsiL53zRwwL6ts7NrdiqyQTOnX9Q&amp;hc_ref=ARROY-JRyqxF-_sm2Sj8cuyPkphZEbkLVt6EBFACRc6T3-URHawInfuiuKcZERYg63U\" data-hovercard=\"\/ajax\/hovercard\/event.php?id=721829368235866&amp;extragetparams=%7B%22source%22%3A108%2C%22action_history%22%3A%22%5B%7B%5C%22surface%5C%22%3A%5C%22post_page%5C%22%2C%5C%22mechanism%5C%22%3A%5C%22surface%5C%22%2C%5C%22extra_data%5C%22%3A%5B%5D%7D%5D%22%2C%22has_source%22%3Atrue%2C%22__tn__%22%3A%22%2CdC-R-R%22%2C%22eid%22%3A%22ARCoANGF2a7aERgWi5PJjmWOgg7ZQmkOfdfOxhVZXTpbqV61LyhdZsiL53zRwwL6ts7NrdiqyQTOnX9Q%22%2C%22hc_ref%22%3A%22ARROY-JRyqxF-_sm2Sj8cuyPkphZEbkLVt6EBFACRc6T3-URHawInfuiuKcZERYg63U%22%2C%22directed_target_id%22%3A721829368235866%7D\" data-hovercard-prefer-more-content-show=\"1\" data-hovercard-referer=\"ARROY-JRyqxF-_sm2Sj8cuyPkphZEbkLVt6EBFACRc6T3-URHawInfuiuKcZERYg63U\">Hommage \u00e0 Mawda et soutien \u00e0 sa famille.<\/a><\/span><\/span><\/h5>\n<table class=\"uiGrid _51mz uiOverlayFooterGrid\" cellspacing=\"0\" cellpadding=\"0\">\n<tbody>\n<tr class=\"_51mx\">\n<td class=\"_51m- prs uiOverlayFooterMessage\"><a class=\"_42ft _4jy0 layerButton uiOverlayButton _4jy3 _4jy1 selected _51sy\" role=\"button\" href=\"http:\/\/share.here.com\/r\/mylocation\/e-eyJuYW1lIjoiQmVncmFhZnBsYWF0cyBFdmVyZSBcLyBDaW1ldGlcdTAwZThyZSBkJ0V2ZXJlIiwiYWRkcmVzcyI6IjExNDAgRXZlcmUiLCJsYXRpdHVkZSI6NTAuODcwNzU4MDkxODI3LCJsb25naXR1ZGUiOjQuNDIwMDAxNTA2ODA1NCwicHJvdmlkZXJOYW1lIjoiZmFjZWJvb2siLCJwcm92aWRlcklkIjoyMDk2MjI5NzY2Mjc0NzJ9?link=directions&amp;fb_locale=fr_FR&amp;ref=facebook&amp;fbclid=IwAR3Cic-INLxeOqw_0gvWGauxthjXxm1bpb1RTd-mO9hww7WRUFZZZV_N66A\" target=\"_blank\" rel=\"noopener nofollow noreferrer\" data-lynx-mode=\"asynclazy\" data-lynx-uri=\"https:\/\/l.facebook.com\/l.php?u=http%3A%2F%2Fshare.here.com%2Fr%2Fmylocation%2Fe-eyJuYW1lIjoiQmVncmFhZnBsYWF0cyBFdmVyZSBcLyBDaW1ldGlcdTAwZThyZSBkJ0V2ZXJlIiwiYWRkcmVzcyI6IjExNDAgRXZlcmUiLCJsYXRpdHVkZSI6NTAuODcwNzU4MDkxODI3LCJsb25naXR1ZGUiOjQuNDIwMDAxNTA2ODA1NCwicHJvdmlkZXJOYW1lIjoiZmFjZWJvb2siLCJwcm92aWRlcklkIjoyMDk2MjI5NzY2Mjc0NzJ9%3Flink%3Ddirections%26fb_locale%3Dfr_FR%26ref%3Dfacebook%26fbclid%3DIwAR3Cic-INLxeOqw_0gvWGauxthjXxm1bpb1RTd-mO9hww7WRUFZZZV_N66A&amp;h=AT0K5Ax3OQfCTOP_68ZUXIRGbL7reWsULGAEhmi-_3fBFWnsFrWjnejTDwbZlwmtLLPPIFDJEpaPDqYGKGnZIyPvFcY1yg6rEtPEIEg6-N5UjoIImxe54E_NlZBnFBRw38KW-VmTh3pPGuN7jzxy\">Itin\u00e9raire<\/a><\/td>\n<td class=\"_51m- uiOverlayFooterButtons _51mw\"><span class=\"LrzXr\">Rue d&rsquo;Evere 4, 1140 Evere<\/span><\/td>\n<\/tr>\n<\/tbody>\n<\/table>\n<div id=\"title_subtitle\" class=\"clearfix _7wy\">\n<div class=\"_42ef\">\n<div class=\"_5gmw\">\n<div class=\"_5gnb\">\n<div class=\"_b9-\">\n<div data-testid=\"event_permalink_feature_line\">\u00b7 Organis\u00e9 par <a href=\"https:\/\/www.facebook.com\/mawda.comite.9?eid=ARBJKdCxK1_V8iN7gEaoGZ5NSF4WNZfFWxozaZb7x_tIW1LOmAWmBo0rU7UytlrfThHbl0Oir97_trzG\" data-hovercard=\"\/ajax\/hovercard\/user.php?id=100026970581954&amp;extragetparams=%7B%22eid%22%3A%22ARBJKdCxK1_V8iN7gEaoGZ5NSF4WNZfFWxozaZb7x_tIW1LOmAWmBo0rU7UytlrfThHbl0Oir97_trzG%22%7D\" data-hovercard-position=\"below\">Comit\u00e9 Mawda Justice-V\u00e9rit\u00e9<\/a><\/div>\n<div data-testid=\"event_permalink_feature_line\"><\/div>\n<div data-testid=\"event_permalink_feature_line\">\n<h4 id=\"seo_h1_tag\" class=\"_5gmx\" style=\"text-align: center;\" data-testid=\"event-permalink-event-name\">Mawda, un an apr\u00e8s : on n&rsquo;oublie pas, on ne pardonne pas !<\/h4>\n<p><strong>Samedi 18 Mai \/ 14:00\u00e0 19:00<\/strong><\/p>\n<p><span id=\"u_jsonp_9_h\" class=\"_5xhk\">Place L\u00e9opold, 7000 Mons, Belgique<\/span><\/p>\n<h5 id=\"js_5\" class=\"_7tae _14f3 _14f5 _5pbw _5vra\" data-ft=\"{&quot;tn&quot;:&quot;C&quot;}\"><span class=\"fwn fcg\"><span class=\"fwb fcg\" data-ft=\"{&quot;tn&quot;:&quot;;&quot;}\"><span class=\"accessible_elem\">\u00a0<\/span><a class=\"_wpv\" href=\"https:\/\/www.facebook.com\/events\/2338077229764704\/?acontext=%7B%22source%22%3A108%2C%22action_history%22%3A%22%5B%7B%5C%22surface%5C%22%3A%5C%22post_page%5C%22%2C%5C%22mechanism%5C%22%3A%5C%22surface%5C%22%2C%5C%22extra_data%5C%22%3A%5B%5D%7D%5D%22%2C%22has_source%22%3Atrue%7D&amp;source=108&amp;action_history=%5B%7B%22surface%22%3A%22post_page%22%2C%22mechanism%22%3A%22surface%22%2C%22extra_data%22%3A%5B%5D%7D%5D&amp;has_source=1&amp;__tn__=%2CdC-R-R&amp;eid=ARCOXU3b1hwKIjC71ENbI_Zpr8kzOHGYRZzCjLgUnD4zQEVYGVqeXuBvMFNWlkShXFnTYqvcunjniKSt&amp;fref=nf\" data-hovercard=\"\/ajax\/hovercard\/event.php?id=2338077229764704&amp;extragetparams=%7B%22source%22%3A108%2C%22action_history%22%3A%22%5B%7B%5C%22surface%5C%22%3A%5C%22post_page%5C%22%2C%5C%22mechanism%5C%22%3A%5C%22surface%5C%22%2C%5C%22extra_data%5C%22%3A%5B%5D%7D%5D%22%2C%22has_source%22%3Atrue%2C%22__tn__%22%3A%22%2CdC-R-R%22%2C%22eid%22%3A%22ARCOXU3b1hwKIjC71ENbI_Zpr8kzOHGYRZzCjLgUnD4zQEVYGVqeXuBvMFNWlkShXFnTYqvcunjniKSt%22%2C%22fref%22%3A%22nf%22%7D\" data-hovercard-prefer-more-content-show=\"1\">Mawda, un an apr\u00e8s : on n&rsquo;oublie pas, on ne pardonne pas !<\/a><\/span><\/span><\/h5>\n<p>Manifestation \u00ab\u00a0Mawda : une enfant tu\u00e9e, la v\u00e9rit\u00e9 escamot\u00e9e\u00a0\u00bb \u00e0 l&rsquo;initiative du Groupe Montois de soutien aux Sans-papiers et du Comit\u00e9 Mawda &#8211; V\u00e9rit\u00e9 et Justice.<\/p>\n<p><strong>Attention : un d\u00e9part est organis\u00e9 par le Comit\u00e9 Mawda depuis Bruxelles : gare du midi. Rdv \u00e0 12H15 (d\u00e9part du train pour Mons \u00e0 12H45, arriv\u00e9e 13H44), place Victor Horta, face \u00e0 l&rsquo;entr\u00e9e de la gare.<\/strong><\/p>\n<p>Il y a bient\u00f4t un an, le 17 mai 2018, Mawda, une jeune enfant kurde de moins de deux ans est tu\u00e9e sur le parking d&rsquo;autoroute de Nimy-Maisi\u00e8re, au terme d&rsquo;une poursuite men\u00e9e par la police. D&#8217;embl\u00e9e la police, le parquet, le gouvernement diffusent des informations mensong\u00e8res. A ce jour le policier responsable des faits n&rsquo;a toujours pas \u00e9t\u00e9 inculp\u00e9. Malgr\u00e9 les diff\u00e9rentes interpellations du Comit\u00e9 Mawda, aucun parti politique n&rsquo;est en mesure \u00e0 ce jour de relayer les demandes de mise en place d&rsquo;une commission parlementaire afin que les responsabilit\u00e9s politiques qui ont conduit \u00e0 la mort de la petite Mawda fassent l&rsquo;objet d&rsquo;une interrogation en profondeur. Faute de volont\u00e9 politique le rapport du comit\u00e9 P ne concerne que les probl\u00e8mes de communication qui pr\u00e9c\u00e8dent le meurtre. L&rsquo;affaire elle-m\u00eame est saucissonn\u00e9e entre plusieurs instances judiciaires, emp\u00eachant ainsi que la cha\u00eene de commandements et donc de responsabilit\u00e9s soit interrog\u00e9e.<\/p>\n<p>L&rsquo;affaire Mawda constitue clairement un point de rupture par rapport aux politiques de guerre aux migrants. Sans la pression d&rsquo;une mobilisation citoyenne importante, sur le lieu m\u00eame de l&rsquo;instruction et du meurtre, \u00e0 Mons, un an apr\u00e8s, il y a de grandes chances, comme c&rsquo;est souvent le cas dans ce genre de crime policier, que l&rsquo;instruction se dirige vers un non lieu. M\u00eame si l&rsquo;acte criminel du policier ne peut rester impuni, il s&rsquo;agit surtout d&rsquo;instruire ce qui est devenu un crime d&rsquo;Etat. A travers la manifestation de la justice et de la v\u00e9rit\u00e9 pour la petite Mawda, il s&rsquo;agit de mettre fin \u00e0 cette politique criminelle qui a arm\u00e9 le bras du policier. Soyons nombreuses et nombreux, ce samedi 18 mai \u00e0 Mons pour exiger que justice soit rendu \u00e0 la petite Mawda.<\/p>\n<p>Apportez avec vous des v\u00eatements pour petits enfants (de pr\u00e9f\u00e9rence de seconde main).<\/p>\n<p><span id=\"u_jsonp_9_h\" class=\"_5xhk\"><a href=\"https:\/\/bruxelles-pantheres.be\/wp-content\/uploads\/2019\/05\/59375903_282566275985723_2600468325381177344_n.jpg\"><img decoding=\"async\" class=\"size-full wp-image-4183 aligncenter\" src=\"https:\/\/bruxelles-pantheres.be\/wp-content\/uploads\/2019\/05\/59375903_282566275985723_2600468325381177344_n.jpg\" alt=\"\" width=\"720\" height=\"960\" srcset=\"https:\/\/bruxelles-pantheres.be\/wp-content\/uploads\/2019\/05\/59375903_282566275985723_2600468325381177344_n.jpg 720w, https:\/\/bruxelles-pantheres.be\/wp-content\/uploads\/2019\/05\/59375903_282566275985723_2600468325381177344_n-225x300.jpg 225w\" sizes=\"(max-width: 720px) 100vw, 720px\" \/><\/a><\/span><\/p>\n<header>\n<h4 class=\"article_title\">Un rassemblement pour Mawda pr\u00e9vu ce samedi \u00e0 Mons<\/h4>\n<h6 class=\"article-productionData\"><span class=\"article-productionData-author\">Gr\u00e9goire Lalieu<\/span> <span class=\"article-productionData-date\"> Publi\u00e9 le <time title=\"mercredi 15 mai 2019 \u00e0 16h00\" datetime=\"2019-05-15 16:00:00\"> mercredi 15 mai 2019 \u00e0 16h00 <\/time><time title=\"mercredi 15 mai 2019 \u00e0 18h12\" datetime=\"2019-05-15 18:12:14\"><\/time> <\/span><\/h6>\n<\/header>\n<div class=\"illustration-img\"><img decoding=\"async\" class=\"illustration-img_img is-loaded\" title=\"\u00a9 BELGA\" src=\"https:\/\/t2.ldh.be\/ydRDtdxw_UZDyf7JRmLg9NyI5vE=\/0x420:4491x2665\/940x470\/5cdbf6c87b50a60294dcf9ba.jpg\" alt=\"Illustration picture shows the funeral of Mawda Shawri, in Brussels, Wednesday 30 May 2018. Two-year old Mawda died in the night of May 16 and 17 during a police pursuit in Maizieres, near Mons. She was hit by a police bullet while she was in a van with illegal immigrants. A funeral procession is organised from the welcome center 'La Porte d'Ulysse' in Haren to the Schaerbeek Cemetery. BELGA PHOTO LAURIE DIEFFEMBACQ\" data-srcset=\"\n\n    {&quot;140&quot;:&quot;https:\/\/t2.ldh.be\/_12P9UiCZO6W1nNm1wU7P4P5zno=\/0x420:4491x2665\/140x70\/5cdbf6c87b50a60294dcf9ba.jpg&quot;,&quot;300&quot;:&quot;https:\/\/t2.ldh.be\/CiWSTh6EWoA_ST3z-LqqnCHU5gs=\/0x420:4491x2665\/300x150\/5cdbf6c87b50a60294dcf9ba.jpg&quot;,&quot;620&quot;:&quot;https:\/\/t2.ldh.be\/GFg8LiO14NNPs8xsqavP84w955k=\/0x420:4491x2665\/620x310\/5cdbf6c87b50a60294dcf9ba.jpg&quot;,&quot;940&quot;:&quot;https:\/\/t2.ldh.be\/ydRDtdxw_UZDyf7JRmLg9NyI5vE=\/0x420:4491x2665\/940x470\/5cdbf6c87b50a60294dcf9ba.jpg&quot;}\n\" data-src=\"https:\/\/t2.ldh.be\/ydRDtdxw_UZDyf7JRmLg9NyI5vE=\/0x420:4491x2665\/940x470\/5cdbf6c87b50a60294dcf9ba.jpg\" data-lzled=\"true\" \/><\/div>\n<div class=\"article-shareBox addthis_sharing_toolbox\" data-url=\"https:\/\/www.dhnet.be\/regions\/mons\/un-rassemblement-pour-mawda-prevu-ce-samedi-a-mons-5cdbf6c87b50a60294dcf9bb\" data-title=\"Un rassemblement pour Mawda pr\u00e9vu ce samedi \u00e0 Mons\" data-description=\"Les manifestants veulent rendre hommage \u00e0 la fillette disparue il y a un an et r\u00e9clament toute la v\u00e9rit\u00e9 sur le drame.\"><\/div>\n<div class=\"row\">\n<div class=\"col-md-8 block_item__double-md\">\n<div class=\"article\">\n<div id=\"article-text\" class=\"article-text\">\n<p><b>Les manifestants veulent rendre hommage \u00e0 la fillette disparue il y a un an et r\u00e9clament toute la v\u00e9rit\u00e9 sur le drame.<\/b><\/p>\n<p>Un rassemblement se tiendra le samedi 18 mai \u00e0 14 heures sur la place L\u00e9opold de Mons en hommage \u00e0 Mawda. Il y a un an, cette petite fillette kurde \u00e9tait tu\u00e9e sur le parking de l\u2019autoroute de Nimy-Maisi\u00e8re au terme d\u2019une course-poursuite avec la police.<\/p>\n<p>Un an plus tard, le Groupe montois de soutien aux sans-papiers et le Comit\u00e9 Mawda organisent donc une manifestation. Pour rendre hommage \u00e0 la fillette qui n\u2019avait pas encore deux ans lorsqu\u2019elle a perdu la vie. Mais aussi pour lancer un message aux autorit\u00e9s et porter des revendications, alors que l\u2019instruction est toujours en cours pour d\u00e9terminer les circonstances du drame.<\/p>\n<p>\u00ab\u00a0<i>Un an apr\u00e8s, l\u2019enqu\u00eate est toujours nulle part<\/i>\u00ab\u00a0, rel\u00e8ve Selma Benkhelifa, avocate des parents de Mawda. \u00ab\u00a0<i>Le policier qui a tir\u00e9 n\u2019a toujours pas \u00e9t\u00e9 inculp\u00e9. Pourtant, l\u2019inculpation, m\u00eame pour un homicide involontaire, c\u2019est la base. De plus, le dossier a \u00e9t\u00e9 scind\u00e9 en deux. Le volet homicide a \u00e9t\u00e9 confi\u00e9 au Parquet de Mons tandis que celui de Li\u00e8ge s\u2019occupe du trafic d\u2019\u00eatre humain. C\u2019est une mauvaise habitude en Belgique qui consiste \u00e0 saucissonner les dossiers. Malheureusement, \u00e7a ne facilite pas une vue claire et g\u00e9n\u00e9rale des responsabilit\u00e9s.\u00a0\u00bb<\/i><\/p>\n<p><i><\/i> <i>Or pour le comit\u00e9 de soutien, ces responsabilit\u00e9s ne s\u2019arr\u00eatent pas au seul policier. \u00ab\u00a0Il a commis une faute en sortant son arme et en tirant. Mais il faut aussi se demander dans quel \u00e9tat d\u2019esprit sont ces policiers qu\u2019on envoie chasser les migrants\u00a0\u00bb, poursuit Selma Benkhelifa. \u00ab\u00a0Je rappelle que tout \u00e7a s\u2019inscrit dans une op\u00e9ration M\u00e9dusa, dont le nom a volontairement \u00e9t\u00e9 choisi pour la peur qu\u2019inspire le personnage de la M\u00e9duse. Et lors d\u2019une question parlementaire, le ministre de l\u2019Int\u00e9rieur, Pieter De Crem, a affirm\u00e9 qu\u2019il ne remettrait pas en cause cette op\u00e9ration malgr\u00e9 les dysfonctionnements. Il fallait au contraire l\u2019intensifier.\u00a0\u00bb<\/i><\/p>\n<p><i>P our les organisateurs de la manifestation de samedi, le d\u00e9c\u00e8s de Mawda d\u00e9passe le fait divers. Il renvoie aussi \u00e0 des probl\u00e8mes plus larges, li\u00e9s \u00e0 la politique d\u2019asile men\u00e9e en Belgique. Alors que le Parquet se charge de l\u2019aspect p\u00e9nal, le comit\u00e9 de soutien r\u00e9clame donc une commission d\u2019enqu\u00eate parlementaire pour faire la lumi\u00e8re sur le contexte politique du drame. \u00ab\u00a0Mais tr\u00e8s peu de partis se mouillent l\u00e0 dessus\u00a0\u00bb,<\/i> poursuit l\u2019avocate des parents.<i> \u00ab\u00a0Ce n\u2019est pas un sujet tr\u00e8s porteur, encore moins en pleine campagne \u00e9lectorale. Mais nous continuerons \u00e0 r\u00e9clamer cette commission.\u00a0\u00bb <\/i><\/p>\n<p>Ces revendications seront aussi port\u00e9es samedi \u00e0 Mons. Notons qu\u2019un d\u00e9part en train est pr\u00e9vu depuis Bruxelles, \u00e0 12h15, place Victor Horta.<\/p>\n<p><a href=\"https:\/\/www.dhnet.be\/regions\/mons\/un-rassemblement-pour-mawda-prevu-ce-samedi-a-mons-5cdbf6c87b50a60294dcf9bb\">Source<\/a><\/p>\n<\/div>\n<\/div>\n<\/div>\n<\/div>\n<\/div>\n<\/div>\n<\/div>\n<\/div>\n<\/div>\n<\/div>\n","protected":false},"excerpt":{"rendered":"<p>Le 17 mai 2018, Mawda, une petite fille de deux ans, a \u00e9t\u00e9 abattue par la police belge. Elle \u00e9tait dans un van avec ses parents kurdes et d&rsquo;autres r\u00e9fugi\u00e9s qui essayaient de franchir la fronti\u00e8re au Royaume-Uni. Le Comit\u00e9 Mawda vous invite \u00e0 rendre hommage \u00e0 Mawda mais \u00e9galement pour soutenir sa famille qui &#8230; <a title=\"Hommage \u00e0 Mawda et soutien \u00e0 sa famille.\" class=\"read-more\" href=\"https:\/\/bruxelles-pantheres.be\/?p=4181\" aria-label=\"En savoir plus sur Hommage \u00e0 Mawda et soutien \u00e0 sa famille.\">Lire la suite<\/a><\/p>\n","protected":false},"author":1,"featured_media":3729,"comment_status":"open","ping_status":"open","sticky":false,"template":"","format":"standard","meta":{"footnotes":""},"categories":[28,39,5],"tags":[346],"class_list":["post-4181","post","type-post","status-publish","format-standard","has-post-thumbnail","hentry","category-racismes","category-sans-papier","category-violence-policiere","tag-mawda"],"_links":{"self":[{"href":"https:\/\/bruxelles-pantheres.be\/index.php?rest_route=\/wp\/v2\/posts\/4181","targetHints":{"allow":["GET"]}}],"collection":[{"href":"https:\/\/bruxelles-pantheres.be\/index.php?rest_route=\/wp\/v2\/posts"}],"about":[{"href":"https:\/\/bruxelles-pantheres.be\/index.php?rest_route=\/wp\/v2\/types\/post"}],"author":[{"embeddable":true,"href":"https:\/\/bruxelles-pantheres.be\/index.php?rest_route=\/wp\/v2\/users\/1"}],"replies":[{"embeddable":true,"href":"https:\/\/bruxelles-pantheres.be\/index.php?rest_route=%2Fwp%2Fv2%2Fcomments&post=4181"}],"version-history":[{"count":3,"href":"https:\/\/bruxelles-pantheres.be\/index.php?rest_route=\/wp\/v2\/posts\/4181\/revisions"}],"predecessor-version":[{"id":4186,"href":"https:\/\/bruxelles-pantheres.be\/index.php?rest_route=\/wp\/v2\/posts\/4181\/revisions\/4186"}],"wp:featuredmedia":[{"embeddable":true,"href":"https:\/\/bruxelles-pantheres.be\/index.php?rest_route=\/wp\/v2\/media\/3729"}],"wp:attachment":[{"href":"https:\/\/bruxelles-pantheres.be\/index.php?rest_route=%2Fwp%2Fv2%2Fmedia&parent=4181"}],"wp:term":[{"taxonomy":"category","embeddable":true,"href":"https:\/\/bruxelles-pantheres.be\/index.php?rest_route=%2Fwp%2Fv2%2Fcategories&post=4181"},{"taxonomy":"post_tag","embeddable":true,"href":"https:\/\/bruxelles-pantheres.be\/index.php?rest_route=%2Fwp%2Fv2%2Ftags&post=4181"}],"curies":[{"name":"wp","href":"https:\/\/api.w.org\/{rel}","templated":true}]}}