{"id":4187,"date":"2019-05-18T01:23:21","date_gmt":"2019-05-18T00:23:21","guid":{"rendered":"https:\/\/bruxelles-pantheres.be\/?p=4187"},"modified":"2019-05-18T01:23:47","modified_gmt":"2019-05-18T00:23:47","slug":"mawda-un-an-deja","status":"publish","type":"post","link":"https:\/\/bruxelles-pantheres.be\/?p=4187","title":{"rendered":"Mawda, un an d\u00e9j\u00e0"},"content":{"rendered":"<p class=\"rmgDetail-intro\">Ce 17 mai, nous c\u00e9l\u00e9brons un bien triste anniversaire, celui de la mort de la petite Mawda. Une fillette kurde de deux ans tu\u00e9e par balle sur une autoroute belge. Une petite fille tu\u00e9e par un policier dans le cadre d&rsquo;une op\u00e9ration M\u00e9dusa de chasse aux migrants.<!--more--><\/p>\n<figure class=\"rmgDetail-image\"><img decoding=\"async\" class=\"u-sm-100vw aligncenter\" src=\"https:\/\/web.roularta.be\/if\/c_crop,w_999,h_666,x_0,y_0,g_center\/c_fit,w_620,h_413\/77a7319274cf7b87cf91b892015c9188.jpg\" \/><figcaption><\/figcaption><\/figure>\n<div class=\"rmgDetail-body article-body\" data-gtm-vis-recent-on-screen-6039843_102=\"220830\" data-gtm-vis-first-on-screen-6039843_102=\"220830\" data-gtm-vis-total-visible-time-6039843_102=\"100\" data-gtm-vis-has-fired-6039843_102=\"1\">\n<p>Le 17 mai 2018, il y a juste un an, une certaine id\u00e9e de la civilisation est morte aussi. Le projet de soci\u00e9t\u00e9 dans lequel les nations europ\u00e9ennes s&rsquo;engouffrent ne peut mener qu&rsquo;\u00e0 la fin de l&rsquo;id\u00e9e que nous nous faisions de l&rsquo;humanit\u00e9.<\/p>\n<div class=\"teads-inread sm-screen\">\n<div>\n<div id=\"teads0\" class=\"teads-player\"><\/div>\n<\/div>\n<\/div>\n<p>Cette id\u00e9e n\u00e9e \u00e0 la fin de la seconde guerre mondiale voulait que nous soyons tous membres de la famille humaine.<\/p>\n<p>Le pr\u00e9ambule de la D\u00e9claration Universelle des droits de l&rsquo;Homme commence par ces mots :<\/p>\n<p><em>Consid\u00e9rant que la reconnaissance de la dignit\u00e9 inh\u00e9rente \u00e0 tous les membres de la famille humaine et de leurs droits \u00e9gaux et inali\u00e9nables constitue le fondement de la libert\u00e9, de la justice et de la paix dans le monde.<\/em><\/p>\n<p><em>Consid\u00e9rant que la m\u00e9connaissance et le m\u00e9pris des droits de l&rsquo;homme ont conduit \u00e0 des actes de barbarie qui r\u00e9voltent la conscience de l&rsquo;humanit\u00e9 et que l&rsquo;av\u00e8nement d&rsquo;un monde o\u00f9 les \u00eatres humains seront libres de parler et de croire, lib\u00e9r\u00e9s de la terreur et de la mis\u00e8re, a \u00e9t\u00e9 proclam\u00e9 comme la plus haute aspiration de l&rsquo;homme.<\/em><\/p>\n<div class=\"rmgAd m-INPAGE m-empty\">\n<div id=\"INPAGE\"><\/div>\n<\/div>\n<p>Regardons notre soci\u00e9t\u00e9 avec honn\u00eatet\u00e9 et lucidit\u00e9 : nous sommes tr\u00e8s loin de cet id\u00e9al. Nous sommes en train de revenir \u00e0 la barbarie.<\/p>\n<p><strong>La mort de la petite Mawda doit constituer une rupture, un point de non-retour. Soit on arr\u00eate tout. On commence \u00e0 r\u00e9ellement r\u00e9fl\u00e9chir \u00e0 la question migratoire et \u00e0 l&rsquo;\u00e9galit\u00e9 des \u00eatres humains. On essaie vraiment de r\u00e9aliser leur lib\u00e9ration de la terreur et de la mis\u00e8re. Soit on continue. On laisse des milliers gens mourir en M\u00e9diterran\u00e9e. On autorise notre police \u00e0 tuer des migrants. Et les actes de barbarie vont se multiplier.<\/strong><\/p>\n<p>Ne nous y trompons pas, la barbarie n&rsquo;est pas le fait de barbares. Elle est le fait de Monsieur tout-le-monde. Elle se construit dans le silence de la majorit\u00e9 et avec l&rsquo;approbation de petits fonctionnaires z\u00e9l\u00e9s. Elle est faite d&rsquo;incitation \u00e0 la haine et d&rsquo;impunit\u00e9.<\/p>\n<p>L&rsquo;affaire Mawda n&rsquo;est pas un simple fait divers. C&rsquo;est une affaire d&rsquo;Etat. Elle est un crime d&rsquo;Etat et elle r\u00e9sume l&rsquo;\u00e9tat de notre soci\u00e9t\u00e9. Elle nous crie le d\u00e9litement de nos valeurs et l&rsquo;affreuse indiff\u00e9rence dans laquelle nous nous noyons. Elle d\u00e9montre un racisme institutionnel que nous n&rsquo;aurions pas cru possible.<\/p>\n<p>Elle est un crime d&rsquo;Etat parce que ce sont les politiques migratoires mises en place qui sont la cause de la mort de la petite fille. Ce sont les directives donn\u00e9es \u00e0 la police dans le cadre des op\u00e9rations M\u00e9dusa qui sont \u00e0 l&rsquo;origine du tir du policier.<\/p>\n<p>Elle est la manifestation du racisme d&rsquo;Etat \u00e0 son paroxysme parce que certaines morts sont d\u00e9sormais consid\u00e9r\u00e9es comme acceptables, regrettables certes, mais dommage collat\u00e9ral n\u00e9cessaire \u00e0 la politique migratoire men\u00e9e. C&rsquo;est ce qu&rsquo;Achille Mbembe appelle la n\u00e9cropolitique, en r\u00e9f\u00e9rence aux formes de pouvoir et de souverainet\u00e9 dont l&rsquo;une des principales caract\u00e9ristiques est de produire activement la mort \u00e0 grande \u00e9chelle.<\/p>\n<p>Encore aujourd&rsquo;hui, l&rsquo;Etat ne regrette rien. Pourtant l&rsquo;Etat est criminel dans toutes ses composantes.<\/p>\n<p>Le pouvoir ex\u00e9cutif continue sa chasse aux migrants sans remise en question.<\/p>\n<div id=\"customer-journey-placeholder\" class=\"pull-right\"><\/div>\n<p>Pour preuve, Pieter De Crem &#8211; qui a remplac\u00e9 le Ministre de l&rsquo;Int\u00e9rieur d\u00e9missionnaire- a r\u00e9pondu \u00e0 une question parlementaire sur la mort de la petite avec le m\u00eame cynisme que son pr\u00e9d\u00e9cesseur. Pas de regrets. Pas un mot de condol\u00e9ance. Pas une remise en question. Au contraire, le Ministre indique que les op\u00e9rations vont \u00eatre intensifi\u00e9es dans le but de lutter contre les \u00ab\u00a0nuisances dues \u00e0 la transmigration\u00a0\u00bb.<\/p>\n<p>Comment d\u00e9shumaniser les transmigrants plus qu&rsquo;en les consid\u00e9rant comme des nuisibles ?<\/p>\n<p>Au plus haut niveau de l&rsquo;Etat, on continue d&rsquo;utiliser les termes qui d\u00e9shumanisent et de donner les m\u00eames directives que celles qui ont conduit \u00e0 la mort de la petite. Rien n&rsquo;est mis en place pour \u00e9viter de nouveaux drames.<\/p>\n<p>Le pouvoir l\u00e9gislatif quant \u00e0 lui se d\u00e9robe. Aucun des parlementaires \u00e0 qui le comit\u00e9 V\u00e9rit\u00e9 et Justice pour Mawda s&rsquo;est adress\u00e9 n&rsquo;a accept\u00e9 la demande de mise en place d&rsquo;une commission d&rsquo;enqu\u00eate sur les responsabilit\u00e9s politiques du drame.<\/p>\n<p>Le Comit\u00e9 P minimise le drame en le qualifiant d&rsquo;incident de tir et n&rsquo;enqu\u00eate pas sur les directives pr\u00e9cises donn\u00e9es aux policiers de la route, lorsqu&rsquo;il leur est demand\u00e9 d&rsquo;arr\u00eater les migrants.<\/p>\n<p>Le pouvoir judiciaire enfin ferme les yeux sur les tentatives du Parquet de cacher la v\u00e9rit\u00e9. Rappelez-vous, le Parquet a donn\u00e9 au moins quatre versions diff\u00e9rentes pour expliquer la mort de Mawda. Il a d&rsquo;abord pr\u00e9tendu que la petite n&rsquo;\u00e9tait pas morte par balle et que les migrants eux-m\u00eames avaient frapp\u00e9 sa t\u00eate contre une vitre. L&rsquo;autopsie a bien \u00e9videmment \u00e9cart\u00e9 cette version abjecte. Le Parquet a ensuite parl\u00e9 d&rsquo;un \u00e9change de tirs, alors qu&rsquo;il n&rsquo;y a jamais eu qu&rsquo;une seule balle tir\u00e9e par un policier et qu&rsquo;aucun migrant n&rsquo;\u00e9tait arm\u00e9. Le Parquet a continu\u00e9 \u00e0 changer de version en inventant que les migrants s&rsquo;\u00e9taient servis de la petite comme bouclier humain, alors que le policier pr\u00e9tend qu&rsquo;il ignorait qu&rsquo;il y avait des enfants \u00e0 bord de la camionnette. Difficilement conciliable, il faut l&rsquo;admettre. Nous en sommes aujourd&rsquo;hui \u00e0 la quatri\u00e8me version. C&rsquo;est la faute du chauffeur de la camionnette qui a fait un dangereux \u00e9cart. Ce chauffeur qui avait \u00e9t\u00e9 arr\u00eat\u00e9 et rel\u00e2ch\u00e9 avec ordre de quitter le territoire le jour des faits.<\/p>\n<p>Et il n&rsquo;y a aucun magistrat pour s&rsquo;insurger devant un tel fatras de mensonges et d&rsquo;inepties.<\/p>\n<p>Le traitement de la mort de Mawda est tr\u00e8s r\u00e9v\u00e9lateur des dysfonctionnements de l&rsquo;Etat \u00e0 tous les niveaux.<\/p>\n<p>Seule la presse &#8211; le quatri\u00e8me pouvoir &#8211; pourrait tenter de faire surgir la v\u00e9rit\u00e9. Mais la grande majorit\u00e9 des m\u00e9dias a opt\u00e9 pour un traitement superficiel de l&rsquo;affaire. Seul le journaliste Michel Bouffioux a \u00e9t\u00e9 au fond des choses et son enqu\u00eate choque. Elle d\u00e9montre une vraie collusion pour organiser l&rsquo;impunit\u00e9 des diff\u00e9rents protagonistes.<\/p>\n<p>Si Mawda n&rsquo;est pas l&rsquo;\u00e9lectrochoc qu&rsquo;il nous faut pour exiger des changements radicaux, alors nous devons craindre le retour des actes de barbarie qui r\u00e9volteront les consciences des g\u00e9n\u00e9rations futures.<\/p>\n<p><strong>Comit\u00e9 Mawda* (Mons, Bruxelles, Li\u00e8ge, La Louvi\u00e8re)<\/strong><\/p>\n<p class=\"last-paragraph\">*Le comit\u00e9 Mawda est compos\u00e9, entre autre, du Groupe Montois de Soutien aux Sans-papiers, du Comit\u00e9 Justice et V\u00e9rit\u00e9 Bruxelles, du Collectif <span dir=\"ltr\"><span class=\"_3l3x\">Migrations Libres<\/span><\/span>, etc.<\/p>\n<p><a href=\"https:\/\/www.levif.be\/actualite\/belgique\/mawda-un-an-deja\/article-opinion-1139365.html?fbclid=IwAR3_7WrgGuW6VLmbUhpsLrTmv0xH_v6tD_DsrAvDHNUDBfkt6u9P3p-4DPA&amp;cookie_check=1558138240\">Source<\/a><\/p>\n<header>\n<h4 class=\"article_title\" style=\"text-align: center;\">Mawda\u00a0: une enfant tu\u00e9e, la v\u00e9rit\u00e9 escamot\u00e9e (r\u00e9action du procureur g\u00e9n\u00e9ral de Mons)<time title=\"vendredi 17 mai 2019 \u00e0 14h15\" datetime=\"2019-05-17 14:15:00\"><\/time><\/h4>\n<\/header>\n<div class=\"illustration-img\" style=\"text-align: center;\"><img decoding=\"async\" class=\"illustration-img_img is-loaded\" title=\"\u00a9 BELGA\" src=\"https:\/\/t2.llb.be\/Zb66278tn2P7QdPnFDdct89rlyY=\/0x41:918x500\/620x310\/5cdc2232d8ad586a5a14798d.jpg\" alt=\"\" data-srcset=\" {&quot;140&quot;:&quot;https:\/\/t2.llb.be\/ZjEpc19cKZxSY_7VDMfy9oOeHbU=\/0x41:918x500\/140x70\/5cdc2232d8ad586a5a14798d.jpg&quot;,&quot;300&quot;:&quot;https:\/\/t2.llb.be\/LPYCA5nHwTVgEpDQU5pG87hRefI=\/0x41:918x500\/300x150\/5cdc2232d8ad586a5a14798d.jpg&quot;,&quot;620&quot;:&quot;https:\/\/t2.llb.be\/Zb66278tn2P7QdPnFDdct89rlyY=\/0x41:918x500\/620x310\/5cdc2232d8ad586a5a14798d.jpg&quot;} \" data-src=\"https:\/\/t2.llb.be\/Zb66278tn2P7QdPnFDdct89rlyY=\/0x41:918x500\/620x310\/5cdc2232d8ad586a5a14798d.jpg\" data-lzled=\"true\" \/><\/div>\n<div class=\"article-shareBox addthis_sharing_toolbox\" data-url=\"https:\/\/www.lalibre.be\/debats\/opinions\/mawda-une-enfant-tuee-la-verite-escamotee-reaction-du-procureur-general-de-mons-5cdc1f1bd8ad586a5a147988\" data-title=\"Mawda\u00a0: une enfant tu\u00e9e, la v\u00e9rit\u00e9 escamot\u00e9e (r\u00e9action du procureur g\u00e9n\u00e9ral de Mons)\" data-description=\"Une opinion de Martin Vander Elst, doctorant en anthropologie \u00e0 l'UCLouvain. Cet appel est sign\u00e9 par plusieurs acteurs du monde universitaire (1). ...\"><\/div>\n<div class=\"row\">\n<div class=\"col-md-8 block_item__double-md\">\n<div class=\"article\">\n<div id=\"article-text\" class=\"article-text\">\n<p><b>Une opinion de Martin Vander Elst, doctorant en anthropologie \u00e0 l&rsquo;UCLouvain.<\/b><\/p>\n<p>&nbsp;<\/p>\n<p><b>Cet appel est sign\u00e9 par plusieurs acteurs du monde universitaire (1).<\/b><\/p>\n<p>Les r\u00e9seaux de soutien \u00ab\u00a0Mawda\u00a0\u00bb de Mons, de Li\u00e8ge et de Bruxelles appellent ce samedi 18 mai \u00e0 manifester \u00e0 Mons (manifestation \u00e0 l\u2019initiative du Groupe Montois de Soutien aux Sans-papiers : \u00ab\u00a0une enfant tu\u00e9e, la v\u00e9rit\u00e9 escamot\u00e9e\u00a0\u00bb), un an apr\u00e8s le d\u00e9c\u00e8s de la petite Mawda, pour une v\u00e9rit\u00e9 judiciaire. Nous appelons massivement \u00e0 rejoindre ce rendez-vous car aujourd\u2019hui nous sommes tr\u00e8s inquiets des conclusions que pourraient produire l\u2019instruction en cours. Le Monde universitaire s\u2019\u00e9tait fortement \u00e9mu au lendemain du meurtre de la petite Mawda. Les recteurs des diff\u00e9rentes universit\u00e9s du pays avaient pris une position forte face au climat migrophobe de plus en plus criminog\u00e8ne. De nombreuses conf\u00e9rences sont organis\u00e9es dans nos universit\u00e9s autour des cons\u00e9quences liberticides des politiques de fermet\u00e9 en mati\u00e8re d\u2019accueil des migrants. Nous sommes nombreux \u00e0 ne pas parvenir \u00e0 nous r\u00e9soudre \u00e0 vivre avec ce sentiment que nous vivons dans un pays o\u00f9 il serait acceptable de tuer des migrants. L\u2019affaire Mawda constitue un point de rupture avec les politiques migratoires actuelles. Nous attendons des forces politiques qui \u00e9mergeront des prochaines \u00e9lections un engagement plus s\u00e9rieux en faveur d\u2019une v\u00e9rit\u00e9 judiciaire dans l\u2019affaire Mawda.<\/p>\n<p><b>Des versions diff\u00e9rentes des faits<\/b><\/p>\n<p>Le 24 avril dernier, on apprenait par la presse flamande que le chauffeur pr\u00e9sum\u00e9 de la camionnette transportant Mawda avait \u00e9t\u00e9 transf\u00e9r\u00e9 en Belgique. D\u00e8s le mois de juillet 2018, le procureur du roi de Mons, Christian Henry, nous expliquait que le t\u00e9moignage de ce dernier pourrait permettre de cl\u00f4turer l\u2019enqu\u00eate. Depuis, le procureur g\u00e9n\u00e9ral de Mons, Ignacio de la Serna, voudrait pouvoir poursuivre le chauffeur comme responsable du meurtre de Mawda. Alors que le policier qui a tir\u00e9 n\u2019est toujours pas inculp\u00e9, le procureur g\u00e9n\u00e9ral confirmait le 24 avril 2019 sur les ondes de la RTBF son intention d\u2019inculper le chauffeur de la camionnette pour \u00ab\u00a0entrave m\u00e9chante \u00e0 la circulation\u00a0\u00bb avec circonstance aggravante du d\u00e9c\u00e8s de la petite Mawda mais aussi pour \u00ab\u00a0r\u00e9bellion arm\u00e9e\u00a0\u00bb, le v\u00e9hicule pouvant d\u2019apr\u00e8s lui \u00eatre consid\u00e9r\u00e9 comme une arme.<\/p>\n<p>Depuis le d\u00e9but de cette affaire, le parquet de Mons n\u2019a cess\u00e9 de communiquer des versions diff\u00e9rentes des faits en pr\u00e9tendant, \u00e0 chaque fois, qu\u2019il s\u2019agissait de la v\u00e9rit\u00e9 judiciaire. On a \u00e9t\u00e9 jusqu\u2019\u00e0 sugg\u00e9rer que Mawda avait \u00e9t\u00e9 tu\u00e9e par les migrants eux-m\u00eames. L\u2019enfant aurait servi de b\u00e9lier pour briser la vitre arri\u00e8re de la camionnette. Mawda serait alors d\u00e9c\u00e9d\u00e9e de ses blessures. Durant toute la journ\u00e9e du 17 mai 2018 le parquet de Mons communiqua avec force, via son magistrat de presse, Fr\u00e9d\u00e9ric Bariseau : \u00ab\u00a0<i>On peut d\u00e9j\u00e0 exclure une blessure par balle qui viendrait des policiers\u00a0\u00bb<\/i>.<\/p>\n<p>Ces diff\u00e9rentes versions peuvent appara\u00eetre absurdes aujourd\u2019hui mais elles avaient bien une raison \u00e0 nos yeux : pr\u00e9senter les migrants comme des monstres responsables des faits afin de blanchir le policier qui a tu\u00e9 Mawda. L\u2019inculpation du chauffeur comme auteur du meurtre de la petite Mawda est ici en totale continuit\u00e9 avec la strat\u00e9gie mise en place par le parquet de Mons d\u00e8s les premi\u00e8res heures. Dans un tel contexte d\u2019instruction, on comprend bien pourquoi le conducteur de la camionnette fait valoir son droit au silence.<\/p>\n<p><b>L\u00e9gitime d\u00e9fense ? <\/b><\/p>\n<p>Cette inculpation du chauffer pour \u00ab\u00a0r\u00e9bellion arm\u00e9e\u00a0\u00bb s\u2019appuie en r\u00e9alit\u00e9 sur ce qui est pour nous une fiction polici\u00e8re d\u00e9fendue par le procureur g\u00e9n\u00e9ral de Mons dont on saisit assez ais\u00e9ment qu\u2019elle a \u00e9t\u00e9 fabriqu\u00e9e pour d\u00e9montrer le caract\u00e8re involontaire de l\u2019homicide. En effet, cette fiction permet de dramatiser la course poursuite comme une suite d\u2019\u00e9v\u00e9nements de plus en plus dangereux ayant produit un stress ing\u00e9rable pour les policiers et donc rendu in\u00e9vitable le tire du policier. On n\u2019est pas loin de l\u2019hypoth\u00e8se d\u2019une forme de l\u00e9gitime d\u00e9fense.<\/p>\n<p>Voici en effet ce que d\u00e9clarait le procureur g\u00e9n\u00e9ral de Mons, Ingacio de la Serna : \u00ab\u00a0<i>L&rsquo;accident est arriv\u00e9 parce qu&rsquo;au moment o\u00f9 le policier a point\u00e9 son arme, le conducteur de la camionnette a tent\u00e9 de percuter la voiture de la police\u00a0\u00bb<\/i>. Pourtant, \u00e0 suivre l\u2019enqu\u00eate tr\u00e8s d\u00e9taill\u00e9e r\u00e9alis\u00e9e par Michel Bouffioux, journaliste pour Paris Match Belgique, il semble bien que cette fiction construite pour inculper le conducteur de la camionnette et jeter les bases du non-lieu pour le policier, fusionne deux \u00e9v\u00e9nements arriv\u00e9s \u00e0 des moments diff\u00e9rents de la poursuite. Il importe \u00e9galement de se rappeler que la camionnette \u00e9tait charg\u00e9e de migrants, ce qui fait qu\u2019\u00e0 pleine vitesse, le v\u00e9hicule ne d\u00e9passait pas les 90 Km\/h. C\u2019est donc sur cette base largement contredite (enqu\u00eate de Michel Bouffioux, rapport du comit\u00e9 P, etc.) que le procureur g\u00e9n\u00e9ral de Mons voudrait faire de l\u2019inculpation du chauffeur l\u2019acte final de cette fiction polici\u00e8re. \u00ab\u00a0L&rsquo;enqu\u00eate sur la fusillade est pratiquement boucl\u00e9e\u00a0\u00bb, a-t-il indiqu\u00e9 \u00e0 \u00ab\u00a0De Standaard\u00a0\u00bb.<\/p>\n<p>Or, \u00e0 travers les diff\u00e9rentes fictions polici\u00e8res pr\u00e9sent\u00e9es par le parquet de Mons, il devient de plus en plus clair que l\u2019enjeu est bien d\u2019inculper le conducteur afin de blanchir le policier tout en instruisant le caract\u00e8re involontaire du tir policier. Sur de telles bases, il semble impossible qu\u2019une quelconque reconstruction des \u00e9v\u00e9nements puisse apporter une v\u00e9rit\u00e9 judiciaire satisfaisante.<\/p>\n<p>La m\u00e9fiance est telle qu\u2019il n\u2019est m\u00eame pas certain que des devoirs d\u2019enqu\u00eate compl\u00e9mentaires suffiraient \u00e0 r\u00e9tablir un d\u00e9but de v\u00e9rit\u00e9 judiciaire dans cette affaire. Pour commencer \u00e0 instruire les responsabilit\u00e9s r\u00e9elles, il faudrait tenter de comprendre la cha\u00eene de commandements, c\u2019est-\u00e0-dire l\u2019ensemble des d\u00e9cisions prises lors de cette poursuite mais aussi le contexte g\u00e9n\u00e9ral de traque aux migrants (via le cadre op\u00e9rationnel gouvernemental \u00ab\u00a0M\u00e9dusa\u00a0\u00bb) qui ont conduit au fait qu\u2019un policier tire sur un enfant de moins de deux ans.<\/p>\n<p><b>L&rsquo;implication des forces de l&rsquo;ordre<\/b><\/p>\n<p>Les conf\u00e9rences de presse du parquet de Mons, la communication des ministres N-VA responsables (Francken, Jambon) mais aussi de Bart De Wever, comme celle r\u00e9cemment de Pieter De Crem ont directement et sans discontinuit\u00e9 l\u00e9gitim\u00e9 les prises de d\u00e9cision polici\u00e8res dans le cadre des op\u00e9rations M\u00e9dusa. La premi\u00e8re autopsie qui d\u00e9clare un \u00ab\u00a0traumatisme cr\u00e2nien\u00a0\u00bb raconte l\u2019histoire d\u2019un enfant tu\u00e9 par les migrants. Durant l\u2019instruction, les juges ont m\u00e9nag\u00e9 les forces de l\u2019ordre en minimisant leur implication. On a laiss\u00e9 faire ce qu\u2019il convient d\u2019appeler une \u00ab\u00a0coalition de fonctionnaires\u00a0\u00bb tout en accablant au contraire les parents de la petite Mawda, insistant syst\u00e9matiquement sur leurs \u00e9ventuelles responsabilit\u00e9s dans la mort de leur enfant.<\/p>\n<p>Le cabinet du secr\u00e9taire d\u2019Etat Theo Francken s\u2019est servi de l\u2019Office des \u00c9trangers pour rendre public des \u00e9l\u00e9ments du dossier d\u2019asile de la famille, divulguant ainsi des informations confidentielles, et ce afin de leur d\u00e9nier toute cr\u00e9dibilit\u00e9. M\u00eame les r\u00e9cits des t\u00e9moins ont \u00e9t\u00e9 faits dans l\u2019urgence, dans des conditions d\u2019enfermement en centres ferm\u00e9s et sous la pression d\u2019une expulsion puis d\u2019une lib\u00e9ration avec un ordre de quitter le territoire. Nous sommes donc tr\u00e8s inquiets de voir se r\u00e9p\u00e9ter une forme de protocole infernal qui se rejoue de crimes en violences polici\u00e8res et qui concourt \u00e0 un taux consid\u00e9rable d\u2019acquittement des policiers. Un \u00e9ventuel non-lieu \u00e0 l\u2019issue de l\u2019instruction pour homicide \u00e9quivaudrait \u00e0 un permis tacite de tuer des migrants d\u00e9livr\u00e9s \u00e0 la police par l\u2019interm\u00e9diaire du parquet de Mons dans le cadre des op\u00e9rations M\u00e9dusa. Ce que l\u2019instruction men\u00e9e par le parquet de Mons semble nous dire de notre soci\u00e9t\u00e9 c\u2019est que : \u00ab\u00a0<i>tuer un migrant, cela n\u2019est rien ; leurs vies n\u2019en sont pas vraiment\u00a0\u00bb<\/i>.<\/p>\n<p><u>(1) : Liste des signataires<\/u><\/p>\n<p>Isabelle Stengers, philosophe (ULB)<\/p>\n<p>Mateo Alaluf, professeur (ULB)<\/p>\n<p>Olivier Servais, professeur ordinaires (UCL)<\/p>\n<p>Pierre-Joseph Laurent, professeur ordinaire (UCL)<\/p>\n<p>Didier Debaise, Chercheur FNRS (ULB)<\/p>\n<p>Benedikte Zitouni, Prof. Sociologie (USLB)<\/p>\n<p>Alban de Kerchove d&rsquo;Exaerde, Directeur de Recherche, FRS-FNRS (ULB)<\/p>\n<p>Vincent Engel, professeur (UCL, IHECS)<\/p>\n<p>Fabienne Brion, professeur (UCL)<\/p>\n<p>Thomas Berns, professeur (ULB)<\/p>\n<p>Nadia Fadil, Professeur en anthropologue (KULeuven)<\/p>\n<p>Michel Gevers, Professeur \u00e9m\u00e9rite (UCL)<\/p>\n<p>Christine Guillain, Professeur de Droit (USLB)<\/p>\n<p>Matteo Gagliolo, professeur (ULB)<\/p>\n<p>Pascale Jamoulle, anthropologue, charg\u00e9e de cours (UCL et UMONS)<\/p>\n<p>Jacinthe Mazzocchetti, professeur (UCL)<\/p>\n<p>Sophie Klimis, Professeur de Philosophie (USLB)<\/p>\n<p>Gr\u00e9gory Cormann, professeur (Universit\u00e9 de Li\u00e8ge)<\/p>\n<p>Thomas Barrier, professeur (ULB)<\/p>\n<p>Farid El Asri, anthropologue (USL-B)<\/p>\n<p>Maryam Kolly, sociologue, (USLB)<\/p>\n<p>S\u00e9verine Lagneaux (UCLouvain)<\/p>\n<p>Leila Mouhib, chercheuse (ULB)<\/p>\n<p>Martin Deleixhe, chercheur universitaire (USL-B)<\/p>\n<p>Elsa Roland, chercheuse (ULB)<\/p>\n<p>V\u00e9ronique Clette-Gakuba, chercheuse (ULB)<\/p>\n<p>Lina Alvarez-Villarreal, Doctorante en philosophie (UCL)<\/p>\n<p>Andrew Crosby, chercheur en sociologie (GERME-ULB)<\/p>\n<p>Marie Deridder, charg\u00e9e de cours invit\u00e9 (UCL)<\/p>\n<p>Luis Mart\u00ednez Andrade, sociologue (UCL)<\/p>\n<p>Denis Pieret, ma\u00eetre de conf\u00e9rence (ULg)<\/p>\n<p>J\u00e9r\u00e9mie Piolat, anthropologue (UCL)<\/p>\n<p>Dileta Tatti, assistante (Saint-Louis)<\/p>\n<p>Martin Vander Elst, doctorant, LAAP\/UCL (FNRS)<\/p>\n<p>Julia Van Dessel, doctorante, GERME (ULB)<\/p>\n<p>Aurore Vermylen, doctorante (LAAP\/UCL)<\/p>\n<p>Youri Lou Vertongen, doctorant FNRS, Politologue (USLB)<\/p>\n<p>Justine Vleminckx, doctorant LAAP\/UCL (Fresh)<\/p>\n<header class=\"entry-header\">\n<h4 class=\"entry-title\" style=\"text-align: center;\">Elle avait deux ans, son assassin est un policier prot\u00e9g\u00e9\u2026<\/h4>\n<\/header>\n<div class=\"entry-meta entry-meta-header\">\n<ul>\n<li><span class=\"byline\"> par <span class=\"author vcard\"><a class=\"url fn n\" href=\"https:\/\/maximeazadi.com\/author\/maximeazadi\/\">MaximeAzadi<\/a><\/span><\/span><\/li>\n<\/ul>\n<\/div>\n<figure class=\"post-thumbnail-single\"><img decoding=\"async\" class=\"img-featured img-responsive wp-post-image alignleft\" src=\"https:\/\/maximeazadidotcom.files.wordpress.com\/2019\/05\/32db770c-5b33-11e8-ac99-f362706e997d.jpg?w=697&amp;h=465&amp;crop=1\" sizes=\"(max-width: 697px) 100vw, 697px\" srcset=\"https:\/\/maximeazadidotcom.files.wordpress.com\/2019\/05\/32db770c-5b33-11e8-ac99-f362706e997d.jpg 697w, https:\/\/maximeazadidotcom.files.wordpress.com\/2019\/05\/32db770c-5b33-11e8-ac99-f362706e997d.jpg?w=150&amp;h=100&amp;crop=1 150w, https:\/\/maximeazadidotcom.files.wordpress.com\/2019\/05\/32db770c-5b33-11e8-ac99-f362706e997d.jpg?w=300&amp;h=200&amp;crop=1 300w\" alt=\"\" width=\"697\" height=\"465\" data-attachment-id=\"504\" data-permalink=\"https:\/\/maximeazadi.com\/2019\/05\/17\/elle-avait-deux-ans-son-assassin-est-un-policier-protege\/32db770c-5b33-11e8-ac99-f362706e997d\/\" data-orig-file=\"https:\/\/maximeazadidotcom.files.wordpress.com\/2019\/05\/32db770c-5b33-11e8-ac99-f362706e997d.jpg\" data-orig-size=\"697,465\" data-comments-opened=\"1\" data-image-meta=\"{&quot;aperture&quot;:&quot;0&quot;,&quot;credit&quot;:&quot;&quot;,&quot;camera&quot;:&quot;&quot;,&quot;caption&quot;:&quot;&quot;,&quot;created_timestamp&quot;:&quot;0&quot;,&quot;copyright&quot;:&quot;&quot;,&quot;focal_length&quot;:&quot;0&quot;,&quot;iso&quot;:&quot;0&quot;,&quot;shutter_speed&quot;:&quot;0&quot;,&quot;title&quot;:&quot;&quot;,&quot;orientation&quot;:&quot;0&quot;}\" data-image-title=\"32db770c-5b33-11e8-ac99-f362706e997d\" data-image-description=\"\" data-medium-file=\"https:\/\/maximeazadidotcom.files.wordpress.com\/2019\/05\/32db770c-5b33-11e8-ac99-f362706e997d.jpg?w=300\" data-large-file=\"https:\/\/maximeazadidotcom.files.wordpress.com\/2019\/05\/32db770c-5b33-11e8-ac99-f362706e997d.jpg?w=697\" \/><\/figure>\n<div class=\"entry-content\">\n<p>&nbsp;<\/p>\n<p>Elle \u00e9tait petite. \u00c2g\u00e9e seulement de deux ans. Elle avait un petit corps. Ses mains, ses doigts, ses pieds, son c\u0153ur, ses poumons, ils\u00a0\u00e9taient tous petits. Elle s\u2019appelait Mawda, une petite fille kurde.<span id=\"more-503\"><\/span><\/p>\n<p>Malgr\u00e9 son \u00e2ge, la trag\u00e9die qu\u2019elle repr\u00e9sentait \u00e9tait immense. Une trag\u00e9die derri\u00e8re laquelle se cachaient l\u2019hypocrisie, la complicit\u00e9, l\u2019impunit\u00e9, la guerre, la violence, l\u2019immigration et la mis\u00e8re\u2026<\/p>\n<p>Elle \u00e9tait tr\u00e8s petite face \u00e0 une grande injustice.\u00a0 Un an apr\u00e8s, ses grands yeux nous hantent toujours en cherchant la paix et la justice. Le pouvoir politique, la justice, les m\u00e9dias, les citoyens\u2026 ils sont tous coupables. Certains ont donn\u00e9 l\u2019ordre, d\u2019autres l\u2019ont ex\u00e9cut\u00e9\u00a0; certains ont manipul\u00e9 les faits, d\u2019autres ont gard\u00e9 le silence.\u00a0 Et certains, malgr\u00e9 la v\u00e9rit\u00e9, refusent toujours de rendre la justice.<\/p>\n<p>&nbsp;<\/p>\n<p>Son histoire n\u2019a pas commenc\u00e9 en Belgique. L\u2019histoire de sa trag\u00e9die n\u2019\u00e9tait pas aussi br\u00e8ve que l\u2019instant o\u00f9 elle est morte. La trag\u00e9die qui l\u2019a jet\u00e9 \u00e0 des milliers de kilom\u00e8tres loin de sa terre natale n\u2019\u00e9tait pas aussi petite que la balle d\u2019un revolver. Cette trag\u00e9die n\u2019avait pas commenc\u00e9 avec elle. Sa mort n\u2019\u00e9tait pas non plus la fin de la trag\u00e9die, mais la petite Mawda et tant d\u2019autres enfants \u00e9taient les visages les plus innocents de cette histoire sans fin.<\/p>\n<p>C\u2019\u00e9tait au milieu d\u2019une nuit. Elle fuyait, avec des dizaines d\u2019autres personnes entass\u00e9es dans une camionnette.\u00a0 Il y a un an, une trentaine de personnes, majoritairement des Kurdes d\u2019Irak, montaient dans une camionnette en France, \u00e0 Dunkerque. Ils voulaient traverser la Belgique pour gagner l\u2019Angleterre, dans la nuit du 16 au 17 mai 2018. Jusqu\u2019\u00e0 l\u2019arriv\u00e9e des policiers, il n\u2019y avait aucun danger. Puis, une course-poursuite sur l\u2019E42 a commenc\u00e9. Une voiture de la police est arriv\u00e9e \u00e0 hauteur de la camionnette. Un policier a sorti son revolver et a tir\u00e9. Une personne est touch\u00e9e d\u2019une balle dans la t\u00eate. Elle \u00e9tait install\u00e9e avec ses parents derri\u00e8re le chauffeur au moment du tir. Ses yeux ne pouvaient plus s\u2019ouvrir grandement, ses petits doigts ne pouvaient plus bouger, son c\u0153ur ne battait plus, laissant derri\u00e8re elles ses beaux sourires fig\u00e9s sur des photos.<\/p>\n<p>\u00ab\u00a0Tr\u00e8s vite, il y a eu des probl\u00e8mes\u00a0\u00bb, dit Me Selma Benkhelifa, l\u2019avocate de la famille de la victime, d\u00e9non\u00e7ant les manipulations apr\u00e8s la mort de la petite fille kurde. \u00ab\u00a0Dans un premier temps, ils ont essay\u00e9 de dire que la petite n\u2019\u00e9tait pas morte par balle. Ils ont dit qu\u2019il s\u2019agissait d\u2019un traumatisme cr\u00e2nien comme si c\u2019\u00e9tait un accident de voiture. Apr\u00e8s que l\u2019autopsie ait montr\u00e9 qu\u2019elle \u00e9tait morte par balle, ils ont dit qu\u2019il y a eu un \u00e9change de tirs, alors que personne n\u2019\u00e9tait arm\u00e9 dans la camionnette, sauf les policiers. Normalement, ils ne peuvent pas tirer s\u2019ils ne sont pas menac\u00e9s. Ensuite, ils ont reconnu que le policier a tir\u00e9 sans qu\u2019il y ait un danger particulier. Ils ont essay\u00e9 de dire que la camionnette faisait des zigzags, mais ce n\u2019est pas une raison pour tirer.\u00a0\u00bb<\/p>\n<p>Un an apr\u00e8s, le policier qui a tu\u00e9 Mawda n\u2019est toujours pas inculp\u00e9. \u00ab\u00a0Pourtant on sait qui c\u2019est. Il a admis avoir tir\u00e9\u00a0\u00bb dit l\u2019avocate, esp\u00e9rant qu\u2019il y aura au moins un proc\u00e8s.<\/p>\n<p>Me Benkhelifa s\u2019interroge aussi sur la formation des policiers avant d\u2019\u00eatre envoy\u00e9s sur le terrain pour ce genre d\u2019op\u00e9rations, mais aussi sur le nom de l\u2019op\u00e9ration\u00a0: M\u00e9dusa, un monstre de la mythologie grecque.<\/p>\n<p>\u00ab\u00a0Ce sont des op\u00e9rations de chasse aux migrants\u00a0\u00bb d\u00e9nonce-t-elle, pour qui les migrants sont terroris\u00e9s par la police et il y a une responsabilit\u00e9 politique dans cette op\u00e9ration.<\/p>\n<p>\u00ab\u00a0Ils ont dit\u00a0; on a choisi le nom de M\u00e9dusa parce que l\u2019id\u00e9e est de terroriser les migrants. Et dans une op\u00e9ration pour terroriser les migrants et tuer une petite fille,\u00a0 il y a une responsabilit\u00e9 politique. Au-del\u00e0 du policier qui a fait un geste qu\u2019il ne devait jamais faire,\u00a0 qu\u2019est-ce qu\u2019on leur dit, quelle formation on leur donne\u00a0? Je ne sais pas comment on les forme. Mais, clairement, les gens qui \u00e9taient dans cette camionnette \u00e9taient des victimes. Ce sont des gens qui essayaient de s\u2019enfuir. Ce ne sont pas des criminels. M\u00eame s\u2019il s\u2019agit d\u2019un criminel qui s\u2019enfuit, on ne peut pas tirer dessus.\u00a0\u00bb<\/p>\n<p>L\u2019affaire Mawda a montr\u00e9 une fois de plus l\u2019impunit\u00e9 de la violence polici\u00e8re et des crimes commis par les autorit\u00e9s.<\/p>\n<p>\u00ab\u00a0Il est tr\u00e8s difficile de condamner ces actes\u00a0\u00bb, affirme l\u2019avocate des parents de Mawda.\u00a0 \u00ab\u00a0Il y a de l\u2019impunit\u00e9. Si c\u2019\u00e9tait n\u2019importe quelle autre personne qu\u2019un policier, qui avait tir\u00e9 et tu\u00e9 une petite fille, il y aurait certainement une condamnation.\u00a0\u00bb<\/p>\n<p>Elle questionne la logique et les d\u00e9cisions qui sont derri\u00e8re ces actes, \u00ab\u00a0mais ils ne sont pas du tout dans l\u2019id\u00e9e qu\u2019ils ont eue tord. Ils trouvent que l\u2019op\u00e9ration de Medusa est tr\u00e8s bien et qu\u2019il faut arr\u00eater les migrants. C\u2019est une politique qui est tr\u00e8s \u00e0 droite\u00a0\u00bb ajoute-t-elle.<\/p>\n<p>Quant aux m\u00e9dias, ils ont fait un peu du bruit au d\u00e9but, mais souvent dans la logique \u00e9tatique. Pour Me Benkhelifa, \u00ab\u00a0on n\u2019en parle pas \u00e9norm\u00e9ment.\u00a0\u00bb<\/p>\n<p>\u00ab\u00a0Les m\u00e9dias ont aussi jou\u00e9 un r\u00f4le dans la dissimulation de la v\u00e9rit\u00e9. \u00c0 un moment, la police a d\u00e9clar\u00e9 que la petite fille avait \u00e9t\u00e9 utilis\u00e9e comme bouclier humain par ses parents. Et tous les m\u00e9dias ont repris \u00e7a\u00a0\u00bb d\u00e9nonce-t-elle.<\/p>\n<p>Elle rappelle que la presse, en tant que contre-pouvoir, doit v\u00e9rifier la version officielle.<\/p>\n<p>En un an, il n\u2019y a pas eu de progr\u00e8s ni une discussion profonde sur les probl\u00e8mes qui ont conduit a la mort de la petite fille.\u00a0 \u00ab\u00a0Aucune restriction de l\u2019utilisation des armes. Il n\u2019y a pas eu de condamnation (de la part des dirigeants). La police de la police qui a men\u00e9 une enqu\u00eate parle d\u2019incident de tir. Mais un incident, c\u2019est un \u00e9v\u00e8nement secondaire qui n\u2019est pas tr\u00e8s important, alors que la mort d\u2019une petite fille n\u2019est pas un incident, mais un drame. Les mots sont importants.\u00a0\u00bb<\/p>\n<p>Outre l\u2019impunit\u00e9 polici\u00e8re, l\u2019affaire Mawda montre \u00e0 la fois la faiblesse de la justice et la responsabilit\u00e9 politique derri\u00e8re les injustices. Alors, o\u00f9 chercher la justice\u00a0?\u00a0 \u00ab\u00a0Il y a une pression des pouvoirs politiques sur la justice\u00a0\u00bb, dit l\u2019avocate des parents de Mawda, avant d\u2019attirer l\u2019attention sur le besoin de la pression d\u2019un contre-pouvoir sur la justice afin de trouver au moins un \u00e9quilibre.<\/p>\n<p><a href=\"https:\/\/maximeazadi.com\/2019\/05\/17\/elle-avait-deux-ans-son-assassin-est-un-policier-protege\/?fbclid=IwAR2nr1IlaZKorNFVrVuftfoUWQqpWv3fPPutwD_lxcxrwEKnCxXh-E5yjSI\"><em><strong>Maxime Azadi<\/strong><\/em><\/a><\/p>\n<\/div>\n<\/div>\n<\/div>\n<\/div>\n<\/div>\n<\/div>\n","protected":false},"excerpt":{"rendered":"<p>Ce 17 mai, nous c\u00e9l\u00e9brons un bien triste anniversaire, celui de la mort de la petite Mawda. Une fillette kurde de deux ans tu\u00e9e par balle sur une autoroute belge. Une petite fille tu\u00e9e par un policier dans le cadre d&rsquo;une op\u00e9ration M\u00e9dusa de chasse aux migrants.<\/p>\n","protected":false},"author":1,"featured_media":4030,"comment_status":"open","ping_status":"open","sticky":false,"template":"","format":"standard","meta":{"footnotes":""},"categories":[36,28,39,5],"tags":[346],"class_list":["post-4187","post","type-post","status-publish","format-standard","has-post-thumbnail","hentry","category-europe","category-racismes","category-sans-papier","category-violence-policiere","tag-mawda"],"_links":{"self":[{"href":"https:\/\/bruxelles-pantheres.be\/index.php?rest_route=\/wp\/v2\/posts\/4187","targetHints":{"allow":["GET"]}}],"collection":[{"href":"https:\/\/bruxelles-pantheres.be\/index.php?rest_route=\/wp\/v2\/posts"}],"about":[{"href":"https:\/\/bruxelles-pantheres.be\/index.php?rest_route=\/wp\/v2\/types\/post"}],"author":[{"embeddable":true,"href":"https:\/\/bruxelles-pantheres.be\/index.php?rest_route=\/wp\/v2\/users\/1"}],"replies":[{"embeddable":true,"href":"https:\/\/bruxelles-pantheres.be\/index.php?rest_route=%2Fwp%2Fv2%2Fcomments&post=4187"}],"version-history":[{"count":2,"href":"https:\/\/bruxelles-pantheres.be\/index.php?rest_route=\/wp\/v2\/posts\/4187\/revisions"}],"predecessor-version":[{"id":4189,"href":"https:\/\/bruxelles-pantheres.be\/index.php?rest_route=\/wp\/v2\/posts\/4187\/revisions\/4189"}],"wp:featuredmedia":[{"embeddable":true,"href":"https:\/\/bruxelles-pantheres.be\/index.php?rest_route=\/wp\/v2\/media\/4030"}],"wp:attachment":[{"href":"https:\/\/bruxelles-pantheres.be\/index.php?rest_route=%2Fwp%2Fv2%2Fmedia&parent=4187"}],"wp:term":[{"taxonomy":"category","embeddable":true,"href":"https:\/\/bruxelles-pantheres.be\/index.php?rest_route=%2Fwp%2Fv2%2Fcategories&post=4187"},{"taxonomy":"post_tag","embeddable":true,"href":"https:\/\/bruxelles-pantheres.be\/index.php?rest_route=%2Fwp%2Fv2%2Ftags&post=4187"}],"curies":[{"name":"wp","href":"https:\/\/api.w.org\/{rel}","templated":true}]}}