{"id":4190,"date":"2019-05-20T06:46:17","date_gmt":"2019-05-20T05:46:17","guid":{"rendered":"https:\/\/bruxelles-pantheres.be\/?p=4190"},"modified":"2019-05-19T01:50:48","modified_gmt":"2019-05-19T00:50:48","slug":"introduction-a-louvrage-de-said-bouamama-planter-du-blanc","status":"publish","type":"post","link":"https:\/\/bruxelles-pantheres.be\/?p=4190","title":{"rendered":"Introduction \u00e0 l\u2019ouvrage de Sa\u00efd Bouamama : \u00ab PLANTER du BLANC \u00bb"},"content":{"rendered":"<p align=\"RIGHT\"><b>Avec l\u2019aimable autorisation des Editions Syllepse<\/b><\/p>\n<p align=\"JUSTIFY\">\u00ab\u00a0<em>Je le r\u00e9p\u00e8te\u00a0: le colonialisme n\u2019est point mort. Il excelle pour se survivre, \u00e0 renouveler ses formes\u2009; apr\u00e8s les temps brutaux de la politique de domination, on a vu les temps plus hypocrites, mais non moins n\u00e9fastes, de la politique dite d\u2019Association ou d\u2019Union. Maintenant, nous assistons \u00e0 la politique dite d\u2019int\u00e9gration, celle qui se donne pour but la constitution de l\u2019Eurafrique. Mais de quelque masque que s\u2019affuble le colonialisme, il reste nocif. Pour ne parler que de sa derni\u00e8re trouvaille, l\u2019Eurafrique, il est clair que ce serait la substitution au vieux colonialisme national d\u2019un nouveau colonialisme plus virulent encore, un colonialisme international, dont le soldat allemand serait le gendarme vigilant\u00a0<\/em>\u00bb, Aim\u00e9 C\u00e9saire<sup><a class=\"sdfootnoteanc\" name=\"sdfootnote1anc\"><\/a>1<\/sup>.<!--more--><\/p>\n<p style=\"text-align: center;\" align=\"JUSTIFY\"><a href=\"https:\/\/bruxelles-pantheres.be\/wp-content\/uploads\/2019\/05\/9782849507308-475x500-1.jpg\"><img decoding=\"async\" class=\"alignnone size-full wp-image-4192\" src=\"https:\/\/bruxelles-pantheres.be\/wp-content\/uploads\/2019\/05\/9782849507308-475x500-1.jpg\" alt=\"\" width=\"357\" height=\"500\" srcset=\"https:\/\/bruxelles-pantheres.be\/wp-content\/uploads\/2019\/05\/9782849507308-475x500-1.jpg 357w, https:\/\/bruxelles-pantheres.be\/wp-content\/uploads\/2019\/05\/9782849507308-475x500-1-214x300.jpg 214w\" sizes=\"(max-width: 357px) 100vw, 357px\" \/><\/a><\/p>\n<p align=\"JUSTIFY\">Le r\u00e9f\u00e9rendum de novembre \u202f2018 en Kanaky est venu rappeler que le colonialisme fran\u00e7ais \u00e9tait encore une r\u00e9alit\u00e9 vivante. Le r\u00e9sultat, qui refl\u00e8te l\u2019\u00e9tat d\u2019un rapport de forces \u00e0 un moment donn\u00e9, souligne que pour la grande majorit\u00e9 des Kanak, leur pays reste une colonie qu\u2019il convient de lib\u00e9rer par l\u2019horizon d\u2019une ind\u00e9pendance nationale. Si dans d\u2019autres colonies fran\u00e7aises, euph\u00e9miquement appel\u00e9es DROM\u00a0(d\u00e9partements et r\u00e9gions d\u2019outre-mer) et TOM\u00a0(territoires d\u2019outre-mer), une telle majorit\u00e9 n\u2019existe pas encore, un simple regard sur les \u00e9conomies permet de conclure au maintien du rapport colonial entre l\u2019Hexagone et cet Outre-mer. De la m\u00eame fa\u00e7on, les manifestations publiques contre la monnaie coloniale qu\u2019est le franc CFA dans une dizaine de pays africains en\u00a02018 mettent en exergue que derri\u00e8re le discours de la \u00ab\u00a0coop\u00e9ration\u00a0\u00bb se cache une autre forme de la d\u00e9pendance, le n\u00e9ocolonialisme. En d\u00e9pit des professions de foi de chaque nouveau Pr\u00e9sident de la R\u00e9publique fran\u00e7aise sur la fin de la Fran\u00e7afrique, les pancartes et slogans des manifestants indiquent une nouvelle prise de conscience anticolonialiste. Colonialisme et n\u00e9ocolonialisme ne sont, selon nous, que deux formes historiquement dat\u00e9es de la mise en d\u00e9pendance. Ils s\u2019inscrivent dans une histoire dans laquelle la premi\u00e8re forme a \u00e9t\u00e9 majoritaire pendant toute une p\u00e9riode, avant de c\u00e9der ce caract\u00e8re majoritaire \u00e0 la seconde sous les coups de boutoir des luttes populaires et des rapports de force mondiaux. La s\u00e9rie d\u2019articles qui compose cet ouvrage tente de synth\u00e9tiser pour chaque colonie fran\u00e7aise les raisons et m\u00e9canismes de cette mise en d\u00e9pendance d\u2019une part, et de r\u00e9sumer les outils et processus du n\u00e9ocolonialisme fran\u00e7ais en Afrique d\u2019autre part. Comme le souligne C\u00e9saire dans la citation qui ouvre ce texte, il est essentiel de saisir les invariants de la mise en d\u00e9pendance au-del\u00e0 de la mutation de ses formes.<span id=\"more-38470\"><\/span><\/p>\n<p align=\"JUSTIFY\"><b>Le premier \u00e2ge du Colonialisme comme \u00ab\u00a0\u00e2ge pr\u00e9historique du capitalisme\u00a0\u00bb<\/b><\/p>\n<p align=\"JUSTIFY\">Avec le d\u00e9barquement le 12\u00a0octobre\u00a01492 d\u2019une centaine de soldats dirig\u00e9s par Christophe Colomb sur l\u2019\u00eele de Guanahani\u00a0(l\u2019actuelle San Salvador) l\u2019histoire mondiale entre dans une nouvelle \u00e8re, incomparable \u00e0 toutes celles qui l\u2019ont pr\u00e9c\u00e9d\u00e9e. Certes, l\u2019histoire humaine avait connu pr\u00e9c\u00e9demment des empires, des conqu\u00eates et des asservissements. Bien s\u00fbr, des \u00ab\u00a0colonies\u00a0\u00bb avaient d\u00e9j\u00e0 exist\u00e9 avec des mises en d\u00e9pendance plus ou moins importantes de p\u00e9riph\u00e9ries vis-\u00e0-vis d\u2019un centre. Bien entendu, des peuplements par la force avaient d\u00e9j\u00e0 eu lieu et produit leurs lots d\u2019expropriation des peuples indig\u00e8nes. Toutefois, d\u00e9sormais ce sont toutes les parties du monde qui sont mises en contact par le biais d\u2019une Europe o\u00f9 un nouveau mode de production \u00e9conomique, le capitalisme, tente d\u2019\u00e9merger, sans y parvenir par manque de capitaux.<\/p>\n<p align=\"JUSTIFY\">Le manque sera, en grande partie, combl\u00e9 par le pillage des ressources, et en particulier de l\u2019or, des civilisations injustement appel\u00e9es \u00ab\u00a0indiennes\u00a0\u00bb par une histoire encore largement eurocentr\u00e9e. Ce que Karl Marx \u00e9voque sous le nom d\u2019\u00ab\u00a0accumulation primitive\u00a0\u00bb, repose en effet, selon lui, sur deux piliers\u00a0: l\u2019expropriation de la paysannerie europ\u00e9enne et le pillage des civilisations des Am\u00e9riques\u00a0(mais aussi du Bengale). C\u2019est donc dans une Europe encore caract\u00e9ris\u00e9e par une \u00e9conomie pr\u00e9capitaliste que se d\u00e9ploie l\u2019accumulation primitive dont le colonialisme sera une des facettes essentielles. \u00ab\u00a0La production capitaliste pr\u00e9suppose la pr\u00e9existence de masses consid\u00e9rables de capitaux et de forces ouvri\u00e8res d\u00e9j\u00e0 accumul\u00e9es entre les mains des producteurs marchands<sup><a class=\"sdfootnoteanc\" name=\"sdfootnote2anc\"><\/a>2<\/sup>\u00a0\u00bb, souligne Marx. Andr\u00e9 Gunder Franck r\u00e9sume pour sa part comme suit la \u00ab\u00a0contribution\u00a0\u00bb des peuples colonis\u00e9s \u00e0 cette \u00ab\u00a0accumulation primitive\u00a0\u00bb encore appel\u00e9e par Marx \u00ab\u00a0\u00e2ge pr\u00e9historique du capitalisme\u00a0\u00bb\u00a0:<\/p>\n<p align=\"JUSTIFY\">Les \u00ab\u00a0sept ann\u00e9es utiles\u00a0\u00bb d\u2019une vie d\u2019esclave dans les diverses parties du Nouveau Monde, la chute brutale du chiffre de la population indienne (de 25\u00a0000\u00a0000 \u00e0 1\u00a0500\u00a0000), la d\u00e9cimation totale de la population indig\u00e8ne des Antilles en un demi-si\u00e8cle, les ravages de la famine au Bengale \u00e0 la suite du pillage du pays par les Britanniques et les baisses non moins massives dans la reproduction des populations apr\u00e8s leur incorporation dans le proc\u00e8s d\u2019accumulation du capital, t\u00e9moignent partout de la surexploitation, caract\u00e9ristique des rapports de production au sein de ces formations sociales lors du proc\u00e8s d\u2019accumulation \u00e0 son \u00e9tape pr\u00e9industrielle<sup><a class=\"sdfootnoteanc\" name=\"sdfootnote3anc\"><\/a>3<\/sup>.<\/p>\n<p align=\"JUSTIFY\">Sur un plan quantitatif, quelques travaux se sont attach\u00e9s \u00e0 \u00e9valuer cette \u00ab\u00a0contribution\u00a0\u00bb du continent nouvellement colonis\u00e9 \u00e0 la r\u00e9union des conditions de possibilit\u00e9 de la r\u00e9volution industrielle en Europe. \u00c9tudiant l\u2019histoire des prix dans l\u2019Espagne m\u00e9di\u00e9vale,\u00a0\u2013 l\u2019historien et \u00e9conomiste \u00e9tats-unien Earl J.\u00a0Hamilton souligne par exemple qu\u2019entre\u202f1503 et\u00a01660 se sont 185\u00a0000\u202fkg d\u2019or et 16\u00a0millions de kg d\u2019argent qui arrivent dans la seule ville de S\u00e9ville<sup><a class=\"sdfootnoteanc\" name=\"sdfootnote4anc\"><\/a>4<\/sup>. \u00ab\u00a0Comme le feraient les singes, ils soul\u00e8vent l\u2019or, ils s\u2019assoient avec des gestes qui manifestent leur jubilation\u00a0[\u2026]. Tout leur corps se dilate \u00e0 cette id\u00e9e. Ils montrent \u00e0 cet \u00e9gard un app\u00e9tit furieux. Ils convoitent l\u2019or comme des porcs affam\u00e9s<sup><a class=\"sdfootnoteanc\" name=\"sdfootnote5anc\"><\/a>5<\/sup>\u00a0\u00bb, t\u00e9moigne un indig\u00e8ne nahuatl cit\u00e9 dans l\u2019ouvrage d\u00e9sormais classique d\u2019Eduardo Galeano,\u00a0<i>Les Veines ouvertes de l\u2019Am\u00e9rique latine<\/i>. Ces ressources irrigu\u00e8rent l\u2019ensemble des fortunes bancaires europ\u00e9ennes par un processus que Galeano restitue comme suit\u00a0:<\/p>\n<p align=\"JUSTIFY\">Les m\u00e9taux arrach\u00e9s aux nouveaux territoires coloniaux stimul\u00e8rent le d\u00e9veloppement \u00e9conomique europ\u00e9en et m\u00eame, peut-on dire, le rendirent possible.\u00a0[\u2026] Les Espagnols poss\u00e9daient la vache, mais d\u2019autres buvaient son lait. Les cr\u00e9anciers du royaume, en majorit\u00e9 \u00e9trangers, vidaient syst\u00e9matiquement les coffres de la Casa de Contrataci\u00f3n de S\u00e9ville, destin\u00e9e \u00e0 garder enferm\u00e9 \u00e0 double tour et sous double surveillance le tr\u00e9sor provenant d\u2019Am\u00e9rique. La Couronne \u00e9tait hypoth\u00e9qu\u00e9e. Elle c\u00e9dait \u00e0 titre d\u2019avance presque toutes les cargaisons d\u2019argent aux banquiers allemands, g\u00e9nois, flamands et espagnols<sup><a class=\"sdfootnoteanc\" name=\"sdfootnote6anc\"><\/a>6<\/sup>.<\/p>\n<p align=\"JUSTIFY\">Les massacres de la conqu\u00eate, la mise en esclavage et les \u00e9pid\u00e9mies\u00a0(rougeole, variole, grippe, maladies v\u00e9n\u00e9riennes, etc.) amen\u00e9es par les Europ\u00e9ens conduisent \u00e0 un v\u00e9ritable g\u00e9nocide<sup><a class=\"sdfootnoteanc\" name=\"sdfootnote7anc\"><\/a>7<\/sup>. Tr\u00e8s vite le besoin de main-d\u2019\u0153uvre d\u00e9bouche sur le crime contre l\u2019humanit\u00e9 qu\u2019est la traite n\u00e9gri\u00e8re. L\u2019apport de cette derni\u00e8re \u00e0 l\u2019\u00ab\u00a0accumulation primitive\u00a0\u00bb a admirablement \u00e9t\u00e9 restitu\u00e9 par Eric Williams dans son livre\u00a0<i>Capitalisme et esclavage<\/i><sup><a class=\"sdfootnoteanc\" name=\"sdfootnote8anc\"><\/a>8<\/sup>. Il y d\u00e9crit le r\u00f4le de la traite des Noirs dans le financement de la r\u00e9volution industrielle par son effet multiplicateur dans la constitution du capital bancaire et industriel. Il illustre et estime quantitativement ce que Marx avait d\u00e9j\u00e0 r\u00e9sum\u00e9 de la fa\u00e7on suivante\u2009:<\/p>\n<p align=\"JUSTIFY\">La d\u00e9couverte des contr\u00e9es aurif\u00e8res et argentif\u00e8res de l\u2019Am\u00e9rique, la r\u00e9duction des indig\u00e8nes en esclavage, leur enfouissement dans les mines ou leur extermination, les commencements de conqu\u00eate et de pillage aux Indes orientales, la transformation de l\u2019Afrique en une sorte de garenne commerciale pour la chasse aux peaux noires, voil\u00e0 les proc\u00e9d\u00e9s idylliques d\u2019accumulation primitive qui signalent l\u2019\u00e8re capitaliste \u00e0 son aurore<sup><a class=\"sdfootnoteanc\" name=\"sdfootnote9anc\"><\/a>9<\/sup>.<\/p>\n<p align=\"JUSTIFY\">Concernant la France, la traduction coloniale de cette \u00e8re de l\u2019accumulation primitive prend la forme de ce qui est appel\u00e9 \u00ab\u00a0premier espace colonial fran\u00e7ais\u00a0\u00bb ou \u00ab\u00a0vieilles colonies\u00a0\u00bb. Tous les territoires encore aujourd\u2019hui colonis\u00e9s par la R\u00e9publique fran\u00e7aise appartiennent \u00e0 cet espace. Toutes les caract\u00e9ristiques d\u00e9crites plus haut se retrouvent dans l\u2019histoire de ces nations\u00a0: g\u00e9nocide des peuples indig\u00e8nes, pillage rendant possible l\u2019accumulation primitive et r\u00e9unissant les conditions de l\u2019industrialisation de l\u2019Hexagone, traite n\u00e9gri\u00e8re, etc. Ce premier \u00e2ge colonial appelle, bien s\u00fbr, une id\u00e9ologie de l\u00e9gitimation qui se formalisera dans le racisme biologique qui commence ainsi son histoire pluris\u00e9culaire. Les \u00ab\u00a0confettis de l\u2019empire<sup><a class=\"sdfootnoteanc\" name=\"sdfootnote10anc\"><\/a>10<\/sup>\u2009\u00bb qui constituent les DROM et TOM aujourd\u2019hui restent profond\u00e9ment marqu\u00e9s par l\u2019ensemble des caract\u00e9ristiques du rapport colonial\u00a0: expropriation terrienne, extraversion de l\u2019\u00e9conomie en fonction des besoins de l\u2019\u00e9conomie fran\u00e7aise, traitement d\u2019exception et hi\u00e9rarchies raciales, etc.<\/p>\n<p align=\"JUSTIFY\"><b>Le deuxi\u00e8me \u00e2ge du colonialisme et la r\u00e9volution industrielle<\/b><\/p>\n<p align=\"JUSTIFY\">Dans son \u00ab\u00a0Discours sur le colonialisme\u00a0\u00bb, C\u00e9saire rappelle deux caract\u00e9ristiques intriqu\u00e9es du capitalisme d\u00e9j\u00e0 \u00e9voqu\u00e9es auparavant par Marx ou L\u00e9nine\u00a0: son caract\u00e8re concurrentiel et sa tendance \u00e0 l\u2019expansion dans de nouvelles aires g\u00e9ographiques, c\u2019est-\u00e0-dire sa tendance \u00e0 la mondialisation. Le capitalisme ne peut fonctionner qu\u2019en s\u2019\u00e9tendant\u00a0:<\/p>\n<p align=\"JUSTIFY\">Qu\u2019est-ce en son principe que la colonisation\u00a0?\u00a0[\u2026] d\u2019admettre une fois pour toutes, sans volont\u00e9 de broncher aux cons\u00e9quences, que le geste d\u00e9cisif est ici de l\u2019aventurier et du pirate, du chercheur d\u2019or et du marchand, de l\u2019app\u00e9tit et de la force, avec, derri\u00e8re, l\u2019ombre port\u00e9e, mal\u00e9fique, d\u2019une forme de civilisation qui, \u00e0 un moment de son histoire, se constate oblig\u00e9e, de fa\u00e7on interne, d\u2019\u00e9tendre \u00e0 l\u2019\u00e9chelle mondiale la concurrence de ses \u00e9conomies antagonistes<sup><a class=\"sdfootnoteanc\" name=\"sdfootnote11anc\"><\/a>11<\/sup>.<\/p>\n<p align=\"JUSTIFY\">Arriv\u00e9 \u00e0 maturit\u00e9, le capitalisme tenaill\u00e9 par la concurrence entre les diff\u00e9rentes puissances industrielles a besoin de nouveaux espaces pour assurer sa reproduction \u00e9largie. La colonisation des continents africain et asiatique fournira ces nouveaux espaces. Si la destruction des civilisations indig\u00e8nes am\u00e9ricaines et l\u2019esclavage cr\u00e9ent les conditions de l\u2019accumulation primitive, la colonisation de l\u2019Afrique et de l\u2019Asie permettent la r\u00e9volution industrielle europ\u00e9enne. La colonisation peut ainsi se d\u00e9crire \u00e9galement comme l\u2019exportation et la g\u00e9n\u00e9ralisation des rapports marchands et capitalistes \u00e0 des aires jusque-l\u00e0 caract\u00e9ris\u00e9es par une \u00e9conomie communautaire.<\/p>\n<p align=\"JUSTIFY\">Le rapport social caract\u00e9ristique de ce nouvel \u00e2ge n\u2019est plus l\u2019esclavage. Celui-ci est rendu obsol\u00e8te sous les coups de boutoir des r\u00e9voltes d\u2019esclaves et des progr\u00e8s technologiques. Un changement de forme du rapport de d\u00e9pendance est \u00e0 l\u2019ordre du jour. L\u2019indig\u00e9nat sera la nouvelle version de ce rapport social au service de la reproduction de la d\u00e9pendance qui garde, elle, les caract\u00e9ristiques essentielles de la phase ant\u00e9rieure\u00a0(colonisation des Am\u00e9riques et son corollaire en termes de rapport social, l\u2019esclavage)\u00a0: expropriation terrienne, extraversion \u00e9conomique et traitement d\u2019exception.<\/p>\n<p align=\"JUSTIFY\">De m\u00eame que les r\u00e9sistances indig\u00e8nes puis des esclaves n\u2019ont jamais cess\u00e9, les r\u00e9sistances \u00e0 la conqu\u00eate puis \u00e0 la mise en d\u00e9pendance caract\u00e9risent l\u2019ensemble de l\u2019\u00e8re coloniale. Si les formes varient en fonction des rapports de force, le refus de la d\u00e9pendance ne cesse jamais et prend des formes multiples. Ces r\u00e9sistances constituent un des facteurs essentiels qui contraindront le rapport de d\u00e9pendance \u00e0 muter une nouvelle fois apr\u00e8s la Seconde Guerre mondiale et le changement du rapport de forces qu\u2019elle signifie. Apr\u00e8s avoir tent\u00e9 de r\u00e9instaurer tel quel le mod\u00e8le d\u2019avant-guerre, les puissances coloniales sont contraintes de s\u2019adapter en pr\u00e9tendant r\u00e9former le rapport colonial pour le rendre plus acceptable. La premi\u00e8re cons\u00e9quence en sera une mutation des formes du racisme qui passe d\u2019un argumentaire biologique \u00e0 un argumentaire culturaliste. Frantz Fanon r\u00e9sume comme suit cette mutation\u00a0:<\/p>\n<p align=\"JUSTIFY\">Ce racisme qui se veut rationnel, individuel, d\u00e9termin\u00e9 g\u00e9notypique et ph\u00e9notypique se transforme en racisme culturel. L\u2019objet du racisme n\u2019est plus l\u2019homme particulier mais une certaine forme d\u2019exister.\u00a0[\u2026] Le souvenir du nazisme, la commune mis\u00e8re d\u2019hommes diff\u00e9rents, le commun asservissement de groupes sociaux importants, l\u2019apparition de \u00ab\u00a0colonies europ\u00e9ennes\u00a0\u00bb c\u2019est-\u00e0-dire l\u2019institution d\u2019un r\u00e9gime colonial en pleine terre d\u2019Europe,\u00a0[\u2026] tout cela a modifi\u00e9 profond\u00e9ment l\u2019aspect du probl\u00e8me<sup><a class=\"sdfootnoteanc\" name=\"sdfootnote12anc\"><\/a>12<\/sup>.<\/p>\n<p align=\"JUSTIFY\">La seconde cons\u00e9quence est politique et se traduit, s\u2019agissant du colonialisme fran\u00e7ais, par une s\u00e9rie de transformations\u00a0: abolition du Code de l\u2019indig\u00e9nat en\u00a01946, instauration de la loi-cadre et de l\u2019Union fran\u00e7aise en\u00a01956 instaurant une \u00ab\u00a0autonomie\u00a0\u00bb et mise en place de la Communaut\u00e9 fran\u00e7aise en\u00a01958 reconnaissant aux diff\u00e9rentes colonies un statut d\u2019\u00c9tat, sans cependant disposer des pouvoirs li\u00e9s \u00e0 plusieurs minist\u00e8res r\u00e9galiens. Tout ceci, selon Fanon, ressortissait \u00e0 une tentative de laisser entrevoir une ind\u00e9pendance possible sans remise en cause du pacte colonial, c\u2019est-\u00e0-dire des rapports de d\u00e9pendance \u00e9conomiques. D\u00e9non\u00e7ant la communaut\u00e9 fran\u00e7aise promue par de Gaulle, il posait la question suivante\u00a0: \u00ab\u00a0Comment la France esp\u00e8re-t-elle concilier \u00e0 la fois le maintien du pacte colonial et l\u2019existence nationale des \u00c9tats africains<sup><a class=\"sdfootnoteanc\" name=\"sdfootnote13anc\"><\/a>13<\/sup>\u00a0?\u00a0\u00bb<\/p>\n<p align=\"JUSTIFY\">Ces mutations rapides interviennent par crainte d\u2019une radicalisation des contestations anticoloniales qui en Alg\u00e9rie et au Cameroun ont d\u00e9j\u00e0 pris la forme d\u2019une lutte arm\u00e9e. Le temps d\u2019une nouvelle mue des formes des rapports de d\u00e9pendance est arriv\u00e9 \u00e0 maturit\u00e9. Le colonialisme c\u00e8de le pas au n\u00e9ocolonialisme par le biais d\u2019ind\u00e9pendances fortement corset\u00e9es par des \u00ab\u00a0accords\u00a0\u00bb \u00e9conomiques, culturels et militaires. Songeons \u00e0 nouveau \u00e0 Frantz Fanon qui, au moment de l\u2019assassinat de Lumumba, d\u00e9clarait \u00e0 propos des mutations du colonialisme\u00a0: \u00ab\u00a0Notre tort \u00e0 nous, Africains, est d\u2019avoir oubli\u00e9 que l\u2019ennemi ne recule jamais sinc\u00e8rement. Il ne comprend jamais. Il capitule, mais ne se convertit pas<sup><a class=\"sdfootnoteanc\" name=\"sdfootnote14anc\"><\/a>14<\/sup>.\u00a0\u00bb<\/p>\n<p align=\"JUSTIFY\"><b>Le troisi\u00e8me \u00e2ge du capitalisme et l\u2019\u00e9change in\u00e9gal impos\u00e9<\/b><\/p>\n<p align=\"JUSTIFY\">Les anciennes colonies fran\u00e7aises d\u2019Afrique acc\u00e8dent \u00e0 l\u2019ind\u00e9pendance mais sont confront\u00e9es \u00e0 plusieurs obstacles entravant leur souverainet\u00e9. Le premier, qu\u2019ils partagent avec les \u00c9tats issus de tous les autres empires coloniaux, est celui de la structure du march\u00e9 mondial dans lequel sont ins\u00e9r\u00e9es leurs \u00e9conomies. Quelques ann\u00e9es plus tard, en\u00a01969, l\u2019\u00e9conomiste Emmanuel Arghiri forgera la notion d\u2019\u00ab\u00a0\u00e9change in\u00e9gal<sup><a class=\"sdfootnoteanc\" name=\"sdfootnote15anc\"><\/a>15<\/sup>\u00a0\u00bb. Les \u00e9changes internationaux sont, selon cette approche, fondamentalement in\u00e9gaux du fait que les pays industrialis\u00e9s imposent une division internationale du travail, sp\u00e9cialisant les pays dits \u00ab\u00a0sous-d\u00e9velopp\u00e9s\u00a0\u00bb dans certaines productions et se r\u00e9servant les productions n\u00e9cessitant une technologie plus avanc\u00e9e. Le d\u00e9calage dans l\u2019industrialisation h\u00e9rit\u00e9 de l\u2019histoire coloniale produit et reproduit ainsi la d\u00e9pendance en permanence par le simple jeu de la fixation des prix internationaux, poussant \u00e0 un \u00e9cart croissant entre les prix des produits issus des pays industrialis\u00e9s et ceux des pays dits \u00ab\u00a0sous-d\u00e9velopp\u00e9s\u00a0\u00bb. Un autre \u00e9conomiste, Samir Amin, forgera un peu plus tard les concepts de \u00ab\u00a0centre\u00a0\u00bb, fixant les r\u00e8gles du jeu, et de \u00ab\u00a0p\u00e9riph\u00e9rie\u00a0\u00bb, dont les richesses sont par l\u2019\u00e9change in\u00e9gal drain\u00e9es vers le centre<sup><a class=\"sdfootnoteanc\" name=\"sdfootnote16anc\"><\/a>16<\/sup>. Seules une revalorisation importante des prix des mati\u00e8res premi\u00e8res, une politique d\u2019industrialisation et un d\u00e9veloppement autocentr\u00e9 peuvent d\u00e8s lors permettre une sortie de la d\u00e9pendance structurelle. Le \u00ab\u00a0d\u00e9veloppement\u00a0\u00bb, se concentrant sur des activit\u00e9s d\u2019exportation\u00a0(agricoles, mini\u00e8res ou en hydrocarbures) sans transformation dans lesquelles s\u2019investissent les capitaux du centre, devient ainsi un \u00ab\u00a0d\u00e9veloppement du sous-d\u00e9veloppement\u00a0\u00bb selon l\u2019expression d\u2019Amin.<\/p>\n<p align=\"JUSTIFY\">Pour les anciennes colonies fran\u00e7aises, les conditions impos\u00e9es pour les ind\u00e9pendances s\u2019ajoutent \u00e0 cette d\u00e9pendance structurelle vis-\u00e0-vis du march\u00e9 mondial. Ces conditions orientent les \u00e9conomies h\u00e9rit\u00e9es de la colonisation vers une d\u00e9pendance, non pas \u00e0 l\u2019\u00e9gard du march\u00e9 mondial seul, mais aussi et d\u2019abord vis-\u00e0-vis de l\u2019\u00e9conomie fran\u00e7aise. Tous les leviers de mise en d\u00e9pendance ont \u00e9t\u00e9 pr\u00e9vus et mis en \u0153uvre\u00a0(\u00e9conomiques, mon\u00e9taires, culturels, militaires, etc.) pour faire syst\u00e8me. La premi\u00e8re \u00e9tape de mise en \u0153uvre du syst\u00e8me fut l\u2019organisation syst\u00e9matique de la balkanisation au moment des ind\u00e9pendances. D\u00e8s la loi-cadre de\u00a01956, l\u2019\u00ab\u00a0autonomie\u00a0\u00bb propos\u00e9e concerne chacun des \u00c9tats et non les ensembles r\u00e9gionaux que constituaient depuis longtemps l\u2019Afrique occidentale fran\u00e7aise\u00a0(AOF) et l\u2019Afrique \u00e9quatoriale fran\u00e7aise\u00a0(AEF). De\u00a01956 au milieu des ann\u00e9es\u00a01960, l\u2019\u00c9tat fran\u00e7ais s\u2019\u00e9vertue \u00e0 d\u00e9truire toutes les initiatives et leaders s\u2019opposant \u00e0 la balkanisation de l\u2019ancien empire colonial\u00a0: r\u00e9torsion contre l\u2019\u00c9tat guin\u00e9en en\u00a01958 pour son refus de la communaut\u00e9 fran\u00e7aise, assassinat du Centrafricain Barth\u00e9l\u00e9my Boganda en mars\u00a01959, arrestation du S\u00e9n\u00e9galais Mamadou Dia en d\u00e9cembre\u00a01962, assassinat du Togolais Sylvanus Olympio en janvier\u00a01963, coup d\u2019\u00c9tat destituant le Malien Modibo Keita en novembre\u00a01968, etc. La balkanisation laisse d\u00e8s lors chacun des anciens territoires dans un face-\u00e0-face in\u00e9gal avec l\u2019ancienne puissance coloniale.<\/p>\n<p align=\"JUSTIFY\">La seconde \u00e9tape est constitu\u00e9e par les accords de coop\u00e9ration que le Premier ministre Michel Debr\u00e9 r\u00e9sume comme suit au futur Pr\u00e9sident de l\u2019\u00c9tat gabonais L\u00e9on Mba\u00a0:<\/p>\n<p align=\"JUSTIFY\">On donne l\u2019ind\u00e9pendance \u00e0 condition que l\u2019\u00c9tat s\u2019engage une fois ind\u00e9pendant \u00e0 respecter les accords de coop\u00e9ration sign\u00e9s an-t\u00e9-rieu-rement\u2009: il y a deux syst\u00e8mes qui entrent en vigueur en m\u00eame temps\u2009: l\u2019ind\u00e9pendance et les accords de coop\u00e9ration. L\u2019un ne va pas sans l\u2019autre<sup><a class=\"sdfootnoteanc\" name=\"sdfootnote17anc\"><\/a>17<\/sup>.<\/p>\n<p align=\"JUSTIFY\">Ces fameux accords de coop\u00e9ration, auxquels nous consacrons dans cet ouvrage une s\u00e9rie de chapitres, sont quasi similaires pour l\u2019ensemble des nouveaux \u00c9tats\u00a0: la zone franc reste intacte et la France conserve un droit de v\u00e9to sur les instituts \u00ab\u00a0africains\u00a0\u00bb d\u2019\u00e9mission mon\u00e9taire\u00a0; les avoirs financiers restent contr\u00f4l\u00e9s par le Tr\u00e9sor fran\u00e7ais\u00a0; les entreprises fran\u00e7aises conservent les privil\u00e8ges douaniers, le monopole d\u2019acc\u00e8s aux minerais strat\u00e9giques, les exon\u00e9rations de longue dur\u00e9e, la libert\u00e9 de transfert des b\u00e9n\u00e9fices et obtiennent des garanties contre la nationalisation\u00a0; le maintien de la pr\u00e9sence militaire est garanti, etc.<\/p>\n<p align=\"JUSTIFY\">Les accords de coop\u00e9ration mutilent gravement la souverainet\u00e9 des nouveaux \u00c9tats et encore plus dangereusement celle des populations, comme le r\u00e9sume fort justement Fran\u00e7ois-Xavier Verschave en soulignant que \u00ab\u00a0les pays francophones au sud du Sahara ont \u00e9t\u00e9, \u00e0 leur ind\u00e9pendance, emmaillot\u00e9s dans un ensemble d\u2019accords de coop\u00e9ration politique, militaire et financi\u00e8re qui les ont plac\u00e9s sous tutelle<sup><a class=\"sdfootnoteanc\" name=\"sdfootnote18anc\"><\/a>18<\/sup>\u00a0\u00bb.<\/p>\n<p align=\"JUSTIFY\">Le terme \u00ab\u00a0n\u00e9ocolonialisme\u00a0\u00bb exprime ad\u00e9quatement la nature de ce nouvel \u00e2ge du capitalisme aboutissant aux m\u00eames cons\u00e9quences de mises en d\u00e9pendances avec des moyens et une forme renouvel\u00e9s. Les trois caract\u00e9ristiques essentielles soulign\u00e9es plus haut pour les \u00e2ges pr\u00e9c\u00e9dents sont de nouveau au rendez-vous\u00a0: expropriation terrienne, extraversion \u00e9conomique et traitement d\u2019exception. Une diff\u00e9rence de taille est cependant \u00e0 noter\u00a0: les acteurs politiques en charge de garantir ces trois caract\u00e9ristiques, du moins officiellement et publiquement, sont d\u00e9sormais des nationaux et non plus des Europ\u00e9ens. Le rapport social qui caract\u00e9rise ce n\u00e9ocolonialisme est \u00e9galement nouveau. Apr\u00e8s le lien de propri\u00e9t\u00e9 esclavagiste et le lien de d\u00e9pendance colonial de l\u2019indig\u00e9nat, le temps de l\u2019\u00e9galit\u00e9 formelle est arriv\u00e9. Officiellement, les liens se tissent entre \u00c9tats et peuples souverains mais au sein d\u2019un dispositif dont les r\u00e8gles de fonctionnement in\u00e9gales produisent in\u00e9vitablement de la d\u00e9pendance syst\u00e9mique. Enfin, le visage du racisme mute \u00e9galement. Tout en restant dans un registre culturaliste, il se centre d\u00e9sormais sur certaines caract\u00e9ristiques pr\u00e9sent\u00e9es comme \u00ab\u00a0culturelles\u00a0\u00bb et cens\u00e9es expliquer le caract\u00e8re durable de l\u2019in\u00e9galit\u00e9 de d\u00e9veloppement et de niveau de vie\u2009: tribalisme, client\u00e9lisme, n\u00e9potisme, fatalisme, rapport aux temporalit\u00e9s, statut de la femme, etc. Ces h\u00e9ritages et productions de la d\u00e9pendance sont ainsi transmut\u00e9s en causes du fameux \u00ab\u00a0sous-d\u00e9veloppement\u00a0\u00bb. L\u2019ensemble de ces mutations permettent la persistance de la d\u00e9pendance sans laquelle le processus d\u2019\u00e9mergence de grands groupes multinationaux industriels et financiers fran\u00e7ais n\u2019aurait pas pu se d\u00e9ployer. Si l\u2019asservissement du continent am\u00e9ricain et l\u2019esclavage ont permis l\u2019accumulation primitive, si la colonisation de l\u2019Afrique et de l\u2019Asie a financ\u00e9 la r\u00e9volution industrielle, le n\u00e9ocolonialisme et ses accords de coop\u00e9ration ont fourni les fonds permettant la construction des multinationales fran\u00e7aises.<\/p>\n<p align=\"JUSTIFY\">Le rappel trop rapide de cette histoire des invariances et des mutations de la mise en d\u00e9pendance \u00e9tait n\u00e9cessaire pour saisir les enjeux du discours dominant pr\u00e9sentant le colonialisme et le n\u00e9ocolonialisme comme \u00e9tant une r\u00e9alit\u00e9 d\u00e9sormais r\u00e9volue. De mani\u00e8re r\u00e9currente, l\u2019accusation d\u2019un ressassement morbide d\u2019une histoire d\u00e9pass\u00e9e est brandie \u00e0 l\u2019encontre de ceux qui refusent ce discours. Tout aussi fr\u00e9quemment, on leur impute une politique du ressentiment caricaturant le pass\u00e9, le projetant abusivement sur le pr\u00e9sent et produisant des haines au sein de la soci\u00e9t\u00e9 fran\u00e7aise qui menacerait son avenir. Certes, les appr\u00e9ciations sur le pass\u00e9 colonial ont \u00e9t\u00e9 contraintes de prendre en compte, bon gr\u00e9 mal gr\u00e9, les ind\u00e9pendances du si\u00e8cle dernier, mais avec, ne l\u2019oublions pas, des retours r\u00e9guliers d\u2019une tentation r\u00e9visionniste, \u00e0 l\u2019image de la loi du 23\u00a0f\u00e9vrier\u00a02005 mentionnant \u00ab\u00a0l\u2019\u0153uvre positive de la colonisation\u00a0\u00bb. Depuis, de mani\u00e8re r\u00e9guli\u00e8re, nos chefs d\u2019\u00c9tat ne cessent de s\u2019illustrer par des repr\u00e9sentations et grilles de lecture datant de cette phase particuli\u00e8re de l\u2019histoire de l\u2019humanit\u00e9 qu\u2019a \u00e9t\u00e9 la colonisation succ\u00e9dant, elle aussi, \u00e0 une phase, tout aussi sp\u00e9cifique, celle de la mise en esclavage sur plusieurs si\u00e8cles, avec une syst\u00e9mie et une ampleur industrielle in\u00e9dite. De l\u2019\u00ab\u00a0homme africain\u00a0[\u2026] pas assez entr\u00e9 dans l\u2019histoire\u00a0\u00bb de Sarkozy \u00e0 Dakar en\u00a02007 au \u00ab\u00a0sept \u00e0 huit enfants par femme\u00a0\u00bb de Macron en\u00a02017, cens\u00e9s expliquer la pauvret\u00e9 des habitants du continent, le m\u00eame imaginaire culturaliste continue de faire irruption r\u00e9guli\u00e8rement pour expliquer le scandale de la paup\u00e9risation maintenue six d\u00e9cennies apr\u00e8s les ind\u00e9pendances. Cet imaginaire ne peut pas, selon nous, se r\u00e9duire \u00e0 une simple persistance du pass\u00e9. Il n\u2019est pas une survivance d\u2019une \u00e9poque r\u00e9volue ou une trace h\u00e9rit\u00e9e vou\u00e9e \u00e0 dispara\u00eetre par l\u2019\u00e9puisement du temps. Il constitue une production du pr\u00e9sent en tant que reflet id\u00e9ologique et traduction id\u00e9elle, produit et producteur, des rapports de dominations que les anciennes puissances coloniales entretiennent et imposent \u00e0 leurs colonies actuelles ou anciennes et \u00e0 leurs peuples. En pr\u00e9sentant la situation des derni\u00e8res colonies fran\u00e7aises d\u2019une part et les m\u00e9canismes de la d\u00e9pendance n\u00e9ocoloniale qu\u2019impose l\u2019\u00c9tat fran\u00e7ais \u00e0 ses anciennes colonies d\u2019autre part, ce livre ne poursuit qu\u2019un objectif\u00a0: contribuer modestement aux prises de conscience et aux mobilisations permettant d\u2019\u00e9br\u00e9cher l\u2019ordre injuste du monde avant de pouvoir le transformer radicalement dans le sens de l\u2019\u00e9galit\u00e9.<\/p>\n<p align=\"JUSTIFY\"><b>Sa\u00efd Bouamama\u00a0: <i>\u00ab\u00a0PLANTER du BLANC\u00a0\u00bb<\/i><\/b><\/p>\n<p align=\"JUSTIFY\"><i><b>Chroniques du (n\u00e9o)colonialisme fran\u00e7aises<\/b><\/i><\/p>\n<p align=\"JUSTIFY\"><a href=\"https:\/\/www.syllepse.net\/-planter-du-blanc--_r_69_i_760.html\">https:\/\/www.syllepse.net\/-planter-du-blanc\u2013_r_69_i_760.html<\/a><\/p>\n<p align=\"JUSTIFY\">Editions Syllepse, Paris 2019, 224 pages, 15 euros<\/p>\n<hr \/>\n<div id=\"sdfootnote1\">\n<p class=\"sdfootnote\"><a class=\"sdfootnotesym\" name=\"sdfootnote1sym\"><\/a>1.\u00a0Aim\u00e9 C\u00e9saire, \u00ab\u00a0Le colonialisme n\u2019est pas mort\u00a0\u00bb,\u00a0<i>La Nouvelle Critique<\/i>,n\u00b0\u202f51, janvier\u202f1954, p.\u202f29.<\/p>\n<\/div>\n<div id=\"sdfootnote2\">\n<p class=\"sdfootnote\"><a class=\"sdfootnotesym\" name=\"sdfootnote2sym\"><\/a>2.\u00a0Karl Marx,\u00a0<i>Le Capital, <\/i>Livre 1, chap. 26, dans\u00a0<i>\u0152uvres compl\u00e8tes, <\/i>t. 1, Paris, La Pl\u00e9iade, 1963, p.\u202f1167.<\/p>\n<\/div>\n<div id=\"sdfootnote3\">\n<p class=\"sdfootnote\"><a class=\"sdfootnotesym\" name=\"sdfootnote3sym\"><\/a>3.\u00a0Andr\u00e9 Gunder Franck, \u00ab\u00a0Sur l\u2019accumulation qu\u2019on appelle primitive\u00a0\u00bb,\u00a0<i>L\u2019Homme et la Soci\u00e9t\u00e9,\u00a0<\/i>n\u00b0\u202f39-40, 1976, p.\u202f49.<\/p>\n<\/div>\n<div id=\"sdfootnote4\">\n<p class=\"sdfootnote\"><a class=\"sdfootnotesym\" name=\"sdfootnote4sym\"><\/a>4.\u00a0Earl J. Hamilton,\u00a0<i>American Treasure and the Price Revolution in Spain\u00a0(1501-1650)<\/i>,Harvard University Press, Cambridge, 1934, p.\u202f70.<\/p>\n<\/div>\n<div id=\"sdfootnote5\">\n<p class=\"sdfootnote\"><a class=\"sdfootnotesym\" name=\"sdfootnote5sym\"><\/a>5.\u00a0Eduardo Galeano,\u00a0<i>Les Veines ouvertes de l\u2019Am\u00e9rique latine, <\/i>Plon-Pocket, Paris, 1981, p.\u202f31.<\/p>\n<\/div>\n<div id=\"sdfootnote6\">\n<p class=\"sdfootnote\"><a class=\"sdfootnotesym\" name=\"sdfootnote6sym\"><\/a>6.\u00a0<i>Ibid.<\/i>, p.\u202f37.<\/p>\n<\/div>\n<div id=\"sdfootnote7\">\n<p class=\"sdfootnote\"><a class=\"sdfootnotesym\" name=\"sdfootnote7sym\"><\/a>7.\u00a0F\u00e9lix Reichlen,\u00a0<i>Les Am\u00e9rindiens et leur extermination d\u00e9lib\u00e9r\u00e9e<\/i>,\u00a0Paris, Pierre-Marcel Favre, 1987.<\/p>\n<\/div>\n<div id=\"sdfootnote8\">\n<p class=\"sdfootnote\"><a class=\"sdfootnotesym\" name=\"sdfootnote8sym\"><\/a>8.\u00a0Eric Williams,\u00a0<i>Capitalisme et esclavage<\/i>,\u00a0<i><\/i>Paris, Pr\u00e9sence africaine, 1968.<\/p>\n<\/div>\n<div id=\"sdfootnote9\">\n<p class=\"sdfootnote\"><a class=\"sdfootnotesym\" name=\"sdfootnote9sym\"><\/a>9.\u00a0Karl Marx,\u00a0<i>Le Capital, <\/i>Livre 1, chap. 31, dans\u00a0<i>\u0152uvres compl\u00e8tes<\/i>,\u00a0<i><\/i>t. 1, Paris, La Pl\u00e9iade, 1963, p.\u202f1212-1213.<\/p>\n<\/div>\n<div id=\"sdfootnote10\">\n<p class=\"sdfootnote\"><a class=\"sdfootnotesym\" name=\"sdfootnote10sym\"><\/a>10.\u00a0Jean-Claude Guillebaud,\u00a0<i>Les Confettis de l\u2019empire\u00a0: Martinique, Guadeloupe, Guyane fran\u00e7aise, La R\u00e9union<\/i>,\u00a0<i><\/i>Paris, Le Seuil, 1976.<\/p>\n<\/div>\n<div id=\"sdfootnote11\">\n<p class=\"sdfootnote\"><a class=\"sdfootnotesym\" name=\"sdfootnote11sym\"><\/a>11.\u00a0Aim\u00e9 C\u00e9saire,\u00a0<i>Discours sur le colonialisme<\/i>,\u00a0<i><\/i>Paris, Pr\u00e9sence africaine, 2004, p.\u202f9.<\/p>\n<\/div>\n<div id=\"sdfootnote12\">\n<p class=\"sdfootnote\"><a class=\"sdfootnotesym\" name=\"sdfootnote12sym\"><\/a>12.\u00a0Frantz Fanon, \u00ab\u00a0Racisme et culture\u00a0\u00bb, dans\u00a0<i>Pour la r\u00e9volution africaine<\/i>,\u00a0<i><\/i>Paris, La D\u00e9couverte, 2001, p.\u202f40-41.<\/p>\n<\/div>\n<div id=\"sdfootnote13\">\n<p class=\"sdfootnote\"><a class=\"sdfootnotesym\" name=\"sdfootnote13sym\"><\/a>13.\u00a0Fanon, \u00ab\u00a0Appel aux Africains\u00a0\u00bb, dans <i>ibid.<\/i>,\u00a0p.\u202f156.<\/p>\n<\/div>\n<div id=\"sdfootnote14\">\n<p class=\"sdfootnote\"><a class=\"sdfootnotesym\" name=\"sdfootnote14sym\"><\/a>14.\u00a0Fanon, \u00ab\u2009La mort de Lumumba\u2009: Pouvions-nous faire autrement\u2009?\u2009\u00bb, dans <i>ibid.,\u00a0<\/i>p.\u202f222.<\/p>\n<\/div>\n<div id=\"sdfootnote15\">\n<p class=\"sdfootnote\"><a class=\"sdfootnotesym\" name=\"sdfootnote15sym\"><\/a>15.\u00a0Emmanuel Arghiri,\u00a0<i>L\u2019\u00c9change in\u00e9gal\u2009: Essai sur les antagonismes dans les rapports internationaux<\/i>,\u00a0<i><\/i>Paris, Fran\u00e7ois Maspero, 1978.<\/p>\n<\/div>\n<div id=\"sdfootnote16\">\n<p class=\"sdfootnote\"><a class=\"sdfootnotesym\" name=\"sdfootnote16sym\"><\/a>16.\u00a0Samir Amin, <i>L\u2019Accumulation \u00e0 l\u2019\u00e9chelle mondiale<\/i>, Paris, Anthropos, 1970.<\/p>\n<\/div>\n<div id=\"sdfootnote17\">\n<p class=\"sdfootnote\"><a class=\"sdfootnotesym\" name=\"sdfootnote17sym\"><\/a>17. Michel Debr\u00e9, \u00ab\u00a0Lettre adress\u00e9 \u00e0 L\u00e9on Mba\u00a0\u00bb, dat\u00e9e du 15\u202fjuillet 1960, cit\u00e9 dans Alfred Grosser,\u00a0<i>La Politique ext\u00e9rieure de la 5<\/i><i><sup>e<\/sup><\/i><i>\u00a0R\u00e9publique<\/i>,\u00a0<i><\/i>Paris, FNSP, 1965, p.\u202f74.<\/p>\n<\/div>\n<div id=\"sdfootnote18\">\n<p class=\"sdfootnote\"><a class=\"sdfootnotesym\" name=\"sdfootnote18sym\"><\/a>18.\u00a0Fran\u00e7ois-Xavier Verschave,\u00a0<i>La Fran\u00e7afrique\u2009: Le plus grand scandale de la R\u00e9publique<\/i>,\u00a0Paris, Stock, 1998, p.\u202f86.<\/p>\n<\/div>\n","protected":false},"excerpt":{"rendered":"<p>Avec l\u2019aimable autorisation des Editions Syllepse \u00ab\u00a0Je le r\u00e9p\u00e8te\u00a0: le colonialisme n\u2019est point mort. Il excelle pour se survivre, \u00e0 renouveler ses formes\u2009; apr\u00e8s les temps brutaux de la politique de domination, on a vu les temps plus hypocrites, mais non moins n\u00e9fastes, de la politique dite d\u2019Association ou d\u2019Union. Maintenant, nous assistons \u00e0 la &#8230; <a title=\"Introduction \u00e0 l\u2019ouvrage de Sa\u00efd Bouamama : \u00ab PLANTER du BLANC \u00bb\" class=\"read-more\" href=\"https:\/\/bruxelles-pantheres.be\/?p=4190\" aria-label=\"En savoir plus sur Introduction \u00e0 l\u2019ouvrage de Sa\u00efd Bouamama : \u00ab PLANTER du BLANC \u00bb\">Lire la suite<\/a><\/p>\n","protected":false},"author":1,"featured_media":4191,"comment_status":"open","ping_status":"open","sticky":false,"template":"","format":"standard","meta":{"footnotes":""},"categories":[1,21,36,7,18,28],"tags":[127],"class_list":["post-4190","post","type-post","status-publish","format-standard","has-post-thumbnail","hentry","category-non-classe","category-anti-imperialisme","category-europe","category-negrophobie","category-resistance-bruxelles","category-racismes","tag-said-bouamama"],"_links":{"self":[{"href":"https:\/\/bruxelles-pantheres.be\/index.php?rest_route=\/wp\/v2\/posts\/4190","targetHints":{"allow":["GET"]}}],"collection":[{"href":"https:\/\/bruxelles-pantheres.be\/index.php?rest_route=\/wp\/v2\/posts"}],"about":[{"href":"https:\/\/bruxelles-pantheres.be\/index.php?rest_route=\/wp\/v2\/types\/post"}],"author":[{"embeddable":true,"href":"https:\/\/bruxelles-pantheres.be\/index.php?rest_route=\/wp\/v2\/users\/1"}],"replies":[{"embeddable":true,"href":"https:\/\/bruxelles-pantheres.be\/index.php?rest_route=%2Fwp%2Fv2%2Fcomments&post=4190"}],"version-history":[{"count":1,"href":"https:\/\/bruxelles-pantheres.be\/index.php?rest_route=\/wp\/v2\/posts\/4190\/revisions"}],"predecessor-version":[{"id":4193,"href":"https:\/\/bruxelles-pantheres.be\/index.php?rest_route=\/wp\/v2\/posts\/4190\/revisions\/4193"}],"wp:featuredmedia":[{"embeddable":true,"href":"https:\/\/bruxelles-pantheres.be\/index.php?rest_route=\/wp\/v2\/media\/4191"}],"wp:attachment":[{"href":"https:\/\/bruxelles-pantheres.be\/index.php?rest_route=%2Fwp%2Fv2%2Fmedia&parent=4190"}],"wp:term":[{"taxonomy":"category","embeddable":true,"href":"https:\/\/bruxelles-pantheres.be\/index.php?rest_route=%2Fwp%2Fv2%2Fcategories&post=4190"},{"taxonomy":"post_tag","embeddable":true,"href":"https:\/\/bruxelles-pantheres.be\/index.php?rest_route=%2Fwp%2Fv2%2Ftags&post=4190"}],"curies":[{"name":"wp","href":"https:\/\/api.w.org\/{rel}","templated":true}]}}