{"id":4194,"date":"2019-05-19T01:59:20","date_gmt":"2019-05-19T00:59:20","guid":{"rendered":"https:\/\/bruxelles-pantheres.be\/?p=4194"},"modified":"2019-05-19T01:59:20","modified_gmt":"2019-05-19T00:59:20","slug":"sauvons-le-droit-dasile-stop-dublin","status":"publish","type":"post","link":"https:\/\/bruxelles-pantheres.be\/?p=4194","title":{"rendered":"Sauvons le droit d\u2019asile STOP DUBLIN"},"content":{"rendered":"<p style=\"text-align: center;\"><strong>Mobilisation europ\u00e9enne, et manifestation \u00e0 Bruxelles, le 25 mai 2019<\/strong><\/p>\n<p>Chaque jour, nous constatons que le r\u00e8glement Dublin constitue le principal obstacle \u00e0 l&rsquo;acc\u00e8s au droit d&rsquo;asile. Le libre choix du pays d&rsquo;accueil par les demandeurs d&rsquo;asile passe par l&rsquo;abrogation du r\u00e8glement Dublin.<\/p>\n<p>Devant l&rsquo;amplification des expulsions et de la pr\u00e9carisation des dublin\u00e9.e.s, devant les situations de d\u00e9tresse et les violations r\u00e9p\u00e9t\u00e9es des droits humains, devant les difficult\u00e9s que nous rencontrons en tant qu&rsquo;associations pour accompagner concr\u00e8tement ces personnes, il est grand temps dire STOP au syst\u00e8me Dublin !<\/p>\n<p>Avec le soutient de :<br \/>\nStop Dublin Campaign<br \/>\nBruxelles Panth\u00e8res<br \/>\nBelgium Kitchen<br \/>\nCRER<br \/>\nGetting the voice out<br \/>\nMRAX<\/p>\n<p align=\"JUSTIFY\"><u><b>Mobilisation europ\u00e9enne<\/b><\/u><b>\u00a0:<\/b><\/p>\n<p align=\"JUSTIFY\"><a href=\"http:\/\/www.stopdublin.eu\/\"><b>www.stopdublin.eu<\/b><\/a><b> <\/b><\/p>\n<p align=\"JUSTIFY\">Facebook : <b><\/b><a href=\"https:\/\/www.facebook.com\/events\/365913687372876\/\">Campagne Stop Dublin \u00e0 Bruxelles<\/a><b><\/b><\/p>\n<p align=\"JUSTIFY\">ou <b>StopDublinCampaign-France<\/b><\/p>\n<p align=\"JUSTIFY\"><u>\u00c0 Bruxelles<\/u> : manifestation le 25 mai 2019 \u00e0 14h<\/p>\n<p align=\"JUSTIFY\"><span id=\"u_jsonp_31_t\" class=\"_5xhk\">Place du Luxembourg, 1050 Ixelles, Belgique<\/span><!--more--><\/p>\n<p align=\"JUSTIFY\"><strong><b>Les exile(e)s ne peuvent pas choisir le pays dans lequel ils souhaiteraient demander l\u2019asile.<\/b><\/strong><\/p>\n<p align=\"JUSTIFY\">Le R\u00e8glement dit \u00ab\u00a0Dublin III\u00a0\u00bb pr\u00e9voit qu\u2019une demande d\u2019asile doit \u00eatre examin\u00e9e dans le premier pays europ\u00e9en ou les empreintes du demandeur d\u2019asile ont \u00e9t\u00e9 prises. Les demandeurs d\u2019asile arrivant principalement dans les \u00c9tats a la fronti\u00e8re sud de l\u2019Union Europ\u00e9enne\u00a0(Italie, Gr\u00e8ce, Espagne, Bulgarie\u2026), leurs empreintes y sont prises de fa\u00e7on plus ou moins forc\u00e9e\u00a0: ils sont automatiquement soumis a ce r\u00e8glement. L\u2019Europe a fait le choix de r\u00e9pondre a la \u00ab\u00a0crise migratoire\u00a0\u00bb en cr\u00e9ant une v\u00e9ritable crise de l\u2019accueil.<span id=\"more-38603\"><\/span><\/p>\n<p align=\"JUSTIFY\"><strong><b>Le syst\u00e8me Dublin nie la solidarit\u00e9 entre les \u00c9tats\u00a0!<\/b><\/strong><\/p>\n<p align=\"JUSTIFY\">Le r\u00e8glement Dublin n\u2019est pas une politique d\u2019asile. Il permet aux pays du nord de l\u2019Europe de renvoyer les demandeurs d\u2019asile, essentiellement dans les pays du sud qui doivent assumer la gestion de presque toutes les demandes d\u2019asile.<\/p>\n<p align=\"JUSTIFY\"><strong><b>Le syst\u00e8me Dublin nuit gravement au droit d\u2019asile\u00a0!<\/b><\/strong><\/p>\n<p align=\"JUSTIFY\">Encore aujourd\u2019hui, tous les pays ne se sont pas mis d\u2019accord sur un syst\u00e8me d\u2019asile europ\u00e9en. Selon la nationalit\u00e9 et le pays ou la demande est d\u00e9pos\u00e9e, la protection n\u2019est pas la m\u00eame. C\u2019est un syst\u00e8me par ricochet\u00a0: les \u00c9tats renvoient des demandeurs d\u2019asile vers les pays d\u2019arriv\u00e9e se rendant ainsi complices des expulsions pratiqu\u00e9es vers les pays d\u2019origine a haut risque.<\/p>\n<p align=\"JUSTIFY\"><strong><b>Le syst\u00e8me Dublin est co\u00fbteux, absurde et inefficace\u00a0!<\/b><\/strong><\/p>\n<p align=\"JUSTIFY\">Des millions d\u2019euros sont d\u00e9penses chaque ann\u00e9e par les \u00c9tats pour contr\u00f4ler leurs fronti\u00e8res et se renvoyer les demandeurs d\u2019asile qui errent d\u2019un pays a l\u2019autre pendant des mois.<\/p>\n<p align=\"JUSTIFY\">En France en 2016, il y a eu autant de Dublin\u00e9s renvoy\u00e9s que de Dublin\u00e9s r\u00e9admis depuis d\u2019autres pays\u00a0!<\/p>\n<p align=\"JUSTIFY\">Tout cet argent d\u00e9pens\u00e9 dans l\u2019application du r\u00e8glement Dublin pourrait \u00eatre utilise pour une v\u00e9ritable politique d\u2019accueil.<\/p>\n<p align=\"JUSTIFY\"><strong><b>Le syst\u00e8me Dublin nuit gravement \u00e0 la sant\u00e9 des exiles\u00a0!<\/b><\/strong><\/p>\n<p align=\"JUSTIFY\">Les \u00ab\u00a0dublin\u00e9s\u00a0\u00bb font l\u2019objet de mesures punitives pour les forcer a accepter leurs transferts\u00a0: prives des conditions mat\u00e9rielles d\u2019accueil et de ressources, remis a la rue, ils sont confrontes a de graves probl\u00e8mes de sant\u00e9 physique et psychique.<\/p>\n<p align=\"JUSTIFY\">Le syst\u00e8me Dublin emp\u00eache l\u2019int\u00e9gration des r\u00e9fugi\u00e9s\u00a0!<\/p>\n<p align=\"JUSTIFY\">La proc\u00e9dure Dublin allonge le temps avant de pouvoir demander l\u2019asile et obtenir une protection internationale. Apr\u00e8s de longs mois dans l\u2019angoisse d\u2019un renvoi, en errance ou a la rue, comment se reconstruire durablement et engager un projet de vie\u00a0?<\/p>\n<p align=\"JUSTIFY\"><strong><b>Pour sortir de cette politique inhumaine, absurde, inefficace et co\u00fbteuse, le demandeur d\u2019asile doit avoir le choix du pays ou d\u00e9poser sa demande\u00a0: en cons\u00e9quence le r\u00e8glement Dublin\u00a0III doit \u00eatre abroge.<\/b><\/strong><\/p>\n<p align=\"JUSTIFY\"><strong>\u00a0<\/strong><\/p>\n<p align=\"JUSTIFY\"><strong><b>T\u00e9l\u00e9chargez\u00a0:<\/b><\/strong><\/p>\n<ul>\n<li>\n<p align=\"JUSTIFY\">Le\u00a0<strong><a href=\"http:\/\/www.gisti.org\/IMG\/pdf\/plaidoyer_fr_1_-1.pdf\"><u>document \u00ab\u00a0Sauvons le droit d\u2019asile STOP DUBLIN\u00a0\u00bb<\/u><\/a><\/strong>\u00a0(8 pages)<\/p>\n<\/li>\n<\/ul>\n<ul>\n<li>\n<p align=\"JUSTIFY\">Le\u00a0<strong><a href=\"http:\/\/www.gisti.org\/IMG\/pdf\/tract_a4_fr.pdf\"><u>tract d\u2019appel \u00e0 la mobilisation europ\u00e9enne<\/u><\/a><\/strong><\/p>\n<\/li>\n<\/ul>\n<ul>\n<li>\n<p align=\"JUSTIFY\">Le\u00a0<strong><a href=\"http:\/\/www.gisti.org\/IMG\/pdf\/tract_a4_paris_2_.pdf\"><u>tract d\u2019appel \u00e0 la manifestation parisienne<\/u><\/a><\/strong><\/p>\n<\/li>\n<\/ul>\n<p align=\"JUSTIFY\"><strong><b>Qui sommes-nous\u00a0?<\/b><\/strong><strong>\u00a0<\/strong><\/p>\n<p align=\"JUSTIFY\">STOP DUBLIN Campaign est une initiative europ\u00e9enne de citoyens solidaires engag\u00e9s quotidiennement aupr\u00e8s des demandeurs d\u2019asile, port\u00e9e en France par la Coordination Fran\u00e7aise du Droit d\u2019Asile\u00a0\u2013 CFDA, le Collectif pour une Nation Refuge\u00a0\u2013 CNR, et les Etats G\u00e9n\u00e9raux des Migrations\u00a0\u2013 EGM.<\/p>\n<p align=\"JUSTIFY\">Elle est le fruit d\u2019un constat d\u2019impuissance face aux d\u00e9rives de la proc\u00e9dure Dublin, et de la g\u00e9n\u00e9ralisation de l\u2019application de cette proc\u00e9dure aux demandeurs d\u2019asile. Ces derniers sont transf\u00e9r\u00e9s d\u2019un Etat europ\u00e9en \u00e0 l\u2019autre en vertu de ce r\u00e8glement, sans prise en compte de leur choix. Cette proc\u00e9dure, non seulement dysfonctionnelle, expose les demandeurs \u00e0 un d\u00e9ni du droit d\u2019asile.<\/p>\n<p align=\"JUSTIFY\">Soumis \u00e0 cette proc\u00e9dure, les demandeurs d\u2019asile \u00ab\u00a0dublin\u00e9s\u00a0\u00bb font face \u00e0 une ins\u00e9curit\u00e9 qui peut avoir des cons\u00e9quences physiques et psychologiques s\u00e9v\u00e8res. Ceux qui soutiennent les personnes dublin\u00e9es sont t\u00e9moins de situations de plus en plus fr\u00e9quentes de d\u00e9tresse extr\u00eame et sont d\u00e9munis face au durcissement l\u00e9gislatifs ou institutionnels qui emp\u00eachent les dublin\u00e9s d\u2019acc\u00e9der \u00e0 leurs droits.<\/p>\n<p align=\"JUSTIFY\"><img decoding=\"async\" class=\"aligncenter size-full wp-image-38604\" src=\"https:\/\/entreleslignesentrelesmots.files.wordpress.com\/2019\/05\/tract_a4_paris_2_.jpg?w=500&amp;h=707\" sizes=\"(max-width: 500px) 100vw, 500px\" srcset=\"https:\/\/entreleslignesentrelesmots.files.wordpress.com\/2019\/05\/tract_a4_paris_2_.jpg?w=500&amp;h=707 500w, https:\/\/entreleslignesentrelesmots.files.wordpress.com\/2019\/05\/tract_a4_paris_2_.jpg?w=1000&amp;h=1414 1000w, https:\/\/entreleslignesentrelesmots.files.wordpress.com\/2019\/05\/tract_a4_paris_2_.jpg?w=106&amp;h=150 106w, https:\/\/entreleslignesentrelesmots.files.wordpress.com\/2019\/05\/tract_a4_paris_2_.jpg?w=212&amp;h=300 212w, https:\/\/entreleslignesentrelesmots.files.wordpress.com\/2019\/05\/tract_a4_paris_2_.jpg?w=768&amp;h=1086 768w, https:\/\/entreleslignesentrelesmots.files.wordpress.com\/2019\/05\/tract_a4_paris_2_.jpg?w=724&amp;h=1024 724w\" alt=\"\" width=\"500\" height=\"707\" data-attachment-id=\"38604\" data-permalink=\"https:\/\/entreleslignesentrelesmots.blog\/2019\/05\/14\/sauvons-le-droit-dasile-stop-dublin\/tract_a4_paris_2_\/\" data-orig-file=\"https:\/\/entreleslignesentrelesmots.files.wordpress.com\/2019\/05\/tract_a4_paris_2_.jpg\" data-orig-size=\"1240,1753\" data-comments-opened=\"1\" data-image-meta=\"{&quot;aperture&quot;:&quot;0&quot;,&quot;credit&quot;:&quot;&quot;,&quot;camera&quot;:&quot;&quot;,&quot;caption&quot;:&quot;&quot;,&quot;created_timestamp&quot;:&quot;0&quot;,&quot;copyright&quot;:&quot;&quot;,&quot;focal_length&quot;:&quot;0&quot;,&quot;iso&quot;:&quot;0&quot;,&quot;shutter_speed&quot;:&quot;0&quot;,&quot;title&quot;:&quot;&quot;,&quot;orientation&quot;:&quot;0&quot;}\" data-image-title=\"tract_a4_paris_2_\" data-image-description=\"\" data-medium-file=\"https:\/\/entreleslignesentrelesmots.files.wordpress.com\/2019\/05\/tract_a4_paris_2_.jpg?w=212\" data-large-file=\"https:\/\/entreleslignesentrelesmots.files.wordpress.com\/2019\/05\/tract_a4_paris_2_.jpg?w=500\" \/><\/p>\n","protected":false},"excerpt":{"rendered":"<p>Mobilisation europ\u00e9enne, et manifestation \u00e0 Bruxelles, le 25 mai 2019 Chaque jour, nous constatons que le r\u00e8glement Dublin constitue le principal obstacle \u00e0 l&rsquo;acc\u00e8s au droit d&rsquo;asile. Le libre choix du pays d&rsquo;accueil par les demandeurs d&rsquo;asile passe par l&rsquo;abrogation du r\u00e8glement Dublin. Devant l&rsquo;amplification des expulsions et de la pr\u00e9carisation des dublin\u00e9.e.s, devant les &#8230; <a title=\"Sauvons le droit d\u2019asile STOP DUBLIN\" class=\"read-more\" href=\"https:\/\/bruxelles-pantheres.be\/?p=4194\" aria-label=\"En savoir plus sur Sauvons le droit d\u2019asile STOP DUBLIN\">Lire la suite<\/a><\/p>\n","protected":false},"author":1,"featured_media":4195,"comment_status":"open","ping_status":"open","sticky":false,"template":"","format":"standard","meta":{"footnotes":""},"categories":[1,35,21,36,8,18,28,39,5],"tags":[410,241],"class_list":["post-4194","post","type-post","status-publish","format-standard","has-post-thumbnail","hentry","category-non-classe","category-amerique-du-sud","category-anti-imperialisme","category-europe","category-prisons","category-resistance-bruxelles","category-racismes","category-sans-papier","category-violence-policiere","tag-migrants","tag-sans-papiers"],"_links":{"self":[{"href":"https:\/\/bruxelles-pantheres.be\/index.php?rest_route=\/wp\/v2\/posts\/4194","targetHints":{"allow":["GET"]}}],"collection":[{"href":"https:\/\/bruxelles-pantheres.be\/index.php?rest_route=\/wp\/v2\/posts"}],"about":[{"href":"https:\/\/bruxelles-pantheres.be\/index.php?rest_route=\/wp\/v2\/types\/post"}],"author":[{"embeddable":true,"href":"https:\/\/bruxelles-pantheres.be\/index.php?rest_route=\/wp\/v2\/users\/1"}],"replies":[{"embeddable":true,"href":"https:\/\/bruxelles-pantheres.be\/index.php?rest_route=%2Fwp%2Fv2%2Fcomments&post=4194"}],"version-history":[{"count":1,"href":"https:\/\/bruxelles-pantheres.be\/index.php?rest_route=\/wp\/v2\/posts\/4194\/revisions"}],"predecessor-version":[{"id":4196,"href":"https:\/\/bruxelles-pantheres.be\/index.php?rest_route=\/wp\/v2\/posts\/4194\/revisions\/4196"}],"wp:featuredmedia":[{"embeddable":true,"href":"https:\/\/bruxelles-pantheres.be\/index.php?rest_route=\/wp\/v2\/media\/4195"}],"wp:attachment":[{"href":"https:\/\/bruxelles-pantheres.be\/index.php?rest_route=%2Fwp%2Fv2%2Fmedia&parent=4194"}],"wp:term":[{"taxonomy":"category","embeddable":true,"href":"https:\/\/bruxelles-pantheres.be\/index.php?rest_route=%2Fwp%2Fv2%2Fcategories&post=4194"},{"taxonomy":"post_tag","embeddable":true,"href":"https:\/\/bruxelles-pantheres.be\/index.php?rest_route=%2Fwp%2Fv2%2Ftags&post=4194"}],"curies":[{"name":"wp","href":"https:\/\/api.w.org\/{rel}","templated":true}]}}