{"id":4197,"date":"2019-05-19T14:08:20","date_gmt":"2019-05-19T13:08:20","guid":{"rendered":"https:\/\/bruxelles-pantheres.be\/?p=4197"},"modified":"2019-05-19T14:08:20","modified_gmt":"2019-05-19T13:08:20","slug":"mawda-medusa-une-nouvelle-politique-de-la-race","status":"publish","type":"post","link":"https:\/\/bruxelles-pantheres.be\/?p=4197","title":{"rendered":"Mawda, M\u00e9dusa : une nouvelle politique de la race"},"content":{"rendered":"<blockquote class=\"_2cuy _509u _2vxa\"><p>\u00ab Les personnes en s\u00e9jour ill\u00e9gal constituant une menace pour la s\u00e9curit\u00e9 nationale (sic) seront recherch\u00e9es en priorit\u00e9 et renvoy\u00e9es au plus vite vers leur pays d\u2019origine. L\u2019arriv\u00e9e massive de demandeurs d\u2019asile a cr\u00e9\u00e9 le besoin d\u2019entreprendre une action visant \u00e0 maintenir un contr\u00f4le maximal sur cet afflux. L\u2019action M\u00e9dusa a \u00e9t\u00e9 mise sur pied dans cette optique-l\u00e0. \u00bb (cf. \u00ab note de politique g\u00e9n\u00e9rale \u00bb pr\u00e9sent\u00e9e au parlement par le gouvernement le 3 novembre 2015)<\/p><\/blockquote>\n<div class=\"_2cuy _3dgx _2vxa\">Le cadre op\u00e9rationnel M\u00e9dusa mit en place par le gouvernement Michel (et encore r\u00e9cemment d\u00e9fendu par Pieter De Crem) consid\u00e8re les (trans)migrants comme une \u00ab menace \u00e0 la s\u00e9curit\u00e9 nationale \u00bb. Le \u00ab Plan M\u00e9dusa 2 \u00bb a \u00e9t\u00e9 lanc\u00e9 en octobre 2017 en pr\u00e9vision de la fermeture du camp de migrants de Calais et visait \u00e0 refouler les migrants \u00e0 la fronti\u00e8re franco-belge qui tentaient de passer par la Flandre. Depuis ce cadre op\u00e9rationnel s\u2019est \u00e9tendu aux autoroutes vers la France ainsi qu\u2019aux gares. Notamment en conf\u00e9rant des missions sp\u00e9ciales \u00e0 la police des autoroutes et du rail. Aujourd\u2019hui ce dispositif de traques aux migrants vient se brancher sur un screening des demandes d\u2019asile par la s\u00fbret\u00e9 de l\u2019\u00c9tat sens\u00e9 identifier les \u00ab menaces potentielles pour l\u2019ordre public \u00bb.<\/div>\n<p><!--more--><\/p>\n<div style=\"text-align: center;\"><\/div>\n<div class=\"_2cuy _3dgx _2vxa\">M\u00e9dusa est ainsi devenue le nom inf\u00e2me d\u2019une fronti\u00e8re invisible qui sature l\u2019espace de la circulation (autoroutes, gares, a\u00e9roports, trains, trams, m\u00e9tro, etc.), elle est devenue le nom d\u2019une nouvelle logique d\u2019apartheid. M\u00e9dusa est le nom d\u2019une nouvelle politique de la race. Elle se d\u00e9ploie comme une technologie de gouvernement par laquelle la dimension de la mort se trouve (r\u00e9)introduite dans les pratiques du biopouvoir ; elle en constitue le versant n\u00e9cropolitique. Et comme tout dispositif de pouvoir M\u00e9dusa produit aussi une fa\u00e7on de penser, elle g\u00e9n\u00e8re un ensemble de propositions discursives. C\u2019est sur cet imaginaire racial du migrant comme \u00ab menace \u00e0 la s\u00e9curit\u00e9 nationale \u00bb que s\u2019est appuy\u00e9, depuis le d\u00e9but, le parquet de Mons dans l\u2019affaire Mawda. Cet esprit M\u00e9dusa est la trame narrative qui circule \u00e0 travers les diff\u00e9rentes versions des \u00e9v\u00e9nements construites par le parquet de Mons et en surd\u00e9termine la coh\u00e9rence : \u00ab l\u2019\u00e9change de tir \u00bb, \u00ab Mawda utilis\u00e9e comme enfant b\u00e9lier \u00bb, \u00ab la folle course poursuite \u00bb et aujourd\u2019hui \u00ab la camionnette comme arme par destination \u00bb. Cette derni\u00e8re fiction couple la politique de la race avec une sorte d\u2019imaginaire islamophobe. Le lien se fait imm\u00e9diatement dans l\u2019inconscient islamophobe d\u2019une partie de la population entre la camionnette consid\u00e9r\u00e9e comme \u00ab arme par destination \u00bb et les \u00ab attentats \u00bb de Nice. Dans ces diff\u00e9rentes versions, il s\u2019agit, \u00e0 chaque fois, d\u2019ent\u00e9riner l\u2019id\u00e9e d\u2019une l\u00e9gitime d\u00e9fense pr\u00e9ventive de la part de la police contre les migrants.<\/div>\n<div><\/div>\n<div class=\"_2cuy _3dgx _2vxa\">On ne peut pas comprendre l\u2019affaire Mawda sans prendre en compte cette nouvelle politique de la race. Mawda est le nom d\u2019un point de rupture dans cette politique, d\u2019une interruption profonde de sa naturalit\u00e9 qui devrait nous contraindre \u00e0 interroger en profondeur les types d\u2019assujettissement, les types de subjectivit\u00e9s que fabrique M\u00e9dusa. Mawda est le nom d\u2019une forme de subjectivation politique qui s\u2019articule autour de deux exigences : la v\u00e9rit\u00e9 et la justice.<\/div>\n<div><\/div>\n<div><a class=\"_2yug\" href=\"https:\/\/www.facebook.com\/jimmy.picard.180\" target=\"_blank\" rel=\"noopener noreferrer\">Martin Vander Elst<\/a><span class=\"_4_mg\">\u00b7<\/span><a class=\"uiLinkSubtle\" href=\"https:\/\/www.facebook.com\/notes\/martin-vander-elst\/mawda-m%C3%A9dusa-une-nouvelle-politique-de-la-race\/2377485042487644\/\">Dimanche 19 mai 2019<\/a><\/div>\n<div><a href=\"https:\/\/bruxelles-pantheres.be\/wp-content\/uploads\/2019\/01\/IMG-9653-Mawda-1-1100x715.jpg\"><img decoding=\"async\" class=\"size-full wp-image-4030 aligncenter\" src=\"https:\/\/bruxelles-pantheres.be\/wp-content\/uploads\/2019\/01\/IMG-9653-Mawda-1-1100x715.jpg\" alt=\"\" width=\"1100\" height=\"715\" srcset=\"https:\/\/bruxelles-pantheres.be\/wp-content\/uploads\/2019\/01\/IMG-9653-Mawda-1-1100x715.jpg 1100w, https:\/\/bruxelles-pantheres.be\/wp-content\/uploads\/2019\/01\/IMG-9653-Mawda-1-1100x715-300x195.jpg 300w, https:\/\/bruxelles-pantheres.be\/wp-content\/uploads\/2019\/01\/IMG-9653-Mawda-1-1100x715-1024x666.jpg 1024w, https:\/\/bruxelles-pantheres.be\/wp-content\/uploads\/2019\/01\/IMG-9653-Mawda-1-1100x715-768x499.jpg 768w, https:\/\/bruxelles-pantheres.be\/wp-content\/uploads\/2019\/01\/IMG-9653-Mawda-1-1100x715-600x390.jpg 600w\" sizes=\"(max-width: 1100px) 100vw, 1100px\" \/><\/a><\/div>\n","protected":false},"excerpt":{"rendered":"<p>\u00ab Les personnes en s\u00e9jour ill\u00e9gal constituant une menace pour la s\u00e9curit\u00e9 nationale (sic) seront recherch\u00e9es en priorit\u00e9 et renvoy\u00e9es au plus vite vers leur pays d\u2019origine. L\u2019arriv\u00e9e massive de demandeurs d\u2019asile a cr\u00e9\u00e9 le besoin d\u2019entreprendre une action visant \u00e0 maintenir un contr\u00f4le maximal sur cet afflux. L\u2019action M\u00e9dusa a \u00e9t\u00e9 mise sur pied &#8230; <a title=\"Mawda, M\u00e9dusa : une nouvelle politique de la race\" class=\"read-more\" href=\"https:\/\/bruxelles-pantheres.be\/?p=4197\" aria-label=\"En savoir plus sur Mawda, M\u00e9dusa : une nouvelle politique de la race\">Lire la suite<\/a><\/p>\n","protected":false},"author":1,"featured_media":4198,"comment_status":"open","ping_status":"open","sticky":false,"template":"","format":"standard","meta":{"footnotes":""},"categories":[21,36,28,39,5],"tags":[306,410],"class_list":["post-4197","post","type-post","status-publish","format-standard","has-post-thumbnail","hentry","category-anti-imperialisme","category-europe","category-racismes","category-sans-papier","category-violence-policiere","tag-martin-vander-elst","tag-migrants"],"_links":{"self":[{"href":"https:\/\/bruxelles-pantheres.be\/index.php?rest_route=\/wp\/v2\/posts\/4197","targetHints":{"allow":["GET"]}}],"collection":[{"href":"https:\/\/bruxelles-pantheres.be\/index.php?rest_route=\/wp\/v2\/posts"}],"about":[{"href":"https:\/\/bruxelles-pantheres.be\/index.php?rest_route=\/wp\/v2\/types\/post"}],"author":[{"embeddable":true,"href":"https:\/\/bruxelles-pantheres.be\/index.php?rest_route=\/wp\/v2\/users\/1"}],"replies":[{"embeddable":true,"href":"https:\/\/bruxelles-pantheres.be\/index.php?rest_route=%2Fwp%2Fv2%2Fcomments&post=4197"}],"version-history":[{"count":1,"href":"https:\/\/bruxelles-pantheres.be\/index.php?rest_route=\/wp\/v2\/posts\/4197\/revisions"}],"predecessor-version":[{"id":4199,"href":"https:\/\/bruxelles-pantheres.be\/index.php?rest_route=\/wp\/v2\/posts\/4197\/revisions\/4199"}],"wp:featuredmedia":[{"embeddable":true,"href":"https:\/\/bruxelles-pantheres.be\/index.php?rest_route=\/wp\/v2\/media\/4198"}],"wp:attachment":[{"href":"https:\/\/bruxelles-pantheres.be\/index.php?rest_route=%2Fwp%2Fv2%2Fmedia&parent=4197"}],"wp:term":[{"taxonomy":"category","embeddable":true,"href":"https:\/\/bruxelles-pantheres.be\/index.php?rest_route=%2Fwp%2Fv2%2Fcategories&post=4197"},{"taxonomy":"post_tag","embeddable":true,"href":"https:\/\/bruxelles-pantheres.be\/index.php?rest_route=%2Fwp%2Fv2%2Ftags&post=4197"}],"curies":[{"name":"wp","href":"https:\/\/api.w.org\/{rel}","templated":true}]}}