{"id":4205,"date":"2019-05-20T23:57:06","date_gmt":"2019-05-20T22:57:06","guid":{"rendered":"https:\/\/bruxelles-pantheres.be\/?p=4205"},"modified":"2019-05-20T23:57:06","modified_gmt":"2019-05-20T22:57:06","slug":"avant-les-elections-dans-lue-arret-sur-la-notion-de-democratie","status":"publish","type":"post","link":"https:\/\/bruxelles-pantheres.be\/?p=4205","title":{"rendered":"Avant les \u00e9lections dans l\u2019UE, arr\u00eat sur la notion de \u00abd\u00e9mocratie\u00bb"},"content":{"rendered":"<p>A l\u2019approche des \u00e9lections europ\u00e9ennes du 26 mai, les discours qui manieront la notion de \u00ab\u00a0d\u00e9mocratie\u00a0\u00bb risquent bien de fleurir <i>ad nauseam<\/i> sur les ondes. Or, \u00e0 la suite de divers \u00e9v\u00e8nements ces derni\u00e8res ann\u00e9es, les citoyens de l\u2019UE sont en droit de se demander ce que recouvre encore ce terme tant galvaud\u00e9 \u00e0 droite comme \u00e0 gauche, qu\u2019il en devient suspect.<\/p>\n<p>A l\u2019origine, le terme \u00ab\u00a0d\u00e9mocratie\u00a0\u00bb issu du grec demos (peuple) et kratos (pouvoir), signifie que le pouvoir est une \u00e9manation du peuple, par le peuple et pour le peuple.<\/p>\n<p>Cette \u00ab\u00a0d\u00e9mocratie\u00a0\u00bb ath\u00e9nienne n\u2019est pas n\u00e9e du hasard\u00a0: au fil d\u2019\u00e2pres luttes, elle a \u00e9merg\u00e9 en opposition \u00e0 une oligarchie qui pr\u00e9valait \u00e0 l\u2019\u00e9poque \u2013 d\u00e9j\u00e0\u00a0! \u2013 o\u00f9 un petit groupe d\u2019aristocrates menait les affaires en fonction de ses int\u00e9r\u00eats, faisant passer ceux de la population bien apr\u00e8s les siens. Et il a fallu quelques si\u00e8cles, avec tous les obstacles que l\u2019on imagine, pour qu\u2019elle pr\u00e9vale sur l\u2019ancien mode de fonctionnement des institutions en place auxquelles s\u2019accrochait la classe ais\u00e9e.<!--more--><\/p>\n<p>Il en r\u00e9sulta que la population participait de mani\u00e8re directe aux d\u00e9cisions, et non plus de mani\u00e8re repr\u00e9sentative, comme c\u2019est \u00e0 nouveau le cas dans notre syst\u00e8me contemporain. Ainsi, lors de votes ou de d\u00e9cisions importantes concernant la cit\u00e9, chaque citoyen, quel que soit son statut social et ses avoirs, pouvait faire valoir sa voix.<\/p>\n<p>Les choses n\u2019\u00e9tant pas \u00e9ternelles, quand au fil des guerres la Gr\u00e8ce perdit de son aura et que Rome commen\u00e7a \u00e0 \u00e9tendre la sienne, celle-ci instaura en lieu et place de la \u00ab\u00a0d\u00e9mocratie\u00a0\u00bb, la \u00ab\u00a0res publica\u00a0\u00bb, la R\u00e9publique. O\u00f9 le pouvoir revenait \u00e0 quelques groupes de personnes plus fortun\u00e9es que les autres. Quand on dit que l\u2019histoire est un \u00e9ternel recommencement\u2026<\/p>\n<p>[Pour une br\u00e8ve histoire des alternances et formes de pouvoirs, lire l\u2019excellent r\u00e9sum\u00e9 <a href=\"http:\/\/www.paricilademocratie.com\/approfondir\/pouvoirs-et-democratie\/1434-origines-de-la-democratie-d-athenes-a-aujourd-hui\">(ici) ]<\/a><\/p>\n<p>Si l\u2019\u00e9tymologie du mot renvoie \u00e0 la Gr\u00e8ce antique, de nos jours la \u00ab\u00a0d\u00e9mocratie\u00a0\u00bb ne semble en avoir h\u00e9rit\u00e9 que quelques lointains souvenirs. Au cours des si\u00e8cles, \u00e0 travers les m\u00e9andres de l\u2019histoire, la notion de \u00ab\u00a0d\u00e9mocratie\u00a0\u00bb, comme n\u2019importe quel autre domaine, a sensiblement \u00e9volu\u00e9. Et la \u00ab\u00a0d\u00e9mocratie\u00a0\u00bb actuelle semble avoir peu de choses en commun avec celle des origines.<\/p>\n<p>Bien \u00e9loign\u00e9 des discours officiels et des roulements de tambours nationalistes, prenons quelques exemples concrets r\u00e9cents, \u00e0 partir des ann\u00e9es 2000, pour v\u00e9rifier ce qu\u2019il en est\u00a0:<\/p>\n<ul>\n<li>la pitoyable mise en sc\u00e8ne \u00e0 l\u2019ONU de l\u2019un des plus hauts diplomates am\u00e9ricains, le secr\u00e9taire d\u2019Etat Colin Powell, agitant sa petite fiole cens\u00e9e contenir un peu de la substance pr\u00e9sent\u00e9e comme \u00ab\u00a0arme de destruction massive\u00a0\u00bb irakienne pour justifier l\u2019intervention militaire que l\u2019on sait, \u00e9tait-elle une d\u00e9cision des peuples\u00a0?<\/li>\n<li>les guerres au Moyen-Orient \u2013 Afghanistan, Irak, Libye, Syrie, Y\u00e9men, Soudan, sans oublier celle coloniale contre la Palestine \u2013 men\u00e9es principalement par l\u2019Occident sont-elles des d\u00e9cisions des peuples\u00a0?<\/li>\n<li>les prisons d\u00e9shumanis\u00e9es d\u2019Abou Ghra\u00efb et de Guantanamo o\u00f9 les forces am\u00e9ricaines se sont livr\u00e9es \u00e0 de sordides tortures, violant all\u00e8grement les Droits \u00e9l\u00e9mentaires de l\u2019int\u00e9grit\u00e9 humaine, et leurs relais dans certains pays europ\u00e9ens sont-elles des d\u00e9cisions des peuples\u00a0?<\/li>\n<li>l\u2019adoption du Trait\u00e9 de Lisbonne en lieu et place du refus du Trait\u00e9 constitutionnel par plusieurs referendum populaires de certains pays europ\u00e9ens, est-elle une d\u00e9cision des peuples\u00a0?<\/li>\n<li>la poursuite des ventes d\u2019armes \u00e0 des dictatures qui les utilisent pour terroriser leur opposition et mener des guerres en-dehors de leurs fronti\u00e8res \u2013 et non pour se d\u00e9fendre d\u2019\u00e9ventuelles agressions \u2013 est-elle une d\u00e9cision des peuples\u00a0?<\/li>\n<li>le pillage de pays principalement africains pour y voler les ressources naturelles indispensables \u00e0 notre confort tout en y maintenant les populations locales dans une mis\u00e8re accablante est-il une d\u00e9cisions des peuples\u00a0?<\/li>\n<li>l\u2019aide de certains citoyens d\u00e9sormais punie sous l\u2019appellation de \u00ab\u00a0d\u00e9lit de solidarit\u00e9\u00a0\u00bb aux immigr\u00e9s que nos gouvernements fabriquent directement en poursuivant le bombardement et les guerres contre des pays qui ne nous ont rien fait, jetant leurs habitants dans une pr\u00e9carit\u00e9 sans nom, est-elle une d\u00e9cision des peuples\u00a0?<\/li>\n<li>les menaces belliqueuses constantes des USA et d\u2019Isra\u00ebl, et par ricochet de l\u2019UE soumise et asservie \u00e0 l\u2019Empire, sur tout pays qui ne se plie pas aux dictats am\u00e9ricains \u2013 Venezuela, Russie, Cuba, Iran, Cor\u00e9e du Nord, Chine, Palestine, \u2026 \u2013 sont-elles des d\u00e9cisions des peuples\u00a0?<\/li>\n<li>les strat\u00e9gies et choix commerciaux invasifs et agressifs men\u00e9s par les groupes industriels transnationaux \u00e0 l\u2019encontre de tout respect de l\u2019environnement, mena\u00e7ant la biodiversit\u00e9 et la vie m\u00eame des esp\u00e8ces, y compris d\u00e9sormais l\u2019esp\u00e8ce humaine, sont-ils des d\u00e9cisions des peuples\u00a0?<\/li>\n<li>les lois de plus en plus liberticides pour les citoyens qui refusent de suivre leurs gouvernements dans leurs d\u00e9rives autoritaires au nom du pr\u00e9texte s\u00e9curitaire, comme on le voit en France, sont-elles des d\u00e9cisions des peuples\u00a0?<\/li>\n<li>la mainmise des m\u00e9dias dominants par de grands groupes financiers li\u00e9s aux pouvoirs en place et multipliant la d\u00e9sinformation sur tout sujet qui ne leur convient pas par l\u2019intervention de chroniqueurs habituels et orient\u00e9s plut\u00f4t \u00e0 droite, est-elle une d\u00e9cision des peuples\u00a0?<\/li>\n<li>\u00e0 l\u2019inverse, les rares journalistes d\u2019investigation et lanceurs d\u2019alerte tels J. Assange, E. Snowden et Ch. Manning contraints de vivre cach\u00e9s, menac\u00e9s parce qu\u2019ils ont eu le courage de r\u00e9v\u00e9ler les dessous des d\u00e9rives et pratiques criminelles de nos gouvernements, et emprisonn\u00e9s sont-ils la d\u00e9cision des peuples\u00a0?<\/li>\n<li>la gabegie \u00e9hont\u00e9e des technocrates europ\u00e9ens qui multiplient les discours sur l\u2019\u00e9cologie, mais d\u00e9m\u00e9nagent chaque mois \u00e0 Strasbourg pour une session parlementaire dont le co\u00fbt est estim\u00e9 \u00e0 12 millions d\u2019euros mensuels (!), est-elle une d\u00e9cision des peuples\u00a0?<\/li>\n<li>l\u2019usage de moyens l\u00e9taux condamn\u00e9s par plusieurs instances internationales, par le gouvernement fran\u00e7ais pour contenir la grogne populaire l\u00e9gitime des Gilets Jaunes face \u00e0 une pr\u00e9carit\u00e9 grandissante est-elle une d\u00e9cision du peuple\u00a0?<\/li>\n<li>la politique mon\u00e9taire adopt\u00e9e via l\u2019Euro et impos\u00e9e sur des crit\u00e8res d\u2019aust\u00e9rit\u00e9 ayant entra\u00een\u00e9 une stagnation de la croissance europ\u00e9enne \u2013 d\u2019apr\u00e8s les statistiques, apr\u00e8s la crise de 2008 et \u00e0 partir de 2009 les \u00c9tats-Unis ont r\u00e9alis\u00e9 une croissance de +34%, l\u2019Inde de +96%, la Chine de +139%, quand l\u2019UE a d\u00e9cru \u00e0 -2% \u2013 est-elle une d\u00e9cision des peuples\u00a0?<\/li>\n<li>l\u2019impunit\u00e9 flagrante des violations des R\u00e9solutions des Nations-Unies, vols territoriaux, crimes de guerre, et politique d\u2019apartheid pratiqu\u00e9s par le r\u00e9gime colonial isra\u00e9lien est-elle une d\u00e9cision des peuples\u00a0?<\/li>\n<li>l\u2019impunit\u00e9 toute aussi flagrante d\u2019\u00e9lus politiques de tous bords pris la main dans le sac mais qui continuent leur petite carri\u00e8re sans la moindre inqui\u00e9tude est-elle une d\u00e9cision des peuples\u00a0?<\/li>\n<li>le peu de moyens et de volont\u00e9 politique mis en \u0153uvre pour traquer les exil\u00e9s qui planquent leurs fortunes dans des paradis fiscaux et ruinent v\u00e9ritablement les Etats par un manque \u00e0 gagner se chiffrant en milliards d\u2019euros est-il une d\u00e9cision des peuples\u00a0?<\/li>\n<\/ul>\n<p>\u2026 faut-il poursuivre les exemples et aborder les questions de discrimination, de racisme, de justice \u00e0 g\u00e9om\u00e9trie variable, d\u2019iniquit\u00e9s diverses, pour illustrer combien la \u00ab\u00a0d\u00e9mocratie\u00a0\u00bb \u00e0 laquelle se r\u00e9f\u00e8rent les \u00e9lus et leurs officines est abus\u00e9e \u00e0 travers des lois et des d\u00e9cisions prises en hauts lieux \u00e0 l\u2019encontre des peuples, au point de ne plus rien recouvrir comme r\u00e9alit\u00e9 objective et n\u2019en avoir plus que les oripeaux\u00a0?<\/p>\n<p>L\u2019une des rares feuille de vigne qui en reste \u2013 sauf que l\u00e0 aussi, l\u2019on assiste \u00e0 des d\u00e9rives et des tricheries devenues r\u00e9guli\u00e8res \u2013 est le bulletin de vote derri\u00e8re lequel s\u2019abrite ceux qui veulent perp\u00e9tuer ce syst\u00e8me inique et compl\u00e8tement d\u00e9voy\u00e9.<\/p>\n<p>Si les citoyens voulaient voir un peu plus loin que le bout de leur nez et avaient une culture politique exerc\u00e9e, sans int\u00e9grer aussi docilement le matraquage politico-m\u00e9diatique ambiant, ils en d\u00e9duiraient ais\u00e9ment que ce terme \u00ab\u00a0d\u00e9mocratie\u00a0\u00bb est une imposture magistrale, phagocyt\u00e9 par une technocratie paralysante, n\u2019ayant plus rien \u00e0 voir avec sa signification d\u2019origine, et r\u00e9duit \u00e0 un \u00e9l\u00e9ment de \u2018com\u2019. Comme ironisait V. Poutine en parlant de l\u2019UE derni\u00e8rement, comparant <i>\u00ab\u00a0Bruxelles au\u00a0politburo de l\u2019URSS de l\u2019\u00e9poque\u00a0\u00bb.<\/i><\/p>\n<p>D\u00e8s lors, participer de quelque mani\u00e8re que ce soit, au motif de n\u2019importe quel mauvais pr\u00e9texte y compris celui d\u2019un barrage contre l\u2019extr\u00eame-droite, \u00e0 cette mascarade \u00e9lectorale europ\u00e9enne \u2013 qui ne sert \u00e0 rien dans la mesure o\u00f9 ces (tr\u00e8s chers) parlementaires n\u2019ont quasiment aucun pouvoir, d\u00e9tenu par la Commission elle-m\u00eame d\u00e9sign\u00e9e par le Conseil europ\u00e9en, voyez l\u2019arnaque\u00a0! \u2013 revient \u00e0 maintenir un ordre dont il faudrait en r\u00e9alit\u00e9 se d\u00e9barrasser par un boycott de ces \u00e9lections qui ne sont manifestement plus repr\u00e9sentatives des populations, et ne servent via de puissants lobbies, qu\u2019\u00e0 perp\u00e9tuer l\u2019h\u00e9g\u00e9monie de groupes financiers qui poursuivent la mise en quartiers de la plan\u00e8te \u00e0 leur seul profit.<\/p>\n<p>Le projet europ\u00e9en a pu un moment faire r\u00eaver les citoyens qui y ont adh\u00e9r\u00e9 de mani\u00e8re enthousiaste. A ce jour, pour une large majorit\u00e9 d\u2019entre eux, ce projet est devenu un cauchemar dont ils veulent se d\u00e9barrasser. La faute \u00e0 qui, sinon \u00e0 cette caste d\u2019imposteurs qui n\u2019y ont vu que leurs int\u00e9r\u00eats particuliers au d\u00e9triment du plus grand nombre\u00a0?<\/p>\n<p>Pour qu\u2019un r\u00e9el changement survienne, et qu\u2019une vraie \u00ab\u00a0d\u00e9mocratie\u00a0\u00bb retrouve ses lettres de noblesse, il faut renvoyer dos-\u00e0-dos ceux qui se pr\u00e9sentent comme \u00ab\u00a0alternative\u00a0\u00bb, sachant qu\u2019une fois \u00e9lus, ils se feront r\u00e9cup\u00e9rer par le syst\u00e8me qui leur versera un salaire et des avantages tels, qu\u2019ils se tairont, avant de se coucher. Les exemples sont innombrables, va-t-on enfin en tirer les le\u00e7ons\u00a0ou poursuivre ces pratiques obsol\u00e8tes dont on se plaindra une fois de plus ensuite\u00a0?<\/p>\n<p>Pour qu\u2019une v\u00e9ritable \u00ab\u00a0d\u00e9mocratie\u00a0\u00bb, digne de ce nom et \u00e0 la hauteur des enjeux survienne, il faut des urnes vides\u00a0! Et prendre exemple sur ce qui se passe en Alg\u00e9rie, semaine apr\u00e8s semaine, et dont bien peu d\u2019informations filtrent dans nos m\u00e9dias officiels, par peur de contagion sans doute. La moiti\u00e9 (!) de la population alg\u00e9rienne est dans la rue et ne veut plus de la clique qui a usurp\u00e9 le pouvoir et les avantages qu\u2019il permet, pendant des d\u00e9cennies. Le slogan est simple\u00a0: qu\u2019ils d\u00e9gagent tous\u00a0!<\/p>\n<p>La \u00ab\u00a0d\u00e9mocratie\u00a0\u00bb est gravement atteinte, dans ses fondements-m\u00eames. Et nous devons avoir la lucidit\u00e9 et le courage de le voir bien en face, pour le d\u00e9noncer, au risque de glisser plus encore vers cette peste brune qui a marqu\u00e9 l\u2019histoire europ\u00e9enne au cours des derni\u00e8res d\u00e9cennies, et dont l\u2019\u00e9mergence des partis d\u2019extr\u00eame-droite marque le retour.<\/p>\n<p>En r\u00e9alit\u00e9, la \u00ab\u00a0d\u00e9mocratie\u00a0\u00bb si souvent sollicit\u00e9e dans les discours tant de droite que de gauche \u2013 ou de ce qu\u2019il en reste \u2013 n\u2019est plus qu\u2019une illusion. Nous sommes d\u00e9j\u00e0 en \u00ab\u00a0d\u00e9mocrature\u00a0\u00bb\u00a0! Faut-il attendre qu\u2019il soit trop tard et plonger plus bas encore pour comprendre\u00a0?<\/p>\n<p>Pour conclure, ces mots plus que jamais d\u2019actualit\u00e9 dans le contexte europ\u00e9en\u00a0: <i>\u00ab\u00a0Si voter changeait quelque chose, il y a longtemps que ce serait interdit\u00a0!\u00a0\u00bb<\/i> \u2013 Coluche<\/p>\n<p><strong>Daniel Vanhove\u00a0<\/strong><\/p>\n<p>15.05.19<\/p>\n","protected":false},"excerpt":{"rendered":"<p>A l\u2019approche des \u00e9lections europ\u00e9ennes du 26 mai, les discours qui manieront la notion de \u00ab\u00a0d\u00e9mocratie\u00a0\u00bb risquent bien de fleurir ad nauseam sur les ondes. Or, \u00e0 la suite de divers \u00e9v\u00e8nements ces derni\u00e8res ann\u00e9es, les citoyens de l\u2019UE sont en droit de se demander ce que recouvre encore ce terme tant galvaud\u00e9 \u00e0 droite &#8230; <a title=\"Avant les \u00e9lections dans l\u2019UE, arr\u00eat sur la notion de \u00abd\u00e9mocratie\u00bb\" class=\"read-more\" href=\"https:\/\/bruxelles-pantheres.be\/?p=4205\" aria-label=\"En savoir plus sur Avant les \u00e9lections dans l\u2019UE, arr\u00eat sur la notion de \u00abd\u00e9mocratie\u00bb\">Lire la suite<\/a><\/p>\n","protected":false},"author":1,"featured_media":4206,"comment_status":"open","ping_status":"open","sticky":false,"template":"","format":"standard","meta":{"footnotes":""},"categories":[36,18],"tags":[94],"class_list":["post-4205","post","type-post","status-publish","format-standard","has-post-thumbnail","hentry","category-europe","category-resistance-bruxelles","tag-daniel-vanhove"],"_links":{"self":[{"href":"https:\/\/bruxelles-pantheres.be\/index.php?rest_route=\/wp\/v2\/posts\/4205","targetHints":{"allow":["GET"]}}],"collection":[{"href":"https:\/\/bruxelles-pantheres.be\/index.php?rest_route=\/wp\/v2\/posts"}],"about":[{"href":"https:\/\/bruxelles-pantheres.be\/index.php?rest_route=\/wp\/v2\/types\/post"}],"author":[{"embeddable":true,"href":"https:\/\/bruxelles-pantheres.be\/index.php?rest_route=\/wp\/v2\/users\/1"}],"replies":[{"embeddable":true,"href":"https:\/\/bruxelles-pantheres.be\/index.php?rest_route=%2Fwp%2Fv2%2Fcomments&post=4205"}],"version-history":[{"count":1,"href":"https:\/\/bruxelles-pantheres.be\/index.php?rest_route=\/wp\/v2\/posts\/4205\/revisions"}],"predecessor-version":[{"id":4207,"href":"https:\/\/bruxelles-pantheres.be\/index.php?rest_route=\/wp\/v2\/posts\/4205\/revisions\/4207"}],"wp:featuredmedia":[{"embeddable":true,"href":"https:\/\/bruxelles-pantheres.be\/index.php?rest_route=\/wp\/v2\/media\/4206"}],"wp:attachment":[{"href":"https:\/\/bruxelles-pantheres.be\/index.php?rest_route=%2Fwp%2Fv2%2Fmedia&parent=4205"}],"wp:term":[{"taxonomy":"category","embeddable":true,"href":"https:\/\/bruxelles-pantheres.be\/index.php?rest_route=%2Fwp%2Fv2%2Fcategories&post=4205"},{"taxonomy":"post_tag","embeddable":true,"href":"https:\/\/bruxelles-pantheres.be\/index.php?rest_route=%2Fwp%2Fv2%2Ftags&post=4205"}],"curies":[{"name":"wp","href":"https:\/\/api.w.org\/{rel}","templated":true}]}}