{"id":4209,"date":"2019-06-03T13:39:25","date_gmt":"2019-06-03T12:39:25","guid":{"rendered":"https:\/\/bruxelles-pantheres.be\/?p=4209"},"modified":"2019-06-03T13:39:25","modified_gmt":"2019-06-03T12:39:25","slug":"julian-assange-a-raison-cest-la-liberte-de-la-presse-qui-est-en-jeu-dans-son-histoire","status":"publish","type":"post","link":"https:\/\/bruxelles-pantheres.be\/?p=4209","title":{"rendered":"Julian Assange a raison, c\u2019est la libert\u00e9 de la presse qui est en jeu dans son histoire"},"content":{"rendered":"<div class=\"thumbnail embed-responsive embed-responsive-16by9\">\n<p><strong>\u25baRendez-vous lundi 3 juin, \u00e0 17h, devant l&rsquo;ambassade de Su\u00e8de, 3 rue du Luxembourg \u00e0 Bruxelles, \u00e0 deux pas de Tr\u00f4ne. Nous manifesterons notre refus d&rsquo;une extradition de Julian Assange<\/strong><\/p>\n<p>\u00ab\u00a0Carte blanche\u00a0\u00bb publi\u00e9e par le quotidien belge Le Soir le 30 mai<\/p>\n<p><img decoding=\"async\" class=\"embed-responsive-item gr-content-image gr-main-image img-responsive aligncenter\" src=\"https:\/\/plus.lesoir.be\/sites\/default\/files\/dpistyles_v2\/ena_16_9_extra_big\/2019\/05\/30\/node_227911\/26602202\/public\/2019\/05\/30\/B9719779976Z.1_20190530162048_000+GT3DO59FC.2-0.jpg?itok=AkOF4uXN\" alt=\"\" width=\"600\" height=\"338\" data-copyright=\"afp\" data-width=\"\" data-height=\"\" \/><\/p>\n<p>Des partisans de Julian Assange manifestaient jeudi 30 mai devant le tribunal de Westminster, qui devait examiner la demande d&rsquo;extradition des USA. En raison de la mauvaise sant\u00e9 d&rsquo;Assange, l&rsquo;audience a \u00e9t\u00e9 report\u00e9e \u00e0 la semaine du 12 juin. Photo AFP.<\/p>\n<\/div>\n<p>Julian Assange a \u00e9t\u00e9 arr\u00eat\u00e9 par la police britannique le 11 avril 2019, \u00e0 l\u2019ambassade d\u2019\u00c9quateur o\u00f9 il \u00e9tait r\u00e9fugi\u00e9 depuis 7 ans, apr\u00e8s le retrait de son asile politique par le Pr\u00e9sident Moreno, une arrestation en violation de la convention de Gen\u00e8ve et des lois relatives \u00e0 l\u2019asile.<\/p>\n<p>\u00c0 la suite de son arrestation, Julian Assange a \u00e9t\u00e9 condamn\u00e9 \u00e0 50 semaines d\u2019emprisonnement pour non-respect des termes de sa libert\u00e9 conditionnelle en 2012. L\u2019ONU qui, ces derni\u00e8res ann\u00e9es, avait d\u00e9j\u00e0 affirm\u00e9 que Julian Assange se trouvait enferm\u00e9 de mani\u00e8re ill\u00e9gale et arbitraire en raison de la promesse d\u2019arrestation des autorit\u00e9s britanniques, se dit aujourd\u2019hui \u00ab\u00a0profond\u00e9ment pr\u00e9occup\u00e9e\u00a0\u00bb par cette d\u00e9cision de la justice britannique, la consid\u00e9rant \u00ab\u00a0disproportionn\u00e9e\u00a0\u00bb.<!--more--><\/p>\n<p>Derri\u00e8re cette arrestation p\u00e8se une menace plus inqui\u00e9tante, celle de la demande d\u2019extradition du gouvernement am\u00e9ricain. Se dissimulant derri\u00e8re une accusation de \u00ab\u00a0piratage informatique\u00a0\u00bb pour motiver l\u2019extradition de Julian Assange, les Am\u00e9ricains avaient \u00e9vit\u00e9 jusqu\u2019ici d&rsquo;en r\u00e9v\u00e9ler les vraies raisons.<\/p>\n<p>Ils accusaient principalement Julian Assange d\u2019avoir aid\u00e9 l\u2019ex-analyste Chelsea Manning \u00e0 acc\u00e9der \u00e0 des documents class\u00e9s d\u00e9fense qui t\u00e9moignaient de crimes d\u2019\u00c9tat des \u00c9tats-Unis durant les guerres d\u2019Afghanistan et d\u2019Irak. Des informations qui avaient \u00e0 l\u2019\u00e9poque \u00e9t\u00e9 publi\u00e9es et utilis\u00e9es par les plus grands m\u00e9dias au monde\u00a0: <i>New-York Times, Washington Post, Le Monde, El Pa\u00eds, The Guardian<\/i>\u2026<\/p>\n<p>N\u00e9anmoins, depuis toujours, Julian Assange, ainsi que ceux qui suivent de pr\u00e8s sa situation et le soutiennent, pensaient que cet acte d\u2019inculpation n&rsquo;\u00e9tait qu\u2019un pr\u00e9texte dissimulant des accusations beaucoup plus graves.\u00a0Elles viennent juste de tomber\u00a0! Avec 17 nouveaux chefs d&rsquo;inculpation dont celui d\u2019espionnage. Julian Assange risque \u00e0 pr\u00e9sent plus d\u2019un si\u00e8cle d\u2019emprisonnement.\u00a0Alors m\u00eame qu&rsquo;\u00e0 ce chemin de croix vient de s&rsquo;ajouter une demande d&rsquo;extradition de la part de la Su\u00e8de, qui ne s&rsquo;est jamais montr\u00e9e oppos\u00e9e \u00e0 une extradition de Julian Assange depuis son territoire vers les \u00c9tats-Unis.<\/p>\n<p>Si on suit la mani\u00e8re dont les \u00c9tats-Unis pourchassent Assange depuis des ann\u00e9es, il appara\u00eet clairement que le but poursuivi est de faire taire la voix de celui qui a permis de faire la lumi\u00e8re sur de nombreux scandales majeurs de corruption, de violations des droits fondamentaux, de crimes de guerre et de crimes contre l\u2019humanit\u00e9. Et il s\u2019agit de faire, au travers du cas d\u2019Assange, une d\u00e9monstration de force pour d\u00e9sormais museler toutes vell\u00e9it\u00e9s d\u2019apporter de la transparence sur les appareils politiques, \u00e9conomiques et administratifs et identifier les zones de non-droits d\u00e9mocratiques.<\/p>\n<p>Ce qui nous mobilise autour de Julian Assange d\u00e9passe de loin les points de vue et les images utilis\u00e9es pour glorifier, disqualifier ou d\u00e9crypter sa personnalit\u00e9. \u00c0 travers lui, nous r\u00e9clamons avec force notre droit \u00e0 \u00eatre inform\u00e9s des points aveugles, des cases secr\u00e8tes du pouvoir et des d\u00e9cisions d\u00e9rob\u00e9es \u00e0 notre d\u00e9lib\u00e9ration d\u00e9mocratique.<\/p>\n<p>Ce qui nous anime plus que jamais c\u2019est la d\u00e9fense des droits et des libert\u00e9s fondamentales que repr\u00e9sente Assange\u00a0: le droit \u00e0 la libert\u00e9 d\u2019information, le droit \u00e0 la libert\u00e9 d\u2019opinion, le droit de publication et la promotion du droit \u00e0 la v\u00e9rit\u00e9.<\/p>\n<p>Nous soutenons Julian Assange, nous demandons que tout soit entrepris politiquement pour emp\u00eacher son extradition.<\/p>\n<p>Nous soutenons le travail exceptionnel de WikiLeaks qui se poursuit malgr\u00e9 les pressions incessantes.<\/p>\n<p>Nous soutenons les lanceurs d\u2019alerte, nous r\u00e9clamons qu\u2019ils soient accueillis et prot\u00e9g\u00e9s.<\/p>\n<p><img decoding=\"async\" class=\"aligncenter\" src=\"http:\/\/www.tlaxcala-int.org\/upload\/gal_20372.jpg\" alt=\"\" width=\"600\" height=\"158\" \/><\/p>\n<p><a id=\"js_dq\" class=\"_2wmb\" href=\"https:\/\/www.facebook.com\/ComiteAssangeBelgium\/#\" data-hover=\"tooltip\" data-tooltip-content=\"\"><strong>@ComiteAssangeBelgium<\/strong><\/a><\/p>\n<p><em>Pour le Comit\u00e9 Free Assange Belgium\u00a0,<\/em><\/p>\n<p><strong>Val\u00e9rie LALOUX et Marie France DEPREZ<\/strong><\/p>\n<p align=\"justify\"><small>Avec le soutien de\u00a0:<br \/>\n<\/small><\/p>\n<ol>\n<li><strong><small>Mateo ALALUF, Professeur honoraire ULB<\/small><\/strong><\/li>\n<li><strong>Jean-Marie DERMAGNE, avocat, ancien b\u00e2tonnier, Membre de la Ligue des droits humains, Porte-parole du Syndicat des avocats pour la d\u00e9mocratie<\/strong><\/li>\n<li><strong>Vincent ENGEL, \u00e9crivain <\/strong><\/li>\n<li><strong>Anne MORELLI, professeure honoraire de l&rsquo;ULB<\/strong><\/li>\n<li><strong>Pierre GALAND, ancien s\u00e9nateur Belgique<\/strong><\/li>\n<li><strong>Olivier STEIN, avocat, membre du cabinet Progress Lawyers Network<\/strong><\/li>\n<li><strong>Farida AARRASS, comit\u00e9 Free Ali<\/strong><\/li>\n<li><strong>Carla NAGELS, chercheure \u00e0 l\u2019Universit\u00e9 libre de Bruxelles<\/strong><\/li>\n<li><strong>Manuel ABRAMOWICZ, coordinateur du journal d&rsquo;investigation R\u00e9sistanceS.be<\/strong><\/li>\n<li><strong>Paul-Emile DUPRET, juriste, membre du Comit\u00e9 pour les Droits Humains \u00ab Daniel GILLARD \u00bb<\/strong><\/li>\n<li><strong>Eric DAVID, Prof. \u00e9m. de droit international, Pr\u00e9sident du Centre de droit international de l\u2019ULB<\/strong><\/li>\n<li><strong>Michel COLLON, journaliste, site Investig&rsquo;action <\/strong><\/li>\n<li><strong>Jean-Claude GAROT, r\u00e9dacteur en chef de la coop\u00e9rative d\u2019\u00e9dition POUR.press <\/strong><\/li>\n<li><strong>Christian PANIER, Ancien juge et enseignant<\/strong><\/li>\n<li><strong>Christine PAGNOULLE, Universit\u00e9 de Li\u00e8ge, ATTAC Li\u00e8ge, CADTM<\/strong><\/li>\n<li><strong>Serge Deruette, professeur de sciences politiques \u00e0 l&rsquo;UMONS<\/strong><\/li>\n<li><strong>Paulette PIERSON-MATHY, professeur honoraire\u00a0 ULB <\/strong><\/li>\n<li><strong>Claire DELSTANCHE, DIEM 25<\/strong><\/li>\n<li><strong>Emmanuel WATHELET, professeur \u00e0 l&rsquo;IHECS<\/strong><\/li>\n<li><strong>Jean FLINKER, responsable d&rsquo;Attac-Bruxelles [1] <\/strong><\/li>\n<li><strong>Felipe VAN KEIRSBILCK, secr\u00e9taire g\u00e9n\u00e9ral CNE<\/strong><\/li>\n<li><strong>Jean-Claude ENGLEBERT, ex-\u00e9chevin <\/strong><\/li>\n<li><strong>Christian SAVESTRE, Militant contre l&rsquo;\u00e9vasion fiscale. <\/strong><\/li>\n<li><strong>Pierre ROBERT, avocat<\/strong><\/li>\n<li><strong>Alain ADRIAENS, porte-parole du mouvement politique des objecteurs de croissance<\/strong><\/li>\n<li><strong>Jean BRICMONT, professeur honoraire de l\u2019UCL<\/strong><\/li>\n<li><strong>Walter BAUWENS, retrait\u00e9<\/strong><\/li>\n<li><strong>Rudi BARNET, animateur culturel<\/strong><\/li>\n<li><strong>Frans LEENS, Psychologue, Bruxelles<\/strong><\/li>\n<li><strong>La\u00efla GHOZZI, pr\u00e9sidente de la Maison du Peuple d&rsquo;Europe<\/strong><\/li>\n<li><strong>Pietro EMILI, directeur de la Maison du Peuple d&rsquo;Europe<\/strong><\/li>\n<li><strong>Daniel FONTEYN, citoyen<\/strong><\/li>\n<li><strong>Michel STASZEWSKI, enseignant retrait\u00e9<\/strong><\/li>\n<li><strong>Val\u00e9rie BRIXHE, citoyenne<\/strong><\/li>\n<li><strong>Marie-Fran\u00e7oise CORDEMANS, ex-enseignante active en faveur des libert\u00e9s fondamentales, membre du comit\u00e9 Free Ali<\/strong><\/li>\n<li><strong>Fran\u00e7ois BROUYAUX, retrait\u00e9 de la fonction publique<\/strong><\/li>\n<li><strong>Christine PIERARD, citoyenne pour la d\u00e9fense des droits humains et la libert\u00e9 de la presse<\/strong><\/li>\n<li><strong>Marc SOMVILLE. Animateur culturel<\/strong><\/li>\n<li><strong>Monique MUNTING, r\u00e9alisatrice<\/strong><\/li>\n<li><strong>Olivier MALAY, doctorant en sciences \u00e9conomiques UCL<\/strong><\/li>\n<li><strong>Vladimir CALLER, journaliste<\/strong><\/li>\n<li><strong>Isabelle LOODTS, journaliste et r\u00e9alisatrice<\/strong><\/li>\n<li><strong>Patricia VILLALON, citoyenne, membre du comit\u00e9 surveillance OTAN<\/strong><\/li>\n<li><strong>Marianne SAMRAY, Enseignante retrait\u00e9e<\/strong><\/li>\n<li><strong>Nicole VAN DAEL, enseignante retrait\u00e9e<\/strong><\/li>\n<li><strong>Annie THONON, r\u00e9alisatrice retrait\u00e9e<\/strong><\/li>\n<li><strong>Michel CORDIER, \u00e9diteur <\/strong><\/li>\n<li><strong>AM GILSOUL, enseignante retrait\u00e9e<\/strong><\/li>\n<li><strong>Christian PALMERO, citoyen <\/strong><\/li>\n<li><strong>Alexis MERLAUD, chercheur<\/strong><\/li>\n<li><strong>Anne De Rudder, chercheur scientifique <\/strong><\/li>\n<li><strong>Claire FREDERIC, citoyenne <\/strong><\/li>\n<li><strong>Jean Christophe YU, r\u00e9alisateur <\/strong><\/li>\n<li><strong>Andr\u00e9 VERLAINE, Conseiller communal <\/strong><\/li>\n<li><strong>Christine DECANTERE, citoyenne <\/strong><\/li>\n<li><strong>Suzanne VELDEMAN, CNE <\/strong><\/li>\n<li><strong>Alain HERTAY, enseignant <\/strong><\/li>\n<li><strong>Francis LEBOUTTE, ing\u00e9nieur civil, pr\u00e9sident de l&rsquo;asbl Fin du nucl\u00e9aire<\/strong><\/li>\n<li><strong>Robert E.GOEDERTIER, physicien, retrait\u00e9.<\/strong><\/li>\n<li><strong>Marie-Anne SWARTENBROEKX, magistrat honoraire<\/strong><\/li>\n<li><strong>Dragolioub Mirko POPOVITCH, Directeur retrait\u00e9 du Centre culturel de Watermael-Boitsfort, R\u00e9alisateur films et documentaires TV <\/strong><\/li>\n<li><strong>Michel BROUYAUX, libraire retrait\u00e9 <\/strong><\/li>\n<li><strong>Frans MAGGIO, militant internationaliste et activiste pour la transition <\/strong><\/li>\n<li><strong>Anne-Marie CLAMOT, enseignante retrait\u00e9e <\/strong><\/li>\n<li><strong>Michel RENARD, Syndicaliste Pensionn\u00e9 <\/strong><\/li>\n<li><strong>Michel MAJOROS,\u00a0historien et enseignant <\/strong><\/li>\n<li><strong>Nordine SAIDI, militant d\u00e9colonial, membre de Bruxelles Panth\u00e8res <\/strong><\/li>\n<li><strong>Mouhad REGHIF, porte-parole de Bruxelles Panth\u00e8res <\/strong><\/li>\n<li><strong>Nicole FLAMMANG, simple citoyenne convaincue des valeurs d\u00e9mocratiques <\/strong><\/li>\n<li><strong>Marguerite FERRY, Jardini\u00e8re paysagiste<\/strong><\/li>\n<li><strong>Laurent DE SUTTER, \u00c9crivain \u00e9diteur professeur<\/strong><\/li>\n<li><strong>Andr\u00e9 PARISSE, enseignant<\/strong><\/li>\n<li><strong>Anne De MUELENAERE, \u00e9conomiste<\/strong><\/li>\n<li><strong>Nordine SAIDI, militant d\u00e9colonial, membre de Bruxelles Panth\u00e8res<\/strong><\/li>\n<li><strong>Mouhad REGHIF, porte-parole de Bruxelles Panth\u00e8res<\/strong><\/li>\n<li><strong>Christian PANIER, Ancien juge et enseignant<\/strong><\/li>\n<li><strong>Andr\u00e9 PARISSE, enseignant<\/strong><\/li>\n<li><strong>G\u00e9rard LAMBERT, \u00e9conomiste retrait\u00e9 <\/strong><\/li>\n<li><strong>Serge DERUETTE, professeur de sciences politiques \u00e0 l&rsquo;UMONS <\/strong><\/li>\n<li><strong>Mathieu BIETLOT, les Actrices et acteurs des temps pr\u00e9sents <\/strong><\/li>\n<li><strong>Alice BOTQUIN, citoyenne <\/strong><\/li>\n<li><strong>Michelle OUBION, Grand-m\u00e8re St-Gilloise <\/strong><\/li>\n<li><strong>Daniel ZINK, licenci\u00e9 en philosophie<\/strong><\/li>\n<li><strong>Jean SEVERIN, citoyenne <\/strong><\/li>\n<li><strong>Edith CREPELET, Psychiatre <\/strong><\/li>\n<li><strong>Ludo De BRABANDER, porte-parole Vrede vzw <\/strong><\/li>\n<li><strong>Martine CREVECOEUR, citoyenne<\/strong><\/li>\n<li><strong>Michel DAELEWYN, pensionn\u00e9<\/strong><\/li>\n<li><strong>Paul DELMOTTE, professeur retrait\u00e9 de l&rsquo;IHECS<\/strong><\/li>\n<\/ol>\n","protected":false},"excerpt":{"rendered":"<p>\u25baRendez-vous lundi 3 juin, \u00e0 17h, devant l&rsquo;ambassade de Su\u00e8de, 3 rue du Luxembourg \u00e0 Bruxelles, \u00e0 deux pas de Tr\u00f4ne. Nous manifesterons notre refus d&rsquo;une extradition de Julian Assange \u00ab\u00a0Carte blanche\u00a0\u00bb publi\u00e9e par le quotidien belge Le Soir le 30 mai Des partisans de Julian Assange manifestaient jeudi 30 mai devant le tribunal de &#8230; <a title=\"Julian Assange a raison, c\u2019est la libert\u00e9 de la presse qui est en jeu dans son histoire\" class=\"read-more\" href=\"https:\/\/bruxelles-pantheres.be\/?p=4209\" aria-label=\"En savoir plus sur Julian Assange a raison, c\u2019est la libert\u00e9 de la presse qui est en jeu dans son histoire\">Lire la suite<\/a><\/p>\n","protected":false},"author":1,"featured_media":4164,"comment_status":"open","ping_status":"open","sticky":false,"template":"","format":"standard","meta":{"footnotes":""},"categories":[21,36],"tags":[412,411],"class_list":["post-4209","post","type-post","status-publish","format-standard","has-post-thumbnail","hentry","category-anti-imperialisme","category-europe","tag-julien-assange","tag-wikileaks"],"_links":{"self":[{"href":"https:\/\/bruxelles-pantheres.be\/index.php?rest_route=\/wp\/v2\/posts\/4209","targetHints":{"allow":["GET"]}}],"collection":[{"href":"https:\/\/bruxelles-pantheres.be\/index.php?rest_route=\/wp\/v2\/posts"}],"about":[{"href":"https:\/\/bruxelles-pantheres.be\/index.php?rest_route=\/wp\/v2\/types\/post"}],"author":[{"embeddable":true,"href":"https:\/\/bruxelles-pantheres.be\/index.php?rest_route=\/wp\/v2\/users\/1"}],"replies":[{"embeddable":true,"href":"https:\/\/bruxelles-pantheres.be\/index.php?rest_route=%2Fwp%2Fv2%2Fcomments&post=4209"}],"version-history":[{"count":1,"href":"https:\/\/bruxelles-pantheres.be\/index.php?rest_route=\/wp\/v2\/posts\/4209\/revisions"}],"predecessor-version":[{"id":4210,"href":"https:\/\/bruxelles-pantheres.be\/index.php?rest_route=\/wp\/v2\/posts\/4209\/revisions\/4210"}],"wp:featuredmedia":[{"embeddable":true,"href":"https:\/\/bruxelles-pantheres.be\/index.php?rest_route=\/wp\/v2\/media\/4164"}],"wp:attachment":[{"href":"https:\/\/bruxelles-pantheres.be\/index.php?rest_route=%2Fwp%2Fv2%2Fmedia&parent=4209"}],"wp:term":[{"taxonomy":"category","embeddable":true,"href":"https:\/\/bruxelles-pantheres.be\/index.php?rest_route=%2Fwp%2Fv2%2Fcategories&post=4209"},{"taxonomy":"post_tag","embeddable":true,"href":"https:\/\/bruxelles-pantheres.be\/index.php?rest_route=%2Fwp%2Fv2%2Ftags&post=4209"}],"curies":[{"name":"wp","href":"https:\/\/api.w.org\/{rel}","templated":true}]}}