{"id":4214,"date":"2019-06-19T12:53:30","date_gmt":"2019-06-19T11:53:30","guid":{"rendered":"https:\/\/bruxelles-pantheres.be\/?p=4214"},"modified":"2019-06-19T12:53:30","modified_gmt":"2019-06-19T11:53:30","slug":"laurent-ruquier-ou-lartifice-du-cameleon","status":"publish","type":"post","link":"https:\/\/bruxelles-pantheres.be\/?p=4214","title":{"rendered":"Laurent Ruquier, ou l\u2019artifice du cam\u00e9l\u00e9on"},"content":{"rendered":"<p>Retour sur la sinistre intervention de Christine Angot, commentant le livre de son comparse Franz-Olivier Giesbert, lors de l\u2019\u00e9mission <em>ONPC<\/em> du samedi 01<sup>er<\/sup> juin dernier.<\/p>\n<p>Voici les propos\u00a0en cause : <em>\u00ab\u00a0Le but avec les juifs pendant la guerre, \u00e7a a bien \u00e9t\u00e9 de les exterminer, de les tuer, et \u00e7a introduit une diff\u00e9rence fondamentale, alors qu&rsquo;on veut confondre avec par exemple l&rsquo;esclavage et l&rsquo;esclavage des Noirs envoy\u00e9s aux \u00c9tats-Unis ou ailleurs, et o\u00f9 c&rsquo;\u00e9tait exactement le contraire. C&rsquo;est-\u00e0-dire l\u2019id\u00e9e c&rsquo;\u00e9tait qu&rsquo;ils soient en pleine forme, en bonne sant\u00e9 pour pouvoir les vendre et pour qu&rsquo;ils soient commercialisables. Donc non, ce n\u2019est pas vrai que les traumatismes sont les m\u00eames, que les souffrances inflig\u00e9es aux peuples sont les m\u00eames \u00bb.<\/em><\/p>\n<p>J\u2019utilise le terme \u00ab\u00a0comparse\u00a0\u00bb \u00e0 propos de Giesbert puisque lors de cet ind\u00e9cent verbiage d\u2019Angot \u2013 dont aucun participant sur le plateau ne s\u2019est d\u00e9marqu\u00e9 (!) \u2013 celui-l\u00e0 n\u2019a manifest\u00e9 aucune r\u00e9serve. Que du contraire, opinant de la t\u00eate il acquies\u00e7ait sans la moindre retenue, en rajoutant une couche quant au maintien <em>\u00ab\u00a0en bonne sant\u00e9\u00a0\u00bb<\/em> des esclaves noirs <em>\u00ab\u00a0pour qu\u2019ils travaillent un maximum\u00a0\u00bb.<\/em><!--more--><\/p>\n<p>Mr. Giesbert semblait satisfait de pouvoir une fois de plus participer \u00e0 cette sordide hi\u00e9rarchie victimaire \u00e0 laquelle s\u2019adonnent tant de sionistes \u00e0 propos de la souffrance humaine, d\u00e8s lors que le g\u00e9nocide des juifs par les nazis \u2013 <a href=\"https:\/\/www.mondialisation.ca\/laffaire-dieudonne-pour-en-finir-avec-les-termes-holocauste-shoah\/5365124\">injustement d\u00e9sign\u00e9s sous les appellations <em>\u2018shoah\u2019<\/em> et <em>\u2018holocauste\u2019<\/em> <\/a>\u2013 tient la t\u00eate du palmar\u00e8s.<\/p>\n<p>Beaucoup de choses ont \u00e9t\u00e9 dites, \u00e9crites, comment\u00e9es, d\u00e9non\u00e7ant l\u2019intervention de celle qui depuis ses d\u00e9buts dans l\u2019\u00e9mission <em>ONPC<\/em> devenue plus que douteuse de L. Ruquier, n\u2019a cess\u00e9 d\u2019entretenir le malaise. Mais, je ne reviendrai pas sur les \u00ab\u00a0clashs\u00a0\u00bb que celle <em>\u00ab\u00a0qui parle sans savoir\u00a0\u00bb<\/em> comme elle le dit si bien elle-m\u00eame (mais \u00e0 propos des autres), aura multipli\u00e9s, ce serait faire de la pub pour une intervenante froide et besogneuse, et une \u00e9mission qui ne le m\u00e9rite d\u00e9finitivement pas.<\/p>\n<p>Faisant d\u00e9sormais partie des citoyens qui se sont d\u00e9barrass\u00e9s de leur \u00e9cran de t\u00e9l\u00e9vision tant les programmes sont devenus d\u2019une affligeante m\u00e9diocrit\u00e9, j\u2019ai pu suivre l\u2019\u00e9mission de L. Ruquier \u00e0 ses d\u00e9buts. Mais au fil des ans, le double langage de l\u2019animateur m\u2019est apparu de plus en plus clair et insupportable, tant son obs\u00e9quiosit\u00e9 et son opportunisme m\u2019ont paru flagrants.<\/p>\n<p>Beaucoup de choses ont \u00e9t\u00e9 dites et comment\u00e9es notai-je plus haut \u00e0 propos de cette \u00e9mission du 01er juin, sauf une qui me para\u00eet pourtant \u00e9vidente, mais que je n\u2019ai lue ni entendue nulle part, par autocensure probablement, dans un pays o\u00f9 critiquer les juifs en g\u00e9n\u00e9ral et le r\u00e9gime d\u2019apartheid isra\u00e9lien en particulier est \u00e0 haut risque\u00a0: l\u2019option fondamentalement pro-sioniste de l\u2019\u00e9mission et ses producteurs que sont L. Ruquier et C. Barma. <a href=\"http:\/\/www.panamza.com\/280414-caron-arcady-israel\/\">Cette derni\u00e8re ayant censur\u00e9 en son temps, une critique d\u2019A.Caron \u00e0 propos des crimes commis par l\u2019arm\u00e9e isra\u00e9lienne contre des enfants palestiniens.<\/a><\/p>\n<p>N\u2019est qu\u2019\u00e0 voir les chroniqueurs qui ont d\u00e9fil\u00e9 sur le plateau, ainsi que les invit\u00e9s r\u00e9guliers de Ruquier et l\u2019orientation de leurs interventions mutuelles. Parmi les diff\u00e9rents chroniqueurs qui se sont succ\u00e9d\u00e9s \u2013 M.Polac, E.Zemmour, E.Nauleau, A.Pulvar, N.Polony, A.Caron, V.Burggraf, L.Salam\u00e9, Y.Moix, Ch. Consigny et Ch.Angot \u2013 une \u00e9crasante majorit\u00e9 align\u00e9e dans la d\u00e9fense de l\u2019id\u00e9ologie sioniste d\u00e8s lors qu\u2019il arrivait de temps \u00e0 autre qu\u2019une voix courageuse tente de s\u2019\u00e9lever pour la protection du peuple palestinien et la d\u00e9nonciation de la guerre coloniale men\u00e9e par le r\u00e9gime isra\u00e9lien dans le silence complice de la soi-disant \u00ab\u00a0Communaut\u00e9 internationale\u00a0\u00bb qui en d\u2019occurrences bien moins graves, r\u00e9agit au quart de tour.<\/p>\n<p>Le summum en revient sans doute \u00e0 Angot qui, quel que soit le sujet abord\u00e9 par l\u2019un des invit\u00e9s, parvenait presque \u00e0 chaque fois \u00e0 la ramener sur la question des juifs. A se demander d\u2019ailleurs pourquoi elle ne reprend pas son nom d\u2019origine \u2013 Schwartz \u2013 et ce qu\u2019elle attend pour faire son \u00ab\u00a0alyah\u00a0\u00bb \u2026<\/p>\n<p>Enum\u00e9rer les invit\u00e9s, demanderait plusieurs pages, mais force est de constater que deux cat\u00e9gories ont les faveurs de l\u2019animateur\u00a0: les homosexuels \u2013 et pour cause \u2013 et les d\u00e9fenseurs du sionisme qui ont tous deux la part belle dans l\u2019\u00e9mission.<\/p>\n<p>Si je peux entrevoir la d\u00e9marche de L.Ruquier de donner aux premiers un espace de libert\u00e9 de parole et de reconnaissance tant celles-ci restent fragiles dans nos soci\u00e9t\u00e9s auto-proclam\u00e9es <em>tol\u00e9rantes<\/em>, je pense en revanche que d\u00e9signer constamment et marquer des personnes de quelque mani\u00e8re que ce soit, est \u00e0 terme, leur rendre un mauvais service. De mon point de vue, l\u2019int\u00e9gration \u2013 je ne dis pas <em>l\u2019assimilation<\/em> dont je r\u00e9fute le principe \u2013 r\u00e9ussie de n\u2019importe quel individu dans le tissu social divers et multiple de toute soci\u00e9t\u00e9 ouverte, ne passe que par l\u2019indiff\u00e9renciation \u2013 \u00e0 ne pas confondre avec l\u2019indiff\u00e9rence \u2013 \u00e0 sa personne accept\u00e9e et respect\u00e9e comme telle. Et non \u00e0 en souligner sans cesse la moindre particularit\u00e9 que ce soit de sexe, de couleur de peau, de culture, de religion, de m\u0153urs qui risquent au contraire d\u2019exacerber les tensions entre ceux qui ne partageraient pas les m\u00eames codes, valeurs, rep\u00e8res \u2026 Il faut ouvrir les esprits \u00e0 la diff\u00e9rence et non les fermer par distinction au risque de s\u00e9gr\u00e9gation.<\/p>\n<p>S\u2019il est des combats collectifs n\u00e9cessaires pour faire avancer une id\u00e9e ou une cause, un peu de retenue et de pudeur dans des questions qui sont bien souvent d\u2019ordre priv\u00e9 seraient salutaires, en lieu et place de la mise en sc\u00e8ne presque syst\u00e9matique de celles et ceux qui aujourd\u2019hui \u2013 merci les r\u00e9seaux sociaux \u2013 pensent ne pouvoir exister que par cette fa\u00e7on de proc\u00e9der. L\u2019\u00e9volution, y compris des mentalit\u00e9s, ne se fait pas aux forceps, mais de mani\u00e8re lente, progressive m\u00eame si cela en indispose certains pensant qu\u2019ils n\u2019existeraient que dans l\u2019\u00e9talage instantan\u00e9 de leur cas singulier.<\/p>\n<p>Pour ce qui est des seconds, combien de fois n\u2019a-t-il fallu supporter les invit\u00e9s (tr\u00e8s) orient\u00e9s de L.Ruquier, dont je tairai les noms mais que tout le monde conna\u00eet au point d\u2019en avoir une indigestion. Invit\u00e9s dont chacun peut voir l\u2019esprit profond\u00e9ment raciste qui les anime.\u00a0 Il faut vraiment \u00eatre aveugle ou de (tr\u00e8s) mauvaise foi pour ne pas l\u2019avoir remarqu\u00e9. Et c\u2019est ici que L.Ruquier m\u2019appara\u00eet appartenir \u00e0 ces cam\u00e9l\u00e9ons et leur artifice \u00e0 s\u2019adapter aux circonstances en fonction des couleurs dominantes\u00a0: les invit\u00e9s du samedi 08 juin suivant devaient \u00eatre la r\u00e9ponse aux d\u00e9rives de Ch.Angot et F-O.Giesbert pour tenter de (re)donner \u00e0 son \u00e9mission devenue plus qu\u2019ambig\u00fce, l\u2019apparence d\u2019un \u00e9quilibre qu\u2019elle n\u2019a pas.<\/p>\n<p>Quand les propos d\u2019Eric Zemmour sont devenus inaudibles, tant son racisme \u00e0 l\u2019encontre des arabo-musulmans suinte de tous les pores de sa peau au point qu\u2019il ait d\u00fb faire face \u00e0 plusieurs plaintes, L.Ruquier a d\u00e9cr\u00e9t\u00e9 \u2013 apr\u00e8s lui avoir donn\u00e9 la parole pendant cinq saisons\u00a0! \u2013 qu\u2019il ne l\u2019inviterait plus sur son plateau.<\/p>\n<p>De m\u00eame avec une autre islamophobe autant que pro-sioniste \u2013 les deux allant souvent de pair \u2013 r\u00e9guli\u00e8rement invit\u00e9e auparavant, qu\u2019est Caroline Fourest, prise en flagrant d\u00e9lit de r\u00e9cidive de mensonges, mais \u00e0 qui Ruquier d\u00e9roulait r\u00e9guli\u00e8rement le tapis rouge.<\/p>\n<p>Arrive le cas de Ch.Angot qui a pu se l\u00e2cher \u00e0 de multiples reprises sans que L.Ruquier ne sourcille, y compris lors de cette \u00e9mission du 01<sup>er<\/sup> juin, diffus\u00e9e en diff\u00e9r\u00e9 comme la plupart du temps, et dont l\u2019animateur aurait pu couper le sinistre soliloque au montage. Mais, rien. Cela passe comme une lettre \u00e0 la poste. Et lors de l\u2019\u00e9mission du samedi 08 juin suivant, \u00e0 bien suivre les \u00ab\u00a0excuses\u00a0\u00bb d\u2019Angot, l\u2019on s\u2019aper\u00e7oit que non seulement elle ne change rien \u00e0 ses propos sur le fond, mais qu\u2019en plus elle ment. En effet, elle d\u00e9clare\u00a0:\u00a0<em>\u00ab\u00a0J\u2019ai voulu rapprocher les deux crimes contre l\u2019humanit\u00e9 que sont l\u2019esclavage et la shoah tout en prenant soin de sp\u00e9cifier la diff\u00e9rence fondamentale de m\u00e9thode dans la d\u00e9shumanisation (\u2026) Il me tenait \u00e0 c\u0153ur d\u2019\u00e9loigner la concurrence des m\u00e9moires dont certains jouent\u00a0\u00bb.<\/em>\u00a0 Mais, qui d\u2019autre qu\u2019elle et Giesbert en ont odieusement <em>\u00ab\u00a0jou\u00e9\u00a0\u00bb,<\/em> pr\u00e9cis\u00e9ment dans l\u2019\u00e9mission du 01<sup>er<\/sup> juin\u00a0!? Et malgr\u00e9 ses multiples tentatives de corriger le tir en coupant la parole de ceux qui venaient lui expliquer des choses qu\u2019elle n\u2019a manifestement pas comprises.<\/p>\n<p>Elle indique simplement, qu\u2019elle <em>\u00ab\u00a0regrette de ne\u00a0pas \u00eatre parvenue\u00a0\u00e0 se faire comprendre\u00a0\u00bb.<\/em> Et L.Ruquier d\u2019embrayer \u2013 avec embarras quand m\u00eame, vu sa gestuelle mani\u00e9r\u00e9e \u2013 esp\u00e9rant qu\u2019on ne lui en tiendra pas rigueur, alors qu\u2019une fois encore, et malgr\u00e9 tout le lubrifiant qu\u2019il y met, le mal est fait\u00a0: de sombres cr\u00e9tins ont os\u00e9 compar\u00e9 l\u2019incomparable, th\u00e9oriser sur la souffrance majeure des uns face \u00e0 celle relative des autres. Mais, que ceux-l\u00e0 se rassurent\u00a0: on a tr\u00e8s bien compris\u00a0! Et ce n\u2019est pas un hasard si l\u2019audience de cette \u00e9mission ne cesse de reculer\u00a0: 40% de part de march\u00e9 \u00e0 ses d\u00e9buts, elle n\u2019en compte plus qu\u2019environ 15%.<\/p>\n<p>Dernier point concernant cette \u00e9mission du 08 juin\u00a0: il eut \u00e9t\u00e9 essentiel de souligner que ce moindre crime \u2013 selon les dires d\u2019Angot, Giesbert et Ruquier qui affirme soutenir les propos tenus par les deux premiers \u2013 se poursuit toujours. Selon des rapports internationaux tels que ceux de l\u2019OIT (Organisation Internationale du Travail) il y aurait \u00e0 ce jour, plus de 40 millions d\u2019esclaves dans le monde. Une paille, quoi\u00a0!<\/p>\n<p>Le 08 juin dernier, le fond de l\u2019esprit qui anime l\u2019\u00e9mission n\u2019a pas \u00e9t\u00e9 remis en question. C\u2019est juste la forme que Ruquier et son \u00e9quipe ont tent\u00e9 d\u2019a\u00e9rer quelque peu, apr\u00e8s un \u00e9ni\u00e8me monologue naus\u00e9abond de sa chroniqueuse. Et lorsqu\u2019on en gratte le vernis, il faut bien se rendre compte que l\u2019\u00e9mission <em>ONPC<\/em> n\u2019est pas la seule dans le cas\u00a0; <em>Salut les Terriens<\/em>, anim\u00e9e par l\u2019autre chroniqueur qu\u2019est Th.Ardisson p\u00e2tit des m\u00eames travers. Tout ce qui peut caresser le projet pro-sioniste y est flatt\u00e9 de la m\u00eame mani\u00e8re, avec bien souvent les m\u00eames invit\u00e9s. En plus d\u2019illustrer comme l\u2019indiquait tr\u00e8s justement Serge Romana [Pr\u00e9sident-Fondateur de la <em>\u2019Fondation esclavage et r\u00e9conciliation\u2019<\/em> ] <a href=\"https:\/\/www.les-crises.fr\/un-reporter-qui-nest-pas-paye-par-niel-ou-drahi-nest-pas-un-journaliste-par-jm-bourget\/\">la <em>\u00ab\u00a0suffisance intellectuelle et le m\u00e9pris\u00a0\u00bb<\/em> d\u2019une soci\u00e9t\u00e9<\/a>.<\/p>\n<p>Plus loin, il faut se rendre \u00e0 l\u2019\u00e9vidence que c\u2019est l\u2019ensemble des m\u00e9dias fran\u00e7ais qui est domin\u00e9 par le courant pro-sioniste, \u00e0 l\u2019image des lieux de pouvoir. D\u2019ailleurs, si la France n\u2019\u00e9tait travers\u00e9e par ce profond courant sioniste, les propos des responsables politiques jusqu\u2019au pr\u00e9sident lui-m\u00eame, n\u2019auraient jamais <a href=\"http:\/\/mcpalestine.canalblog.com\/archives\/2019\/06\/12\/37402972.html\">amalgam\u00e9 l\u2019antisionisme et l\u2019antis\u00e9mitisme.<\/a><\/p>\n<p>En r\u00e9alit\u00e9, ces l\u00e2ches adulateurs se sont pris eux-m\u00eames \u00e0 leur propre pi\u00e8ge. M\u00e9langer les plans comme ils le font, en confondant les deux notions, trahit le fait qu\u2019ils doivent trouver la parade pour se prot\u00e9ger de leurs \u00e9videntes options. La France est \u00ab\u00a0sionis\u00e9e\u00a0\u00bb de haut en bas, et les m\u00e9dias aux mains de quelques milliardaires sont gangr\u00e9n\u00e9s par cette id\u00e9ologie coloniale criminelle.<\/p>\n<p>En France, pour r\u00e9ussir dans toute entreprise et particuli\u00e8rement dans le domaine culturel, il vaut mieux opter pour le soutien au sionisme. Les portes s\u2019ouvriront alors comme par enchantement. Le lobby y est puissant. Tout comme aux Etats-Unis. [Lire : <a href=\"https:\/\/fr.timesofisrael.com\/trois-fois-plus-de-juifs-au-congres-quaux-etats-unis\/\">https:\/\/fr.timesofisrael.com\/trois-fois-plus-de-juifs-au-congres-quaux-etats-unis\/<\/a> et aussi\u00a0:\u00a0\u00a0\u00a0\u00a0\u00a0 [<a href=\"https:\/\/www.alterinfo.net\/Le-scandale-du-lobby-israelien-en-France_a129050.html\">https:\/\/www.alterinfo.net\/Le-scandale-du-lobby-israelien-en-France_a129050.html<\/a> ainsi que\u00a0: <a href=\"http:\/\/www.ism-france.org\/communiques\/Un-tresor-de-guerre-israelien-de-72-millions-de-dollars-pour-combattre-le-BDS-arrive-a-Bruxelles-article-20735?ml=true\">http:\/\/www.ism-france.org\/communiques\/Un-tresor-de-guerre-israelien-de-72-millions-de-dollars-pour-combattre-le-BDS-arrive-a-Bruxelles-article-20735?ml=true<\/a> sans oublier de visionner les 4 volets \u00e9difiants d\u2019un documentaire interdit aux USA mais qui a fini par fuiter\u00a0: <a href=\"http:\/\/mcpalestine.canalblog.com\/archives\/2018\/11\/03\/36835159.html\">http:\/\/mcpalestine.canalblog.com\/archives\/2018\/11\/03\/36835159.html<\/a> (1+2) et <a href=\"http:\/\/mcpalestine.canalblog.com\/archives\/2018\/11\/17\/36866088.html\">http:\/\/mcpalestine.canalblog.com\/archives\/2018\/11\/17\/36866088.html<\/a> (3) et enfin, <a href=\"http:\/\/mcpalestine.canalblog.com\/archives\/2018\/11\/25\/36891491.html\">http:\/\/mcpalestine.canalblog.com\/archives\/2018\/11\/25\/36891491.html<\/a> (4)].<\/p>\n<p>De multiples acteurs, chercheurs, militants d\u00e9noncent la d\u00e9l\u00e9t\u00e8re influence des lobbies pro-isra\u00e9liens au niveau de l\u2019organisation de la sph\u00e8re politico-m\u00e9diatique. En t\u00e9moignent de nombreux rapports, \u00e9tudes, documents comme ci-dessus. Ces lobbies sont un v\u00e9ritable cancer qui vicie l\u2019air de nos \u00ab\u00a0d\u00e9mocraties\u00a0\u00bb.<\/p>\n<p>Une fois cette information int\u00e9gr\u00e9e, on comprend mieux le fonctionnement et la persistance de certains minables animateurs dans des \u00e9missions d\u00e9biles qui n\u2019ont pour autre objectif que de d\u00e9tourner le citoyen, des vrais probl\u00e8mes de son quotidien. Sans jamais rater l\u2019occasion de distiller \u2013 comme par hasard \u2013 une petite dose de racisme \u00e0 l\u2019encontre de tout ce qui est de couleur basan\u00e9e, avec une pr\u00e9f\u00e9rence particuli\u00e8re pour les arabo-musulmans r\u00e9duits la plupart du temps \u00e0 des \u00ab\u00a0islamistes\u00a0\u00bb anim\u00e9s de sentiments hostiles \u00e0 l\u2019\u00e9gard du pays dans lequel ils tentent de mener leur vie, contre vents et mar\u00e9es x\u00e9nophobes qu\u2019ils prennent r\u00e9guli\u00e8rement en pleine figure.<\/p>\n<p>17.06.19<\/p>\n<div align=\"justify\"><img decoding=\"async\" class=\"alignleft size-full wp-image-544\" src=\"http:\/\/chroniquepalestine.com\/wp-content\/uploads\/2016\/10\/A1-11.jpg\" alt=\"a1\" width=\"80\" height=\"100\" \/>* <strong>Daniel Vanhove<\/strong> est Observateur civil et membre du Mouvement Citoyen. Il a publi\u00e9 aux Ed. Marco Pietteur \u2013 coll. Oser Dire : <a href=\"https:\/\/www.amazon.fr\/vous-d%C3%BF%C2%A9truisez-maisons-d%C3%BF%C2%A9truirez-%C3%BF%C2%A2mes\/dp\/2919937006\" target=\"_blank\" rel=\"noopener noreferrer\">Si vous d\u00e9truisez nos maisons, vous ne d\u00e9truirez pas nos \u00e2mes<\/a> \u2013 2004 et <a href=\"http:\/\/www.info-palestine.eu\/spip.php?article5595\" target=\"_blank\" rel=\"noopener noreferrer\">La D\u00e9mocratie mensonge<\/a> \u2013 2008<\/div>\n","protected":false},"excerpt":{"rendered":"<p>Retour sur la sinistre intervention de Christine Angot, commentant le livre de son comparse Franz-Olivier Giesbert, lors de l\u2019\u00e9mission ONPC du samedi 01er juin dernier. Voici les propos\u00a0en cause : \u00ab\u00a0Le but avec les juifs pendant la guerre, \u00e7a a bien \u00e9t\u00e9 de les exterminer, de les tuer, et \u00e7a introduit une diff\u00e9rence fondamentale, alors &#8230; <a title=\"Laurent Ruquier, ou l\u2019artifice du cam\u00e9l\u00e9on\" class=\"read-more\" href=\"https:\/\/bruxelles-pantheres.be\/?p=4214\" aria-label=\"En savoir plus sur Laurent Ruquier, ou l\u2019artifice du cam\u00e9l\u00e9on\">Lire la suite<\/a><\/p>\n","protected":false},"author":1,"featured_media":3166,"comment_status":"open","ping_status":"open","sticky":false,"template":"","format":"standard","meta":{"footnotes":""},"categories":[36,4,7,28],"tags":[94],"class_list":["post-4214","post","type-post","status-publish","format-standard","has-post-thumbnail","hentry","category-europe","category-islamophobie","category-negrophobie","category-racismes","tag-daniel-vanhove"],"_links":{"self":[{"href":"https:\/\/bruxelles-pantheres.be\/index.php?rest_route=\/wp\/v2\/posts\/4214","targetHints":{"allow":["GET"]}}],"collection":[{"href":"https:\/\/bruxelles-pantheres.be\/index.php?rest_route=\/wp\/v2\/posts"}],"about":[{"href":"https:\/\/bruxelles-pantheres.be\/index.php?rest_route=\/wp\/v2\/types\/post"}],"author":[{"embeddable":true,"href":"https:\/\/bruxelles-pantheres.be\/index.php?rest_route=\/wp\/v2\/users\/1"}],"replies":[{"embeddable":true,"href":"https:\/\/bruxelles-pantheres.be\/index.php?rest_route=%2Fwp%2Fv2%2Fcomments&post=4214"}],"version-history":[{"count":2,"href":"https:\/\/bruxelles-pantheres.be\/index.php?rest_route=\/wp\/v2\/posts\/4214\/revisions"}],"predecessor-version":[{"id":4216,"href":"https:\/\/bruxelles-pantheres.be\/index.php?rest_route=\/wp\/v2\/posts\/4214\/revisions\/4216"}],"wp:featuredmedia":[{"embeddable":true,"href":"https:\/\/bruxelles-pantheres.be\/index.php?rest_route=\/wp\/v2\/media\/3166"}],"wp:attachment":[{"href":"https:\/\/bruxelles-pantheres.be\/index.php?rest_route=%2Fwp%2Fv2%2Fmedia&parent=4214"}],"wp:term":[{"taxonomy":"category","embeddable":true,"href":"https:\/\/bruxelles-pantheres.be\/index.php?rest_route=%2Fwp%2Fv2%2Fcategories&post=4214"},{"taxonomy":"post_tag","embeddable":true,"href":"https:\/\/bruxelles-pantheres.be\/index.php?rest_route=%2Fwp%2Fv2%2Ftags&post=4214"}],"curies":[{"name":"wp","href":"https:\/\/api.w.org\/{rel}","templated":true}]}}