{"id":4218,"date":"2019-07-09T13:47:50","date_gmt":"2019-07-09T12:47:50","guid":{"rendered":"https:\/\/bruxelles-pantheres.be\/?p=4218"},"modified":"2019-07-10T14:03:42","modified_gmt":"2019-07-10T13:03:42","slug":"en-soutien-a-said-bouamama","status":"publish","type":"post","link":"https:\/\/bruxelles-pantheres.be\/?p=4218","title":{"rendered":"En soutien \u00e0 Sa\u00efd Bouamama"},"content":{"rendered":"<div class=\"sub-header-article accur8-desktop accur8-tablet\">\n<div class=\"col-left fractal-desktop fractal-10-desktop collapse-7-desktop fractal-tablet fractal-6-tablet collapse-4-tablet\">\n<div class=\"introduction\"><a href=\"https:\/\/bruxelles-pantheres.be\/wp-content\/uploads\/2019\/07\/sboua2.jpg\"><img decoding=\"async\" class=\"size-full wp-image-4221 alignright\" src=\"https:\/\/bruxelles-pantheres.be\/wp-content\/uploads\/2019\/07\/sboua2.jpg\" alt=\"\" width=\"300\" height=\"300\" srcset=\"https:\/\/bruxelles-pantheres.be\/wp-content\/uploads\/2019\/07\/sboua2.jpg 300w, https:\/\/bruxelles-pantheres.be\/wp-content\/uploads\/2019\/07\/sboua2-150x150.jpg 150w\" sizes=\"(max-width: 300px) 100vw, 300px\" \/><\/a>Apr\u00e8s le boycott d&rsquo;un colloque par des repr\u00e9sentants de l&rsquo;Etat pour seul motif que le sociologue Sa\u00efd Bouamama y participait, 130 personnalit\u00e9s communiquent leur solidarit\u00e9 \u00e0 l&rsquo;universitaire face \u00e0 une \u00abcampagne de diffamation\u00bb islamophobe. Ils d\u00e9plorent que le pouvoir ait \u00abobtemp\u00e9r\u00e9 aux injonctions de l&rsquo;extr\u00eame-droite\u00bb.<\/div>\n<\/div>\n<div class=\"col-right aside-region fractal-desktop fractal-10-desktop collapse-3-desktop fractal-tablet fractal-6-tablet collapse-2-tablet tools-social is-on-top\">\n<div class=\"l-wrapper\">\n<div id=\"menuOutilsTopEl\" class=\"accur8-hidden-mobile tools-social-container\"><\/div>\n<\/div>\n<\/div>\n<\/div>\n<p>&nbsp;<\/p>\n<div class=\"accur8-desktop accur8-tablet accurWidth-desktop accurWidth-tablet\">\n<div class=\" col-left fractal-desktop fractal-10-desktop collapse-7-desktop fractal-tablet fractal-6-tablet collapse-4-tablet \">\n<div class=\"content-article\">\n<p><span class=\"titre-gras-bleu-petite-cap\">Le colloque de deux jours, organis\u00e9 \u00e0 Bobigny sur le th\u00e8me<\/span>\u00a0\u00ab<b><a class=\"external\" tabindex=\"-1\" href=\"https:\/\/cert-radicalisation.fr\/colloques-seminaires\/mecaniques-de-lextremisme-violent\/\" target=\"_blank\" rel=\"noopener noreferrer\">\u00a0<\/a><\/b><a class=\"external\" tabindex=\"-1\" href=\"https:\/\/cert-radicalisation.fr\/colloques-seminaires\/mecaniques-de-lextremisme-violent\/\" target=\"_blank\" rel=\"noopener noreferrer\">M\u00e9caniques de l&rsquo;extr\u00e9misme violent<\/a>\u00a0\u00bb, a \u00e9t\u00e9 troubl\u00e9 par l&rsquo;absence d&rsquo;un de ses organisateurs, le sociologue Sa\u00efd Bouamama, cons\u00e9quence d\u2019un veto \u00e9manant du minist\u00e8re de l&rsquo;int\u00e9rieur. Cette intervention relaie une campagne expresse initi\u00e9e par le Rassemblement national, aussit\u00f4t suivi par le FigaroVox et Valeurs Actuelles.<\/p>\n<\/div>\n<\/div>\n<\/div>\n<p><!--more--><\/p>\n<p>Les<b>\u00a0<\/b>officiels qui devaient introduire le colloque, le pr\u00e9sident du conseil d\u00e9partemental, la pr\u00e9f\u00e8te d\u00e9l\u00e9gu\u00e9e \u00e0 l&rsquo;\u00e9galit\u00e9 des chances du 93, la procureure de la R\u00e9publique du 93 ainsi que la secr\u00e9taire g\u00e9n\u00e9rale du comit\u00e9 interminist\u00e9riel de pr\u00e9vention de la d\u00e9linquance et de la radicalisation (CIPDR), ont \u00ab\u00a0boycott\u00e9\u00a0\u00bb\u00a0ce<b>\u00a0<\/b>colloque, pour reprendre la formulation du<i>\u00a0Parisien.\u00a0<\/i><\/p>\n<p>L&rsquo;oukase contre Sa\u00efd Bouamama est d&rsquo;autant plus \u00e9tonnant qu&rsquo;il est co-animateur depuis quatre ans du projet dont ce colloque est l\u2019aboutissement, et qu\u2019il s\u2019agit d\u2019un projet soutenu par l&rsquo;\u00c9tat et en particulier la pr\u00e9fecture de Seine-Saint-Denis. L&rsquo;intervention qu&rsquo;il devait faire a \u00e9t\u00e9 lue et chaudement applaudie ; quand elle sera publi\u00e9e, chacun\u00b7e pourra constater, outre sa qualit\u00e9, qu&rsquo;elle est \u00e0 mille lieues de constituer une \u00abcomplaisance envers le djihadisme\u00bb comme l\u2019en ont accus\u00e9 ses d\u00e9tracteurs sans s\u2019\u00eatre donn\u00e9 la peine de l\u2019entendre.<\/p>\n<p>La question du djihadisme est donc instrumentalis\u00e9e pour tenter de discr\u00e9diter un sociologue dont les opinions politiques de gauche sont publiques,\u00a0ses r\u00e9f\u00e9rences intellectuelles\u00a0se situant\u00a0du c\u00f4t\u00e9 du marxisme,\u00a0\u00e0 l&rsquo;oppos\u00e9\u00a0de l&rsquo;islam politique. Cette campagne de diffamation contre Sa\u00efd Bouamama \u00e9mane de milieux islamophobes et d\u2019extr\u00eame droite devant lesquels le pouvoir a c\u00e9d\u00e9.<\/p>\n<p>La volont\u00e9 destructrice de ces lobbys va donc jusqu&rsquo;\u00e0 tenter d\u2019an\u00e9antir des structures et projets visant \u00e0 r\u00e9ins\u00e9rer des personnes dites \u00ab\u00a0radicalis\u00e9es\u00a0\u00bb dans une vie sociale partag\u00e9e plut\u00f4t que de poursuivre une trajectoire dangereuse pour les autres comme pour elles-m\u00eames.<\/p>\n<p>Nous, signataires, sommes solidaires de Sa\u00efd Bouamama et d\u00e9non\u00e7ons l&rsquo;attitude de ce pouvoir qui obtemp\u00e8re aux injonctions de l&rsquo;extr\u00eame-droite, preuve \u00e9clatante de son double discours qui pr\u00e9tend la combattre en la renfor\u00e7ant quotidiennement.<\/p>\n<p><span class=\"titre-gras-bleu-petite-cap\">Signataires:\u00a0<\/span><b>\u00a0<\/b><\/p>\n<p>Viviane\u00a0<b>Albenga<\/b>, sociologue, universit\u00e9 de Bordeaux<\/p>\n<p>Armelle\u00a0<b>Andro<\/b>, sociologue, institut de d\u00e9mographie de l&rsquo;universit\u00e9 Paris-1<\/p>\n<p>Marie H\u00e9l\u00e8ne <b>Bacqu\u00e9<\/b>, sociologue, professeure, universit\u00e9 Paris-Nanterre<\/p>\n<p>Marion\u00a0<b>Carrel<\/b>, ma\u00eetresse de conf\u00e9rences HDR en sociologie, universit\u00e9 de Lille-CeRIES<\/p>\n<p>Fran\u00e7oise\u00a0<b>Cl\u00e9ment, <\/b>sociologue, \u00e9conomiste, altermondialiste<\/p>\n<p>Marguerite\u00a0<b>Cognet<\/b>, sociologue, ma\u00eetresse de conf\u00e9rences, universit\u00e9 Paris-Diderot<\/p>\n<p>Jessy <b>Cormont<\/b>, sociologue, P.H.A.R.E. pour l\u2019\u00c9galit\u00e9 et universit\u00e9 de Lille<\/p>\n<p>Sonia\u00a0<b>Dayan-Herzbrun<\/b>,\u00a0sociologue, professeure \u00e9m\u00e9rite, universit\u00e9 Paris-Diderot<\/p>\n<p>Pauline\u00a0<b>Delage<\/b>, sociologue, CNRS, rattach\u00e9e au Crespa-CSU.<\/p>\n<p>Christine\u00a0<b>Delphy<\/b>, sociologue, chercheuse associ\u00e9e au laboratoire Triangle<\/p>\n<p>Fabrice <b>Dhume<\/b>, sociologue<\/p>\n<p>Jules <b>Falquet<\/b>, sociologue, universit\u00e9 de Paris-Diderot<\/p>\n<p>Eric <b>Fassin<\/b>, sociologue, Paris 8<\/p>\n<p>Sonia <b>Fayman<\/b>, sociologue<\/p>\n<p>Nacira <b>Gu\u00e9nif<\/b>, sociologue, professeure des universit\u00e9s, Paris 8<\/p>\n<p>Malika <b>Hamidi<\/b>, sociologue et auteure, CADIS, Paris et Universit\u00e9 Gaston<\/p>\n<p>Berger, S\u00e9n\u00e9gal<\/p>\n<p>David <b>Jamar<\/b>, sociologue, universit\u00e9 de Mons, Belgique<\/p>\n<p>Pierre-Andr\u00e9\u00a0<b>Juven<\/b>, sociologue, CNRS<\/p>\n<p>Maryam <b>Kolly<\/b>, sociologue, Universit\u00e9 Saint-Louis &#8211; Bruxelles, Centre d\u2019\u00e9tudes\u00a0Sociologiques<\/p>\n<p>Fabienne <b>Messica<\/b>, sociologue<\/p>\n<p>Marwan <b>Mohammed<\/b>,\u00a0sociologue, CNRS, laboratoire CMH<\/p>\n<p>Laurent\u00a0<b>Mucchielli<\/b>, sociologue, directeur de recherches CNRS (Lames)<\/p>\n<p>Ugo <b>Palheta<\/b>, sociologue, universit\u00e9 de Lille<\/p>\n<p>Roland\u00a0<b>Pfefferkorn<\/b>, sociologue, professeur \u00e9m\u00e9rite, universit\u00e9 de Strasbourg<\/p>\n<p>Aude\u00a0<b>Rabaud<\/b>, ma\u00eetresse de conf\u00e9rences, universit\u00e9 Paris-Diderot<\/p>\n<p>Olivier\u00a0<b>Roueff<\/b>, sociologue, CNRS<\/p>\n<p>Patrick\u00a0<b>Simon<\/b>, socio-d\u00e9mographe, Ined, membre du comit\u00e9 de r\u00e9daction de la revue\u00a0<i>Mouvements <\/i><\/p>\n<p>Maryse <b>Tripier<\/b>, sociologue des migrations, professeur \u00e9m\u00e9rite, universit\u00e9 Paris Diderot<\/p>\n<p>Eleni <b>Varikas<\/b>, chercheuse \u00e9tudes de genre, professeure \u00e9merite, universit\u00e9 Paris-8<\/p>\n<p>&nbsp;<\/p>\n<p><b>Autres signataires:<\/b><\/p>\n<p>Ahmed <b>Abbes, <\/b>math\u00e9maticien, directeur de recherches \u00e0 Paris<\/p>\n<p>Elisa <b>Aigner<\/b>, assistante sociale, Seine-Saint-Denis<\/p>\n<p>Salika <b>Amara<\/b>,\u00a0professeure de lettres, retrait\u00e9e<\/p>\n<p>Verveine <b>Angeli,\u00a0<\/b>syndicaliste, Union syndicale Solidaires<\/p>\n<p>Etienne\u00a0<b>Balibar<\/b>, professeur Kingston University London, professeur \u00e9m\u00e9rite Universit\u00e9 de Paris-Nanterre<\/p>\n<p>Ludivine <b>Bantigny<\/b>, historienne, universit\u00e9 de Rouen<\/p>\n<p>Adda <b>Bekkouche<\/b>, enseignant, universit\u00e9 Paris-1, Panth\u00e9on Sorbonne<\/p>\n<p>Louiza <b>Belhamici<\/b>, professeure, vice-pr\u00e9sidente commission Islam&amp;La\u00efcit\u00e9<\/p>\n<p>Sarah <b>Benichou<\/b>, enseignante, militante f\u00e9ministe<\/p>\n<p>Farid <b>Benna\u00ef,\u00a0<\/b>FUIQP Paris<\/p>\n<p>Mohammed <b>Ben Yakhlef<\/b>, \u00e9lu municipal Villeneuve-Saint-Georges<\/p>\n<p>Antoine <b>Boulang\u00e9<\/b>, enseignant, Esp\u00e9 Paris, Sorbonne universit\u00e9<\/p>\n<p>Alima <b>Boumedienne Thierry<\/b>, avocate<\/p>\n<p>Youcef <b>Boussaa,<\/b>psychiatre des h\u00f4pitaux retrait\u00e9<\/p>\n<p>Martine <b>Boudet<\/b>, conseil scientifique Attac France<\/p>\n<p>Houria <b>Bouteldja<\/b>, PIR<\/p>\n<p>Rony <b>Brauman<\/b>, professeur, universit\u00e9 de Manchester<\/p>\n<p>Fabienne <b>Brion<\/b>, facult\u00e9 de droit et de criminologie, Louvain-la-Neuve<\/p>\n<p>Alex <b>Callinicos<\/b>, Professor of European Studies, King&rsquo;s College (Londres)<\/p>\n<p>Abdelaziz <b>Chaambi<\/b>, Coordination contre le racisme et l\u2019islamophobie,<\/p>\n<p>Ismahane <b>Chouder<\/b>, enseignante et formatrice, Commission Islam&amp;La\u00efcit\u00e9<\/p>\n<p>Agn\u00e8s <b>Cluzel<\/b>, infirmi\u00e8re, gilet jaune Auxerre<\/p>\n<p>Jim <b>Cohen<\/b>, professeur, universit\u00e9 Paris 3-Sorbonne Nouvelle,<\/p>\n<p>Annick <b>Coup\u00e9<\/b>, syndicaliste, altermondialiste<\/p>\n<p>Thomas <b>Coutrot<\/b>, \u00e9conomiste<\/p>\n<p>Monique <b>Crinon,\u00a0<\/b>sociologue, consultante, f\u00e9ministe antiraciste<\/p>\n<p>Alexis <b>Cukier<\/b>, ma\u00eetre de conf\u00e9rences philosophie, universit\u00e9 de Poitiers<\/p>\n<p>Marina <b>Da Silva<\/b>, journaliste, Commission Islam&amp;La\u00efcit\u00e9<\/p>\n<p>Laurence <b>De Cock<\/b>, historienne<\/p>\n<p>Robin <b>Delobel<\/b>, journaliste, CADTM<\/p>\n<p>Ludo <b>De Witte<\/b>, auteur<\/p>\n<p>Bernard <b>Dr\u00e9ano<\/b>, pr\u00e9sident du Cedetim<\/p>\n<p>Fran\u00e7oise <b>Duthu, <\/b>retrait\u00e9e de l&rsquo;Universit\u00e9 Paris Ouest-Nanterre.<\/p>\n<p>Ivar <b>Ekeland<\/b>, math\u00e9maticien et \u00e9conomiste<\/p>\n<p>Ismael <b>El Hajari, <\/b>FUIQP Paris<\/p>\n<p>Renaud <b>Epstein<\/b>, ma\u00eetre de conf\u00e9rences, sciences po Saint-Germain-en-Laye<\/p>\n<p>Didier <b>Epsztajn<\/b>, animateur du blog Entre les lignes entre les mots,<\/p>\n<p>Mireille <b>Fanon Mendes-France<\/b>, ex-UN experte, Fondation Frantz Fanon<\/p>\n<p>Nadia <b>Fartaoui<\/b>,\u00a0m\u00e9decin, FUIQP Paris<\/p>\n<p>C\u00e9cile <b>Fontaine,\u00a0<\/b>FUIQP59-62<\/p>\n<p>Pascal <b>Franchet<\/b>, pr\u00e9sident du CADTM France<\/p>\n<p>Georges <b>Franco,\u00a0<\/b>artiste peintre.<\/p>\n<p>Bernard <b>Friot<\/b>, professeur \u00e9m\u00e9rite \u00e0 l\u2019universit\u00e9 Paris-Nanterre<\/p>\n<p>Isabelle <b>Garo<\/b>, philosophe<\/p>\n<p>Vincent <b>Genestet<\/b>, consultant \u00e0 la retraite, LDH<\/p>\n<p>Fran\u00e7ois <b>G\u00e8ze<\/b>,<b>\u00a0<\/b>\u00e9diteur<\/p>\n<p>Ouissame <b>Ghmimat<\/b>, militant des droit humains AMDH<\/p>\n<p>Alain <b>Gresh<\/b>, directeur d\u2019Orient XXI<\/p>\n<p>Michelle <b>Guerci<\/b>, journaliste<\/p>\n<p>Majdelil <b>Guerda,\u00a0<\/b>militante FUIQP<\/p>\n<p>Georges <b>Gumpel,\u00a0<\/b>UJFP<\/p>\n<p>Fa\u00efza <b>Hirach<\/b>, militante IWW Belgium<\/p>\n<p>Julie <b>Jaroszewski<\/b>, artiste, militante<\/p>\n<p>Pierre <b>Khalfa<\/b>,\u00a0\u00e9conomiste, militant altermondialiste<\/p>\n<p>Guillermo <b>Kozlowski<\/b>, philosophe<\/p>\n<p>Stathis <b>Kouvelakis<\/b>, professeur \u00e0 King&rsquo;s College (Londres)<\/p>\n<p>Roland <b>Lafitte<\/b>, commission Islam&amp;La\u00efcit\u00e9<\/p>\n<p>Olivier <b>Le Cour Grandmaison<\/b>, universitaire<\/p>\n<p>Monique <b>Lellouche<\/b>, militante antiraciste, UJFP<\/p>\n<p>Nathalie <b>Levallois<\/b>, militante FI<\/p>\n<p>Laurent <b>L\u00e9vy<\/b>, essayiste<\/p>\n<p>Nadia <b>Louachi,\u00a0<\/b>FUIQP Paris<\/p>\n<p>Christian <b>Mahieux,\u00a0<\/b>syndicaliste Union syndicale Solidaires<\/p>\n<p>Gilles <b>Manceron<\/b>, historien, commission Islam&amp;La\u00efcit\u00e9<\/p>\n<p>Malika <b>Mansouri<\/b>, ma\u00eetre de conf\u00e9rences, Paris<\/p>\n<p>Michel <b>Maric<\/b>, ma\u00eetre de conf\u00e9rences en \u00e9conomie, universit\u00e9 de Reims<\/p>\n<p>Philippe <b>Marli\u00e8re<\/b>, politiste<\/p>\n<p>Fernanda <b>Marrucchelli<\/b>, Fasti<\/p>\n<p>Gustave <b>Massiah<\/b>, \u00e9conomiste<\/p>\n<p>Madjid <b>Messaoudene<\/b>, \u00e9lu municipal Saint-Denis (93)<\/p>\n<p>\u00dcmit <b>Metin<\/b>, militant Acort<\/p>\n<p>Regis <b>Meyran<\/b>, anthropologue<\/p>\n<p>Zakia <b>Meziani<\/b>, militante associative et f\u00e9ministe, Tourcoing<\/p>\n<p>B\u00e9n\u00e9dicte <b>Monville<\/b>,<b>\u00a0<\/b>conseill\u00e8re r\u00e9gionale Ile-de-France<\/p>\n<p>Ren\u00e9\u00a0<b>Monzat<\/b>, CI&amp;L<\/p>\n<p>John <b>Mullen<\/b>, professeur, universit\u00e9 de Rouen<\/p>\n<p>Sylvie <b>Nony<\/b>, historienne des sciences, CNRS<\/p>\n<p>Sylvie <b>Pinot<\/b>, formatrice, FUIQP Nord<\/p>\n<p>Christine <b>Poupin<\/b>, porte-parole du NPA<\/p>\n<p>Ali <b>Rahni, <\/b>militant associatif Roubaix<\/p>\n<p>Jocelyne <b>Rajnchapel-Messai,\u00a0<\/b>UJFP<\/p>\n<p>Laurent <b>Ripart<\/b>, historien, Chamb\u00e9ry<\/p>\n<p>Jo\u00ebl <b>Roman<\/b>, philosophe<\/p>\n<p>Code <b>Rouge<\/b>, artiste<\/p>\n<p>Th\u00e9o <b>Roumier,\u00a0<\/b>syndicaliste SUD \u00e9ducation<\/p>\n<p>Alain <b>Ruscio, <\/b>historien<\/p>\n<p>Catherine <b>Samary<\/b>, \u00e9conomiste altermondialiste<\/p>\n<p>Maximilien <b>Sanchez<\/b>, conseiller municipal Gentilly<\/p>\n<p>Manu <b>Scordia<\/b>, dessinateur<\/p>\n<p>Djellali <b>Seddaoui<\/b>, FUIQP 59\/62<\/p>\n<p>Khadija <b>Senhadji<\/b>, socio-anthropologue et militante d\u00e9coloniale<\/p>\n<p>Mich\u00e8le <b>Sibony<\/b>, UJFP<\/p>\n<p>Patrick <b>Silberstein<\/b>, m\u00e9decin, \u00e9diteur<\/p>\n<p>Omar <b>Slaouti<\/b>, enseignant, militant antiraciste<\/p>\n<p>Laurent <b>Sorel<\/b>, conseiller d&rsquo;arrondissement Paris 20, France Insoumise<\/p>\n<p>Catherine <b>Stern<\/b>, enseignante retrait\u00e9e, RESF, Mrap, PCF<\/p>\n<p>Julien <b>Talpin<\/b>, charg\u00e9 de recherche en science politique, CNRS<\/p>\n<p>Olivier <b>Tonneau<\/b>, enseignant-chercheur Universit\u00e9 de Cambridge<\/p>\n<p>Anne <b>Tristan<\/b>, enseignante<\/p>\n<p>Marie-Christine <b>Vergiat<\/b>, ex-d\u00e9put\u00e9e europ\u00e9enne<\/p>\n<p>Christiane <b>Vollaire<\/b>, philosophe, chercheure associ\u00e9e au CNAM.<\/p>\n<p>St\u00e9phane <b>Vonthron<\/b>, France Insoumise, Lille<\/p>\n<p>Louis <b>Weber<\/b>, \u00e9diteur<\/p>\n<p>James <b>Wolfreys<\/b>, politiste, King&rsquo;s College Londres<\/p>\n<p>Sophie <b>Zafari<\/b>, syndicaliste SNUIP P93<b>\u00a0<\/b><\/p>\n<p><b>\u00a0<\/b><\/p>\n<p><b>Associations et collectifs :<\/b><\/p>\n<p>Assembl\u00e9e citoyenne des originaires de Turquie (Acort),<\/p>\n<p>Association marocaine des droits humains, (AMDH-Paris\/IDF)<\/p>\n<p>Association rencontre et dialogue Roubaix<\/p>\n<p>Association des travailleurs maghr\u00e9bins de France (ATMF)<\/p>\n<p>Bruxelles Panth\u00e8res<\/p>\n<p>CGT de la Cit\u00e9 nationale de l\u2019histoire de l\u2019immigration<\/p>\n<p>Collectif de d\u00e9fense des jeunes du Mantois<\/p>\n<p>Collectif f\u00e9ministe Kahina<\/p>\n<p>Comit\u00e9 pour le respect des libert\u00e9s et des droits de l\u2019homme en Tunisie<\/p>\n<p>(CRLDHT)<\/p>\n<p>Commission Islam&amp;la\u00efcit\u00e9<\/p>\n<p>Editions Syllepse<\/p>\n<p>F\u00e9d\u00e9ration des associations de soutien aux travailleurs immigr\u00e9s (Fasti)<\/p>\n<p>F\u00e9d\u00e9ration des Tunisiens pour une citoyennet\u00e9 des deux rives (FTCR)<\/p>\n<p>Front uni des immigrations et des quartiers populaires (FUIQP)<\/p>\n<p>Identit\u00e9 Plurielle Tourcoing<\/p>\n<p>Parti des indig\u00e8nes de la R\u00e9publique (PIR)<\/p>\n<p>Union juive fran\u00e7aise pour la paix (UJFP)<\/p>\n<p>Union des Tunisiens pour l\u2019action citoyenne (Utac)<\/p>\n","protected":false},"excerpt":{"rendered":"<p>Apr\u00e8s le boycott d&rsquo;un colloque par des repr\u00e9sentants de l&rsquo;Etat pour seul motif que le sociologue Sa\u00efd Bouamama y participait, 130 personnalit\u00e9s communiquent leur solidarit\u00e9 \u00e0 l&rsquo;universitaire face \u00e0 une \u00abcampagne de diffamation\u00bb islamophobe. Ils d\u00e9plorent que le pouvoir ait \u00abobtemp\u00e9r\u00e9 aux injonctions de l&rsquo;extr\u00eame-droite\u00bb. &nbsp; Le colloque de deux jours, organis\u00e9 \u00e0 Bobigny sur &#8230; <a title=\"En soutien \u00e0 Sa\u00efd Bouamama\" class=\"read-more\" href=\"https:\/\/bruxelles-pantheres.be\/?p=4218\" aria-label=\"En savoir plus sur En soutien \u00e0 Sa\u00efd Bouamama\">Lire la suite<\/a><\/p>\n","protected":false},"author":1,"featured_media":4219,"comment_status":"open","ping_status":"open","sticky":false,"template":"","format":"standard","meta":{"footnotes":""},"categories":[21,36,18,28],"tags":[127],"class_list":["post-4218","post","type-post","status-publish","format-standard","has-post-thumbnail","hentry","category-anti-imperialisme","category-europe","category-resistance-bruxelles","category-racismes","tag-said-bouamama"],"_links":{"self":[{"href":"https:\/\/bruxelles-pantheres.be\/index.php?rest_route=\/wp\/v2\/posts\/4218","targetHints":{"allow":["GET"]}}],"collection":[{"href":"https:\/\/bruxelles-pantheres.be\/index.php?rest_route=\/wp\/v2\/posts"}],"about":[{"href":"https:\/\/bruxelles-pantheres.be\/index.php?rest_route=\/wp\/v2\/types\/post"}],"author":[{"embeddable":true,"href":"https:\/\/bruxelles-pantheres.be\/index.php?rest_route=\/wp\/v2\/users\/1"}],"replies":[{"embeddable":true,"href":"https:\/\/bruxelles-pantheres.be\/index.php?rest_route=%2Fwp%2Fv2%2Fcomments&post=4218"}],"version-history":[{"count":2,"href":"https:\/\/bruxelles-pantheres.be\/index.php?rest_route=\/wp\/v2\/posts\/4218\/revisions"}],"predecessor-version":[{"id":4223,"href":"https:\/\/bruxelles-pantheres.be\/index.php?rest_route=\/wp\/v2\/posts\/4218\/revisions\/4223"}],"wp:featuredmedia":[{"embeddable":true,"href":"https:\/\/bruxelles-pantheres.be\/index.php?rest_route=\/wp\/v2\/media\/4219"}],"wp:attachment":[{"href":"https:\/\/bruxelles-pantheres.be\/index.php?rest_route=%2Fwp%2Fv2%2Fmedia&parent=4218"}],"wp:term":[{"taxonomy":"category","embeddable":true,"href":"https:\/\/bruxelles-pantheres.be\/index.php?rest_route=%2Fwp%2Fv2%2Fcategories&post=4218"},{"taxonomy":"post_tag","embeddable":true,"href":"https:\/\/bruxelles-pantheres.be\/index.php?rest_route=%2Fwp%2Fv2%2Ftags&post=4218"}],"curies":[{"name":"wp","href":"https:\/\/api.w.org\/{rel}","templated":true}]}}