{"id":4224,"date":"2019-07-08T14:05:18","date_gmt":"2019-07-08T13:05:18","guid":{"rendered":"https:\/\/bruxelles-pantheres.be\/?p=4224"},"modified":"2019-07-10T14:39:59","modified_gmt":"2019-07-10T13:39:59","slug":"bruxelles%e2%80%8a-letude-qui-montre-que-lorigine-etrangere-est-un-frein-a-lemploi","status":"publish","type":"post","link":"https:\/\/bruxelles-pantheres.be\/?p=4224","title":{"rendered":"Bruxelles\u200a: l\u2019\u00e9tude qui montre que l\u2019origine \u00e9trang\u00e8re est un frein \u00e0 l\u2019emploi"},"content":{"rendered":"<p><a class=\"profileLink\" title=\"Khadija Senhadji\" href=\"https:\/\/www.facebook.com\/profile.php?id=100007971135965&amp;__tn__=%2CdK-R-R&amp;eid=ARDU-lGdrt_XTSkAOQW2es8McPhDL3CjaYh88S7zRxVFB7zWLYHylRnBgjE4TuFFJh-XjbrXbvjuUVCS&amp;fref=mentions\" data-hovercard=\"\/ajax\/hovercard\/user.php?id=100007971135965&amp;extragetparams=%7B%22__tn__%22%3A%22%2CdK-R-R%22%2C%22eid%22%3A%22ARDU-lGdrt_XTSkAOQW2es8McPhDL3CjaYh88S7zRxVFB7zWLYHylRnBgjE4TuFFJh-XjbrXbvjuUVCS%22%2C%22fref%22%3A%22mentions%22%7D\" data-hovercard-prefer-more-content-show=\"1\">Khadija Senhadji<\/a>, responsable de l\u2019\u00e9tude : \u00ab Les conclusions de ce rapport sont travers\u00e9es par une n\u00e9cessit\u00e9 : celle de mettre un terme aux m\u00e9canismes et traitements in\u00e9galitaires qui ont cours sur une base ethnique et raciale dans le secteur de l\u2019emploi et dont on connait l\u2019existence depuis plus de deux d\u00e9cennies. Seule une volont\u00e9 politique forte de s\u2019attaquer \u00e0 la dimension structurelle de ces discriminations permettra la mise en \u0153uvre de mesures r\u00e9ellement efficaces. \u00bb<\/p>\n<p><!--more--><\/p>\n<div id=\"article-text\" class=\"article-text\">\n<p>Il est plus difficile de trouver un emploi \u00e0 Bruxelles quand on est d\u2019origine \u00e9trang\u00e8re, m\u00eame avec des qualifications. Ce constat n\u2019est pas neuf, mais pour la premi\u00e8re fois, la R\u00e9gion bruxelloise dispose d\u2019une <a class=\"noFilter\" href=\"https:\/\/press.actiris.be\/lorigine-etrangere--un-frein-a-lemploi-a-bruxelles\" target=\"_blank\" rel=\"noopener noreferrer\">\u00e9tude scientifique qui le d\u00e9montre<\/a>.<\/p>\n<p>C\u2019est view.brussels, l\u2019observatoire bruxellois de l\u2019emploi et de la formation, qui l\u2019a r\u00e9alis\u00e9e, sur des chercheurs d\u2019emploi inscrits chez Actiris (l\u2019organisme r\u00e9gional de l\u2019emploi) entre 2013 et 2016, en tenant compte de leur origine. Dans ce monitoring, sont consid\u00e9r\u00e9s comme d\u2019origine \u00e9trang\u00e8re ceux qui avaient une nationalit\u00e9 \u00e9trang\u00e8re \u00e0 la naissance, ceux qui avaient une nationalit\u00e9 \u00e9trang\u00e8re au moment de l\u2019\u00e9tude, ou ceux dont au moins un des parents a la nationalit\u00e9 \u00e9trang\u00e8re.<\/p>\n<p>Quels sont les principaux enseignements de cette \u00e9tude\u200a?<\/p>\n<h3>1) Des in\u00e9galit\u00e9s massives et structurelles<\/h3>\n<p>Les populations originaires d\u2019un pays hors Union europ\u00e9enne subissent un \u201cph\u00e9nom\u00e8ne aigu de sous-emploi\u201d, selon les auteurs. Par exemple, le taux de ch\u00f4mage des personnes d\u2019origine maghr\u00e9bine et des afro-descendants est trois \u00e0 quatre fois plus \u00e9lev\u00e9 que celui des belgo-belges.<\/p>\n<p>Les jeunes d\u2019origine subsaharienne ont le plus de difficult\u00e9 \u00e0 trouver un job. Ils sont les plus nombreux \u00e0 de pas avoir d\u2019emploi 36 mois apr\u00e8s leur inscription chez Actiris, malgr\u00e9 leur pr\u00e9sence plus importante dans les formations.<\/p>\n<h3>2) M\u00eame avec un dipl\u00f4me \u00e9gal<\/h3>\n<p>\u00c0 niveau d\u2019\u00e9tude \u00e9quivalent, les personnes d\u2019origine extra-europ\u00e9enne ont plus de difficult\u00e9s \u00e0 trouver un emploi.<\/p>\n<figure class=\"insertedMedia insertedMedia__image\">\n<div class=\"insertedMedia_root insertedMedia_root__image\">\n<div class=\"insertedMedia_root insertedMedia_root__image\"><img decoding=\"async\" class=\"insertedMedia_img is-loaded\" src=\"https:\/\/t1.llb.be\/LXP3K65igoukxwevlx18280MI00=\/fit-in\/620x0\/5d1dd79bd8ad5815cb52129f.jpg\" alt=\"\" data-srcset=\" {&quot;300&quot;:&quot;https:\/\/t1.llb.be\/0XC388-JTBM3ToHarYhcNo8cYNM=\/fit-in\/300x0\/5d1dd79bd8ad5815cb52129f.jpg&quot;,&quot;620&quot;:&quot;https:\/\/t1.llb.be\/LXP3K65igoukxwevlx18280MI00=\/fit-in\/620x0\/5d1dd79bd8ad5815cb52129f.jpg&quot;,&quot;940&quot;:&quot;https:\/\/t1.llb.be\/4g9bKR_rtaV5Rp8k4MrAThK0bdA=\/fit-in\/940x0\/5d1dd79bd8ad5815cb52129f.jpg&quot;} \" data-src=\"https:\/\/t1.llb.be\/LXP3K65igoukxwevlx18280MI00=\/fit-in\/620x0\/5d1dd79bd8ad5815cb52129f.jpg\" data-lzled=\"true\" \/><\/div>\n<\/div><figcaption class=\"insertMedia_description\">\u00a9 D.R.<\/figcaption><\/figure>\n<h3>3) Des dipl\u00f4mes non reconnus<\/h3>\n<p>La non-reconnaissance des dipl\u00f4mes \u00e9trangers touche davantage les personnes d\u2019origine subsaharienne. Si on regarde quels sont les jeunes dipl\u00f4m\u00e9s de l\u2019\u00e9tranger qui mettent plus de deux ans \u00e0 d\u00e9crocher un emploi long (sup\u00e9rieur \u00e0 trois mois), on constate qu\u2019ils sont plus nombreux parmi ceux qui viennent de la R\u00e9publique d\u00e9mocratique du Congo, du Burundi et du Rwanda (41,5\u200a%), devant les \u201cautres pays africains\u201d (34,8\u200a%), le Maghreb (26,5\u200a%) et les \u201cautres pays asiatiques\u201d (24,2\u200a%).<\/p>\n<h3>4) Les femmes plus vuln\u00e9rables<\/h3>\n<p>Les femmes d\u2019origine extra-europ\u00e9enne sont plus vuln\u00e9rables. Elles ont une probabilit\u00e9 plus grande d\u2019\u00eatre au ch\u00f4mage, d\u2019\u00eatre sans allocation de ch\u00f4mage quand elles sont sans emploi et, une fois \u00e0 l\u2019emploi, d\u2019\u00eatre confin\u00e9es dans des m\u00e9tiers faiblement r\u00e9mun\u00e9rateurs, peu gratifiants, exigeants physiquement (horeca, soins, nettoyage).<\/p>\n<p>En outre, le sous-emploi est plus marqu\u00e9 chez les jeunes femmes d\u2019origine maghr\u00e9bine et turque. Pourtant, elles sont plus dipl\u00f4m\u00e9es que leurs homologues masculins. Le port du foulard, qui g\u00e9n\u00e8re des discriminations, peut expliquer ce constat, selon les auteurs de l\u2019\u00e9tude.<\/p>\n<p>Enfin, le fait qu\u2019elles sont plus souvent \u00e0 la t\u00eate d\u2019une famille monoparentale p\u00e8se sur leurs chances de trouver un travail.<\/p>\n<h3>5) L\u2019impact du quartier de r\u00e9sidence<\/h3>\n<p>Les chercheurs ont \u00e9tabli deux corr\u00e9lations importantes.<\/p>\n<p>La premi\u00e8re entre l\u2019origine et le lieu de r\u00e9sidence\u200a: les chercheurs d\u2019emploi d\u2019origine turque, maghr\u00e9bine, subsaharienne et des pays de l\u2019Est de l\u2019Union europ\u00e9enne r\u00e9sident plus souvent dans le croissant pauvre de Bruxelles.<\/p>\n<p>La seconde entre le lieu de r\u00e9sidence et la probabilit\u00e9 d\u2019acc\u00e9der \u00e0 l\u2019emploi\u200a: la proportion de jeunes \u00e0 l\u2019emploi est syst\u00e9matiquement plus faible dans le croissant pauvre qu\u2019ailleurs en R\u00e9gion bruxelloise.<\/p>\n<p>Les auteurs accompagnent leur \u00e9tude d\u2019une s\u00e9rie de recommandations pour lutter contre ces ph\u00e9nom\u00e8nes (utiliser la variable origine dans les statistiques du ch\u00f4mage, am\u00e9liorer la repr\u00e9sentativit\u00e9 au sein des institutions publiques, accro\u00eetre l\u2019impact des outils de lutte contre les discriminations, simplifier l\u2019\u00e9quivalence des dipl\u00f4mes,\u2026).<\/p>\n<\/div>\n<div class=\"article-productionData-author--small\"><a href=\"https:\/\/www.lalibre.be\/economie\/entreprises-startup\/bruxelles-l-etude-qui-montre-que-l-origine-etrangere-est-un-frein-a-l-emploi-5d1dd277f20d5a15c41dd243?fbclid=IwAR0tsRTXCj3_kKRtwl6az_xMgKyO0MlfRp3Wqh8qqv-xSkiyQbuIbqKgGT4#.XR46XV4wVOA.facebook\">L.G.<\/a><\/div>\n<div class=\"addthis_sharing_toolbox shareToolsBar article-shareBox\"><\/div>\n","protected":false},"excerpt":{"rendered":"<p>Khadija Senhadji, responsable de l\u2019\u00e9tude : \u00ab Les conclusions de ce rapport sont travers\u00e9es par une n\u00e9cessit\u00e9 : celle de mettre un terme aux m\u00e9canismes et traitements in\u00e9galitaires qui ont cours sur une base ethnique et raciale dans le secteur de l\u2019emploi et dont on connait l\u2019existence depuis plus de deux d\u00e9cennies. Seule une volont\u00e9 &#8230; <a title=\"Bruxelles\u200a: l\u2019\u00e9tude qui montre que l\u2019origine \u00e9trang\u00e8re est un frein \u00e0 l\u2019emploi\" class=\"read-more\" href=\"https:\/\/bruxelles-pantheres.be\/?p=4224\" aria-label=\"En savoir plus sur Bruxelles\u200a: l\u2019\u00e9tude qui montre que l\u2019origine \u00e9trang\u00e8re est un frein \u00e0 l\u2019emploi\">Lire la suite<\/a><\/p>\n","protected":false},"author":1,"featured_media":19,"comment_status":"open","ping_status":"open","sticky":false,"template":"","format":"standard","meta":{"footnotes":""},"categories":[24,22,36,18,28],"tags":[250],"class_list":["post-4224","post","type-post","status-publish","format-standard","has-post-thumbnail","hentry","category-belgique-maroc","category-emploi","category-europe","category-resistance-bruxelles","category-racismes","tag-khadija-senhadji"],"_links":{"self":[{"href":"https:\/\/bruxelles-pantheres.be\/index.php?rest_route=\/wp\/v2\/posts\/4224","targetHints":{"allow":["GET"]}}],"collection":[{"href":"https:\/\/bruxelles-pantheres.be\/index.php?rest_route=\/wp\/v2\/posts"}],"about":[{"href":"https:\/\/bruxelles-pantheres.be\/index.php?rest_route=\/wp\/v2\/types\/post"}],"author":[{"embeddable":true,"href":"https:\/\/bruxelles-pantheres.be\/index.php?rest_route=\/wp\/v2\/users\/1"}],"replies":[{"embeddable":true,"href":"https:\/\/bruxelles-pantheres.be\/index.php?rest_route=%2Fwp%2Fv2%2Fcomments&post=4224"}],"version-history":[{"count":2,"href":"https:\/\/bruxelles-pantheres.be\/index.php?rest_route=\/wp\/v2\/posts\/4224\/revisions"}],"predecessor-version":[{"id":4226,"href":"https:\/\/bruxelles-pantheres.be\/index.php?rest_route=\/wp\/v2\/posts\/4224\/revisions\/4226"}],"wp:featuredmedia":[{"embeddable":true,"href":"https:\/\/bruxelles-pantheres.be\/index.php?rest_route=\/wp\/v2\/media\/19"}],"wp:attachment":[{"href":"https:\/\/bruxelles-pantheres.be\/index.php?rest_route=%2Fwp%2Fv2%2Fmedia&parent=4224"}],"wp:term":[{"taxonomy":"category","embeddable":true,"href":"https:\/\/bruxelles-pantheres.be\/index.php?rest_route=%2Fwp%2Fv2%2Fcategories&post=4224"},{"taxonomy":"post_tag","embeddable":true,"href":"https:\/\/bruxelles-pantheres.be\/index.php?rest_route=%2Fwp%2Fv2%2Ftags&post=4224"}],"curies":[{"name":"wp","href":"https:\/\/api.w.org\/{rel}","templated":true}]}}