{"id":4227,"date":"2019-06-25T14:41:09","date_gmt":"2019-06-25T13:41:09","guid":{"rendered":"https:\/\/bruxelles-pantheres.be\/?p=4227"},"modified":"2019-07-10T15:00:18","modified_gmt":"2019-07-10T14:00:18","slug":"ceci-nest-pas-une-inauguration","status":"publish","type":"post","link":"https:\/\/bruxelles-pantheres.be\/?p=4227","title":{"rendered":"CECI N&rsquo;EST PAS UNE INAUGURATION"},"content":{"rendered":"<div id=\"js_20\" class=\"_5pbx userContent _3576\" data-testid=\"post_message\" data-ft=\"{&quot;tn&quot;:&quot;K&quot;}\">\n<p>D\u00e9cennie des personnes d&rsquo;ascendance africaine (ONU), carte blanche parue dans le Vif aujourd&rsquo;hui qui d\u00e9nonce un lancement de pacotille diluant la question de la n\u00e9grophobie dans une id\u00e9ologie anti-raciste g\u00e9n\u00e9raliste nombriliste mainstream.<\/p>\n<\/div>\n<p><!--more--><\/p>\n<figure class=\"rmgDetail-image\"><img decoding=\"async\" class=\"u-sm-100vw\" src=\"https:\/\/web.roularta.be\/if\/c_crop,w_999,h_666,x_0,y_0,g_center\/c_fit,w_620,h_413\/3928e49d08ced6d805aa8f46f9c361bd.jpg\" \/><figcaption><\/figcaption><\/figure>\n<div class=\"rmgDetail-body article-body\" data-gtm-vis-recent-on-screen-6039843_102=\"43918\" data-gtm-vis-first-on-screen-6039843_102=\"43920\" data-gtm-vis-total-visible-time-6039843_102=\"100\" data-gtm-vis-has-fired-6039843_102=\"1\">\n<p><strong>Quelques \u00e9l\u00e9ments de contexte <\/strong><\/p>\n<p>La D\u00e9cennie a \u00e9t\u00e9 inaugur\u00e9e par l&rsquo;Organisation des Nations-Unies en janvier 2015 [1]. Et voil\u00e0 que brusquement, \u00e0 l&rsquo;approche du changement de gouvernement, nos autorit\u00e9s d\u00e9cident d&rsquo;enfin tenir leur engagement.<\/p>\n<p>Si la Belgique a pris un tel retard, ce n&rsquo;est pas faute d&rsquo;avoir \u00e9t\u00e9 sollicit\u00e9e. Le cabinet du ministre Didier Reynders n&rsquo;a jamais donn\u00e9 suite aux courriels envoy\u00e9s par les associations demandant une impl\u00e9mentation de la D\u00e9cennie depuis ses d\u00e9buts. En f\u00e9vrier 2019, le Groupe de Travail des Experts des Nations Unies sur les Personnes d&rsquo;Ascendance Africaine (WGEPAD) visite la Belgique pour s&rsquo;informer de la situation des personnes d&rsquo;ascendance africaine dans le royaume. Il y rencontre divers repr\u00e9sentants de l&rsquo;Etat et de ses institutions, ainsi que la soci\u00e9t\u00e9 civile d&rsquo;ascendance africaine. Ces derni\u00e8res rencontres sont organis\u00e9es par PAD Belgium, comit\u00e9 f\u00e9d\u00e9rant plusieurs organisations d&rsquo;ascendance africaine. Le WGEPAD publie ensuite un rapport interm\u00e9diaire recommandant \u00e0 la Belgique de \u00ab\u00a0s&rsquo;attaquer aux causes profondes du racisme actuel auquel sont confront\u00e9es les personnes d&rsquo;ascendance africaine\u00a0\u00bb. Apr\u00e8s que le rapport ait \u00e9t\u00e9 jug\u00e9 \u00ab\u00a0tr\u00e8s \u00e9trange\u00a0\u00bb par le Premier ministre Charles Michel, la Belgique fait soudain preuve d&#8217;empressement. Du n\u00e9ant, nous passons \u00e0 une phase acc\u00e9l\u00e9r\u00e9e pilot\u00e9e par la Cellule Egalit\u00e9 des chances. Vite, vite, il faut pouvoir montrer que l&rsquo;on n&rsquo;est pas si mauvais \u00e9l\u00e8ve que cela en mati\u00e8re de gestion (post)coloniale. Or, fait \u00e0 la fois caract\u00e9ristique et parlant, dans cette soudaine cavalcade, les Afrodescendants sont d&rsquo;abord absents. Ils seront consult\u00e9s en bout de course, <em>volens nolens<\/em>, et mobilis\u00e9s dans un processus dont ils ne ma\u00eetrisent aucun des rouages.<\/p>\n<p><strong>Une approche top-down paternaliste<\/strong><\/p>\n<p>Pour illustrer une approche infantilisante, soulignons que PAD Belgium a d&rsquo;abord appris par hasard l&rsquo;inauguration qui se pr\u00e9parait et n&rsquo;aura \u00e9t\u00e9 sollicit\u00e9 par le Minist\u00e8re que dans le but de partager son carnet d&rsquo;adresses. PAD Belgium bataille cependant pour influencer la programmation de cette \u00ab\u00a0inauguration\u00a0\u00bb et pour s&rsquo;imposer dans les interstices d&rsquo;une organisation cherchant \u00e0 les tenir \u00e0 distance. De fait, l&rsquo;organisation officielle place d&#8217;embl\u00e9e les Afrodescendants \u00e0 la marge : leurs propositions sont soit ignor\u00e9es, soit int\u00e9gr\u00e9es lorsqu&rsquo;elles sont sans r\u00e9elles cons\u00e9quences (le choix des mod\u00e9rateurs), soit encore entour\u00e9es d&rsquo;un soup\u00e7on de racisme anti-blancs lorsqu&rsquo;elles remettent en cause le choix de l&rsquo;organisation de mettre en avant des intervenants blancs. Par aillleurs, la proposition de PAD Belgium d&rsquo;inviter des repr\u00e9sentants de l&rsquo;Union Africaine et des ACP (Groupes des Etats d&rsquo;Afrique, des Cara\u00efbes et du Pacifique) est balay\u00e9e au pr\u00e9texte qu&rsquo;il s&rsquo;agit d&rsquo;un \u00e9v\u00e9nement national. Outre le caract\u00e8re fallacieux de cet argument &#8211; le Minist\u00e8re a lui-m\u00eame fait appel \u00e0 l&rsquo;<em> European Network Against Racism<\/em> (ENAR), une organisation anti-raciste europ\u00e9enne et non pas nationale, comme interlocuteur principal pour lancer la D\u00e9cennie -, c&rsquo;est un refus qui prive les Afrodescendants de leurs ressources transnationales. Dans la m\u00eame veine, lorsque les Afrodescendants insistent pour que la d\u00e9put\u00e9e europ\u00e9enne C\u00e9cile Kyenge soit parmi les orateurs-cl\u00e9s, leur proposition n&rsquo;est de prime abord pas jug\u00e9e pertinente et les organisateurs paraissent ignorer jusqu&rsquo;\u00e0 l&rsquo;existence de cette haute personnalit\u00e9 politique&#8230;<\/p>\n<p>Quand m\u00eame, un comble !<\/p>\n<p><strong>\u00ab\u00a0Ce qui se fait pour nous sans nous, se fait contre nous\u00a0\u00bb<\/strong><\/p>\n<p>Il est significatif que PAD Belgium, qui poss\u00e8de l&rsquo;expertise sur la D\u00e9cennie, les connexions aux associations afrodescendantes et la connaissance des enjeux qui traversent les communaut\u00e9s africaines, ait ainsi fait l&rsquo;objet d&rsquo;une tentative d&rsquo;effacement, puis de neutralisation par le Minist\u00e8re de l&rsquo;Egalit\u00e9 des Chances. A la place d&rsquo;une inauguration port\u00e9e par les Afrodescendants, le programme de lancement donne pr\u00e9f\u00e9rentiellement la parole \u00e0 des \u00ab\u00a0experts\u00a0\u00bb blancs et \u00e0 des institutions et organisations blanches, pour lesquels les Afrodescendants sont, non pas des sujets politiques, mais un \u00ab\u00a0public-cible\u00a0\u00bb. Drap\u00e9es dans leur r\u00f4le de \u00ab\u00a0sauveurs\u00a0\u00bb de ces \u00ab\u00a0minorit\u00e9s\u00a0\u00bb, les autorit\u00e9s institutionnelles peuvent alors esquiver une confrontation directe avec la pens\u00e9e critique des Afrodescendants \u00e0 l&rsquo;endroit du pacte racial, qui structure la soci\u00e9t\u00e9 belge et ses institutions. Cette disqualification de l&rsquo; expertise des Afrodescendants est une tactique constante de la part des institutions belges dans leur politique relationnelle avec les communaut\u00e9s africaines. Les rapports de pouvoir coloniaux peuvent ainsi se maintenir en l&rsquo;\u00e9tat. Ce mode op\u00e9ratoire s&rsquo;est encore observ\u00e9 derni\u00e8rement avec l&rsquo;ex- Mus\u00e9e Royal d&rsquo;Afrique Centrale, qui tente de faire passer un ravalement de fa\u00e7ade pour de la d\u00e9colonisation, sous pr\u00e9texte notamment que des Afrodescendants auraient \u00e9t\u00e9 \u00ab\u00a0consult\u00e9s\u00a0\u00bb.<\/p>\n<p><strong>Un plan national anti-raciste, OUI !<\/strong><\/p>\n<p><strong>Le phagocytage de la D\u00e9cennie par l&rsquo;anti-racisme mainstream, NON !<\/strong><\/p>\n<p>L&rsquo;un des enjeux de la D\u00e9cennie est pourtant d&rsquo;identifier des bonnes pratiques oeuvrant \u00e0 l&rsquo;\u00e9mancipation des personnes afrodescendantes ! A d\u00e9faut d&rsquo;avoir invit\u00e9 un large panel d&rsquo;acteurs et d&rsquo;associations des communaut\u00e9s afrodescendantes qui, depuis des ann\u00e9es, mettent des projets en place en ce sens, les autorit\u00e9s belges ont choisi comme interlocuteur principal ENAR. ENAR est une organisation <em>europ\u00e9enne<\/em> anti-raciste <em>g\u00e9n\u00e9raliste<\/em>. La place centrale attribu\u00e9e \u00e0 ENAR est li\u00e9e au fait que les autorit\u00e9s tiennent \u00e0 pr\u00e9senter la premi\u00e8re \u00e9bauche d&rsquo;un plan national contre le racisme comme action principale \u00e0 soutenir dans le cadre de la D\u00e9cennie. Souvenons-nous : la Belgique s&rsquo;est engag\u00e9e \u00e0 mettre en place un tel plan en&#8230; 2001 ! Un silence radio de 18 ans, donc, qui s&rsquo;interrompt commod\u00e9ment avec la d\u00e9cision soudaine de lancer la D\u00e9cennie. Impossible de ne pas constater que ceci a pour cons\u00e9quence de diluer la question de la n\u00e9grophobie dans un anti-racisme g\u00e9n\u00e9raliste et port\u00e9 par des acteurs qui, en plus de risquer de d\u00e9politiser la question du racisme anti-noir, occupent la place des premiers concern\u00e9s. En outre, la place centrale donn\u00e9e \u00e0 ENAR par les autorit\u00e9s belges occulte le travail d&rsquo;autres organismes anti-racistes qui, depuis le contexte belge, traitent des liens entre racisme et colonialit\u00e9 (citons, parmi d&rsquo;autres, le MRAX qui s&rsquo;est muni d&rsquo;un groupe D\u00e9colonisation et qui vient de se doter pour la premi\u00e8re fois d&rsquo;une direction f\u00e9minine et afrodescendante).<\/p>\n<p>Un plan national contre le racisme est un projet urgent \u00e0 r\u00e9aliser. Mais, il est hors de question qu&rsquo;il serve d&rsquo;alibi \u00e0 un \u00e9ni\u00e8me effort d&rsquo;ignorance organis\u00e9e, concernant l&rsquo;exp\u00e9rience noire dans ce pays. Nous appelons, au contraire, \u00e0 organiser la connaissance concernant cette exp\u00e9rience, \u00e0 la d\u00e9velopper, \u00e0 la diffuser et \u00e0 s&rsquo;en servir pour subvertir les rapports de pouvoir postcoloniaux qui \u00ab\u00a0ordonnent\u00a0\u00bb notre soci\u00e9t\u00e9. Ce travail doit \u00eatre men\u00e9 sur tous les fronts &#8211; allant de la sant\u00e9 mentale, de l&rsquo;enseignement et des violences polici\u00e8res \u00e0 la g\u00e9opolitique, en passant, entre autres, par les questions de migration, de justice et de r\u00e9paration. Si un plan national contre le racisme a sa place dans le programme de la D\u00e9cennie, se posent les questions suivantes : Qui \u00e9labore ce plan ? Avec quelle compr\u00e9hension de ce qu&rsquo;est le racisme et de son mode op\u00e9ratoire ? Avec quels effets recherch\u00e9s ? Eu \u00e9gard \u00e0 ces questions \u00e9minemment politiques, il importe que les Afrodescendants soient \u00e9troitement associ\u00e9s au travail \u00e0 mener sur la dimension du plan destin\u00e9e au racisme anti-noir.<\/p>\n<p><strong>Un lancement de pacotille sur fond de peur communautaire et du changement qui vient<\/strong><\/p>\n<p>A ce jour, PAD Belgium s&rsquo;\u00e9puise courageusement \u00e0 tenter d&rsquo;expliquer \u00e0 notre administration pourquoi et comment le lancement de la D\u00e9cennie pour les Africains et les personnes d&rsquo;ascendance africaine devrait placer au centre&#8230; les personnes d&rsquo;ascendance africaine. Il est aberrant qu&rsquo;il faille \u00e9piloguer sur le fait qu&rsquo;une impulsion constructive ne peut venir que des dynamiques associatives port\u00e9es par les Afrodescendants, au d\u00e9part de leur position historique, de leur trajectoire et de l&rsquo;exp\u00e9rience m\u00eame qu&rsquo;ils et elles font du racisme anti-noir dans la soci\u00e9t\u00e9 belge. Mais puisqu&rsquo;il faut faire oeuvre de p\u00e9dagogie, citons le cas du Canada qui, toutes proportions gard\u00e9es, fait montre d&rsquo;un contraste \u00e9vident avec le lancement \u00ab\u00a0de pacotille\u00a0\u00bb que nous pr\u00e9pare la Belgique. Le lancement officiel de la D\u00e9cennie y a fait suite \u00e0 une consultation de plusieurs ann\u00e9es et \u00e0 un sommet historique ayant r\u00e9uni 800 intervenants communautaires noirs pour faire progresser un plan strat\u00e9gique \u00e9labor\u00e9 par les communaut\u00e9s noires du Canada. Ici, la peur du communautaire et ce qui a tout l&rsquo;air de correspondre \u00e0 des formes aigu\u00ebs de nostalgie postcoloniale, nous \u00e9loignent d&rsquo;une approche qui part des exp\u00e9riences, des diagnostics et des enjeux tels que formul\u00e9s par les Afrodescendants eux-m\u00eames. Ce constat nous am\u00e8ne aujourd&rsquo;hui \u00e0 marquer notre d\u00e9saccord avec cette r\u00e9cup\u00e9ration honteuse et \u00e0 appeler \u00e0 ce que soient d\u00e9finies les conditions pour assurer aux Afrodescendants belges un r\u00f4le central et d\u00e9cisif au sein de cette D\u00e9cennie.<\/p>\n<div class=\"rmgAlert m-default\">\n<p><strong>C\u00e9l\u00e9brons autrement la D\u00e9cennie pour les Africains et personnes d&rsquo;ascendance africaine<\/strong><\/p>\n<p>Pour pallier \u00e0 l&rsquo;absence d&rsquo;initiative \u00e9tatique, la soci\u00e9t\u00e9 civile afrodescendante de Belgique et ses alli\u00e9s s&rsquo;organisent \u00e0 travers l&rsquo;associatif depuis le d\u00e9but de la D\u00e9cennie. Sans surprise donc, elle pr\u00e9pare une r\u00e9ponse \u00e9l\u00e9gante aux incongruit\u00e9s du lancement officiel pr\u00e9vu ce 25 juin. Bamko-Cran asbl, Caf\u00e9 Congo, Bakushinta, Afro Brussels City, Black Speaks Back, Rumbacom scri, La Diaspora Chuchote, CERC, Espace Ochola, Maziwa Makuu Films, GFAIA et ses partenaires francophones et n\u00e9erlandophones, annoncent \u00ab\u00a0La c\u00e9l\u00e9bration officielle de la d\u00e9cennie des Afrodescendant.es\u00a0\u00bb, ce lundi 24 juin au MuntPunt et ce mardi 25 juin \u00e0 Caf\u00e9 Congo &#8211; International Congo House, \u00e0 partir de 17h30. La c\u00e9l\u00e9bration r\u00e9unira 30 artistes, activistes, acad\u00e9miques, entrepreneur.es ainsi que des personnalit\u00e9s issues du monde m\u00e9diatique et politique, d&rsquo;origine burundaise, guin\u00e9enne, camerounaise, rwandaise, kenyane, br\u00e9silienne, s\u00e9n\u00e9galaise, angolaise, congolaise et autres. Lors de cet \u00e9v\u00e9nement, il s&rsquo;agira de retracer l&rsquo;histoire, notamment celle des 100 ans des associations congolaises (1919-2019), de d\u00e9crire les enjeux et difficult\u00e9s actuels et de proposer des pistes de solutions. Les actes de la conf\u00e9rence feront l&rsquo;objet d&rsquo;un m\u00e9morandum remis au Minist\u00e8res de l&rsquo;Egalit\u00e9 des chances et aux assembl\u00e9es l\u00e9gislatives. Une copie sera adress\u00e9e \u00e0 d&rsquo;autres minist\u00e8res et \u00e9chevinats en charge des domaines-cl\u00e9s de la vie sociale (scolarit\u00e9, emploi, sant\u00e9, logement, politique internationale et scientifique).<\/p>\n<\/div>\n<p><strong>Associations :<\/strong><\/p>\n<p>BAMKO-CRAN<\/p>\n<p>Bruxelles Panth\u00e8res<\/p>\n<p>CADTM Belgique<\/p>\n<p>Change asbl<\/p>\n<p>Intal-Congo<\/p>\n<p>La Diaspora Chuchote<\/p>\n<p>Pr\u00e9sences Noires<\/p>\n<p><strong>Personnes :<\/strong><\/p>\n<p>Gia Abrassart, journaliste d\u00e9coloniale<\/p>\n<p>Ilke Adam, chercheuse, IES, Vrije Universiteit Brussels<\/p>\n<p>Acha\u00efso Ambali, journaliste<\/p>\n<p>Pascaline Adamantidis, journaliste<\/p>\n<p>Guy Atafo, illustrateur<\/p>\n<p>Rokia Bamba, DJette, conceptrice, r\u00e9alisatrice sonore<\/p>\n<p>Nadia Bakareke, musicienne<\/p>\n<p>Joachim Ben Yakoub, chercheur Ugent<\/p>\n<p>Hippolyte Bohouo, artiste<\/p>\n<p>Daan Broos, photographe<\/p>\n<p>Sophie Crane, \u00e9ducatrice socio-culturelle<\/p>\n<p>Lucile Choquet, performeuse f\u00e9ministe d\u00e9coloniale<\/p>\n<p>V\u00e9ronique Clette-Gakuba, doctorante, ULB, Pr\u00e9sences Noires<\/p>\n<p>Gerty Dambury, afrodescendante, autrice et metteuse en sc\u00e8ne<\/p>\n<p>Sarah Demart, chercheuse OSS\/CES, Universit\u00e9 Saint-Louis Bruxelles<\/p>\n<p>Pierre-Philippe Duch\u00e2telet, enseignant Erg, designer<\/p>\n<p>Inez Elude da Silva, artiste peintre, Directrice du Mus\u00e9e-Valise de l&rsquo;histoire de l&rsquo;esclavage parrain\u00e9 par l&rsquo;ONU et l&rsquo;UNESCO (D\u00e9cennie des Personnes d&rsquo;Ascendance africaine)<\/p>\n<p>Pelaguie Gbaguidi, artiste<\/p>\n<p>Marie Godin, chercheuse IMI, Oxford University<\/p>\n<p>Line Guellati, com\u00e9dienne<\/p>\n<p>Nicole Gr\u00e9goire, chercheuse<\/p>\n<p>V\u00e9ronique Hidalgo Perez, autrice plasticienne<\/p>\n<p>Wouter Hillaert, journaliste culturel<\/p>\n<p>David Jamar, sociologue, UMONS<\/p>\n<p>Kinch, D\u00e9veloppement communautaire, BRAL<\/p>\n<p>Elisabeth Lebailly, charg\u00e9e de projets, photographe et r\u00e9alisatrice sonore<\/p>\n<p>Suzy Lievens, professeure retrait\u00e9e<\/p>\n<p>Po B. K. Lomami, travailleur.se culturel.le, artiste et activiste Congo-descendant.e (Montr\u00e9al et Mons)<\/p>\n<p>Leslie Lukamba, militante antiraciste et f\u00e9ministe<\/p>\n<p>Fran\u00e7ois Makanga, acteur, com\u00e9dien<\/p>\n<p>Djia Mambu, journaliste<\/p>\n<p>Doum Memde, Pr\u00e9sences Noires<\/p>\n<p>Kat Moutoussamy, militante vid\u00e9aste<\/p>\n<p>Olivier Mukuna, journaliste et essayiste<\/p>\n<p>Sorana Munsya, psychologue<\/p>\n<p>Ichraf Nasri, artiste<\/p>\n<p>Justin M. Ndandu, journaliste et analyste politique<\/p>\n<p>Laura Nsengiyumva, artiste-chercheuse Ugent<\/p>\n<p>Emmanuelle Nsunda, chercheuse ind\u00e9pendante, Afrofeminism in progress<\/p>\n<p>Obi Okigbo, artiste-peintre<\/p>\n<p>Marie Peltier, historienne<\/p>\n<p>Monique Phoba Mbeka, cin\u00e9aste, productrice, web-journaliste, conf\u00e9renci\u00e8re d\u00e9coloniale<\/p>\n<p>Bwanga Pilipili, com\u00e9dienne<\/p>\n<p>Milady Renoir, po\u00e9tesse militante<\/p>\n<p>Terence Rion, acteur, com\u00e9dien<\/p>\n<p>Carol Sacr\u00e9, anthropologue<\/p>\n<p>Jo\u00eblle Sambi, militante afrof\u00e9ministe, slameuse et auteure<\/p>\n<p>Khadija Senhadji, militante d\u00e9coloniale<\/p>\n<p>Cindy Teme, No Name Collectif<\/p>\n<p>Yasmina Tobbeche, f\u00e9ministe antifasciste et d\u00e9coloniale<\/p>\n<p>Mireille Tsheusi Robert, pr\u00e9sidente BAMKO-CRAN<\/p>\n<p>Martin Vander Elst, anthropologue, UCL<\/p>\n<p>Fran\u00e7oise Verg\u00e8s, f\u00e9ministe d\u00e9coloniale<\/p>\n<p>Viviane Vilugron Silva, assistante sociale<\/p>\n<p>Anne Wetsi Mpoma, historienne de l&rsquo;art<\/p>\n<p>Dorrie Wilson, independent researcher, cultural curator<\/p>\n<p class=\"last-paragraph\">[1] Cette d\u00e9cision faisait suite \u00e0 l&rsquo;ann\u00e9e internationale des personnes d&rsquo;ascendance africaine (2011) et au constat de l&rsquo;ampleur des probl\u00e8mes \u00e0 r\u00e9soudre pour am\u00e9liorer la condition des personnes d&rsquo;ascendance africaine \u00e0 travers le monde<\/p>\n<p><a href=\"https:\/\/www.levif.be\/actualite\/belgique\/decennie-pour-les-africains-ceci-n-est-pas-une-inauguration\/article-opinion-1157901.html?fbclid=IwAR3XRgVIVk3XWE-rwvSPaiDcIIJaEN8TLojIq7c30A4E3MKgsvJevhsVL6g&amp;cookie_check=1562766136\">Source<\/a><\/p>\n<\/div>\n","protected":false},"excerpt":{"rendered":"<p>D\u00e9cennie des personnes d&rsquo;ascendance africaine (ONU), carte blanche parue dans le Vif aujourd&rsquo;hui qui d\u00e9nonce un lancement de pacotille diluant la question de la n\u00e9grophobie dans une id\u00e9ologie anti-raciste g\u00e9n\u00e9raliste nombriliste mainstream.<\/p>\n","protected":false},"author":1,"featured_media":3166,"comment_status":"open","ping_status":"open","sticky":false,"template":"","format":"standard","meta":{"footnotes":""},"categories":[36,7,18,28],"tags":[31,84,23],"class_list":["post-4227","post","type-post","status-publish","format-standard","has-post-thumbnail","hentry","category-europe","category-negrophobie","category-resistance-bruxelles","category-racismes","tag-belgique","tag-black-power","tag-discrimination"],"_links":{"self":[{"href":"https:\/\/bruxelles-pantheres.be\/index.php?rest_route=\/wp\/v2\/posts\/4227","targetHints":{"allow":["GET"]}}],"collection":[{"href":"https:\/\/bruxelles-pantheres.be\/index.php?rest_route=\/wp\/v2\/posts"}],"about":[{"href":"https:\/\/bruxelles-pantheres.be\/index.php?rest_route=\/wp\/v2\/types\/post"}],"author":[{"embeddable":true,"href":"https:\/\/bruxelles-pantheres.be\/index.php?rest_route=\/wp\/v2\/users\/1"}],"replies":[{"embeddable":true,"href":"https:\/\/bruxelles-pantheres.be\/index.php?rest_route=%2Fwp%2Fv2%2Fcomments&post=4227"}],"version-history":[{"count":1,"href":"https:\/\/bruxelles-pantheres.be\/index.php?rest_route=\/wp\/v2\/posts\/4227\/revisions"}],"predecessor-version":[{"id":4228,"href":"https:\/\/bruxelles-pantheres.be\/index.php?rest_route=\/wp\/v2\/posts\/4227\/revisions\/4228"}],"wp:featuredmedia":[{"embeddable":true,"href":"https:\/\/bruxelles-pantheres.be\/index.php?rest_route=\/wp\/v2\/media\/3166"}],"wp:attachment":[{"href":"https:\/\/bruxelles-pantheres.be\/index.php?rest_route=%2Fwp%2Fv2%2Fmedia&parent=4227"}],"wp:term":[{"taxonomy":"category","embeddable":true,"href":"https:\/\/bruxelles-pantheres.be\/index.php?rest_route=%2Fwp%2Fv2%2Fcategories&post=4227"},{"taxonomy":"post_tag","embeddable":true,"href":"https:\/\/bruxelles-pantheres.be\/index.php?rest_route=%2Fwp%2Fv2%2Ftags&post=4227"}],"curies":[{"name":"wp","href":"https:\/\/api.w.org\/{rel}","templated":true}]}}