{"id":4229,"date":"2019-07-12T16:01:23","date_gmt":"2019-07-12T15:01:23","guid":{"rendered":"https:\/\/bruxelles-pantheres.be\/?p=4229"},"modified":"2019-07-19T15:01:42","modified_gmt":"2019-07-19T14:01:42","slug":"appel-de-soutient-stop-au-blackface-by-any-means-necessary","status":"publish","type":"post","link":"https:\/\/bruxelles-pantheres.be\/?p=4229","title":{"rendered":"Appel de soutien : Stop au Blackface, by any means necessary."},"content":{"rendered":"<p>Nous tenons \u00e0 exprimer nos profonds remerciements \u00e0 tous les signataires de l\u2019appel \u00ab\u00a0Stop au Blackface, by any means necessary\u00a0\u00bb en soutien \u00e0 Nordine Saidi et Bruxelles Panth\u00e8res.<\/p>\n<p>Nous nous r\u00e9jouissons que cet appel soit soutenu dans plusieurs pays dont la France, les Pays-Bas, le Canada (Qu\u00e9bec), les Etats Unis, le Mexique\u2026 en en attendant d&rsquo;autres.<\/p>\n<p>La diversit\u00e9 des premiers signataires qui ont accept\u00e9 de parrainer ce texte t\u00e9moigne non seulement du fait qu&rsquo;il correspond \u00e0 une initiative attendue par beaucoup mais aussi que la pens\u00e9 d\u00e9coloniale ne cesse de progresser au sein de la soci\u00e9t\u00e9 et notamment parmi les universitaires et les artistes.<\/p>\n<p>Nous nous f\u00e9licitons de ce large soutien \u00a0international et appelons \u00e0 aller encore plus loin.<\/p>\n<p>Nous sommes convaincus que nous pourrons en finir avec le folklore raciste du \u00ab\u00a0Blackface\u00a0\u00bb si nous nous mettons au travail pour construire des convergences au niveau europ\u00e9en et mondial.<\/p>\n<p>Ces convergences doivent se faire sur la base des id\u00e9es d\u00e9coloniales et en s\u2019appuyant sur les luttes et exp\u00e9riences sociales des Noirs, Arabes, Rroms, Musulmans.<\/p>\n<p>Nous invitons chacun.e des signataires \u00e0 multiplier les initiatives en ce sens. Nous proposerons, pour notre part, une s\u00e9rie d&rsquo;actions dans les jours \u00e0 venir.<\/p>\n<p>Nous vous invitons \u00e0 diffuser cet appel, \u00e0 le faire circuler dans vos r\u00e9seaux.<\/p>\n<p>Merci \u00e0 vous toutes et tous. Salam wa 3aleykoum.<\/p>\n<p>&nbsp;<\/p>\n<p>We would like to express our sincere thanks to all the signatories of the call \u00ab\u00a0Stop Blackface, by any means necessary\u00a0\u00bb in support of Nordine Sa\u00efdi and Bruxelles Panth\u00e8res.<\/p>\n<p>We are delighted that this call is backed in so diverse countries including France, the Netherlands, Canada (Quebec), the United States, Mexico &#8230; and many more.<\/p>\n<p>The first signatories\u2019 panel who agreed to sponsor this text testifies not only to the fact that such an initiative was envisioned by many but also that the decolonial thought keep gaining ground into society, especially among academics and artists.<\/p>\n<p>We welcome this broad international support and call for further action and progress.<\/p>\n<p>We are convinced that we will eventually put an end to the racist folklore of the \u00ab\u00a0Blackface\u00a0\u00bb, in Belgium and everywhere else, if we get to work to build convergences at European and global level.<\/p>\n<p>These convergences should be built on decolonial ideas as well as on the struggle\u2019s history and social experiences of Blacks, Arabs, Rroms and Muslims people.<\/p>\n<p>We invite each of the signatories to multiply the initiatives toward this this goal. On our side, you may expect new initiatives in the coming days.<\/p>\n<p>We invite you to spread this call and to make it available in as much networks as possible.<\/p>\n<p>Again, sisters and brothers, thank you all for your support. Salam wa 3aleykoum.<\/p>\n<p>Bruxelles Panth\u00e8res<\/p>\n<p><!--more--><\/p>\n<p class=\"m_-8341820514015180196yiv2400594645MsoNormal\"><span lang=\"EN-US\">A socialist mayor from a small Walloon town (Lessines) filed a complaint against Nordine Sa\u00efdi, a founding member of Bruxelles Panth\u00e8res, a Belgian political antiracist organization which is part of the DIN \u2013 Decolonial International Network.<\/span><\/p>\n<p class=\"m_-8341820514015180196yiv2400594645MsoNormal\"><span lang=\"EN-US\"><br \/>\nWhat is the complaint about? It is actually about an e-mail sent by BP to the mayor and his town council back in September 2018 that was requesting that the local authorities take all the necessary actions to remove the BLACK FACE part of their traditional annual carnival which take place in \u201cLes Deux Acres\u201d, a part of the previously mentioned town, Lessines. The local authorities considered and still consider today that this racist show known as \u201cthe Negro parade\u201d is a harmless folklore that has no racist roots.\u00a0<\/span><\/p>\n<p class=\"m_-8341820514015180196yiv2400594645MsoNormal\"><span lang=\"EN-US\"><br \/>\nLong story short, even if they keep denying the racist character of their party, the letter sent by Nordine Sa\u00efdi and BP had the positive effect to push the carnival organisation committee to cancel the traditional racist \u201cNegro parade\u201d.<br \/>\nNevertheless, if they surprisingly cancelled that part of their show, they also filed a complaint against the e-mail\u2019s author.\u00a0<\/span><\/p>\n<p class=\"m_-8341820514015180196yiv2400594645MsoNormal\"><span lang=\"EN-US\"><br \/>\nWe are here asking you to sign the call for support to Nordine Sa\u00efdi and BP \u00a0with regards to this matter.<\/span><\/p>\n<p class=\"m_-8341820514015180196yiv2400594645MsoNormal\"><span lang=\"EN\"><b>To sign the call, send an email to<\/b>\u00a0<\/span><span class=\"m_-8341820514015180196yiv2400594645m_4287453381536813876gmail-st\"><span lang=\"EN-US\"> <a href=\"mailto:bruxelles.pantheres@gmail.com\" target=\"_blank\" rel=\"nofollow noopener noreferrer\">bruxelles.pantheres@gmail.com<\/a> <\/span><\/span><\/p>\n<p class=\"m_-8341820514015180196yiv2400594645MsoNormal\"><b><i><span lang=\"EN-US\">\u00a0<\/span><\/i><\/b><\/p>\n<p class=\"m_-8341820514015180196yiv2400594645MsoNormal\"><b><i><span lang=\"EN-US\">Stop au Blackface<span class=\"m_-8341820514015180196yiv2400594645m_4287453381536813876gmail-4yxp\">, by any means necessary<\/span>.<\/span><\/i><\/b><b><i><\/i><\/b><\/p>\n<p class=\"m_-8341820514015180196yiv2400594645MsoNormal\">Le bourgmestre de Lessines, Pascal De Handschutter (PS) a port\u00e9 plainte contre Nordine Saidi et Bruxelles Panth\u00e8res. L&rsquo;objet de la plainte : une lettre envoy\u00e9e en 2018 par Bruxelles Panth\u00e8res pour demander que le carnaval des Deux Acren (entit\u00e9 de Lessines) s&rsquo;organise SANS BLACK FACE, ce qu&rsquo;ils appellent eux \u00ab\u00a0le d\u00e9fil\u00e9 des n\u00e8gres\u00a0\u00bb, et consid\u00e8rent comme du \u00ab\u00a0folklore\u00a0\u00bb inoffensif.<\/p>\n<p class=\"m_-8341820514015180196yiv2400594645MsoNormal\"><a href=\"https:\/\/www.facebook.com\/permalink.php?story_fbid=1006884072817599&amp;id=275282639311083\" target=\"_blank\" rel=\"nofollow noopener noreferrer\" data-saferedirecturl=\"https:\/\/www.google.com\/url?q=https:\/\/www.facebook.com\/permalink.php?story_fbid%3D1006884072817599%26id%3D275282639311083&amp;source=gmail&amp;ust=1563029478287000&amp;usg=AFQjCNGj_VhBQzUYA9O4RXWbbnO79Paqvg\">Cette lettre envoy\u00e9e<\/a> a eu pour effet de purement et simplement faire annuler le cort\u00e8ge des \u00ab\u00a0n\u00e8gres\u00a0\u00bb du carnaval. Ceci n&rsquo;a ni rendu cette f\u00eate populaire moins joyeuse, ni entam\u00e9 son succ\u00e8s\u00a0: \u00a0un carnaval traditionnel peut parfaitement se passer de repr\u00e9sentations racistes h\u00e9rit\u00e9es du pass\u00e9 colonial pour \u00eatre un succ\u00e8s. Ces repr\u00e9sentations choquantes et avilissantes entretiennent un imaginaire collectif supr\u00e9maciste et participent d\u2019une banalisation des actes de violence n\u00e9grophobe.<\/p>\n<p class=\"m_-8341820514015180196yiv2400594645MsoNormal\">Nous ne sommes pas les seuls \u00e0 le dire\u00a0: les condamnations internationales s\u2019accumulent contre la Belgique. Un r\u00e9cent rapport de l\u2019ONU pointe un \u00ab racisme end\u00e9mique \u00bb et \u00e9voque pr\u00e9cis\u00e9ment la pratique du <span class=\"m_-8341820514015180196yiv2400594645m_4287453381536813876gmail-4yxp\">Blackface <\/span>comme choquante, m\u00e9prisante et d\u00e9shumanisante<a title=\"\" href=\"https:\/\/mail.google.com\/mail\/u\/0\/#m_-8341820514015180196_m_4287453381536813876__ftn1\" rel=\"nofollow\" name=\"m_-8341820514015180196_m_4287453381536813876__ftnref1\"><span class=\"m_-8341820514015180196yiv2400594645m_4287453381536813876gmail-MsoFootnoteReference\">[1]<\/span><\/a>. Les collectifs afrodescendants d\u00e9noncent cette pratique depuis de nombreuses ann\u00e9es. D\u00e9bats, colloques, revues nationales et internationales traitent d\u2019une n\u00e9cessaire \u00ab d\u00e9colonisation des mentalit\u00e9s \u00bb. Et pourtant, ces recommandations d\u2019impl\u00e9mentation de pratiques d\u00e9coloniales demeurent lettre morte et la plupart du temps se trouvent, dans les faits, ostracis\u00e9es, m\u00e9pris\u00e9es, ignor\u00e9es, voire criminalis\u00e9es. En t\u00e9moigne notamment le retard pris par la Belgique dans la mise en place de la \u00ab D\u00e9cennie pour les Africains et personnes d\u2019ascendance africaine \u00bb et la place subalterne laiss\u00e9e aux afrodescendants dans ce dispositif mis en place par une organisation internationale de premi\u00e8re envergure dont la Belgique est membre-fondatrice.<\/p>\n<p class=\"m_-8341820514015180196yiv2400594645MsoNormal\">Nous avons tous, \u00e0 des degr\u00e9s divers, fait les frais, chacun \u00e0 notre niveau et dans nos domaines d\u2019action respectifs, de ces cabales visant \u00e0 \u00e9touffer toute critique radicale de la colonialit\u00e9 du pouvoir et \u00e0 freiner les projets d\u2019\u00e9mancipation.<\/p>\n<p class=\"m_-8341820514015180196yiv2400594645MsoNormal\">Et voil\u00e0 que le bourgmestre (socialiste) de Lessines consid\u00e8re que chercher \u00e0 stopper le cort\u00e8ge et \u00e0 convaincre la population de Lessines de son racisme \u00ab\u00a0par tous les moyens n\u00e9cessaires\u00a0\u00bb \u00e9quivaudrait \u00e0 une menace de violence, peut-\u00eatre terroriste, sans doute en raison du patronyme de l\u2019un des initiateurs de la lettre. Le bourgmestre de Lessines articule donc n\u00e9grophobie et islamophobie.<\/p>\n<p class=\"m_-8341820514015180196yiv2400594645MsoNormal\">A travers Nordine Saidi et Bruxelles Panth\u00e8res, c\u2019est tout l\u2019antiracisme politique qui est vis\u00e9. Si BP encaisse une part cons\u00e9quente des attaques, aucune des organisations ou personnes partageant tout ou partie des th\u00e8ses d\u00e9coloniales pr\u00f4nant un antiracisme politique ne sont \u00e9pargn\u00e9es de la diffamation, la d\u00e9n\u00e9gation ou la censure. Ce que l\u2019on ne pardonne pas \u00e0 ces militants c\u2019est la mise en cause du syst\u00e8me raciste \u00e0 l\u2019\u0153uvre dans la pratique du \u00ab\u00a0Blackface\u00a0\u00bb.<\/p>\n<p class=\"m_-8341820514015180196yiv2400594645MsoNormal\">En d\u00e9voyant la Justice, en en faisant un outil de r\u00e9pression politique, le Bourgmestre de Lessines, Pascal De Handschutter (PS) veut faire taire une l\u00e9gitime contestation.<\/p>\n<p class=\"m_-8341820514015180196yiv2400594645MsoNormal\">En pleine D\u00e9cennie internationale des personnes d&rsquo;ascendance africaine, promue par le comit\u00e9 des Droits de l\u2019Homme de l\u2019ONU, on imagine le scandale international que constituerait la reprise de cette s\u00e9quence folklorique raciste \u00e0 Deux-Acren en septembre 2019 dans le m\u00eame temps que des poursuites judiciaires sont en cours contre le collectif qui d\u00e9nonce la perp\u00e9tuation de cette pratique.<\/p>\n<p>Au-del\u00e0 de l\u2019expression de toute notre ind\u00e9fectible solidarit\u00e9 aux diff\u00e9rents militants de l\u2019antiracisme politique, nous enjoignons les forces antiracistes \u00e0 ne reculer sous aucun pr\u00e9texte. Les d\u00e9bats politiques, absolument indispensables et n\u00e9cessaires, ne doivent pas \u00eatre r\u00e9duits \u00e0 n\u00e9ant par ces abjectes campagnes de criminalisation. Au contraire, ils doivent se perp\u00e9tuer \u00ab\u00a0by any means necessary\u00a0\u00bb comme le mentionnait la lettre de BP.<\/p>\n<p class=\"m_-8341820514015180196yiv2400594645MsoNormal\">On a beaucoup glos\u00e9 sur le sens de cette phrase de Malcolm X \u2013 \u00ab\u00a0<span class=\"m_-8341820514015180196yiv2400594645m_4287453381536813876gmail-4yxp\"><i>By any means necessary\u00a0\u00bb<\/i><\/span> \u2013 mais ce que pose comme probl\u00e8me d\u2019\u00e9thique politique Malcom X c\u2019est la question de savoir qui d\u00e9cide de l\u2019efficacit\u00e9 et \u00e0 quoi juge-t-on qu\u2019un moyen utilis\u00e9 ait \u00e9t\u00e9 efficace ? La question est pragmatique et vise \u00e0 \u00e9valuer le rapport entre l\u2019action, sa mesure, son effet et son efficace. A partir de l\u00e0, on peut indubitablement \u00e9tablir que l\u2019action des Bruxelles Panth\u00e8res a \u00e9t\u00e9 et reste d\u2019une efficience redoutable. Cette plainte doit \u00eatre pour tous l\u2019occasion d\u2019un travail p\u00e9dagogique prolong\u00e9, non seulement \u00e0 Lessines et \u00e0 propos des autres \u00ab\u00a0blackface\u00a0\u00bb de Belgique, mais \u00e9galement au sujet de la n\u00e9grophobie structurelle et des effets pr\u00e9sents des faits coloniaux.<\/p>\n<p class=\"m_-8341820514015180196yiv2400594645MsoNormal\">Nous, signataires sommes solidaires de Nordine Saidi et Bruxelles Panth\u00e8res, et d\u00e9non\u00e7ons l\u2019attitude du Bourgmestre de Lessines qui renforce les discours racistes et n\u00e9grophobes, \u00e0 contrecourant des mouvements d\u00e9coloniaux contemporains.<a rel=\"nofollow\" name=\"m_-8341820514015180196_m_4287453381536813876__GoBack\"><\/a>.<\/p>\n<p class=\"m_-8341820514015180196yiv2400594645MsoNormal\"><i>Pour signer l&rsquo;appel<\/i><span class=\"m_-8341820514015180196yiv2400594645m_4287453381536813876gmail-st\">, <\/span><i>envoyez<\/i><span class=\"m_-8341820514015180196yiv2400594645m_4287453381536813876gmail-st\"> un email \u00e0\u00a0<a href=\"mailto:bruxelles.pantheres@gmail.com\" target=\"_blank\" rel=\"nofollow noopener noreferrer\">bruxelles.pantheres@gmail.com<\/a> <\/span><\/p>\n<div>\n<hr align=\"left\" size=\"1\" width=\"33%\" \/>\n<div id=\"m_-8341820514015180196yiv2400594645m_4287453381536813876gmail-ftn1\">\n<p><a title=\"\" href=\"https:\/\/mail.google.com\/mail\/u\/0\/#m_-8341820514015180196_m_4287453381536813876__ftnref1\" rel=\"nofollow\" name=\"m_-8341820514015180196_m_4287453381536813876__ftn1\"><span class=\"m_-8341820514015180196yiv2400594645m_4287453381536813876gmail-MsoFootnoteReference\">[1]<\/span><\/a> En f\u00e9vrier 2019, le\u00a0 Groupe de travail d\u2019experts sur les personnes d\u2019ascendance africaine, un groupe d\u2019experts ind\u00e9pendants du Comit\u00e9 des droits de l\u2019homme de l\u2019ONU s&rsquo;est rendu \u00e0 <span class=\"m_-8341820514015180196yiv2400594645m_4287453381536813876gmail-MsoHyperlink\"><a href=\"https:\/\/www.unric.org\/fr\/actualite\/5329-le-groupe-de-travail-dexperts-sur-les-personnes-dascendance-africaine-met-la-belgique-au-defi-daffronter-son-passe-colonial\" target=\"_blank\" rel=\"nofollow noopener noreferrer\" data-saferedirecturl=\"https:\/\/www.google.com\/url?q=https:\/\/www.unric.org\/fr\/actualite\/5329-le-groupe-de-travail-dexperts-sur-les-personnes-dascendance-africaine-met-la-belgique-au-defi-daffronter-son-passe-colonial&amp;source=gmail&amp;ust=1563029478287000&amp;usg=AFQjCNF3KI1rn9cj-jzTpD-bKK_SYtSL3A\">Bruxelles, Anvers, Li\u00e8ge, Namur et Charleroi pour enqu\u00eater \u00e0 propos du racisme,<\/a><\/span> de la discrimination raciale, de l\u2019afrophobie, de la x\u00e9nophobie et des intol\u00e9rances li\u00e9es qui touchent les personnes d&rsquo;ascendance africaine en Belgique. Le <span class=\"m_-8341820514015180196yiv2400594645m_4287453381536813876gmail-MsoHyperlink\"><a href=\"https:\/\/www.ohchr.org\/EN\/Issues\/Racism\/WGAfricanDescent\/Pages\/WGEPADIndex.aspx\" target=\"_blank\" rel=\"nofollow noopener noreferrer\" data-saferedirecturl=\"https:\/\/www.google.com\/url?q=https:\/\/www.ohchr.org\/EN\/Issues\/Racism\/WGAfricanDescent\/Pages\/WGEPADIndex.aspx&amp;source=gmail&amp;ust=1563029478287000&amp;usg=AFQjCNEnbOCXnMEVw7hvxegk_6O3vGhlZw\">groupe d\u2019experts<\/a><\/span> a indiqu\u00e9 dans ses recommandations que la Belgique doit reconna\u00eetre l&rsquo;ampleur r\u00e9elle de la violence et de l&rsquo;injustice de son pass\u00e9 colonial afin de s&rsquo;attaquer aux causes profondes du racisme actuel auquel sont confront\u00e9es les personnes d&rsquo;ascendance africaine. En outre, les experts ont promu la <span class=\"m_-8341820514015180196yiv2400594645m_4287453381536813876gmail-MsoHyperlink\"><a href=\"http:\/\/www.un.org\/fr\/events\/africandescentdecade\/\" target=\"_blank\" rel=\"nofollow noopener noreferrer\" data-saferedirecturl=\"https:\/\/www.google.com\/url?q=http:\/\/www.un.org\/fr\/events\/africandescentdecade\/&amp;source=gmail&amp;ust=1563029478287000&amp;usg=AFQjCNHZsKnS52gsHFqIjPIeiBubXD5w5A\">D\u00e9cennie internationale des personnes d&rsquo;ascendance africaine <\/a><\/span>(2015 \u00e0 2024) qui a pour objectifs de mettre en \u00e9vidence la contribution des personnes d&rsquo;ascendance africaine \u00e0 la soci\u00e9t\u00e9 et renforcer la coop\u00e9ration nationale, r\u00e9gionale et internationale afin de garantir que les droits des personnes d&rsquo;ascendance africaine soient respect\u00e9s. Le groupe de travail pr\u00e9sentera le rapport contenant ses conclusions et recommandations au Conseil des droits de l&rsquo;homme des Nations Unies en septembre 2019.<\/p>\n<\/div>\n<\/div>\n<p><strong>Liste des premiers signataires :<\/strong><\/p>\n<p><strong>Belgique<\/strong><\/p>\n<p>V\u00e9ronique Clette\u2013Gakuba, Sociologue<\/p>\n<p>Gia Abrassart, Caf\u00e9 Congo<\/p>\n<p>Anne Wetsi Mpoma, Curatrice ind\u00e9pendante<\/p>\n<p>Monique Mbeka Phoba, Cin\u00e9aste, productrice, web-journaliste, conf\u00e9renci\u00e8re d\u00e9coloniale<\/p>\n<p>Modi Ntambwe, Femme de Paix Belgique 2018 &#8211; Peace Woman Belgium 2018<\/p>\n<p>Kinzola Masa &#8211; Fonctionnaire public \/ Liberation mind-ed activist<\/p>\n<p>Jo\u00eblle Sambi, Militante lesbienne f\u00e9ministe et auteure<\/p>\n<p>Lisette Lombe, Libres Solidaires<\/p>\n<p>Malika Hamidi, Docteure en sociologie<\/p>\n<p>Za\u00efna A\u00eft Ahmed, Militante antiraciste et d\u00e9coloniale<\/p>\n<p>Khadija Senhadji, Socio-anthropologue et militante d\u00e9coloniale<\/p>\n<p>Maryam Kolly, Sociologue, Universit\u00e9 Saint-Louis Bruxelles<\/p>\n<p>Isabelle Stengers, Philosophe<\/p>\n<p>Elsa Roland, chercheuse en sciences de l\u2019\u00e9ducation (ULB),<\/p>\n<p>Martin Vander Elst, chercheur en anthropologie (UCL)<\/p>\n<p>David Jamar, Sociologue<\/p>\n<p>Youri Lou Vertongen, Politiste, USL-B<\/p>\n<p>Luis Martinez Andrade, Sociologue mexicain<\/p>\n<p>Benedikte Zitouni, Sociologue \u00e0 l\u2019Universit\u00e9 Saint-Louis Bruxelles<\/p>\n<p>Guillermo Kozlowski, Philosophe<\/p>\n<p>Eric Hulsens, Professeur d\u2019honneur de l\u2019enseignement sup\u00e9rieur<\/p>\n<p>Rochdi Fatima, AlterBrussels asbl<\/p>\n<p>Lukamba Leslie &#8211; militante antiraciste et f\u00e9ministe d\u00e9colonial<\/p>\n<p>Faiza Hirach, militante IWW<\/p>\n<p>Farida Aarrass, Comit\u00e9 Free Ali<\/p>\n<p>Aziz Ghadija, Activiste au Space<\/p>\n<p>St\u00e9phane Arcens, Travailleur social \u00e0 Bruxelles<\/p>\n<p>Luk Vervaet, Ancien enseignant dans les prisons<\/p>\n<p>Mireille P\u00e9romet, Enseignante pensionn\u00e9e<\/p>\n<p>Marie-Paule Lolo, F\u00e9ministe humaniste<\/p>\n<p>Juan Cuesta Barros, Militant syndical<\/p>\n<p>Liberate Gahamanyi, Bruxelles<\/p>\n<p>Tr\u00f6ss Nipanki, Editeur<\/p>\n<p>Julie Jaroszewski, Artiste<\/p>\n<p>Gaelle Mpawenayo, P\u00e9diatre<\/p>\n<p>Milady Renoir, Po\u00e9tesse militante aupr\u00e8s des sans papiers<\/p>\n<p>Mouhad Reghif, Politologue, porte-parole de Bruxelles Panth\u00e8res<\/p>\n<p>Candice Vanhecke, Pr\u00e9sidente de Be.One<\/p>\n<p>Manu Scordia, Dessinateur<\/p>\n<p>S\u00e9verine Bevernaegie, Avocate<\/p>\n<p>Dema, Artiste Graffiti et calligraphe<\/p>\n<p>Donni William, Militant associatif et politique,\u00a0 membre du Mouvement Demain<\/p>\n<p>Jamal Bouda, Attach\u00e9 parlementaire du d\u00e9put\u00e9 bruxellois socialiste Emin \u00d6zkara<\/p>\n<p>Ouardia Derriche, Militante syndicale, f\u00e9ministe et antiraciste<\/p>\n<p>Caroline Gounongb\u00e9, Gyn\u00e9cologue<\/p>\n<p>John s Mbulula, Activiste antiraciste<\/p>\n<p>Olivier Mukuna, Journaliste et essayiste<\/p>\n<p>Stephane Arcens, Travailleur social \u00e0 Bruxelles<\/p>\n<p>Latifa Lamkadem,<\/p>\n<p>Rudi Barnet, Animateur culturel<\/p>\n<p>L\u00e9\u00efla Duquaine, Citoyenne&amp;slameuse<\/p>\n<p>Guillaume Goor, Charg\u00e9 de projet (asbl)<\/p>\n<p>Landry Kalla, Etudiant<\/p>\n<p>Bilal E. Moatassim, Etudiant<\/p>\n<p>Raamata Thiam,<\/p>\n<p>Elsa Nouvet, Biblioth\u00e9caire<\/p>\n<p>Marianne Van Leeuw-Koplewicz, Editrice<\/p>\n<p>J\u00e9rome Offermans, Militant<\/p>\n<p>Graziella Van Loo, Activiste dans les m\u00e9dias alternatifs<\/p>\n<p>Armando Avallone, Militant IWW<\/p>\n<p>Daniel Vanhove, Observateur civil<\/p>\n<p>Diana Abouzeid, Psychologue<\/p>\n<p>C\u00e9line Marique, Visual artist<\/p>\n<p>J\u00e9r\u00f4me Gayzal, Homo Sapiens Sapiens<\/p>\n<p>Takkal Qamar,\u00a0 Citoyenne du Monde<\/p>\n<p>Titom, Dessinateur<\/p>\n<p>Kaoutar Boustani, Militante, antiraciste, d\u00e9coloniale, universitaire, de terrain, etc&#8230;<\/p>\n<p>Pascal Karolero, Informaticien, Application Manager, KAROLERO, Burundi &#8211; Belgique<\/p>\n<p>Ayoko Mensah, Programmatrice artistique, BOZAR<\/p>\n<p>Benjamin Matand, Etudiant<\/p>\n<p>Yacob MAHI, Th\u00e9ologien, Islamologue et Dr en Histoire et Sciences des Religions, acteurs de la soci\u00e9t\u00e9 civile<\/p>\n<p>Chairi Najib, Artiste<\/p>\n<p>Code Rouge<\/p>\n<p>Peter Snowdon, Cin\u00e9aste<\/p>\n<p>Isaline Daubie, Biologiste<\/p>\n<p>Wadie Laarissi, Militant bruxellois<\/p>\n<p>Celestina V. Jorge, Bruxelles<\/p>\n<p>Maaika Santana, Travailleuse social et militante contre les fronti\u00e8res<\/p>\n<p><span class=\"st\"><em>Seyma Gelen<\/em>, <em>F\u00e9ministe<\/em> antiraciste et <em>d\u00e9coloniale<\/em><\/span><\/p>\n<p><strong>International<\/strong><\/p>\n<p>Mitchell Esajas, Stop Blackface, Kick Out Zwarte Piet and New urban collective<\/p>\n<p>Fran\u00e7oise Verg\u00e8s, Politologue, militante f\u00e9ministe d\u00e9coloniale<\/p>\n<p>Christine Delphy, Sociologue et militante f\u00e9ministe<\/p>\n<p><em>Ramon Grosfoguel<\/em><em>, <\/em>Professeur \u00e0 Universit\u00e9 Berkeley<\/p>\n<p>Houria Bouteldja, PIR<\/p>\n<p>Norman Ajari, Philosophe<\/p>\n<p>Hatem Bazian, Director, Islamophobia Documentation Center, and lecturer, University of California, Berkeley, USA<\/p>\n<p>Alana Lentin, Associate Professor, Western Sydney University<\/p>\n<p>Silvia Maeso, Centre for Social Studies, Portugal<\/p>\n<p>Hannah Wolff, United Kingdom, London School of Economics Alumni<\/p>\n<p>Mascarenhas Nilton &#8211; Plateforma Gueto<\/p>\n<p>Samira Bazzouz, N3al babahoum party<\/p>\n<p>Sadri Khiari, Artiste et militant d\u00e9colonial<\/p>\n<p>Yessa Belkhodja, Militante d\u00e9coloniale, France<\/p>\n<p>Pravini Baboeram, co-founder Holi is not a Houseparty<\/p>\n<p>Sandew Hira, Coordinator Decolonial International Network<\/p>\n<p>Cayetano Fern\u00e1ndez, Kale Amenge &#8211; Roma Decolonial Initiative<\/p>\n<p>Jonathan Ruff-Zahn, Union Juive Fran\u00e7aise pour La Paix<\/p>\n<p>Arzu Merali, cofondatrice de l&rsquo;Islamic Human Rights Commission (IHRC)<\/p>\n<p>Mireille Fanon-Mendes-France, Ex UN Expert, Former chair of WGEPAD (2014-2016), Fondation Frantz Fanon<\/p>\n<p>Youssef Boussoumah, militant de l\u2019immigration<\/p>\n<p>Khalil Talhaoui, \u00c9tudiant en Relations Internationales, IE University, Madrid<\/p>\n<p>Kossi Paul, Militant antiraciste et membre du parti des indig\u00e8nes de la R\u00e9publique.<\/p>\n<p>Charlotte Kates, Samidoun Palestinian Prisoner Solidarity Network<\/p>\n<p>Ulises Tamayo P\u00e9rez, Professor at the Sociology Faculty of the University of Tlaxcala, Founder Member of the Decolonial Thought Community, Mexico<\/p>\n<p>Pavel Ilich Pavelic Jofre, Journalist, Chili, membre de Asociaci\u00f3n de Reporteros Independientes ARI<\/p>\n<p>Samia Saadani, Universit\u00e9 de Montpellier<\/p>\n<p>Fatma Zemmouriya, International relations, Parti des indig\u00e8nes de la R\u00e9publique<\/p>\n<p>Hassane Mezine, Photographe, France<\/p>\n<p>Safa Chebbi, militante collectif Pour une Dignit\u00e9 Politique, Montr\u00e9al<\/p>\n<p>Mouloud Idir, militant collectif Pour une Dignit\u00e9 Politique, Montr\u00e9al<\/p>\n<p>May Chiu, militante collectif Pour une Dignit\u00e9 Politique et collectif Chinois Progressistes du Qu\u00e9bec, Montr\u00e9al<\/p>\n<p>Nesrine Tedjini-Bailiche, militante collectif Pour une Dignit\u00e9 Politique, Montr\u00e9al<\/p>\n<p>Said Bouamama, Sociologue, France<\/p>\n<p>Hammel Julien, Militant d\u00e9colonial, France<\/p>\n<p>Selim Nadi, Militant antiraciste, ATER \u00e0 l&rsquo;Universit\u00e9 Lyon 2, chercheur-invit\u00e9 \u00e0 l&rsquo;Universit\u00e9 d&rsquo;Oxford<\/p>\n<p>Lionnelle Makaya<\/p>\n<p>Nabila Ouard\u00efa Hamici, Architecte<\/p>\n<p>Fayrouz Yousfi, Militante Maroc<\/p>\n<p>Natalia And\u00fajar, Professeur, Espagne<\/p>\n<p>Gweno\u00eble Trapman, Artistic Director, The Netherlands<\/p>\n<p>Ahmad Nougbo, membre de la BAN, France<\/p>\n<p>Caroline Bailly-Salin, Guide-conf\u00e9renci\u00e8re, France<\/p>\n<p>Fran\u00e7ois Moutier, Militant associatif, France<\/p>\n<p>Vreer Sirenu, The Netherlands<\/p>\n<p>Sophie Feyder,<\/p>\n<p>Eyachew Tefera, The Institute for African studies (Slovenia)<\/p>\n<p>Ibtissem Benarabe, Militante antiraciste et d\u00e9coloniale, France<\/p>\n<p>Paola Bacchetta, Professor, University of California, Berkeley<\/p>\n<p>Sherine Soliman, Enseignant et membre du PIR, France<\/p>\n<p>Aparecida Shiroko Takigawa,\u00a0Brazil<\/p>\n<p>Fr\u00e9d\u00e9rique LAGNY, Artiste, France<\/p>\n<p><strong>Organisations <\/strong><\/p>\n<p>Nouvelle Voie Anticoloniale<\/p>\n<p>Changes ASBL<\/p>\n<p>BAN &#8211; Brigade Anti N\u00e9grophobie, France<\/p>\n<p>Stop Blackface, Kick Out Zwarte Piet and New urban collective, Pays-Bas<\/p>\n<p>Union Juive Fran\u00e7aise pour La Paix<\/p>\n<p>Parti des Indig\u00e8nes de la R\u00e9publique<\/p>\n<p>Samidoun Palestinian Prisoner Solidarity Network<\/p>\n<p>Le Collectif de D\u00e9fense des Jeunes du Mantois, France<\/p>\n<p>AlterBrussels asbl<\/p>\n<p>Pr\u00e9sence Noire<\/p>\n<p>Collectif pour l&rsquo;Union Antiraciste et Populaire 31, Toulouse, France<\/p>\n<p>The Institute for African studies (Slovenia)<\/p>\n","protected":false},"excerpt":{"rendered":"<p>Nous tenons \u00e0 exprimer nos profonds remerciements \u00e0 tous les signataires de l\u2019appel \u00ab\u00a0Stop au Blackface, by any means necessary\u00a0\u00bb en soutien \u00e0 Nordine Saidi et Bruxelles Panth\u00e8res. Nous nous r\u00e9jouissons que cet appel soit soutenu dans plusieurs pays dont la France, les Pays-Bas, le Canada (Qu\u00e9bec), les Etats Unis, le Mexique\u2026 en en attendant &#8230; <a title=\"Appel de soutien : Stop au Blackface, by any means necessary.\" class=\"read-more\" href=\"https:\/\/bruxelles-pantheres.be\/?p=4229\" aria-label=\"En savoir plus sur Appel de soutien : Stop au Blackface, by any means necessary.\">Lire la suite<\/a><\/p>\n","protected":false},"author":1,"featured_media":3165,"comment_status":"open","ping_status":"open","sticky":false,"template":"","format":"standard","meta":{"footnotes":""},"categories":[36,7,18,28],"tags":[188,284,13],"class_list":["post-4229","post","type-post","status-publish","format-standard","has-post-thumbnail","hentry","category-europe","category-negrophobie","category-resistance-bruxelles","category-racismes","tag-blackface","tag-bruxelles-pantheres","tag-nordine-saidi"],"_links":{"self":[{"href":"https:\/\/bruxelles-pantheres.be\/index.php?rest_route=\/wp\/v2\/posts\/4229","targetHints":{"allow":["GET"]}}],"collection":[{"href":"https:\/\/bruxelles-pantheres.be\/index.php?rest_route=\/wp\/v2\/posts"}],"about":[{"href":"https:\/\/bruxelles-pantheres.be\/index.php?rest_route=\/wp\/v2\/types\/post"}],"author":[{"embeddable":true,"href":"https:\/\/bruxelles-pantheres.be\/index.php?rest_route=\/wp\/v2\/users\/1"}],"replies":[{"embeddable":true,"href":"https:\/\/bruxelles-pantheres.be\/index.php?rest_route=%2Fwp%2Fv2%2Fcomments&post=4229"}],"version-history":[{"count":11,"href":"https:\/\/bruxelles-pantheres.be\/index.php?rest_route=\/wp\/v2\/posts\/4229\/revisions"}],"predecessor-version":[{"id":4253,"href":"https:\/\/bruxelles-pantheres.be\/index.php?rest_route=\/wp\/v2\/posts\/4229\/revisions\/4253"}],"wp:featuredmedia":[{"embeddable":true,"href":"https:\/\/bruxelles-pantheres.be\/index.php?rest_route=\/wp\/v2\/media\/3165"}],"wp:attachment":[{"href":"https:\/\/bruxelles-pantheres.be\/index.php?rest_route=%2Fwp%2Fv2%2Fmedia&parent=4229"}],"wp:term":[{"taxonomy":"category","embeddable":true,"href":"https:\/\/bruxelles-pantheres.be\/index.php?rest_route=%2Fwp%2Fv2%2Fcategories&post=4229"},{"taxonomy":"post_tag","embeddable":true,"href":"https:\/\/bruxelles-pantheres.be\/index.php?rest_route=%2Fwp%2Fv2%2Ftags&post=4229"}],"curies":[{"name":"wp","href":"https:\/\/api.w.org\/{rel}","templated":true}]}}