{"id":4235,"date":"2019-07-15T15:59:47","date_gmt":"2019-07-15T14:59:47","guid":{"rendered":"https:\/\/bruxelles-pantheres.be\/?p=4235"},"modified":"2019-07-15T15:59:47","modified_gmt":"2019-07-15T14:59:47","slug":"propos-sur-un-colloque-censure-le-revelateur-dune-fascisation-rampante","status":"publish","type":"post","link":"https:\/\/bruxelles-pantheres.be\/?p=4235","title":{"rendered":"Propos sur un colloque censur\u00e9 : le r\u00e9v\u00e9lateur d\u2019une fascisation rampante"},"content":{"rendered":"<p>par Said Bouamama<\/p>\n<p><strong>Devant participer \u00e0 la pr\u00e9sentation les 3 et 4 juillet dernier des r\u00e9sultats d\u2019une recherche sur les \u00ab\u00a0M\u00e9caniques de extr\u00e9misme violent\u00a0\u00bb au cours d\u2019un colloque international \u00e0 vis\u00e9e comparative, je me suis vu interdire de participation et de parole par l\u2019institution porteuse suite aux pressions du minist\u00e8re de l\u2019int\u00e9rieur. Cette recherche pluridisciplinaire \u00e0 laquelle je contribue depuis son d\u00e9but s\u2019est \u00e9tendue sur 4 ans et \u00e9tait adoss\u00e9e \u00e0 un dispositif d\u2019accompagnement pour des jeunes consid\u00e9r\u00e9s comme \u00ab\u00a0radicalis\u00e9s\u00a0\u00bb. L\u2019accompagnement et la recherche ont touch\u00e9s 105 jeunes fran\u00e7ais et les conclusions de l\u2019investigation devaient \u00eatre mises en comparaison avec des exp\u00e9riences de Belgique, du Canadienne, du Br\u00e9sil, des Etats-Unis et du Tchad. La censure qui m\u2019a touch\u00e9 fait suite \u00e0 une \u00ab\u00a0lettre ouverte \u00e0 Castaner\u00a0\u00bb du <em>Rassemblement National <\/em>relay\u00e9e imm\u00e9diatement par le Figaro, Valeurs actuelles, Fran\u00e7ais de Souche, etc., pr\u00e9sentant les \u00ab\u00a0intitul\u00e9s des tables-rondes\u00a0\u00bb comme faisant \u00ab\u00a0transpara\u00eetre une id\u00e9ologie laxiste et l\u2019\u00e9ternelle culture de l\u2019excuse ch\u00e8re \u00e0 l\u2019extr\u00eame-gauche\u00a0\u00bb d\u2019une part et moi-m\u00eame comme \u00ab\u00a0islamo-gauchiste\u00a0\u00bb d\u2019autre part.<\/strong><!--more--><\/p>\n<p><img decoding=\"async\" class=\"size-full wp-image-466 aligncenter\" src=\"https:\/\/bouamamas.files.wordpress.com\/2019\/07\/censure1-1.jpg?w=640\" sizes=\"(max-width: 378px) 100vw, 378px\" srcset=\"https:\/\/bouamamas.files.wordpress.com\/2019\/07\/censure1-1.jpg 378w, https:\/\/bouamamas.files.wordpress.com\/2019\/07\/censure1-1.jpg?w=150 150w, https:\/\/bouamamas.files.wordpress.com\/2019\/07\/censure1-1.jpg?w=300 300w\" alt=\"\" data-attachment-id=\"466\" data-permalink=\"https:\/\/bouamamas.wordpress.com\/2019\/07\/14\/propos-sur-un-colloque-censure-le-revelateur-dune-fascisation-rampante\/censure1\/\" data-orig-file=\"https:\/\/bouamamas.files.wordpress.com\/2019\/07\/censure1-1.jpg\" data-orig-size=\"378,312\" data-comments-opened=\"0\" data-image-meta=\"{&quot;aperture&quot;:&quot;0&quot;,&quot;credit&quot;:&quot;&quot;,&quot;camera&quot;:&quot;&quot;,&quot;caption&quot;:&quot;&quot;,&quot;created_timestamp&quot;:&quot;0&quot;,&quot;copyright&quot;:&quot;&quot;,&quot;focal_length&quot;:&quot;0&quot;,&quot;iso&quot;:&quot;0&quot;,&quot;shutter_speed&quot;:&quot;0&quot;,&quot;title&quot;:&quot;&quot;,&quot;orientation&quot;:&quot;0&quot;}\" data-image-title=\"censure1\" data-image-description=\"\" data-medium-file=\"https:\/\/bouamamas.files.wordpress.com\/2019\/07\/censure1-1.jpg?w=300\" data-large-file=\"https:\/\/bouamamas.files.wordpress.com\/2019\/07\/censure1-1.jpg?w=378\" \/><\/p>\n<p>&nbsp;<\/p>\n<p>Cette interdiction n\u2019est pas la premi\u00e8re. Au cours de ces derni\u00e8res ann\u00e9es plusieurs d\u00e9bats et un colloque ont \u00e9t\u00e9 report\u00e9s et\/ou annul\u00e9s en raison de campagnes de diffamation men\u00e9es par l\u2019extr\u00eame-droite ou par le <em>Printemps R\u00e9publicain. <\/em>Cette fois-ci la capitulation imm\u00e9diate \u00e0 une injonction de l\u2019extr\u00eame-droite porte sur une recherche (dont on peut certes ne pas partager la m\u00e9thode ou les conclusions et en d\u00e9battre) ce qui est lourd de signification. Avec les violences et arrestations subies par les Gilets Jaunes (qui sont d\u00e9j\u00e0 depuis de nombreuses d\u00e9cennies une r\u00e9alit\u00e9 meurtri\u00e8re dans les quartiers populaires), les pressions sur certains journalistes, les restrictions au droit de manifester, etc., cette censure est un r\u00e9v\u00e9lateur d\u2019une logique de fascisation qu\u2019il est urgent de contrecarrer.<\/p>\n<p>Je publie ci-dessous la premi\u00e8re intervention que je devais pr\u00e9senter au colloque restituant quelques axes m\u00e9thodologique de l\u2019\u00e9quipe de recherche. Chacun pourra ainsi se rendre compte par soi-m\u00eame de son pseudo \u00ab\u00a0islamo-gauchisme\u00a0\u00bb et de sa \u00ab\u00a0complaisance avec le djihadisme\u00a0\u00bb. \u00a0Les participants aux colloques ne s\u2019y sont pas tromp\u00e9s en applaudissant chaleureusement mon intervention lue en mon absence. Je remercie vivement les 130 personnalit\u00e9s qui m\u2019ont apport\u00e9s leur soutien dans une tribune \u00e0 M\u00e9diapart intitul\u00e9e \u00ab\u00a0En soutien \u00e0 Sa\u00efd Bouamama\u00a0\u00bb (<a href=\"https:\/\/blogs.mediapart.fr\/les-invites-de-mediapart\/blog\/090719\/en-soutien-said-bouamama\">https:\/\/blogs.mediapart.fr\/les-invites-de-mediapart\/blog\/090719\/en-soutien-said-bouamama<\/a>). Transform\u00e9e en p\u00e9tition celle-ci peut \u00eatre sign\u00e9e \u00e0 l\u2019adresse suivante\u00a0: <a href=\"http:\/\/chng.it\/mCcHVFyY\">http:\/\/chng.it\/mCcHVFyY<\/a><\/p>\n<p>Nous reviendrons dans notre prochain article \u00e0 la fois sur les r\u00e9sultats de la recherche et sur notre analyse de cette censure dangereuse.<\/p>\n<p>Voici cette intervention\u00a0:<\/p>\n<p><strong>Un \u00a0\u00ab\u00a0bricolage m\u00e9thodologique\u00a0\u00bb au service d\u2019un objet complexe <\/strong><\/p>\n<p>Tenter, comme nous avons tent\u00e9 de le faire, de saisir le processus du \u00ab\u00a0devenir extr\u00e9miste violent\u00a0\u00bb ou la \u00ab\u00a0m\u00e9canique de l\u2019extr\u00e9misme violent\u00a0\u00bb est une \u00e9preuve redoutable dont on ne sort pas enti\u00e8rement indemne en d\u00e9pit des protections et garde-fous absolument n\u00e9cessaire mais toujours insuffisant que nous pouvons et que nous avons pos\u00e9s. L\u2019\u00e9preuve en question n\u2019est, en effet, rien de moins que la confrontation \u00e0 l\u2019innommable et \u00e0 l\u2019impensable\u00a0: des enfants envisageant de tuer et de se tuer. Une partie de nos enfants\u00a0 en arrive donc \u00e0 r\u00e9duire leur champ des possibles qu\u2019\u00e0 une seule unique perspective mortif\u00e8re. Face \u00e0 une telle \u00e9preuve nous avons formalis\u00e9e de mani\u00e8re transdisciplinaire quelques \u00e9l\u00e9ments de postures\u00a0 m\u00e9thodologiques d\u00e8s l\u2019enclenchement de notre exp\u00e9rience. Celles-ci avaient pour vocation et objectifs de nous \u00e9carter des tentations par soucis de protection \u00e0 savoir\u00a0: la tentation de recycler sur notre objet des savoirs acquis pour d\u2019autres objets\u00a0; la tentation de la mise en typologie inad\u00e9quate \u00e0 des trajectoires aussi diverses et aussi complexes\u00a0; la tentation de la recherche de la causalit\u00e9 unique ou d\u00e9terminante\u00a0; la tentation du choix d\u2019un syst\u00e8me de conceptualisation d\u00e9finitif. Sans \u00eatre exhaustif nous pouvons formaliser ces postures m\u00e9thodologiques comme suit\u00a0:<\/p>\n<ol>\n<li><strong>Notre premi\u00e8re<\/strong> posture est celle de l\u2019humilit\u00e9. Nous sommes devant un objet et un chantier enti\u00e8rement in\u00e9dit sur lequel le champ des savoirs existant nous dit peu de chose quelle que soit la science sociale ou humaine mobilis\u00e9e. La pr\u00e9tention au savoir pr\u00e9existant sur un tel objet est heuristiquement inefficace, elle produit de la c\u00e9cit\u00e9 et de la surdit\u00e9 aux bruits et aux vacarmes de notre r\u00e9el contemporain in\u00e9dit et elle rend indisponible \u00e0 l\u2019\u00e9coute d\u2019une souffrance qui n\u2019a plus de mots pour se dire. Le pari \u00e9tait dans l\u2019Inversion de la RA en AR.<\/li>\n<li><strong>Notre seconde <\/strong>posture fut celle du refus de l\u2019essentialisation. Nous ne sommes pas en pr\u00e9sence d\u2019un groupe humain homog\u00e8ne, ahistorique, sans mouvement et sans interactions avec les autres groupes sociaux. Nous sommes bien en pr\u00e9sence de sujets divers ayant \u00e9t\u00e9 et s\u2019\u00e9tant bricol\u00e9s \u00e0 partir d\u2019une histoire, d\u2019un h\u00e9ritage, d\u2019\u00e9preuves, de rencontres et de non rencontres, etc. Bref ces enfants, nos enfants, sont une production \u00ab\u00a0made in France\u00a0\u00bb constituant un analyseur de notre soci\u00e9t\u00e9 et de ses failles, de notre protection de l\u2019enfance et de ses limites, de notre syst\u00e8me \u00e9ducatif et de ses manques, etc.<\/li>\n<li><strong>Notre troisi\u00e8me posture <\/strong>fut celle du choix du d\u00e9s\u00e9quilibre. Notre objet et sa complexit\u00e9 nous confronte aux limites de chacune de nos disciplines. La r\u00e9alit\u00e9 sociale qui affleure avec de tels objets ne se laisse pas d\u00e9couper dans les fronti\u00e8res de chaque discipline. Il fallait donc que chacun d\u2019entre nous accepte de sortir de sa zone de confort pour entrer, non pas dans un m\u00e9lange d\u00e9sordonn\u00e9 des disciplines mais dans l\u2019acceptation d\u2019une alternance permanente entre les disciplines. Le pari \u00e9tait de rester sociologue ou psychologue par moment tout en soumettant les r\u00e9sultats et questionnements acquis aux autres approches disciplinaires. Il est vrai que nous avions un point d\u2019appuis pr\u00e9alable pour ce faire. Tous les membres de l\u2019\u00e9quipe pluridisciplinaire ont crois\u00e9 Frantz Fanon dans le processus de formation intellectuel, dans la fabrique de leur subjectivit\u00e9, dans le choix de leurs sujets d\u2019\u00e9tude. Or ce dernier est sans doute, un des penseurs qui a le plus maintenu l\u2019interrogation permanente pluridisciplinaire tout en \u00e9tant centr\u00e9 en permanence sur son approche scientifique.<\/li>\n<\/ol>\n<p>Sur la base de ces postures que vous trouverez d\u00e9taill\u00e9s dans le rapport interm\u00e9diaire et le rapport final de l\u2019\u00e9tude nous nous sommes donn\u00e9 quelques rep\u00e8res m\u00e9thodologiques provisoires. Ces rep\u00e8res \u00e9taient en effet, tout comme nos concepts d\u2019ailleurs, comme pouvant \u00e9voluer \u00e0 l\u2019\u00e9preuve de l\u2019avanc\u00e9e de notre travail d\u2019investigation. Ces rep\u00e8res \u00e9taient con\u00e7us comme des hypoth\u00e8ses en mutation ouvertes sur la remise en cause en fonction de l\u2019\u00e9coute du r\u00e9el et de sa complexit\u00e9.<\/p>\n<p><strong>Le premier rep\u00e8re m\u00e9thodologique <\/strong>\u00e9tait le refus d\u2019une centration sur l\u2019offre de \u00ab\u00a0djihadisme\u00a0\u00bb pour nous int\u00e9resser \u00e0 la demande de \u00ab\u00a0djihadisme\u00a0\u00bb. Nous ne sommes pas en pr\u00e9sence de sujet ayant simplement \u00e9t\u00e9 contamin\u00e9 par \u00ab\u00a0un virus ext\u00e9rieur\u00a0\u00bb qu\u2019il s\u2019agirait d\u2019\u00e9radiquer pour r\u00e9gler le probl\u00e8me. L\u2019offre quand elle a exist\u00e9e a rencontr\u00e9 une demande pr\u00e9existante que nous voulions tenter de comprendre dans toutes ses dimensions. Cette offre a m\u00eame fr\u00e9quemment \u00e9t\u00e9 recherch\u00e9e et parfois longuement avant d\u2019avoir \u00e9t\u00e9 trouv\u00e9e. La centration unilat\u00e9rale sur l\u2019offre, encore souvent trop fr\u00e9quente en sciences sociales emp\u00eache d\u2019aborder notre objet en termes de \u00ab\u00a0processus de devenir extr\u00e9miste violent\u00a0\u00bb. Pour paraphraser Simone de Beauvoir nous pourrions dire que l\u2019on ne nait pas \u00ab\u00a0extr\u00e9miste violent, on le devient\u00a0\u00bb. Formul\u00e9 ainsi, cela peut sembler une banalit\u00e9 mais c\u2019est alors une banalit\u00e9 trop souvent oubli\u00e9e.<\/p>\n<p><strong>Notre second rep\u00e8re <\/strong>a constitu\u00e9 en la distinction permanente des notions de causalit\u00e9 et de d\u00e9clencheur tant dans l\u2019analyse de chacune des trajectoires que dans la l\u2019analyse transversale constituant notre recherche. Les \u00e9v\u00e8nements ou rencontres d\u00e9clencheurs actualisent et acc\u00e9l\u00e8rent des processus pr\u00e9existant, donnent chair \u00e0 des tendances d\u00e9j\u00e0-l\u00e0, coagulent des mouvements profonds d\u00e9j\u00e0 pr\u00e9sent ant\u00e9rieurement.<\/p>\n<p><strong>Notre troisi\u00e8me rep\u00e8re m\u00e9thodologique <\/strong>a \u00e9t\u00e9 la vieille et classique distinction h\u00e9g\u00e9lienne trop souvent oubli\u00e9e entre apparence et essence, forme et fond. Cela nous a conduits \u00e0 une posture de m\u00e9fiance \u00e0 l\u2019\u00e9gard des approches privil\u00e9giant le facteur religieux. Nous n\u2019avons rencontr\u00e9s que tr\u00e8s peu le religieux en g\u00e9n\u00e9ral et l\u2019Islam en particulier et nous avons rencontr\u00e9s fr\u00e9quemment un mode sp\u00e9cifique du religieux en g\u00e9n\u00e9ral et de l\u2019islam en particulier ayant comme fonction de soigner, de combler, de raccrocher, de soutenir. C\u2019est la raison pour laquelle nous avons adopt\u00e9e d\u00e8s le d\u00e9but une d\u00e9marche comparative avec d\u2019autres extr\u00e9mismes violents et nos s\u00e9jours de confrontations au Br\u00e9sil, au Canada et aux USA sont venus confirmer nos convictions.<\/p>\n<p><strong>Notre quatri\u00e8me posture m\u00e9thodologique <\/strong>se r\u00e9sume dans la figure de l\u2019iceberg. Les jeunes avec lesquels nous avons v\u00e9cu cette exp\u00e9rience constitu\u00e9e, selon nous, le haut d\u2019un iceberg port\u00e9 par une base beaucoup plus large constitu\u00e9e par une partie non n\u00e9gligeable de notre jeunesse caract\u00e9ris\u00e9e par une fragilisation insoutenable des assises et des stabilit\u00e9s individuelles, familiales et sociales. C\u2019est dire l\u2019ampleur du chantier de pr\u00e9vention qui s\u2019ouvre, selon nous, \u00e0 l\u2019issue de cette recherche. C\u2019est dire \u00e9galement l\u2019ampleur des mutations que nos institutions doivent parcourir pour apporter \u00e0 temps les espaces de consolidation dont cette jeunesse a besoin. Les jeunes rencontr\u00e9s font ainsi fonction d\u2019analyseur, non pas de l\u2019ensemble de la jeunesse mais da sa partie d\u00e9saffili\u00e9e. Ils sont \u00e9galement, selon nous, un analyseur de nos institutions de jeunesse (\u00e9ducation nationale, protection de l\u2019enfance et bien d\u2019autres.<\/p>\n<p>Ces rep\u00e8res \u00e9tant pos\u00e9s nous pouvions alors op\u00e9rer les choix de m\u00e9thode de recueil des donn\u00e9es, d\u2019entr\u00e9e dans les trajectoires et d\u2019ordonnancement de ceux-ci. Nous pouvons restituer ces choix comme suit\u00a0:<\/p>\n<ul>\n<li>Le choix de la rencontre signifiante du sujet\u00a0: Il s\u2019agissait pour nous de partir de lui et sa non-demande, de ses besoins et non des besoins de notre recherche, de ses temporalit\u00e9s et non des n\u00f4tres, de ses priorit\u00e9s et non des n\u00f4tres. De ce premier choix en d\u00e9coule de nombreux autres\u00a0: le choix d\u2019une premi\u00e8re rencontre avec la comp\u00e9tence psychologique et psychanalytique\u00a0; le choix d\u2019une rencontre progressive du reste de l\u2019\u00e9quipe et des autres comp\u00e9tences scientifiques\u00a0; le choix de nous adapter aux espaces et au temps du sujet\u00a0; le choix de travailler sur les questions concr\u00e8tes et\/ou mat\u00e9rielles marquant la quotidiennet\u00e9 du sujet\u00a0; etc. C\u2019est ce travail de disponibilit\u00e9 qui est, selon nous, cr\u00e9ateur des conditions nous permettant l\u2019acc\u00e8s aux trajectoires tant pour construire l\u2019accompagnement que pour mener \u00e0 bien la recherche. Il s\u2019agissait pour nous de partir du regard incarn\u00e9 pour aller vers le regard distanci\u00e9 pour ensuite construire un aller-retour permanent entre les deux regards.<\/li>\n<li>L\u2019interrogation syst\u00e9matique de trois niveaux historiques dans chaque trajectoire. La premi\u00e8re histoire interrog\u00e9e est celle de l\u2019histoire longue et des effets de cette macro-histoire sur les trajectoires familiales. La seconde est celle de la trajectoire familiale, de ses d\u00e9terminants, de sa connaissance plus ou moins explicite, de ses \u00e9v\u00e8nements marquants, de ses bifurcations, etc. La troisi\u00e8me est chronologique et aborde les processus de bricolage identitaire du sujet.\u00a0\u00a0 Ces histoires sont, bien entendu, en interactions et ce sont ces interactions que nous voulions analyser dans chaque trajectoire d\u2019une part et en termes de r\u00e9currences transversales d\u2019autre part.<\/li>\n<li>La recherche des donn\u00e9es sur les modalit\u00e9s du lien social qui relie le sujet au socius dans le pass\u00e9, dans le pr\u00e9sent et dans l\u2019id\u00e9al qu\u2019\u00e9labore et que recherche le sujet consciemment ou non. Nos travaux ant\u00e9rieurs sur les jeunes issus des classes populaires dans un contexte de d\u00e9stabilisation sans pr\u00e9c\u00e9dent de la culture d\u2019affiliation et de socialisation qu\u2019\u00e9tait la culture ouvri\u00e8re, avait en effet attir\u00e9 notre attention sur les processus d\u2019affiliation et de d\u00e9saffiliation. La proportion non n\u00e9gligeables des mal-nomm\u00e9s \u00ab\u00a0convertis\u00a0\u00bb et les crises du lien que r\u00e9v\u00e8lent leurs trajectoires sont venues confirmer notre choix.<\/li>\n<li>La recherche de donn\u00e9es sur les identifications dans l\u2019histoire pass\u00e9e, pr\u00e9sente et dans l\u2019id\u00e9al du sujet a \u00e9t\u00e9 une autre orientation. Les identit\u00e9s sont \u00e0 la fois toujours plurielles et bricol\u00e9es, contradictoires et en mouvement. Elles constituent un \u00e9tat d\u2019\u00e9quilibre entre stabilit\u00e9 et mouvement, invariance et mutation, h\u00e9ritage et production de soi. Nous recherchions en cons\u00e9quence dans chacune des trajectoires les points de tension identitaire \u00e9ventuel, les moments et \u00e9v\u00e8nement de d\u00e9s\u00e9quilibre, les facteurs emp\u00eachant la stabilisation minimum.<\/li>\n<\/ul>\n<p>Le recueil de toutes ces donn\u00e9es s\u2019est mis en place en diversifiant au maximum les espaces-temps de collecte et leurs\u00a0 modalit\u00e9s\u00a0: lors des s\u00e9ances d\u2019accompagnement psychologiques, dans des espaces collectifs, lors des d\u00e9marches diverses effectu\u00e9s avec le sujet, lors d\u2019entretien sociologiques, etc. De cette fa\u00e7on accompagnement th\u00e9rapeutique et d\u00e9marche de recherche se sont aliment\u00e9s en permanence au prix il est vrai d\u2019un co\u00fbt humain consid\u00e9rablement plus \u00e9lev\u00e9 que dans une recherche classique. Plus \u00e9lev\u00e9 en termes de temps et de disponibilit\u00e9 certes mais aussi en termes d\u2019\u00e9preuves existentielles pour chacun d\u2019entre nous.<\/p>\n<p>Ces donn\u00e9es recueillies pour chaque trajectoire convergent ensuite vers l\u2019espace d\u2019analyse et d\u2019\u00e9laboration qui structure notre recherche. Au sein de cet espace, il est demand\u00e9 \u00e0 chaque participant de se centrer sur sa discipline dans un premier temps et de fournir une lecture des donn\u00e9es sp\u00e9cialis\u00e9e disciplinairement. Dans un second temps les analyses disciplinaires sont soumises \u00e0 l\u2019interrogation des autres disciplines pr\u00e9sentes dans l\u2019\u00e9quipe\u00a0 ou sollicit\u00e9es de l\u2019ext\u00e9rieur selon les besoins. Progressivement ainsi prend forme une analyse commune r\u00e9sultat de l\u2019ensemble du processus. L\u2019analyse des r\u00e9currences entre trajectoire peut alors se mettre en place, de m\u00eame que la correction de nos concepts et de nos points de m\u00e9thodes. Pour ne citer qu\u2019un exemple nous avions formalis\u00e9e initialement le concept de \u00ab\u00a0basculement nihiliste\u00a0\u00bb que nous avions ensuite abandonn\u00e9\u00a0; d\u2019abord du fait que le mouvement progressif est beaucoup plus pr\u00e9gnant dans les trajectoire, qu\u2019il est fait d\u2019essais et d\u2019aller-retour et qu\u2019en cons\u00e9quence le terme \u00ab\u00a0bascule\u00a0\u00bb est inappropri\u00e9\u00a0; Ensuite parce que la dimension nihiliste est certes pr\u00e9sentes mais au c\u00f4t\u00e9 d\u2019autres tout aussi pr\u00e9gnantes\u00a0: altruiste ou recherche de liens par exemple.<\/p>\n<p>L\u2019analyse transversale des r\u00e9currences a \u00e9galement confront\u00e9\u00a0 \u00e0 une analyse seconde de donn\u00e9es recueillis \u00e0 d\u2019autres fins. Ainsi en est-il des donn\u00e9es recueillies dans l\u2019exp\u00e9rience men\u00e9 au lyc\u00e9e avec une classe exp\u00e9rimentale et de celles recueillis dans notre animation de s\u00e9ances de formation \u00e0 destination des acteurs de terrain sur th\u00e8me de la dite \u00ab\u00a0radicalisation\u00a0\u00bb. Ces donn\u00e9es sont dites seconde parce qu\u2019elles ont \u00e9t\u00e9 recueillis \u00e0 d\u2019autres fins\u00a0: formative dans un cas et dans une logique de pr\u00e9vention dans l\u2019autre. Toutefois la m\u00eame \u00e9quipe \u00e9tant mobilis\u00e9e pour ces trois pratiques (formation, pr\u00e9vention et accompagnement-recherche) nous avons pu par cette confrontation revisiter nos concepts et nos m\u00e9thodes \u00e0 plusieurs reprises au cours de l\u2019exp\u00e9rience.<\/p>\n<p>La d\u00e9marche m\u00e9thodologique que je viens de r\u00e9sumer s\u2019est d\u00e9ploy\u00e9 dans un contexte difficile. Elle allait \u00e0 contre-courant d\u2019un certain nombre de tendances dans notre soci\u00e9t\u00e9 productrices de bruits et d\u2019attentes imm\u00e9diates auxquelles nous avons due r\u00e9sister. Cela n\u2019a pas \u00e9t\u00e9 sans difficult\u00e9 avec notre institution porteuse ayant des exigences nous semblant parfois contradictoires avec les conditions pos\u00e9es par nous pour notre recherche. Nous avons due \u00e9galement r\u00e9sister \u00e0 l\u2019attente de r\u00e9sultats exploitables en termes de ce qui est mal nomm\u00e9 \u00ab\u00a0d\u00e9radicalisation\u00a0\u00bb rapidement alors m\u00eame que nous \u00e9tions persuad\u00e9s que nous \u00e9tions devant un objet complexe n\u00e9cessitant la dur\u00e9e pour commencer \u00e0 \u00eatre intelligible. Nous avons due enfin apprendre \u00e0 travailler en pluridisciplinarit\u00e9 sans jamais confondre celle-ci avec la simple juxtaposition d\u2019approches disciplinaires. A l\u2019issue de cette exp\u00e9rience nous ne pouvons qu\u2019en appeler \u00e0 la mobilisation de tous tant les souffrances humaines des enfants que nous avons rencontr\u00e9es, de nos enfants sont importantes.<\/p>\n<p>Je c\u00e8de maintenant la parole \u00e0 ma coll\u00e8gue Elisa pour restituer comment s\u2019incarne concr\u00e8tement notre approche complexe dans les interactions sociales avec le sujet accompagn\u00e9.<\/p>\n<p><a href=\"https:\/\/bouamamas.wordpress.com\/2019\/07\/14\/propos-sur-un-colloque-censure-le-revelateur-dune-fascisation-rampante\/\">Source<\/a><\/p>\n<h2 class=\"entry-title\"><a href=\"https:\/\/bruxelles-pantheres.be\/?p=4218\" rel=\"bookmark\">En soutien \u00e0 Sa\u00efd Bouamama<\/a><\/h2>\n<div class=\"sub-header-article accur8-desktop accur8-tablet\">\n<div class=\"col-left fractal-desktop fractal-10-desktop collapse-7-desktop fractal-tablet fractal-6-tablet collapse-4-tablet\">\n<div class=\"introduction\">Apr\u00e8s le boycott d\u2019un colloque par des repr\u00e9sentants de l\u2019Etat pour seul motif que le sociologue Sa\u00efd Bouamama y participait, 130 personnalit\u00e9s communiquent leur solidarit\u00e9 \u00e0 l\u2019universitaire face \u00e0 une \u00abcampagne de diffamation\u00bb islamophobe. Ils d\u00e9plorent que le pouvoir ait \u00abobtemp\u00e9r\u00e9 aux injonctions de l\u2019extr\u00eame-droite\u00bb.<\/div>\n<\/div>\n<div class=\"col-right aside-region fractal-desktop fractal-10-desktop collapse-3-desktop fractal-tablet fractal-6-tablet collapse-2-tablet tools-social is-on-top\">\n<div class=\"l-wrapper\">\n<div id=\"menuOutilsTopEl\" class=\"accur8-hidden-mobile tools-social-container\">\n<div class=\" col-left fractal-desktop fractal-10-desktop collapse-7-desktop fractal-tablet fractal-6-tablet collapse-4-tablet \">\n<div class=\"content-article\">\n<p><span class=\"titre-gras-bleu-petite-cap\">Le colloque de deux jours, organis\u00e9 \u00e0 Bobigny sur le th\u00e8me<\/span>\u00a0\u00ab<b><a class=\"external\" tabindex=\"-1\" href=\"https:\/\/cert-radicalisation.fr\/colloques-seminaires\/mecaniques-de-lextremisme-violent\/\" target=\"_blank\" rel=\"noopener noreferrer\">\u00a0<\/a><\/b><a class=\"external\" tabindex=\"-1\" href=\"https:\/\/cert-radicalisation.fr\/colloques-seminaires\/mecaniques-de-lextremisme-violent\/\" target=\"_blank\" rel=\"noopener noreferrer\">M\u00e9caniques de l\u2019extr\u00e9misme violent<\/a>\u00a0\u00bb, a \u00e9t\u00e9 troubl\u00e9 par l\u2019absence d\u2019un de ses organisateurs, le sociologue Sa\u00efd Bouamama, cons\u00e9quence d\u2019un veto \u00e9manant du minist\u00e8re de l\u2019int\u00e9rieur. Cette intervention relaie une campagne expresse initi\u00e9e par le Rassemblement national, aussit\u00f4t suivi par le FigaroVox et Valeurs Actuelles.<\/p>\n<\/div>\n<\/div>\n<\/div>\n<\/div>\n<\/div>\n<\/div>\n<p class=\"read-more-container\"><a class=\"read-more content-read-more\" title=\"En soutien \u00e0 Sa\u00efd Bouamama\" href=\"https:\/\/bruxelles-pantheres.be\/?p=4218#more-4218\">Lire la suite<\/a><\/p>\n","protected":false},"excerpt":{"rendered":"<p>par Said Bouamama Devant participer \u00e0 la pr\u00e9sentation les 3 et 4 juillet dernier des r\u00e9sultats d\u2019une recherche sur les \u00ab\u00a0M\u00e9caniques de extr\u00e9misme violent\u00a0\u00bb au cours d\u2019un colloque international \u00e0 vis\u00e9e comparative, je me suis vu interdire de participation et de parole par l\u2019institution porteuse suite aux pressions du minist\u00e8re de l\u2019int\u00e9rieur. Cette recherche pluridisciplinaire &#8230; <a title=\"Propos sur un colloque censur\u00e9 : le r\u00e9v\u00e9lateur d\u2019une fascisation rampante\" class=\"read-more\" href=\"https:\/\/bruxelles-pantheres.be\/?p=4235\" aria-label=\"En savoir plus sur Propos sur un colloque censur\u00e9 : le r\u00e9v\u00e9lateur d\u2019une fascisation rampante\">Lire la suite<\/a><\/p>\n","protected":false},"author":1,"featured_media":4221,"comment_status":"open","ping_status":"open","sticky":false,"template":"","format":"standard","meta":{"footnotes":""},"categories":[36,4,18,28],"tags":[124],"class_list":["post-4235","post","type-post","status-publish","format-standard","has-post-thumbnail","hentry","category-europe","category-islamophobie","category-resistance-bruxelles","category-racismes","tag-bouamama-said"],"_links":{"self":[{"href":"https:\/\/bruxelles-pantheres.be\/index.php?rest_route=\/wp\/v2\/posts\/4235","targetHints":{"allow":["GET"]}}],"collection":[{"href":"https:\/\/bruxelles-pantheres.be\/index.php?rest_route=\/wp\/v2\/posts"}],"about":[{"href":"https:\/\/bruxelles-pantheres.be\/index.php?rest_route=\/wp\/v2\/types\/post"}],"author":[{"embeddable":true,"href":"https:\/\/bruxelles-pantheres.be\/index.php?rest_route=\/wp\/v2\/users\/1"}],"replies":[{"embeddable":true,"href":"https:\/\/bruxelles-pantheres.be\/index.php?rest_route=%2Fwp%2Fv2%2Fcomments&post=4235"}],"version-history":[{"count":1,"href":"https:\/\/bruxelles-pantheres.be\/index.php?rest_route=\/wp\/v2\/posts\/4235\/revisions"}],"predecessor-version":[{"id":4236,"href":"https:\/\/bruxelles-pantheres.be\/index.php?rest_route=\/wp\/v2\/posts\/4235\/revisions\/4236"}],"wp:featuredmedia":[{"embeddable":true,"href":"https:\/\/bruxelles-pantheres.be\/index.php?rest_route=\/wp\/v2\/media\/4221"}],"wp:attachment":[{"href":"https:\/\/bruxelles-pantheres.be\/index.php?rest_route=%2Fwp%2Fv2%2Fmedia&parent=4235"}],"wp:term":[{"taxonomy":"category","embeddable":true,"href":"https:\/\/bruxelles-pantheres.be\/index.php?rest_route=%2Fwp%2Fv2%2Fcategories&post=4235"},{"taxonomy":"post_tag","embeddable":true,"href":"https:\/\/bruxelles-pantheres.be\/index.php?rest_route=%2Fwp%2Fv2%2Ftags&post=4235"}],"curies":[{"name":"wp","href":"https:\/\/api.w.org\/{rel}","templated":true}]}}