{"id":4237,"date":"2019-07-15T19:42:34","date_gmt":"2019-07-15T18:42:34","guid":{"rendered":"https:\/\/bruxelles-pantheres.be\/?p=4237"},"modified":"2020-03-08T23:35:24","modified_gmt":"2020-03-08T22:35:24","slug":"ahmed-elasey-sdf-abattu-par-les-forces-de-lodre-condamne-en-appel-a-6-ans-fermes","status":"publish","type":"post","link":"https:\/\/bruxelles-pantheres.be\/?p=4237","title":{"rendered":"Ahmed Elasey , sdf abattu par les forces de l&rsquo;odre condamn\u00e9 en appel \u00e0 6 ans fermes !"},"content":{"rendered":"<div id=\"post-body-3199250434348997985\" class=\"post-body entry-content\">\n<div dir=\"ltr\">\n<p>Bruxelles, juin 2019,<\/p>\n<p>Sans-abri condamn\u00e9 pour tentative de meurtre il se voit augmenter sa peine en appel!<\/p>\n<p>Comment dire, comment \u00e9crire, comment exprimer l&rsquo;effroi que d\u00e9clenche le verdict de l&rsquo;appel\u00a0 prononc\u00e9 le 21 juin dernier au palais de justice de Bruxelles. Il s&rsquo;agissait de l&rsquo;appel du jugement qui condamnait en d\u00e9cembre 2018 M. Ahmed Elasey \u00e0 cinq ans de prison fermes pour \u00ab\u00a0tentative de meurtre\u00a0\u00bb.<\/p>\n<p>Les faits remontent au 17 septembre 2018 \u00e0 Bruxelles, sur le trottoir de l&rsquo;Office des \u00e9trangers, juste \u00e0 c\u00f4t\u00e9 du parc Maximilien. Plusieurs policiers viennent une nouvelle fois pour d\u00e9loger M. Ahmed Elasey, mais que celui-ci refuse et s&rsquo;assied pour fumer une cigarette. Cette attitude anodine en soi ne correspond pas aux attentes des forces de l&rsquo;ordre et M. Ahmed Elasey se voit menacer par un policier avec sa matraque. Pris par la peur il veut qu&rsquo;on lui fiche la paix et se l\u00e8ve pour s&rsquo;en aller, son petit couteau \u00e0 la main. La situation prend une allure qui aurait pu \u00eatre qualifi\u00e9e de rocambolesque, sauf que dans la vraie ville de Bruxelles, les nombreux policiers se dirigent vers lui et tentent de l&rsquo;immobiliser brutalement. On bouge, on refuse et le couteau blesse un des policier au cr\u00e2ne. Asperg\u00e9 et aveugl\u00e9 par le spray des policiers, frapp\u00e9, maintenu, il est alors vis\u00e9 par un policier qui tire trois balles. L&rsquo;une le touche \u00e0 l&rsquo;abdomen, l&rsquo;autre \u00e0 la jambe, et les coups de pieds se poursuivent&#8230;<br \/>\nM. Ahmed Elasey est hospitalis\u00e9 en soins intensifs! Il y sera interrog\u00e9 par la police le lendemain et y s\u00e9journera 40 jours.<\/p>\n<\/div>\n<\/div>\n<p><!--more--><br \/>\n<iframe src=\"https:\/\/www.facebook.com\/plugins\/video.php?href=https%3A%2F%2Fwww.facebook.com%2Feodp.eu%2Fvideos%2F2228030153952014%2F&#038;show_text=1&#038;width=560\" width=\"560\" height=\"527\" style=\"border:none;overflow:hidden\" scrolling=\"no\" frameborder=\"0\" allowTransparency=\"true\" allow=\"encrypted-media\" allowFullScreen=\"true\"><\/iframe><br \/>\n<a href=\"https:\/\/1.bp.blogspot.com\/-fpAhfhfSI8Q\/XSezLyOtWII\/AAAAAAAAHGE\/4EUAoNBDZA0CDzQI9LIdplqpyLtgfncGQCLcBGAs\/s1600\/justice%2Bde%2Bclasse.jpg\"><img decoding=\"async\" class=\"alignleft\" src=\"https:\/\/1.bp.blogspot.com\/-fpAhfhfSI8Q\/XSezLyOtWII\/AAAAAAAAHGE\/4EUAoNBDZA0CDzQI9LIdplqpyLtgfncGQCLcBGAs\/s1600\/justice%2Bde%2Bclasse.jpg\" border=\"0\" data-original-height=\"300\" data-original-width=\"300\" \/><\/a><br \/>\nNotons que la blessure du policier au cr\u00e2ne, en outre qualifi\u00e9e de l\u00e9g\u00e8re, ne peut en aucun cas \u00eatre imagin\u00e9e comme \u00ab\u00a0tentative de meurtre\u00a0\u00bb. Le refus de M. Ahmed Elasey de l\u00e2cher son couteau, est effectivement ce qui\u00a0 sous-tend l&rsquo;ensemble de l&rsquo;accusation polici\u00e8re. Cette attitude frondeuse de la part d&rsquo;une personne sans-abri se transforme pour les policiers \u00ab\u00a0qui ne font que leur travail\u00a0\u00bb*, en pr\u00e9texte de d\u00e9fendre un coll\u00e8gue, de telle sorte qu&rsquo; un des 6, 7 policiers si bien intentionn\u00e9 \u00e0 l&rsquo;\u00e9gard de son coll\u00e8gue, tire tout bonnement \u00e0 trois reprises sur Monsieur Elasey!<\/p>\n<p>Alors la Cour se met tergiverser comme elle l&rsquo;a fait en pr\u00e9cisant certaines formulations telles que \u00ab\u00a0avoir \u00e9t\u00e9 porteur d&rsquo;un objet piquant et tranchant&#8230;qui n&rsquo;\u00e9tait pas &#8230; comme arme mais dont il apparait que le pr\u00e9venu tentait manifestement de l&rsquo;utiliser &#8230; pour blesser &#8230;\u00a0\u00bb* blabla destin\u00e9 \u00e0 justifier la pr\u00e9vention de \u00ab\u00a0tentative de meurtre\u00a0\u00bb &#8230; \u00ab\u00a0ces faits sont extr\u00eamement graves le pr\u00e9venu n&rsquo;ayant pas h\u00e9sit\u00e9 \u00e0 tenter de tuer deux policiers qui ne faisaient que leur travail &#8230; manifestement mu par une rage difficilement contr\u00f4lable&#8230;\u00a0\u00bb*<\/p>\n<p>&#8230; On croit cauchemarder, c&rsquo;est pas s\u00e9rieux? eh bien si, h\u00e9las, pour la Cour, c&rsquo;est plausible! Alors comment la Cour sait-elle que c&rsquo;est \u00ab\u00a0manifestement mu\u00a0\u00bb* par quelque chose ? et comment la Cour pr\u00e9tend-elle savoir que le pr\u00e9venu \u00ab\u00a0n&rsquo;a pas h\u00e9sit\u00e9 \u00e0 tenter de tuer\u00a0\u00bb*? M\u00eame un profane en droit se rend compte que vouloir tuer quelqu&rsquo;un.e ne ressemble pas \u00e0 ce cas de figure, c&rsquo;est criant.<br \/>\nUne personne sur la rue que les policiers viennent \u00ab\u00a0emb\u00eater\u00a0\u00bb fr\u00e9quemment, \u00e0 qui ils retirent les objets personnels, les voyant d\u00e9barquer une nouvelle fois, n&rsquo;a-t-elle donc pas de raison d&rsquo;\u00eatre irrit\u00e9e et de ne pas avoir envie d&rsquo;obtemp\u00e9rer? M\u00eame s&rsquo;il s&rsquo;agit de forces de l&rsquo;ordre?!<br \/>\nLes forces de l&rsquo;ordre op\u00e8rent-elles de mani\u00e8re pertinente? Pour quelle raison sont-elles \u00e0 6 ou 7 \u00e0 entourer une personne seule, m\u00eame munie d&rsquo;un canif? Cela justifie-t-il qu&rsquo;un policier se permet de sortir son arme? de la pointer et de pan pan pan, tirer dans l&rsquo;abdomen et les jambes? Et bien non! L&rsquo;usage de la force, et \u00e0 fortiori le tir d&rsquo;arme \u00e0 feu sont des mati\u00e8res strictement r\u00e9glement\u00e9es.<\/p>\n<p>Mais la Cour, peut-\u00eatre, permettons-nous des supputations puisque le juge le fait aussi (manifestement, il apparait, etc.. ne sont pas des fait av\u00e9r\u00e9s ni prouv\u00e9s) donc permettons-nous de supputer que les tirs policiers qui ont failli couter la vie \u00e0 un \u00eatre humain d\u00e9muni, doivent \u00eatre absolument couverts et justifi\u00e9s, imaginons aussi que le fait que nous ayons sorti cet homme de l&rsquo;anonymat pourtant bien orchestr\u00e9 puisque les h\u00f4pitaux pr\u00e9tendaient ne pas l&rsquo;avoir re\u00e7u, la presse ne le d\u00e9crivant que comme un migrant dans un premier temps un SDF ensuite, cet anonymat a \u00e9t\u00e9 contrari\u00e9 par les actions de soutien et pis encore, des avocat.e.s se sont pench\u00e9.e.s sur son dossier et ont effectu\u00e9 un travail juridique approfondi qui malheureusement va \u00e0 l&rsquo;encontre de l&rsquo;accusation port\u00e9e.<\/p>\n<p>Donc qu&rsquo;en r\u00e9sulte-t-il ? une augmentation de la peine initiale port\u00e9e des 5 ans elle passe \u00e0 6 ans fermes! \u00ab\u00a0celle prononc\u00e9e par le premier juge \u00e9tant insuffisante\u00a0\u00bb* &#8211; \u00ab\u00a0cette peine tient compte (&#8230;) aussi de la pr\u00e9carit\u00e9 sociale et financi\u00e8re dans laquelle se trouve le pr\u00e9venu, des s\u00e9quelles m\u00e9dicales qu&rsquo;il subit toujours actuellement suite au coups de feu qui ont d\u00fb \u00eatre tir\u00e9s et son absence ant\u00e9c\u00e9dents judiciaires\u00a0\u00bb*<br \/>\nQuand on vous disait qu&rsquo;on croit cauchemarder !<br \/>\n\u00ab\u00a0La hauteur de cette peine ne permet pas d&rsquo;accorder au pr\u00e9venu une quelconque mesure de faveur. Par ces agissements le pr\u00e9venu s&rsquo;est largement montr\u00e9 indigne de participer \u00e0 l&rsquo;organisation de la soci\u00e9t\u00e9.\u00a0\u00bb*<br \/>\nEn fait il ne s&rsquo;agit pas de v\u00e9rit\u00e9 judiciaire et justifi\u00e9e juridiquement sur base des textes de loi, il s&rsquo;agit de la part des juges d&rsquo;\u00e9mettre leurs avis moralisateurs exprim\u00e9s de la part d&rsquo;une caste qui bien au chaud derri\u00e8re son titre, se permet d&rsquo;envisager la soci\u00e9t\u00e9 d&rsquo;une mani\u00e8re personnelle bien particuli\u00e8re.<\/p>\n<p>Reprenons ici la citation d&rsquo;Aharon Barak : \u00ab\u00a0Le juge doit \u00eatre conscient de son pouvoir ainsi que de ses limites. Dans une d\u00e9mocratie, les pouvoirs conf\u00e9r\u00e9s au juge sont tr\u00e8s importants. Le pouvoir judiciaire comme n&rsquo;importe quelle autre forme de pouvoir peut faire l&rsquo;objet d&rsquo;abus. Il faut que le juge comprenne que son pouvoir se limite \u00e0 son judiciaire \u00e0 proprement dit\u00a0\u00bb<\/p>\n<p>Nous en sommes loin!<\/p>\n<div class=\"separator\"><\/div>\n<p><i>par Gene Vreden, groupe de soutien \u00e0 Ahmed <\/i><\/p>\n<p>juillet 2019<\/p>\n<div>\n<p>LIRE AUSSI :<\/p>\n<h2 class=\"entry-title\"><a href=\"https:\/\/bruxelles-pantheres.be\/?p=3869\" rel=\"bookmark\">Bruxelles : \u00ab\u00a0Un policier a tir\u00e9 \u00e0 trois reprises sur un SDF\u00a0\u00bb<\/a><\/h2>\n<h2 class=\"entry-title\"><a href=\"https:\/\/bruxelles-pantheres.be\/?p=4200\" rel=\"bookmark\">#Soutient &amp; #Solidarit\u00e9 avec Ahmed Elasey<\/a><\/h2>\n<\/div>\n","protected":false},"excerpt":{"rendered":"<p>Bruxelles, juin 2019, Sans-abri condamn\u00e9 pour tentative de meurtre il se voit augmenter sa peine en appel! Comment dire, comment \u00e9crire, comment exprimer l&rsquo;effroi que d\u00e9clenche le verdict de l&rsquo;appel\u00a0 prononc\u00e9 le 21 juin dernier au palais de justice de Bruxelles. Il s&rsquo;agissait de l&rsquo;appel du jugement qui condamnait en d\u00e9cembre 2018 M. Ahmed Elasey &#8230; <a title=\"Ahmed Elasey , sdf abattu par les forces de l&rsquo;odre condamn\u00e9 en appel \u00e0 6 ans fermes !\" class=\"read-more\" href=\"https:\/\/bruxelles-pantheres.be\/?p=4237\" aria-label=\"En savoir plus sur Ahmed Elasey , sdf abattu par les forces de l&rsquo;odre condamn\u00e9 en appel \u00e0 6 ans fermes !\">Lire la suite<\/a><\/p>\n","protected":false},"author":1,"featured_media":272,"comment_status":"open","ping_status":"open","sticky":false,"template":"","format":"standard","meta":{"footnotes":""},"categories":[8,18,28,39,5],"tags":[413],"class_list":["post-4237","post","type-post","status-publish","format-standard","has-post-thumbnail","hentry","category-prisons","category-resistance-bruxelles","category-racismes","category-sans-papier","category-violence-policiere","tag-ahmed-elasey"],"_links":{"self":[{"href":"https:\/\/bruxelles-pantheres.be\/index.php?rest_route=\/wp\/v2\/posts\/4237","targetHints":{"allow":["GET"]}}],"collection":[{"href":"https:\/\/bruxelles-pantheres.be\/index.php?rest_route=\/wp\/v2\/posts"}],"about":[{"href":"https:\/\/bruxelles-pantheres.be\/index.php?rest_route=\/wp\/v2\/types\/post"}],"author":[{"embeddable":true,"href":"https:\/\/bruxelles-pantheres.be\/index.php?rest_route=\/wp\/v2\/users\/1"}],"replies":[{"embeddable":true,"href":"https:\/\/bruxelles-pantheres.be\/index.php?rest_route=%2Fwp%2Fv2%2Fcomments&post=4237"}],"version-history":[{"count":2,"href":"https:\/\/bruxelles-pantheres.be\/index.php?rest_route=\/wp\/v2\/posts\/4237\/revisions"}],"predecessor-version":[{"id":4402,"href":"https:\/\/bruxelles-pantheres.be\/index.php?rest_route=\/wp\/v2\/posts\/4237\/revisions\/4402"}],"wp:featuredmedia":[{"embeddable":true,"href":"https:\/\/bruxelles-pantheres.be\/index.php?rest_route=\/wp\/v2\/media\/272"}],"wp:attachment":[{"href":"https:\/\/bruxelles-pantheres.be\/index.php?rest_route=%2Fwp%2Fv2%2Fmedia&parent=4237"}],"wp:term":[{"taxonomy":"category","embeddable":true,"href":"https:\/\/bruxelles-pantheres.be\/index.php?rest_route=%2Fwp%2Fv2%2Fcategories&post=4237"},{"taxonomy":"post_tag","embeddable":true,"href":"https:\/\/bruxelles-pantheres.be\/index.php?rest_route=%2Fwp%2Fv2%2Ftags&post=4237"}],"curies":[{"name":"wp","href":"https:\/\/api.w.org\/{rel}","templated":true}]}}