{"id":4262,"date":"2019-09-15T19:53:14","date_gmt":"2019-09-15T18:53:14","guid":{"rendered":"https:\/\/bruxelles-pantheres.be\/?p=4262"},"modified":"2019-09-28T19:53:36","modified_gmt":"2019-09-28T18:53:36","slug":"bruxelles-pantheres-etait-present-pour-la-premiere-grande-sortie-des-diables-a-deux-acren","status":"publish","type":"post","link":"https:\/\/bruxelles-pantheres.be\/?p=4262","title":{"rendered":"Bruxelles Panth\u00e8res \u00e9tait pr\u00e9sent pour la premi\u00e8re \u00ab\u00a0grande sortie des diables\u00a0\u00bb \u00e0 Deux Acren"},"content":{"rendered":"<p>En septembre 2018, le programme du carnaval des rues Culant, Duval et Bonne Nuit \u00e0 Deux Acren incluait \u00ab\u00a0une grande sortie des n\u00e8gres\u00a0\u00bb le samedi soir. \u00c0 la suite d\u2019un message envoy\u00e9 par Nordine Saidi, militant antiraciste et membre-fondateur de Bruxelles Panth\u00e8res au Bourgmestre socialiste de Lessines, Monsieur Pascal DE HANDSCHUTTER, message consid\u00e9r\u00e9 comme mena\u00e7ant par son r\u00e9cepteur, les organisateurs ont d\u00e9cid\u00e9 d\u2019annuler leur parade.<br \/>\nNous nous sommes r\u00e9jouis de cette d\u00e9cision qui ne constitua rien moins qu\u2019un moratoire \u00e0 une pratique n\u00e9grophobe r\u00e9currente en Belgique.<\/p>\n<p>Pour rappel, ce message et cette annulation furent suivis d\u2019une plainte d\u00e9pos\u00e9e contre les exp\u00e9diteurs du message. Nordine Saidi a \u00e9t\u00e9 convoqu\u00e9 et interrog\u00e9 par la police. La plainte d\u00e9pos\u00e9e contre lui et Bruxelles Panth\u00e8res est du chef de \u00ab\u00a0menace terroriste\u00a0\u00bb. Elle est toujours pendante.<\/p>\n<p>Il y a quelques semaines, la publication du programme de l\u2019\u00e9dition 2019 de la Ducasse des Culants nous a positivement surpris par son contenu. La \u00ab\u00a0grande sortie des n\u00e8gres\u00a0\u00bb ne s\u2019y trouve plus. Elle s\u2019appellera d\u00e9sormais \u00ab\u00a0grande sortie des diables\u00a0\u00bb.<\/p>\n<p>Bruxelles Panth\u00e8res \u00e9tait pr\u00e9sent pour la premi\u00e8re \u00ab\u00a0grande sortie des diables\u00a0\u00bb \u00e0 Deux Acren ce samedi 14 septembre 2019.<!--more--><a href=\"https:\/\/bruxelles-pantheres.be\/wp-content\/uploads\/2019\/09\/IMG_20190914_192707.jpg\"><img decoding=\"async\" class=\"aligncenter wp-image-4263 size-medium\" src=\"https:\/\/bruxelles-pantheres.be\/wp-content\/uploads\/2019\/09\/IMG_20190914_192707-300x225.jpg\" alt=\"\" width=\"300\" height=\"225\" srcset=\"https:\/\/bruxelles-pantheres.be\/wp-content\/uploads\/2019\/09\/IMG_20190914_192707-300x225.jpg 300w, https:\/\/bruxelles-pantheres.be\/wp-content\/uploads\/2019\/09\/IMG_20190914_192707-1024x768.jpg 1024w, https:\/\/bruxelles-pantheres.be\/wp-content\/uploads\/2019\/09\/IMG_20190914_192707-768x576.jpg 768w, https:\/\/bruxelles-pantheres.be\/wp-content\/uploads\/2019\/09\/IMG_20190914_192707-1536x1152.jpg 1536w, https:\/\/bruxelles-pantheres.be\/wp-content\/uploads\/2019\/09\/IMG_20190914_192707-2048x1536.jpg 2048w, https:\/\/bruxelles-pantheres.be\/wp-content\/uploads\/2019\/09\/IMG_20190914_192707-1320x990.jpg 1320w\" sizes=\"(max-width: 300px) 100vw, 300px\" \/><\/a> <a href=\"https:\/\/bruxelles-pantheres.be\/wp-content\/uploads\/2019\/09\/IMG_20190914_193341.jpg\"><img decoding=\"async\" class=\"aligncenter wp-image-4264 size-large\" src=\"https:\/\/bruxelles-pantheres.be\/wp-content\/uploads\/2019\/09\/IMG_20190914_193341-1024x768.jpg\" alt=\"\" width=\"1024\" height=\"768\" srcset=\"https:\/\/bruxelles-pantheres.be\/wp-content\/uploads\/2019\/09\/IMG_20190914_193341-1024x768.jpg 1024w, https:\/\/bruxelles-pantheres.be\/wp-content\/uploads\/2019\/09\/IMG_20190914_193341-300x225.jpg 300w, https:\/\/bruxelles-pantheres.be\/wp-content\/uploads\/2019\/09\/IMG_20190914_193341-768x576.jpg 768w, https:\/\/bruxelles-pantheres.be\/wp-content\/uploads\/2019\/09\/IMG_20190914_193341-1536x1152.jpg 1536w, https:\/\/bruxelles-pantheres.be\/wp-content\/uploads\/2019\/09\/IMG_20190914_193341-2048x1536.jpg 2048w, https:\/\/bruxelles-pantheres.be\/wp-content\/uploads\/2019\/09\/IMG_20190914_193341-1320x990.jpg 1320w\" sizes=\"(max-width: 1024px) 100vw, 1024px\" \/><\/a><\/p>\n<p>Nous avons gar\u00e9 la voiture au bout de la rue des \u00c9coles. Nous avons march\u00e9 quelques m\u00e8tres dans le village et nous sommes rapidement faits ac-cueillir par la Police locale. Avec qui nous sommes de mani\u00e8res courtoises et coutumi\u00e8re directement entr\u00e9s en interactions dans le cadre d\u2019une pr\u00e9sentation de nos qualit\u00e9s respectives. Les policiers \u00e9taient courtois et professionnels. Mais tout de m\u00eame bien drill\u00e9s\u00a0: \u00ab\u00a0que faites-vous l\u00e0\u00a0\u00bb, \u00ab\u00a0combien \u00eates-vous\u00a0\u00bb, \u00ab\u00a0carte d\u2019identit\u00e9\u00a0\u00bb, \u00ab\u00a0on doit vous fouiller\u00a0\u00bb, \u00ab\u00a0quelles sont vos intentions\u00a0\u00bb\u00a0? La routine donc. Appel au Bourgmestre. Nous pouvons rester tant que nous ne troublons pas l\u2019ordre public. Nous expliquons que nous sommes l\u00e0 pour assister \u00e0 la \u00ab\u00a0grande sortie des diables\u00a0\u00bb et pour constater si la pratique n\u00e9grophobe du blackface en est bien retir\u00e9e ou s\u2019il s\u2019agit seulement d\u2019un changement de nom.<\/p>\n<p>Nous nous dirigeons alors vers le carrefour auquel d\u00e9marrera le cort\u00e8ge. Nous sommes deux et sommes entour\u00e9s d\u2019une dizaine de policiers. Il n\u2019y a pas plus de 400 ou 500 personnes qui assistent \u00e0 l\u2019\u00e9v\u00e8nement. Une \u00e9quipe de Not\u00e9l\u00e9 est pr\u00e9sente mais ne s\u2019adresse pas \u00e0 nous. Les gens ont des comportements vari\u00e9s. Tout le monde semble au fait de notre pr\u00e9sence. Beaucoup nous d\u00e9visagent. D\u2019autres nous ignorent apr\u00e8s avoir crois\u00e9 notre regard. Certain.e.s r\u00e9pondent plus ou moins timidement \u00e0 nos bonjours, d\u2019autres ouvrent de grand yeux, un peu comme si une vraie panth\u00e8re venait de leur dire poliment bonsoir, puis d\u00e9tournent le regard. Un homme nous interpelle pour nous signaler qu\u2019il est le chef du cort\u00e8ge et nous propose de prendre une photo ensemble. Visiblement surpris par notre r\u00e9ponse positive, qui semble mettre en col\u00e8re, il nous tourne le dos et retourne \u00e0 la t\u00eate de son cort\u00e8ge.<\/p>\n<p>Le d\u00e9fil\u00e9 d\u00e9marre mollement, les gens regardent vers le cort\u00e8ge et puis vers nous et puis vers le cort\u00e8ge. On dirait des spectateurs de match de tennis. Nous filmons le d\u00e9part du cort\u00e8ge. Nous sommes approch\u00e9s interpel\u00e9s de mani\u00e8re plus ou moins virulente. Pour nous dire que nous ne sommes pas les bienvenus, que nous devons \u00ab\u00a0rentrer chez nous\u00a0\u00bb ou encore \u00ab\u00a0rentrer dans notre pays\u00a0\u00bb, que nous devons arr\u00eater de filmer, etc. Les policiers nous prot\u00e8gent en demandant \u00e0 ceux qui nous interpellent de garder leurs distances, ils se font insulter, par ceux qui nous parlent et nous approchent comme par ceux et celles qui restent \u00e0 distance sans s\u2019adresser \u00e0 nous. Une dame nous demande si nous voulons aussi interdire le personnage de la vache peinte aux couleurs belges. L\u2019un des organisateurs, en civil, nous prend en photo. Deux autres organisateurs, habill\u00e9s en costume colonial, nous disent que nous sommes \u00ab\u00a0jolis\u00a0\u00bb, nous demandent si le changement nous convient et puis ajoutent imm\u00e9diatement qu\u2019ils ne veulent pas de notre avis parce que \u00ab\u00a0ils sont chez eux\u00a0et que rien ne changera\u00a0\u00bb. Difficile de trouver un mot, ou une formule, adapt\u00e9 \u00e0 la description de ce que nous vivons \u00e0 ce moment-l\u00e0.<\/p>\n<p>Qu\u2019en est-il finalement de l\u2019apparence des protagonistes de cette \u00ab\u00a0grande sortie des diables\u00a0\u00bb en comparaison avec l\u2019apparence qu\u2019ils et elles avaient sous son ancienne appellation\u00a0?<\/p>\n<p>En gros, \u00e7a n\u2019a pas beaucoup \u00e9volu\u00e9. Les \u00ab\u00a0costumes\u00a0\u00bb, lances, boucliers, coiffes, n\u2019ont globalement pas chang\u00e9. Les diables ne sont ici pas rouges. Mais, semblant prendre notre action au mot, les visages sont blancs, comme de la craie blanche, comme du lait, comme la moiti\u00e9 blanche du symbole du yin et du yang. D\u2019un blackface (et \u00ab\u00a0blackbody\u00a0\u00bb) int\u00e9gral, les acteurs semblent \u00eatre pass\u00e9s \u00e0 un costume maintenant le blackbody mais affubl\u00e9 d\u2019un \u00ab\u00a0white face\u00a0\u00bb. Le reste du rituel de cette petite ducasse hennuy\u00e8re n\u2019a a priori pas \u00e9t\u00e9 modifi\u00e9. Le r\u00f4le de \u00ab\u00a0Baudouin\u00a0\u00bb, par exemple, reste le m\u00eame, il finit symboliquement victime d\u2019anthropophagie.<\/p>\n<p>Comme conclusion nous ne pouvons que poser quelques constats\u00a0:<\/p>\n<p>&#8211;\u00a0\u00a0\u00a0\u00a0\u00a0\u00a0\u00a0\u00a0\u00a0 Le nom du carnaval de Deux Acren a \u00e9t\u00e9 modifi\u00e9<\/p>\n<p>&#8211;\u00a0\u00a0\u00a0\u00a0\u00a0\u00a0\u00a0\u00a0\u00a0 La n\u00e9grophobie r\u00e9sultante du refoulement par la Belgique de son histoire coloniale est profond\u00e9ment ancr\u00e9e dans une part cons\u00e9quente de sa population et a fortiori de ses cercles de pouvoir.<\/p>\n<p>&#8211;\u00a0\u00a0\u00a0\u00a0\u00a0\u00a0\u00a0\u00a0\u00a0 Si, comme \u00e0 Ath, on proclame \u00e0 la fois qu\u2019on est chez soi et que rien ne changera, comme \u00e0 Ath, les rituels sont alt\u00e9r\u00e9s, \u00a0(\u00ab\u00a0white face\u00a0\u00bb \u00e0 Deux Acren, remise des cha\u00eenes \u00e0 Ath).<\/p>\n<p>&#8211;\u00a0\u00a0\u00a0\u00a0\u00a0\u00a0\u00a0\u00a0\u00a0 La lutte bas\u00e9e sur l\u2019antiracisme politique issu de la pens\u00e9e d\u00e9coloniale fait plus concr\u00e8tement bouger les choses que toutes les institutions et personnalit\u00e9s adoub\u00e9es comme antiracistes (semi-professionnel.le.s) r\u00e9unies.<\/p>\n<p>Comme nous l\u2019avons dit \u00e0 Ath et redit \u00e0 Lessines, comme nous l\u2019avons toujours prouv\u00e9 par nos actes, nous n\u2019avons aucune intention de troubler l\u2019ordre public.<br \/>\nPar contre, s\u2019il y a une chose dont nous comptons bien voir la d\u00e9molition d\u00e9finitive, c\u2019est l\u2019ordre raciale qui d\u00e9shumanise la plus grande partie des humain.e.s.<\/p>\n","protected":false},"excerpt":{"rendered":"<p>En septembre 2018, le programme du carnaval des rues Culant, Duval et Bonne Nuit \u00e0 Deux Acren incluait \u00ab\u00a0une grande sortie des n\u00e8gres\u00a0\u00bb le samedi soir. \u00c0 la suite d\u2019un message envoy\u00e9 par Nordine Saidi, militant antiraciste et membre-fondateur de Bruxelles Panth\u00e8res au Bourgmestre socialiste de Lessines, Monsieur Pascal DE HANDSCHUTTER, message consid\u00e9r\u00e9 comme mena\u00e7ant &#8230; <a title=\"Bruxelles Panth\u00e8res \u00e9tait pr\u00e9sent pour la premi\u00e8re \u00ab\u00a0grande sortie des diables\u00a0\u00bb \u00e0 Deux Acren\" class=\"read-more\" href=\"https:\/\/bruxelles-pantheres.be\/?p=4262\" aria-label=\"En savoir plus sur Bruxelles Panth\u00e8res \u00e9tait pr\u00e9sent pour la premi\u00e8re \u00ab\u00a0grande sortie des diables\u00a0\u00bb \u00e0 Deux Acren\">Lire la suite<\/a><\/p>\n","protected":false},"author":1,"featured_media":3165,"comment_status":"open","ping_status":"open","sticky":false,"template":"","format":"standard","meta":{"footnotes":""},"categories":[36,7,18,28],"tags":[84,14,15],"class_list":["post-4262","post","type-post","status-publish","format-standard","has-post-thumbnail","hentry","category-europe","category-negrophobie","category-resistance-bruxelles","category-racismes","tag-black-power","tag-bruxelles","tag-resistance"],"_links":{"self":[{"href":"https:\/\/bruxelles-pantheres.be\/index.php?rest_route=\/wp\/v2\/posts\/4262","targetHints":{"allow":["GET"]}}],"collection":[{"href":"https:\/\/bruxelles-pantheres.be\/index.php?rest_route=\/wp\/v2\/posts"}],"about":[{"href":"https:\/\/bruxelles-pantheres.be\/index.php?rest_route=\/wp\/v2\/types\/post"}],"author":[{"embeddable":true,"href":"https:\/\/bruxelles-pantheres.be\/index.php?rest_route=\/wp\/v2\/users\/1"}],"replies":[{"embeddable":true,"href":"https:\/\/bruxelles-pantheres.be\/index.php?rest_route=%2Fwp%2Fv2%2Fcomments&post=4262"}],"version-history":[{"count":1,"href":"https:\/\/bruxelles-pantheres.be\/index.php?rest_route=\/wp\/v2\/posts\/4262\/revisions"}],"predecessor-version":[{"id":4265,"href":"https:\/\/bruxelles-pantheres.be\/index.php?rest_route=\/wp\/v2\/posts\/4262\/revisions\/4265"}],"wp:featuredmedia":[{"embeddable":true,"href":"https:\/\/bruxelles-pantheres.be\/index.php?rest_route=\/wp\/v2\/media\/3165"}],"wp:attachment":[{"href":"https:\/\/bruxelles-pantheres.be\/index.php?rest_route=%2Fwp%2Fv2%2Fmedia&parent=4262"}],"wp:term":[{"taxonomy":"category","embeddable":true,"href":"https:\/\/bruxelles-pantheres.be\/index.php?rest_route=%2Fwp%2Fv2%2Fcategories&post=4262"},{"taxonomy":"post_tag","embeddable":true,"href":"https:\/\/bruxelles-pantheres.be\/index.php?rest_route=%2Fwp%2Fv2%2Ftags&post=4262"}],"curies":[{"name":"wp","href":"https:\/\/api.w.org\/{rel}","templated":true}]}}