{"id":427,"date":"2013-04-17T04:31:16","date_gmt":"2013-04-17T03:31:16","guid":{"rendered":"https:\/\/bruxelles-pantheres.be\/?p=427"},"modified":"2013-11-10T04:32:18","modified_gmt":"2013-11-10T03:32:18","slug":"tirer-dans-le-tas-de-lavenir-des-musulmans-en-france","status":"publish","type":"post","link":"https:\/\/bruxelles-pantheres.be\/?p=427","title":{"rendered":"Tirer dans le tas ! De l\u2019avenir des musulmans en France"},"content":{"rendered":"<div>\n<div>\n<div>\n<address><strong>Tirer dans le tas\u00a0! De l\u2019avenir des musulmans en France<\/strong><\/address>\n<\/div>\n<p><abbr title=\"2013-04-16T15:13:32Z\">mardi 16 avril 2013<\/abbr>, par Alain Gresh<\/p>\n<\/div>\n<div>\n<div>\n<p>Longtemps, les colonis\u00e9s ont \u00e9t\u00e9 consid\u00e9r\u00e9s comme appartenant \u00e0 une esp\u00e8ce inf\u00e9rieure, dont le statut ne relevait ni de principes universels, ni du droit international. Et que l\u2019on pouvait exploiter, voire exterminer sans remords. Dieu reconna\u00eetrait les siens\u00a0!<!--more--><\/p>\n<p>En 1898, Heinrich von Treischke, un expert en sciences politiques, soutenait ce qui pour nombre de ses contemporains apparaissait comme une banalit\u00e9\u00a0: <i>\u00ab\u00a0Le droit international ne devient que des phrases si l\u2019on veut \u00e9galement en appliquer les principes aux peuples barbares. Pour punir une tribu n\u00e8gre, il faut br\u00fbler ses villages, on n\u2019accomplira rien sans faire d\u2019exemple de la sorte. Si, dans des cas semblables, l\u2019empire allemand appliquait le droit international, ce ne serait pas de l\u2019humanit\u00e9 ou de la justice, mais une faiblesse honteuse.\u00a0\u00bb <\/i> La balle dum-dum fut invent\u00e9e \u00e0 la fin du XIXe\u00a0si\u00e8cle\u00a0; elle causait des blessures particuli\u00e8rement graves. En\u00a01897, la convention internationale de La Haye adopt\u00e9e par les Etats <i>\u00ab\u00a0civilis\u00e9s\u00a0\u00bb<\/i> la bannissait\u00a0; elle fut r\u00e9serv\u00e9e \u00e0 <i>\u00ab\u00a0la chasse au gros gibier et aux guerres coloniales\u00a0\u00bb<\/i> (lire \u00ab\u00a0<a href=\"http:\/\/blog.mondediplo.net\/2006-08-16-La-fin-du-droit-international\">La fin du droit international\u00a0?<\/a>\u00a0\u00bb, 16\u00a0ao\u00fbt 2006). <i>\u00ab\u00a0Exterminez toutes ces brutes\u00a0\u00bb<\/i>, gribouille, durant ses tribulations au c\u0153ur du Congo colonial, le Dr\u00a0Kurz, le personage central de <i>Au coeur des t\u00e9n\u00e8bres<\/i> de Joseph Conrad.<\/p>\n<p>A la m\u00eame \u00e9poque, l\u2019antis\u00e9mitisme, fond\u00e9 sur les m\u00eames th\u00e9ories \u00ab\u00a0scientifiques\u00a0\u00bb de la race, affirmait que les juifs \u00e9taient des sous-humains, th\u00e9ories ouvrant la voie au g\u00e9nocide de la seconde guerre mondiale. Durant ces ann\u00e9es, le gouvernement de Vichy adoptait des lois sans pr\u00e9c\u00e9dent d\u2019exclusion des juifs, d\u2019interdiction de nombre de leurs pratiques religieuses, de d\u00e9ch\u00e9ance de citoyens fran\u00e7ais de leur nationalit\u00e9, tout en contribuant activement \u00e0 l\u2019entreprise g\u00e9nocidaire nazie.<\/p>\n<p>Depuis, il semblait que ces discours et ces mesures d\u2019exclusion ne pouvaient \u00eatre d\u00e9fendus en France, non seulement contre les juifs, mais contre toute minorit\u00e9. Nous avions tort.<\/p>\n<p>Dans un texte intitul\u00e9 \u00ab\u00a0<a href=\"http:\/\/www.bvoltaire.fr\/christinetasin\/que-faire-des-musulmans-une-fois-le-coran-interdit,13185\" rel=\"external\">Que faire des musulmans une fois le Coran interdit\u00a0?<\/a>\u00a0\u00bb, publi\u00e9 par le site Boulevard Voltaire et qui n\u2019a suscit\u00e9 aucune condamnation officielle de tous ceux qui sont si prompts \u00e0 condamner tout acte antis\u00e9mite, Christine Tasin fait \u00ab\u00a0un r\u00eave\u00a0\u00bb \u2014\u00a0merci \u00e0 S\u00e9bastien de m\u2019avoir signal\u00e9 ce texte.<\/p>\n<p><i>\u00ab\u00a0Les musulmans, qu\u2019ils soient Fran\u00e7ais ou pas, auront donc le choix. S\u2019ils veulent rester en France, ils seront dans un pays o\u00f9 dispara\u00eetra toute visibilit\u00e9 de l\u2019islam, le voile, le kami, l\u2019abattage rituel, les boucheries halal, les pr\u00e9noms musulmans, les mosqu\u00e9es\u2026 Les n\u00e9s-musulmans pourront alors librement abdiquer l\u2019islam et devenir apostats ou pratiquer leur culte de fa\u00e7on totalement priv\u00e9e, chez eux, sans en faire \u00e9tat. Si cela ne leur convenait pas, ils auraient le droit de gagner un des cinquante-sept\u00a0pays musulmans de la plan\u00e8te o\u00f9 r\u00e8gne la charia. \u00c0 cela s\u2019ajoutera un moratoire sur l\u2019immigration s\u2019accompagnant de mesures de pr\u00e9f\u00e9rence nationale pour les prestations sociales, afin de supprimer l\u2019appel d\u2019air permanent qu\u2019elles suscitent. Bien s\u00fbr, il faudra ou sortir de l\u2019Union europ\u00e9enne ou la faire exploser puisqu\u2019elle voudra nous emp\u00eacher de faire la loi chez nous, et reconstituer une Europe des nations.<\/i><\/p>\n<p><i>Bien s\u00fbr, il y aura contestations, \u00e9meutes et m\u00eame menaces terroristes. Le pouvoir y mettra fin gr\u00e2ce \u00e0 sa d\u00e9termination sans faille, et, s\u2019il faut sacrifier quelques extr\u00e9mistes pour redonner \u00e0 65 millions d\u2019habitants paix et protection, il faudra faire savoir que l\u2019arm\u00e9e, d\u00e9p\u00each\u00e9e \u00e0 chaque menace, n\u2019h\u00e9sitera pas \u00e0 tirer dans le tas. C\u2019est terrible, mais il n\u2019y aura pas d\u2019autre solution pour calmer le jeu et imposer notre loi.\u00a0\u00bb<\/i><\/p>\n<p>(\u2026)<\/p>\n<p><i>\u00ab\u00a0Bien s\u00fbr enfin, on nous dira qu\u2019il y a trop de citoyens concern\u00e9s. Et qu\u2019on ne peut expulser des gens pr\u00e9sents depuis si longtemps en France, avec la nationalit\u00e9 du pays. \u00c0 ceux-l\u00e0, nous r\u00e9pondrons qu\u2019en\u00a01962, on a fait partir d\u2019Alg\u00e9rie plus de 10\u00a0% de sa population, dont la plus grande partie n\u2019avait plus aucun contact avec la France depuis plusieurs g\u00e9n\u00e9rations. \u00c0 notre connaissance, c\u2019est loin d\u2019\u00eatre le cas de nombreux musulmans qui vont en vacances, tous les ans, \u201cau pays\u201d.\u00a0\u00bb<\/i><\/p>\n<p>Ce texte se passe de commentaires. Pour vous distraire, si l\u2019on peut dire, remplacez le terme musulmans par juifs, roms ou Noirs\u2026 Et vous aurez une id\u00e9e de la France \u00ab\u00a0ethniquement pure\u00a0\u00bb que l\u2019on nous pr\u00e9pare.<\/p>\n<p><a href=\"http:\/\/blog.mondediplo.net\/2013-04-16-Tirer-dans-le-tas-De-l-avenir-des-musulmans-en\">Source<\/a><\/p>\n<\/div>\n<\/div>\n<\/div>\n","protected":false},"excerpt":{"rendered":"<p>Tirer dans le tas\u00a0! De l\u2019avenir des musulmans en France mardi 16 avril 2013, par Alain Gresh Longtemps, les colonis\u00e9s ont \u00e9t\u00e9 consid\u00e9r\u00e9s comme appartenant \u00e0 une esp\u00e8ce inf\u00e9rieure, dont le statut ne relevait ni de principes universels, ni du droit international. Et que l\u2019on pouvait exploiter, voire exterminer sans remords. Dieu reconna\u00eetrait les siens\u00a0!<\/p>\n","protected":false},"author":1,"featured_media":205,"comment_status":"open","ping_status":"open","sticky":false,"template":"","format":"standard","meta":{"footnotes":""},"categories":[36,4,18,28],"tags":[],"class_list":["post-427","post","type-post","status-publish","format-standard","has-post-thumbnail","hentry","category-europe","category-islamophobie","category-resistance-bruxelles","category-racismes"],"_links":{"self":[{"href":"https:\/\/bruxelles-pantheres.be\/index.php?rest_route=\/wp\/v2\/posts\/427","targetHints":{"allow":["GET"]}}],"collection":[{"href":"https:\/\/bruxelles-pantheres.be\/index.php?rest_route=\/wp\/v2\/posts"}],"about":[{"href":"https:\/\/bruxelles-pantheres.be\/index.php?rest_route=\/wp\/v2\/types\/post"}],"author":[{"embeddable":true,"href":"https:\/\/bruxelles-pantheres.be\/index.php?rest_route=\/wp\/v2\/users\/1"}],"replies":[{"embeddable":true,"href":"https:\/\/bruxelles-pantheres.be\/index.php?rest_route=%2Fwp%2Fv2%2Fcomments&post=427"}],"version-history":[{"count":1,"href":"https:\/\/bruxelles-pantheres.be\/index.php?rest_route=\/wp\/v2\/posts\/427\/revisions"}],"predecessor-version":[{"id":428,"href":"https:\/\/bruxelles-pantheres.be\/index.php?rest_route=\/wp\/v2\/posts\/427\/revisions\/428"}],"wp:featuredmedia":[{"embeddable":true,"href":"https:\/\/bruxelles-pantheres.be\/index.php?rest_route=\/wp\/v2\/media\/205"}],"wp:attachment":[{"href":"https:\/\/bruxelles-pantheres.be\/index.php?rest_route=%2Fwp%2Fv2%2Fmedia&parent=427"}],"wp:term":[{"taxonomy":"category","embeddable":true,"href":"https:\/\/bruxelles-pantheres.be\/index.php?rest_route=%2Fwp%2Fv2%2Fcategories&post=427"},{"taxonomy":"post_tag","embeddable":true,"href":"https:\/\/bruxelles-pantheres.be\/index.php?rest_route=%2Fwp%2Fv2%2Ftags&post=427"}],"curies":[{"name":"wp","href":"https:\/\/api.w.org\/{rel}","templated":true}]}}