{"id":4303,"date":"2019-11-10T22:50:42","date_gmt":"2019-11-10T21:50:42","guid":{"rendered":"https:\/\/bruxelles-pantheres.be\/?p=4303"},"modified":"2019-11-10T22:50:42","modified_gmt":"2019-11-10T21:50:42","slug":"commemoration-des-anciens-combattants-de-la-force-publique-du-congo","status":"publish","type":"post","link":"https:\/\/bruxelles-pantheres.be\/?p=4303","title":{"rendered":"Comm\u00e9moration des anciens combattants de la Force Publique du Congo."},"content":{"rendered":"<p>2019 marque les 70 ans du d\u00e9but de la deuxi\u00e8me guerre mondiale mais \u00e9galement les 100 ans du Trait\u00e9 de Versailles.<br \/>\nBakushinta et ses diff\u00e9rents partenaires vous convient le lundi 11 novembre \u00e0 la C\u00e9r\u00e9monie d&rsquo;hommage aux anciens combattants de la Force Publique du Congo qui se tiendra de 14h \u00e0 16h sur le Square Riga<\/p>\n<p>Adresse<br \/>\nCroisement Avenue Huart Hamoir et Eug\u00e8ne Demolder.<br \/>\nTram 55, arr\u00eat Helmet ; tram 93, arr\u00eat Gare de Schaerbeek<\/p>\n<p>Contact<br \/>\nbakushinta@gmail.com<\/p>\n<p><!--more--><\/p>\n<p>Je tiens ici \u00e0 rendre hommage \u00e0 l\u2019association <a href=\"https:\/\/www.facebook.com\/bakushinta\/\">Bakushinta<\/a> et <a href=\"https:\/\/www.facebook.com\/georgineanne.dibuaathapol?eid=ARBVT6d7w61NBPBLxd597_oohMsuih3-NYO0THST77vtsP_YzsY3u-cxcsx2Lel0PiixA9wUfV-nhsKi\">Georgine Anne Dibua Athapol<\/a> en particulier pour le travail hercul\u00e9en depuis de nombreuses ann\u00e9es pour que chaque 11 novembre nous comm\u00e9morions la m\u00e9moire des anciens combattants de la Force Publique du Congo. Gr\u00e2ce \u00e0 Georgine, gr\u00e2ce \u00e0 Bakushinta, gr\u00e2ce aux organisateurs de ces comm\u00e9morations les anciens combattants de la Force Publique ne sont plus des oubli\u00e9s de guerre. En effet, chaque 11 novembre, lors des comm\u00e9morations officielles, les noms et la pr\u00e9sence de ces soldats congolais sont absent\u00e9s, invisibilis\u00e9s, oubli\u00e9s. Ils \u00e9taient des morts qui ne comptaient pas dans la m\u00e9moire nationale belge. Pourtant c\u2019est bien les batailles de Borta\u00ef et de Sa\u00efo et la victoire contre les forces de l\u2019axe en Abyssinie italienne gr\u00e2ce \u00e0 l\u2019effort consid\u00e9rable de la Force publique congolaise qui constitua le tournant de la guerre et la premi\u00e8re victoire des alli\u00e9s en 1941 contre le nazisme. Pourtant, malgr\u00e9 la campagne des soldats congolais au Kenya, au Nig\u00e9ria, en Egypte, en Palestine, en Somalie, \u00e0 Madagascar, en Birmanie, au Sri Lanka, en Inde, malgr\u00e9 que les soldats de la Force Publique seront entra\u00een\u00e9s jusqu\u2019en Syrie et en Irak pour le d\u00e9barquement, la d\u00e9cision fut prise de les renvoyer au Congo.<\/p>\n<p>Pour faire sentir toute la puissance raciste du d\u00e9ni de cette guerre et le \u00ab blanchiment \u00bb de la victoire contre le nazisme en 1945, il faut faire entendre \u00e0 nouveau les mots qu\u2019un soldat noir de la seconde guerre mondiale \u00e9crit \u00e0 sa m\u00e8re le 12 avril 1945, les morts de Frantz Omar Fanon : \u00ab Aujourd\u2019hui, 12 avril. Un an que j\u2019ai laiss\u00e9 Fort-de-France. Pourquoi ? Pour d\u00e9fendre un id\u00e9al obsol\u00e8te. (\u2026) Si je ne retournais pas, si vous appreniez un jour ma mort face \u00e0 l\u2019ennemi, consolez-vous, mais ne dites jamais : il est mort pour la belle cause. Dites : Dieu l\u2019a rappel\u00e9 \u00e0 lui ; car cette fausse id\u00e9ologie, bouclier des la\u00efciens et des politiciens imb\u00e9ciles, ne doit plus nous illuminer. Je me suis tromp\u00e9 \u00bb. L\u2019arm\u00e9e h\u00e9t\u00e9roclite avec laquelle Fanon esp\u00e9raient lib\u00e9rer l\u2019Europe et le monde du fascisme et du racisme \u00e9tait elle-m\u00eame structur\u00e9e autour d\u2019une hi\u00e9rarchie raciale, avec en haut les Europ\u00e9ens blancs et en bas les Africains. Cette d\u00e9sillusion que Fanon venait d\u2019\u00e9prouver a ouvert en lui, comme dans la conscience de biens d\u2019autres colonis\u00e9s qui combattirent alors contre le nazisme, une blessure qui n\u2019\u00e9tait pas pr\u00e8s de gu\u00e9rir. C\u2019est depuis cette blessure que C\u00e9saire quittera le PCF en 1956. On en trouve la trace dans un passage du Discours sur la colonialisme (1951) que Fanon \u00e0 plusieurs fois cit\u00e9, passage o\u00f9 C\u00e9saire \u00e9voque la n\u00e9cessit\u00e9 d\u2019expliquer \u00ab au tr\u00e8s distingu\u00e9, tr\u00e8s humaniste, tr\u00e8s chr\u00e9tien bourgeois du XXe si\u00e8cle \u00bb qu\u2019un Hitler sommeil au fond de lui et que ce qu\u2019il ne peut pas pardonner \u00e0 Hitler n\u2019est pas ses crimes in abstracto, mais \u00ab le crime contre l\u2019homme (blanc), (\u2026) l\u2019humiliation de l\u2019homme blanc, et d\u2019avoir appliqu\u00e9 \u00e0 l\u2019Europe des proc\u00e9d\u00e9s colonialistes dont ne relevaient jusqu\u2019ici que les Arabes d\u2019Alg\u00e9rie, les coolies de l\u2019Inde et les N\u00e8gres d\u2019Afrique \u00bb.<\/p>\n<p><a href=\"https:\/\/bruxelles-pantheres.be\/wp-content\/uploads\/2019\/11\/10448610_650582918349579_7272058312766662784_o.jpg\"><img decoding=\"async\" class=\"alignnone size-full wp-image-4304\" src=\"https:\/\/bruxelles-pantheres.be\/wp-content\/uploads\/2019\/11\/10448610_650582918349579_7272058312766662784_o.jpg\" alt=\"\" width=\"1085\" height=\"729\" srcset=\"https:\/\/bruxelles-pantheres.be\/wp-content\/uploads\/2019\/11\/10448610_650582918349579_7272058312766662784_o.jpg 1085w, https:\/\/bruxelles-pantheres.be\/wp-content\/uploads\/2019\/11\/10448610_650582918349579_7272058312766662784_o-300x202.jpg 300w, https:\/\/bruxelles-pantheres.be\/wp-content\/uploads\/2019\/11\/10448610_650582918349579_7272058312766662784_o-1024x688.jpg 1024w, https:\/\/bruxelles-pantheres.be\/wp-content\/uploads\/2019\/11\/10448610_650582918349579_7272058312766662784_o-768x516.jpg 768w\" sizes=\"(max-width: 1085px) 100vw, 1085px\" \/><\/a><\/p>\n<p>Comm\u00e9morer en 2019 l\u2019effort de guerre r\u00e9alis\u00e9 par la Force Publique Congolaise durant la seconde guerre mondiale dans une \u00e9poque marqu\u00e9e par la persistance de la n\u00e9grophobie, de l\u2019islamophobie et de l\u2019antis\u00e9mitisme c\u2019est rendre compte des cons\u00e9quences actuelles d\u2019une Europe blanche et coloniale qui ne put accepter d\u2019\u00eatre lib\u00e9r\u00e9e du fascisme par des soldats noirs, qui en oublia les noms. C\u2019est se souvenir, \u00e0 travers eux, que si la dette de la Belgique \u00e0 l\u2019issue de la Seconde Guerre Mondiale a \u00e9t\u00e9 annul\u00e9e par les am\u00e9ricains s\u2019est \u00e0 cause de l\u2019uranium des mines de Shinkolobwe (Katanga) qui extermina les populations d\u2019Hiroshima et Nagasaki, se souvenir que la dette publique post-coloniale qui fut creus\u00e9e par les belges le fut pour ne jamais avoir \u00e0 rendre l\u2019ensemble du portefeuille de la Colonie du Congo Belge au Congo ind\u00e9pendant (c\u2019est-\u00e0-dire les actifs qui montait \u00e0 pr\u00e8s de 93 milliards de francs).<\/p>\n<p><strong>Soyons nombreuses et nombreux demain \u00e0 nous rendre \u00e0 14H au Square Riga \u00e0 Schaerbeek pour comm\u00e9morer l\u2019effort de la Force Publique Congolaise.<\/strong><\/p>\n<p><a href=\"https:\/\/www.facebook.com\/jimmy.picard.180\">Martin Vander Elst<\/a><\/p>\n<p><a href=\"https:\/\/bruxelles-pantheres.be\/wp-content\/uploads\/2019\/11\/e274233730.jpg\"><img decoding=\"async\" class=\"alignnone size-full wp-image-4305\" src=\"https:\/\/bruxelles-pantheres.be\/wp-content\/uploads\/2019\/11\/e274233730.jpg\" alt=\"\" width=\"720\" height=\"407\" srcset=\"https:\/\/bruxelles-pantheres.be\/wp-content\/uploads\/2019\/11\/e274233730.jpg 720w, https:\/\/bruxelles-pantheres.be\/wp-content\/uploads\/2019\/11\/e274233730-300x170.jpg 300w\" sizes=\"(max-width: 720px) 100vw, 720px\" \/><\/a><\/p>\n<p style=\"text-align: center;\"><strong>Les H\u00e9ros naissent l\u00e0 o\u00f9 ils ne sont pas oubli\u00e9s<\/strong><\/p>\n<div id=\"author\" class=\"eventpage__author mv3\">\n<hr \/>\n<p>NOS H\u00c9ROS, NOS ETOILES<\/p><\/div>\n<div class=\"eventpage__description mv3\">\n<div class=\"description\">\n<p>LES SOLDATS DE LA <strong>FORCE PUBLIQUE DU CONGO<\/strong><br \/>\nLes h\u00e9ros naissent l\u00e0 o\u00f9 ils ne sont pas oubli\u00e9s, l\u00e0 o\u00f9 ils sont c\u00e9l\u00e9br\u00e9s<br \/>\nHONNEUR AUX BRAVES<\/p>\n<p>Transmettre notre histoire, notre m\u00e9moire aux nouvelles g\u00e9n\u00e9rations en vue de mieux comprendre notre histoire contemporaine. Donner des mod\u00e8les, des motifs de fiert\u00e9 \u00e0 nos jeunes issus de l&rsquo;immigration afin de faciliter l&rsquo;inclusion de tous dans notre soci\u00e9t\u00e9 belge, europ\u00e9enne et mondiale.<br \/>\nC&rsquo;est dans ce cadre qu&rsquo;en ces ann\u00e9es des comm\u00e9morations du centenaire de la premi\u00e8re guerre mondiale et particuli\u00e8rement en cette ann\u00e9e du centi\u00e8me anniversaire de la prise de Tabora par la <strong>Force Publique du Congo<\/strong>, nous vous convions \u00e0 la comm\u00e9moration que nous organisons le 11 novembre 2016 \u00e0 14h.<br \/>\nTabora, capitale de guerre de l&rsquo;Afrique orientale allemande<br \/>\nVous avez \u00e9t\u00e9 toujours plus nombreux durant toutes ces ann\u00e9es \u00e0 venir honorer de votre pr\u00e9sence cet hommage rendu \u00e0 ces vaillants soldats de la <strong>Force Publique<\/strong>.<br \/>\nCette ann\u00e9e encore, nous vous attendons devant le monument d\u00e9di\u00e9 aux campagnes d&rsquo;Afrique de la <strong>Force Publique sise Square Riga dans la commune de Schaerbeek<\/strong>.<br \/>\nAdresse: croisement des avenues Huart Hamoir et Eug\u00e8ne Demolder<\/p>\n<p>Tram 55, arr\u00eat Helmet<br \/>\nTram 92: arr\u00eat Gare de Schaerbeek<br \/>\nBus 59: arr\u00eat Huart Hamoir<\/p>\n<p><ins class=\"adsbygoogle\" data-ad-layout=\"in-article\" data-ad-format=\"fluid\" data-ad-client=\"ca-pub-3591902261116216\" data-ad-slot=\"9921181384\" data-adsbygoogle-status=\"done\"><\/ins><ins id=\"aswift_0_expand\"><\/ins><ins id=\"aswift_0_anchor\"><iframe id=\"aswift_0\" name=\"aswift_0\" width=\"676\" height=\"169\" frameborder=\"0\" marginwidth=\"0\" marginheight=\"0\" scrolling=\"no\" allowfullscreen=\"allowfullscreen\" data-mce-fragment=\"1\"><\/iframe><\/ins><\/p>\n<p>Contact:0476902675<br \/>\nTout soutien \u00e0 l&rsquo;organisation peut \u00eatre vers\u00e9 sur le<br \/>\nCompte: BE15 0004 3392 2830 au nom de BAKUSHINTA<br \/>\nmention\u00a0\u00bbForce Publique\u00a0\u00bb<\/p>\n<p>N\u2019h\u00e9sitez pas \u00e0 partager cette publication sur vos r\u00e9seaux sociaux.<\/p>\n<\/div>\n<\/div>\n","protected":false},"excerpt":{"rendered":"<p>2019 marque les 70 ans du d\u00e9but de la deuxi\u00e8me guerre mondiale mais \u00e9galement les 100 ans du Trait\u00e9 de Versailles. Bakushinta et ses diff\u00e9rents partenaires vous convient le lundi 11 novembre \u00e0 la C\u00e9r\u00e9monie d&rsquo;hommage aux anciens combattants de la Force Publique du Congo qui se tiendra de 14h \u00e0 16h sur le Square &#8230; <a title=\"Comm\u00e9moration des anciens combattants de la Force Publique du Congo.\" class=\"read-more\" href=\"https:\/\/bruxelles-pantheres.be\/?p=4303\" aria-label=\"En savoir plus sur Comm\u00e9moration des anciens combattants de la Force Publique du Congo.\">Lire la suite<\/a><\/p>\n","protected":false},"author":1,"featured_media":4305,"comment_status":"open","ping_status":"open","sticky":false,"template":"","format":"standard","meta":{"footnotes":""},"categories":[1,21,36,7,18,28],"tags":[80,306],"class_list":["post-4303","post","type-post","status-publish","format-standard","has-post-thumbnail","hentry","category-non-classe","category-anti-imperialisme","category-europe","category-negrophobie","category-resistance-bruxelles","category-racismes","tag-congo","tag-martin-vander-elst"],"_links":{"self":[{"href":"https:\/\/bruxelles-pantheres.be\/index.php?rest_route=\/wp\/v2\/posts\/4303","targetHints":{"allow":["GET"]}}],"collection":[{"href":"https:\/\/bruxelles-pantheres.be\/index.php?rest_route=\/wp\/v2\/posts"}],"about":[{"href":"https:\/\/bruxelles-pantheres.be\/index.php?rest_route=\/wp\/v2\/types\/post"}],"author":[{"embeddable":true,"href":"https:\/\/bruxelles-pantheres.be\/index.php?rest_route=\/wp\/v2\/users\/1"}],"replies":[{"embeddable":true,"href":"https:\/\/bruxelles-pantheres.be\/index.php?rest_route=%2Fwp%2Fv2%2Fcomments&post=4303"}],"version-history":[{"count":1,"href":"https:\/\/bruxelles-pantheres.be\/index.php?rest_route=\/wp\/v2\/posts\/4303\/revisions"}],"predecessor-version":[{"id":4306,"href":"https:\/\/bruxelles-pantheres.be\/index.php?rest_route=\/wp\/v2\/posts\/4303\/revisions\/4306"}],"wp:featuredmedia":[{"embeddable":true,"href":"https:\/\/bruxelles-pantheres.be\/index.php?rest_route=\/wp\/v2\/media\/4305"}],"wp:attachment":[{"href":"https:\/\/bruxelles-pantheres.be\/index.php?rest_route=%2Fwp%2Fv2%2Fmedia&parent=4303"}],"wp:term":[{"taxonomy":"category","embeddable":true,"href":"https:\/\/bruxelles-pantheres.be\/index.php?rest_route=%2Fwp%2Fv2%2Fcategories&post=4303"},{"taxonomy":"post_tag","embeddable":true,"href":"https:\/\/bruxelles-pantheres.be\/index.php?rest_route=%2Fwp%2Fv2%2Ftags&post=4303"}],"curies":[{"name":"wp","href":"https:\/\/api.w.org\/{rel}","templated":true}]}}