{"id":4307,"date":"2019-11-11T15:26:15","date_gmt":"2019-11-11T14:26:15","guid":{"rendered":"https:\/\/bruxelles-pantheres.be\/?p=4307"},"modified":"2019-11-11T15:26:15","modified_gmt":"2019-11-11T14:26:15","slug":"soutien-au-mouvement-des-demandeurs-dasile-palestiniens","status":"publish","type":"post","link":"https:\/\/bruxelles-pantheres.be\/?p=4307","title":{"rendered":"Soutien au mouvement des demandeurs d&rsquo;asile palestiniens"},"content":{"rendered":"<h4><strong>Le <em>\u00ab\u00a0Mouvement des demandeurs d&rsquo;asile palestiniens\u00a0\u00bb<\/em> organise une manifestation ce mardi 12 novembre de 13h \u00e0 15h devant le CGRA (40 place Victor Horta 1060 Saint-Gilles)<\/strong><\/h4>\n<p>Voici leurs demandes:<!--more--><\/p>\n<p><a href=\"https:\/\/bruxelles-pantheres.be\/wp-content\/uploads\/2019\/11\/4-7.jpg\"><img decoding=\"async\" class=\"alignnone size-full wp-image-4308\" src=\"https:\/\/bruxelles-pantheres.be\/wp-content\/uploads\/2019\/11\/4-7.jpg\" alt=\"\" width=\"842\" height=\"590\" srcset=\"https:\/\/bruxelles-pantheres.be\/wp-content\/uploads\/2019\/11\/4-7.jpg 842w, https:\/\/bruxelles-pantheres.be\/wp-content\/uploads\/2019\/11\/4-7-300x210.jpg 300w, https:\/\/bruxelles-pantheres.be\/wp-content\/uploads\/2019\/11\/4-7-768x538.jpg 768w\" sizes=\"(max-width: 842px) 100vw, 842px\" \/><\/a><\/p>\n<table id=\"m_-554554599616976096story1\" border=\"0\">\n<tbody>\n<tr>\n<td><em><strong>\u00ab\u00a0Nous, demandeurs d&rsquo;asile palestiniens demandons l\u2019obtention de la protection internationale et un meilleur traitement de nos dossiers.<\/p>\n<p>Nous nous opposons aux raisons de refus donn\u00e9es car elles sont injustes et non r\u00e9alistes\u00a0: le fait que nous soyons sous la responsabilit\u00e9 de l&rsquo;UNRWA, le fait que la situation en Palestine est stable et s\u00e9curis\u00e9e, la r\u00e9ouverture de Rafah,&#8230;<\/p>\n<p>La R\u00e9solution 194 de l&rsquo;Assembl\u00e9e G\u00e9n\u00e9rale des Nations Unies stipule le droit de retour des Palestiniens \u00e0 leurs terres occup\u00e9es par Isra\u00ebl. Nous sommes donc ici en tant que r\u00e9fugi\u00e9s sans pays, que ce soit en exil ou vivant sous l&rsquo;occupation brutale.<\/p>\n<p>Nous demandons que la Belgique respecte les lois internationales et conventions qu&rsquo;elle a sign\u00e9es et respecte notre droit de recevoir la protection internationale sans nous punir\u00a0 avec des prolongations de proc\u00e9dures et des refus injustes de nos demandes d&rsquo;asile\u00a0\u00bb<\/p>\n<p>Voici la liste des associations qui nous soutiennent :<\/strong><\/p>\n<p>-Plate-forme Charleroi-Palestine<br \/>\n-Amiti\u00e9 sans fronti\u00e8res<br \/>\n-Bruxelles Panth\u00e8res<br \/>\n-Palestina Solidariteit<br \/>\n-Belgian Committee for Palestinian Prisonners<br \/>\n-Association Belgo-Palestinienne<br \/>\n-Actrices et Acteurs des Temps Pr\u00e9sents<br \/>\n-Mouvement citoyen Palestine<br \/>\n-Intal<\/p>\n<p><strong>Voici le lien vers la page Facebook:<\/p>\n<p><a href=\"https:\/\/www.facebook.com\/Pale.2018\/?ref=bookmarks\" target=\"_blank\" rel=\"noopener noreferrer\" data-saferedirecturl=\"https:\/\/www.google.com\/url?q=https:\/\/www.facebook.com\/Pale.2018\/?ref%3Dbookmarks&amp;source=gmail&amp;ust=1573568251551000&amp;usg=AFQjCNH-fG9lRqfVFvRb9IWofbJDLVK-VA\">https:\/\/www.facebook.com\/Pale.<wbr><\/wbr>2018\/?ref=bookmarks<\/a><\/p>\n<p>Voici le lien vers l&rsquo;\u00e9v\u00e8nement <a href=\"https:\/\/www.facebook.com\/events\/1402004423288107\/\" target=\"_blank\" rel=\"noopener noreferrer\" data-saferedirecturl=\"https:\/\/www.google.com\/url?q=https:\/\/www.facebook.com\/events\/1402004423288107\/&amp;source=gmail&amp;ust=1573568251551000&amp;usg=AFQjCNEW5z7U9nItIVfEItQ5m7FmpyIffw\">Facebook:https:\/\/www.facebook.<wbr><\/wbr>com\/events\/1402004423288107\/<\/a><\/strong><\/em><\/td>\n<\/tr>\n<\/tbody>\n<\/table>\n<table id=\"m_-554554599616976096story2\" border=\"0\">\n<tbody>\n<tr>\n<td>\n<div dir=\"auto\">\n<div dir=\"auto\">The \u00ab\u00a0Palestinian refugees movement \u00a0\u00bb has organised a d\u00e9monstration that will take place this tuesday 12th november from 1PM to 3 PM in front of the CGRA 40 place Victor Horta 1060 Saint-Gilles<\/div>\n<div dir=\"auto\"><\/div>\n<div dir=\"auto\">Here are their demands\u00a0 :<\/div>\n<div dir=\"auto\"><\/div>\n<div dir=\"auto\">\u00a0\u00bb We Palestinian asylum seekers are asking for international protection and better treatment of our files.<\/div>\n<p>We are opposed to the reasons of refusals because it is unfair and unrealistic: the fact that we are under the responsibility of UNRWA, the fact that the situation in Palestine is stable and secure, the reopening of Rafah, &#8230;<br \/>\nResolution 194 of the United Nations General Assembly stipulates the right of return for Palestinians to their lands occupied by Israel. So we are here as refugees without a country, whether we are in exile or living under brutal occupation<br \/>\nWe demand that Belgium respects the international laws and conventions it has signed and to respects our right to receive international protection without punishing Palestinians with prolonged proceedings and unfair refusals for asylum<br \/>\nYour silence is a disgrace on humanity, you have to support refugees and give positive response to Palestinian asylum seekers.<\/p><\/div>\n<div dir=\"auto\"><\/div>\n<div dir=\"auto\">Here is our Facebook page<\/div>\n<div dir=\"auto\">\n<div dir=\"auto\">\n<p><a href=\"https:\/\/www.facebook.com\/Pale.2018\/?ref=bookmarks\" target=\"_blank\" rel=\"noopener noreferrer\" data-saferedirecturl=\"https:\/\/www.google.com\/url?q=https:\/\/www.facebook.com\/Pale.2018\/?ref%3Dbookmarks&amp;source=gmail&amp;ust=1573568251801000&amp;usg=AFQjCNHw6mGhJLAKmDm3j6T49oh9u587vw\">https:\/\/www.facebook.com\/Pale.<wbr><\/wbr>2018\/?ref=bookmarks<\/a><\/p>\n<p>Here is the Facebook link of our event\u00a0 \u00a0:<\/p>\n<\/div>\n<div dir=\"auto\"><a href=\"https:\/\/www.facebook.com\/events\/1402004423288107\/\" target=\"_blank\" rel=\"noopener noreferrer\" data-saferedirecturl=\"https:\/\/www.google.com\/url?q=https:\/\/www.facebook.com\/events\/1402004423288107\/&amp;source=gmail&amp;ust=1573568251801000&amp;usg=AFQjCNEE15MhSYFnnY7bmUztVHWQMAeY7w\">https:\/\/www.facebook.com\/<wbr><\/wbr>events\/1402004423288107\/<\/a><\/div>\n<\/div>\n<p><img decoding=\"async\" class=\"CToWUd a6T aligncenter\" tabindex=\"0\" src=\"https:\/\/ci6.googleusercontent.com\/proxy\/GoxA0SSkq2SmXuXHnEU72csbP-Hm1PSttimhOnmW7xlj7CeZso6jAFe3Yqmy2-62JnXWTZr-A8-q7kR5W1jrhf1_EgbCov6nX2RJXL0q6s_0R-GfUYB-HaHAfzaajW911g6ppU34jqD_mA0=s0-d-e1-ft#http:\/\/www.francoweb.net\/pal_acymailing\/media\/com_acymailing\/upload\/calicot_2__copy_.jpg\" alt=\"\" width=\"410\" height=\"308\" \/><\/td>\n<\/tr>\n<\/tbody>\n<\/table>\n<p>En Belgique, les demandes d\u2019asile \u00e9manant de personnes originaires de la bande de <strong>Gaza<\/strong> \u00e9taient par le pass\u00e9 presque syst\u00e9matiquement accept\u00e9es, mais ce n\u2019est plus le cas depuis le 5 d\u00e9cembre 1918. En effet, le <strong>Commissariat g\u00e9n\u00e9ral aux r\u00e9fugi\u00e9s et aux apatrides (CGRA)<\/strong> a annonc\u00e9 changer de politique\u00a0: <a href=\"https:\/\/www.cgra.be\/fr\/actualite\/changement-de-politique-concernant-les-demandes-dasile-de-palestiniens-de-gaza\" target=\"_blank\" rel=\"noopener noreferrer\" data-saferedirecturl=\"https:\/\/www.google.com\/url?q=https:\/\/www.cgra.be\/fr\/actualite\/changement-de-politique-concernant-les-demandes-dasile-de-palestiniens-de-gaza&amp;source=gmail&amp;ust=1573568251551000&amp;usg=AFQjCNHsSm5F8T7-Y-EdR77yiUlpd0a44A\">il examinera dor\u00e9navant les dossiers des r\u00e9fugi\u00e9s gazaouis au cas par cas.<\/a><\/p>\n<p>Soutenons la r\u00e9sistance des jeunes <strong>Palestiniens<\/strong> \u00e0 cette restriction de leur droit d&rsquo;asile. Ils ne sont pas sortis de la souffrance pour souffrir encore !<\/p>\n","protected":false},"excerpt":{"rendered":"<p>Le \u00ab\u00a0Mouvement des demandeurs d&rsquo;asile palestiniens\u00a0\u00bb organise une manifestation ce mardi 12 novembre de 13h \u00e0 15h devant le CGRA (40 place Victor Horta 1060 Saint-Gilles) Voici leurs demandes:<\/p>\n","protected":false},"author":1,"featured_media":1755,"comment_status":"open","ping_status":"open","sticky":false,"template":"","format":"standard","meta":{"footnotes":""},"categories":[21,8,18,28,39],"tags":[31,186],"class_list":["post-4307","post","type-post","status-publish","format-standard","has-post-thumbnail","hentry","category-anti-imperialisme","category-prisons","category-resistance-bruxelles","category-racismes","category-sans-papier","tag-belgique","tag-palestine"],"_links":{"self":[{"href":"https:\/\/bruxelles-pantheres.be\/index.php?rest_route=\/wp\/v2\/posts\/4307","targetHints":{"allow":["GET"]}}],"collection":[{"href":"https:\/\/bruxelles-pantheres.be\/index.php?rest_route=\/wp\/v2\/posts"}],"about":[{"href":"https:\/\/bruxelles-pantheres.be\/index.php?rest_route=\/wp\/v2\/types\/post"}],"author":[{"embeddable":true,"href":"https:\/\/bruxelles-pantheres.be\/index.php?rest_route=\/wp\/v2\/users\/1"}],"replies":[{"embeddable":true,"href":"https:\/\/bruxelles-pantheres.be\/index.php?rest_route=%2Fwp%2Fv2%2Fcomments&post=4307"}],"version-history":[{"count":1,"href":"https:\/\/bruxelles-pantheres.be\/index.php?rest_route=\/wp\/v2\/posts\/4307\/revisions"}],"predecessor-version":[{"id":4309,"href":"https:\/\/bruxelles-pantheres.be\/index.php?rest_route=\/wp\/v2\/posts\/4307\/revisions\/4309"}],"wp:featuredmedia":[{"embeddable":true,"href":"https:\/\/bruxelles-pantheres.be\/index.php?rest_route=\/wp\/v2\/media\/1755"}],"wp:attachment":[{"href":"https:\/\/bruxelles-pantheres.be\/index.php?rest_route=%2Fwp%2Fv2%2Fmedia&parent=4307"}],"wp:term":[{"taxonomy":"category","embeddable":true,"href":"https:\/\/bruxelles-pantheres.be\/index.php?rest_route=%2Fwp%2Fv2%2Fcategories&post=4307"},{"taxonomy":"post_tag","embeddable":true,"href":"https:\/\/bruxelles-pantheres.be\/index.php?rest_route=%2Fwp%2Fv2%2Ftags&post=4307"}],"curies":[{"name":"wp","href":"https:\/\/api.w.org\/{rel}","templated":true}]}}