{"id":431,"date":"2013-04-18T04:35:06","date_gmt":"2013-04-18T03:35:06","guid":{"rendered":"https:\/\/bruxelles-pantheres.be\/?p=431"},"modified":"2013-11-10T04:36:43","modified_gmt":"2013-11-10T03:36:43","slug":"palestinian-prisoners-day-brussels","status":"publish","type":"post","link":"https:\/\/bruxelles-pantheres.be\/?p=431","title":{"rendered":"Palestinian Prisoners Day (Brussels)"},"content":{"rendered":"<header><\/header>\n<div>\n<h5 data-ft=\"{&quot;type&quot;:1,&quot;tn&quot;:&quot;K&quot;}\">COMMUNIQUE D\u2019ADDAMEER POUR LA JOURNEE DES PRISONNIERS PALESTINIENS : <a href=\"https:\/\/www.facebook.com\/AddameerAssociation?fref=ts\" target=\"_blank\" rel=\"nofollow\">https:\/\/www.facebook.com\/AddameerAssociation?fref=ts<\/a><br \/>\n(traduction fran\u00e7aise. Texte original en anglais en comm).<\/h5>\n<p>En l\u2019honneur de la Journ\u00e9e des prisonniers Palestiniens, Addameer confirme qu\u2019il est d\u00e9sormais temps de tenir l\u2019occupation responsible de ses crimes \u00e0 l\u2019encontre des prisonniers et d\u00e9tenus, et lance une campagne internationale contre la detention administrative.<!--more--><\/p>\n<p>Ramallah occup\u00e9, 17 avril 2013 \u2013 En cette journ\u00e9e des prisonniers Palestiniens, Addameer r\u00e9affirme son engagement pour la lib\u00e9ration des prisonniers et d\u00e9tenus Palestiniens dans les prisons de l\u2019occupation. Addameer r\u00e9affirme que la cause des prisonniers est la cause du peuple Palestinien dans son ensemble. Leur lutte est centrale \u00e0 la lib\u00e9ration de la terre Palestinienne et au retour se son peuple. Elle repr\u00e9sente la ligne de front de la paix et la justice.<br \/>\nDepuis l\u2019occupation de la Cisjordanie et de Gaza en 1967, il y a eu plus de 750 000 arrestations de Palestinien-ne-s, un chiffre qui repr\u00e9sente 20% de la population Palestinienne des territoires occup\u00e9s (incluant les territoires de 1948, Gaza et la Cisjordanie), 40% de la population masculine et 10 000 femmes.<\/p>\n<p>Depuis l\u2019\u00e9ruption de la Seconde Intifada en septembre 2000, les forces d\u2019occupation ont arr\u00eat\u00e9 78 000 Palestinien-ne-s, dont 950 femmes, plus de 9 000 enfants et plus de 50 ministres et membres du Conseil L\u00e9gislatif Palestinien (CLP). Depuis 1967, les forces d\u2019occupation ont pris plus de 50 000 ordres de d\u00e9tention administrative (\u00e0 la fois de nouveaux ordres et des renouvellements), dont 23 000 apr\u00e8s septembre 2000.<\/p>\n<p>D\u2019apr\u00e8s les nouvelles donn\u00e9es sorties en avril 2013, les forces d\u2019occupation d\u00e9tiennent actuellement 4 900 Palestinien-ne-s, dont 14 femmes, 236 enfants et 168 d\u00e9tenus administratifs, incluant 8 membres du CLP. Ces chiffres incluent 183 J\u00e9rusal\u00e9mites, 190 Palestinien-ne-s des territoires de 1948 et 433 de la Bande de Gaza. Environ 530 d\u2019entre eux sont condamn\u00e9s \u00e0 des peines \u00e0 perp\u00e9tuit\u00e9, et plus de 77 croupissent pour plus de 20 ans derri\u00e8res les barreaux. 25 de ces prisonniers ont pass\u00e9 plus de 25 ans de prison et 105 ont \u00e9t\u00e9 arr\u00eat\u00e9 avant les accords d\u2019Oslo en septembre 1993.<\/p>\n<p>204 Palestiniens sont morts en martyres dans les prisons de l\u2019Occupation, soit en cons\u00e9quence de la torture, soit de par une n\u00e9gligence m\u00e9dicale d\u00e9lib\u00e9r\u00e9e, meurtre ou passages \u00e0 tabac excessifs. Depuis le 1er janvier 2011, cinq prisonniers sont morts en martyres dans les prisons isra\u00e9liennes. Le 1er janvier 2011 co\u00efncide avec la signature d\u2019un accord entre le Comit\u00e9 internationale de la Croix rouge (CICR) et le service carc\u00e9rale isra\u00e9lien (SCI) pour r\u00e9duire les services m\u00e9dicaux fournis par le CICR aux prisonniers malades ainsi que pour diminuer les contributions financi\u00e8res du CICR aux services m\u00e9dicaux, et ainsi permettre au SCI de se soustraire \u00e0 son mandat pour fournir des traitements aux prisonniers et d\u00e9tenus sous sa garde.<br \/>\nLes donn\u00e9es des organisations qui travaillent sur la question des prisonniers Palestiniens indiquent que plus de 1000 prisonniers et d\u00e9tenus souffrent de maladies diverses. Parmi eux, 16 prisonniers r\u00e9sident dans la clinique carc\u00e9rale de Ramleh de fa\u00e7on permanente. 85 prisonniers souffrent actuellement d\u2019une vari\u00e9t\u00e9 d\u2019 handicaps, 170 prisonniers ont besoin de chirurgie d\u2019urgence, et 25 prisonniers souffrent de cancer.<\/p>\n<p>Aujourd\u2019hui, la lutte continue alors que 4 prisonniers Palestiniens en gr\u00e8ve de la faim assument les risques m\u00e9dicaux croissants qui mettent leur vie en danger. Sp\u00e9cialement en danger, il s\u2019agit du d\u00e9tenu Samer Issawi, qui est en gr\u00e8ve de la faim partielle depuis plus de 262 jours, en protestation contre sa re-arrestation en vertu de l\u2019article 186 de l\u2019ordre militaire 1651. Se joignant \u00e0 lui, Ayman Abu Daoud a annonc\u00e9 sa gr\u00e8ve de la faim le 14 avril 2013 ; il a \u00e9t\u00e9 re-arr\u00eat\u00e9 apr\u00e8s avoir gagn\u00e9 sa libert\u00e9 dans le dernier \u00e9change de prisonniers. Continuant sa gr\u00e8ve de la faim, Younis Huroub proteste contre la politique de d\u00e9tention administrative de l\u2019occupation, ainsi que le d\u00e9tenu Samer Al-Barq qui a commenc\u00e9 sa troisi\u00e8me gr\u00e8ve de la faim pour protester contre sa d\u00e9tention administrative continue. Toute leur vie sont en grand danger.<\/p>\n<p>Ces faits nous am\u00e8nent \u00e0 conclure que les politiques de d\u00e9tention de l\u2019occupation \u2013 sp\u00e9cialement la d\u00e9tention administrative \u2013 repr\u00e9sentent l\u2019une des nombreuses formes de punition collective continue et syst\u00e9matique pratiqu\u00e9e par l\u2019occupation, ainsi que quelques unes des plus grandes violations de la Quatri\u00e8me Convention de Gen\u00e8ve. Ces violations constituent des crimes de guerre et des crimes contre l\u2019humanit\u00e9 conform\u00e9ment au statut de Rome, qui a fond\u00e9 la Cour p\u00e9nale internationale.<\/p>\n<p>L\u2019emprisonnement est une des nombreuses politiques de l\u2019occupation qui vise au nettoyage ethnique des Palestiniens, la suppression de leur identit\u00e9 culturelle et la violation de leurs droits politiques, tout \u00e7a dans le but principal d\u2019effacer les Palestiniens de l\u2019histoire une fois pour toute.<\/p>\n<p>Addameer croit que le compromis politique r\u00e9sultant des accords d\u2019Oslo en 1993, plut\u00f4t que de mettre fin \u00e0 l\u2019occupation, renforce plus l\u2019occupation, qui dirige maintenant la Cisjordanie en vertu de 1700 ordres militaires qui contr\u00f4lent chaque facette de la vie palestinienne. Les accords d\u2019Oslo assurent que les Palestiniens ne vivent qu\u2019en vertu d\u2019une forme d\u2019autonomie tr\u00e8s limit\u00e9e, et a \u00e9chou\u00e9 \u00e0 assurer la lib\u00e9ration des prisonniers palestiniens des prisons de l\u2019occupation. Plus important, les accords d\u2019Oslo ont abandonn\u00e9 le droit Palestinien \u00e0 tenir l\u2019 \u00c9tat occupant responsables des crimes qu\u2019il a commis.<\/p>\n<p>Addameer pense qu\u2019il est d\u00e9sormais temps de changer de route, mettant fin \u00e0 cette p\u00e9riode d\u2019assentiment et de soumission. Il est temps d\u2019arr\u00eater d\u2019utiliser la question des prisonniers comme une motivation de retour \u00e0 la table des n\u00e9gociations, de laisser au pass\u00e9 la fourniture d\u2019aide humanitaire l\u00e9gale aux prisonniers et d\u00e9tenus, et de se concentrer sur le droit des prisonniers \u00e0 \u00eatre lib\u00e9r\u00e9s imm\u00e9diatement. Il est temps de tenir l\u2019occupation responsable devant la Cour P\u00e9nale Internationale et dans les Pays qui respectent la juridiction du droit international. Ces efforts devraient \u00eatre faits en conjonction avec un travail s\u00e9rieux de Boycott, D\u00e9sinvestissement et Sanctions contre l\u2019 \u00c9tat occupant. Pour finir, le temps d\u2019un boycott des tribunaux d\u2019occupation militaires est venu, sp\u00e9cialement les s\u00e9ances de d\u00e9tention administrative.<\/p>\n<p>Addameer en appelle aux organisations juridiques Palestiniennes et de droits humains \u00e0 :<br \/>\n\u2022 Boycotter les tribunaux militaires, sp\u00e9cialement les s\u00e9ances de d\u00e9tention administrative.<br \/>\n\u2022 Intensifier les efforts joints pour porter des actions internationales l\u00e9gales contre l\u2019Etat d\u2019occupation, utilisant les m\u00e9canismes fournit par les Nations Unies et les commissions de droits humains.<br \/>\n\u2022 Am\u00e9liorer les efforts joints pour exposer les crimes des forces sp\u00e9ciales isra\u00e9liennes aux sessions du Conseil des droits de l\u2019Homme des Nations-Unis et des comit\u00e9s d\u2019examen p\u00e9riodique universel.<br \/>\n\u2022 Engager un plaidoyer et des efforts s\u00e9rieux pour boycotter et d\u00e9sinvestir de l\u2019Etat occupant, \u00e0 la fois \u00e0 l\u2019int\u00e9rieur de la Palestine et internationalement.<br \/>\n\u2022 \u00c9tablir une base de donn\u00e9e \u00e9lectronique avec des images, vid\u00e9os et mat\u00e9riaux \u00e9crits soulignant les t\u00e9moignages des victimes de torture parmi les prisonniers et d\u00e9tenus Palestiniens.<\/p>\n<p>Addameer fait les recommandations suivantes aux organisations internationales :<br \/>\n\u2022 Addameer en appelle au secr\u00e9taire g\u00e9n\u00e9ral des Nations-Unis \u00e0 ce qu\u2019il travaille s\u00e9rieusement \u00e0 forcer l\u2019Etat occupant \u00e0 respecter ses engagements bas\u00e9s sur son appartenance aux Nations Unis et son adh\u00e9sion \u00e0 la Quatri\u00e8me Convention de Gen\u00e8ve, ainsi que sa ratification des conventions des droits humains. Addameer en appelle \u00e0 Ban Ki Moon \u00e0 ce qu\u2019il assure l\u2019application de ces accords en territoire Palestinien occup\u00e9, particuli\u00e8rement sur les cas des prisonniers et d\u00e9tenus Palestiniens. Addameer en appelle \u00e9galement \u00e0 Ban Ki Moon \u00e0 ce qu\u2019il travaille s\u00e9rieusement pour la lib\u00e9ration de tous les d\u00e9tenus administratifs, enfants, prisonniers malades et membres du Conseil L\u00e9gislatif Palestiniens actuellement en d\u00e9tention isra\u00e9lienne.<br \/>\n\u2022 Addameer en appelle \u00e0 la Commission des droits humains des Nations-Unies pour forcer l\u2019Etat occupant \u00e0 autoriser les commissions d\u2019enqu\u00eate internationale \u00e0 acc\u00e9der aux prisons et \u00e0 se concentrer sur les conditions auxquelles font face les prisonniers. Addameer en appelle \u00e9galement au Conseil des droits de l\u2019Homme des Nations-Unis \u00e0 ce qu\u2019elle lance une enqu\u00eate s\u00e9rieuse sur les plaintes port\u00e9es par les prisonniers et d\u00e9tenus Palestiniens, sp\u00e9cialement celles li\u00e9es aux crimes commis par les forces sp\u00e9ciales du SCI.<br \/>\n\u2022 Addameer en appelle au Comit\u00e9 International de la Croix Rouge afin qu\u2019elle porte sa mission de protection des d\u00e9tenus en accord avec son mandat international pour assurer le traitement humain des d\u00e9tenus et prisonniers, conform\u00e9ment au droit humanitaire international.<\/p>\n<p>En cette Journ\u00e9e des Prisonniers, Addameer relance sa campagne internationale pour mettre fin \u00e0 la d\u00e9tention administrative (Stop Administrative D\u00e9tention = SAD) dans plus de 70 Pays. La campagne inclue des manifestations et actions dans diverses villes dans le monde entier. Addameer a pr\u00e9par\u00e9 des fiches d\u2019information et des rapports juridiques d\u00e9taill\u00e9s dans plus de 12 langues afin d\u2019assister \u00e0 la propagation d\u2019informations sur la pratique de d\u00e9tention administrative de l\u2019Occupation.<br \/>\n(Voir le site Stop AD pour plus d\u2019informations : <a href=\"http:\/\/www.facebook.com\/l.php?u=http%3A%2F%2Fstopadcampaign.com%2F&amp;h=fAQH31RwkAQGykqo5DGewHgglpW1rKdz9zWIJvW8HJYHHdA&amp;s=1\" target=\"_blank\" rel=\"nofollow nofollow\">http:\/\/stopadcampaign.com\/<\/a>)<\/p>\n<p>En l\u2019honneur de la Journ\u00e9e des prisonniers, nous disons \u00e0 notre peuple et \u00e0 nos prisonniers, tout comme l\u2019a dit Ayman Nasser, qui a \u00e9t\u00e9 d\u00e9tenu le 15 octobre 2012 :<br \/>\n\u00ab Je soutiens les prisonniers, m\u00eame si ma libert\u00e9 en est le prix \u00bb.<\/p>\n<p>***<\/p>\n<p>Addameer Prisoner Support and Human Rights Association<br \/>\nP. O. Box: 17338, Jerusalem<br \/>\nTel: +972 (0)2 296 0446 \/ 297 0136<br \/>\nFax: +972 (0)2 296 0447<br \/>\nEmail: info@addameer.ps<br \/>\nWebsite: <a href=\"http:\/\/www.facebook.com\/l.php?u=http%3A%2F%2Fwww.addameer.org&amp;h=eAQFj1Q2QAQGLEoX9XDrbNaMrwDfshkYTWLMkoTslNXd99g&amp;s=1\" target=\"_blank\" rel=\"nofollow nofollow\">www.addameer.org<\/a><\/p>\n<p>Brussels International Palestinian Prisoners Day 17 avril 2013<\/p>\n<div>12:00 \u2013 14:00<\/div>\n<div id=\"u_jsonp_12_b\">Commission europ\u00e9enne \u2013 Bruxelles (Rond-Point Schuman)<\/div>\n<p><img decoding=\"async\" alt=\"https:\/\/fbcdn-sphotos-b-a.akamaihd.net\/hphotos-ak-ash3\/552963_10200927272564696_1895301552_n.jpg\" src=\"https:\/\/fbcdn-sphotos-b-a.akamaihd.net\/hphotos-ak-ash3\/552963_10200927272564696_1895301552_n.jpg\" \/><\/p>\n<p><img decoding=\"async\" id=\"fbPhotoImage\" alt=\"\" src=\"https:\/\/fbcdn-sphotos-e-a.akamaihd.net\/hphotos-ak-ash3\/58844_531856280193773_159134540_n.jpg\" \/><img decoding=\"async\" id=\"fbPhotoImage\" alt=\"\" src=\"https:\/\/fbcdn-sphotos-c-a.akamaihd.net\/hphotos-ak-ash3\/524835_531856200193781_329099707_n.jpg\" \/><\/p>\n<p>&nbsp;<\/p>\n<p><img decoding=\"async\" alt=\"https:\/\/fbcdn-sphotos-d-a.akamaihd.net\/hphotos-ak-prn1\/13872_531856400193761_741512946_n.jpg\" src=\"https:\/\/fbcdn-sphotos-d-a.akamaihd.net\/hphotos-ak-prn1\/13872_531856400193761_741512946_n.jpg\" width=\"789\" height=\"524\" \/><\/p>\n<p><img decoding=\"async\" id=\"fbPhotoImage\" alt=\"\" src=\"https:\/\/fbcdn-sphotos-h-a.akamaihd.net\/hphotos-ak-prn1\/62845_531856453527089_1315406376_n.jpg\" width=\"826\" height=\"548\" \/><\/p>\n<div><img decoding=\"async\" id=\"fbPhotoImage\" alt=\"\" src=\"https:\/\/fbcdn-sphotos-b-a.akamaihd.net\/hphotos-ak-ash3\/544336_531856436860424_526379879_n.jpg\" width=\"770\" height=\"511\" \/><\/div>\n<p><img decoding=\"async\" id=\"fbPhotoImage\" alt=\"\" src=\"https:\/\/fbcdn-sphotos-c-a.akamaihd.net\/hphotos-ak-prn1\/536978_531856660193735_120966067_n.jpg\" \/><\/p>\n<p><img decoding=\"async\" id=\"fbPhotoImage\" alt=\"\" src=\"https:\/\/fbcdn-sphotos-a-a.akamaihd.net\/hphotos-ak-prn1\/164664_531856683527066_965257050_n.jpg\" \/><\/p>\n<p>&nbsp;<\/p>\n<p>Photo : <a href=\"https:\/\/www.facebook.com\/kevin.van.den.panhuyzen\">Kevin Van den Panhuyzen\u00a0<\/a><\/p>\n<p>&nbsp;<\/p>\n<h3>17 Avril 2013 : Pour les 5000 prisonniers palestiniens !!!!!<\/h3>\n<p>&nbsp;<\/p>\n<div><a href=\"http:\/\/1.bp.blogspot.com\/-H9iQhVITAzg\/UW1XJN-nSII\/AAAAAAAAB1U\/A9aWhWuSwmc\/s1600\/free+the+palestinian+prisoners.jpg\"><img decoding=\"async\" alt=\"\" src=\"https:\/\/lh3.ggpht.com\/-H9iQhVITAzg\/UW1XJN-nSII\/AAAAAAAAB1U\/A9aWhWuSwmc\/s320\/free+the+palestinian+prisoners.jpg\" width=\"263\" height=\"320\" border=\"0\" \/><\/a><\/div>\n<p>&nbsp;<\/p>\n<div>\n<p><strong>17 Avril 2013 <\/strong><\/p>\n<\/div>\n<p>&nbsp;<\/p>\n<div><strong>Journ\u00e9e internationale des Prisonniers palestiniens.<\/strong><\/div>\n<p>&nbsp;<\/p>\n<div><\/div>\n<p>&nbsp;<\/p>\n<div>\n<p><strong>Pour les 5000 prisonniers palestiniens<\/strong><\/p>\n<\/div>\n<p>&nbsp;<\/p>\n<div><\/div>\n<div>Alors que les Palestiniens se pr\u00e9parent \u00e0 c\u00e9l\u00e9brer la Journ\u00e9e des prisonniers, le mercredi, le Club des prisonniers a d\u00e9clar\u00e9 dans un rapport que, en 2013, il y avait <strong>pr\u00e8s de 5.000 prisonniers<\/strong> palestiniens dans les prisons isra\u00e9liennes, r\u00e9partis sur 27 prisons, centres de d\u00e9tention et centres d\u2019interrogatoire.<\/div>\n<div>Le Rapport pr\u00e9cise que <strong>106<\/strong> de ces prisonniers sont en prison avant la date de la signatures des accords d\u2019Oslo entre Isra\u00ebl et l\u2019OLP en 1993. Ce qui signifie qu\u2019ils sont d\u00e9tenus depuis plus de 20 ans. <strong>50<\/strong> d\u2019entre eux sont d\u00e9tenus depuis plus de 25 ans, y compris Karim Younis, qui a d\u00e9j\u00e0 purg\u00e9 31 ans dans les prisons isra\u00e9liennes.<\/div>\n<div>Il y a maintenant <strong>14 <\/strong>prisonniers femmes dont Lina Jarbouni, qui a fait 11 ans de ses 20 ans de prison, et <strong>235 <\/strong>enfants d\u00e9tenus dans les prisons isra\u00e9liennes.<\/div>\n<div>Le rapport indique que la d\u00e9tention administrative \u00ab\u00a0est le pire ennemi du prisonnier.\u00a0\u00bb<\/div>\n<div>As Palestinians prepare to mark Prisoners Day on Wednesday, the Prisoner Club said in a report that as of 2013 there were <strong>close to 5,000 <\/strong>Palestinian prisoners spread over 27 prisons, jails, detention centers and interrogation centers.<\/div>\n<div>It said <strong>106<\/strong> of the prisoners have been in jail since before the signing of the Oslo accords between Israel and PLO in 1993, which means they have been detained for more than 20 years, and <strong>50<\/strong> of them have been detained more than 25 years including Karim Younis, the longest serving prisoner after serving 31 years in Israeli prisons.<\/div>\n<div>There are now <strong>14<\/strong> woman prisoners with Lina Jarbouni being the longest serving prisoner, so far held for 11 years out of her 20-year sentence, and <strong>235<\/strong> child prisoners in Israeli jails.<\/div>\n<div>The report said that administrative detention \u201cis the prisoner\u2019s worst enemy.\u201d<\/div>\n<div><a href=\"http:\/\/1.bp.blogspot.com\/-9iHiKfJjNKU\/UW1XT4xWMuI\/AAAAAAAAB1c\/IOp6ARUYtNA\/s1600\/Samer+Issawi.jpg\"><img decoding=\"async\" alt=\"\" src=\"https:\/\/lh3.ggpht.com\/-9iHiKfJjNKU\/UW1XT4xWMuI\/AAAAAAAAB1c\/IOp6ARUYtNA\/s320\/Samer+Issawi.jpg\" width=\"320\" height=\"239\" border=\"0\" \/><\/a><\/div>\n<p>&nbsp;<\/p>\n<div>\n<p><strong>Soutien aux gr\u00e9vistes de la faim ! <\/strong><\/p>\n<\/div>\n<p>&nbsp;<\/p>\n<div><strong>Rejoignez la Campagne mondiale d\u2019Addameer pour mettre un terme aux d\u00e9tentions administratives !<\/strong><\/div>\n<p>&nbsp;<\/p>\n<div>\n<p>&nbsp;<\/p>\n<p>&nbsp;<\/p>\n<address>Luk Vervaet, Prisoner\u2019s Family &amp; Friends Association, <a href=\"http:\/\/familiesfriendsassociation.blogspot.be\/\">http:\/\/familiesfriendsassociation.blogspot.be\/<\/a><br \/>\nNordine Sa\u00efdi, Mouvement Citoyen Palestine <a href=\"http:\/\/mcpalestine.canalblog.com\/\">http:\/\/mcpalestine.canalblog.com\/<\/a><\/address>\n<\/div>\n<p>&nbsp;<\/p>\n<div>A l\u2019occasion de la Journ\u00e9e internationale pour les prisonniers palestiniens, nous vous appelons \u00e0 manifester votre solidarit\u00e9 avec tous les prisonniers politiques palestiniens. Nous vous apellons \u00e0 rejoindre la campagne mondiale contre la d\u00e9tention administrative lanc\u00e9e par Addameer, organisation des droits de l\u2019Homme et de soutien aux prisonniers.<\/div>\n<div>Plus de 4743 Palestiniens sont actuellement d\u00e9tenus par Isra\u00ebl, dont 10 femmes, 193 enfants, et 178 sont en d\u00e9tention administrative, une politique qu\u2019Isra\u00ebl utilise pour d\u00e9tenir des Palestiniens, selon des informations secr\u00e8tes, ind\u00e9finiment, sans les inculper ou les pr\u00e9senter \u00e0 un tribunal pour \u00eatre jug\u00e9s.<\/div>\n<div><\/div>\n<div>Non seulement ces prisonniers sont d\u00e9tenus arbitrairement, mais l\u2019utilisation par Isra\u00ebl de la d\u00e9tention administrative viole plusieurs normes internationales, telles que la d\u00e9portation des Palestiniens depuis les territoires occup\u00e9s en Isra\u00ebl (territoire de la puissance occupante), les privant de visites familiales r\u00e9guli\u00e8res et ne prenant pas en compte l\u2019int\u00e9r\u00eat sup\u00e9rieur des enfants des d\u00e9tenus comme l\u2019exige le droit international.<\/div>\n<div>Nous avons besoin de votre soutien pour briser leurs cha\u00eenes et le silence sur la d\u00e9tention administrative.<\/div>\n<div>Aujourd\u2019hui, Isra\u00ebl a externalis\u00e9 la s\u00e9curit\u00e9 des prisons o\u00f9 les Palestiniens sont d\u00e9tenus \u00e0 une entreprise britannico-danoise d\u00e9nomm\u00e9e G4S. Avec l\u2019administration p\u00e9nitentiaire isra\u00e9lienne, G4S est responsable des difficiles conditions des prisonniers rencontr\u00e9s au cours de la gr\u00e8ve de la faim historique de 2012, \u00e0 laquelle ont particip\u00e9 des milliers de Palestiniens ont particip\u00e9, y compris les deux gr\u00e9vistes de la faim qui fr\u00f4l\u00e8rent la mort pour protester contre leur d\u00e9tention arbitraire, Khader Adnan et Hana Al- Shalabi.<\/div>\n<div>G4S est \u00e9galement complice de la d\u00e9tention par Isra\u00ebl de pr\u00e8s d\u2019un tiers du Parlement palestinien depuis 2006, et des dizaines de d\u00e9fenseurs des droits de l\u2019homme sont arr\u00eat\u00e9s chaque ann\u00e9e pour participation \u00e0 la r\u00e9sistance populaire.<\/div>\n<div>Le gouvernement d\u2019Isra\u00ebl doit lib\u00e9rer tous les d\u00e9tenus administratifs, et dans l\u2019intervalle, tous les d\u00e9tenus administratifs doivent b\u00e9n\u00e9ficier de tous leurs droits conform\u00e9ment au droit international.<\/div>\n<div>Addameer soutient le boycott international, d\u00e9sinvestissement et sanctions (BDS) contre G4S pour mettre fin \u00e0 sa complicit\u00e9 dans la d\u00e9tention des d\u00e9tenus administratifs et faire pression sur le gouvernement isra\u00e9lien de lib\u00e9rer les prisonniers.<\/div>\n<div>Addameer appelle les organisations de solidarit\u00e9, des particuliers et des organisations des droits humains \u00e0 travers le monde \u00e0 se joindre \u00e0 cette campagne pour mettre un terme \u00e0 la r\u00e9tention administrative qui d\u00e9marrera le 17 Avril 2013.<\/div>\n<div>AGISSEZ! Vous pouvez nous aider \u00e0 faire pression sur le gouvernement isra\u00e9lien de lib\u00e9rer les prisonniers en :<\/div>\n<p>&nbsp;<\/p>\n<div>\u2022 Participant \u00e0 une journ\u00e9e de mobilisation de masse dans votre ville le 17 Avril, Journ\u00e9e annuelle des prisonniers palestiniens. \u2022 Organisant une semaine de la \u00ab\u00a0Fin de la d\u00e9tention administrative\u00a0\u00bb du 17-24 Avril 2013 dans votre ville ou votre campus universitaire avec des mat\u00e9riaux Addameer de la campagne \u00e0 venir. \u2022 Connectant \u00e0 une campagne locale BDS G4S dans votre ville. \u2022 Sensibilisant \u00e0 la d\u00e9tention administrative dans votre communaut\u00e9 \u00e0 l\u2019aide de la Trousse d\u2019action \u00e0 venir. Contactez Addameer sur l\u2019e-mail, Facebook, Twitter ou notre site Web \u00e0 s\u2019impliquer dans la campagne d\u00e9tention administrative Stop Prisoner Support and Human Rights Association \u2013 ADDAMEER <a href=\"http:\/\/www.addameer.org\/\">www.addameer.org<\/a><\/div>\n<\/div>\n","protected":false},"excerpt":{"rendered":"<p>COMMUNIQUE D\u2019ADDAMEER POUR LA JOURNEE DES PRISONNIERS PALESTINIENS : https:\/\/www.facebook.com\/AddameerAssociation?fref=ts (traduction fran\u00e7aise. Texte original en anglais en comm). En l\u2019honneur de la Journ\u00e9e des prisonniers Palestiniens, Addameer confirme qu\u2019il est d\u00e9sormais temps de tenir l\u2019occupation responsible de ses crimes \u00e0 l\u2019encontre des prisonniers et d\u00e9tenus, et lance une campagne internationale contre la detention administrative.<\/p>\n","protected":false},"author":1,"featured_media":432,"comment_status":"open","ping_status":"open","sticky":false,"template":"","format":"standard","meta":{"footnotes":""},"categories":[21,4,6,18],"tags":[],"class_list":["post-431","post","type-post","status-publish","format-standard","has-post-thumbnail","hentry","category-anti-imperialisme","category-islamophobie","category-palestine-moyen-orient","category-resistance-bruxelles"],"_links":{"self":[{"href":"https:\/\/bruxelles-pantheres.be\/index.php?rest_route=\/wp\/v2\/posts\/431","targetHints":{"allow":["GET"]}}],"collection":[{"href":"https:\/\/bruxelles-pantheres.be\/index.php?rest_route=\/wp\/v2\/posts"}],"about":[{"href":"https:\/\/bruxelles-pantheres.be\/index.php?rest_route=\/wp\/v2\/types\/post"}],"author":[{"embeddable":true,"href":"https:\/\/bruxelles-pantheres.be\/index.php?rest_route=\/wp\/v2\/users\/1"}],"replies":[{"embeddable":true,"href":"https:\/\/bruxelles-pantheres.be\/index.php?rest_route=%2Fwp%2Fv2%2Fcomments&post=431"}],"version-history":[{"count":1,"href":"https:\/\/bruxelles-pantheres.be\/index.php?rest_route=\/wp\/v2\/posts\/431\/revisions"}],"predecessor-version":[{"id":433,"href":"https:\/\/bruxelles-pantheres.be\/index.php?rest_route=\/wp\/v2\/posts\/431\/revisions\/433"}],"wp:featuredmedia":[{"embeddable":true,"href":"https:\/\/bruxelles-pantheres.be\/index.php?rest_route=\/wp\/v2\/media\/432"}],"wp:attachment":[{"href":"https:\/\/bruxelles-pantheres.be\/index.php?rest_route=%2Fwp%2Fv2%2Fmedia&parent=431"}],"wp:term":[{"taxonomy":"category","embeddable":true,"href":"https:\/\/bruxelles-pantheres.be\/index.php?rest_route=%2Fwp%2Fv2%2Fcategories&post=431"},{"taxonomy":"post_tag","embeddable":true,"href":"https:\/\/bruxelles-pantheres.be\/index.php?rest_route=%2Fwp%2Fv2%2Ftags&post=431"}],"curies":[{"name":"wp","href":"https:\/\/api.w.org\/{rel}","templated":true}]}}