{"id":4311,"date":"2019-11-24T22:53:00","date_gmt":"2019-11-24T21:53:00","guid":{"rendered":"https:\/\/bruxelles-pantheres.be\/?p=4311"},"modified":"2019-11-24T22:54:04","modified_gmt":"2019-11-24T21:54:04","slug":"pravini-baboeram-presente-the-uprising-un-documentaire-musical-racontant-lhistoire-de-la-resistance-au-racisme-en-europe","status":"publish","type":"post","link":"https:\/\/bruxelles-pantheres.be\/?p=4311","title":{"rendered":"Pravini Baboeram pr\u00e9sente \u00abThe Uprising \u00bb, un documentaire musical racontant l\u2019histoire de la r\u00e9sistance au racisme en Europe."},"content":{"rendered":"<p><a id=\"js_2t\" href=\"https:\/\/www.facebook.com\/events\/2360940517506376\/?acontext=%7B%22ref%22%3A%2222%22%2C%22feed_story_type%22%3A%2222%22%2C%22action_history%22%3A%22%5B%7B%5C%22surface%5C%22%3A%5C%22timeline%5C%22%2C%5C%22mechanism%5C%22%3A%5C%22main_list%5C%22%2C%5C%22extra_data%5C%22%3A%5B%5D%7D%5D%22%7D\" data-hovercard=\"\/ajax\/hovercard\/event.php?id=2360940517506376&amp;extragetparams=%7B%22source%22%3A22%2C%22feed_story_type%22%3A22%2C%22action_history%22%3A%22%5B%7B%5C%22surface%5C%22%3A%5C%22timeline%5C%22%2C%5C%22mechanism%5C%22%3A%5C%22main_list%5C%22%2C%5C%22extra_data%5C%22%3A%5B%5D%7D%5D%22%7D\" data-hovercard-prefer-more-content-show=\"1\">\u00abThe Uprising\u00bb, un documentaire musical et d\u00e9colonial<\/a><\/p>\n<ul>\n<li>\n<h4 class=\"fsm fwn fcg\"><strong>Dimanche 1 d\u00e9cembre 2019 de 19:00 \u00e0 22:00<\/strong><\/h4>\n<\/li>\n<li>\n<h4 class=\"_5xhp fsm fwn fcg\"><strong>40 rue Ulens, 1080 Molenbeek-Saint-Jean<\/strong><\/h4>\n<\/li>\n<li><a href=\"https:\/\/www.facebook.com\/events\/2360940517506376\/\">facebook events<\/a><\/li>\n<\/ul>\n<p>L&rsquo;artiste et militante <a href=\"https:\/\/www.facebook.com\/pravini.baboeram\" target=\"_blank\" rel=\"noopener noreferrer\">Pravini Baboeram<\/a> pr\u00e9sente \u00abThe Uprising \u00bb, un documentaire musical racontant l\u2019histoire de la r\u00e9sistance au racisme en Europe. Compos\u00e9 de commentaires et d&rsquo;exp\u00e9riences d&rsquo;universitaires et d&rsquo;activistes, l&rsquo;auteur-compositeur interpr\u00e8te n\u00e9erlando-indienne offre une perspective d\u00e9coloniale du mouvement antiraciste aux Pays-Bas, au Royaume-Uni et en France. Elle fournit non seulement une analyse de l&rsquo;histoire et de l&rsquo;h\u00e9ritage du colonialisme, mais \u00e9galement une vision de la strat\u00e9gie pour l&rsquo;avenir du mouvement.<!--more--><\/p>\n<ul>\n<li id=\"event_time_info\" class=\"_3slj\">\n<div class=\"_36hm\">\n<table class=\"uiGrid _51mz\" cellspacing=\"0\" cellpadding=\"0\">\n<tbody>\n<tr class=\"_51mx\">\n<td class=\"_51m- _4930 _phw _51mw\">\n<div class=\"_phw\">\n<div class=\"_6a\">\n<div class=\"_6a _6b\">\n<div class=\"_xkh\">\n<h4 class=\"fsm fwn fcg\"><strong>Dimanche 1 d\u00e9cembre 2019 de 19:00 \u00e0 22:00<\/strong><\/h4>\n<\/div>\n<\/div>\n<\/div>\n<\/div>\n<\/td>\n<\/tr>\n<\/tbody>\n<\/table>\n<\/div>\n<\/li>\n<li class=\"_3xd0 _3slj\">\n<div id=\"u_jsonp_3_s\" class=\"_36hm _5cmn\">\n<table class=\"uiGrid _51mz\" cellspacing=\"0\" cellpadding=\"0\">\n<tbody>\n<tr class=\"_51mx\">\n<td class=\"_51m- _phw\">\n<h4><strong><a id=\"u_jsonp_3_t\" class=\"_5xhk\" href=\"https:\/\/www.facebook.com\/belgiumkitchenbike\/?__xts__%5B0%5D=68.ARBAAxPKDtcfB1nVOnM59ZLpolxv4relsEi6crYGy8HxxcOcKXVPGkwyxtOt_mfzpcny2lUXjXgDFJGq4ZWWIZsT1TvWtfwDpDsWY0aGuV6ubXK_vUCBo_3lpSbTNWGPn9dIiNzqxzqgUu70Ba2vj0XPM8kkXF2bmrm8KdZL8Izl3ALSpeeWO_W6gHMcQKNYUDorUquF_G2PYje6jJuQii5SKqTdBkEpCkMuFAIWP7I89n2oMJMm42BLBeqB7jEUEew9-3mLTCG2pcZbbboIQrPy5Nw5mNpqVPJpQPA5-nEA41EP&amp;eid=ARActwQcoZzkeaOeQiMiOByXu3ynsE-baTDvWKZ7iZ3zZ-Bs3lJnwwU4Lm_t7pFdql5AAdbzx3BIdBBl\" data-hovercard=\"\/ajax\/hovercard\/page.php?id=510499532812314&amp;extragetparams=%7B%22eid%22%3A%22ARActwQcoZzkeaOeQiMiOByXu3ynsE-baTDvWKZ7iZ3zZ-Bs3lJnwwU4Lm_t7pFdql5AAdbzx3BIdBBl%22%7D\" data-hovercard-prefer-more-content-show=\"1\">Belgium Kitchen Bike<\/a><\/strong><\/h4>\n<h4 class=\"_5xhp fsm fwn fcg\"><strong>40 rue Ulens, 1080 Molenbeek-Saint-Jean<\/strong><\/h4>\n<\/td>\n<td class=\"_51m- _51mw\"><a href=\"https:\/\/www.facebook.com\/events\/2360940517506376\/\">https:\/\/www.facebook.com\/events\/2360940517506376\/<\/a><\/td>\n<\/tr>\n<\/tbody>\n<\/table>\n<\/div>\n<\/li>\n<\/ul>\n<p>Ce documentaire se concentre sur les d\u00e9fis collectifs des communaut\u00e9s de couleur. Dans 9 chansons auto-\u00e9crites, Pravini relie la lutte contre Blackface, la lutte pour la reconnaissance des crimes coloniaux commis par les Pays-Bas en Indon\u00e9sie, la lutte pour la lib\u00e9ration de la Palestine et la lutte du champ politique pour une soci\u00e9t\u00e9 inclusive. \u00abThe Uprising\u00bb offre une vision unique de la r\u00e9sistance au racisme en Europe \u00e0 travers le regard des personnes de couleur.<\/p>\n<p><a href=\"https:\/\/bruxelles-pantheres.be\/wp-content\/uploads\/2019\/11\/75089992_1275303702642300_5317769188666769408_o.jpg\"><img decoding=\"async\" class=\"size-full wp-image-4312 aligncenter\" src=\"https:\/\/bruxelles-pantheres.be\/wp-content\/uploads\/2019\/11\/75089992_1275303702642300_5317769188666769408_o.jpg\" alt=\"\" width=\"680\" height=\"960\" srcset=\"https:\/\/bruxelles-pantheres.be\/wp-content\/uploads\/2019\/11\/75089992_1275303702642300_5317769188666769408_o.jpg 680w, https:\/\/bruxelles-pantheres.be\/wp-content\/uploads\/2019\/11\/75089992_1275303702642300_5317769188666769408_o-213x300.jpg 213w\" sizes=\"(max-width: 680px) 100vw, 680px\" \/><\/a><\/p>\n<p>Cliquez ici pour voir la bande-annonce du film.<br \/>\n<a href=\"https:\/\/l.facebook.com\/l.php?u=https%3A%2F%2Fvimeo.com%2F329425921%3Ffbclid%3DIwAR3cJLR9elODIfrg6v8VYPowN8jaZQTwWLHs5CL46oCGyO5ZQj7nnFOA_q4&amp;h=AT3ca6AIRZckfo5qNxosjPsRXZcCGvnWhdJFUhWtL8eNdoz33r9TIBD4zDwmbLXbzXL-Ce5HOQHYdlLUi2YILA1eUFJx7SVZ8my9o4_sMDfMp4MEFeakmfDtp1zlEhTmdGTkxdaUNBJVTpKsBUc\" target=\"_blank\" rel=\"nofollow noopener noreferrer\" data-lynx-mode=\"hover\">https:\/\/vimeo.com\/329425921<\/a><\/p>\n<p>&nbsp;<\/p>\n","protected":false},"excerpt":{"rendered":"<p>\u00abThe Uprising\u00bb, un documentaire musical et d\u00e9colonial Dimanche 1 d\u00e9cembre 2019 de 19:00 \u00e0 22:00 40 rue Ulens, 1080 Molenbeek-Saint-Jean facebook events L&rsquo;artiste et militante Pravini Baboeram pr\u00e9sente \u00abThe Uprising \u00bb, un documentaire musical racontant l\u2019histoire de la r\u00e9sistance au racisme en Europe. Compos\u00e9 de commentaires et d&rsquo;exp\u00e9riences d&rsquo;universitaires et d&rsquo;activistes, l&rsquo;auteur-compositeur interpr\u00e8te n\u00e9erlando-indienne offre &#8230; <a title=\"Pravini Baboeram pr\u00e9sente \u00abThe Uprising \u00bb, un documentaire musical racontant l\u2019histoire de la r\u00e9sistance au racisme en Europe.\" class=\"read-more\" href=\"https:\/\/bruxelles-pantheres.be\/?p=4311\" aria-label=\"En savoir plus sur Pravini Baboeram pr\u00e9sente \u00abThe Uprising \u00bb, un documentaire musical racontant l\u2019histoire de la r\u00e9sistance au racisme en Europe.\">Lire la suite<\/a><\/p>\n","protected":false},"author":1,"featured_media":4312,"comment_status":"open","ping_status":"open","sticky":false,"template":"","format":"standard","meta":{"footnotes":""},"categories":[7,18,28],"tags":[188,416],"class_list":["post-4311","post","type-post","status-publish","format-standard","has-post-thumbnail","hentry","category-negrophobie","category-resistance-bruxelles","category-racismes","tag-blackface","tag-pravini"],"_links":{"self":[{"href":"https:\/\/bruxelles-pantheres.be\/index.php?rest_route=\/wp\/v2\/posts\/4311","targetHints":{"allow":["GET"]}}],"collection":[{"href":"https:\/\/bruxelles-pantheres.be\/index.php?rest_route=\/wp\/v2\/posts"}],"about":[{"href":"https:\/\/bruxelles-pantheres.be\/index.php?rest_route=\/wp\/v2\/types\/post"}],"author":[{"embeddable":true,"href":"https:\/\/bruxelles-pantheres.be\/index.php?rest_route=\/wp\/v2\/users\/1"}],"replies":[{"embeddable":true,"href":"https:\/\/bruxelles-pantheres.be\/index.php?rest_route=%2Fwp%2Fv2%2Fcomments&post=4311"}],"version-history":[{"count":2,"href":"https:\/\/bruxelles-pantheres.be\/index.php?rest_route=\/wp\/v2\/posts\/4311\/revisions"}],"predecessor-version":[{"id":4314,"href":"https:\/\/bruxelles-pantheres.be\/index.php?rest_route=\/wp\/v2\/posts\/4311\/revisions\/4314"}],"wp:featuredmedia":[{"embeddable":true,"href":"https:\/\/bruxelles-pantheres.be\/index.php?rest_route=\/wp\/v2\/media\/4312"}],"wp:attachment":[{"href":"https:\/\/bruxelles-pantheres.be\/index.php?rest_route=%2Fwp%2Fv2%2Fmedia&parent=4311"}],"wp:term":[{"taxonomy":"category","embeddable":true,"href":"https:\/\/bruxelles-pantheres.be\/index.php?rest_route=%2Fwp%2Fv2%2Fcategories&post=4311"},{"taxonomy":"post_tag","embeddable":true,"href":"https:\/\/bruxelles-pantheres.be\/index.php?rest_route=%2Fwp%2Fv2%2Ftags&post=4311"}],"curies":[{"name":"wp","href":"https:\/\/api.w.org\/{rel}","templated":true}]}}