{"id":4320,"date":"2019-11-25T16:31:55","date_gmt":"2019-11-25T15:31:55","guid":{"rendered":"https:\/\/bruxelles-pantheres.be\/?p=4320"},"modified":"2019-11-24T23:40:10","modified_gmt":"2019-11-24T22:40:10","slug":"face-a-la-barbarie-qui-vient-lutopie-decoloniale","status":"publish","type":"post","link":"https:\/\/bruxelles-pantheres.be\/?p=4320","title":{"rendered":"Face \u00e0 la barbarie qui vient, l\u2019utopie d\u00e9coloniale"},"content":{"rendered":"<div class=\"post-thumbnail\"><\/div>\n<h2 class=\"entry-excerpt\"><a href=\"https:\/\/bruxelles-pantheres.be\/wp-content\/uploads\/2019\/11\/thumbnail_amazon_fires_810_500_75_s_c1-400x247.jpg\"><img decoding=\"async\" class=\"size-full wp-image-4321 aligncenter\" src=\"https:\/\/bruxelles-pantheres.be\/wp-content\/uploads\/2019\/11\/thumbnail_amazon_fires_810_500_75_s_c1-400x247.jpg\" alt=\"\" width=\"400\" height=\"247\" srcset=\"https:\/\/bruxelles-pantheres.be\/wp-content\/uploads\/2019\/11\/thumbnail_amazon_fires_810_500_75_s_c1-400x247.jpg 400w, https:\/\/bruxelles-pantheres.be\/wp-content\/uploads\/2019\/11\/thumbnail_amazon_fires_810_500_75_s_c1-400x247-300x185.jpg 300w\" sizes=\"(max-width: 400px) 100vw, 400px\" \/><\/a><\/h2>\n<div class=\"entry-content\">\n<p style=\"text-align: right;\"><em>Il s\u2019agit pour le Tiers-Monde de recommencer une histoire de l\u2019Homme. <\/em><\/p>\n<p style=\"text-align: right;\">Frantz Fanon.<\/p>\n<p>Il y a des p\u00e9riodes au cours desquelles l\u2019histoire semble s\u2019acc\u00e9l\u00e9rer et tout nous porte \u00e0 croire que nous sommes dans l\u2019une d\u2019entre elles. Il y a \u00e0 peine plus d\u2019un an sortait le livre d\u2019Ugo Palheta, <em>La possibilit\u00e9 du fascisme<\/em><a href=\"http:\/\/indigenes-republique.fr\/face-a-la-barbarie-qui-vient-lutopie-decoloniale\/?fbclid=IwAR1Ad7QAbVJavZbdXpNTQmPUOcDWSfF4wESViG76Srmw5OC0F1O8a7G-R7E#_ftn1\">[1]<\/a>, alertant sur le fait que le fascisme, loin d\u2019\u00eatre un danger qui aurait \u00e9t\u00e9 \u00e9cart\u00e9 de mani\u00e8re d\u00e9finitive, restait au contraire une possibilit\u00e9 susceptible de resurgir sous une autre forme. Aujourd\u2019hui, la question n\u2019est plus de savoir si une fascisation des d\u00e9mocraties \u00e9lectorales europ\u00e9ennes et occidentales est une \u00e9ventualit\u00e9, mais de trouver le moyen d\u2019enrayer ce glissement vers la barbarie.<\/p>\n<p>Ce moyen, c\u2019est la voie d\u00e9coloniale.<\/p>\n<\/div>\n<p><!--more--><\/p>\n<p><span class=\"meta-sep\">Par<\/span> <span class=\"author vcard\"><a class=\"url fn n\" title=\"Afficher tous les articles par PIR\" href=\"http:\/\/indigenes-republique.fr\/author\/mehdi\/\">Wissam Xelka, membre du PIR<\/a><\/span><\/p>\n<p>Les signes marquant la radicalisation du pacte national-racial se multiplient. Pour nous, quatre crises principales en constituent le terreau\u00a0: la crise sociale, la crise raciale, la crise du r\u00e9gime des fronti\u00e8res et, enfin, la crise climatique \u2013 les quatre \u00e9tant par ailleurs entrem\u00eal\u00e9es.<\/p>\n<p><strong>La crise du pacte social<\/strong><\/p>\n<p>L\u2019\u00e9l\u00e9ment le plus <em>spectaculaire<\/em> de la radicalisation du pouvoir est sans aucun doute sa d\u00e9rive de plus en plus autoritaire et r\u00e9pressive, plus particuli\u00e8rement \u00e0 l\u2019encontre des mouvements sociaux. Si ces derniers sont violemment r\u00e9prim\u00e9s, c\u2019est d\u2019abord parce qu\u2019ils sont de plus en plus nombreux \u2013 on ne compte plus le nombre de corps de m\u00e9tiers en gr\u00e8ve, ou bien mena\u00e7ant de l\u2019\u00eatre \u2013, mais aussi de plus en plus offensifs.<\/p>\n<p>En effet, depuis quelques ann\u00e9es d\u00e9j\u00e0, le pacte social permettant une relative am\u00e9lioration des conditions de vie des classes populaires et moyennes blanches a \u00e9t\u00e9 rompu par l\u2019\u00c9tat fran\u00e7ais et ses diff\u00e9rents gouvernements, et de mani\u00e8re plus brutale encore ces derni\u00e8res ann\u00e9es. Ce qui a conduit \u00e0 la col\u00e8re et \u00e0 la protestation de ces populations. Face \u00e0 la r\u00e9surgence des manifestations, l\u2019\u00c9tat a fait le choix de la r\u00e9pression. Manuel Valls, grand artisan de la radicalisation vers la droite, a notamment particip\u00e9 \u00e0 ce processus en utilisant le m\u00eame b\u00e2illon de r\u00e9pression pour intimider les manifestants contre la loi Travail, avant que les ministres Collomb puis Castaner ne le perp\u00e9tuent et l\u2019accentuent. Les Gilets Jaunes ont \u00e9t\u00e9 les derni\u00e8res victimes en date de cette radicalisation autoritaire, l\u2019Etat a octroy\u00e9 de nouveaux pouvoirs auxforces de l\u2019ordre pour faire taire ce mouvement : tabassages, matraquages, lynchages, tirs de <em>flashball<\/em> qui se sont sold\u00e9s par des h\u00e9matomes, c\u00f4tes cass\u00e9es, yeux crev\u00e9s, mains arrach\u00e9es, etc. Les policiers n\u2019ont pas \u00e9t\u00e9 mis en cause pour ces actes, mais des r\u00e9compenses leur ont m\u00eame \u00e9t\u00e9 accord\u00e9es. D\u00e8s lors, il est impossible de parler de \u00ab bavures \u00bb, puisqu\u2019il s\u2019agit bien d\u2019un mode d\u2019intervention dor\u00e9navant l\u00e9gitim\u00e9 par l\u2019\u00c9tat. Ces agissements sont devenus la norme, et sont maintenant d\u00e9ploy\u00e9s pour toutes les mobilisations, m\u00eame les plus consensuelles. En ce sens, la France a \u00e9t\u00e9 le seul pays \u00e0 r\u00e9primer violemment la marche organis\u00e9e dans le cadre de la mobilisation mondiale pour le climat. Si nous ne pouvons que nous inqui\u00e9ter de cette fuite en avant r\u00e9pressive \u00e0 l\u2019\u00e9gard des mouvements sociaux, nous d\u00e9plorons qu\u2019il ait fallu que des Blancs soient victimes de violences polici\u00e8res pour que celles-ci occupent une place centrale dans leurs luttes, alors qu\u2019ils faisaient la sourde oreille lorsque les militants antiracistes et d\u00e9coloniaux alertaient sur les agissements de la Police \u00e0 l\u2019encontre des Indig\u00e8nes.<\/p>\n<p>La r\u00e9pression des mouvements contestataires ne passe pas uniquement par la violence physique, mais aussi par la voie judiciaire, comme \u00e0 titre d\u2019exemple les diff\u00e9rentes plaintes visant Assa Traor\u00e9, ou encore les proc\u00e9dures p\u00e9nales dont Jean-Luc M\u00e9lenchon et la France Insoumise sont les cibles, alors qu\u2019ils constituent la principale force d\u2019opposition de gauche au pouvoir macronien. La situation est alarmante\u00a0: si l\u2019\u00c9tat ne voit aucune opposition lorsqu\u2019il entreprend ce genre de man\u0153uvres, il n\u2019h\u00e9sitera pas \u00e0 les multiplier. D\u2019ailleurs, il n\u2019en est pas \u00e0 son coup d\u2019essai\u00a0: il avait d\u00e9j\u00e0 profit\u00e9 de l\u2019\u00e9tat d\u2019urgence \u2013 dont les premi\u00e8res victimes \u00e9taient les musulmans \u2013 pour s\u2019attaquer \u00e0 certains militants de la gauche, en particulier des \u00e9cologistes, en leur interdisant tout bonnement de manifester. La trajectoire actuelle du pouvoir nous indique que le processus de criminalisation des acteurs des mouvements sociaux ne cessera de se d\u00e9velopper davantage si nous ne r\u00e9agissons pas.<\/p>\n<p><strong>La crise raciale<\/strong><\/p>\n<p>La r\u00e9pression des mouvements sociaux n\u2019est pas le seul marqueur de la radicalisation du Pouvoir Blanc. Bien que les Blancs soient devenus eux aussi victimes de ce processus, notamment dans le cadre des manifestations, ce sont les non-Blancs qui constituent, comme \u00e0 l\u2019accoutum\u00e9e, les premi\u00e8res cibles de la fascisation du pouvoir. Le cas des Juifs au d\u00e9but du XX<sup>e<\/sup> si\u00e8cle en est ainsi l\u2019exemple parfait.<\/p>\n<p>Quant \u00e0 l\u2019islamophobie, m\u00eame si elle n\u2019est pas nouvelle dans le paysage politique fran\u00e7ais (et qu\u2019elle puise ses racines dans la p\u00e9riode coloniale), elle est devenue une marque de fabrique nationale. Depuis des dizaines d\u2019ann\u00e9es, la France fait du Musulman l\u2019incarnation de l\u2019\u00e9tranger mena\u00e7ant l\u2019ordre et la paix nationale, au point que cette v\u00e9h\u00e9mence et cette obsession en arrivent \u00e0 d\u00e9contenancer d\u2019autres d\u00e9mocraties lib\u00e9rales. Cette islamophobie s\u2019est progressivement cristallis\u00e9e dans des dispositifs l\u00e9gislatifs et r\u00e9glementaires, au nom de la \u00ab\u00a0la\u00efcit\u00e9\u00a0\u00bb et de la \u00ab\u00a0lutte contre le terrorisme\u00a0\u00bb, qui ont \u00e9rig\u00e9 tous les musulmans en potentiels ennemis de l\u2019int\u00e9rieur, devant \u00e0 ce titre \u00eatre surveill\u00e9s et contr\u00f4l\u00e9s.<\/p>\n<p>Le point d\u2019orgue de ce processus a \u00e9t\u00e9 atteint lors de la \u00ab\u00a0Convention de la droite\u00a0\u00bb organis\u00e9e en septembre 2019. Pendant son discours, \u00c9ric Zemmour a pu d\u00e9verser toute sa bile naus\u00e9abonde et raciste sur les musulmans et l\u2019islam. B\u00e9n\u00e9ficiant d\u2019une diffusion exceptionnelle en direct sur la cha\u00eene t\u00e9l\u00e9vis\u00e9e LCI, il a encourag\u00e9 les Fran\u00e7ais \u00e0 prendre conscience du danger que constitueraient, selon lui, les musulmans. Mais Zemmour n\u2019est que la pointe de l\u2019iceberg du climat islamophobe d\u00e9sormais install\u00e9 \u00e0 d\u00e9couvert. Une islamophobie qui stigmatise voire humilie les mamans voil\u00e9es dans les m\u00e9dias, dans les lieux institutionnels \u2013 devant leurs enfants en pleurs \u2013 au sein desquels des \u00e9lus d\u00e9clarent publiquement que ces femmes ne sont pas les bienvenues. Une islamophobie bien crasse \u00e0 laquelle l\u2019\u00c9tat lui-m\u00eame trouve une l\u00e9gitimit\u00e9, tout d\u2019abord en la personne de Blanquer pour qui \u00ab\u00a0le voile n\u2019est pas souhaitable dans notre soci\u00e9t\u00e9\u2009\u00bb<a href=\"http:\/\/indigenes-republique.fr\/face-a-la-barbarie-qui-vient-lutopie-decoloniale\/?fbclid=IwAR1Ad7QAbVJavZbdXpNTQmPUOcDWSfF4wESViG76Srmw5OC0F1O8a7G-R7E#_ftn2\">[2]<\/a>, mais aussi en celle de Castaner qui invite \u00e0 la d\u00e9lation des personnes de confession musulmane au regard de la taille de leurs barbes ou de leurs pratiques religieuses pour y d\u00e9celer des signes de \u00ab\u00a0radicalisation\u00a0\u00bb<a href=\"http:\/\/indigenes-republique.fr\/face-a-la-barbarie-qui-vient-lutopie-decoloniale\/?fbclid=IwAR1Ad7QAbVJavZbdXpNTQmPUOcDWSfF4wESViG76Srmw5OC0F1O8a7G-R7E#_ftn3\">[3]<\/a>.<\/p>\n<p>Si cet \u00e9pisode a pu choquer une partie du champ politique Blanc \u2013 bien que la r\u00e9action nous paraisse assez tardive et bien mesur\u00e9e \u2013, il ne reste que la suite logique d\u2019une islamophobie galopante et propag\u00e9e, depuis trente ans, par l\u2019ensemble de la sph\u00e8re politique, de l\u2019extr\u00eame droite jusqu\u2019\u00e0 l\u2019extr\u00eame gauche. Pendant que des intellectuels de gauche sont en plein d\u00e9bat pour savoir si nous avons \u00ab le droit \u00bb ou non d\u2019\u00eatre islamophobe, ces discours se mat\u00e9rialisent dans le monde r\u00e9el par une radicalisation violente de la Blanchit\u00e9 qui n\u2019h\u00e9site plus \u00e0 passer \u00e0 l\u2019acte \u2013 le dernier exemple en date \u00e9tait l\u2019attentat perp\u00e9tr\u00e9 devant la mosqu\u00e9e de Bayonne par Claude Sink\u00e9, ancien candidat FN.<\/p>\n<p>Si la France rayonne aujourd\u2019hui dans le monde, c\u2019est par la production de sa th\u00e9orie raciste et islamophobe et plus particuli\u00e8rement celle du \u00ab\u00a0<em>grand-remplacement<\/em> \u00bb, de Renaud Camus, qui est non seulement partag\u00e9e par tous les groupes d\u2019extr\u00eame-droite \u00e0 travers le globe aujourd\u2019hui, mais elle les guide vers le passage \u00e0 l\u2019acte, comme \u00e0 Christchurch. La France est devenue la capitale mondiale de l\u2019islamophobie. Certes, la production th\u00e9orique et les actes islamophobes sont majoritairement r\u00e9alis\u00e9s par la droite et l\u2019extr\u00eame-droite, mais la gauche ne peut nier sa part de responsabilit\u00e9. Cette gauche qui pr\u00e9tend se situer en premi\u00e8re ligne contre le racisme participe, de par son attitude \u2013 au mieux passive \u2013 face \u00e0 l\u2019islamophobie, \u00e0 cette oppression raciste \u00e0 travers la d\u00e9fense d\u2019une la\u00efcit\u00e9 au service d\u2019un ordre national et racial, d\u2019un r\u00e9publicanisme chauvin, ou d\u2019un marxisme sectaire et obsol\u00e8te, a du mal \u00e0 voir la gravit\u00e9 de la situation.<\/p>\n<p>Il est grand temps pour la gauche blanche d\u2019inverser totalement la vapeur et de prendre enfin position de fa\u00e7on claire et ouverte contre l\u2019islamophobie en se rangeant du c\u00f4t\u00e9 du mouvement antiraciste et d\u00e9colonial. Un premier pas important a \u00e9t\u00e9 accompli lors de la marche du 10 novembre contre l\u2019islamophobie, durant laquelle une grande partie de la gauche a \u00e9t\u00e9 pr\u00e9sente en nombre. Des personnes peuvent s\u2019inqui\u00e9ter, certes, d\u2019une forme d\u2019opportunisme, il n\u2019en reste pas moins qu\u2019il s\u2019agit d\u2019une v\u00e9ritable prise de position de la part de certains partis ou figures politiques, provoquant de vifs d\u00e9bats dans le champ politique Blanc, \u00e0 l\u2019image de Jean-Luc M\u00e9lenchon, critiqu\u00e9 au sein m\u00eame de la FI. Opportunisme, \u00e9lectoralisme ou non, cela reste malgr\u00e9 tout un pas en avant dans la lutte contre l\u2019islamophobie, rendu possible uniquement par les longues ann\u00e9es de lutte de l\u2019antiracisme politique mais aussi par la gravit\u00e9 de la situation. Il ne s\u2019agit, toutefois, d\u2019un premier pas, la route reste encore longue pour que le combat contre l\u2019islamophobie soit pleinement int\u00e9gr\u00e9 au sein de la gauche blanche<\/p>\n<p><strong>La crise du r\u00e9gime des fronti\u00e8res<\/strong><\/p>\n<p>Les musulmans ne sont pas les seuls \u00e0 constituer les nouveaux \u00ab ennemis de l\u2019int\u00e9rieur \u00bb. Ou du moins, ils ne le sont pas uniquement en tant que \u00ab musulmans \u00bb, mais aussi comme perp\u00e9tuels \u00ab immigr\u00e9s \u00bb, \u00e9ternellement \u00e9trangers au corps national fran\u00e7ais. Dans ce gloubi-boulga identitaire, immigr\u00e9s et musulmans sont amalgam\u00e9s, et constituent la figure d\u2019une alt\u00e9rit\u00e9 radicale. Tout comme l\u2019islamophobie, le rejet des immigr\u00e9s, qui va de pair avec la n\u00e9grophobie et la rromophobie, fait partie int\u00e9grante de l\u2019identit\u00e9 fran\u00e7aise. La Blanchit\u00e9 est au fondement de l\u2019\u00c9tat-nation, et toute intrusion d\u2019\u00e9l\u00e9ments \u00e9trangers vient perturber voire menacer celui-ci. La crise du r\u00e9gime des fronti\u00e8res, que d\u2019autres appellent \u00ab la crise migratoire \u00bb, est aussi une crise raciale et, \u00e0 l\u2019instar de l\u2019islamophobie, la haine des immigr\u00e9s et de tous les non-Blancs s\u2019est intensifi\u00e9e ces derniers temps. Le virage de Macron sur ce sujet est r\u00e9v\u00e9lateur. En difficult\u00e9 sur tous les fronts, le pr\u00e9sident rencontre une r\u00e9sistance de plus en plus farouche \u00e0 son programme n\u00e9olib\u00e9ral. Sur conseils de Nicolas Sarkozy, le si lib\u00e9ral Macron qui a pourtant \u00e9t\u00e9 sobre sur les questions identitaires durant sa campagne pr\u00e9sidentielle, a chang\u00e9 de focale pour surfer \u00e0 pr\u00e9sent sur le spectre de la vague migratoire et en faire le th\u00e8me r\u00e9current de ses interventions. Empruntant la phras\u00e9ologie de la droite, il a dor\u00e9navant pour objectif de faire de \u00ab l\u2019ins\u00e9curit\u00e9 culturelle \u00bb le grand d\u00e9fi de l\u2019acte II du quinquennat, il incite sa majorit\u00e9 \u00e0 cesser d\u2019\u00eatre des \u00ab faux durs \u00bb et \u00e0 regarder enfin en face le \u00ab p\u00e9ril migratoire \u00bb qui s\u2019annonce <a href=\"http:\/\/indigenes-republique.fr\/face-a-la-barbarie-qui-vient-lutopie-decoloniale\/?fbclid=IwAR1Ad7QAbVJavZbdXpNTQmPUOcDWSfF4wESViG76Srmw5OC0F1O8a7G-R7E#_ftn4\">[4]<\/a> pour sortir de la \u00ab bonne conscience \u00bb \u2013 celle qui, probablement, conduit \u00e0 laisser mourir par milliers des \u00eatres humains dans la m\u00e9diterran\u00e9e.<\/p>\n<p>Il faut dire que les \u00ab migrants \u00bb, les r\u00e9fugi\u00e9s, constituent une vraie menace pour les gouvernements occidentaux, puisqu\u2019ils contestent le r\u00e9gime des fronti\u00e8res sur lequel ces \u00c9tats-nations se sont b\u00e2tis. Le racisme instaureune hi\u00e9rarchie raciale pyramidale qui se mat\u00e9rialise aussi dans l\u2019espace, notamment via les fronti\u00e8res. Les territoires sont ainsiracialis\u00e9s et hi\u00e9rarchis\u00e9s, certains sont favoris\u00e9s et d\u2019autres pill\u00e9s. Une sorte d\u2019apartheid mondial s\u2019est form\u00e9\u00a0 dans lequel des r\u00e9gions, situ\u00e9es au nord, concentrent toutes les richesses, apr\u00e8s avoir pill\u00e9 les r\u00e9gions du sud et priv\u00e9 leurs populations d\u2019y acc\u00e9der. C\u2019est cette injustice terrible et cette spoliation abjecte que les \u00ab migrants \u00bb contestent lorsqu\u2019ils s\u2019affranchissent des fronti\u00e8res, construction tir\u00e9e de la Modernit\u00e9 occidentale, et prennent la route du Nord \u00e0 la qu\u00eate d\u2019une situation plus vivable.<\/p>\n<p>Le \u00ab tournant \u00bb de Macron n\u2019est pas surprenant, m\u00eame si ce n\u00e9olib\u00e9ral n\u2019avait pas, dans un premier temps, fait de la question raciale son fonds de commerce principal, il n\u2019h\u00e9site pas \u00e0 en user quand cela s\u2019av\u00e8re utile. N\u00e9anmoins, on ne peut nier la gravit\u00e9 de la situation, car ce virage n\u2019a pas pour seul but de masquer l\u2019incapacit\u00e9 du gouvernement, ent\u00eat\u00e9 dans son projet de d\u00e9structuration de l\u2019\u00c9tat social, \u00e0 r\u00e9pondre \u00e0 la col\u00e8re populaire, maisil vise surtout un autre projet, \u00e0 plus long terme, d\u00e9j\u00e0 annonc\u00e9 par Macron\u00a0: \u00ab\u00a0anticiper un bouleversement mondial en termes d\u2019immigration\u00a0\u00bb, qui menace ce r\u00e9gime des fronti\u00e8res des \u00c9tats-nations occidentaux. Que Macron parle de \u00ab\u00a0bouleversement mondial\u00a0\u00bb est d\u2019une importance capitale, mais face aux d\u00e9fis \u00e9normes qui s\u2019annoncent dans les prochaines ann\u00e9es, le gouvernement semble faire son choix, celui d\u2019un autoritarisme vert. Les crises actuelles, la mont\u00e9e de l\u2019autoritarisme, la fascisation du pouvoir, sont aussi li\u00e9es \u00e0 la crise \u00e9cologique qui est elle-m\u00eame li\u00e9e \u00e0 la domination coloniale, \u00e0 l\u2019imp\u00e9rialisme, au racisme, en somme, \u00e0 la Blanchit\u00e9.<\/p>\n<p><strong>La crise \u00e9cologique<\/strong><\/p>\n<p>L\u2019\u00e9cologie devient un sujet prioritaire, port\u00e9e \u00e0 pr\u00e9sent par l\u2019ensemble du champ politique, de l\u2019extr\u00eame-gauche \u00e0 l\u2019extr\u00eame-droite. Ce combat \u00e9cologique se d\u00e9cline, bien entendu, en plusieurs variantes selon la couleur politique, mais il semble que l\u2019aveuglement \u00e0 la question d\u00e9coloniale reste la norme pour une grande majorit\u00e9 de ses acteurs. Macron surfe d\u2019ailleurs sur la vague et affute ses armes politiques pour appara\u00eetre comme le \u00ab champion de la Terre \u00bb au niveau international. Fort heureusement, la majorit\u00e9 des militants aux tendances \u00e9cologistes en France ne sont pas dupes face \u00e0 cette fumisterie et ses grandes hom\u00e9lies verd\u00e2tres, et ne manquent pas de d\u00e9noncer l\u2019\u00ab inaction climatique \u00bb du Pr\u00e9sident. Ils se trompent n\u00e9anmoins, Macron est loin d\u2019\u00eatre inactif, au contraire, il s\u2019active \u00e9nergiquement pour soutenir toutes les entreprises polluantes et extractivistes dans leurs projets \u2013 comme celui de la \u00ab montagne d\u2019or \u00bb en Guyane, exploitation aurif\u00e8re qui constitue un v\u00e9ritable d\u00e9sastre pour l\u2019environnement \u2013, tout en menant une politique de <em>greenwashing<\/em>.<\/p>\n<p>Que les choses soient claires, le gouvernement compte faire le minimum en mati\u00e8re d\u2019environnement. Bien conscient que la voie du \u00ab\u00a0capitalisme vert\u00a0\u00bb est une belle arnaque, il n\u2019a aucunement l\u2019intention de remettre en cause le mode de production en place et se pr\u00e9pare d\u00e9j\u00e0 \u00e0 un monde plus chaud. Il faut dire que si la plan\u00e8te se r\u00e9chauffe globalement, toutes les r\u00e9gions ne seront pas touch\u00e9es ni au m\u00eame moment ni au m\u00eame degr\u00e9. La crise climatique est en effet une probl\u00e9matique radicalement injuste car lesEtats occidentaux, premiers responsables, seront les derniers affect\u00e9s. Alors, que les discours des collapsologues se font de plus en plus courants, le sc\u00e9nario le plus probable ne sera pas celui d\u2019un effondrement total et mondial de la civilisation techno-industrielle \u2013 que nous appelons, nous, la Modernit\u00e9 occidentale \u2013, mais plut\u00f4t les effondrements locaux, situ\u00e9s majoritairement dans les pays du sud. Les mod\u00e8les climatiques sont formels, les premi\u00e8res r\u00e9gions qui seront inhabitables se situent bien dans ces zones. Ces situations d\u00e9sastreuses vont conduire \u00e0 des d\u00e9placements massifs de populations, plusieurs centaines de millions de r\u00e9fugi\u00e9s climatiques seront en qu\u00eate de terres d\u2019asiles. Et c\u2019est justement contre cela que les \u00c9tats occidentaux se pr\u00e9parent. Nous avan\u00e7ons tout droit vers ce que l\u2019ONU appelle \u00ab l\u2019apartheid climatique \u00bb<a href=\"http:\/\/indigenes-republique.fr\/face-a-la-barbarie-qui-vient-lutopie-decoloniale\/?fbclid=IwAR1Ad7QAbVJavZbdXpNTQmPUOcDWSfF4wESViG76Srmw5OC0F1O8a7G-R7E#_ftn5\">[5]<\/a>, avec des r\u00e9gions plus ou moins \u00e9pargn\u00e9es, mais dont les fronti\u00e8res seront fortement ferm\u00e9es et surveill\u00e9es pour emp\u00eacher ces millions de personnes de passer. Le virage de Macron sur l\u2019immigration s\u2019inscrit totalement dans cette trajectoire. La dystopie la plus probable est donc la perspective de ces \u00c9tats fascistes-verts, un tant soit peu pr\u00e9serv\u00e9s du d\u00e9sastre \u00e9cologique, justifiant leurs mesures racistes et autoritaires par la n\u00e9cessit\u00e9 \u00e9cologique et \u00e9rigeant \u00e0 ses fronti\u00e8res de grandes barri\u00e8res ultra-surveill\u00e9es pour se pr\u00e9munir de \u00ab\u00a0l\u2019invasion\u00a0\u00bb des populations du sud oblig\u00e9es de quitter leurs territoires. La crise \u00e9cologique n\u2019est finalement que la perp\u00e9tuation de la domination coloniale et de l\u2019imp\u00e9rialisme occidental.<\/p>\n<p><strong>La n\u00e9cessaire voie d\u00e9coloniale<\/strong><\/p>\n<p>Tous ces marqueurs nous prouvent encore une fois l\u2019extr\u00eame radicalisation du Pouvoir Blanc en France, mais aussi en Italie, en Hongrie, au Br\u00e9sil ou m\u00eame aux \u00c9tats-Unis. La r\u00e9pression des mouvements sociaux, la n\u00e9grophobie, l\u2019islamophobie, la haine des r\u00e9fugi\u00e9s, la crise \u00e9cologique, sont les produits du m\u00eame ph\u00e9nom\u00e8ne de pouvoir et se recoupent. Tous ceux qui souhaitent enrayer cette trajectoire inqui\u00e9tante doivent s\u2019int\u00e9resser de tr\u00e8s pr\u00e8s aux arguments d\u00e9coloniaux, m\u00eame en termes d\u2019\u00e9cologie. \u00catre d\u00e9colonial, c\u2019est s\u2019opposer frontalement \u00e0 la Modernit\u00e9 occidentale qui saccage la plan\u00e8te, et donc participer du combat \u00e9cologique. Une lutte \u00e9cologiste qui n\u2019est pas d\u00e9coloniale, ne peut \u00eatre une lutte \u00e9cologiste cons\u00e9quente. Le d\u00e9fi du d\u00e9sastre climatique ne peut \u00eatre relev\u00e9 uniquement par un nouveau mod\u00e8le \u00e9conomique, mais par un r\u00e9el changement de mode de production et surtout par un v\u00e9ritable bouleversement paradigmatique, en mettant \u00e0 bas cette Modernit\u00e9 occidentale.<\/p>\n<p>Pendant que les populations du Nord s\u2019inqui\u00e8tent d\u2019un possible effondrement, il est utile de leur rappeler que la Modernit\u00e9 occidentale, le capitalisme, leur mode de vie, sont d\u00e9j\u00e0 bas\u00e9s sur des effondrements : effondrement des populations am\u00e9rindiennes, des populations aborig\u00e8nes, de la biodiversit\u00e9, d\u2019une multitude de cultures et modes de vie au profit de l\u2019uniformisation bas\u00e9e sur le mod\u00e8le occidental, etc. Le combat \u00e9cologique a d\u2019abord \u00e9t\u00e9 port\u00e9 par les populations du Sud, et ce, depuis l\u2019arriv\u00e9e des Blancs sur leurs terres. D\u00e8s le d\u00e9but de la colonisation, ces m\u00eames populations ont alert\u00e9 du danger que constituait le comportement des Blancs, s\u2019\u00e9rigeant en ma\u00eetres absolus des \u00eatres vivants et de la nature dont ils pourraient disposer comme bon leur semble. Des centaines d\u2019ann\u00e9es apr\u00e8s, cette philosophie a fini par conduire au d\u00e9sastre auquel nous assistons aujourd\u2019hui. Le combat r\u00e9cent \u00ab pour la justice environnementale \u00bb lui-m\u00eame, d\u2019apr\u00e8s Razmig Keucheyan, n\u2019est pas issu des groupes \u00e9cologistes, mais directement du mouvement des droits civiques \u2013 qui a popularis\u00e9 les modes d\u2019action que l\u2019on retrouve par exemple \u00e0 <em>Extinction Rebellion<\/em> (pacifisme, l\u00e9galisme, sit-in, boycott, marches, etc.) \u2013, car la question de la pollution (notamment la gestion des d\u00e9chets) touchait plus directement les populations Noires am\u00e9ricaines<a href=\"http:\/\/indigenes-republique.fr\/face-a-la-barbarie-qui-vient-lutopie-decoloniale\/?fbclid=IwAR1Ad7QAbVJavZbdXpNTQmPUOcDWSfF4wESViG76Srmw5OC0F1O8a7G-R7E#_ftn6\">[6]<\/a>. Par ailleurs, comme l\u2019a remarquablement relev\u00e9 l\u2019anthropologue Ghassan Hage dans son livre <em>Le Loup et le Musulman<\/em><a href=\"http:\/\/indigenes-republique.fr\/face-a-la-barbarie-qui-vient-lutopie-decoloniale\/?fbclid=IwAR1Ad7QAbVJavZbdXpNTQmPUOcDWSfF4wESViG76Srmw5OC0F1O8a7G-R7E#_ftn7\">[7]<\/a>, on ne peut \u00eatre \u00e9cologiste sans \u00eatre anti-raciste et inversement. La crise \u00e9cologique et le racisme sont \u00e9troitement li\u00e9s, et reposent selon lui sur une m\u00eame logique\u00a0: gouverner l\u2019ingouvernable. Le projet colonial \u00e9tant de \u00ab\u00a0civiliser un espace sauvage\u00a0\u00bb, l\u2019Indig\u00e8ne est, tout comme la nature, un \u00e9l\u00e9ment que la Blanchit\u00e9 tente de domestiquer sans y parvenir enti\u00e8rement. Aussi, dans l\u2019imaginaire colonial, l\u2019Indig\u00e8ne est un sous-homme, situ\u00e9 \u00e0 une place interm\u00e9diaire entre l\u2019animal et l\u2019homme, entre la nature sauvage et la civilisation humaine. Le lien entre la crise \u00e9cologique et le racisme est clair et les deux se conjuguent. \u00c0 l\u2019impossibilit\u00e9 de contenir le r\u00e9chauffement climatique s\u2019ajoute l\u2019impossibilit\u00e9 de g\u00e9rer la \u00ab crise migratoire \u00bb, elles constitueraient ainsi les deux dangers mettant en p\u00e9ril la sup\u00e9riorit\u00e9 de cette \u00ab\u00a0civilisation occidentale\u00a0\u00bb.<\/p>\n<p>Le mouvement \u00e9cologique a raison d\u2019inciter tous les autres mouvements \u00e0 prendre la mesure du probl\u00e8me et \u00e0 faire de la question environnementale un enjeu majeur. Mais poser la question de l\u2019\u00e9cologie et de la pr\u00e9servation de la nature de mani\u00e8re abstraite, comme simple \u00ab protection de l\u2019environnement \u00bb, est une strat\u00e9gie vou\u00e9e \u00e0 l\u2019\u00e9chec tant elle peut \u00eatre r\u00e9cup\u00e9rable (et est r\u00e9cup\u00e9r\u00e9e) par l\u2019ensemble du champ politique, y compris l\u2019extr\u00eame-droite. Plut\u00f4t que de se centrer sur l\u2019\u00e9cologie en tant que telle, les mouvements de lutte pour l\u2019environnement ont tout int\u00e9r\u00eat \u00e0 d\u00e9cloisonner leurs actions et \u00e0 r\u00e9aliser enfin que ce d\u00e9fi passe par d\u2019autres combats qui, pour para\u00eetre annexes, sont en r\u00e9alit\u00e9 centraux. Comme ceux port\u00e9s par le mouvement d\u00e9colonial qui est \u00e9cologiste par sa remise en cause de la Modernit\u00e9 occidentale, son mode de production et son paradigme politico-philosophique. Il est \u00e9cologiste par sa lutte contre le racisme, pour le droit et la dignit\u00e9 des immigr\u00e9s et par le soutien qu\u2019il apporte aux peuples du Sud qui, comme nous l\u2019avons vu, sont en premi\u00e8re ligne contre la destruction de la plan\u00e8te puisqu\u2019ils en sont les premi\u00e8res victimes. Enfin, il est \u00e9cologiste par son combat anti-imp\u00e9rialiste. Cet imp\u00e9rialisme qui reste le grand oubli\u00e9 de tous les discours \u00e9cologistes. Pendant que certains parlent d\u2019anthropoc\u00e8ne ou de capitaloc\u00e8ne pour qualifier l\u2019\u00e8re g\u00e9ologique dans laquelle nous sommes, d\u2019autres, comme Jean-Baptiste Fressoz, proposent le terme thanatoc\u00e8ne<a href=\"http:\/\/indigenes-republique.fr\/face-a-la-barbarie-qui-vient-lutopie-decoloniale\/?fbclid=IwAR1Ad7QAbVJavZbdXpNTQmPUOcDWSfF4wESViG76Srmw5OC0F1O8a7G-R7E#_ftn8\">[8]<\/a>, pour mettre l\u2019accent sur l\u2019ampleur du r\u00f4le jou\u00e9 par l\u2019industrie militaire dans la catastrophe climatique, comme l\u2019arm\u00e9e am\u00e9ricaine qui pollue, \u00e0 elle seule, plus que 140 pays.<\/p>\n<p>En annon\u00e7ant derni\u00e8rement que le budget de l\u2019arm\u00e9e fran\u00e7aise allait augmenter d\u20191,7 milliard d\u2019euros en 2020<a href=\"http:\/\/indigenes-republique.fr\/face-a-la-barbarie-qui-vient-lutopie-decoloniale\/?fbclid=IwAR1Ad7QAbVJavZbdXpNTQmPUOcDWSfF4wESViG76Srmw5OC0F1O8a7G-R7E#_ftn9\">[9]<\/a>, Florence Parly prouve encore une fois que le gouvernement ne se soucie que tr\u00e8s peu de l\u2019environnement. La trajectoire est claire et se joue sur deux plans\u00a0: le premier int\u00e9rieur, le second ext\u00e9rieur et tous deux refl\u00e8tent le signe de radicalisation du Pouvoir Blanc. Sur le plan int\u00e9rieur, les Indig\u00e8nes continueront \u00e0 \u00eatre \u00e9rig\u00e9s en ennemis d\u00e9clar\u00e9s sur lesquels l\u2019\u00c9tat va renforcer son pacte national-racial, tout en poursuivant sa politique de casse sociale, etjustifier par la m\u00eame occasion toutes les mesures autoritaires et racistes qu\u2019il souhaite mettre en place, qu\u2019il s\u2019agisse des questions de s\u00e9curit\u00e9 nationale \u2013 l\u2019\u00e9tat d\u2019urgence en a \u00e9t\u00e9 l\u2019illustration parfaite \u2013, d\u2019\u00e9cologie, ou m\u00eame de \u00ab pr\u00e9servation du mode de vie europ\u00e9en \u00bb. Sur le plan ext\u00e9rieur, la France continuera \u00e0 mener sa politique imp\u00e9rialiste, \u00e0 piller les ressources de la plan\u00e8te jusqu\u2019\u00e0 la derni\u00e8re goutte tout en laissant mourir les personnes qui tentent de fuir le d\u00e9sastre dont elle est l\u2019auteure et justifiera sa politique belliqueuse \u00e0 l\u2019aide de la th\u00e9orie du \u00ab choc des civilisations \u00bb.<\/p>\n<p>Si le courant d\u00e9colonial est aussi calomni\u00e9 et attaqu\u00e9 par le champ politique, m\u00e9diatique et acad\u00e9mique, c\u2019est que le Pouvoir Blanc est conscient des effets de cette critique radicale de la Modernit\u00e9 occidentale et de l\u2019\u00c9tat-nation, m\u00e8res de tous les maux actuels. Face au p\u00e9ril de la fascisation qui ne cesse de monter, \u00e0 la radicalisation de la supr\u00e9matie blanche, \u00e0 l\u2019ultra-capitalisme, \u00e0 une crise \u00e9cologique sans pr\u00e9c\u00e9dent, la voie d\u00e9coloniale reste celle qui offre la possibilit\u00e9 d\u2019un autre paradigme. Un cadeau loin d\u2019\u00eatre insignifiant pour l\u2019aile contestataire du champ politique Blanc, puisque celui-ci semble se rebiffer peu \u00e0 peu et tente de s\u2019organiser massivement pour contrer cette trajectoire alarmante, comme nous le montre la perspective encourageante d\u2019un grand mouvement de gr\u00e8ve le 5 d\u00e9cembre. N\u00e9anmoins, on ne pourra se contenter d\u2019un mouvement dont les revendications portent exclusivement sur les questions \u00e9conomiques, il faut aussi d\u00e9noncer les violences polici\u00e8res, le racisme, l\u2019imp\u00e9rialisme, etc. La gauche blanche, qui peine \u00e0 imaginer une alternative enviable, un futur d\u00e9sirable, a donc tout int\u00e9r\u00eat \u00e0 \u00e9couter et travailler de concert avec les militants d\u00e9coloniaux\u2026 La voie d\u00e9coloniale peut l\u2019aider \u00e0 faire na\u00eetre sa nouvelle utopie.<\/p>\n<p>Cette proposition n\u2019est pas abstraite, notre invitation \u00e0 emprunter cette voie d\u00e9coloniale et antiraciste peut \u00eatre r\u00e9alis\u00e9e sur le terrain des mobilisations. Le 8 d\u00e9cembre aura lieu la Marche des mamans pour la Justice et la Dignit\u00e9. Si nous souhaitons b\u00e2tir un bloc contre-h\u00e9g\u00e9monique, cette initiative lanc\u00e9e par 151 mamans de Mantes-La-Jolie doit \u00eatre saisie par la gauche blanche comme une \u00e9tape importante, celle qui permet \u00e0 la voie d\u00e9coloniale de se renforcer et \u00e0 la gauche de s\u2019y mobiliser. En manifestant le 8 d\u00e9cembre pour demander justice et dignit\u00e9 pour leurs enfants, victimes de violences polici\u00e8res, ces mamans sont porteuses d\u2019un combat contre la fascisation de l\u2019\u00c9tat. Le traitement raciste qui a \u00e9t\u00e9 r\u00e9serv\u00e9 \u00e0 leurs enfants n\u2019est que l\u2019illustration de la fa\u00e7on dont on traite les \u00ab nuisibles \u00bb qu\u2019il faut mater. Un traitement qui n\u2019est plus r\u00e9serv\u00e9 aux seuls Indig\u00e8nes, mais aussi aux Blancs qui osent aller trop loin dans leurs contestations. En exigeant justice et dignit\u00e9 pour leurs enfants, ces m\u00e8res exigent justice et dignit\u00e9 pour l\u2019ensemble des Indig\u00e8nes, pour l\u2019ensemble des cit\u00e9s de l\u2019immigration d\u00e9sh\u00e9rit\u00e9es et fliqu\u00e9es, pour l\u2019ensemble des musulmans insult\u00e9s chaque jour, pour l\u2019ensemble des Gilets Jaunes et des militants r\u00e9prim\u00e9s par la police, pour l\u2019ensemble des sans-papiers pourchass\u00e9s par l\u2019\u00c9tat, pour l\u2019ensemble des r\u00e9fugi\u00e9s noy\u00e9s en M\u00e9diterran\u00e9e, pour l\u2019ensemble des peuples autochtones victimes en premi\u00e8re ligne de la barbarie occidentale, pour l\u2019ensemble des pays du sud, toujours sous la domination de l\u2019imp\u00e9rialisme et pour que l\u2019ensemble des enfants puisse esp\u00e9rer \u00e0 un avenir digne.<\/p>\n<div class=\"wp-block-image\">\n<figure class=\"aligncenter\"><img decoding=\"async\" class=\"wp-image-62304\" src=\"http:\/\/indigenes-republique.fr\/wp-content\/uploads\/2019\/11\/Sans-titre.png\" sizes=\"(max-width: 360px) 100vw, 360px\" srcset=\"http:\/\/indigenes-republique.fr\/wp-content\/uploads\/2019\/11\/Sans-titre.png 360w, http:\/\/indigenes-republique.fr\/wp-content\/uploads\/2019\/11\/Sans-titre-255x300.png 255w, http:\/\/indigenes-republique.fr\/wp-content\/uploads\/2019\/11\/Sans-titre-300x353.png 300w\" alt=\"\" \/><\/figure>\n<\/div>\n<p>La radicalisation de la supr\u00e9matie Blanche est directement li\u00e9e \u00e0 la mont\u00e9e en puissance des forces Indig\u00e8nes. En d\u00e9veloppant sa force et son pouvoir, le monde non-Blanc fait d\u00e9cliner la force et le pouvoir du monde Blanc. Ce monde non-Blanc est actuellement en plein \u00e9veil, partout dans le Sud \u2013 Alg\u00e9rie, B\u00e9nin, Chili, \u00c9gypte, \u00c9quateur, Guin\u00e9e, Ha\u00efti, Irak, Liban, Palestine, Togo, Tunisie, Uruguay\u2026 \u2013 des r\u00e9voltes et insurrection \u00e9clatent, les peuples du Sud se soul\u00e8vent et montrent la voie pour faire tomber cette Modernit\u00e9 occidentale avec l\u2019espoir de faire \u00e9merger une autre civilisation. \u00c0 nous, habitants du Nord, de les suivre. Nous, d\u00e9coloniaux, faisons n\u00f4tre l\u2019invitation de Frantz Fanon \u00e0 quitter cette civilisation \u00ab\u00a0qui n\u2019en finit pas de parler de l\u2019Homme tout en le massacrant partout o\u00f9 elle le rencontre, \u00e0 tous les coins de ses propres rues, \u00e0 tous les coins du monde. Voici des si\u00e8cles que l\u2019Europe a stopp\u00e9 la progression des autres hommes et les a asservis \u00e0 ses desseins et \u00e0 sa gloire\u00a0; des si\u00e8cles qu\u2019au nom d\u2019une pr\u00e9tendue \u00ab\u00a0aventure spirituelle\u00a0\u00bb elle \u00e9touffe la quasi-totalit\u00e9 de l\u2019humanit\u00e9<a href=\"http:\/\/indigenes-republique.fr\/face-a-la-barbarie-qui-vient-lutopie-decoloniale\/?fbclid=IwAR1Ad7QAbVJavZbdXpNTQmPUOcDWSfF4wESViG76Srmw5OC0F1O8a7G-R7E#_ftn10\">[10]<\/a>\u00a0\u00bb. Nous encourageons tout le mouvement contestataire Blanc, r\u00e9formiste ou r\u00e9volutionnaire, \u00e0 nous rejoindre\u2026 \u00ab\u00a0Allons, camarades, le jeu europ\u00e9en est d\u00e9finitivement termin\u00e9, il faut trouver autre chose<a href=\"http:\/\/indigenes-republique.fr\/face-a-la-barbarie-qui-vient-lutopie-decoloniale\/?fbclid=IwAR1Ad7QAbVJavZbdXpNTQmPUOcDWSfF4wESViG76Srmw5OC0F1O8a7G-R7E#_ftn11\">[11]<\/a>.\u00a0\u00bb<\/p>\n<p><strong>Wissam Xelka, membre du PIR<\/strong><\/p>\n<hr class=\"wp-block-separator\" \/>\n<p><a href=\"http:\/\/indigenes-republique.fr\/face-a-la-barbarie-qui-vient-lutopie-decoloniale\/?fbclid=IwAR1qmjEfwjezdR2aXal0y1eYKzxSUmGWDLgZZosmc6kKxxrXN9yaanbCcX8#_ftnref1\">[1]<\/a>Ugo Palheta, <em>La possibilit\u00e9 du fascisme. France, la trajectoire du d\u00e9sastre<\/em>, La D\u00e9couverte, Paris, 2018. 276 p.<\/p>\n<p><a href=\"http:\/\/indigenes-republique.fr\/face-a-la-barbarie-qui-vient-lutopie-decoloniale\/?fbclid=IwAR1qmjEfwjezdR2aXal0y1eYKzxSUmGWDLgZZosmc6kKxxrXN9yaanbCcX8#_ftnref2\">[2]<\/a>https:\/\/www.lejdd.fr\/Politique\/jean-michel-blanquer-le-voile-nest-pas-souhaitable-dans-notre-societe-3925188<\/p>\n<p><a href=\"http:\/\/indigenes-republique.fr\/face-a-la-barbarie-qui-vient-lutopie-decoloniale\/?fbclid=IwAR1qmjEfwjezdR2aXal0y1eYKzxSUmGWDLgZZosmc6kKxxrXN9yaanbCcX8#_ftnref3\">[3]<\/a>https:\/\/www.europe1.fr\/politique\/christophe-castaner-liste-les-signes-de-radicalisation-religieuse-vous-avez-une-barbe-vous-meme-lui-repond-un-depute-3924324<\/p>\n<p><a href=\"http:\/\/indigenes-republique.fr\/face-a-la-barbarie-qui-vient-lutopie-decoloniale\/?fbclid=IwAR1qmjEfwjezdR2aXal0y1eYKzxSUmGWDLgZZosmc6kKxxrXN9yaanbCcX8#_ftnref4\">[4]<\/a>https:\/\/www.lesechos.fr\/politique-societe\/societe\/immigration-macron-prepare-les-siens-a-un-virage-1130261<\/p>\n<p><a href=\"http:\/\/indigenes-republique.fr\/face-a-la-barbarie-qui-vient-lutopie-decoloniale\/?fbclid=IwAR1qmjEfwjezdR2aXal0y1eYKzxSUmGWDLgZZosmc6kKxxrXN9yaanbCcX8#_ftnref5\">[5]<\/a>https:\/\/reporterre.net\/Un-rapporteur-de-l-ONU-met-en-garde-contre-le-risque-d-apartheid-climatique<\/p>\n<p><a href=\"http:\/\/indigenes-republique.fr\/face-a-la-barbarie-qui-vient-lutopie-decoloniale\/?fbclid=IwAR1qmjEfwjezdR2aXal0y1eYKzxSUmGWDLgZZosmc6kKxxrXN9yaanbCcX8#_ftnref6\">[6]<\/a>Razmig Keucheyan,<em> La nature est un champ de bataille. Essai d\u2019\u00e9cologie politique<\/em>, La D\u00e9couverte, Paris, 2014. 176 p.<\/p>\n<p><a href=\"http:\/\/indigenes-republique.fr\/face-a-la-barbarie-qui-vient-lutopie-decoloniale\/?fbclid=IwAR1qmjEfwjezdR2aXal0y1eYKzxSUmGWDLgZZosmc6kKxxrXN9yaanbCcX8#_ftnref7\">[7]<\/a>Ghassan Hage, <em>Le loup et le Musulman<\/em>, Wildproject Editions, Paris, 2017. 144 p.<\/p>\n<p><a href=\"http:\/\/indigenes-republique.fr\/face-a-la-barbarie-qui-vient-lutopie-decoloniale\/?fbclid=IwAR1qmjEfwjezdR2aXal0y1eYKzxSUmGWDLgZZosmc6kKxxrXN9yaanbCcX8#_ftnref8\">[8]<\/a>https:\/\/www.revue-ballast.fr\/jean-baptiste-fressoz-desintellectualiser-la-critique-est-fondamental-pour-avancer\/<\/p>\n<p><a href=\"http:\/\/indigenes-republique.fr\/face-a-la-barbarie-qui-vient-lutopie-decoloniale\/?fbclid=IwAR1qmjEfwjezdR2aXal0y1eYKzxSUmGWDLgZZosmc6kKxxrXN9yaanbCcX8#_ftnref9\">[9]<\/a>https:\/\/www.europe1.fr\/politique\/florence-parly-le-budget-des-armees-va-augmenter-d17-milliards-deuros-en-2020-3921540<\/p>\n<p><a href=\"http:\/\/indigenes-republique.fr\/face-a-la-barbarie-qui-vient-lutopie-decoloniale\/?fbclid=IwAR1qmjEfwjezdR2aXal0y1eYKzxSUmGWDLgZZosmc6kKxxrXN9yaanbCcX8#_ftnref10\">[10]<\/a>Fanon Frantz, <em>Les damn\u00e9s de la terre<\/em>, La D\u00e9couverte, Paris, 2002, p.\u00a0301<\/p>\n<p><a href=\"http:\/\/indigenes-republique.fr\/face-a-la-barbarie-qui-vient-lutopie-decoloniale\/?fbclid=IwAR1qmjEfwjezdR2aXal0y1eYKzxSUmGWDLgZZosmc6kKxxrXN9yaanbCcX8#_ftnref11\">[11]<\/a><em>Ibid,<\/em> p.\u00a0302<\/p>\n<p><a href=\"http:\/\/indigenes-republique.fr\/face-a-la-barbarie-qui-vient-lutopie-decoloniale\/?fbclid=IwAR1qmjEfwjezdR2aXal0y1eYKzxSUmGWDLgZZosmc6kKxxrXN9yaanbCcX8\">SOURCE<\/a><\/p>\n","protected":false},"excerpt":{"rendered":"<p>Il s\u2019agit pour le Tiers-Monde de recommencer une histoire de l\u2019Homme. Frantz Fanon. Il y a des p\u00e9riodes au cours desquelles l\u2019histoire semble s\u2019acc\u00e9l\u00e9rer et tout nous porte \u00e0 croire que nous sommes dans l\u2019une d\u2019entre elles. Il y a \u00e0 peine plus d\u2019un an sortait le livre d\u2019Ugo Palheta, La possibilit\u00e9 du fascisme[1], alertant &#8230; <a title=\"Face \u00e0 la barbarie qui vient, l\u2019utopie d\u00e9coloniale\" class=\"read-more\" href=\"https:\/\/bruxelles-pantheres.be\/?p=4320\" aria-label=\"En savoir plus sur Face \u00e0 la barbarie qui vient, l\u2019utopie d\u00e9coloniale\">Lire la suite<\/a><\/p>\n","protected":false},"author":1,"featured_media":2887,"comment_status":"open","ping_status":"open","sticky":false,"template":"","format":"standard","meta":{"footnotes":""},"categories":[1,35,21,36,4,7,18,28,5],"tags":[102,417],"class_list":["post-4320","post","type-post","status-publish","format-standard","has-post-thumbnail","hentry","category-non-classe","category-amerique-du-sud","category-anti-imperialisme","category-europe","category-islamophobie","category-negrophobie","category-resistance-bruxelles","category-racismes","category-violence-policiere","tag-decolonial","tag-wissam-xelka"],"_links":{"self":[{"href":"https:\/\/bruxelles-pantheres.be\/index.php?rest_route=\/wp\/v2\/posts\/4320","targetHints":{"allow":["GET"]}}],"collection":[{"href":"https:\/\/bruxelles-pantheres.be\/index.php?rest_route=\/wp\/v2\/posts"}],"about":[{"href":"https:\/\/bruxelles-pantheres.be\/index.php?rest_route=\/wp\/v2\/types\/post"}],"author":[{"embeddable":true,"href":"https:\/\/bruxelles-pantheres.be\/index.php?rest_route=\/wp\/v2\/users\/1"}],"replies":[{"embeddable":true,"href":"https:\/\/bruxelles-pantheres.be\/index.php?rest_route=%2Fwp%2Fv2%2Fcomments&post=4320"}],"version-history":[{"count":1,"href":"https:\/\/bruxelles-pantheres.be\/index.php?rest_route=\/wp\/v2\/posts\/4320\/revisions"}],"predecessor-version":[{"id":4322,"href":"https:\/\/bruxelles-pantheres.be\/index.php?rest_route=\/wp\/v2\/posts\/4320\/revisions\/4322"}],"wp:featuredmedia":[{"embeddable":true,"href":"https:\/\/bruxelles-pantheres.be\/index.php?rest_route=\/wp\/v2\/media\/2887"}],"wp:attachment":[{"href":"https:\/\/bruxelles-pantheres.be\/index.php?rest_route=%2Fwp%2Fv2%2Fmedia&parent=4320"}],"wp:term":[{"taxonomy":"category","embeddable":true,"href":"https:\/\/bruxelles-pantheres.be\/index.php?rest_route=%2Fwp%2Fv2%2Fcategories&post=4320"},{"taxonomy":"post_tag","embeddable":true,"href":"https:\/\/bruxelles-pantheres.be\/index.php?rest_route=%2Fwp%2Fv2%2Ftags&post=4320"}],"curies":[{"name":"wp","href":"https:\/\/api.w.org\/{rel}","templated":true}]}}