{"id":4330,"date":"2019-11-10T01:40:15","date_gmt":"2019-11-10T00:40:15","guid":{"rendered":"https:\/\/bruxelles-pantheres.be\/?p=4330"},"modified":"2019-12-28T18:51:43","modified_gmt":"2019-12-28T17:51:43","slug":"proces-dont-shoot-la-justice-confirme-le-droit-de-diffuser-des-images-non-floutees-de-la-police","status":"publish","type":"post","link":"https:\/\/bruxelles-pantheres.be\/?p=4330","title":{"rendered":"Proc\u00e8s DON\u2019T SHOOT: La justice confirme le droit de diffuser des images non flout\u00e9es de la police"},"content":{"rendered":"<p><strong>Le tribunal de premi\u00e8re instance de Bruxelles donne raison aux organisateurs de l\u2019exposition \u00ab DON\u2019T SHOOT \u00bb en reconnaissant le droit de publier des photos non flout\u00e9es de la police dans l\u2019exercice de ses fonctions dans l\u2019espace public. Une victoire pour le droit d\u2019informer et la libert\u00e9 d\u2019expression, piliers de toute soci\u00e9t\u00e9 d\u00e9mocratique.<\/strong><\/p>\n<p>Pour rappel, en novembre 2018, la Ligue des droits humains, ZinTV, le Collectif Krasnyi et Fr\u00e9d\u00e9ric Moreau de Bellaing organisaient la premi\u00e8re \u00e9dition de \u00ab\u00a0DON\u2019T SHOOT\u00a0\u00bb, une exposition collective, \u00e0 vis\u00e9e tant artistique qu\u2019\u00e9ducative. Les images d\u00e9crivent des interventions polici\u00e8res men\u00e9es dans l\u2019espace public \u00e0 l\u2019encontre de migrant\u00b7e\u00b7s, de mouvements sociaux et de citoyen\u00b7ne\u00b7s organis\u00e9\u00b7e\u00b7s, dans l\u2019objectif d\u2019illustrer et de mettre en d\u00e9bat les atteintes aux libert\u00e9s de manifestation et d\u2019expression dont sont victimes certains mouvements sociaux, activistes et journalistes.<\/p>\n<p>Le 3 octobre 2019, les organisateurs de l\u2019exposition ont \u00e9t\u00e9 assign\u00e9s en justice par la zone de police Bruxelles-Capitale-Ixelles et quatre de ses membres. Les policiers consid\u00e9raient que leur droit \u00e0 la vie priv\u00e9e et \u00e0 l\u2019image avaient \u00e9t\u00e9 viol\u00e9s, ainsi que leur droit \u00e0 l\u2019honneur et \u00e0 la r\u00e9putation, parce qu\u2019ils apparaissent reconnaissables sur des photos qui les montrent dans l\u2019exercice de leurs fonctions.<!--more--><\/p>\n<p><strong>Par une d\u00e9cision du 24 octobre dernier, le tribunal de premi\u00e8re instance de Bruxelles a jug\u00e9 qu\u2019il n\u2019y avait pas lieu d\u2019interdire la diffusion des images non flout\u00e9es des policiers dans l\u2019exercice de leurs fonctions.<\/strong>\u00a0C\u2019est un soulagement et une victoire pour les organisateurs de l\u2019exposition mais surtout pour la libert\u00e9 d\u2019informer de tou\u00b7te\u00b7s les journalistes et citoyen\u00b7ne\u00b7s\u00a0!<\/p>\n<p>Dans son jugement, le tribunal reconna\u00eet la vocation journalistique et p\u00e9dagogique incontestable de l\u2019exposition et l\u2019importance du sujet d\u2019int\u00e9r\u00eat g\u00e9n\u00e9ral que constitue la d\u00e9nonciation des violences polici\u00e8res. Il estime que les policiers sont assimil\u00e9s \u00e0 des personnes publiques ayant donn\u00e9 une autorisation tacite \u00e0 la prise et \u00e0 la reproduction de leur image \u00e0 des fins d\u2019information. Par cons\u00e9quent, les images des policiers qui sont expos\u00e9es dans \u00ab\u00a0DON\u2019T SHOOT\u00a0\u00bb ne portent pas d\u2019atteintes disproportionn\u00e9es aux droits de ceux-ci. Le tribunal souligne \u00e9galement le r\u00f4le de \u00ab\u00a0chien de garde\u00a0\u00bb jou\u00e9 par les m\u00e9dias d\u00e8s lors qu\u2019ils t\u00e9moignent de la r\u00e9alit\u00e9 des interventions polici\u00e8res.<\/p>\n<p>Par contre, le tribunal condamne les organisateurs \u00e0 indemniser deux des quatre policiers pour atteinte \u00e0 leur honneur en raison des commentaires qui accompagnaient certaines photos. Or les organisateurs poursuivis n\u2019\u00e9taient pas les auteurs de ces commentaires qui, au demeurant, restent \u00e0 leur estime dans les limites de la libert\u00e9 d\u2019expression. Les organisateurs \u00e9tudient l\u2019opportunit\u00e9 de faire appel de la d\u00e9cision.<\/p>\n<p>En tout \u00e9tat de cause, le droit de diffuser des images non flout\u00e9es de la police en action dans l\u2019espace public est confirm\u00e9. Les organisateurs entendent bien continuer \u00e0 montrer l\u2019exposition \u00ab\u00a0DON\u2019T SHOOT\u00a0\u00bb pour mettre ces questions en d\u00e9bat. La prochaine exposition aura lieu \u00e0 la fin du mois, au\u00a0<a href=\"https:\/\/www.lesnouveauxdisparus.be\/index.php?option=com_eventlist&amp;view=details&amp;id=179:festival-mimouna&amp;Itemid=28\" target=\"_blank\" rel=\"external noopener noreferrer\" data-saferedirecturl=\"https:\/\/www.google.com\/url?q=https:\/\/www.lesnouveauxdisparus.be\/index.php?option%3Dcom_eventlist%26view%3Ddetails%26id%3D179:festival-mimouna%26Itemid%3D28&amp;source=gmail&amp;ust=1577640531092000&amp;usg=AFQjCNHZX8hy7cqbroEzS5gyVvBN8hP4cg\">Festival Mimouna<\/a>, du 30 novembre au 1er d\u00e9cembre 2019 dans l\u2019Ancienne gare Josaphat \u00e0 Schaerbeek.<\/p>\n<p><u><strong>Contacts presse:<br \/>\n<\/strong><\/u>Pierre-Arnaud Perrouty, directeur LDH : 0484\/18 35 35<br \/>\nOlivia Venet, pr\u00e9sidente LDH : 0472\/33 57 02<br \/>\nMaxime Kouvaras, ZIN TV : 0486\/29 67 55<br \/>\nBernard Mouffe, avocat : 0473\/37.06.07<br \/>\nCaroline Carpentier, avocate : 0478\/97 19 36<br \/>\nAlexis Deswaef, avocat : 0475\/57 57 007<\/p>\n<p><a href=\"http:\/\/www.liguedh.be\/proces-dont-shoot-la-justice-confirme-le-droit-de-diffuser-des-images-non-floutees-de-la-police\/?fbclid=IwAR08VMq8bti35RtfKx4BrzEwkJdFod4qSnRXEJMjY-FwKFA3FzJhYriy2ng\">Source<\/a><\/p>\n","protected":false},"excerpt":{"rendered":"<p>Le tribunal de premi\u00e8re instance de Bruxelles donne raison aux organisateurs de l\u2019exposition \u00ab DON\u2019T SHOOT \u00bb en reconnaissant le droit de publier des photos non flout\u00e9es de la police dans l\u2019exercice de ses fonctions dans l\u2019espace public. Une victoire pour le droit d\u2019informer et la libert\u00e9 d\u2019expression, piliers de toute soci\u00e9t\u00e9 d\u00e9mocratique. Pour rappel, &#8230; <a title=\"Proc\u00e8s DON\u2019T SHOOT: La justice confirme le droit de diffuser des images non flout\u00e9es de la police\" class=\"read-more\" href=\"https:\/\/bruxelles-pantheres.be\/?p=4330\" aria-label=\"En savoir plus sur Proc\u00e8s DON\u2019T SHOOT: La justice confirme le droit de diffuser des images non flout\u00e9es de la police\">Lire la suite<\/a><\/p>\n","protected":false},"author":1,"featured_media":691,"comment_status":"open","ping_status":"open","sticky":false,"template":"","format":"standard","meta":{"footnotes":""},"categories":[18,5],"tags":[],"class_list":["post-4330","post","type-post","status-publish","format-standard","has-post-thumbnail","hentry","category-resistance-bruxelles","category-violence-policiere"],"_links":{"self":[{"href":"https:\/\/bruxelles-pantheres.be\/index.php?rest_route=\/wp\/v2\/posts\/4330","targetHints":{"allow":["GET"]}}],"collection":[{"href":"https:\/\/bruxelles-pantheres.be\/index.php?rest_route=\/wp\/v2\/posts"}],"about":[{"href":"https:\/\/bruxelles-pantheres.be\/index.php?rest_route=\/wp\/v2\/types\/post"}],"author":[{"embeddable":true,"href":"https:\/\/bruxelles-pantheres.be\/index.php?rest_route=\/wp\/v2\/users\/1"}],"replies":[{"embeddable":true,"href":"https:\/\/bruxelles-pantheres.be\/index.php?rest_route=%2Fwp%2Fv2%2Fcomments&post=4330"}],"version-history":[{"count":1,"href":"https:\/\/bruxelles-pantheres.be\/index.php?rest_route=\/wp\/v2\/posts\/4330\/revisions"}],"predecessor-version":[{"id":4331,"href":"https:\/\/bruxelles-pantheres.be\/index.php?rest_route=\/wp\/v2\/posts\/4330\/revisions\/4331"}],"wp:featuredmedia":[{"embeddable":true,"href":"https:\/\/bruxelles-pantheres.be\/index.php?rest_route=\/wp\/v2\/media\/691"}],"wp:attachment":[{"href":"https:\/\/bruxelles-pantheres.be\/index.php?rest_route=%2Fwp%2Fv2%2Fmedia&parent=4330"}],"wp:term":[{"taxonomy":"category","embeddable":true,"href":"https:\/\/bruxelles-pantheres.be\/index.php?rest_route=%2Fwp%2Fv2%2Fcategories&post=4330"},{"taxonomy":"post_tag","embeddable":true,"href":"https:\/\/bruxelles-pantheres.be\/index.php?rest_route=%2Fwp%2Fv2%2Ftags&post=4330"}],"curies":[{"name":"wp","href":"https:\/\/api.w.org\/{rel}","templated":true}]}}