{"id":4337,"date":"2019-12-28T19:35:47","date_gmt":"2019-12-28T18:35:47","guid":{"rendered":"https:\/\/bruxelles-pantheres.be\/?p=4337"},"modified":"2019-12-28T19:44:16","modified_gmt":"2019-12-28T18:44:16","slug":"islam-et-politique-la-grande-discorde","status":"publish","type":"post","link":"https:\/\/bruxelles-pantheres.be\/?p=4337","title":{"rendered":"Islam et politique : la grande discorde"},"content":{"rendered":"<div><strong>QG D\u00e9colonial de Paroles d\u2019Honneur, en\u00a0<a href=\"https:\/\/www.facebook.com\/parolesdhonneurtv\/videos\/517784705477492\">direct<\/a>\u00a0de La Colonie le 14 d\u00e9cembre 2019.<\/strong><\/div>\n<p class=\"p1\"><span class=\"s1\">Premier plateau (du\u00a0<a href=\"https:\/\/youtu.be\/6v6fF8C2lAY?t=29\">d\u00e9but<\/a>\u00a0de la vid\u00e9o \u00e0\u00a0<a href=\"https:\/\/youtu.be\/6v6fF8C2lAY?t=4474\">1h14<\/a>)<span class=\"Apple-converted-space\">\u00a0<\/span>:\u00a0<strong>\u00ab\u00a0De l\u2019antis\u00e9mitisme \u00e0 l\u2019islamophobie, l\u2019affaire du voile est-elle une affaire Dreyfus contemporaine ? L\u2019islamophobie est-elle un racisme de gauche ?\u00a0\u00bb<\/strong><\/span><\/p>\n<p class=\"p1\"><span class=\"s1\">Avec Hatem Bazian (professeur \u00e0 l\u2019Universit\u00e9 de Berkeley et co-fondateur du Zaytuna College), Mich\u00e8le Sibony (Union Juive Fran\u00e7aise pour la Paix UJFP), Maboula Soumahoro (maitresse de conf\u00e9rence en anglais \u00e0 l\u2019Universit\u00e9 de Tours, pr\u00e9sidente de l\u2019association Black History Month), Ugo Palheta (sociologue, directeur de publication de la revue Contretemps \u2013 Revue de critique communiste, membre du NPA \u2013 Nouveau Parti Anticapitaliste), Mehdi Meftah (militant antiraciste d\u00e9colonial membre du Parti des Indig\u00e8nes de la R\u00e9publique).<\/span><\/p>\n<p class=\"p1\"><span class=\"s1\">Second plateau (de\u00a0<a href=\"https:\/\/youtu.be\/6v6fF8C2lAY?t=4500\">1h15<\/a>\u00a0\u00e0\u00a0<a href=\"https:\/\/youtu.be\/6v6fF8C2lAY?t=7623\">2h07<\/a>) :\u00a0<strong>\u00ab\u00a0Que faut-il penser des listes dites \u00ab communautaires \u00bb ? Quel bilan tirer de la grande manifestation du 10 Novembre ?\u00a0\u00bb<\/strong><\/span><\/p>\n<p class=\"p1\"><span class=\"s1\">Avec Mariem Sabil (docteure en droit et responsable du service juridique du CCIF \u2013 Collectif Contre l\u2019Islamophobie en France), Olivier Le Cour Grandmaison (politologue, ma\u00eetre de conf\u00e9rence \u00e0 l\u2019Universit\u00e9 d\u2019Evry-Val d\u2019Essonne), Denis Sieffert (journaliste, ancien directeur de publication de l\u2019hebdomadaire Politis.fr), Julien Salingue (politologue, enseignant \u00e0 l\u2019Universit\u00e9 Paris 8, membre d\u2019 Acrimed \u2013 Action-Critique-M\u00e9dias et militant au sein du NPA).<\/span><\/p>\n<p class=\"p1\"><span class=\"s1\">Troisi\u00e8me plateau (de\u00a0<a href=\"https:\/\/youtu.be\/6v6fF8C2lAY?t=8161\">2h16<\/a>\u00a0\u00e0 la fin de la vid\u00e9o) :\u00a0<strong>\u00ab\u00a0Le consensus antiterroriste est-il un moyen d\u2019anesth\u00e9sier les forces dites \u00ab progressistes \u00bb et de mater la contestation sociale ?\u00a0\u00bb<\/strong><\/span><\/p>\n<p class=\"p1\"><span class=\"s1\">Avec Rapha\u00ebl Kempf (avocat au barreau de Paris), Ibrahim Bechrouri (doctorant \u00e0 l\u2019Universit\u00e9 Paris 8 et enseignant \u00e0 la City University de New York), Hamza Esmili (doctorant en sociologie au Centre Maurice Halbwachs) et Julien Salingue.<\/span><\/p>\n<p class=\"p1\"><span class=\"s1\">Anim\u00e9 par Wissam Xelka !<\/span><!--more--><\/p>\n<p style=\"text-align: center;\"><iframe src=\"https:\/\/www.youtube.com\/embed\/6v6fF8C2lAY\" width=\"560\" height=\"315\" frameborder=\"0\" allowfullscreen=\"allowfullscreen\"><\/iframe><\/p>\n<table border=\"0\" width=\"100%\" cellspacing=\"0\" cellpadding=\"0\">\n<tbody>\n<tr>\n<td valign=\"top\">\n<table class=\"m_434120550438309538mcnTextContentContainer\" border=\"0\" width=\"100%\" cellspacing=\"0\" cellpadding=\"0\" align=\"left\">\n<tbody>\n<tr>\n<td class=\"m_434120550438309538mcnTextContent\" valign=\"top\">\n<div><strong>Rendez-vous \u00e0 la Colonie le 5 janvier 2020 pour la quatri\u00e8me s\u00e9ance de l&rsquo;<a href=\"https:\/\/parolesdhonneur.us15.list-manage.com\/track\/click?u=22e8db604b2aa6b952798cf24&amp;id=914a9abac3&amp;e=15da7f4b82\" target=\"_blank\" rel=\"noopener noreferrer\" data-saferedirecturl=\"https:\/\/www.google.com\/url?q=https:\/\/parolesdhonneur.us15.list-manage.com\/track\/click?u%3D22e8db604b2aa6b952798cf24%26id%3D914a9abac3%26e%3D15da7f4b82&amp;source=gmail&amp;ust=1577637694777000&amp;usg=AFQjCNGdZSLm8bRLFJZXMfQ4Csd34C573g\">Ecole D\u00e9coloniale<\/a>, diffus\u00e9e en direct !<\/strong><\/div>\n<\/td>\n<\/tr>\n<\/tbody>\n<\/table>\n<\/td>\n<\/tr>\n<\/tbody>\n<\/table>\n<table border=\"0\" width=\"100%\" cellspacing=\"0\" cellpadding=\"0\">\n<tbody>\n<tr>\n<td align=\"center\" valign=\"top\">\n<table border=\"0\" cellspacing=\"0\" cellpadding=\"0\">\n<tbody>\n<tr>\n<td align=\"center\" valign=\"middle\"><a class=\"m_434120550438309538mcnButton\" title=\"Soutenez Paroles d'Honneur !\" href=\"https:\/\/parolesdhonneur.us15.list-manage.com\/track\/click?u=22e8db604b2aa6b952798cf24&amp;id=f79d8c26bc&amp;e=15da7f4b82\" target=\"_blank\" rel=\"noopener noreferrer\" data-saferedirecturl=\"https:\/\/www.google.com\/url?q=https:\/\/parolesdhonneur.us15.list-manage.com\/track\/click?u%3D22e8db604b2aa6b952798cf24%26id%3Df79d8c26bc%26e%3D15da7f4b82&amp;source=gmail&amp;ust=1577637694777000&amp;usg=AFQjCNEed7051Pj8SQjYZF3PkPMybRpjGA\">Soutenez Paroles d&rsquo;Honneur !<\/a><\/td>\n<\/tr>\n<\/tbody>\n<\/table>\n<\/td>\n<\/tr>\n<\/tbody>\n<\/table>\n<table class=\"m_434120550438309538mcnDividerBlock\" border=\"0\" width=\"100%\" cellspacing=\"0\" cellpadding=\"0\">\n<tbody>\n<tr>\n<td>\n<table border=\"0\" width=\"100%\" cellspacing=\"0\" cellpadding=\"0\">\n<tbody>\n<tr>\n<td><\/td>\n<\/tr>\n<\/tbody>\n<\/table>\n<\/td>\n<\/tr>\n<\/tbody>\n<\/table>\n","protected":false},"excerpt":{"rendered":"<p>QG D\u00e9colonial de Paroles d\u2019Honneur, en\u00a0direct\u00a0de La Colonie le 14 d\u00e9cembre 2019. Premier plateau (du\u00a0d\u00e9but\u00a0de la vid\u00e9o \u00e0\u00a01h14)\u00a0:\u00a0\u00ab\u00a0De l\u2019antis\u00e9mitisme \u00e0 l\u2019islamophobie, l\u2019affaire du voile est-elle une affaire Dreyfus contemporaine ? L\u2019islamophobie est-elle un racisme de gauche ?\u00a0\u00bb Avec Hatem Bazian (professeur \u00e0 l\u2019Universit\u00e9 de Berkeley et co-fondateur du Zaytuna College), Mich\u00e8le Sibony (Union Juive Fran\u00e7aise &#8230; <a title=\"Islam et politique : la grande discorde\" class=\"read-more\" href=\"https:\/\/bruxelles-pantheres.be\/?p=4337\" aria-label=\"En savoir plus sur Islam et politique : la grande discorde\">Lire la suite<\/a><\/p>\n","protected":false},"author":1,"featured_media":2691,"comment_status":"open","ping_status":"open","sticky":false,"template":"","format":"video","meta":{"footnotes":""},"categories":[36,4,17],"tags":[],"class_list":["post-4337","post","type-post","status-publish","format-video","has-post-thumbnail","hentry","category-europe","category-islamophobie","category-video","post_format-post-format-video"],"_links":{"self":[{"href":"https:\/\/bruxelles-pantheres.be\/index.php?rest_route=\/wp\/v2\/posts\/4337","targetHints":{"allow":["GET"]}}],"collection":[{"href":"https:\/\/bruxelles-pantheres.be\/index.php?rest_route=\/wp\/v2\/posts"}],"about":[{"href":"https:\/\/bruxelles-pantheres.be\/index.php?rest_route=\/wp\/v2\/types\/post"}],"author":[{"embeddable":true,"href":"https:\/\/bruxelles-pantheres.be\/index.php?rest_route=\/wp\/v2\/users\/1"}],"replies":[{"embeddable":true,"href":"https:\/\/bruxelles-pantheres.be\/index.php?rest_route=%2Fwp%2Fv2%2Fcomments&post=4337"}],"version-history":[{"count":3,"href":"https:\/\/bruxelles-pantheres.be\/index.php?rest_route=\/wp\/v2\/posts\/4337\/revisions"}],"predecessor-version":[{"id":4340,"href":"https:\/\/bruxelles-pantheres.be\/index.php?rest_route=\/wp\/v2\/posts\/4337\/revisions\/4340"}],"wp:featuredmedia":[{"embeddable":true,"href":"https:\/\/bruxelles-pantheres.be\/index.php?rest_route=\/wp\/v2\/media\/2691"}],"wp:attachment":[{"href":"https:\/\/bruxelles-pantheres.be\/index.php?rest_route=%2Fwp%2Fv2%2Fmedia&parent=4337"}],"wp:term":[{"taxonomy":"category","embeddable":true,"href":"https:\/\/bruxelles-pantheres.be\/index.php?rest_route=%2Fwp%2Fv2%2Fcategories&post=4337"},{"taxonomy":"post_tag","embeddable":true,"href":"https:\/\/bruxelles-pantheres.be\/index.php?rest_route=%2Fwp%2Fv2%2Ftags&post=4337"}],"curies":[{"name":"wp","href":"https:\/\/api.w.org\/{rel}","templated":true}]}}