{"id":434,"date":"2013-04-16T04:38:02","date_gmt":"2013-04-16T03:38:02","guid":{"rendered":"https:\/\/bruxelles-pantheres.be\/?p=434"},"modified":"2013-11-10T04:40:01","modified_gmt":"2013-11-10T03:40:01","slug":"femen-partout-feminisme-nulle-part","status":"publish","type":"post","link":"https:\/\/bruxelles-pantheres.be\/?p=434","title":{"rendered":"Femen partout, f\u00e9minisme nulle part"},"content":{"rendered":"<p><iframe src=\"\/\/www.youtube.com\/embed\/uXn7wfKgI0I\" height=\"315\" width=\"560\" allowfullscreen=\"\" frameborder=\"0\"><\/iframe><\/p>\n<div>\n<div>\n<h3>Femen partout, f\u00e9minisme nulle\u00a0part<!--more--><\/h3>\n<div>par <strong>Mona Chollet<\/strong>, <abbr title=\"2013-03-12T16:17:21Z\">mardi 12 mars 2013<\/abbr><\/div>\n<\/div>\n<div>\n<p><i>\u00ab<small>\u00a0<\/small>Les musulmans semblent \u00e9prouver un sentiment de puissance virile \u00e0 voiler leurs femmes, et les Occidentaux \u00e0 les d\u00e9voiler<small>\u00a0<\/small>\u00bb, <\/i>\u00e9crivait l\u2019essayiste marocaine Fatema Mernissi dans <i>Le Harem et l\u2019Occident<\/i> (Albin Michel, 2001). L\u2019engouement des m\u00e9dias fran\u00e7ais pour des figures comme les Femen ou Aliaa El-Mahdy, l\u2019\u00e9tudiante \u00e9gyptienne qui, en\u00a02011, avait pos\u00e9 nue sur son blog\u00a0(<a id=\"nh1\" title=\"A la lumi\u00e8re de la remarque de Mernissi, le geste d\u2019El-Mahdy est porteur\u00a0(...)\" href=\"http:\/\/www.monde-diplomatique.fr\/carnet\/2013-03-12-Femen#nb1\" rel=\"footnote\">1<\/a>), offre une nouvelle confirmation de la justesse de cette observation. On a pu voir sur France\u00a02, le 5\u00a0mars, un documentaire consacr\u00e9 au collectif d\u2019origine ukrainienne implant\u00e9 en France depuis un peu plus d\u2019un an\u00a0(<a id=\"nh2\" title=\"Nos seins, nos armes, de Caroline Fourest et Nadia El-Fani.\" href=\"http:\/\/www.monde-diplomatique.fr\/carnet\/2013-03-12-Femen#nb2\" rel=\"footnote\">2<\/a>), et un autre intitul\u00e9 <i>Aliaa, la r\u00e9volutionnaire nue<\/i> sur La Cha\u00eene parlementaire (LCP) pour le 8\u00a0mars, Journ\u00e9e internationale des femmes.<\/p>\n<p>Tant pis pour les milliers de femmes qui ont le mauvais go\u00fbt de lutter pour leurs droits tout habill\u00e9es, et\/ou d\u2019offrir un spectacle moins conforme aux crit\u00e8res dominants de jeunesse, de minceur, de beaut\u00e9 et de fermet\u00e9. <i>\u00ab<small>\u00a0<\/small>Le f\u00e9minisme, c\u2019est ces femmes qui ont d\u00e9fil\u00e9 dans les rues du Caire, pas les Femen<small>\u00a0<\/small>! Et sur ces femmes-l\u00e0, je vois peu de documentaires TV<small>\u00a0<\/small>\u00bb,<\/i> s\u2019insurgeait\u00a0<a href=\"https:\/\/twitter.com\/vdesc\/status\/299223454333415424\" rel=\"external\">sur Twitter<\/a>, le 6\u00a0f\u00e9vrier dernier, la correspondante de France Inter en Egypte, Vanessa Descouraux. En France, les organisations f\u00e9ministes <i>\u00ab<small>\u00a0<\/small>se voient d\u00e9sormais plus souvent interpell\u00e9es sur ce qu\u2019elles pensent du mouvement d\u2019origine ukrainienne que sur leurs propres actions<small>\u00a0<\/small>\u00bb<\/i>\u00a0(<a id=\"nh3\" title=\"\u00ab\u00a0Femen, la guerre des \u201csextr\u00e9mistes\u201d\u00a0\u00bb, Lib\u00e9ration, 7 mars 2013.\" href=\"http:\/\/www.monde-diplomatique.fr\/carnet\/2013-03-12-Femen#nb3\" rel=\"footnote\">3<\/a>).<\/p>\n<h3>\u00ab<small>\u00a0<\/small>Si tu montres tes nichons,<br \/>\nje reviens avec mon photographe<small>\u00a0<\/small>\u00bb<\/h3>\n<p>Femmes, vous voulez vous faire entendre<small>\u00a0<\/small>? Une seule solution\u00a0: d\u00e9shabillez-vous<small>\u00a0<\/small>! En octobre\u00a02012, en Allemagne, les r\u00e9fugi\u00e9s qui campaient devant la Porte de Brandebourg, au centre de Berlin, pour d\u00e9noncer leurs conditions de vie peinaient \u00e0 attirer l\u2019attention des m\u00e9dias. En col\u00e8re, une jeune femme qui manifestait avec eux lan\u00e7a \u00e0 un journaliste de <i>Bild<\/i>\u00a0: <i>\u00ab<small>\u00a0<\/small>Tu veux que je me mette \u00e0 poil<small>\u00a0<\/small>?<small>\u00a0<\/small>\u00bb \u00ab<small>\u00a0<\/small>Le journaliste acquiesce et promet de revenir avec son photographe. D\u2019autres journalistes l\u2019apprennent et voil\u00e0, la foule d\u2019objectifs se r\u00e9unit autour des jeunes femmes qui soutiennent les r\u00e9fugi\u00e9s. Elles ne se sont pas d\u00e9shabill\u00e9es, mais ont profit\u00e9 de l\u2019occasion pour d\u00e9noncer le sensationnalisme des m\u00e9dias<\/i>\u00a0(<a id=\"nh4\" title=\"\u00ab\u00a0\u201cSi tu montres tes nichons, je reviens avec mon photographe\u201d\u00a0\u00bb, Seenthis,\u00a0(...)\" href=\"http:\/\/www.monde-diplomatique.fr\/carnet\/2013-03-12-Femen#nb4\" rel=\"footnote\">4<\/a>)<i>.<small>\u00a0<\/small>\u00bb<\/i><\/p>\n<p>Les Femen, elles, ont \u00e9t\u00e9 plus pragmatiques. Lors de leurs premi\u00e8res actions, en Ukraine, en\u00a02008, elles avaient inscrit leurs slogans sur leurs dos nus, mais les photographes ne s\u2019int\u00e9ressaient qu\u2019\u00e0 leurs seins. Elles ont donc d\u00e9plac\u00e9 les inscriptions\u00a0(<a id=\"nh5\" title=\"\u00ab\u00a0Ukraine\u00a0: le f\u00e9minisme seins nus tisse sa toile dans le monde\u00a0\u00bb, AFP, 7\u00a0mars\u00a0(...)\" href=\"http:\/\/www.monde-diplomatique.fr\/carnet\/2013-03-12-Femen#nb5\" rel=\"footnote\">5<\/a>)\u2026 Cet ordre des choses n\u2019inspire pas d\u2019\u00e9tats d\u2019\u00e2me particuliers \u00e0 Inna Chevchenko, l\u2019Ukrainienne qui a export\u00e9 la marque Femen en France\u00a0: <i>\u00ab<small>\u00a0<\/small>On sait de quoi les m\u00e9dias ont besoin,<\/i> d\u00e9clarait-elle en d\u00e9cembre \u00e0 Rue89. <i>Du sexe, des scandales, des agressions\u00a0: il faut leur donner. Etre dans les journaux, c\u2019est exister<\/i>\u00a0(<a id=\"nh6\" title=\"\u00ab\u00a0Seins nus\u00a0: les Femen, ph\u00e9nom\u00e8ne m\u00e9diatique ou f\u00e9ministe\u00a0?\u00a0\u00bb, Rue89,\u00a0(...)\" href=\"http:\/\/www.monde-diplomatique.fr\/carnet\/2013-03-12-Femen#nb6\" rel=\"footnote\">6<\/a>)<i>.<small>\u00a0<\/small>\u00bb<\/i> Vraiment<small>\u00a0<\/small>?<\/p>\n<p>Certes, la militante f\u00e9ministe Cl\u00e9mentine Autain a raison de rappeler que <i>\u00ab<small>\u00a0<\/small>le happening, c\u2019est dans notre culture. De la suffragette Hubertine Auclert, qui renversait les urnes lors des \u00e9lections municipales de\u00a01910 pour que les journaux de la IIIe R\u00e9publique puissent avoir leurs photos trash \u00e0 la Une, aux militantes du MLF qui balan\u00e7aient du mou de veau dans les meetings des anti-avortement dans les ann\u00e9es\u00a01970, on sait aussi monter des coups<\/i>\u00a0(<a id=\"nh7\" title=\"\u00ab\u00a0Le f\u00e9minisme \u00e0 l\u2019\u00e9preuve du sextr\u00e9misme\u00a0\u00bb, M - Le magazine du Monde, 9 mars\u00a0(...)\" href=\"http:\/\/www.monde-diplomatique.fr\/carnet\/2013-03-12-Femen#nb7\" rel=\"footnote\">7<\/a>)<i><small>\u00a0<\/small>!<small>\u00a0<\/small>\u00bb<\/i>. Ce mode d\u2019action est aussi celui de l\u2019association Act Up dans sa lutte contre le sida. Mais encore faut-il que derri\u00e8re les \u00ab<small>\u00a0<\/small>coups<small>\u00a0<\/small>\u00bb, il y ait un fond politique solide et bien pens\u00e9 qui leur donne leur sens. Or, dans le cas des Femen, c\u2019est peu dire que le discours ne suit pas. Quand il ne se r\u00e9v\u00e8le pas franchement d\u00e9sastreux.<\/p>\n<h3>Contre les vieilles femmes qui lisent des livres<\/h3>\n<p>La r\u00e9duction permanente des femmes \u00e0 leur corps et \u00e0 leur sexualit\u00e9, la n\u00e9gation de leurs comp\u00e9tences intellectuelles, l\u2019invisibilit\u00e9 sociale de celles qui sont inaptes \u00e0 complaire aux regards masculins constituent des pierres d\u2019angle du syst\u00e8me patriarcal. Qu\u2019un \u00ab<small>\u00a0<\/small>mouvement<small>\u00a0<\/small>\u00bb \u2014 elles ne seraient qu\u2019une vingtaine en France \u2014 qui se pr\u00e9tend f\u00e9ministe puisse l\u2019ignorer laisse pantois. <i>\u00ab<small>\u00a0<\/small>Nous vivons sous la domination masculine, et cela<\/i> [la nudit\u00e9] <i>est la seule fa\u00e7on de les provoquer, d\u2019obtenir leur attention<small>\u00a0<\/small>\u00bb,<\/i> d\u00e9clarait Inna Chevchenko au <i>Guardian<\/i>\u00a0(<a id=\"nh8\" title=\"\u00ab\u00a0Femen\u2019s topless warriors start boot camp for global feminism\u00a0\u00bb, The\u00a0(...)\" href=\"http:\/\/www.monde-diplomatique.fr\/carnet\/2013-03-12-Femen#nb8\" rel=\"footnote\">8<\/a>). Un f\u00e9minisme qui s\u2019incline devant la domination masculine\u00a0: il fallait l\u2019inventer.<\/p>\n<p>Non seulement Chevchenko accepte cet ordre des choses, mais elle l\u2019approuve (toujours dans <i>The Guardian<\/i>)\u00a0: <i>\u00ab<small>\u00a0<\/small>Le f\u00e9minisme classique est une vieille femme malade qui ne marche plus. Il est coinc\u00e9 dans le monde des conf\u00e9rences et des livres.<small>\u00a0<\/small>\u00bb<\/i> Elle a raison\u00a0: \u00e0 bas les vieilles femmes malades, elles ne sont m\u00eame pas agr\u00e9ables \u00e0 regarder. Et les livres, c\u2019est plein de lettres qui font mal \u00e0 la t\u00eate, bouh<small>\u00a0<\/small>! Auteur d\u2019un excellent livre sur les usages du corps en politique\u00a0(<a id=\"nh9\" title=\"Claude Guillon, Je chante le corps critique, H&amp;O, Paris,\u00a0(...)\" href=\"http:\/\/www.monde-diplomatique.fr\/carnet\/2013-03-12-Femen#nb9\" rel=\"footnote\">9<\/a>), Claude Guillon commentait\u00a0: <i>\u00ab<small>\u00a0<\/small>Le mieux intentionn\u00e9 des observateurs dirait que cette phrase exprime la pr\u00e9somption et la cruaut\u00e9 de la jeunesse. Il faut malheureusement ajouter pour l\u2019occasion\u00a0: et sa grande sottise<small>\u00a0<\/small>! En effet, et peut-\u00eatre Inna aurait-elle pu le lire dans un livre, l\u2019image des f\u00e9ministes comme de vieilles femmes coup\u00e9es du monde (comprenez\u00a0: et du march\u00e9 de la chair) est un tr\u00e8s vieux clich\u00e9 antif\u00e9ministe, qu\u2019il est navrant de voir repris par une militante qui pr\u00e9tend renouveler le f\u00e9minisme<\/i>\u00a0(<a id=\"nh10\" title=\"\u00ab\u00a0Quel usage politique de la nudit\u00e9\u00a0?\u00a0\u00bb, Claude Guillon, 7\u00a0f\u00e9vrier 2013. Ajout du\u00a0(...)\" href=\"http:\/\/www.monde-diplomatique.fr\/carnet\/2013-03-12-Femen#nb10\" rel=\"footnote\">10<\/a>)<i>.<small>\u00a0<\/small>\u00bb<\/i> Depuis, les repr\u00e9sentantes fran\u00e7aises du collectif ont cependant d\u00fb se r\u00e9signer \u00e0 sortir un livre d\u2019entretiens\u00a0(<a id=\"nh11\" title=\"Femen, entretiens avec Galia Ackerman, Calmann-L\u00e9vy, Paris, 2013.\" href=\"http:\/\/www.monde-diplomatique.fr\/carnet\/2013-03-12-Femen#nb11\" rel=\"footnote\">11<\/a>)\u00a0: <i>\u00ab<small>\u00a0<\/small>En France, il faut publier des textes pour \u00eatre reconnu, l\u00e9gitime<small>\u00a0<\/small>\u00bb, <\/i>soupire l\u2019une d\u2019entre elles (<i>Lib\u00e9ration,<\/i> 7 mars 2013). Dur, dur.<\/p>\n<p>Pour Rue89, Chevchenko r\u00e9sumait ainsi le discours des jeunes Fran\u00e7aises qui voulaient rejoindre les Femen\u00a0: <i>\u00ab<small>\u00a0<\/small>Elles me disaient\u00a0: \u201cLes mouvements f\u00e9ministes qui existent d\u00e9j\u00e0 en France, ce ne sont pas des mouvements faits pour les jeunes femmes, mais pour des femmes intellectuelles qui ressemblent \u00e0 des hommes, qui nient la sexualit\u00e9, le fait qu\u2019une femme puisse \u00eatre f\u00e9minine.\u201d<small>\u00a0<\/small>\u00bb<\/i> A cet \u00e9gard, il faut le reconna\u00eetre, les Femen marquent incontestablement un progr\u00e8s. S\u2019agissant d\u2019une anc\u00eatre comme Simone de Beauvoir, il a fallu attendre le centenaire de sa naissance, en\u00a02008, pour la voir enfin \u00e0 poil\u00a0: c\u2019\u00e9tait long. Mais la patience du monde fut r\u00e9compens\u00e9e\u00a0: avec d\u00e9lice, <i>Le Nouvel Observateur<\/i> (3 janvier 2008) publia en couverture une photo montrant l\u2019auteure du <i>Deuxi\u00e8me sexe<\/i> nue de dos dans sa salle de bains\u00a0(<a id=\"nh12\" title=\"Lire Sylvie Tissot, \u00ab\u00a0\u201cUne midinette aux ongles laqu\u00e9s\u201d\u00a0\u00bb, Le Monde\u00a0(...)\" href=\"http:\/\/www.monde-diplomatique.fr\/carnet\/2013-03-12-Femen#nb12\" rel=\"footnote\">12<\/a>). Les Femen, elles, sont bonnes filles\u00a0: elles m\u00e2chent le boulot (\u00ab<small>\u00a0<\/small>femen<small>\u00a0<\/small>\u00bb signifie d\u2019ailleurs \u00ab<small>\u00a0<\/small>cuisse<small>\u00a0<\/small>\u00bb en latin, mais rien \u00e0 voir, elles ont choisi ce nom <i>\u00ab<small>\u00a0<\/small>parce qu\u2019il sonnait bien<small>\u00a0<\/small>\u00bb<\/i>). Apr\u00e8s tout, ne soyons pas pudibonds\u00a0: pour \u00eatre f\u00e9ministe, on n\u2019en a pas moins un corps, une sensualit\u00e9, une vie sexuelle. On peut seulement d\u00e9plorer que l\u2019attente de toutes celles \u2014 et ceux \u2014 qui r\u00eavent de se repa\u00eetre des petites fesses de Jean-Paul Sartre dure toujours. Que fait <i>Le Nouvel Observateur<\/i><small>\u00a0<\/small>? Les grands intellectuels n\u2019auraient-ils pas, eux aussi, un corps, une sensualit\u00e9, une vie sexuelle<small>\u00a0<\/small>? Pourquoi ne pas nous en faire profiter<small>\u00a0<\/small>? Pourquoi ne sont-ils pas, eux aussi, une denr\u00e9e publique, que l\u2019on peut exposer et commercialiser ind\u00e9pendamment de la volont\u00e9 des int\u00e9ress\u00e9s<small>\u00a0<\/small>?<\/p>\n<h3>\u00ab<small>\u00a0<\/small>F\u00e9minisme pop<small>\u00a0<\/small>\u00bb<\/h3>\n<p>Apr\u00e8s s\u2019\u00eatre attir\u00e9 une large sympathie lorsqu\u2019elles se sont fait agresser par les extr\u00e9mistes catholiques de Civitas au cours de la manifestation contre le mariage pour tous, en novembre\u00a02012, les Femen ont suscit\u00e9 de plus en plus de r\u00e9serves et de d\u00e9saveux \u2014 par exemple de la part du collectif f\u00e9ministe\u00a0<a href=\"http:\/\/www.tumultueuses.com\/Ha-les-FEMEN\" rel=\"external\">Les TumulTueuses<\/a>, ou de l\u2019actrice et r\u00e9alisatrice\u00a0<a href=\"http:\/\/metrofrance.com\/blog\/ovidie\/2013\/03\/08\/pourquoi-je-nai-plus-foi-en-les-femen\/\" rel=\"external\">Ovidie<\/a>.\u00a0<a href=\"https:\/\/twitter.com\/LaPeste\/statuses\/278275893158350848\" rel=\"external\">Critiqu\u00e9es<\/a> pour la caution qu\u2019elles apportent \u00e0 la vision du corps f\u00e9minin forg\u00e9e par l\u2019industrie publicitaire, elles se sont d\u00e9fendues en publiant des photos de certaines de leurs membres qui s\u2019\u00e9cartent de ces canons. Le probl\u00e8me, c\u2019est qu\u2019on ne verra jamais celles-ci en couverture des <i>Inrockuptibles,<\/i> les seins en gant de toilette cadrant mal avec le <i>\u00ab<small>\u00a0<\/small>f\u00e9minisme pop<small>\u00a0<\/small>\u00bb<\/i> que dit priser le magazine \u2014 ni dans <i>Obsession,<\/i> le suppl\u00e9ment mode et consommation du <i>Nouvel Observateur,<\/i> pour lequel les Femen ont pos\u00e9 en septembre dernier. Et pas question d\u2019arguer que ce n\u2019est pas de leur faute\u00a0: si elles voulaient \u00eatre un minimum cr\u00e9dibles, elles devraient imposer la pr\u00e9sence de ces membres lors des s\u00e9ances photo. <i>\u00ab<small>\u00a0<\/small>Quel peut \u00eatre l\u2019effet produit par cette photo de groupe<\/i> [dans <i>Les Inrockuptibles<\/i>] <i>sur les femmes moins jeunes, ou jeunes mais moins favoris\u00e9es par le hasard g\u00e9n\u00e9tique<small>\u00a0<\/small>? <\/i>interroge Claude Guillon. <i>Le m\u00eame effet que le terrorisme publicitaire et machiste que le f\u00e9minisme ne cesse de d\u00e9noncer. Cette photo est pire qu\u2019une maladresse, c\u2019est un contresens politique.<small>\u00a0<\/small>\u00bb<\/i><\/p>\n<p>Les d\u00e9n\u00e9gations r\u00e9p\u00e9t\u00e9es des membres du collectif ne suffisent pas, par ailleurs, \u00e0 dissiper le soup\u00e7on d\u2019une politique de la\u00a0<a href=\"http:\/\/www.elle.fr\/Societe\/News\/Les-Femen-se-defendent-de-recruter-sur-casting-2322812\" rel=\"external\">photog\u00e9nie d\u00e9lib\u00e9r\u00e9e<\/a>. Dans le livre <i>Femen,<\/i> l\u2019une des fondatrices ukrainiennes d\u00e9clare\u00a0: <i>\u00ab<small>\u00a0<\/small>Nos filles doivent \u00eatre sportives pour endurer des \u00e9preuves difficiles, et belles pour utiliser leur corps \u00e0 bon escient. Pour r\u00e9sumer, Femen incarne l\u2019image d\u2019une femme nouvelle\u00a0: belle, active et totalement libre.<small>\u00a0<\/small>\u00bb<\/i> Le f\u00e9minisme, mieux qu\u2019un yaourt au bifidus. L\u2019une de ses camarades fran\u00e7aises invoque une <i>\u00ab<small>\u00a0<\/small>erreur de traduction<small>\u00a0<\/small>\u00bb<\/i>\u00a0(<a id=\"nh13\" title=\"\u00ab\u00a0Femen\u00a0: \u201cNotre message est universel\u201d\u00a0\u00bb, 20minutes.fr, 5\u00a0mars 2013.\" href=\"http:\/\/www.monde-diplomatique.fr\/carnet\/2013-03-12-Femen#nb13\" rel=\"footnote\">13<\/a>)\u2026<\/p>\n<p>Quoi qu\u2019il en soit, en l\u2019\u00e9tat actuel des choses, il n\u2019est pas certain que les m\u00e9dias et le grand public fassent compl\u00e8tement la diff\u00e9rence entre les Femen et la Cicciolina par exemple \u2014 pr\u00e9curseuse de la couronne de fleurs sur cheveux blonds\u00a0\u2014, ou la pin-up de la\u00a0<a href=\"http:\/\/www.page3.com\" rel=\"external\">page\u00a03<\/a> du quotidien britannique <i>The Sun<\/i>. Claude Guillon, encore\u00a0: <i>\u00ab<small>\u00a0<\/small>\u201cAu moins, me disait une jeune femme, depuis qu\u2019elles se mettent \u00e0 poil, on les \u00e9coute<small>\u00a0<\/small>!\u201d Que nenni. On les regarde tout au plus. Et lorsque les r\u00e9dacteurs en chef en auront marre de mettre du nibard \u00e0 la une (\u00e7a lasse, coco<small>\u00a0<\/small>!), on ne les regardera plus.<small>\u00a0<\/small>\u00bb<\/i> Les journalistes de Rue89 sont elles-m\u00eames perplexes devant le succ\u00e8s d\u2019audience du collectif\u00a0: <i>\u00ab<small>\u00a0<\/small>Le premier article que nous avons fait sur les Femen \u00e9tait un \u201cEn images\u201d. On y voyait simplement la photo d\u2019une Femen devant la maison de DSK, seins nus. Trois paragraphes accompagnaient l\u2019image. L\u2019article a re\u00e7u 69\u00a0500\u00a0visites. C\u2019est beaucoup.<small>\u00a0<\/small>\u00bb<\/i> Dans le fumeux \u00ab<small>\u00a0<\/small>sextr\u00e9misme<small>\u00a0<\/small>\u00bb promu par le groupe, il y a tout \u00e0 parier que c\u2019est surtout \u00ab<small>\u00a0<\/small>sexe<small>\u00a0<\/small>\u00bb qui fait tilter la machine m\u00e9diatique.<\/p>\n<h3>Des m\u00e9dias devenus tous f\u00e9ministes<small>\u00a0<\/small>?<\/h3>\n<p>Le f\u00e9minisme serait donc devenu consensuel, au point de faire la couverture de tous les journaux et d\u2019avoir l\u2019honneur de documentaires t\u00e9l\u00e9vis\u00e9s abondamment promus dans la presse<small>\u00a0<\/small>? Il faudrait \u00eatre na\u00eff pour le croire. L\u2019int\u00e9r\u00eat pour les Femen s\u2019av\u00e8re parfaitement compatible avec l\u2019antif\u00e9minisme le plus grossier. Ainsi, le 7\u00a0mars, <i>Lib\u00e9ration<\/i> leur consacrait une double page<small>\u00a0<\/small>; cela ne l\u2019a pas emp\u00each\u00e9 de publier le lendemain, pour la Journ\u00e9e internationale des femmes, un num\u00e9ro d\u2019anthologie. Sous le titre \u00ab<small>\u00a0<\/small>Du sexe pour tous<small>\u00a0<\/small>!<small>\u00a0<\/small>\u00bb, il a choisi de consacrer sa Une \u00e0 l\u2019\u00ab<small>\u00a0<\/small>assistance sexuelle<small>\u00a0<\/small>\u00bb pour les handicap\u00e9s. La photo d\u2019illustration montrait un handicap\u00e9 au lit avec une \u00ab<small>\u00a0<\/small>assistante<small>\u00a0<\/small>\u00bb (blonde, souriante, incarnation de la douceur et de l\u2019abn\u00e9gation qui sont la vocation des vraies femmes), et non l\u2019inverse\u00a0: on a bien dit \u00ab<small>\u00a0<\/small>Du sexe pour tous<small>\u00a0<\/small>\u00bb, pas \u00ab<small>\u00a0<\/small>pour toutes<small>\u00a0<\/small>\u00bb.<\/p>\n<p>Pour le quotidien, ce combat s\u2019inscrit dans le cadre de sa d\u00e9fense acharn\u00e9e de la prostitution. En janvier dernier, d\u00e9j\u00e0, il publiait le portrait d\u2019un polyhandicap\u00e9 qui militait pour le droit \u00e0 l\u2019\u00ab<small>\u00a0<\/small>assistance sexuelle<small>\u00a0<\/small>\u00bb. Comme le faisait remarquer sur son blog le cin\u00e9aste Patric Jean\u00a0(<a id=\"nh14\" title=\"\u00ab\u00a0Prostitution\u00a0: Lib\u00e9ration remet le couvert\u00a0\u00bb, Le blog de Patric Jean, 7 janvier\u00a0(...)\" href=\"http:\/\/www.monde-diplomatique.fr\/carnet\/2013-03-12-Femen#nb14\" rel=\"footnote\">14<\/a>), cet homme avait cependant eu au cours de sa vie deux compagnes, et m\u00eame des enfants, ce qui relativisait quelque peu l\u2019argument de l\u2019incapacit\u00e9 des handicap\u00e9s \u00e0 avoir une vie sexuelle. Histoire de compl\u00e9ter ce tableau de la femme selon <i>Lib\u00e9,<\/i> le portrait de derni\u00e8re page \u00e9tait celui de Miss\u00a0France.<\/p>\n<p>M\u00eame m\u00e9fiance quand on voit <i>Charlie Hebdo,<\/i> bastion de l\u2019humour de corps de garde, dont les dessins r\u00e9p\u00e8tent semaine apr\u00e8s semaine que la pire infamie au monde consiste \u00e0 se faire sodomiser, c\u2019est-\u00e0-dire \u00e0 se retrouver dans une posture \u00ab<small>\u00a0<\/small>f\u00e9minine<small>\u00a0<\/small>\u00bb\u00a0(<a id=\"nh15\" title=\"Cf. Ma\u00efa Mazaurette, \u00ab\u00a0Une remarque au sujet des caricatures \u201chumiliantes\u201d\u00a0(...)\" href=\"http:\/\/www.monde-diplomatique.fr\/carnet\/2013-03-12-Femen#nb15\" rel=\"footnote\">15<\/a>), collaborer avec les Femen pour un num\u00e9ro sp\u00e9cial (6\u00a0mars 2013). En couverture, le dessin de Luz reprend un visuel du groupe qui montre ses militantes brandissant une paire de testicules. Le clich\u00e9 des f\u00e9ministes hyst\u00e9riques et \u00ab<small>\u00a0<\/small>coupeuses de couilles<small>\u00a0<\/small>\u00bb, coupl\u00e9 \u00e0 l\u2019esth\u00e9tique publicitaire\u00a0: une bonne synth\u00e8se du produit Femen. Dans l\u2019entretien qu\u2019elle accorde \u00e0 l\u2019hebdomadaire satirique, Chevchenko d\u00e9clare vouloir une soci\u00e9t\u00e9 <i>\u00ab<small>\u00a0<\/small>o\u00f9 les femmes ont plus de pouvoirs que les hommes<small>\u00a0<\/small>\u00bb<\/i>. Bien bien bien.<\/p>\n<p><img decoding=\"async\" alt=\"\" src=\"http:\/\/www.monde-diplomatique.fr\/local\/cache-vignettes\/L300xH226\/Femen_Drapeau-2-9159f.png\" width=\"300\" height=\"226\" \/>Un pseudo-f\u00e9minisme qui suscite un engouement g\u00e9n\u00e9ral des plus suspects\u00a0: en France, cela rappelle la bulle m\u00e9diatique autour de Ni putes ni soumises, qui fut c\u00e9l\u00e9br\u00e9e dans la mesure o\u00f9 elle permettait de renforcer la stigmatisation de l\u2019islam et du \u00ab<small>\u00a0<\/small>gar\u00e7on arabe<small>\u00a0<\/small>\u00bb\u00a0(<a id=\"nh16\" title=\"Nacira Gu\u00e9nif-Souilamas et Eric Mac\u00e9, Les f\u00e9ministes et le gar\u00e7on arabe,\u00a0(...)\" href=\"http:\/\/www.monde-diplomatique.fr\/carnet\/2013-03-12-Femen#nb16\" rel=\"footnote\">16<\/a>). Deux ex-militantes de l\u2019association, Loubna M\u00e9liane \u2014 assistante parlementaire du d\u00e9put\u00e9 socialiste Malek Boutih \u2014 et Safia Lebdi, ont d\u2019ailleurs fait partie des premi\u00e8res ralli\u00e9es aux Femen, avant de prendre leurs distances. La section fran\u00e7aise du groupe s\u2019est install\u00e9e \u00e0 la Goutte d\u2019Or, quartier parisien o\u00f9 vivent beaucoup de musulmans ou assimil\u00e9s, et a annonc\u00e9 son implantation par une affiche bleu-blanc-rouge qui rappelait curieusement les \u00ab<small>\u00a0<\/small>ap\u00e9ros saucisson-pinard<small>\u00a0<\/small>\u00bb organis\u00e9s au m\u00eame endroit en\u00a02010 par des militants d\u2019extr\u00eame droite.<\/p>\n<h3>\u00ab<small>\u00a0<\/small>Mentalit\u00e9 arabe<small>\u00a0<\/small>\u00bb en Ukraine<\/h3>\n<p>Si l\u2019anticl\u00e9ricalisme radical du collectif se comprend sans peine compte tenu du poids de l\u2019Eglise orthodoxe dans la vie publique ukrainienne, ses porte-parole ont tendance \u00e0 en franchir le cadre lorsqu\u2019il s\u2019agit de l\u2019islam. L\u2019une des fondatrices du mouvement, Anna Hutsol, a ainsi flirt\u00e9 avec le racisme en d\u00e9plorant que la soci\u00e9t\u00e9 ukrainienne ait \u00e9t\u00e9 incapable <i>\u00ab<small>\u00a0<\/small>d\u2019\u00e9radiquer la mentalit\u00e9 arabe envers les femmes<small>\u00a0<\/small>\u00bb<\/i>\u00a0(<a id=\"nh17\" title=\"\u00ab\u00a0Femen, Ukraine\u2019s Topless Warriors\u00a0\u00bb, TheAtlantic.com, 28\u00a0novembre\u00a0(...)\" href=\"http:\/\/www.monde-diplomatique.fr\/carnet\/2013-03-12-Femen#nb17\" rel=\"footnote\">17<\/a>).<\/p>\n<p>En mars 2012, sous le slogan \u00ab<small>\u00a0<\/small>Plut\u00f4t \u00e0 poil qu\u2019en burqa<small>\u00a0<\/small>\u00bb, Femen France a organis\u00e9 une \u00ab<small>\u00a0<\/small>op\u00e9ration anti-burqa<small>\u00a0<\/small>\u00bb devant la Tour Eiffel. Ses membres clament aussi que \u00ab<small>\u00a0<\/small>La nudit\u00e9, c\u2019est la libert\u00e9<small>\u00a0<\/small>\u00bb, ou scandent\u00a0: \u00ab<small>\u00a0<\/small>France, d\u00e9shabille-toi<small>\u00a0<\/small>!<small>\u00a0<\/small>\u00bb Elles perp\u00e9tuent ainsi un postulat tr\u00e8s ancr\u00e9 dans la culture occidentale selon lequel le salut ne peut venir que d\u2019une exposition maximale, en niant la violence que celle-ci peut parfois impliquer\u00a0(<a id=\"nh18\" title=\"Cf. \u00ab\u00a0Femen ou le f\u00e9tichisme du d\u00e9voilement\u00a0\u00bb, Seenthis, octobre 2012, et Alain\u00a0(...)\" href=\"http:\/\/www.monde-diplomatique.fr\/carnet\/2013-03-12-Femen#nb18\" rel=\"footnote\">18<\/a>).<\/p>\n<p>De nombreuses f\u00e9ministes leur ont object\u00e9 que, plut\u00f4t que d\u2019affirmer la sup\u00e9riorit\u00e9 de la nudit\u00e9, il vaudrait mieux d\u00e9fendre la libert\u00e9 des femmes \u00e0 s\u2019habiller comme elles le souhaitent. Mais les Femen sont certaines de d\u00e9tenir la v\u00e9rit\u00e9. <i>\u00ab<small>\u00a0<\/small>On ne va pas adapter notre discours aux dix pays o\u00f9 s\u2019est implant\u00e9 le groupe. Notre message est universel<small>\u00a0<\/small>\u00bb,<\/i> assure Chevchenko \u00e0 <i>20minutes<\/i>. Ce m\u00e9lange de paresse intellectuelle et d\u2019arrogance, cette pr\u00e9tention \u00e0 dicter la bonne attitude aux femmes du monde entier, sont accueillis plut\u00f4t fra\u00eechement. La chercheuse Sara Salem a ainsi reproch\u00e9 \u00e0 l\u2019\u00e9tudiante \u00e9gyptienne Aliaa El-Mahdy son alliance avec les Femen\u00a0: <i>\u00ab<small>\u00a0<\/small>Si le geste de se d\u00e9shabiller sur son blog pouvait \u00eatre vu comme un moyen de d\u00e9fier une soci\u00e9t\u00e9 patriarcale, il est probl\u00e9matique qu\u2019elle collabore avec un groupe qui peut \u00eatre d\u00e9fini comme colonialiste<\/i>\u00a0(<a id=\"nh19\" title=\"Sara Salem, \u00ab\u00a0Femen\u2019s Neocolonial Feminism\u00a0: When Nudity Becomes a Uniform\u00a0\u00bb,\u00a0(...)\" href=\"http:\/\/www.monde-diplomatique.fr\/carnet\/2013-03-12-Femen#nb19\" rel=\"footnote\">19<\/a>)<i>.<small>\u00a0<\/small>\u00bb<\/i> Mais pourquoi se remettre en question quand montrer vos seins suffit \u00e0 vous assurer une audience maximale<small>\u00a0<\/small>?<\/p>\n<\/div>\n<\/div>\n<div>\n<div id=\"nb1\">\n<p>(<a title=\"Notes 1\" href=\"http:\/\/www.monde-diplomatique.fr\/carnet\/2013-03-12-Femen#nh1\" rev=\"footnote\">1<\/a>) A la lumi\u00e8re de la remarque de Mernissi, le geste d\u2019El-Mahdy est porteur d\u2019une charge transgressive ind\u00e9niable dans le contexte \u00e9gyptien. Il lui a d\u2019ailleurs valu des menaces intol\u00e9rables. Mais le probl\u00e8me est que sa d\u00e9marche, purement individuelle, reste impuissante \u00e0 faire \u00e9voluer les mentalit\u00e9s dans son pays. Elle s\u2019av\u00e8re m\u00eame contre-productive\u00a0: en Occident, la jeune femme a \u00e9t\u00e9 r\u00e9cup\u00e9r\u00e9e par des commentateurs dont les discours \u2014\u00a0ou les arri\u00e8re-pens\u00e9es\u00a0\u2014 ne sont pas toujours bienveillants envers sa soci\u00e9t\u00e9 d\u2019origine.<\/p>\n<\/div>\n<div id=\"nb2\">\n<p>(<a title=\"Notes 2\" href=\"http:\/\/www.monde-diplomatique.fr\/carnet\/2013-03-12-Femen#nh2\" rev=\"footnote\">2<\/a>) <i>Nos seins, nos armes,<\/i> de Caroline Fourest et Nadia El-Fani.<\/p>\n<\/div>\n<div id=\"nb3\">\n<p>(<a title=\"Notes 3\" href=\"http:\/\/www.monde-diplomatique.fr\/carnet\/2013-03-12-Femen#nh3\" rev=\"footnote\">3<\/a>) \u00ab<small>\u00a0<\/small><small>\u00a0<\/small><a href=\"http:\/\/www.liberation.fr\/societe\/2013\/03\/06\/femen-la-guerre-des-sextremistes_886811\" rel=\"external\">Femen, la guerre des \u201csextr\u00e9mistes\u201d<\/a><small>\u00a0<\/small><small>\u00a0<\/small>\u00bb, <i>Lib\u00e9ration,<\/i> 7 mars 2013.<\/p>\n<\/div>\n<div id=\"nb4\">\n<p>(<a title=\"Notes 4\" href=\"http:\/\/www.monde-diplomatique.fr\/carnet\/2013-03-12-Femen#nh4\" rev=\"footnote\">4<\/a>) \u00ab<small>\u00a0<\/small><small>\u00a0<\/small><a href=\"http:\/\/seenthis.net\/messages\/94612\" rel=\"external\">\u201cSi tu montres tes nichons, je reviens avec mon photographe\u201d<\/a><small>\u00a0<\/small><small>\u00a0<\/small>\u00bb, Seenthis, octobre\u00a02012.<\/p>\n<\/div>\n<div id=\"nb5\">\n<p>(<a title=\"Notes 5\" href=\"http:\/\/www.monde-diplomatique.fr\/carnet\/2013-03-12-Femen#nh5\" rev=\"footnote\">5<\/a>) \u00ab<small>\u00a0<\/small><small>\u00a0<\/small><a href=\"http:\/\/www.liberation.fr\/monde\/2013\/03\/07\/ukraine-le-feminisme-seins-nus-tisse-sa-toile-dans-le-monde_887070\" rel=\"external\">Ukraine\u00a0: le f\u00e9minisme seins nus tisse sa toile dans le monde<\/a><small>\u00a0<\/small><small>\u00a0<\/small>\u00bb, AFP, 7\u00a0mars 2013.<\/p>\n<\/div>\n<div id=\"nb6\">\n<p>(<a title=\"Notes 6\" href=\"http:\/\/www.monde-diplomatique.fr\/carnet\/2013-03-12-Femen#nh6\" rev=\"footnote\">6<\/a>) \u00ab<small>\u00a0<\/small><small>\u00a0<\/small><a href=\"http:\/\/www.rue89.com\/rue69\/2012\/12\/23\/seins-nus-les-femen-phenomene-mediatique-ou-feministe-238004\" rel=\"external\">Seins nus\u00a0: les Femen, ph\u00e9nom\u00e8ne m\u00e9diatique ou f\u00e9ministe<small>\u00a0<\/small><small>\u00a0<\/small>?<\/a><small>\u00a0<\/small><small>\u00a0<\/small>\u00bb, Rue89, 23\u00a0d\u00e9cembre 2012.<\/p>\n<\/div>\n<div id=\"nb7\">\n<p>(<a title=\"Notes 7\" href=\"http:\/\/www.monde-diplomatique.fr\/carnet\/2013-03-12-Femen#nh7\" rev=\"footnote\">7<\/a>) \u00ab<small>\u00a0<\/small><small>\u00a0<\/small>Le f\u00e9minisme \u00e0 l\u2019\u00e9preuve du sextr\u00e9misme<small>\u00a0<\/small><small>\u00a0<\/small>\u00bb, <i>M \u2013 Le magazine du<\/i> Monde, 9 mars 2013.<\/p>\n<\/div>\n<div id=\"nb8\">\n<p>(<a title=\"Notes 8\" href=\"http:\/\/www.monde-diplomatique.fr\/carnet\/2013-03-12-Femen#nh8\" rev=\"footnote\">8<\/a>) \u00ab<small>\u00a0<\/small><small>\u00a0<\/small><a href=\"http:\/\/www.guardian.co.uk\/world\/2012\/sep\/22\/femen-topless-warriors-global-feminism\" rel=\"external\">Femen\u2019s topless warriors start boot camp for global feminism<\/a><small>\u00a0<\/small><small>\u00a0<\/small>\u00bb, <i>The Guardian,<\/i> 22 septembre 2012.<\/p>\n<\/div>\n<div id=\"nb9\">\n<p>(<a title=\"Notes 9\" href=\"http:\/\/www.monde-diplomatique.fr\/carnet\/2013-03-12-Femen#nh9\" rev=\"footnote\">9<\/a>) Claude Guillon, <i>Je chante le corps critique,<\/i> H&amp;O, Paris, 2008.<\/p>\n<\/div>\n<div id=\"nb10\">\n<p>(<a title=\"Notes 10\" href=\"http:\/\/www.monde-diplomatique.fr\/carnet\/2013-03-12-Femen#nh10\" rev=\"footnote\">10<\/a>) \u00ab<small>\u00a0<\/small><small>\u00a0<\/small><a href=\"http:\/\/claudeguillon.internetdown.org\/article.php3?id_article=377\" rel=\"external\">Quel usage politique de la nudit\u00e9<small>\u00a0<\/small><small>\u00a0<\/small>?<\/a><small>\u00a0<\/small><small>\u00a0<\/small>\u00bb, Claude Guillon, 7\u00a0f\u00e9vrier 2013. <strong>Ajout du 13 mars<\/strong>\u00a0: lire aussi \u00ab<small>\u00a0<\/small><small>\u00a0<\/small><a href=\"http:\/\/claudeguillon.internetdown.org\/article.php3?id_article=415\" rel=\"external\">\u201cSauv\u00e9es par le gong\u201d<small>\u00a0<\/small><small>\u00a0<\/small>? Femen, suite et fin<\/a><small>\u00a0<\/small><small>\u00a0<\/small>\u00bb (12 mars).<\/p>\n<\/div>\n<div id=\"nb11\">\n<p>(<a title=\"Notes 11\" href=\"http:\/\/www.monde-diplomatique.fr\/carnet\/2013-03-12-Femen#nh11\" rev=\"footnote\">11<\/a>) <i>Femen,<\/i> entretiens avec Galia Ackerman, Calmann-L\u00e9vy, Paris, 2013.<\/p>\n<\/div>\n<div id=\"nb12\">\n<p>(<a title=\"Notes 12\" href=\"http:\/\/www.monde-diplomatique.fr\/carnet\/2013-03-12-Femen#nh12\" rev=\"footnote\">12<\/a>) Lire Sylvie Tissot, \u00ab<small>\u00a0<\/small><small>\u00a0<\/small><a href=\"http:\/\/www.monde-diplomatique.fr\/2008\/02\/TISSOT\/15624\">\u201cUne midinette aux ongles laqu\u00e9s\u201d<\/a><small>\u00a0<\/small><small>\u00a0<\/small>\u00bb, <i>Le Monde diplomatique,<\/i> f\u00e9vrier 2008.<\/p>\n<\/div>\n<div id=\"nb13\">\n<p>(<a title=\"Notes 13\" href=\"http:\/\/www.monde-diplomatique.fr\/carnet\/2013-03-12-Femen#nh13\" rev=\"footnote\">13<\/a>) \u00ab<small>\u00a0<\/small><small>\u00a0<\/small><a href=\"http:\/\/www.20minutes.fr\/societe\/1112711-femen-notre-message-universel\" rel=\"external\">Femen\u00a0: \u201cNotre message est universel\u201d<\/a><small>\u00a0<\/small><small>\u00a0<\/small>\u00bb, 20minutes.fr, 5\u00a0mars 2013.<\/p>\n<\/div>\n<div id=\"nb14\">\n<p>(<a title=\"Notes 14\" href=\"http:\/\/www.monde-diplomatique.fr\/carnet\/2013-03-12-Femen#nh14\" rev=\"footnote\">14<\/a>) \u00ab<small>\u00a0<\/small><small>\u00a0<\/small><a href=\"http:\/\/patricjean.blogspot.fr\/2013\/01\/prostitution-liberation-remet-le-couvert.html\" rel=\"external\">Prostitution\u00a0: <i>Lib\u00e9ration<\/i> remet le couvert<\/a><small>\u00a0<\/small><small>\u00a0<\/small>\u00bb, Le blog de Patric Jean, 7 janvier 2013.<\/p>\n<\/div>\n<div id=\"nb15\">\n<p>(<a title=\"Notes 15\" href=\"http:\/\/www.monde-diplomatique.fr\/carnet\/2013-03-12-Femen#nh15\" rev=\"footnote\">15<\/a>) <i>Cf.<\/i> Ma\u00efa Mazaurette, \u00ab<small>\u00a0<\/small><small>\u00a0<\/small><a href=\"http:\/\/www.gqmagazine.fr\/sexactu\/articles\/une-remarque-au-sujet-des-caricatures-humiliantes-dans-charlie-hebdo\/15914\" rel=\"external\">Une remarque au sujet des caricatures \u201chumiliantes\u201d dans <i>Charlie Hebdo<\/i><\/a><small>\u00a0<\/small><small>\u00a0<\/small>\u00bb, Sexactu, 20\u00a0septembre 2012.<\/p>\n<\/div>\n<div id=\"nb16\">\n<p>(<a title=\"Notes 16\" href=\"http:\/\/www.monde-diplomatique.fr\/carnet\/2013-03-12-Femen#nh16\" rev=\"footnote\">16<\/a>) Nacira Gu\u00e9nif-Souilamas et Eric Mac\u00e9, <i>Les f\u00e9ministes et le gar\u00e7on arabe,<\/i> L\u2019Aube, La Tour d\u2019Aigues, 2004.<\/p>\n<\/div>\n<div id=\"nb17\">\n<p>(<a title=\"Notes 17\" href=\"http:\/\/www.monde-diplomatique.fr\/carnet\/2013-03-12-Femen#nh17\" rev=\"footnote\">17<\/a>) \u00ab<small>\u00a0<\/small><small>\u00a0<\/small><a href=\"http:\/\/www.theatlantic.com\/international\/archive\/2012\/11\/femen-ukraines-topless-warriors\/265624\/\" rel=\"external\">Femen, Ukraine\u2019s Topless Warriors<\/a><small>\u00a0<\/small><small>\u00a0<\/small>\u00bb, TheAtlantic.com, 28\u00a0novembre 2012.<\/p>\n<\/div>\n<div id=\"nb18\">\n<p>(<a title=\"Notes 18\" href=\"http:\/\/www.monde-diplomatique.fr\/carnet\/2013-03-12-Femen#nh18\" rev=\"footnote\">18<\/a>) <i>Cf.<\/i> \u00ab<small>\u00a0<\/small><small>\u00a0<\/small><a href=\"http:\/\/seenthis.net\/messages\/92460\" rel=\"external\">Femen ou le f\u00e9tichisme du d\u00e9voilement<\/a><small>\u00a0<\/small><small>\u00a0<\/small>\u00bb, Seenthis, octobre 2012, et Alain Gresh, \u00ab<small>\u00a0<\/small><small>\u00a0<\/small><a href=\"http:\/\/blog.mondediplo.net\/2011-03-20-Jupe-et-string-obligatoires\" rel=\"external\">Jupe et string obligatoires<\/a><small>\u00a0<\/small><small>\u00a0<\/small>\u00bb, Nouvelles d\u2019Orient, Les blogs du Diplo, 20\u00a0mars 2011.<\/p>\n<\/div>\n<div id=\"nb19\">\n<p>(<a title=\"Notes 19\" href=\"http:\/\/www.monde-diplomatique.fr\/carnet\/2013-03-12-Femen#nh19\" rev=\"footnote\">19<\/a>) Sara Salem, \u00ab<small>\u00a0<\/small><small>\u00a0<\/small><a href=\"http:\/\/english.al-akhbar.com\/content\/femens-neocolonial-feminism-when-nudity-becomes-uniform\" rel=\"external\">Femen\u2019s Neocolonial Feminism\u00a0: When Nudity Becomes a Uniform<\/a><small>\u00a0<\/small><small>\u00a0<\/small>\u00bb, Al-Akhbar English, 26\u00a0d\u00e9cembre 2012.<\/p>\n<\/div>\n<\/div>\n<h3><b>Pourquoi je n\u2019ai plus foi en les Femen<\/b><\/h3>\n<div>Par <a href=\"http:\/\/metrofrance.com\/blog\/ovidie\/author\/ovidie\/\">ovidie<\/a> le 8 mars 2013<\/div>\n<p><a href=\"http:\/\/metrofrance.com\/blog\/ovidie\/2013\/03\/08\/pourquoi-je-nai-plus-foi-en-les-femen\/\"><img decoding=\"async\" title=\"Des militantes Femen \u00e0 Notre-Dame de Paris\" alt=\"\" src=\"http:\/\/metrofrance.com\/blog\/ovidie\/files\/2013\/03\/Capture-d%E2%80%99%C3%A9cran-2013-03-08-%C3%A0-12.53.21.png\" width=\"580\" height=\"387\" \/><\/a><\/p>\n<p><strong>En cette p\u00e9riode d\u2019engouement m\u00e9diatique mammaire, je ne sais s\u2019il est vraiment de bon ton de jouer les pisse-froid. J\u2019ai regard\u00e9 le documentaire de Caroline Fourest, <em>Nos seins nos armes<\/em>, diffus\u00e9 sur France 2. Outre le fait qu\u2019il soit techniquement plut\u00f4t r\u00e9ussi et tr\u00e8s bien mont\u00e9, il m\u2019a surtout permis de comprendre pourquoi, depuis plusieurs mois, les Femen me d\u00e9rangent sur bien des aspects.<\/strong><\/p>\n<p><strong>\u00ab\u00a0Fuck God\u00a0\u00bb<\/strong><\/p>\n<p>J\u2019ai \u00e9t\u00e9 constern\u00e9e voire terrifi\u00e9e lorsque, il y a quelques mois, les premi\u00e8res images des Femen frapp\u00e9es par des membres du cort\u00e8ge de Civitas ont commenc\u00e9 \u00e0 circuler sur la toile. J\u2019ai \u00e9prouv\u00e9 de la sympathie pour elles, je les ai trouv\u00e9es courageuses. Je me rappelle avoir fait circuler ces images, ce qui m\u2019avait d\u2019ailleurs valu une suspension temporaire de <a href=\"http:\/\/www.facebook.com\/pages\/OVIDIE-official\/214661158561025\" target=\"_blank\">mon compte Facebook<\/a>.<\/p>\n<p>Mais, j\u2019avoue avoir \u00e9galement ressenti un grand sentiment de malaise en regardant Inna Schevchenko tron\u00e7onner la croix de Kiev. Ce qui est curieux lorsque on regarde le documentaire, c\u2019est que ce jour-l\u00e0, cette jeune femme a d\u00e9clar\u00e9 la guerre aux chr\u00e9tiens, sans m\u00eame r\u00e9ellement en avoir conscience. Telle une ado qui ne semble pas comprendre ce qu\u2019on lui reproche, elle raconte presque avec surprise et injustice que les autorit\u00e9s ont voulu l\u2019interpeller chez elle.<\/p>\n<p>J\u2019admets avoir \u00e9t\u00e9 navr\u00e9e le jour o\u00f9 les Femen ont renouvel\u00e9, cette fois en France, <a href=\"http:\/\/www.lexpress.fr\/actualite\/politique\/l-action-des-femen-a-notre-dame-a-fache-toute-la-classe-politique_1220558.html\" target=\"_blank\">leur op\u00e9ration coup de poing, \u00e0 Notre dame<\/a>. Elles\u00a0souhaitaient devenir, \u00e0 l\u2019instar des Pussy Riot, des h\u00e9ro\u00efnes des temps modernes. Mais ce qu\u2019elles ont oubli\u00e9, c\u2019est que si les Pussy Riot ont attir\u00e9 la sympathie des m\u00e9dias internationaux c\u2019est avant tout parce que la peine \u00e0 laquelle elles ont \u00e9t\u00e9 condamn\u00e9es \u00e9tait disproportionn\u00e9e. Les Femen, en sortant de Notre Dame, ont mollement \u00e9t\u00e9 interpel\u00e9es.<\/p>\n<p><em>\u00ab\u00a0L\u00e0 o\u00f9 la religion commence, la libert\u00e9 s\u2019ach\u00e8ve\u00a0\u00bb <\/em>affirment-elles. Une r\u00e9flexion digne d\u2019une copie de Terminale L, mais pas de leadeuses d\u2019un mouvement politique qui se veut international. Dire que <em>\u00ab\u00a0La religion c\u2019est l\u2019esclavage\u00a0\u00bb<\/em> rel\u00e8ve du niveau z\u00e9ro de la r\u00e9flexion philosophique. Ce n\u2019est pas la religion qui est un probl\u00e8me, c\u2019est son d\u00e9tournement \u00e0 des fins politiques. Critiquer les positions politiques du clerg\u00e9, ok. Perturber les croyants dans leur pri\u00e8re et les traiter d\u2019esclaves, non.<\/p>\n<p>\u00ab\u00a0Fuck God\u00a0\u00bb se peignent-elles sur le corps : A quatorze ans, \u00e7a se comprend. Au-del\u00e0, c\u2019est inqui\u00e9tant.<\/p>\n<p><strong>\u00ab\u00a0Muslim get naked\u00a0\u00bb<\/strong><\/p>\n<p>Le voile chez les musulmanes est un sujet casse-gueule o\u00f9 il vaut mieux bien ma\u00eetriser ses arguments avant de se permettre de l\u2019ouvrir. Personnellement, je ne me suis jamais permis de me lancer dans cette le\u00e7on de morale n\u00e9o-colonialiste vis \u00e0 vis des femmes voil\u00e9es. C\u2019est un sujet que je ne ma\u00eetrise pas, alors je pr\u00e9f\u00e8re me la boucler. Soutenir <a href=\"http:\/\/fr.wikipedia.org\/wiki\/Aliaa_Magda_Elmahdy\" target=\"_blank\">Aliaa Al Mahdy<\/a>, oui. Faire la le\u00e7on, non.<\/p>\n<p>Le f\u00e9minisme, c\u2019est un combat pour le respect de toutes les femmes, qu\u2019elles choisissent de se d\u00e9nuder ou qu\u2019elles fassent le choix de se couvrir. J\u2019ai du mal \u00e0 concevoir que quatre Ukrainiennes aient suffisamment de l\u00e9gitimit\u00e9 pour pr\u00e9tendre vouloir r\u00e9volutionner la condition des femmes musulmanes. Les f\u00e9ministes \u00e9gyptiennes en bavent, mais elles n\u2019ont certes pas besoin des Femen pour agir.<\/p>\n<p><strong>\u00ab\u00a0Toutes les femmes du monde ont besoin de nous\u00a0\u00bb<\/strong><\/p>\n<p>Les chevilles enfl\u00e9es ne font visiblement pas trop souffrir les Femen qui affirment, en toute modestie, qu\u2019elles ont cr\u00e9\u00e9 LE nouveau f\u00e9minisme dont les femmes du monde entier avaient besoin. Inna Schevchenko est persuad\u00e9e que nous l\u2019attendions telle le Messie, et il n\u2019est d\u2019ailleurs pas innocent qu\u2019elle ait pos\u00e9 en posture christique devant la croix de Kiev tron\u00e7onn\u00e9e.<\/p>\n<p><em>\u00ab\u00a0Toutes les femmes vont nous comprendre\u00a0\u00bb<\/em>. Toutes ? M\u00eame les musulmanes ? M\u00eame les prostitu\u00e9es ? M\u00eame les femmes mari\u00e9es avec enfants ? M\u00eame les vieilles, les celluliteuses, les verg\u00e9tur\u00e9es ? Toutes vraiment ?<\/p>\n<p>Inna Schevchenko l\u2019avoue : <em>\u00ab\u00a0Il y a trois ans, je ne connaissais rien du f\u00e9minisme\u00a0\u00bb<\/em>. Et malheureusement cela se ressent. Le discours des Femen est flou, peu argument\u00e9, limit\u00e9 \u00e0 une accumulation de slogans, et surtout tr\u00e8s peu r\u00e9f\u00e9renc\u00e9, pour ne pas dire pas du tout. Peut-\u00eatre qu\u2019en Ukraine le f\u00e9minisme n\u2019est pas au beau fixe, je veux bien le croire. Mais en France, nous pouvons nous targuer d\u2019avoir un f\u00e9minisme riche et vari\u00e9.<\/p>\n<p>O\u00f9 sont les f\u00e9ministes ?\u00a0Elles sont au <a href=\"http:\/\/www.planning-familial.org\/\" target=\"_blank\">Planning Familial<\/a>. Elles font passer des lois. Elles r\u00e9volutionnent la pens\u00e9e en nous faisant partager <a href=\"http:\/\/www.franceculture.fr\/oeuvres\/7601\" target=\"_blank\">leurs \u00e9crits<\/a>. Elles s\u2019interrogent \u00e0 propos des <a href=\"http:\/\/www2.univ-paris8.fr\/ef\/\" target=\"_blank\">\u00e9tudes de Genre<\/a>. Elles sont dans ce qu\u2019on appellent \u00ab\u00a0les quartiers\u00a0\u00bb. Elles travaillent sur le terrain avec les prostitu\u00e9es, au lieu de les condamner. Elles aident les femmes et les accompagnent dans la grossesse et la maternit\u00e9. Elles luttent, quotidiennement, de mani\u00e8re pragmatique et efficace.<\/p>\n<p>Alors, si la nouveaut\u00e9 c\u2019est le happening nu, permettez-moi de signaler que cela existe depuis les premiers mouvements de lib\u00e9ration sexuelle, et que cela se pratique encore de nos jours lors des <a href=\"http:\/\/slutwalkfrance.tumblr.com\/\" target=\"_blank\">\u00ab\u00a0Sluwalks\u00a0\u00bb <\/a>(Marche des Salopes). Et d\u2019ailleurs, pourquoi les Femen sont-elles nues ou presque ? A part pour attirer les m\u00e9dias, on ne sait pas trop. Les \u00ab\u00a0Salopes\u00a0\u00bb d\u00e9filent parfois d\u00e9nud\u00e9es durant les Slutwalks pour revendiquer le fait que le viol est intol\u00e9rable pour toutes les victimes, qu\u2019il s\u2019agisse d\u2019une femme habill\u00e9e sexy ou non. Quid des Femen ? D\u00e9fendent-elle les \u00ab\u00a0Salopes\u00a0\u00bb ?<\/p>\n<p><a href=\"http:\/\/metrofrance.com\/blog\/ovidie\/files\/2013\/03\/Capture-d%E2%80%99%C3%A9cran-2013-03-08-%C3%A0-13.05.04.png\"><img decoding=\"async\" title=\"Marche des salopes \u00e0 Londres\" alt=\"\" src=\"http:\/\/metrofrance.com\/blog\/ovidie\/files\/2013\/03\/Capture-d%E2%80%99%C3%A9cran-2013-03-08-%C3%A0-13.05.04-188x300.png\" width=\"300\" height=\"478\" \/><\/a><\/p>\n<p>La marche des salopes \u00e0 Londres (Julian Makey \/ Rex Features )<\/p>\n<p>Les Femen disent que \u00ab\u00a0lorsque elles auront gagn\u00e9, elles pourront faire une pause\u00a0\u00bb. Mais gagn\u00e9 quoi ? Quel est le mod\u00e8le politique qu\u2019elles d\u00e9fendent ? \u00c7a, je ne l\u2019ai toujours pas compris.<\/p>\n<p><strong>Nos seins, notre capital<\/strong><\/p>\n<p>Quel serait l\u2019engouement m\u00e9diatique autour des Femen si elles avaient les seins en gants de toilette ? Il faut \u00eatre d\u2019une na\u00efvet\u00e9 affolante pour imaginer que c\u2019est uniquement par le plus grand des hasard que les Femen sont taill\u00e9es comme des mannequins. Leurs seins ne sont pas leurs armes, mais plut\u00f4t leur capital, et je ne leur souhaite pas de vieillir ni de grossir. Elles luttent contre la femme objet, mais ne font que renforcer les complexes en imposant un mod\u00e8le plastique de f\u00e9minit\u00e9.<\/p>\n<p><strong>Un militantisme hyst\u00e9rique<\/strong><\/p>\n<p>En regardant les archives d\u2019actions revendiqu\u00e9es par les Femen, nous y voyons des jeunes femmes qui perp\u00e9tuent le clich\u00e9 de la femme hyst\u00e9rique qui n\u2019est pas ma\u00eetresse d\u2019elle-m\u00eame et qui ne sait que hurler avec sa voix stridente. Demandez \u00e0 des gar\u00e7ons de vous raconter \u00e0 quoi ressemble une baston de coll\u00e9giennes, ils vous d\u00e9criront quelque chose d\u2019assez proche des actions Femen. Ca braille, \u00e7a se d\u00e9bat, \u00e7a perd contr\u00f4le.<\/p>\n<p>Pardonnez-moi Mesdemoiselles, mais ce n\u2019est pas tout \u00e0 fait l\u2019image que je me fais des guerri\u00e8res. Soit on garde son sang froid, on fixe avec son regard glacial, et on d\u00e9bite un discours brillant intellectuellement, comme Elisabeth Badinter, en face de qui on ne moufte pas. Soit on se la joue activistes de terrain, mais dans ce cas, au lieu de chouiner \u00ab\u00a0Bouh les m\u00e9chants de Civitas ils m\u2019ont tap\u00e9e\u00a0\u00bb, on leur balance un bon coup de pied retourn\u00e9. Mais \u00e7a, \u00e7a demande de l\u2019entra\u00eenement, \u00e7a prend du temps que l\u2019on ne peut pas passer \u00e0 parader avec les m\u00e9dias.<\/p>\n<p>Et inutile de nous berner, la s\u00e9ance de pompes et de pseudo-entra\u00eenement au Lavoir Moderne que l\u2019on peut voir dans le documentaire a \u00e9t\u00e9 organis\u00e9e apr\u00e8s avoir convoqu\u00e9 la presse. Des radios et t\u00e9l\u00e9visions \u00e9taient pr\u00e9sentes, et je me rappelle tr\u00e8s bien que <a href=\"http:\/\/madame.lefigaro.fr\/societe\/dans-lantre-femen-lutte-contre-forces-male-141212-330000\" target=\"_blank\">plusieurs reportages ont pullul\u00e9 dans la foul\u00e9e<\/a>. Effectivement, s\u2019il faut convoquer la presse \u00e0 chaque fois qu\u2019on fait du sport, je comprends que cela soit compliqu\u00e9 de progresser.<\/p>\n<p><strong>\u00ab\u00a0Si je n\u2019\u00e9tais pas Femen, je serai mari\u00e9e avec des enfants\u00a0\u00bb<\/strong><\/p>\n<p>Ah oui, effectivement, c\u2019est trop la honte d\u2019\u00eatre mari\u00e9e avec enfants, et c\u2019est la preuve d\u2019une soumission totale au patriarcat. Il faudra alors qu\u2019elles nous expliquent pourquoi elles sont venues se greffer \u00e0 la lutte en faveur du mariage pour tous et de la PMA.<\/p>\n<p><strong>\u00ab\u00a0Nous ne voulons pas \u00eatre renvoy\u00e9es \u00e0 une image de la femme objet tout juste bonne \u00e0 se marier ou \u00e0 se prostituer\u00a0\u00bb<\/strong><\/p>\n<p>Alors, on l\u2019a compris, se marier \u00e7a craint. Mais se prostituer aussi. S\u2019il y a un combat qui est cher aux Femen, c\u2019est bien celui contre ce qu\u2019elles appellent l\u2019industrie du sexe. Dans sa voix off, Caroline Fourest parle de <em>\u00ab\u00a0l\u2019argent facile\u00a0\u00bb.<\/em> Alors, Caroline, permettez-moi de vous contredire, mais \u00eatre une travailleuse du sexe ne constitue pas une activit\u00e9 \u00ab\u00a0facile\u00a0\u00bb, tant bien du point de vue de la nature de la prestation que du jugement social qui en d\u00e9coule.<\/p>\n<p><a href=\"http:\/\/metrofrance.com\/blog\/ovidie\/files\/2013\/03\/Capture-d%E2%80%99%C3%A9cran-2013-03-08-%C3%A0-13.33.13.png\"><img decoding=\"async\" title=\"La couverture des Inrocks avec les Femen\" alt=\"\" src=\"http:\/\/metrofrance.com\/blog\/ovidie\/files\/2013\/03\/Capture-d%E2%80%99%C3%A9cran-2013-03-08-%C3%A0-13.33.13-247x300.png\" width=\"247\" height=\"300\" \/><\/a><\/p>\n<p>La couverture des Inrocks avec les Femen (DR)<\/p>\n<p>il y a tout de m\u00eame une chose qui me laisse perplexe dans leur lutte acharn\u00e9e contre l\u2019industrie du sexe. <a href=\"http:\/\/www.ibtimes.co.uk\/articles\/411163\/20121204\/ukraine-pornstar-asylum-wiska-femen.htm\" target=\"_blank\">Pourquoi les Femen comptent-elles dans leur \u00e9quipe Ukrainienne Wiska,<\/a> une ex-pornostar r\u00e9put\u00e9e pour ses performances pouss\u00e9es ? Et pourquoi des rumeurs ne cessent de circuler sur la toile \u00e0 propos d\u2019une de leur repr\u00e9sentante fran\u00e7aise et d\u2019une activit\u00e9 d\u2019escort girl ? Seraient-elles des Marie-Madeleine repenties, venues trouver refuge aupr\u00e8s de la christique Inna ?<\/p>\n<p>Les Femen se d\u00e9finissent comme des \u00ab\u00a0sextremists\u00a0\u00bb. Outre le fait que le jeu de mots sonne bien, j\u2019aimerais tout de m\u00eame savoir ce qu\u2019elles entendent par-l\u00e0. On connaissait d\u00e9j\u00e0 le \u00ab\u00a0f\u00e9minisme pro-sexe\u00a0\u00bb ou encore le \u00ab\u00a0f\u00e9minisme sexe-positif\u00a0\u00bb, pour d\u00e9finir les courants de lib\u00e9ration sexuelle f\u00e9minine. Mais je doute que les Femen s\u2019int\u00e9ressent \u00e0 ce type de mouvement. Je ne sais m\u00eame pas si elles savent qu\u2019il existe <a href=\"http:\/\/site.strass-syndicat.org\/\" target=\"_blank\">une lutte syndicale chez certaines prostitu\u00e9(e)s<\/a>.<\/p>\n<p>Le f\u00e9minisme, c\u2019est revendiquer de pouvoir disposer de son corps comme on l\u2019entend. En France, nous parvenons tant bien que mal \u00e0 maintenir ce droit, bien que la prostitution demeure l\u00e9galement un point sensible. Nous et nos a\u00een\u00e9es avons lutt\u00e9 pour avoir le droit de faire ce que nous voulons de notre sexe. Merci de ne pas nous le retirer.<\/p>\n","protected":false},"excerpt":{"rendered":"<p>Femen partout, f\u00e9minisme nulle\u00a0part<\/p>\n","protected":false},"author":1,"featured_media":405,"comment_status":"open","ping_status":"open","sticky":false,"template":"","format":"standard","meta":{"footnotes":""},"categories":[21,4,18,28],"tags":[],"class_list":["post-434","post","type-post","status-publish","format-standard","has-post-thumbnail","hentry","category-anti-imperialisme","category-islamophobie","category-resistance-bruxelles","category-racismes"],"_links":{"self":[{"href":"https:\/\/bruxelles-pantheres.be\/index.php?rest_route=\/wp\/v2\/posts\/434","targetHints":{"allow":["GET"]}}],"collection":[{"href":"https:\/\/bruxelles-pantheres.be\/index.php?rest_route=\/wp\/v2\/posts"}],"about":[{"href":"https:\/\/bruxelles-pantheres.be\/index.php?rest_route=\/wp\/v2\/types\/post"}],"author":[{"embeddable":true,"href":"https:\/\/bruxelles-pantheres.be\/index.php?rest_route=\/wp\/v2\/users\/1"}],"replies":[{"embeddable":true,"href":"https:\/\/bruxelles-pantheres.be\/index.php?rest_route=%2Fwp%2Fv2%2Fcomments&post=434"}],"version-history":[{"count":1,"href":"https:\/\/bruxelles-pantheres.be\/index.php?rest_route=\/wp\/v2\/posts\/434\/revisions"}],"predecessor-version":[{"id":435,"href":"https:\/\/bruxelles-pantheres.be\/index.php?rest_route=\/wp\/v2\/posts\/434\/revisions\/435"}],"wp:featuredmedia":[{"embeddable":true,"href":"https:\/\/bruxelles-pantheres.be\/index.php?rest_route=\/wp\/v2\/media\/405"}],"wp:attachment":[{"href":"https:\/\/bruxelles-pantheres.be\/index.php?rest_route=%2Fwp%2Fv2%2Fmedia&parent=434"}],"wp:term":[{"taxonomy":"category","embeddable":true,"href":"https:\/\/bruxelles-pantheres.be\/index.php?rest_route=%2Fwp%2Fv2%2Fcategories&post=434"},{"taxonomy":"post_tag","embeddable":true,"href":"https:\/\/bruxelles-pantheres.be\/index.php?rest_route=%2Fwp%2Fv2%2Ftags&post=434"}],"curies":[{"name":"wp","href":"https:\/\/api.w.org\/{rel}","templated":true}]}}