{"id":4344,"date":"2020-01-11T15:28:35","date_gmt":"2020-01-11T14:28:35","guid":{"rendered":"https:\/\/bruxelles-pantheres.be\/?p=4344"},"modified":"2020-01-11T15:28:35","modified_gmt":"2020-01-11T14:28:35","slug":"stop-a-la-criminalisation-des-migrants-en-passage","status":"publish","type":"post","link":"https:\/\/bruxelles-pantheres.be\/?p=4344","title":{"rendered":"Stop \u00e0 la criminalisation des migrants en passage"},"content":{"rendered":"<p style=\"text-align: center;\"><strong>SOIR\u00c9E-D\u00c9BAT <\/strong><\/p>\n<h5 style=\"text-align: center;\"><a href=\"https:\/\/www.facebook.com\/events\/793362684471493\/\"><strong>D\u00c9NON\u00c7ONS LA CRIMINALISATION DES MIGRANTS EN PASSAGE<\/strong><\/a><br \/>\n<strong>22 janvier 2020 \u00e0 19 heures<\/strong><br \/>\n<strong>La Maison qui chante, rue du Viaduc 22 \u00e0 1050 Bruxelles (Ixelles)<\/strong><\/h5>\n<p style=\"text-align: left;\">Beaucoup d&rsquo;entre nous ont entendu parler de Carola Rackete en M\u00e9diterran\u00e9e, C\u00e9dric H\u00e9rou en France, Lisa Bozia en Suisse, Zakia et Walid en Belgique. Le d\u00e9lit de solidarit\u00e9 (ou criminalisation de la solidarit\u00e9) s&rsquo;est gliss\u00e9 haut dans l&rsquo;agenda m\u00e9diatique et politique ces derni\u00e8res ann\u00e9es.Mais saviez-vous que des dizaines d&rsquo;autres poursuites et arrestations y compris des d\u00e9tentions de personnes migrantes pour des motifs similaires continuent inlassablement en Europe, et en particulier en Belgique?<!--more--><a href=\"https:\/\/bruxelles-pantheres.be\/wp-content\/uploads\/2013\/11\/soli-migrants1.jpg\"><img decoding=\"async\" class=\"size-full wp-image-446 alignleft\" src=\"https:\/\/bruxelles-pantheres.be\/wp-content\/uploads\/2013\/11\/soli-migrants1.jpg\" alt=\"\" width=\"300\" height=\"405\" srcset=\"https:\/\/bruxelles-pantheres.be\/wp-content\/uploads\/2013\/11\/soli-migrants1.jpg 300w, https:\/\/bruxelles-pantheres.be\/wp-content\/uploads\/2013\/11\/soli-migrants1-222x300.jpg 222w\" sizes=\"(max-width: 300px) 100vw, 300px\" \/><\/a><\/p>\n<p>&nbsp;<\/p>\n<p>Le collectif \u00ab Solidarity is not a crime \u00bb s&rsquo;est donn\u00e9 pour but de d\u00e9noncer la criminalisation de la solidarit\u00e9, y compris celle des migrant.e.s entre elles et eux, souvent requalifi\u00e9e en \u00ab\u00a0trafic d&rsquo;\u00eatres humains\u00a0\u00bb.<br \/>\nUn an apr\u00e8s le proc\u00e8s dit \u00ab de la solidarit\u00e9 \u00bb dans lequel 12 personnes \u00e9taient poursuivies pour trafic d&rsquo;\u00eatres humains et participation \u00e0 une organisation criminelle, et \u00e0 4 mois du suivant en appel, un grand nombre de migrant.e.s ont \u00e9t\u00e9 \u00ab\u00a0jug\u00e9.e.s\u00a0\u00bb et incarc\u00e9r\u00e9.e.s dans un silence assourdissant.<br \/>\nD\u00e8s lors, parce que nous consid\u00e9rons que face \u00e0 la violence de l\u2019\u00c9tat le silence est inacceptable, parce que nous d\u00e9non\u00e7ons la strat\u00e9gie de criminalisation des personnes migrantes de passage dans nos pays, parce qu&rsquo;\u00e0 l&rsquo;invisibilit\u00e9 de la r\u00e9pression doit r\u00e9pondre l&rsquo;intensification de la lutte,\u00a0nous vous invitons \u00e0 une soir\u00e9e-d\u00e9bat pour discuter de la criminalisation de la solidarit\u00e9 au-del\u00e0 des cas les plus m\u00e9diatis\u00e9s et plus particuli\u00e8rement \u00e0 l\u2019encontre des migrants en passage.<\/p>\n<p>&nbsp;<\/p>\n<p>&nbsp;<\/p>\n<p>Au programme: t\u00e9moignages, analyses juridique et politique, musique, et buffet, avec notamment<br \/>\n<strong>Zakia<\/strong>, h\u00e9bergeuse inculp\u00e9e,<br \/>\n<strong>Moustapha<\/strong>, migrant en passage inculp\u00e9 (sous r\u00e9serve),<br \/>\n<strong>Fran\u00e7ois Gemenne<\/strong>, Professeur sciences politiques \u00e0 l\u2019ULB, chercheur \u00e0 l&rsquo;universit\u00e9 de Li\u00e8ge et membre du GIEC<br \/>\n<strong>Diletta Tatti<\/strong>, Enseignante et chercheuse \u00e0 l&rsquo;UCLouvain Saint-Louis Bruxelles membre du Groupe de recherche en mati\u00e8re p\u00e9nale et criminelle (GREPEC),<\/p>\n<p><strong>et\u00a0Hamri musique Abdel Abdelwahab Hakem arriv\u00e9 d&rsquo;Alg\u00e9rie en 2002 en duo avec le po\u00e8te marocain Taha Adnan<\/strong><\/p>\n<p>La soir\u00e9e est propos\u00e9e \u00e0 prix libre, la recette servira \u00e0 couvrir les cachets des artistes et frais d&rsquo;organisation et \u00e9ventuelles futurs d\u00e9penses li\u00e9es aux actions de sensibilisation.<\/p>\n<p>Repas pr\u00e9par\u00e9 par Collectatif (groupe de personnes dont l&rsquo;objectif est de cr\u00e9er un syst\u00e8me de solidarit\u00e9 horizontale en mettant en place une structure de r\u00e9cup\u00e9ration de nourriture)<\/p>\n<p>Nous restons \u00e0 votre disposition pour tout compl\u00e9ment d&rsquo;information et esp\u00e9rons pouvoir vous rencontrer \u00e0 cette occasion.<br \/>\nNous vous remercions aussi de bien vouloir relayer l&rsquo;invitation.<br \/>\n<a href=\"https:\/\/solidarityisnotacrime.org\/\/\">Manifeste<\/a><\/p>\n","protected":false},"excerpt":{"rendered":"<p>SOIR\u00c9E-D\u00c9BAT D\u00c9NON\u00c7ONS LA CRIMINALISATION DES MIGRANTS EN PASSAGE 22 janvier 2020 \u00e0 19 heures La Maison qui chante, rue du Viaduc 22 \u00e0 1050 Bruxelles (Ixelles) Beaucoup d&rsquo;entre nous ont entendu parler de Carola Rackete en M\u00e9diterran\u00e9e, C\u00e9dric H\u00e9rou en France, Lisa Bozia en Suisse, Zakia et Walid en Belgique. Le d\u00e9lit de solidarit\u00e9 (ou &#8230; <a title=\"Stop \u00e0 la criminalisation des migrants en passage\" class=\"read-more\" href=\"https:\/\/bruxelles-pantheres.be\/?p=4344\" aria-label=\"En savoir plus sur Stop \u00e0 la criminalisation des migrants en passage\">Lire la suite<\/a><\/p>\n","protected":false},"author":1,"featured_media":4345,"comment_status":"open","ping_status":"open","sticky":false,"template":"","format":"standard","meta":{"footnotes":""},"categories":[36,8,18,28,39,5],"tags":[410],"class_list":["post-4344","post","type-post","status-publish","format-standard","has-post-thumbnail","hentry","category-europe","category-prisons","category-resistance-bruxelles","category-racismes","category-sans-papier","category-violence-policiere","tag-migrants"],"_links":{"self":[{"href":"https:\/\/bruxelles-pantheres.be\/index.php?rest_route=\/wp\/v2\/posts\/4344","targetHints":{"allow":["GET"]}}],"collection":[{"href":"https:\/\/bruxelles-pantheres.be\/index.php?rest_route=\/wp\/v2\/posts"}],"about":[{"href":"https:\/\/bruxelles-pantheres.be\/index.php?rest_route=\/wp\/v2\/types\/post"}],"author":[{"embeddable":true,"href":"https:\/\/bruxelles-pantheres.be\/index.php?rest_route=\/wp\/v2\/users\/1"}],"replies":[{"embeddable":true,"href":"https:\/\/bruxelles-pantheres.be\/index.php?rest_route=%2Fwp%2Fv2%2Fcomments&post=4344"}],"version-history":[{"count":1,"href":"https:\/\/bruxelles-pantheres.be\/index.php?rest_route=\/wp\/v2\/posts\/4344\/revisions"}],"predecessor-version":[{"id":4346,"href":"https:\/\/bruxelles-pantheres.be\/index.php?rest_route=\/wp\/v2\/posts\/4344\/revisions\/4346"}],"wp:featuredmedia":[{"embeddable":true,"href":"https:\/\/bruxelles-pantheres.be\/index.php?rest_route=\/wp\/v2\/media\/4345"}],"wp:attachment":[{"href":"https:\/\/bruxelles-pantheres.be\/index.php?rest_route=%2Fwp%2Fv2%2Fmedia&parent=4344"}],"wp:term":[{"taxonomy":"category","embeddable":true,"href":"https:\/\/bruxelles-pantheres.be\/index.php?rest_route=%2Fwp%2Fv2%2Fcategories&post=4344"},{"taxonomy":"post_tag","embeddable":true,"href":"https:\/\/bruxelles-pantheres.be\/index.php?rest_route=%2Fwp%2Fv2%2Ftags&post=4344"}],"curies":[{"name":"wp","href":"https:\/\/api.w.org\/{rel}","templated":true}]}}