{"id":4348,"date":"2020-01-16T21:22:53","date_gmt":"2020-01-16T20:22:53","guid":{"rendered":"https:\/\/bruxelles-pantheres.be\/?p=4348"},"modified":"2020-01-16T21:22:53","modified_gmt":"2020-01-16T20:22:53","slug":"de-lantisemitisme-des-annees-30-a-lislamophobie-daujourdhui","status":"publish","type":"post","link":"https:\/\/bruxelles-pantheres.be\/?p=4348","title":{"rendered":"De l\u2019antis\u00e9mitisme des ann\u00e9es 30 \u00e0 l\u2019islamophobie d\u2019aujourd\u2019hui."},"content":{"rendered":"<p>Dans le cadre du <a href=\"https:\/\/www.facebook.com\/hashtag\/gmd2020\" target=\"_blank\" rel=\"noopener noreferrer\">#GMD2020<\/a> (G\u00e9nocide M\u00e9morial Day), Bruxelles Panth\u00e8res a le plaisir d&rsquo;inviter Simon Assoun, membre de l&rsquo;Union Juive Fran\u00e7aise pour la Paix.<br \/>\nL\u2019Union juive fran\u00e7aise pour la paix se revendique de l\u2019antisionisme et de l\u2019antiracisme. Un discours atypique au sein des organisations communautaires juives qui peine \u00e0 se faire entendre dans le contexte d\u2019amalgame entre antisionisme et antis\u00e9mitisme.<\/p>\n<div class=\"_36hm\">\n<table class=\"uiGrid _51mz\" cellspacing=\"0\" cellpadding=\"0\">\n<tbody>\n<tr class=\"_51mx\">\n<td class=\"_51m- _4930 _phw _51mw\">\n<div class=\"_phw\">\n<div class=\"_6a\">\n<div class=\"_6a _6b\">\n<div class=\"_xkh\">\n<h4 class=\"_2ycp _5xhk\" style=\"text-align: center;\"><a href=\"https:\/\/www.facebook.com\/events\/577509429497094\/\">Samedi 18 Janvier 2020 de 18:30 \u00e0 22:00<\/a><\/h4>\n<div class=\"_5xhp fsm fwn fcg\">\n<div class=\"fsm fwn fcg\">\n<h4 style=\"text-align: center;\">@<a id=\"u_fetchstream_12_13\" class=\"_5xhk\" href=\"https:\/\/www.facebook.com\/belgiumkitchenbike\/?__xts__%5B0%5D=68.ARBIRQ0gNr6CGUkfsw3SVKax95pvcOle9c988zUoAh60g-ldWsTcX4cIjiGwoVpAtovkKxzqgRfo8OWuJdCiTZgetdoFzQoJKBoZRqHFZMUPSI7LJlBgfX6hU1eqYqFafrXUvOw4kevGSILM8Nb7JY-0a7Z6JWcB2AZI86yleCFC0hy7o1mjGvPGOTSm0AeRY04hx3csVg7mHFl9eK7aM2mDEsycH2fMyKpsrE12NwzmBKwEHVazKUf1Ci76p5JnUcySBsx3NeF7rcj05Xe07x5AlUGN4sGiA4zqWjLRXl04h81hzFUD4TGQe9ZtOw2ulZtazXtRqTMffgWNup0MFTSmyR8MjestEwApS6Sbg52KxmYa&amp;eid=ARCOYXMd--EROEK8Hihmws6MBoelNKBpnc2KkydVCp5HE2EEZ5V5qNe1cVXaNfIj3syzZA2dm6IUz7gV\" data-hovercard=\"\/ajax\/hovercard\/page.php?id=510499532812314&amp;extragetparams=%7B%22eid%22%3A%22ARCOYXMd--EROEK8Hihmws6MBoelNKBpnc2KkydVCp5HE2EEZ5V5qNe1cVXaNfIj3syzZA2dm6IUz7gV%22%7D\" data-hovercard-prefer-more-content-show=\"1\">Belgium Kitchen Bike<\/a><\/h4>\n<h4 class=\"_5xhp fsm fwn fcg\" style=\"text-align: center;\">40 rue Ulens, 1080 Molenbeek-Saint-Jean<\/h4>\n<\/div>\n<\/div>\n<\/div>\n<\/div>\n<\/div>\n<\/div>\n<\/td>\n<\/tr>\n<\/tbody>\n<\/table>\n<\/div>\n<p><!--more--><a href=\"https:\/\/bruxelles-pantheres.be\/wp-content\/uploads\/2020\/01\/test-affiche.png\"><img decoding=\"async\" class=\"alignnone size-full wp-image-4350\" src=\"https:\/\/bruxelles-pantheres.be\/wp-content\/uploads\/2020\/01\/test-affiche.png\" alt=\"\" width=\"1058\" height=\"1154\" srcset=\"https:\/\/bruxelles-pantheres.be\/wp-content\/uploads\/2020\/01\/test-affiche.png 1058w, https:\/\/bruxelles-pantheres.be\/wp-content\/uploads\/2020\/01\/test-affiche-275x300.png 275w, https:\/\/bruxelles-pantheres.be\/wp-content\/uploads\/2020\/01\/test-affiche-939x1024.png 939w, https:\/\/bruxelles-pantheres.be\/wp-content\/uploads\/2020\/01\/test-affiche-768x838.png 768w\" sizes=\"(max-width: 1058px) 100vw, 1058px\" \/><\/a><br \/>\nAvec <a href=\"https:\/\/www.facebook.com\/events\/577509429497094\/\">Simon Assoun<\/a> nous traiterons le sujet d&rsquo;un point de vue antiracisme juif, politique et d\u00e9colonial.<br \/>\nSimon Assoun nous parlera de l&rsquo;antis\u00e9mitisme et de son instrumentalisation politique ainsi que l&rsquo;\u00e9volution que ses formes ont pu prendre avec les mutations de la soci\u00e9t\u00e9 moderne.<\/p>\n<p><a href=\"https:\/\/bruxelles-pantheres.be\/wp-content\/uploads\/2020\/01\/gmd_cover_banner_13.jpg\"><img decoding=\"async\" class=\"size-full wp-image-4349 alignleft\" src=\"https:\/\/bruxelles-pantheres.be\/wp-content\/uploads\/2020\/01\/gmd_cover_banner_13.jpg\" alt=\"\" width=\"581\" height=\"291\" srcset=\"https:\/\/bruxelles-pantheres.be\/wp-content\/uploads\/2020\/01\/gmd_cover_banner_13.jpg 581w, https:\/\/bruxelles-pantheres.be\/wp-content\/uploads\/2020\/01\/gmd_cover_banner_13-300x150.jpg 300w\" sizes=\"(max-width: 581px) 100vw, 581px\" \/><\/a>A propos du G\u00e9nocide M\u00e9morial Day :<\/p>\n<p>Cet \u00e9v\u00e9nement a d\u00e9but\u00e9 en Janvier 2010 avec la convergence de deux id\u00e9es.<\/p>\n<p>La premi\u00e8re n\u00e9cessit\u00e9 \u00e9tait de contrer l\u2019id\u00e9e que certains g\u00e9nocides sont plus exclusifs que d\u2019autres et donc dignes d\u2019une plus grande attention.<span class=\"text_exposed_show\"><br \/>\nLa deuxi\u00e8me n\u00e9cessit\u00e9 est que ce ne serait pas seulement un souvenir th\u00e9orique, mais commencer \u00e0 identifier les pratiques g\u00e9nocidaires actuelles en vue de les arr\u00eater.<\/span><\/p>\n<div class=\"text_exposed_show\">\n<p>La philosophie de ce projet rejette l\u2019id\u00e9e qu\u2019il y a une hi\u00e9rarchie des victimes en fonction de leur origine. Nous voulons tenir les gens responsables dans le cadre de GMD en mettant en \u00e9vidence les personnes et les structures de pouvoir qui ont commis des g\u00e9nocides ou des actes de g\u00e9nocide et nous voulons honorer la m\u00e9moire les victimes de ces g\u00e9nocides et actes de g\u00e9nocide qui ont perdu leur vie.<\/p>\n<p>L\u2019initiative est britannique, mais elle se d\u00e9roule au m\u00eame moment \u00e0 Amsterdam, Londres, Paris et Bruxelles.<br \/>\nCette journ\u00e9e est organiser pour que reste vive la m\u00e9moire des crimes et g\u00e9nocides coloniaux, de la traite n\u00e9gri\u00e8re et de l\u2019esclavage et pour que ces crimes occult\u00e9s et perp\u00e9tr\u00e9s par les \u00ab nations civilis\u00e9es \u00bb soient pleinement reconnus et assum\u00e9s par l\u2019ensemble des gouvernants et des peuples europ\u00e9ens.<\/p>\n<p><a href=\"https:\/\/www.facebook.com\/events\/577509429497094\/\">\u00e9v\u00e9nement\u00a0 FB<\/a><\/p>\n<\/div>\n","protected":false},"excerpt":{"rendered":"<p>Dans le cadre du #GMD2020 (G\u00e9nocide M\u00e9morial Day), Bruxelles Panth\u00e8res a le plaisir d&rsquo;inviter Simon Assoun, membre de l&rsquo;Union Juive Fran\u00e7aise pour la Paix. L\u2019Union juive fran\u00e7aise pour la paix se revendique de l\u2019antisionisme et de l\u2019antiracisme. Un discours atypique au sein des organisations communautaires juives qui peine \u00e0 se faire entendre dans le contexte &#8230; <a title=\"De l\u2019antis\u00e9mitisme des ann\u00e9es 30 \u00e0 l\u2019islamophobie d\u2019aujourd\u2019hui.\" class=\"read-more\" href=\"https:\/\/bruxelles-pantheres.be\/?p=4348\" aria-label=\"En savoir plus sur De l\u2019antis\u00e9mitisme des ann\u00e9es 30 \u00e0 l\u2019islamophobie d\u2019aujourd\u2019hui.\">Lire la suite<\/a><\/p>\n","protected":false},"author":1,"featured_media":4350,"comment_status":"open","ping_status":"open","sticky":false,"template":"","format":"standard","meta":{"footnotes":""},"categories":[36,4,18,28],"tags":[],"class_list":["post-4348","post","type-post","status-publish","format-standard","has-post-thumbnail","hentry","category-europe","category-islamophobie","category-resistance-bruxelles","category-racismes"],"_links":{"self":[{"href":"https:\/\/bruxelles-pantheres.be\/index.php?rest_route=\/wp\/v2\/posts\/4348","targetHints":{"allow":["GET"]}}],"collection":[{"href":"https:\/\/bruxelles-pantheres.be\/index.php?rest_route=\/wp\/v2\/posts"}],"about":[{"href":"https:\/\/bruxelles-pantheres.be\/index.php?rest_route=\/wp\/v2\/types\/post"}],"author":[{"embeddable":true,"href":"https:\/\/bruxelles-pantheres.be\/index.php?rest_route=\/wp\/v2\/users\/1"}],"replies":[{"embeddable":true,"href":"https:\/\/bruxelles-pantheres.be\/index.php?rest_route=%2Fwp%2Fv2%2Fcomments&post=4348"}],"version-history":[{"count":1,"href":"https:\/\/bruxelles-pantheres.be\/index.php?rest_route=\/wp\/v2\/posts\/4348\/revisions"}],"predecessor-version":[{"id":4351,"href":"https:\/\/bruxelles-pantheres.be\/index.php?rest_route=\/wp\/v2\/posts\/4348\/revisions\/4351"}],"wp:featuredmedia":[{"embeddable":true,"href":"https:\/\/bruxelles-pantheres.be\/index.php?rest_route=\/wp\/v2\/media\/4350"}],"wp:attachment":[{"href":"https:\/\/bruxelles-pantheres.be\/index.php?rest_route=%2Fwp%2Fv2%2Fmedia&parent=4348"}],"wp:term":[{"taxonomy":"category","embeddable":true,"href":"https:\/\/bruxelles-pantheres.be\/index.php?rest_route=%2Fwp%2Fv2%2Fcategories&post=4348"},{"taxonomy":"post_tag","embeddable":true,"href":"https:\/\/bruxelles-pantheres.be\/index.php?rest_route=%2Fwp%2Fv2%2Ftags&post=4348"}],"curies":[{"name":"wp","href":"https:\/\/api.w.org\/{rel}","templated":true}]}}