{"id":4352,"date":"2020-01-18T13:25:58","date_gmt":"2020-01-18T12:25:58","guid":{"rendered":"https:\/\/bruxelles-pantheres.be\/?p=4352"},"modified":"2022-02-21T19:32:03","modified_gmt":"2022-02-21T18:32:03","slug":"comite-de-soutien-a-bruxelles-pantheres-contre-le-blackface","status":"publish","type":"post","link":"https:\/\/bruxelles-pantheres.be\/?p=4352","title":{"rendered":"Comit\u00e9 de soutien \u00e0 Bruxelles Panth\u00e8res contre le Blackface"},"content":{"rendered":"<p style=\"font-weight: 400;\"><strong>FR<\/strong><br \/>\nBruxelles Panth\u00e8res organisation antiraciste qui travaille depuis des ann\u00e9es sur le racisme syst\u00e9mique qui gangr\u00e8ne nos soci\u00e9t\u00e9s, est confront\u00e9e \u00e0 une plainte du Bourgmestre socialiste de Lessines dont le but est clairement de nous faire taire.Suite au travail que notre collectif a accompli contre le BlackFace en Belgique, certains hommes politiques, comme le Bourgmestre de Lessines, tentent de mettre fin \u00e0 notre d\u00e9nonciation du racisme en instrumentalisant la justice.<br \/>\nLes frais pour nous d\u00e9fendre en justice s\u2019\u00e9l\u00e8vent \u00e0 +- 2500\u20ac. Nous ne pr\u00e9voyons cependant pas de nous laisser intimider et encore moins d&rsquo;abandonner.Gr\u00e2ce \u00e0 vous, nous continuerons fi\u00e8rement notre travail politique. C\u2019est pourquoi nous faisons appel \u00e0 vous afin de nous soutenir en faisant un don via Paypal : <a class=\"oajrlxb2 g5ia77u1 qu0x051f esr5mh6w e9989ue4 r7d6kgcz rq0escxv nhd2j8a9 nc684nl6 p7hjln8o kvgmc6g5 cxmmr5t8 oygrvhab hcukyx3x jb3vyjys rz4wbd8a qt6c0cv9 a8nywdso i1ao9s8h f1sip0of lzcic4wl gpro0wi8 oo483o9r gmql0nx0\" tabindex=\"-1\" role=\"link\" href=\"https:\/\/l.facebook.com\/l.php?u=http%3A%2F%2Fpaypal.me%2Fbruxellesp%3Ffbclid%3DIwAR2IE1CCfPMwYajDk5IYO-b_kyhnDLZIrAz-WMVYSM2YGkd582uJ2tjXMj0&amp;h=AT3fQt38rXIWKe_Dr168TtPJey8cPMXfTIJKy_d-5BZC8UTydIWzCzz-LXnTubhVgZMc6WIkt7n8MKFZQ8Tv_K3PL9rmRrCErr1jVnBWjLriEFhru9Zm4voq4_giy4JjnOrlMV9wF5nAA7Ru6RKO5g\" target=\"_blank\" rel=\"nofollow noopener\">paypal.me\/bruxellesp<\/a><br \/>\nou BE83-2991-1796-0615 AVEC LA COMMUNICATION \u00ab Soutien frais de justice \u00a0\u00bb<\/p>\n<p>Merci pour votre soutien\u00a0!<br \/>\nFraternellement,<br \/>\nBXP<\/p>\n<p style=\"font-weight: 400;\"><strong>ENG<\/strong><\/p>\n<p style=\"font-weight: 400;\">We, Bruxelles Panth\u00e8res, an anti-racist organization which is struggling since years against the systemic racism which plagues our neighborhoods, our lives and, more globaly, our societies, are confronted with a sue from the Socialist Bourgmestre of Lessines whose aim clearly is, at least, to silence us or even worse, to jail us.<br \/>\nFollowing the work that we accomplished against in Belgium BlackFace traditional practice, during almost any kind of party, some politicians, as the socialist Bourgmestre of Lessines in the present case , are trying to put an end to our denunciation of racism by having a politacaly use of the Justice.<br \/>\nBeing silenced or give up our fight is not in our schedule. We will proudly continue our political work.<br \/>\nWe estimate that the cost to try to get ourselves a fair trial should be around 2500\u20ac.<br \/>\nTo do so, we seak your fraternal help to reach the necessary amount.<br \/>\nThis is why we are calling on you to support us by making a donation either via Paypal :<br \/>\n<a class=\"oajrlxb2 g5ia77u1 qu0x051f esr5mh6w e9989ue4 r7d6kgcz rq0escxv nhd2j8a9 nc684nl6 p7hjln8o kvgmc6g5 cxmmr5t8 oygrvhab hcukyx3x jb3vyjys rz4wbd8a qt6c0cv9 a8nywdso i1ao9s8h f1sip0of lzcic4wl gpro0wi8 oo483o9r gmql0nx0\" tabindex=\"-1\" role=\"link\" href=\"https:\/\/l.facebook.com\/l.php?u=http%3A%2F%2Fpaypal.me%2Fbruxellesp%3Ffbclid%3DIwAR2IE1CCfPMwYajDk5IYO-b_kyhnDLZIrAz-WMVYSM2YGkd582uJ2tjXMj0&amp;h=AT3fQt38rXIWKe_Dr168TtPJey8cPMXfTIJKy_d-5BZC8UTydIWzCzz-LXnTubhVgZMc6WIkt7n8MKFZQ8Tv_K3PL9rmRrCErr1jVnBWjLriEFhru9Zm4voq4_giy4JjnOrlMV9wF5nAA7Ru6RKO5g\" target=\"_blank\" rel=\"nofollow noopener\">paypal.me\/bruxellesp<\/a><br \/>\nor on the SEPA account with the following references :\u00a0BE83-2991-1796-0615\u00a0\u00a0WITH THE COMMUNICATION \u00ab\u00a0Support for legal costs\u00a0\u00bb<\/p>\n<p style=\"font-weight: 400;\">Thank you for your support!<\/p>\n<p style=\"font-weight: 400;\"><strong>ESP<\/strong><br \/>\nBruxelles Panth\u00e8res es una organizaci\u00f3n antirracista lleva a\u00f1os combatiendo el racismo sist\u00e9mico y que actualmente se enfrenta a una denuncia del alcalde socialista de Lessines, cuyo objetivo es claramente el de silenciarnos.<br \/>\nTras el trabajo que nuestro colectivo ha realizado contra el BlackFace en B\u00e9lgica, algunos pol\u00edticos, como el Bourgmestre de Lessines, est\u00e1n tratando de poner fin a nuestro antirracismo mediante la instrumentalizaci\u00f3n de la justicia.<br \/>\nLos costos para defendernos en los tribunales ascienden a +-2500 \u20ac. No nos dejaremos intimidar as\u00ed que continuaremos adelante, raz\u00f3n por la cual os pedimos que nos apoy\u00e9is con un donativo a trav\u00e9s de Paypal: <a class=\"oajrlxb2 g5ia77u1 qu0x051f esr5mh6w e9989ue4 r7d6kgcz rq0escxv nhd2j8a9 nc684nl6 p7hjln8o kvgmc6g5 cxmmr5t8 oygrvhab hcukyx3x jb3vyjys rz4wbd8a qt6c0cv9 a8nywdso i1ao9s8h f1sip0of lzcic4wl gpro0wi8 oo483o9r gmql0nx0\" tabindex=\"-1\" role=\"link\" href=\"https:\/\/l.facebook.com\/l.php?u=http%3A%2F%2Fpaypal.me%2Fbruxellesp%3Ffbclid%3DIwAR2IE1CCfPMwYajDk5IYO-b_kyhnDLZIrAz-WMVYSM2YGkd582uJ2tjXMj0&amp;h=AT3fQt38rXIWKe_Dr168TtPJey8cPMXfTIJKy_d-5BZC8UTydIWzCzz-LXnTubhVgZMc6WIkt7n8MKFZQ8Tv_K3PL9rmRrCErr1jVnBWjLriEFhru9Zm4voq4_giy4JjnOrlMV9wF5nAA7Ru6RKO5g\" target=\"_blank\" rel=\"nofollow noopener\">paypal.me\/bruxellesp<\/a><br \/>\no v\u00eda BE83-2991-1796-0615 con la comunicaci\u00f3n \u00ab GASTOS JURIDICOS\u00bb.<\/p>\n<p style=\"font-weight: 400;\">\u00a1Gracias por vuestro apoyo!<br \/>\nFraternalmente,<\/p>\n<p style=\"font-weight: 400;\">\n","protected":false},"excerpt":{"rendered":"<p>FR Bruxelles Panth\u00e8res organisation antiraciste qui travaille depuis des ann\u00e9es sur le racisme syst\u00e9mique qui gangr\u00e8ne nos soci\u00e9t\u00e9s, est confront\u00e9e \u00e0 une plainte du Bourgmestre socialiste de Lessines dont le but est clairement de nous faire taire.Suite au travail que notre collectif a accompli contre le BlackFace en Belgique, certains hommes politiques, comme le Bourgmestre &#8230; <a title=\"Comit\u00e9 de soutien \u00e0 Bruxelles Panth\u00e8res contre le Blackface\" class=\"read-more\" href=\"https:\/\/bruxelles-pantheres.be\/?p=4352\" aria-label=\"En savoir plus sur Comit\u00e9 de soutien \u00e0 Bruxelles Panth\u00e8res contre le Blackface\">Lire la suite<\/a><\/p>\n","protected":false},"author":1,"featured_media":2986,"comment_status":"open","ping_status":"open","sticky":false,"template":"","format":"standard","meta":{"footnotes":""},"categories":[1],"tags":[],"class_list":["post-4352","post","type-post","status-publish","format-standard","has-post-thumbnail","hentry","category-non-classe"],"_links":{"self":[{"href":"https:\/\/bruxelles-pantheres.be\/index.php?rest_route=\/wp\/v2\/posts\/4352","targetHints":{"allow":["GET"]}}],"collection":[{"href":"https:\/\/bruxelles-pantheres.be\/index.php?rest_route=\/wp\/v2\/posts"}],"about":[{"href":"https:\/\/bruxelles-pantheres.be\/index.php?rest_route=\/wp\/v2\/types\/post"}],"author":[{"embeddable":true,"href":"https:\/\/bruxelles-pantheres.be\/index.php?rest_route=\/wp\/v2\/users\/1"}],"replies":[{"embeddable":true,"href":"https:\/\/bruxelles-pantheres.be\/index.php?rest_route=%2Fwp%2Fv2%2Fcomments&post=4352"}],"version-history":[{"count":2,"href":"https:\/\/bruxelles-pantheres.be\/index.php?rest_route=\/wp\/v2\/posts\/4352\/revisions"}],"predecessor-version":[{"id":5093,"href":"https:\/\/bruxelles-pantheres.be\/index.php?rest_route=\/wp\/v2\/posts\/4352\/revisions\/5093"}],"wp:featuredmedia":[{"embeddable":true,"href":"https:\/\/bruxelles-pantheres.be\/index.php?rest_route=\/wp\/v2\/media\/2986"}],"wp:attachment":[{"href":"https:\/\/bruxelles-pantheres.be\/index.php?rest_route=%2Fwp%2Fv2%2Fmedia&parent=4352"}],"wp:term":[{"taxonomy":"category","embeddable":true,"href":"https:\/\/bruxelles-pantheres.be\/index.php?rest_route=%2Fwp%2Fv2%2Fcategories&post=4352"},{"taxonomy":"post_tag","embeddable":true,"href":"https:\/\/bruxelles-pantheres.be\/index.php?rest_route=%2Fwp%2Fv2%2Ftags&post=4352"}],"curies":[{"name":"wp","href":"https:\/\/api.w.org\/{rel}","templated":true}]}}