{"id":436,"date":"2013-04-14T04:40:38","date_gmt":"2013-04-14T03:40:38","guid":{"rendered":"https:\/\/bruxelles-pantheres.be\/?p=436"},"modified":"2013-11-10T04:42:46","modified_gmt":"2013-11-10T03:42:46","slug":"honte-a-ceux-qui-font-de-lantisemitisme-leur-fond-de-commerce","status":"publish","type":"post","link":"https:\/\/bruxelles-pantheres.be\/?p=436","title":{"rendered":"Honte \u00e0 ceux qui font de l\u2019antis\u00e9mitisme leur fond de commerce !"},"content":{"rendered":"<p align=\"CENTER\"><strong>Honte \u00e0 ceux qui font de l\u2019antis\u00e9mitisme leur fond de commerce\u00a0!<\/strong><\/p>\n<p align=\"CENTER\"><img decoding=\"async\" alt=\"http:\/\/www.bbec.lautre.net\/www\/spip_truks-en-vrak\/IMG\/distant\/jpg\/Logo_ujfp-or6344.jpg\" src=\"http:\/\/www.bbec.lautre.net\/www\/spip_truks-en-vrak\/IMG\/distant\/jpg\/Logo_ujfp-or6344.jpg\" \/><\/p>\n<p align=\"JUSTIFY\">Des officines z\u00e9l\u00e9es (CRIF, BNVCA* \u2026) ont pris l\u2019habitude de d\u00e9gainer instantan\u00e9ment pour faire taire toute critique de la politique isra\u00e9lienne.<\/p>\n<p><strong>Une propagande bien rod\u00e9e<!--more--><\/strong><\/p>\n<p align=\"JUSTIFY\">Vous vous r\u00e9clamez du droit international, vous revendiquez l\u2019\u00e9galit\u00e9 des droits pour les Palestiniens\u00a0? Vous \u00eates antis\u00e9mites.<\/p>\n<p>Vous d\u00e9noncez l\u2019occupation et la colonisation\u00a0? Vous \u00eates antis\u00e9mites.<\/p>\n<p align=\"JUSTIFY\">Vous n\u2019acceptez pas l\u2019expulsion du peuple palestinien de son propre pays en 1948-49 et vous \u00eates pour le droit au retour des r\u00e9fugi\u00e9s\u00a0palestiniens ? Vous voulez \u00ab\u00a0jeter les Juifs \u00e0 la mer\u00a0\u00bb et vous \u00eates antis\u00e9mites.<\/p>\n<p align=\"JUSTIFY\">Le tribunal Russell sur la Palestine utilise les mots justes pour qualifier ce qui est \u00e0 l\u2019\u0153uvre\u00a0: apartheid, sociocide \u2026\u00a0? Ce tribunal est bien s\u00fbr antis\u00e9mite.<\/p>\n<p align=\"JUSTIFY\">Sur le mod\u00e8le de ce qui s\u2019est fait en Afrique du Sud, 172 associations de la soci\u00e9t\u00e9 civile palestinienne lancent un appel mondial au BDS (boycott, d\u00e9sinvestissement, sanctions) de l\u2019\u00c9tat d\u2019Isra\u00ebl\u00a0? Les Palestiniens veulent bien s\u00fbr \u00ab\u00a0achever l\u2019\u0153uvre des Nazis\u00a0\u00bb. D\u2019ailleurs \u00ab\u00a0Arafat \u00e9tait un nouvel Hitler\u00a0\u00bb. Et ceux qui pratiquent le BDS sont des antis\u00e9mites.<\/p>\n<p align=\"JUSTIFY\">Des personnalit\u00e9s juives fran\u00e7aises critiquent publiquement la politique isra\u00e9lienne\u00a0? On les tra\u00eene dans la boue. On fait un proc\u00e8s \u00e0 Edgar Morin qui fut un grand r\u00e9sistant. On r\u00e9cuse la jud\u00e9it\u00e9 et les combats dans la r\u00e9sistance de St\u00e9phane Hessel et on proclame qu\u2019il fut \u00ab\u00a0un ma\u00eetre \u00e0 ne pas penser\u00a0\u00bb (lire Prasquier, pr\u00e9sident du CRIF). On orchestre une campagne de diffamation contre Charles Enderlin accus\u00e9 d\u2019avoir \u00ab\u00a0bidonn\u00e9\u00a0\u00bb un reportage sur l\u2019assassinat de Mohamed al-Durah. Tous ces Juifs critiques sont des \u00ab\u00a0tra\u00eetres\u00a0 ayant la haine de soi\u00a0\u00bb, voire des Juifs nazis.<\/p>\n<p align=\"JUSTIFY\">Les Pays-Bas d\u00e9cident de demander l\u2019\u00e9tiquetage des produits des colonies\u00a0? Cette d\u00e9cision est qualifi\u00e9e d\u2019antis\u00e9mite. Et le ministre de l\u2019int\u00e9rieur isra\u00e9lien d\u00e9clare que les Pays-Bas n\u2019ont pas correctement indemnis\u00e9 les Juifs n\u00e9erlandais victimes du nazisme. Bref, vous leur parlez colonialisme, droit international, \u00e9galit\u00e9 des droits et ils vous r\u00e9pondent Shoah.<\/p>\n<p align=\"JUSTIFY\"><strong>Comprendre ce qu\u2019est l\u2019antis\u00e9mitisme \u2026<\/strong><\/p>\n<p align=\"JUSTIFY\">C\u2019est le christianisme qui a invent\u00e9 l\u2019antijuda\u00efsme \u00e0 la fin de l\u2019Empire Romain quand il est devenu religion d\u2019\u00c9tat. Il y a eu l\u2019accusation de d\u00e9icide et de crimes rituels, les st\u00e9r\u00e9otypes racistes (\u00ab\u00a0les Juifs veulent dominer le monde\u00a0\u00bb), les nombreux interdits professionnels (notamment \u00e0 la possession de la terre), les expulsions et spoliations r\u00e9p\u00e9t\u00e9es, l\u2019enfermement dans les juderias et les ghettos, puis les pogroms qui commencent d\u00e8s la premi\u00e8re croisade et conna\u00eetront leur apog\u00e9e en Espagne et en Ukraine.<\/p>\n<p align=\"JUSTIFY\">Une r\u00e9\u00e9criture de l\u2019histoire est en marche, \u00e0 la fois pour masquer l\u2019antijuda\u00efsme chr\u00e9tien et pour pr\u00e9tendre que les Juifs ont v\u00e9cu l\u2019enfer dans le monde arabo-musulman. Les Juifs ont eu le statut de \u00ab\u00a0dhimmi\u00a0\u00bb (= \u00ab\u00a0prot\u00e9g\u00e9\u00a0\u00bb) auquel avaient droit les adeptes des \u00ab\u00a0religions du livre\u00a0\u00bb non musulmanes\u00a0: chr\u00e9tiens, zoroastriens, juifs \u2026 Ce n\u2019\u00e9tait certes pas la citoyennet\u00e9 (elle n\u2019existait nulle part \u00e0 l\u2019\u00e9poque). Il y a eu des moments difficiles, mais rien de comparable (avant l\u2019apparition du sionisme) avec les massacres et discriminations incessants subits par les Juifs dans l\u2019Europe chr\u00e9tienne. Et d\u2019ailleurs c\u2019est au Maghreb ou dans l\u2019empire Ottoman que la majorit\u00e9 des Juifs expuls\u00e9s d\u2019Espagne trouveront refuge et accueil.<\/p>\n<p align=\"JUSTIFY\">L\u2019\u00e9mancipation des Juifs commence en Europe \u00e0 la fin du XVIIIe si\u00e8cle et c\u2019est paradoxalement elle qui va provoquer la transformation de l\u2019antijuda\u00efsme chr\u00e9tien en antis\u00e9mitisme racial. En sortant du ghetto et en se la\u00efcisant, les Juifs deviennent une minorit\u00e9 invisible et un obstacle au r\u00eave fou d\u2019\u00c9tats ethniquement purs. Le consensus antis\u00e9mite parmi les dirigeants europ\u00e9ens appara\u00eet en Europe dans une p\u00e9riode d\u2019exacerbation de nationalismes niant les droits de \u00ab\u00a0l\u2019autre\u00a0\u00bb. C\u2019est pourtant sur ce terreau id\u00e9ologique qu\u2019est n\u00e9 le sionisme.<\/p>\n<p align=\"JUSTIFY\">\u2026 <strong>qui n\u2019a rien \u00e0 voir avec l\u2019antisionisme<\/strong><\/p>\n<p align=\"JUSTIFY\">Les Juifs ont \u00e9t\u00e9 les parias de l\u2019Europe, r\u00e9put\u00e9s \u00eatre des \u00ab\u00a0asiatiques inassimilables\u00a0\u00bb. Balfour \u00e9tait Premier ministre anglais en 1905. Il prononce devant la Chambre des Communes un discours antis\u00e9mite virulent consid\u00e9rant les Juifs polonais comme des agitateurs r\u00e9volutionnaires et il interdit leur immigration en Angleterre. Plus tard en 1917, il envoie \u00e0 Lord Rothschild (choix pas vraiment neutre) la fameuse d\u00e9claration Balfour promettant aux Juifs que la Palestine (o\u00f9 moins de 10% de la population est juive) deviendra un \u00ab\u00a0Foyer National Juif\u00a0\u00bb.<\/p>\n<p align=\"JUSTIFY\">Il n\u2019y a l\u00e0 aucune contradiction.<\/p>\n<p align=\"JUSTIFY\">Pour Balfour comme pour la plupart des dirigeants europ\u00e9ens, les Juifs consid\u00e9r\u00e9s comme \u00e9trangers inassimilables en Europe, vont devenir naturellement des colons europ\u00e9ens s\u2019ils partent en Palestine. Le sionisme a sciemment choisi de jouer ce r\u00f4le. Il est pass\u00e9 de l\u2019autre c\u00f4t\u00e9 du miroir. Il a transform\u00e9, parfois \u00e0 l\u2019insu de leur plein gr\u00e9, des victimes en colonisateurs racistes. Le sionisme a \u00ab\u00a0blanchi\u00a0\u00bb les Juifs. Il les a rendus acceptables par les antis\u00e9mites.<\/p>\n<p align=\"JUSTIFY\"><strong>L\u2019antiracisme est universel<\/strong><\/p>\n<p align=\"JUSTIFY\">Face \u00e0 l\u2019antis\u00e9mitisme et au g\u00e9nocide nazi, il faut dire\u00a0: \u00ab\u00a0que cela n\u2019arrive plus jamais\u00a0\u00bb\u00a0! C\u2019est-\u00e0-dire qu\u2019on doit examiner toutes les causes qui m\u00e8nent \u00e0 la haine raciste, au militarisme, \u00e0 l\u2019imp\u00e9rialisme, aux discriminations, \u00e0 la folie meurtri\u00e8re et que l\u2019on combatte pour un monde meilleur. Les sionistes disent\u00a0: \u00ab\u00a0que cela ne NOUS arrive plus jamais\u00a0\u00bb. Et cela veut dire exactement le contraire. Cela veut dire qu\u2019au nom d\u2019une pers\u00e9cution subie, tout est permis contre tout le monde\u00a0: le vol, le crime, la haine. De telles id\u00e9es sont porteuses de guerre sans fin. Une telle conception recopie jusqu\u2019\u00e0 la caricature ce qui a produit l\u2019antis\u00e9mitisme racial\u00a0: une essentialisation des \u00eatres humains en fonction de leur religion, de leur nationalit\u00e9 ou de leur identit\u00e9 suppos\u00e9e. Une affirmation que le \u00ab\u00a0vivre ensemble\u00a0\u00bb dans l\u2019\u00e9galit\u00e9 des droits est impossible et qu\u2019il faut donc se s\u00e9parer et dominer ou expulser ceux qui apparaissent comme un obstacle au r\u00eave fou d\u2019un \u00c9tat juif ethniquement pur.<\/p>\n<p align=\"JUSTIFY\"><strong>Le g\u00e9nocide nazi n\u2019appartient pas aux sionistes. <\/strong><\/p>\n<p align=\"JUSTIFY\">Il ne reste que quelques dizaines des milliers de survivants du g\u00e9nocide en Isra\u00ebl et la plupart d\u2019entre eux vivent sous le seuil de pauvret\u00e9 avec des pensions mis\u00e9rables. Il est plus facile d\u2019exploiter sans vergogne leur m\u00e9moire que de leur donner les moyens de vivre dignement.<\/p>\n<p align=\"JUSTIFY\">Au moment de la fondation de l\u2019\u00c9tat d\u2019Isra\u00ebl, il y avait beaucoup de m\u00e9pris \u00e0 l\u2019\u00e9gard des victimes du g\u00e9nocide accus\u00e9es d\u2019\u00eatre entr\u00e9es dans les chambres \u00e0 gaz sans se r\u00e9volter alors que les Isra\u00e9liens \u00ab\u00a0transformaient le d\u00e9sert en jardin\u00a0\u00bb pour reprendre un des mythes fondateurs. C\u2019est plus tard avec la cr\u00e9ation du mus\u00e9e Yad Vashem** et le proc\u00e8s Eichmann que les dirigeants sionistes ont vu tout le profit qu\u2019ils pouvaient tirer du martyr des Juifs europ\u00e9ens.<\/p>\n<p align=\"JUSTIFY\">Pourtant, s\u2019il y a eu une r\u00e9sistance juive au nazisme (la MOI***, l\u2019insurrection du ghetto de Varsovie \u2026), les sionistes n\u2019y ont jou\u00e9 qu\u2019un r\u00f4le marginal. Pire, de nombreux dirigeants sionistes ont eu un comportement plus que coupable vis-\u00e0-vis du fascisme. Vladimir Jabotinsky, ma\u00eetre \u00e0 penser des dirigeants isra\u00e9liens actuels, \u00e9tait dans les ann\u00e9es 1930 un admirateur de Mussolini et il s\u2019est inspir\u00e9 de ses m\u00e9thodes exp\u00e9ditives. En 1933, quand Hitler arrive au pouvoir, malgr\u00e9 l\u2019appel au boycott de l\u2019Allemagne nazie des Juifs am\u00e9ricains, Ben Gourion signe avec le r\u00e9gime hitl\u00e9rien l\u2019accord de Haavara pour obtenir le \u00ab\u00a0transfert\u00a0\u00bb des Juifs allemands vers la Palestine.<\/p>\n<p align=\"JUSTIFY\">Un des groupes terroristes juifs op\u00e9rant en Palestine, le Lehi (ou groupe Stern) assassinera des soldats britanniques jusqu\u2019en 1943 (alors que des millions de Juifs europ\u00e9ens ont d\u00e9j\u00e0 \u00e9t\u00e9 extermin\u00e9s et il essaiera de n\u00e9gocier avec le r\u00e9gime nazi. Plus tard, le dirigeant de ce groupe, Yitzhak Shamir, sera \u00e0 plusieurs reprises Premier ministre d\u2019Isra\u00ebl. Enfin, dans <em>Eichmann \u00e0 J\u00e9rusalem, <\/em>Hannah Arendt affirme que, sans la collaboration des dirigeants des communaut\u00e9s juives d\u2019Europe, une partie des 6 millions de morts aurait pu \u00e9chapper \u00e0 l\u2019extermination. Un de ces dirigeants, Rudolf K\u00e4stner, n\u00e9gociera avec Eichmann \u00e0 J\u00e9rusalem le sauvetage de 1600 Juifs hongrois. Il fournira en \u00e9change la liste de centaines de milliers de Juifs qui seront gaz\u00e9s \u00e0 Auschwitz. K\u00e4stner \u00e9tait sioniste. Il sera assassin\u00e9 en Isra\u00ebl en 1957 et son assassin acquitt\u00e9.<\/p>\n<p align=\"JUSTIFY\">La propagande sioniste utilise sans arr\u00eat le cas du Mufti Amin al-Husseini. Ce dirigeant palestinien fut un authentique Nazi qui a recrut\u00e9 et dirig\u00e9 des milices musulmanes venues des Balkans et engag\u00e9es avec l\u2019Allemagne hitl\u00e9rienne. Mais utiliser son cas tr\u00e8s isol\u00e9 pour affirmer que les Palestiniens poursuivent le g\u00e9nocide nazi en taisant ce que fut la collaboration sioniste est assez ind\u00e9cent.<\/p>\n<p align=\"JUSTIFY\"><strong>Il n\u2019y a ni culpabilit\u00e9 occidentale, ni \u00ab\u00a0jud\u00e9ophilie\u00a0\u00bb.<\/strong><\/p>\n<p align=\"JUSTIFY\">Certains s\u2019imaginent que la complicit\u00e9 occidentale avec la politique isra\u00e9lienne est le r\u00e9sultat d\u2019un sentiment de culpabilit\u00e9. C\u2019est une erreur. Ce n\u2019est pas parce qu\u2019ils sont mal inform\u00e9s que les dirigeants occidentaux ferment les yeux devant les exactions incessantes commises par les dirigeants isra\u00e9liens et leur accordent une impunit\u00e9 inconditionnelle. C\u2019est parce que cet \u00c9tat surarm\u00e9, d\u00e9pensant 60% de son budget dans l\u2019armement et les technologies de pointe, c\u2019est ce qu\u2019ils d\u00e9sirent. Un Isra\u00ebl vivant en paix et sur un plan d\u2019\u00e9galit\u00e9 avec ses voisins, acceptant d\u2019\u00eatre un pays du Proche-Orient et pas une pointe avanc\u00e9e de l\u2019Occident dans la r\u00e9gion ne les int\u00e9resse pas. Tenir le Proche-Orient pour l\u2019Occident, c\u2019est \u00eatre alli\u00e9 \u00e0 la fois \u00e0 Isra\u00ebl et aux monarchies p\u00e9troli\u00e8res du Golfe. Cette r\u00e9alit\u00e9 strat\u00e9gique est la principale explication de la complicit\u00e9 scandaleuse \u00e0 laquelle on assiste.<\/p>\n<p align=\"JUSTIFY\">De 1945 au d\u00e9but des ann\u00e9es 50, des centaines de milliers de rescap\u00e9s du g\u00e9nocide ont v\u00e9cu dans des camps de \u00ab\u00a0transit\u00a0\u00bb essentiellement en Allemagne et en Autriche. Le Yiddishland avait disparu, ils demandaient de pouvoir \u00e9migrer vers l\u2019Ouest. S\u2019il y avait eu un \u00ab\u00a0sentiment de culpabilit\u00e9\u00a0\u00bb, on leur aurait dit\u00a0: \u00ab\u00a0vous avez \u00e9t\u00e9 pers\u00e9cut\u00e9s pendant des si\u00e8cles, maintenant vous aurez l\u2019\u00e9galit\u00e9 des droits\u00a0\u00bb. Au contraire, on leur a dit\u00a0: \u00ab\u00a0maintenant vous avez un pays, vous partez quand vous voulez\u00a0\u00bb. Et la majorit\u00e9 de ceux qui \u00e9taient dans ces camps (comme 40 ans plus tard les Juifs sovi\u00e9tiques) ont \u00e9t\u00e9 envoy\u00e9s, souvent contre leur gr\u00e9, en Isra\u00ebl. L\u2019Europe s\u2019est d\u00e9barrass\u00e9e de son crime sur le dos du peuple palestinien qui n\u2019avait aucune responsabilit\u00e9 dans l\u2019antis\u00e9mitisme. En m\u00eame temps subsiste toujours cette id\u00e9e raciste que le pays des Juifs\u00a0, ce n\u2019est pas ici, c\u2019est Isra\u00ebl, bref qu\u2019ils sont toujours des \u00ab\u00a0\u00e9trangers\u00a0\u00bb en Europe.<\/p>\n<p align=\"JUSTIFY\"><strong>L\u2019extr\u00eame droite<\/strong><\/p>\n<p align=\"JUSTIFY\">Pendant des d\u00e9cennies, tous les partis ou groupuscules d\u2019extr\u00eame droite ont eu pour d\u00e9nominateur commun l\u2019antis\u00e9mitisme et encore r\u00e9cemment les d\u00e9clarations r\u00e9p\u00e9t\u00e9es de Jean-Marie Le Pen sur \u00ab\u00a0le point de d\u00e9tail de l\u2019histoire\u00a0\u00bb attestaient la permanence du r\u00f4le \u00ab\u00a0f\u00e9d\u00e9rateur\u00a0\u00bb pour ces id\u00e9ologies de l\u2019antis\u00e9mitisme.<\/p>\n<p align=\"JUSTIFY\">La r\u00e9alit\u00e9 a beaucoup \u00e9volu\u00e9. L\u2019islamophobie a largement remplac\u00e9 l\u2019antis\u00e9mitisme comme destination de la haine ordinaire. Le \u00ab\u00a0choc des civilisations\u00a0\u00bb d\u00e9fini par Samuel Huntington et sa reprise sous forme de \u00ab\u00a0guerre du bien contre le mal\u00a0\u00bb par Georges Bush Junior ont clairement plac\u00e9 Isra\u00ebl dans le camp du \u00ab\u00a0bien\u00a0\u00bb, le mal \u00e9tant l\u2019Islam, les Arabes, les bronz\u00e9s, les terroristes \u2026 Le fait qu\u2019en Europe, les Musulmans soient des post-colonis\u00e9s discrimin\u00e9s et prol\u00e9taris\u00e9s explique qu\u2019ils sont depuis longtemps la cible principale de l\u2019extr\u00eame droite. Le norv\u00e9gien Breivik qui a commis un meurtre de masse pour \u00ab\u00a0protester\u00a0\u00bb contre l\u2019islamisation de la soci\u00e9t\u00e9 est l\u2019exemple de la virulence de cette haine qui se d\u00e9veloppe dans les soci\u00e9t\u00e9s occidentales.<\/p>\n<p align=\"JUSTIFY\">Les dirigeants de l\u2019extr\u00eame droite europ\u00e9enne sont devenus de grands amis d\u2019Isra\u00ebl. En d\u00e9cembre 2010, ils sont all\u00e9s en Isra\u00ebl. Il y avait le flamand Dewinter, le n\u00e9erlandais Wilders, le dirigeant du FP\u00d6 autrichien Strache dont le parti abrite beaucoup de n\u00e9o-nazis. Ils ont discut\u00e9 avec leur partenaire Avigdor Lieberman de l\u2019interdiction de l\u2019Islam. Marine Le Pen r\u00eave de pouvoir elle aussi \u00eatre re\u00e7ue officiellement \u00e0 la Knesset et \u00e0 Yad Vashem.<\/p>\n<p align=\"JUSTIFY\">En Europe Orientale (Pays Baltes, Pologne \u2026), les partis politiques antis\u00e9mites qui sont parfois les descendants de ceux qui ont accompagn\u00e9 les Einsatzgruppen dans l\u2019extermination des Juifs europ\u00e9ens, sont tous pro-isra\u00e9liens. Toujours le m\u00eame ph\u00e9nom\u00e8ne. Les Juifs du Yiddishland \u00e9taient des \u00ab\u00a0\u00e9trangers inassimilables\u00a0\u00bb mais en Isra\u00ebl, ils deviennent des colons sympathiques.<\/p>\n<p align=\"JUSTIFY\">D\u2019autres antis\u00e9mites jouent un r\u00f4le fondamental dans l\u2019aide \u00e0 Isra\u00ebl et surtout dans l\u2019aide \u00e0 la colonisation\u00a0et \u00e0 l\u2019expropriation des B\u00e9douins du N\u00e9guev de leurs terres : ce sont les \u00ab\u00a0Chr\u00e9tiens Sionistes\u00a0\u00bb particuli\u00e8rement puissants et nombreux aux \u00c9tats-Unis. Pour eux, les Juifs doivent revenir en Terre Sainte, expulser le mal (Armageddon), c\u2019est-\u00e0-dire les Arabes puis se convertir \u00e0 la \u00ab\u00a0vraie foi\u00a0\u00bb faute de quoi ils dispara\u00eetront.<\/p>\n<p align=\"JUSTIFY\">Ces divers antis\u00e9mites sont devenus des partenaires m\u00eame plus encombrants en Isra\u00ebl. Le CRIF ou le BNVCA ne critiquent jamais ce partenariat.<\/p>\n<p align=\"JUSTIFY\"><strong>A quoi servent les antis\u00e9mites\u00a0?<\/strong><\/p>\n<p align=\"JUSTIFY\">La question peut para\u00eetre provocatrice. Tous les racismes sont immoraux et criminels.<\/p>\n<p align=\"JUSTIFY\">Les sionistes mart\u00e8lent partout que juif = sioniste. Ils ne combattent pas l\u2019antis\u00e9mitisme. Ils l\u2019instrumentalisent, ils l\u2019utilisent, ils s\u2019en servent comme carburant pour interdire \u00e0 l\u2019int\u00e9rieur de la soci\u00e9t\u00e9 juive isra\u00e9lienne ou des communaut\u00e9s juives organis\u00e9es toute dissidence, tout doute, toute critique de la voie criminelle contre les Palestiniens et suicidaire pour les Juifs qui est en cours. Ils utilisent l\u2019antis\u00e9mitisme pour essayer de relancer l\u2019Alyah, l\u2019\u00e9migration juive vers Isra\u00ebl. L\u2019antis\u00e9mitisme alimente le \u00ab\u00a0complexe de Massada\u00a0\u00bb, cette \u00ab\u00a0certitude\u00a0\u00bb inculqu\u00e9e aux Isra\u00e9liens que les victimes ont \u00e9t\u00e9, sont et seront toujours les Juifs et que le suicide est pr\u00e9f\u00e9rable au compromis.<\/p>\n<p align=\"JUSTIFY\">La politique isra\u00e9lienne provoque (volontairement) un antijuda\u00efsme en plein essor et met en danger les Juifs. Face \u00e0 cela, les \u00ab\u00a0protestations\u00a0\u00bb sionistes sont totalement inop\u00e9rentes. On ne combat pas le racisme avec une id\u00e9ologie raciste ou en d\u00e9fendant inconditionnellement un r\u00e9gime qui pratique l\u2019apartheid.<\/p>\n<p align=\"JUSTIFY\">Le combat le plus cons\u00e9quent contre cette nouvel vague d\u2019antis\u00e9mitisme, c\u2019est de faire comme l\u2019UJFP. Manifester sous une banderole\u00a0: \u00ab\u00a0Juifs et Arabes ensemble pour la justice en Palestine\u00a0\u00bb, organiser des missions communes en Palestine avec nos partenaires arabes comme l\u2019Association des Travailleurs Maghr\u00e9bins de France (ATMF), montrer partout que, de m\u00eame qu\u2019il existe une minorit\u00e9 d\u2019Isra\u00e9liens anticolonialistes, il existe des Juifs qui d\u00e9fendent les droits du peuple palestinien.<\/p>\n<p align=\"JUSTIFY\">Lutter contre l\u2019antis\u00e9mitisme, c\u2019est expliquer inlassablement que cette guerre n\u2019est ni raciale, ni religieuse, ni communautaire. Elle porte sur des questions essentielles\u00a0: le refus du colonialisme et l\u2019\u00e9galit\u00e9 des droits. Lutter contre l\u2019antis\u00e9mitisme, c\u2019est refuser toute logique communautaire alors que les sionistes ont un comportement de plus en plus tribal.<\/p>\n<p align=\"JUSTIFY\">Les antis\u00e9mites existent toujours. Il y a une poign\u00e9e de grands malades qui rivalisent dans la nostalgie du III\u00e8me Reich ou dans la n\u00e9gation du g\u00e9nocide nazi. Mais il y a incontestablement, dans la grande vari\u00e9t\u00e9 des antis\u00e9mites, des gens qui essaient de s\u2019infiltrer dans le combat pour les droits des Palestiniens.<\/p>\n<p align=\"JUSTIFY\">Fondamentalement, ces personnes pensent (comme les sionistes) que juif = sioniste. Pour eux, les causes du sociocide inflig\u00e9 aux Palestiniens viennent de la nature m\u00eame des Juifs, de la Torah et du Talmud. Ils reprennent les st\u00e9r\u00e9otypes sur les \u00ab\u00a0Juifs ma\u00eetres du monde\u00a0\u00bb contr\u00f4lant tout (le courant complotiste est bien repr\u00e9sent\u00e9 parmi eux). Ils pensent que Juifs sionistes et Juifs antisionistes sont les deux faces d\u2019un m\u00eame probl\u00e8me. Ils \u00e9crivent que l\u00e0 o\u00f9 la parole antis\u00e9mite est brim\u00e9e, la cause palestinienne est mal d\u00e9fendue alors que l\u00e0 o\u00f9 elle est libre, elle est bien d\u00e9fendue. Ils en d\u00e9duisent donc que la parole antis\u00e9mite doit \u00eatre libre.<\/p>\n<p align=\"JUSTIFY\">En dehors de l\u2019aspect immoral (pour ne pas dire criminel) de telles id\u00e9es, ELLES FONT TOTALEMENT LE JEU de ce qu\u2019elles sont cens\u00e9es combattre. Elles confortent la n\u00e9vrose entretenue par les sionistes, l\u2019id\u00e9e que ceux qui critiquent Isra\u00ebl sont des antis\u00e9mites qui \u00ab\u00a0veulent jeter les Juifs \u00e0 la mer\u00a0\u00bb. Bref, si on pense qu\u2019un des moyens de mettre fin \u00e0 la colonisation et \u00e0 l\u2019apartheid, c\u2019est aussi de \u00ab\u00a0briser le front int\u00e9rieur\u00a0\u00bb en Isra\u00ebl ou dans la communaut\u00e9 juive organis\u00e9e, les antis\u00e9mites sont objectivement des complices du sionisme.<\/p>\n<p align=\"JUSTIFY\"><strong>Combattre tous les racismes<\/strong><\/p>\n<p align=\"JUSTIFY\">L\u2019antis\u00e9mitisme est-il un racisme \u00e0 part\u00a0? Il l\u2019a \u00e9t\u00e9. Tous les racismes n\u2019ont pas pour finalit\u00e9 l\u2019extermination de la communaut\u00e9 humaine d\u00e9sign\u00e9e \u00e0 la haine. Mais aujourd\u2019hui en France, le racisme frappe essentiellement les Noirs, les Arabes et les Roms. Les agressions et les discriminations qui les frappent sont beaucoup plus fr\u00e9quents que les actes antis\u00e9mites. Et donc l\u2019antis\u00e9mitisme n\u2019est plus un racisme \u00ab\u00a0\u00e0 part\u00a0\u00bb.<\/p>\n<p align=\"JUSTIFY\">Il est significatif que toutes les associations religieuses ou communautaires ont exprim\u00e9 leur d\u00e9sapprobation du comportement des autorit\u00e9s fran\u00e7aises \u00e0 l\u2019\u00e9gard des Roms, des immigr\u00e9s, des Sans Papiers \u00e0 l\u2019exception notable du CRIF et du Consistoire. Comment ces associations qui affirment que les Juifs fran\u00e7ais sont en danger et qui sont complices de la propagande isra\u00e9lienne pour les faire \u00e9migrer peuvent-elles \u00eatre silencieuses devant la r\u00e9p\u00e9tition de processus d\u2019exclusion qui ont \u00e9t\u00e9 exp\u00e9riment\u00e9s contre les Juifs et qui ont fini par aboutir apr\u00e8s un changement de r\u00e9gime, aux horreurs de Vichy\u00a0? Comment peuvent-elles se rendre complices de l\u2019islamophobie comme Roger Cukierman, ancien pr\u00e9sident du CRIF, qui estimait que la pr\u00e9sence de Le Pen au second tour des pr\u00e9sidentielles de 2002 \u00e9tait un message aux Musulmans leur indiquant de se tenir tranquille\u00a0? Ces associations sont en rupture compl\u00e8te avec de nombreuses figures du juda\u00efsme qui ont toujours consid\u00e9r\u00e9 qu\u2019il fallait lutter contre tous les racismes.<\/p>\n<p align=\"JUSTIFY\">Pire, ces associations cautionnent un racisme \u00e9pouvantable qui est intrins\u00e8que \u00e0 la soci\u00e9t\u00e9 isra\u00e9lienne.<\/p>\n<p align=\"JUSTIFY\">Racisme contre les Palestiniens dans une soci\u00e9t\u00e9 d\u2019apartheid. Pour le rabbin Rosen, les Palestiniens sont des Amal\u00e9cites et la Torah autorise qu\u2019on les tue ainsi que leurs femmes, leurs enfants, leurs troupeaux. Pour le grand rabbin de Safed, Shmuel Eliyahou, la Halakha (loi traditionnelle juda\u00efque) interdit de louer un logement \u00e0 un \u00ab\u00a0Arabe\u00a0\u00bb. Il n\u2019y a pas que les religieux qui versent dans le racisme \u00e0 l\u2019\u00e9tat brut\u00a0: les Palestiniens sont r\u00e9guli\u00e8rement trait\u00e9s de \u00ab\u00a0serpents\u00a0\u00bb ou de \u00ab\u00a0terroristes\u00a0\u00bb par tous les politiciens.<\/p>\n<p align=\"JUSTIFY\">Vis-\u00e0-vis des immigr\u00e9s d\u2019Afrique de l\u2019Est qui arrivent \u00e0 pied en traversant le Sina\u00ef, Isra\u00ebl utilise les grands moyens\u00a0: construction d\u2019une barri\u00e8re \u00e9lectrifi\u00e9e entre Gaza et Eilat, d\u2019un gigantesque centre de r\u00e9tention \u00e0 Beersheba, d\u00e9claration de N\u00e9tanyahou expliquant qu\u2019on ne peut pas scolariser les enfants de ces immigr\u00e9s car \u00ab\u00a0cela atteindrait au caract\u00e8re juif de l\u2019\u00c9tat\u00a0\u00bb, manifestations \u00e0 Tel-Aviv aux cris de \u00ab\u00a0Isra\u00ebl est pour les Juifs, le Soudan pour les Soudanais\u00a0\u00bb.<\/p>\n<p align=\"JUSTIFY\">Mais il y a aussi le racisme \u00e0 l\u2019int\u00e9rieur de la soci\u00e9t\u00e9 juive isra\u00e9lienne. Racisme et discriminations contre les Juifs s\u00e9farades et orientaux. On les a appel\u00e9s les \u00ab\u00a0Schwartz\u00a0\u00bb quand ils sont arriv\u00e9s. On les a log\u00e9s dans des r\u00e9gions inhospitali\u00e8res (la fronti\u00e8re, le d\u00e9sert du N\u00e9guev). Dans les premi\u00e8res ann\u00e9es d\u2019Isra\u00ebl, on a exp\u00e9riment\u00e9 des irradiations mortelles sur des enfants de Juifs orientaux soup\u00e7onn\u00e9s d\u2019avoir la teigne, on a enlev\u00e9 des b\u00e9b\u00e9s juifs y\u00e9m\u00e9nites qui ont \u00e9t\u00e9 adopt\u00e9s par des familles ashk\u00e9nazes. Aujourd\u2019hui on st\u00e9rilise sans leur demander leur avis des femmes falashas (juives \u00e9thiopiennes).<\/p>\n<p align=\"JUSTIFY\"><strong>Ne nous laissons pas intimider<\/strong><\/p>\n<p align=\"JUSTIFY\">Face \u00e0 ceux qui instrumentalisent l\u2019antis\u00e9mitisme pour en faire une \u00ab\u00a0arme de destruction massive\u00a0\u00bb contre toute critique d\u2019Isra\u00ebl, nous devons \u00eatre coh\u00e9rents.<\/p>\n<p align=\"JUSTIFY\">Nous nous battons pour les droits du peuple palestinien au nom de valeurs universelles\u00a0: le refus de l\u2019occupation, de la colonisation, de l\u2019apartheid. L\u2019\u00e9galit\u00e9 des droits, le refus de tous les racismes, de toutes les discriminations.<\/p>\n<p align=\"JUSTIFY\">Nous d\u00e9non\u00e7ons aussi bien ceux qui m\u00e9langent volontairement antis\u00e9mitisme et antisionisme que leurs complices. La pr\u00e9sence r\u00e9guli\u00e8re des repr\u00e9sentants des plus hautes autorit\u00e9s de l\u2019\u00c9tat ou des dirigeants de nombreux partis politiques aux d\u00eeners du CRIF constitue un soutien \u00e0 la manipulation. La caution apport\u00e9e par le Pr\u00e9sident de l\u2019Assembl\u00e9e Nationale \u00e0 un \u00ab\u00a0colloque\u00a0\u00bb du BNVCA est un vrai scandale. Rendons \u00e0 la lutte contre l\u2019antis\u00e9mitisme son efficacit\u00e9 et sa dignit\u00e9.<\/p>\n<p style=\"text-align: left;\" align=\"CENTER\"><strong>Pierre Stambul<\/strong><\/p>\n<p align=\"JUSTIFY\"><em>BNVCA*\u00a0: Bureau Nationale de Vigilance Contre l\u2019Antis\u00e9mitisme. C\u2019est une officine d\u2019extr\u00eame droite cr\u00e9\u00e9e par Sammy Ghozlan qui porte plainte syst\u00e9matiquement pour antis\u00e9mitisme d\u00e8s qu\u2019on critique Isra\u00ebl.<\/em><\/p>\n<p align=\"JUSTIFY\"><em>Yad Vashem**\u00a0: ce mus\u00e9e de la Shoah \u00e0 \u00e9t\u00e9 construit pr\u00e8s de J\u00e9rusalem sur le territoire de Deir Yassin, village palestinien o\u00f9 les terroristes de l\u2019Irgoun et du groupe Stern massacr\u00e8rent 200 villageois palestiniens en 1948. Comme si un g\u00e9nocide pouvait excuser un nettoyage ethnique.<\/em><\/p>\n<p><em>MOI***\u00a0: Main-d\u2019oeuvre immigr\u00e9e, nom de la r\u00e9sistance communiste des immigr\u00e9s vivant en France<\/em><\/p>\n<p align=\"CENTER\"><img decoding=\"async\" class=\"decoded\" alt=\"http:\/\/www.ujfp.org\/IMG\/arton2394.jpg\" src=\"http:\/\/www.ujfp.org\/IMG\/arton2394.jpg\" \/><\/p>\n","protected":false},"excerpt":{"rendered":"<p>Honte \u00e0 ceux qui font de l\u2019antis\u00e9mitisme leur fond de commerce\u00a0! Des officines z\u00e9l\u00e9es (CRIF, BNVCA* \u2026) ont pris l\u2019habitude de d\u00e9gainer instantan\u00e9ment pour faire taire toute critique de la politique isra\u00e9lienne. Une propagande bien rod\u00e9e<\/p>\n","protected":false},"author":1,"featured_media":31,"comment_status":"open","ping_status":"open","sticky":false,"template":"","format":"standard","meta":{"footnotes":""},"categories":[21,6,18,28],"tags":[],"class_list":["post-436","post","type-post","status-publish","format-standard","has-post-thumbnail","hentry","category-anti-imperialisme","category-palestine-moyen-orient","category-resistance-bruxelles","category-racismes"],"_links":{"self":[{"href":"https:\/\/bruxelles-pantheres.be\/index.php?rest_route=\/wp\/v2\/posts\/436","targetHints":{"allow":["GET"]}}],"collection":[{"href":"https:\/\/bruxelles-pantheres.be\/index.php?rest_route=\/wp\/v2\/posts"}],"about":[{"href":"https:\/\/bruxelles-pantheres.be\/index.php?rest_route=\/wp\/v2\/types\/post"}],"author":[{"embeddable":true,"href":"https:\/\/bruxelles-pantheres.be\/index.php?rest_route=\/wp\/v2\/users\/1"}],"replies":[{"embeddable":true,"href":"https:\/\/bruxelles-pantheres.be\/index.php?rest_route=%2Fwp%2Fv2%2Fcomments&post=436"}],"version-history":[{"count":1,"href":"https:\/\/bruxelles-pantheres.be\/index.php?rest_route=\/wp\/v2\/posts\/436\/revisions"}],"predecessor-version":[{"id":437,"href":"https:\/\/bruxelles-pantheres.be\/index.php?rest_route=\/wp\/v2\/posts\/436\/revisions\/437"}],"wp:featuredmedia":[{"embeddable":true,"href":"https:\/\/bruxelles-pantheres.be\/index.php?rest_route=\/wp\/v2\/media\/31"}],"wp:attachment":[{"href":"https:\/\/bruxelles-pantheres.be\/index.php?rest_route=%2Fwp%2Fv2%2Fmedia&parent=436"}],"wp:term":[{"taxonomy":"category","embeddable":true,"href":"https:\/\/bruxelles-pantheres.be\/index.php?rest_route=%2Fwp%2Fv2%2Fcategories&post=436"},{"taxonomy":"post_tag","embeddable":true,"href":"https:\/\/bruxelles-pantheres.be\/index.php?rest_route=%2Fwp%2Fv2%2Ftags&post=436"}],"curies":[{"name":"wp","href":"https:\/\/api.w.org\/{rel}","templated":true}]}}