{"id":4370,"date":"2020-02-16T15:37:37","date_gmt":"2020-02-16T14:37:37","guid":{"rendered":"https:\/\/bruxelles-pantheres.be\/?p=4370"},"modified":"2020-02-16T15:37:37","modified_gmt":"2020-02-16T14:37:37","slug":"combattre-letat-policier-et-le-racisme-detat-a-lechelle-des-pays-du-nord-le-cas-belge","status":"publish","type":"post","link":"https:\/\/bruxelles-pantheres.be\/?p=4370","title":{"rendered":"Combattre l\u2019Etat policier et le racisme d\u2019Etat \u00e0 l\u2019\u00e9chelle des pays du Nord : le cas belge"},"content":{"rendered":"<h4 class=\"entry-title\"><a class=\"_58cn\" href=\"https:\/\/www.facebook.com\/hashtag\/byanymeansnecessary?source=feed_text&amp;epa=HASHTAG&amp;__xts__%5B0%5D=68.ARADT5prRHD1u3guA5Ns5bMlnjdKD9Q3D5hHchTPAnrlbbSNLfe8IbOFm3zKDGNuLgXnHK2o2WRHEIZgx6cFlGwVjDLLDwLP25OzcRFXabAXCr73B2TiRoqKNg62rUx8RK_w9EKMO1dtxUtk3UfpC3mNyrJiAa5T9G1rxMdgYj5eQ9uP8J7XtEi1123U-YHCu1pDye9_mE2Xb901CuyHy265ZBDP32W3OJAUIKprlMU7tjj48VPpuY_xqD2MHijdsytWbnj6-MLbjxywjXc-zZTTVbBqWHWKs4DuuzHtgqZ7bNgqmLUaocKmt5dXcmNNFrbFLpcmnSiD9hGlamXJtqxqR2i7&amp;__tn__=%2ANK-R\" data-ft=\"{&quot;type&quot;:104,&quot;tn&quot;:&quot;*N&quot;}\"><span class=\"_5afx\"><span class=\"_58cl _5afz\" aria-label=\"hashtag\">#<\/span><span class=\"_58cm\">byanymeansnecessary<\/span><\/span><\/a>\u00a0<a class=\"_58cn\" href=\"https:\/\/www.facebook.com\/hashtag\/stopblackface?source=feed_text&amp;epa=HASHTAG&amp;__xts__%5B0%5D=68.ARADT5prRHD1u3guA5Ns5bMlnjdKD9Q3D5hHchTPAnrlbbSNLfe8IbOFm3zKDGNuLgXnHK2o2WRHEIZgx6cFlGwVjDLLDwLP25OzcRFXabAXCr73B2TiRoqKNg62rUx8RK_w9EKMO1dtxUtk3UfpC3mNyrJiAa5T9G1rxMdgYj5eQ9uP8J7XtEi1123U-YHCu1pDye9_mE2Xb901CuyHy265ZBDP32W3OJAUIKprlMU7tjj48VPpuY_xqD2MHijdsytWbnj6-MLbjxywjXc-zZTTVbBqWHWKs4DuuzHtgqZ7bNgqmLUaocKmt5dXcmNNFrbFLpcmnSiD9hGlamXJtqxqR2i7&amp;__tn__=%2ANK-R\" data-ft=\"{&quot;type&quot;:104,&quot;tn&quot;:&quot;*N&quot;}\"><span class=\"_5afx\"><span class=\"_58cl _5afz\" aria-label=\"hashtag\">#<\/span><span class=\"_58cm\">stopblackface<\/span><\/span><\/a>\u00a0Intervention de\u00a0<a class=\"profileLink\" title=\"Nordine Saidi\" href=\"https:\/\/www.facebook.com\/nordine.saidi.1?__tn__=K-R&amp;eid=ARAFVF6luXN8Yt6HEAuMXq5RkDUloVRrQEmHYsiqnVwB-9VzP2Hyq1HIwLXxHoDT2WTxpT48MMMMRE5V&amp;fref=mentions&amp;__xts__%5B0%5D=68.ARADT5prRHD1u3guA5Ns5bMlnjdKD9Q3D5hHchTPAnrlbbSNLfe8IbOFm3zKDGNuLgXnHK2o2WRHEIZgx6cFlGwVjDLLDwLP25OzcRFXabAXCr73B2TiRoqKNg62rUx8RK_w9EKMO1dtxUtk3UfpC3mNyrJiAa5T9G1rxMdgYj5eQ9uP8J7XtEi1123U-YHCu1pDye9_mE2Xb901CuyHy265ZBDP32W3OJAUIKprlMU7tjj48VPpuY_xqD2MHijdsytWbnj6-MLbjxywjXc-zZTTVbBqWHWKs4DuuzHtgqZ7bNgqmLUaocKmt5dXcmNNFrbFLpcmnSiD9hGlamXJtqxqR2i7\" data-hovercard=\"\/ajax\/hovercard\/user.php?id=100001331468214&amp;extragetparams=%7B%22__tn__%22%3A%22%2CdK-R-R%22%2C%22eid%22%3A%22ARAFVF6luXN8Yt6HEAuMXq5RkDUloVRrQEmHYsiqnVwB-9VzP2Hyq1HIwLXxHoDT2WTxpT48MMMMRE5V%22%2C%22fref%22%3A%22mentions%22%7D\" data-hovercard-prefer-more-content-show=\"1\">Nordine Saidi<\/a>\u00a0au Bandung du Nord : la colonialit\u00e9 du pouvoir en Belgique. On ne peut agir et penser la fin du blackface en Belgique sans agir et penser contre la politique coloniale belge jusque dans ses effets les plus actuels. \u00ab On ne peut pas envisager aujourd\u2019hui les discriminations, le racisme et la n\u00e9grophobie sans revenir sur les 80 ann\u00e9es d\u2019histoire coloniale, qui ont laiss\u00e9 des traces dans les mentalit\u00e9s, les esprit<span class=\"text_exposed_show\">s mais aussi dans sa politique \u00bb. Et l\u2019on ne peut agir et penser contre la colonialit\u00e9 du pouvoir en Belgique sans penser ses formes contemporaines, sans restituer les in\u00e9galit\u00e9s g\u00e9ographiques (diff\u00e9rences d\u2019esp\u00e9rances de vie entre le croissant pauvre et le croissant colonial), sans penser les dispositifs racistes de s\u00e9gr\u00e9gation (plans canal, d\u00e9ch\u00e9ance de la nationalit\u00e9, profilage racial, s\u00e9gr\u00e9gation scolaire, op\u00e9rations Medusa, etc.). La plainte port\u00e9e par le bourgmestre socialiste de Lessines contre Nordine Saidi et les Bruxelles Panth\u00e8res est \u00e0 inscrire dans l\u2019histoire longue de la colonialit\u00e9 n\u00e9gro-islamophobe en Belgique. Un texte tr\u00e8s important \u00e0 relire de toute urgence.<\/span><\/h4>\n<p><!--more--><\/p>\n<div class=\"entry-content\">\n<p style=\"text-align: left;\"><em><a href=\"https:\/\/bruxelles-pantheres.be\/wp-content\/uploads\/2020\/02\/34582835_2497705286914199_4818322225092362240_o-400x267-1.jpg\"><img decoding=\"async\" class=\"size-full wp-image-4371 alignleft\" src=\"https:\/\/bruxelles-pantheres.be\/wp-content\/uploads\/2020\/02\/34582835_2497705286914199_4818322225092362240_o-400x267-1.jpg\" alt=\"\" width=\"400\" height=\"267\" srcset=\"https:\/\/bruxelles-pantheres.be\/wp-content\/uploads\/2020\/02\/34582835_2497705286914199_4818322225092362240_o-400x267-1.jpg 400w, https:\/\/bruxelles-pantheres.be\/wp-content\/uploads\/2020\/02\/34582835_2497705286914199_4818322225092362240_o-400x267-1-300x200.jpg 300w\" sizes=\"(max-width: 400px) 100vw, 400px\" \/><\/a><\/em><\/p>\n<p>&nbsp;<\/p>\n<p>&nbsp;<\/p>\n<p style=\"text-align: left;\"><em>Intervention de Nordine Saidi (<a href=\"https:\/\/bruxelles-pantheres.be\/\">Bruxelles Panth\u00e8res<\/a>) au\u00a0<a href=\"https:\/\/www.facebook.com\/parolesdhonneurtv\/videos\/vl.1456714197768440\/2001375869919804\/?type=1\">Bandung du Nord<\/a>, Mai 2018.<\/em><\/p>\n<p>&nbsp;<\/p>\n<p>&nbsp;<\/p>\n<blockquote><p>Un adage ne dit-il pas que\u00a0<em>\u00ab\u00a0quand la France s\u2019enrhume, la Belgique \u00e9ternue\u00a0\u00bb.<\/em><\/p><\/blockquote>\n<p>&nbsp;<\/p>\n<p>De ses cr\u00e9ateurs, La Belgique\u00a0a h\u00e9rit\u00e9 des penchants imp\u00e9riaux.<\/p>\n<p><strong>Petit pays, grand colonialiste<\/strong><\/p>\n<p>L\u2019empire colonial belge nait r\u00e9ellement avec l\u2019expansion africaine sous l\u2019impulsion de L\u00e9opold II, l\u2019un des plus grands g\u00e9nocidaires de l\u2019histoire, qui s\u2019est vu offrir le Congo lors de la Conf\u00e9rence de Berlin de 1885.<\/p>\n<p>Les crimes li\u00e9s \u00e0 la gestion du Congo par L\u00e9opold II sont connus et document\u00e9s, massacres, mains coup\u00e9es, travaux forc\u00e9s, s\u00e9vices, maltraitances\u2026<\/p>\n<p>En 1908, L\u00e9opold II c\u00e8de le Congo \u00e0 la Belgique qui en fait une colonie sans que cela n\u2019en modifie le r\u00e9gime d\u2019exploitation.<\/p>\n<p>Cinq \u00e0 huit millions de morts, peut-\u00eatre m\u00eame dix\u00a0: tel est le bilan accablant de la conqu\u00eate et de l\u2019exploitation coloniale du Congo belge, entre les ann\u00e9es 1880 et la premi\u00e8re guerre mondiale. C\u2019est \u00e0 ce nombre que parvient le journaliste am\u00e9ricain Adam Hochschild\u00a0dans son livre \u00ab\u00a0<em>Les fant\u00f4mes du roi L\u00e9opold<\/em>.<\/p>\n<p>Tout artificiel qu\u2019il est, l\u2019\u00c9tat-Nation moderne Belgique est donc un \u00c9tat intrins\u00e8quement colonialiste et imp\u00e9rialiste. Su, reconnu, ignor\u00e9 ou ni\u00e9, le colonialisme est constitutif de la Belgique et plus encore de sa position hi\u00e9rarchique dans le concert des Nations.<\/p>\n<p>Un pays ou sept Congolais sont morts en 1897 dans le \u00ab village n\u00e8gre \u00bb de l\u2019Exposition universelle de Tervuren.\u00a0\u00a0<em>(En d\u00e9couvrant ces \u00ab\u00a0sauvages\u00a0\u00bb, certains visiteurs leur jetaient des bananes ou des cacahu\u00e8tes.)<\/em>\u00a0\u00a0Ce qui n\u2019a pas emp\u00each\u00e9 qu\u2019on reproduise l\u2019exp\u00e9rience durant l\u2019Exposition universelle de 1958.<\/p>\n<p>\u00c0 Tervuren se trouve un mus\u00e9e colonial dans lequel est conserv\u00e9e la collection de cranes de chefs africains insoumis\u00a0(Roi\u00a0<em>Lusinga)\u00a0<\/em>qu\u2019un certain Emile Storms, un des nombreux criminels commissionn\u00e9s par L\u00e9opold II dans sa qu\u00eate ravageuse d\u2019un empire colonial au centre de l\u2019Afrique,\u00a0ramena en Belgique comme de simples troph\u00e9es des crimes qu\u2019il a fi\u00e8rement commis.<\/p>\n<p>Un pays sans ressources naturelles souterraines, o\u00f9 on ne trouve aucune mine de cobalt, de diamant, ou d\u2019uranium. Nous, belges, b\u00e9n\u00e9ficions pourtant de ces ressources introuvables chez nous. Episode marquant d\u2019utilisation de ressources pill\u00e9es au Congo, la Belgique a par exemple fourni60% de l\u2019uranium utilis\u00e9 pour la fabrication des trois premi\u00e8res bombes nucl\u00e9aires am\u00e9ricaines\u00a0<em>\u2013\u00a0(celle test\u00e9e le 16 juillet 1945 dans le d\u00e9sert d\u2019Alamogordo (Nouveau-Mexique) puis celles largu\u00e9es sur Hiroshima et Nagasaki d\u00e9but ao\u00fbt 1945.)<\/em><\/p>\n<p>Un pays qui quelques mois apr\u00e8s avoir c\u00e9d\u00e9 contraint et forc\u00e9 l\u2019ind\u00e9pendance au Congo, lui enl\u00e8ve et lui assassine son premier Premier-Ministre, Patrice Lumumba.<\/p>\n<p>Le pays de Tintin, ce h\u00e9ros d\u2019une v\u00e9ritable \u0153uvre de propagande coloniale.<\/p>\n<p>Un pays o\u00f9 beaucoup croient pourtant encore que la Belgique aurait apport\u00e9 aux peuples sauvages du Congo les bienfaits de la civilisation. Cette id\u00e9e que les Noirs n\u2019\u00e9taient rien avant la colonisation ayant un impact direct sur la fa\u00e7on dont ils sont per\u00e7us aujourd\u2019hui. On ne peut pas envisager aujourd\u2019hui les discriminations, le racisme et la n\u00e9grophobie sans revenir sur les 80 ann\u00e9es d\u2019histoire coloniale, qui ont laiss\u00e9 des traces dans les mentalit\u00e9s, les esprits mais aussi dans sa politique.<\/p>\n<p>Un pays qui illustre la permanence de la colonialit\u00e9 dans sa pens\u00e9e politique et dans ses actes par sa participation ces derni\u00e8res d\u00e9cennies, et aujourd\u2019hui encore, \u00e0 toutes les coalitions guerri\u00e8res imp\u00e9rialistes (Afghanistan, Irak I &amp; II, Lybie, Syrie, Mali, Centre Afrique, Y\u00e9men) ou encore par son soutien ind\u00e9fectible au maintien d\u2019une entit\u00e9 raciste et coloniale en Palestine.<\/p>\n<p>Bruxelles Panth\u00e8res est n\u00e9 de la re-prise de conscience de la persistance d\u2019avatars contemporains, actuels m\u00eame, et internes de cette Belgique coloniale.<\/p>\n<p>L\u2019un des aspects les plus \u00e9vidents de la persistance de r\u00e9gimes particuliers pour les populations issues des colonies ou des migrations post-coloniales et leur descendance se manifeste par la mise en place, sur des territoires sp\u00e9cifiques,\u00a0principalement le \u00ab\u00a0croissant pauvre\u00a0\u00bb\u00a0\u00a0\u00a0pour des centaines de millions d\u2019euros en 25 ans, de politique dite des\u00a0<strong>Contrats de s\u00e9curit\u00e9.<\/strong><\/p>\n<p>Ce que l\u2019on appelle le \u00ab croissant pauvre \u00bb, c\u2019est cette zone qui concentre depuis plusieurs d\u00e9cennies les populations les moins favoris\u00e9es (c\u2019est-\u00e0-dire les Noirs, Les Arabes, Les Roms). Sur la carte, ces morceaux de sept communes (Forest, Saint-Gilles, Anderlecht, Molenbeek, Ville de Bruxelles, Saint-Josse, Schaerbeek) forment un \u00ab croissant \u00bb autour du centre-ville.<\/p>\n<p>Ces quartiers sont les plus dens\u00e9ment peupl\u00e9s de la r\u00e9gion (plus de 30\u2009000\u2009habitants par km2, quatre fois la moyenne), c\u2019est l\u00e0 que se concentrent les revenus les plus faibles, mais quel que soit le crit\u00e8re retenu \u2013 niveau d\u2019instruction, taux de ch\u00f4mage, revenu moyen, part des logements sans confort \u2013 la carte montre un territoire bruxellois marqu\u00e9 au fer rouge de son croissant.<\/p>\n<p>Le ch\u00f4mage des jeunes ? Dans le croissant pauvre, il d\u00e9passe les 30% et flirte m\u00eame, pour les quartiers les plus difficiles, avec les 60%.<\/p>\n<p>Les in\u00e9galit\u00e9s face \u00e0 la mort repr\u00e9sentent le sommet de l\u2019iceberg : entre les communes bruxelloises les plus pauvres et les plus ais\u00e9es, la diff\u00e9rence d\u2019esp\u00e9rance de vie est de 3 ans pour les hommes et de 2,6 ans pour les femmes\u2026sauf si la police s\u2019en m\u00eale.<\/p>\n<p>Une politique s\u00e9curitaire stricto sensu avec l\u2019installation de cam\u00e9ras de surveillance et l\u2019augmentation du nombre et des \u00e9quipements des forces de r\u00e9pressions polici\u00e8res.<\/p>\n<p>Mais aussi des politiques plus ambig\u00fces quant \u00e0 leur caract\u00e8re social ou s\u00e9curitaire. Les autorit\u00e9s cr\u00e9ent des postes de m\u00e9diateurs, stewards, \u00e9ducateurs, travailleurs de rues, gardiens de la paix, surveillants de parcs. Si certains ont sans doute eu un impact individuel positif en faisant leur travail, ils font collectivement partie d\u2019une cha\u00eene de dispositifs qui sont mis en place pour remplir un r\u00f4le de contr\u00f4le physique et sociale sur des populations qu\u2019on maintient en \u00e9tat d\u2019inf\u00e9riorisation.<\/p>\n<p>Ces mesures et dispositifs se sont \u00e9tendus depuis le 11 septembre et se sont encore accentu\u00e9s depuis les attentats de Paris en novembre 2015 et de Bruxelles en mars 2016.<\/p>\n<p><strong>\u00a0Plan Canal<\/strong><\/p>\n<p>En effet, la stigmatisation des Noirs, des Arabes, des pr\u00e9suppos\u00e9s Musulmans est en constante augmentation notamment par l\u2019imposition de nouvelles lois.<\/p>\n<p>Dans le cadre de la lutte antiterroriste, le gouvernement a mis en place, activ\u00e9 ou sugg\u00e9r\u00e9 de nombreuses mesures, dont\u00a0:<\/p>\n<ul>\n<li>la d\u00e9ch\u00e9ance de nationalit\u00e9 belge des binationaux,<\/li>\n<\/ul>\n<ul>\n<li>le d\u00e9ploiement de 1800 militaires dans les grandes villes du pays, notamment en rue,<\/li>\n<\/ul>\n<ul>\n<li>l\u2019allongement de la garde-\u00e0-vue \u00a0\u00a0de 24 \u00e0 48h,<\/li>\n<\/ul>\n<ul>\n<li>l\u2019ex\u00e9cution de plus de 100.000 contr\u00f4les de r\u00e9sidence, principalement dans 4 communes de Bruxelles et ce uniquement pour l\u2019ann\u00e9e 2016, dans le cadre du \u00ab plan canal \u00bb et<\/li>\n<\/ul>\n<ul>\n<li>la fermeture d\u2019\u00e9norm\u00e9ment d\u2019associations musulmanes.<\/li>\n<\/ul>\n<p>Stigmatisant toujours les Musulmans comme dangereux, le 29 avril 2017, la nouvelle loi dite \u00abde d\u00e9portation \u00bb, permet d\u2019expulser des \u00ab\u00a0\u00e9trangers\u00a0\u00bb vivant l\u00e9galement en Belgique, m\u00eame s\u2019ils sont n\u00e9s ici ou s\u2019ils ont un enfant belge, sur le vague motif de repr\u00e9senter une menace \u00e0 l\u2019ordre public.<\/p>\n<p>En parall\u00e8le, \u00e0 c\u00f4t\u00e9 de ces mesures prises directement dans le cadre du Plan Canal, on constate un durcissement constant des lois et mesures prises \u00e0 l\u2019encontre des personnes sans papiers, avec encore une hausse des op\u00e9rations de contr\u00f4le dans les transports, du nombre d\u2019expulsions des lieux de vie et de logements, du nombre d\u2019arrestations, d\u2019enfermements et d\u2019expulsions du pays.<\/p>\n<p>L\u2019ordre public n\u2019\u00e9tait pas menac\u00e9 ce 11 novembre, lors de la victoire du Maroc le qualifiant pour la coupe du monde, mais des familles avec enfants se sont vues repouss\u00e9es \u00e0 coup d\u2019autopompes de la Bourse, lieu traditionnel de festivit\u00e9s spontan\u00e9es dans le centre de Bruxelles, vers les quartiers populaires, desquels sont issus la plupart des musulmans. Ces quartiers, qui sont les cibles principales de toutes formes de r\u00e9pressions se voient touch\u00e9s d\u2019avantage gr\u00e2ce \u00e0 ces nouvelles lois racistes.<\/p>\n<p><strong>Racisme structurel<\/strong><\/p>\n<p>Tous ces dispositifs, toutes ces mesures, tous ces actes discriminatoires, li\u00e9s de pr\u00e8s ou de loin \u00e0 l\u2019actualit\u00e9 plus ou moins r\u00e9centes, sont mis en place dans un pays qui, nous l\u2019avons dit, a la colonialit\u00e9 dans la peau.<\/p>\n<p>Voici une liste non-exhaustive de r\u00e9alit\u00e9s et d\u2019\u00e9v\u00e9nements v\u00e9cus par les Noirs, les Arabes, les pr\u00e9suppos\u00e9s Musulmans en Belgique qui illustre le racisme structurel\u00a0qu\u2019ils et elles subissent\u00a0:<\/p>\n<p>Contr\u00f4le au faci\u00e8s et violences polici\u00e8res end\u00e9miques dans les quartiers populaires. Plus contr\u00f4l\u00e9s, les Noirs, les Arabes, les pr\u00e9suppos\u00e9s Musulmans sont plus arr\u00eat\u00e9s, plus fouill\u00e9, plus poursuivis, plus mis en d\u00e9tention pr\u00e9ventive, plus condamn\u00e9s, condamn\u00e9s \u00e0 des peines plus longues et font une plus grande part de cette peine que la \u00ab\u00a0population g\u00e9n\u00e9rale\u00a0\u00bb.<\/p>\n<p>S\u00e9gr\u00e9gation scolaire et \u00e0 l\u2019emploi\u00a0: on n\u2019en n\u2019a pas besoin pour le savoir mais de nombreuses \u00e9tudes internationales classent syst\u00e9matiquement la Belgique parmi les pays les plus discriminants dans ces deux mati\u00e8res.<\/p>\n<p>Rejet des filles et femmes voil\u00e9es de l\u2019enseignement et de l\u2019emploi.<\/p>\n<p>Imputation de sexisme et d\u2019homophobie aux seuls hommes Noirs, Arabes, et\/ou pr\u00e9suppos\u00e9s Musulmans (loi contre le harc\u00e8lement de rue). Imputation d\u2019antis\u00e9mitisme \u00e0 tous les musulmans.<\/p>\n<p>S\u00e9gr\u00e9gation spatiale qui se mat\u00e9rialise par l\u2019acc\u00e8s au logement, ou m\u00eame aux loisirs.<\/p>\n<p>N\u00e9gligence grave dans l\u2019enqu\u00eate sur la disparition et l\u2019assassinat de Loubna Bena\u00efssa 9 ans par un p\u00e9dophile en 1992.<\/p>\n<p>Assassinat de Semira Adamu en 1998 \u00e9touffer avec un coussin par les gendarmes parce qu\u2019elle r\u00e9sistait \u00e0 son expulsion par avion.<\/p>\n<p>Complicit\u00e9 de torture sur Ali Aarrass, d\u00e9tenu depuis 10 ans au Maroc (condamnation, prononc\u00e9e sur la seule base d\u2019aveux obtenu sous la torture)\u00a0et abandonn\u00e9 parce que binationale.\u00a0C\u2019est la raison pour laquelle Ali AARRASS a saisi, le 29 mars 2018, la Cour europ\u00e9enne des droits de l\u2019homme d\u2019un recours contre la Belgique.\u00a0\u00a0\u00c0 suivre donc \u2026<\/p>\n<p>Le drame que vit Ali Aarrass et sa famille, nous montre bien\u00a0qu\u2019\u00eatre n\u00e9 en Belgique ou en Europe, avoir \u00e9t\u00e9 int\u00e9gr\u00e9 comme l\u2019Etat le souhaite, avoir m\u00eame servi son arm\u00e9, ne fait pas de nous des \u00ab\u00a0citoyens \u00e0 part enti\u00e8re\u00a0\u00bb\u00a0mais bien des citoyens \u00e0 part aux yeux de notre gouvernement.<\/p>\n<p>Voila \u00e0 quoi ressemble le cas belge.<\/p>\n<p><strong>Effet miroir<\/strong><\/p>\n<p>Je sais que vous voyez et comprenez tr\u00e8s bien de quoi je parle.<br \/>\nIl vous suffit de remplacer Belgique et Bruxelles par les noms de vos pays et villes et vous avez l\u2019effet miroir de ce qui se passe aujourd\u2019hui dans toutes les grandes villes europ\u00e9ennes o\u00f9, comme aux Etats-Unis, \u00ab\u00a0La vie des Noirs, des Arabes, des Musulmans ne compte pas pour les Etats et pour leurs flics\u00a0\u00bb.<\/p>\n<p><strong>Nordine Saidi<\/strong><\/p>\n<p><a href=\"https:\/\/www.paypal.com\/pools\/c\/8lEEZW69Zk?fbclid=IwAR3JTIlERC7mzwIV46jZrdKmDusBvq4G24cdFG4eCKEn_bkt5ohtavf5-U0\">Soutenez Bruxelles Panth\u00e8res dans son proc\u00e8s intent\u00e9 par le Bourgmestre socialiste de Lessines \u00e0 la suite de la lutte du collectif contre le BlackFace en Belgique !<\/a><\/p>\n<\/div>\n","protected":false},"excerpt":{"rendered":"<p>#byanymeansnecessary\u00a0#stopblackface\u00a0Intervention de\u00a0Nordine Saidi\u00a0au Bandung du Nord : la colonialit\u00e9 du pouvoir en Belgique. On ne peut agir et penser la fin du blackface en Belgique sans agir et penser contre la politique coloniale belge jusque dans ses effets les plus actuels. \u00ab On ne peut pas envisager aujourd\u2019hui les discriminations, le racisme et la n\u00e9grophobie &#8230; <a title=\"Combattre l\u2019Etat policier et le racisme d\u2019Etat \u00e0 l\u2019\u00e9chelle des pays du Nord : le cas belge\" class=\"read-more\" href=\"https:\/\/bruxelles-pantheres.be\/?p=4370\" aria-label=\"En savoir plus sur Combattre l\u2019Etat policier et le racisme d\u2019Etat \u00e0 l\u2019\u00e9chelle des pays du Nord : le cas belge\">Lire la suite<\/a><\/p>\n","protected":false},"author":1,"featured_media":4372,"comment_status":"open","ping_status":"open","sticky":false,"template":"","format":"standard","meta":{"footnotes":""},"categories":[1,35,21,24,22,25,36,42,4,20,7,6,8,18,28,37,39,17,5],"tags":[31,13],"class_list":["post-4370","post","type-post","status-publish","format-standard","has-post-thumbnail","hentry","category-non-classe","category-amerique-du-sud","category-anti-imperialisme","category-belgique-maroc","category-emploi","category-enseignement","category-europe","category-homophobie","category-islamophobie","category-logement","category-negrophobie","category-palestine-moyen-orient","category-prisons","category-resistance-bruxelles","category-racismes","category-romophobie","category-sans-papier","category-video","category-violence-policiere","tag-belgique","tag-nordine-saidi"],"_links":{"self":[{"href":"https:\/\/bruxelles-pantheres.be\/index.php?rest_route=\/wp\/v2\/posts\/4370","targetHints":{"allow":["GET"]}}],"collection":[{"href":"https:\/\/bruxelles-pantheres.be\/index.php?rest_route=\/wp\/v2\/posts"}],"about":[{"href":"https:\/\/bruxelles-pantheres.be\/index.php?rest_route=\/wp\/v2\/types\/post"}],"author":[{"embeddable":true,"href":"https:\/\/bruxelles-pantheres.be\/index.php?rest_route=\/wp\/v2\/users\/1"}],"replies":[{"embeddable":true,"href":"https:\/\/bruxelles-pantheres.be\/index.php?rest_route=%2Fwp%2Fv2%2Fcomments&post=4370"}],"version-history":[{"count":1,"href":"https:\/\/bruxelles-pantheres.be\/index.php?rest_route=\/wp\/v2\/posts\/4370\/revisions"}],"predecessor-version":[{"id":4373,"href":"https:\/\/bruxelles-pantheres.be\/index.php?rest_route=\/wp\/v2\/posts\/4370\/revisions\/4373"}],"wp:featuredmedia":[{"embeddable":true,"href":"https:\/\/bruxelles-pantheres.be\/index.php?rest_route=\/wp\/v2\/media\/4372"}],"wp:attachment":[{"href":"https:\/\/bruxelles-pantheres.be\/index.php?rest_route=%2Fwp%2Fv2%2Fmedia&parent=4370"}],"wp:term":[{"taxonomy":"category","embeddable":true,"href":"https:\/\/bruxelles-pantheres.be\/index.php?rest_route=%2Fwp%2Fv2%2Fcategories&post=4370"},{"taxonomy":"post_tag","embeddable":true,"href":"https:\/\/bruxelles-pantheres.be\/index.php?rest_route=%2Fwp%2Fv2%2Ftags&post=4370"}],"curies":[{"name":"wp","href":"https:\/\/api.w.org\/{rel}","templated":true}]}}