{"id":438,"date":"2013-04-14T04:43:16","date_gmt":"2013-04-14T03:43:16","guid":{"rendered":"https:\/\/bruxelles-pantheres.be\/?p=438"},"modified":"2013-11-10T04:44:42","modified_gmt":"2013-11-10T03:44:42","slug":"appel-a-l-arret-de-toutes-les-expulsions","status":"publish","type":"post","link":"https:\/\/bruxelles-pantheres.be\/?p=438","title":{"rendered":"Appel \u00e0 l\u2019 arr\u00eat de toutes les expulsions !"},"content":{"rendered":"<div>\n<p lang=\"fr-BE\" align=\"JUSTIFY\"><img decoding=\"async\" alt=\"http:\/\/spbelgique.files.wordpress.com\/2012\/04\/2.png\" src=\"http:\/\/spbelgique.files.wordpress.com\/2012\/04\/2.png\" width=\"624\" height=\"526\" \/><\/p>\n<p lang=\"fr-BE\" align=\"JUSTIFY\"><b>Appel \u00e0 la solidarit\u00e9 avec les guin\u00e9en-ne-s enferm\u00e9-e-s. Appel \u00e0 l\u2019 arr\u00eat de toutes les expulsions !<!--more--><\/b><\/p>\n<p lang=\"fr-BE\" align=\"JUSTIFY\">Alors qu\u2019une soixantaine de personnes marchent \u00e0 travers la Belgique afin de montrer leur d\u00e9termination \u00e0 lutter contre les politiques fascistes et racistes, d\u2019autres subissent de plein fouet la r\u00e9pression.<\/p>\n<p lang=\"fr-BE\" align=\"JUSTIFY\">Une trentaine de guin\u00e9en-ne-s sont rassembl\u00e9-e-s dans plusieurs des six prisons pour \u00e9tranger-\u00e8re-s de Belgique. Cette grande concentration d\u2019une m\u00eame nationalit\u00e9 nous laisse penser \u00e0 la possibilit\u00e9 d\u2019une expulsion collective par vol militaire vers la Guin\u00e9e. Des vols collectifs sont r\u00e9guli\u00e8rement organis\u00e9s par la Belgique conjointement avec d\u2019autres pays Europ\u00e9ens vers la Guin\u00e9e, le Nig\u00e9ria, la RDC, l\u2019Albanie, \u2026..<\/p>\n<p lang=\"fr-BE\" align=\"JUSTIFY\">Nous nous opposons fermement \u00e0 ces expulsions collectives ainsi qu\u2019aux expulsions individuelles !<\/p>\n<p lang=\"fr-BE\" align=\"JUSTIFY\">Les autorit\u00e9s Belges et Europ\u00e9ennes manquent cruellement de respect envers les migrants qu\u2019elles pers\u00e9cutent et chassent d\u00e8s leur arriv\u00e9e sur le sol qu\u2019elles consid\u00e8rent comme le leur ! Ces autorit\u00e9s prennent des mesures injustes et inhumaines. Tant qu\u2019il y aura des politiques migratoires, il y aura des rafles, des centres ferm\u00e9s, des expulsions. Nous nous opposons \u00e0 toute gestion des flux migratoires, car nous consid\u00e9rons que chacun doit \u00eatre libre de s\u2019installer et de circuler o\u00f9 bon lui semble !<\/p>\n<p lang=\"fr-BE\" align=\"JUSTIFY\">Nous exprimons notre solidarit\u00e9 avec tous les migrant-e-s enferm\u00e9-e-s et expuls\u00e9-e-s de force et ici particuli\u00e8rement avec les Guin\u00e9en-ne-s. Certain-e-s d\u2019entre eux\/elles vivent en Belgique depuis des ann\u00e9es, se sont install\u00e9-e-s ici et y ont construit leur vie. D\u2019autres, arriv\u00e9-e-s depuis peu, passent d\u2019une pers\u00e9cution \u00e0 une autre. Par exemple, celle de la Guin\u00e9e, o\u00f9 r\u00e8gne des conflits politiques et ethniques graves, \u00e0 celle des pays europ\u00e9ens qui ont d\u00e9cid\u00e9 de faire une guerre inconditionnelle contre les migrant-e-s.<\/p>\n<p lang=\"fr-BE\" align=\"JUSTIFY\">L\u2019occident pompe les richesses naturelles des pays africains. La Guin\u00e9e est l\u2019un des pays qui a \u00e9t\u00e9 appauvri par la colonisation et la post-colonisation occidentales. Ce pays continue d\u2019\u00eatre pill\u00e9 par les pays europ\u00e9ens de ses sous-sols riches en diamant, en or et qui constitue une des premi\u00e8res r\u00e9serves mondiales en bauxite (permettant la fabrication d\u2019aluminium).<\/p>\n<p lang=\"fr-BE\" align=\"JUSTIFY\">Nous refusons cette immigration s\u00e9lective pratiqu\u00e9e par nos politiques, o\u00f9 l\u2019\u00e9tranger-\u00e8re est tol\u00e9r\u00e9-e uniquement en tant que force de travail ou, pendant les guerres, en tant que chair \u00e0 canon.<\/p>\n<p lang=\"fr-BE\" align=\"JUSTIFY\">Nous refusons que les int\u00e9r\u00eats \u00e9conomiques soient le moteur des rapports sociaux. Nous refusons que seuls les riches puissent d\u00e9cider librement du lieu o\u00f9 ils peuvent s\u2019installer et s\u2019\u00e9panouir.<\/p>\n<p lang=\"fr-BE\" align=\"JUSTIFY\">Nous exigeons :<\/p>\n<ul>\n<li>\n<p lang=\"fr-BE\" align=\"JUSTIFY\">La libert\u00e9 de circulation et d\u2019installation pour tous<\/p>\n<\/li>\n<li>\n<p lang=\"fr-BE\" align=\"JUSTIFY\">L\u2019arr\u00eat de la chasse aux migrant-e-s et personnes sans papiers<\/p>\n<\/li>\n<li>\n<p lang=\"fr-BE\" align=\"JUSTIFY\">La suppression des politiques de migrations racistes et discriminatoires<\/p>\n<\/li>\n<li>\n<p lang=\"fr-BE\" align=\"JUSTIFY\">La fermeture des centres ferm\u00e9s<\/p>\n<\/li>\n<li>\n<p lang=\"fr-BE\" align=\"JUSTIFY\">L\u2019 arr\u00eat des expulsions.<\/p>\n<\/li>\n<\/ul>\n<p lang=\"fr-BE\" align=\"JUSTIFY\"><b>La marche de solidarit\u00e9 avec ET sans-papiers<\/b><\/p>\n<p lang=\"fr-BE\" align=\"JUSTIFY\">\u2014\u2014\u2014\u2014\u2014\u2014\u2014\u2014\u2014\u2014\u2014\u2014\u2014\u2014\u2014\u2014\u2014\u2014\u2014\u2014\u2014\u2014\u2014\u2014\u2014\u2014\u2014\u2014\u2014\u2014\u2014\u2014<\/p>\n<p lang=\"fr-BE\" align=\"JUSTIFY\"><b>Oproep tot solidariteit met de opgesloten Guinee\u00ebrs. Oproep tot het stoppen van alle uitwijzingen!<\/b><\/p>\n<p lang=\"fr-BE\" align=\"JUSTIFY\">Terwijl een zestig mensen door Belgi\u00eb marcheren, vastberaden om te vechten tegen het fascistische en racistische beleid, ondergaan anderen de gevolgen van dit repressief beleid.<\/p>\n<p lang=\"fr-BE\" align=\"JUSTIFY\">Een dertig Guinee\u00ebrs werden samengebracht in een zestal gevangenissen voor buitenlanders, verspreid over Belgi\u00eb. Dit hoge aantal mannen en vrouwen van dezelfde nationaliteit doet het vermoeden rijzen dat het gaat om een collectieve uitzetting via militaire vlucht naar Guinee. Dergelijke collectieve vluchten naar o.m. Guinea, Nigeria, Congo (DRC), Albani\u00eb\u2026 worden regelmatig georganiseerd door Belgi\u00eb, in samenwerking met andere Europese landen.<\/p>\n<p lang=\"fr-BE\" align=\"JUSTIFY\">Wij verzetten ons bijzonder fel tegen zowel deze collectieve als individuele uitzettingen!<\/p>\n<p lang=\"fr-BE\" align=\"JUSTIFY\">De Belgische en Europese overheid negeert op gruwelijke wijze alle respect voor migranten. De vervolging van en de jacht op migranten vanaf hun aankomst op het Europees grondbebied die de autoriteiten als hun persoonlijk bezit beschouwen. Deze autoriteiten nemen onrechtvaardige en onmenselijke maatregelen. Zolang er een migratiebeleid bestaat, zullen er razzia\u2019s, gesloten centra, deportaties bestaan. We verzetten ons tegen elke beheer van de migratiestromen, omdat we geloven dat iedereen vrij moet zijn om zich te installeren en te verplaatsen waar hij wil!<\/p>\n<p lang=\"fr-BE\" align=\"JUSTIFY\">Wij betuigen onze solidariteit met alle opgesloten en met geweld uitgedreven migranten en in dit geval in het bijzonder met de Guinee\u00ebrs. Sommigen onder hen leven al jaren lang in Belgi\u00eb, hebben zich hier gevestigd en hebben hier hun leven opgebouwd. Anderen, recenter gearriveerd, komen van de ene vervolging in de andere terecht. Bijvoorbeeld van Guinee, geteisterd door ernstige politieke en etnische conflicten, en Europese landen die hebben besloten om een onvoorwaardelijke oorlog te voeren tegen migranten.<\/p>\n<p lang=\"fr-BE\" align=\"JUSTIFY\">Het Westen pompt natuurlijke rijkdommen uit Afrikaanse landen. Guinee is \u00e9\u00e9n van die landen die op catastrofale wijze verarmde als gevolg van het Westers kolonialisme en post-kolonialisme. Het land wordt nog steeds geplunderd door de Europese landen die azen op de ondergrondse rijkdommen zoals diamanten, goud en bauxiet (voor de productie van aluminium) waarvan Guinee \u00e9\u00e9n van de grootste reserves bezit wereldwijd.<\/p>\n<p lang=\"fr-BE\" align=\"JUSTIFY\">Wij verwerpen dit selectief immigratiebeleid door onze beleidsvoerders waarbij vreemdelingen enkel worden getolereerd als arbeidskrachten, of tijdens oorlog, als kanonnenvoer.<\/p>\n<p lang=\"fr-BE\" align=\"JUSTIFY\">Wij verwerpen de economische belangen als drijvende kracht van sociale relaties. We verwerpen de realiteit waarbij enkel de rijken vrij kunnen beslissen waar ze zich vestigen en leven.<\/p>\n<p lang=\"fr-BE\" align=\"JUSTIFY\">Wij eisen :<\/p>\n<ul>\n<li>\n<p lang=\"fr-BE\" align=\"JUSTIFY\">Vrij verkeer en verblijf voor allen<\/p>\n<\/li>\n<li>\n<p lang=\"fr-BE\" align=\"JUSTIFY\">Het stopzetten van de jacht op migranten en mensen zonder papieren<\/p>\n<\/li>\n<li>\n<p lang=\"fr-BE\" align=\"JUSTIFY\">Het stopzetten van een racistisch en discriminerend migratiebeleid<\/p>\n<\/li>\n<li>\n<p lang=\"fr-BE\" align=\"JUSTIFY\">De sluiting van de gesloten detentiecentra<\/p>\n<\/li>\n<li>\n<p lang=\"fr-BE\" align=\"JUSTIFY\">Het stoppen\u00a0 van alle uitzettingen.<\/p>\n<\/li>\n<\/ul>\n<p lang=\"fr-BE\" align=\"JUSTIFY\"><b>Solidariteitsmars van Mensen met EN zonder papieren<\/b><\/p>\n<p><a href=\"http:\/\/marchebelgique.wordpress.com\/2013\/04\/11\/appel-a-la-solidarite-avec-les-guineen-ne-s-enferme-e-s-oproep-tot-solidariteit-met-de-opgesloten-guineeers\/\">Source<\/a><\/p>\n<h3><a href=\"http:\/\/www.rtbf.be\/video\/detail_l-etat-renvoit-un-de-ses-employes-en-guinee?id=1814807\">L\u2019Etat renvoit un de ses employ\u00e9s en Guin\u00e9e <\/a><\/h3>\n<h3>Belgique : rapatriement en masse de Guin\u00e9ens<\/h3>\n<p>Ousmane Bah\u00a0 Jeudi, 11 Avril 2013 19:27<\/p>\n<p>&nbsp;<\/p>\n<p><img decoding=\"async\" alt=\"centre_ferme_sans_papiers_Belgique_01\" src=\"http:\/\/guineeactu.info\/images\/stories\/articles\/centre_ferme_sans_papiers_Belgique_01.jpg\" width=\"250\" height=\"127\" \/>La dictature qui perdure en Guin\u00e9e, a pouss\u00e9 beaucoup de Guin\u00e9ens \u00e0 l\u2019exil forc\u00e9. Parmi ces exil\u00e9s, certains sont aujourd\u2019hui d\u00e9tenus dans des centres ferm\u00e9s et sont menac\u00e9s d\u2019un rapatriement imminent. Tous les signaux sont r\u00e9unis pour un rapatriement en masse des sans papiers guin\u00e9ens de Belgique. Ils sont arr\u00eat\u00e9s chez eux, ou \u00e0 l\u2019office des \u00e9trangers (qui g\u00e8re la demande d\u2019asile), ou sur la route. Aujourd\u2019hui, sur tous les vols de Brussel Airlines vers la Guin\u00e9e, il y des Guin\u00e9ens qui sont menott\u00e9s et escort\u00e9s jusque l\u2019a\u00e9roport. Tout \u00e7a, par la faute des autorit\u00e9s guin\u00e9ennes qui accordent des \u00ab laissez-passer<b> <\/b>\u00bb moyennant une somme de 3000\u20ac par personne.<\/p>\n<p>L\u2019ambassade de Guin\u00e9e \u00e0 Bruxelles est la premi\u00e8re \u00e0 livrer ces laissez-passer, alors qu\u2019elle crie \u00e0 qui veut l\u2019entendre, qu\u2019elle ne le fait pas. Voici le t\u00e9moignage d\u2019un d\u00e9tenu guin\u00e9en, qu\u2019on appellera Ouo-Ouo V.\u00a0:<b> \u00ab <\/b>je suis d\u00e9tenu dans le centre Caricole (un nouveau centre ferm\u00e9, ouvert depuis le 8 janvier 2013), j\u2019ai \u00e9t\u00e9 envoy\u00e9\u00a0\u00e0 l\u2019ambassade de Guin\u00e9e la semaine derni\u00e8re, et hier le centre m\u2019a inform\u00e9 que l\u2019ambassade a d\u00e9livr\u00e9 un laissez-passer et qu\u2019ils m\u2019embarqueraient sur le vol SN 205 du lendemain (21 mars 2013 \u00e0 11h25). J\u2019ai inform\u00e9 mon ami, qui a appel\u00e9 l\u2019ambassadeur, qui lui a r\u00e9pondu que c\u2019\u00e9tait le consul qui avait fait ce document \u00e0 son insu. Puis il a appel\u00e9 le consul qui a, \u00e0 son tour, accus\u00e9 l\u2019ambassadeur\u00a0\u00bb. Ce cas n\u2019est pas du tout isol\u00e9. Ouo Ouo V., suite \u00e0 son refus d\u2019embarquer dans l\u2019avion, a \u00e9t\u00e9 transf\u00e9r\u00e9 dans un autre centre, o\u00f9 il re\u00e7oit moins de visites.<\/p>\n<p>En second lieu, il y a les minist\u00e8res des Affaires \u00e9trang\u00e8res et de l\u2019Int\u00e9rieur, avec certains fonctionnaires corrompus dans ces deux minist\u00e8res, qui cachettent des laissez-passer en quantit\u00e9, pour l\u2019Office belge des \u00e9trangers.<\/p>\n<p>Toutes les ONG belges qui luttent contre les centres ferm\u00e9s et le rapatriement forc\u00e9 des sans papiers, et toutes les bonnes volont\u00e9s, nous ont alert\u00e9s sur un rapatriement en masse vers la Guin\u00e9e. Elles constatent un regroupement des Guin\u00e9ens dans les centres ferm\u00e9s. Selon des t\u00e9moignages et des indiscr\u00e9tions, ils n\u2019attendent que le jour J, car l\u2019accord du gouvernement guin\u00e9en est d\u00e9j\u00e0 acquis. Les ONG b\u00e9n\u00e9voles recommandent \u00e0 tous les sans papiers guin\u00e9ens dont la situation est critique, de ne pas r\u00e9pondre aux convocations de l\u2019Office des \u00e9trangers, au risque de se faire arr\u00eater. Lundi dernier (8 avril 2013), deux compatriotes ont \u00e9t\u00e9 injustement arr\u00eat\u00e9s, alors qu\u2019ils r\u00e9pondaient \u00e0 une convocation.<\/p>\n<p>Pour les autorit\u00e9s belges, la Guin\u00e9e a un gouvernement d\u00e9mocratiquement \u00e9lu et il n\u2019y a plus d\u2019injustice et d\u2019ins\u00e9curit\u00e9. Ils tiennent cette information du gouvernement guin\u00e9en lui-m\u00eame et d\u2019un petit groupe de Guin\u00e9ens r\u00e9sidant en Belgique, qui affirme repr\u00e9senter la communaut\u00e9 guin\u00e9enne.<\/p>\n<p>Nous appelons donc tous les Guin\u00e9ens de tous bords, \u00e0 se mobiliser pour un sit-in \u00e0 l\u2019ambassade de Guin\u00e9e \u00e0 Bruxelles, et une manifestation devant l\u2019Office des \u00e9trangers (date \u00e0 fixer). Nous ne devons pas laisser le sort des Guin\u00e9ens aux seules ONG b\u00e9n\u00e9voles, qui organisent actuellement une marche des sans papiers \u00e0 travers toute la Belgique.<\/p>\n<p><b><i>Ousmane Bah<br \/>\n<\/i><\/b><i>Bruxelles<\/i><\/p>\n<p><img decoding=\"async\" alt=\"AAA_logo_guineeactu_article\" src=\"http:\/\/guineeactu.info\/images\/stories\/articles\/AAA_logo_guineeactu_article.jpg\" width=\"120\" height=\"16\" \/><\/p>\n<\/div>\n","protected":false},"excerpt":{"rendered":"<p>Appel \u00e0 la solidarit\u00e9 avec les guin\u00e9en-ne-s enferm\u00e9-e-s. Appel \u00e0 l\u2019 arr\u00eat de toutes les expulsions !<\/p>\n","protected":false},"author":1,"featured_media":0,"comment_status":"open","ping_status":"open","sticky":false,"template":"","format":"standard","meta":{"footnotes":""},"categories":[1,36,7,8,18,28,39,5],"tags":[],"class_list":["post-438","post","type-post","status-publish","format-standard","hentry","category-non-classe","category-europe","category-negrophobie","category-prisons","category-resistance-bruxelles","category-racismes","category-sans-papier","category-violence-policiere"],"_links":{"self":[{"href":"https:\/\/bruxelles-pantheres.be\/index.php?rest_route=\/wp\/v2\/posts\/438","targetHints":{"allow":["GET"]}}],"collection":[{"href":"https:\/\/bruxelles-pantheres.be\/index.php?rest_route=\/wp\/v2\/posts"}],"about":[{"href":"https:\/\/bruxelles-pantheres.be\/index.php?rest_route=\/wp\/v2\/types\/post"}],"author":[{"embeddable":true,"href":"https:\/\/bruxelles-pantheres.be\/index.php?rest_route=\/wp\/v2\/users\/1"}],"replies":[{"embeddable":true,"href":"https:\/\/bruxelles-pantheres.be\/index.php?rest_route=%2Fwp%2Fv2%2Fcomments&post=438"}],"version-history":[{"count":1,"href":"https:\/\/bruxelles-pantheres.be\/index.php?rest_route=\/wp\/v2\/posts\/438\/revisions"}],"predecessor-version":[{"id":439,"href":"https:\/\/bruxelles-pantheres.be\/index.php?rest_route=\/wp\/v2\/posts\/438\/revisions\/439"}],"wp:attachment":[{"href":"https:\/\/bruxelles-pantheres.be\/index.php?rest_route=%2Fwp%2Fv2%2Fmedia&parent=438"}],"wp:term":[{"taxonomy":"category","embeddable":true,"href":"https:\/\/bruxelles-pantheres.be\/index.php?rest_route=%2Fwp%2Fv2%2Fcategories&post=438"},{"taxonomy":"post_tag","embeddable":true,"href":"https:\/\/bruxelles-pantheres.be\/index.php?rest_route=%2Fwp%2Fv2%2Ftags&post=438"}],"curies":[{"name":"wp","href":"https:\/\/api.w.org\/{rel}","templated":true}]}}