{"id":4387,"date":"2020-02-25T22:25:05","date_gmt":"2020-02-25T21:25:05","guid":{"rendered":"https:\/\/bruxelles-pantheres.be\/?p=4387"},"modified":"2020-02-25T22:25:05","modified_gmt":"2020-02-25T21:25:05","slug":"le-bourgmestre-socialiste-de-lessines-porte-plainte-contre-bruxelles-pantheres-au-motif-quil-naurait-pas-porte-plainte","status":"publish","type":"post","link":"https:\/\/bruxelles-pantheres.be\/?p=4387","title":{"rendered":"Le bourgmestre socialiste de Lessines porte plainte contre Bruxelles Panth\u00e8res au motif qu\u2019il n\u2019aurait pas port\u00e9 plainte."},"content":{"rendered":"<p style=\"font-weight: 400;\">Update. Le bourgmestre socialiste de Lessines porte plainte contre Bruxelles Panth\u00e8res au motif qu\u2019il n\u2019aurait pas port\u00e9 plainte. Il accuse Bruxelles Panth\u00e8res de \u00ab\u00a0fake news\u00a0\u00bb.<\/p>\n<p style=\"font-weight: 400;\">Rappel des faits. Nordine Saidi est convoqu\u00e9, par document dat\u00e9 du 12 juin 2019 par la police de Lessines, soit, nous le verrons 8 jours apr\u00e8s l\u2019audition du bourgmestre. Cette \u00ab CONVOCATION POUR ETRE ENTENDU \u00bb, \u00e0 la demande de Madame la Juge d\u2019instruction, concerne une infraction \u00ab PUNISSABLE D\u2019UNE PEINE PRIVATIVE DE LIBERT\u00c9 qui pourraient vous \u00eatre reproch\u00e9, plus pr\u00e9cis\u00e9ment : DANS LE CADRE DE MENACES \u00e0 L\u2019ENCONTRE DU BOURGMESTRE DE LESSINES (dur\u00e9e de audition + ou \u2013 45 minutes).<\/p>\n<p style=\"font-weight: 400;\">La lettre qui est au c\u0153ur du dossier de plainte \u00e9tait bien adress\u00e9e au bourgmestre socialiste de Lessines et au conseil communal. L\u2019ensemble de l\u2019audition de Nordine Saidi du 03 juillet 2019 porte sur cette lettre, non adress\u00e9e aux \u00ab\u00a0Culants\u00a0\u00bb.<!--more--><\/p>\n<p>Cette lettre est un \u00e9l\u00e9ment central, et pour tout dire, le seul \u00e9l\u00e9ment, de son audition. Ceci est bien s\u00fbr coh\u00e9rent avec la convocation re\u00e7ue. Apr\u00e8s de longues citations de la lettre, les policiers \u00a0demandent\u00a0\u00e0 Nordine Saidi : \u00ab\u00a0Les termes employ\u00e9s \u2018par tous les moyens n\u00e9cessaires\u2019 (\u2026) ont cr\u00e9\u00e9 un sentiment de terreur. Le bourgmestre de Lessines et l\u2019asbl \u00ab\u00a0March\u00e9 nocturne des culants\u00a0\u00bb ont pris ces menaces au s\u00e9rieux, craignant un danger, voire un attentat. L\u2019\u00e9v\u00e9nement \u2018La sortie des N\u00e8gres\u2019 a \u00e9t\u00e9 annul\u00e9 pour \u00e9viter des perturbations et l\u2019inqui\u00e9tude des participants. Que pensez-vous de leur r\u00e9action\u00a0?\u00a0\u00bb (d\u00e9position N.S.). Suit la r\u00e9ponse de Nordine Saidi. Les questions de la police incluent le bourgmestre de Lessines et, tout au long de l\u2019audition, uniquement la lettre qui lui \u00e9tait adress\u00e9e.<\/p>\n<p>Par ailleurs, le bourgmestre a d\u00e9pos\u00e9 les propos ci-dessous, propos qui ne peuvent que \u00ab\u00a0nourrir\u00a0\u00bb une plainte \u00ab\u00a0CONTRE\u00a0\u00bb Nordine Saidi et Bruxelles Panth\u00e8res. Ces propos sont loin d\u2019\u00eatre neutres et ext\u00e9rieurs comme le bourgmestre semble (on n\u2019est jamais trop prudent) le d\u00e9clarer maintenant. Par ailleurs, une plainte, p\u00e9nalement, se construit par des d\u00e9positions, s\u2019alimente et ouvre de nouvelles qualifications, ici celle de terroriste, dans le chef du bourgmestre socialiste de Lessines.<\/p>\n<p>Le 04 juin 2019, soit longtemps apr\u00e8s les d\u00e9clarations pacifiques de Bruxelles Panth\u00e8res, il d\u00e9pose, dans le cadre d\u2019une surench\u00e8re juridique, \u00ab\u00a0Je fais cette d\u00e9claration EN MA QUALITE DE BOURGMESTRE de la ville de Lessines. (sic, et non en son nom personnel, donc)(\u2026). Il n\u2019y a rien de raciste dans ce folklore (sic). Il s\u2019agit d\u2019une manifestation \u2013 bon enfant \u2013 qui rassemble les villageois dans la convivialit\u00e9 et la bonne humeur (\u2026). Le 09 septembre 2018, un mail au nom de Nordine Saidi \u2013 Bruxelles Panth\u00e8res m\u2019a \u00e9t\u00e9 transmis ainsi qu\u2019aux mandataires politiques de Lessines (\u2026). Vous me demandez comment nous avons r\u00e9agi (\u2026). Les informations que j\u2019ai re\u00e7ues de l\u2019INPP Gercy et d\u2019une dame de la zone en charge de ces questions m\u2019invitaient \u00e0 la plus grande vigilance. Dans un contexte terroriste, les autorit\u00e9s sup\u00e9rieures prennent des circulaires pour inciter les bourgmestres \u00e0 la prudence. Nous avons convenu de solliciter l\u2019avis de l\u2019OCAM (sic). Avis qui, je le\u00a0<strong>REGRETTE<\/strong>, n\u2019a jamais \u00e9t\u00e9 rendu (re-sic). Nous avons organis\u00e9 avec le DIROPS, la mobilisation des effectifs, y compris f\u00e9d\u00e9raux, pour s\u00e9curiser l\u2019activit\u00e9 (\u2026). Je consid\u00e8re que les \u00e9crits re\u00e7us (\u2026) sont des menaces prof\u00e9r\u00e9es DANS UN CONTEXTE TERRORISTE avec gravit\u00e9 puisqu\u2019elles annon\u00e7aient une venue sur place (sic), une pression suppl\u00e9mentaire, pour faire annuler par tous les moyens n\u00e9cessaires\u00a0! (re re sic). Je vous remets une copie des deux mails re\u00e7us.\u00a0\u00bb.<\/p>\n<p>La r\u00e9cente plainte du bourgmestre pour fake news nous permet donc d\u2019entrer, plus avant, dans les d\u00e9tails des mobilisations polici\u00e8res contre les militants anti BLACKFACE. Elle fait plus que nourrir la plainte\u00a0; elle en est \u00e0 la base. Quand donc la surench\u00e8re judiciaire du bourgmestre socialiste de Lessines, toujours aussi avare en possibilit\u00e9s de rencontres, s\u2019arr\u00eatera-t-elle\u00a0? Quand les responsables du Parti Socialiste mettront-ils fin \u00e0 la, oserait-on dire, mascarade\u00a0?<\/p>\n<p>Pendant ce temps le blackface reste, selon entre autres ce bourgmestre, un spectacle \u00ab\u00a0bon enfant\u00a0\u00bb.<\/p>\n<p>&nbsp;<\/p>\n","protected":false},"excerpt":{"rendered":"<p>Update. Le bourgmestre socialiste de Lessines porte plainte contre Bruxelles Panth\u00e8res au motif qu\u2019il n\u2019aurait pas port\u00e9 plainte. Il accuse Bruxelles Panth\u00e8res de \u00ab\u00a0fake news\u00a0\u00bb. Rappel des faits. Nordine Saidi est convoqu\u00e9, par document dat\u00e9 du 12 juin 2019 par la police de Lessines, soit, nous le verrons 8 jours apr\u00e8s l\u2019audition du bourgmestre. Cette &#8230; <a title=\"Le bourgmestre socialiste de Lessines porte plainte contre Bruxelles Panth\u00e8res au motif qu\u2019il n\u2019aurait pas port\u00e9 plainte.\" class=\"read-more\" href=\"https:\/\/bruxelles-pantheres.be\/?p=4387\" aria-label=\"En savoir plus sur Le bourgmestre socialiste de Lessines porte plainte contre Bruxelles Panth\u00e8res au motif qu\u2019il n\u2019aurait pas port\u00e9 plainte.\">Lire la suite<\/a><\/p>\n","protected":false},"author":1,"featured_media":4388,"comment_status":"open","ping_status":"open","sticky":false,"template":"","format":"standard","meta":{"footnotes":""},"categories":[7,18,28],"tags":[188,13],"class_list":["post-4387","post","type-post","status-publish","format-standard","has-post-thumbnail","hentry","category-negrophobie","category-resistance-bruxelles","category-racismes","tag-blackface","tag-nordine-saidi"],"_links":{"self":[{"href":"https:\/\/bruxelles-pantheres.be\/index.php?rest_route=\/wp\/v2\/posts\/4387","targetHints":{"allow":["GET"]}}],"collection":[{"href":"https:\/\/bruxelles-pantheres.be\/index.php?rest_route=\/wp\/v2\/posts"}],"about":[{"href":"https:\/\/bruxelles-pantheres.be\/index.php?rest_route=\/wp\/v2\/types\/post"}],"author":[{"embeddable":true,"href":"https:\/\/bruxelles-pantheres.be\/index.php?rest_route=\/wp\/v2\/users\/1"}],"replies":[{"embeddable":true,"href":"https:\/\/bruxelles-pantheres.be\/index.php?rest_route=%2Fwp%2Fv2%2Fcomments&post=4387"}],"version-history":[{"count":1,"href":"https:\/\/bruxelles-pantheres.be\/index.php?rest_route=\/wp\/v2\/posts\/4387\/revisions"}],"predecessor-version":[{"id":4389,"href":"https:\/\/bruxelles-pantheres.be\/index.php?rest_route=\/wp\/v2\/posts\/4387\/revisions\/4389"}],"wp:featuredmedia":[{"embeddable":true,"href":"https:\/\/bruxelles-pantheres.be\/index.php?rest_route=\/wp\/v2\/media\/4388"}],"wp:attachment":[{"href":"https:\/\/bruxelles-pantheres.be\/index.php?rest_route=%2Fwp%2Fv2%2Fmedia&parent=4387"}],"wp:term":[{"taxonomy":"category","embeddable":true,"href":"https:\/\/bruxelles-pantheres.be\/index.php?rest_route=%2Fwp%2Fv2%2Fcategories&post=4387"},{"taxonomy":"post_tag","embeddable":true,"href":"https:\/\/bruxelles-pantheres.be\/index.php?rest_route=%2Fwp%2Fv2%2Ftags&post=4387"}],"curies":[{"name":"wp","href":"https:\/\/api.w.org\/{rel}","templated":true}]}}