{"id":4391,"date":"2020-02-25T23:52:16","date_gmt":"2020-02-25T22:52:16","guid":{"rendered":"https:\/\/bruxelles-pantheres.be\/?p=4391"},"modified":"2020-02-25T23:52:16","modified_gmt":"2020-02-25T22:52:16","slug":"la-culture-dune-societe-raciste-est-elle-meme-raciste","status":"publish","type":"post","link":"https:\/\/bruxelles-pantheres.be\/?p=4391","title":{"rendered":"La culture d\u2019une soci\u00e9t\u00e9 raciste est elle-m\u00eame raciste."},"content":{"rendered":"<blockquote><p>\u00ab Une soci\u00e9t\u00e9 est raciste ou ne l&rsquo;est pas. II n&rsquo;existe pas de degr\u00e9 du racisme. II ne faut pas dire que tel pays est raciste mais qu&rsquo;on n&rsquo;y trouve pas de lynchages ou de camps d&rsquo;extermination. La v\u00e9rit\u00e9 est que tout cela et autre chose existent en horizon. Ces virtualit\u00e9s, ces latences circulent dynamiques, prises dans la vie des relations psycho-affectives, \u00e9conomiques. \u00bb<a href=\"#_ftn1\" name=\"_ftnref1\">[1]<\/a><\/p><\/blockquote>\n<p>Alost, Ath, Lessines, Malmedy, Binche, noirauds, p\u00e8re fouettard, mus\u00e9e coloniale de Tervuren, etc. La culture d\u2019une soci\u00e9t\u00e9 raciste est elle-m\u00eame raciste et est de mani\u00e8re end\u00e9mique d\u00e9figur\u00e9e par d\u2019ignobles repr\u00e9sentations n\u00e9grophobes, antis\u00e9mites, islamophobes, racistes.<!--more--><\/p>\n<p><strong>Des politiciens francophones<\/strong><\/p>\n<p>L\u2019antiracisme d\u2019\u00e9tat, l\u2019antiracisme moral de l\u2019\u00e9tat belge, lui, est nu. Les femmes et les hommes politiques francophones qui se sont exprim\u00e9s n\u2019ont pu s\u2019emp\u00eacher d\u2019\u00eatre opportunistes dans leur antiracisme en n\u2019\u00e9voquant que l\u2019inadmissible antis\u00e9mitisme exhib\u00e9 au carnaval d\u2019Alost. Se pr\u00e9tendant d\u2019une certaine sup\u00e9riorit\u00e9 morale par rapport aux Flamands (\u00ab\u00a0les Flamands sont racistes, ils ont vot\u00e9 VB\u00a0\u00bb, \u00ab\u00a0les Flamands sont des collabos\u00a0\u00bb, etc), ils ne disent pas un mot sur les repr\u00e9sentations n\u00e9grophobes ou islamophobes, que celles-ci se manifestent en Flandre ou en Wallonie. Opportuniste, la Premi\u00e8re ministre (MR \u2013 lib\u00e9ral) Sophie Wilm\u00e8s n\u2019a pu s\u2019emp\u00eacher, comme son pr\u00e9sident de parti, d\u2019\u00eatre aussi \u00e9quidistante que possible entre la d\u00e9fense de la libert\u00e9 d\u2019expression et la lutte contre l\u2019antis\u00e9mitisme.<\/p>\n<blockquote><p>\u00ab\u00a0Si tu es neutre en situation d&rsquo;injustice, alors tu as choisi le c\u00f4t\u00e9 de l&rsquo;oppresseur\u00bb.<a href=\"#_ftn2\" name=\"_ftnref2\">[2]<\/a><\/p><\/blockquote>\n<p>Bart De Wever, NVA comme le bourgmestre d\u2019Alost, s\u2019est exprim\u00e9 pour dire que le char antis\u00e9mite du carnaval d\u2019Alost est irrespectueux. Nous n\u2019avons vu aucune r\u00e9action d\u2019Ecolo, du PTB-PVDA ou du CDH. Qu\u2019ils soient flamands ou francophones, de droite ou de gauche, aucun de ces politiciens n\u2019a par ailleurs r\u00e9agi aux multiples condamnations de l\u2019UNESCO concernant la Belgique et ses folklores racistes.<\/p>\n<p>Le PS s\u2019est lui exprim\u00e9 par le biais d\u2019un opportuniste tweet antiraciste du bourgmestre de la capitale.<\/p>\n<p><a href=\"https:\/\/bruxelles-pantheres.be\/wp-content\/uploads\/2020\/02\/close-alost-1.png\"><img decoding=\"async\" class=\"size-full wp-image-4385 aligncenter\" src=\"https:\/\/bruxelles-pantheres.be\/wp-content\/uploads\/2020\/02\/close-alost-1.png\" alt=\"\" width=\"603\" height=\"452\" srcset=\"https:\/\/bruxelles-pantheres.be\/wp-content\/uploads\/2020\/02\/close-alost-1.png 603w, https:\/\/bruxelles-pantheres.be\/wp-content\/uploads\/2020\/02\/close-alost-1-300x225.png 300w\" sizes=\"(max-width: 603px) 100vw, 603px\" \/><\/a><\/p>\n<p>Le probl\u00e8me, c\u2019est que Unia travaille avec les outils qui sont mis \u00e0 sa disposition par les politiciens qui l\u00e9gif\u00e8rent. Unia, en plus de son manque de courage politique, est mise en incapacit\u00e9 de combattre le racisme de mani\u00e8re efficace. Face aux attaques des partis de droite extr\u00eame (qu\u2019ils soient au gouvernement ou pas) et pour leur montrer \u00ab\u00a0patte blanche\u00a0\u00bb, Unia n\u2019h\u00e9site cependant pas, par exemple, \u00e0 se port\u00e9e partie civile dans une affaire de \u00ab\u00a0racisme anti blanc\u00a0\u00bb (sic). Une institution \u00e9tablie et financ\u00e9e par l\u2019Etat, ne peut pas lutter contre le racisme d\u2019Etat. La loi Moureaux de 1981 et singuli\u00e8rement le crit\u00e8re farfelu d\u2019\u00a0 \u00ab\u00a0intentionnalit\u00e9\u00a0\u00bb qu\u2019elle contient, loi dont les socialistes aiment tant se targuer de la maternit\u00e9, est inutile pour lutter contre le racisme structurel.<\/p>\n<p>Philippe Close fait mine d\u2019ignorer, que son coll\u00e8gue bourgmestre socialiste de Lessines, Pascal de Handschutter, charge en justice, pour menace terroriste, des activistes antiracistes pacifiques parce que ceux-ci demandent l\u2019annulation d\u2019une parade n\u00e9grophobe dans sa ville.<br \/>\nPhilippe Close ignore aussi que Rudy Demotte, alors ministre-pr\u00e9sident de la Communaut\u00e9 fran\u00e7aise a fait un discours, en pr\u00e9sence du prince Laurent, pour d\u00e9fendre le maintien du personnage n\u00e9grophobe qu\u2019est le \u00ab\u00a0sauvage\u00a0\u00bb de Ath, en donnant au passage, de mani\u00e8re assez hallucinante, le r\u00f4le de \u00ab\u00a0Goliath\u00a0\u00bb \u00e0 Bruxelles Panth\u00e8res.<br \/>\nPhilippe Close ignore aussi que son coll\u00e8gue bourgmestre socialiste de Ath, dans une prise de position strictement identique \u00e0 celle du bourgmestre NVA d\u2019Alost, a d\u00e9clar\u00e9 pr\u00e9f\u00e9r\u00e9 perdre son label de patrimoine immat\u00e9riel de l\u2019humanit\u00e9 plut\u00f4t que de se d\u00e9barrasser du personnage n\u00e9grophobe de sa ducasse.<br \/>\nPhilippe Close ignore encore qu\u2019aucune r\u00e9ponse n\u2019a \u00e9t\u00e9 donn\u00e9e \u00e0 la lettre ouverte envoy\u00e9e \u00e0 son pr\u00e9sident de parti, Paul Magnette, demandant de la coh\u00e9rence de sa part entre les discours antiracistes du PS, certains actes pos\u00e9s r\u00e9cemment en fonction de ce discours (exclusions \u00e0 Bruxelles) et sa position par rapport \u00e0 la plainte d\u2019un bourgmestre socialiste contre un collectif antiraciste qui d\u00e9nonce et combat un d\u00e9fil\u00e9 n\u00e9grophobe dans un village de Wallonie.<\/p>\n<p>Paul Magnette n\u2019a non seulement pas su s\u2019abstenir de participer au concert de d\u00e9clarations antiracistes impr\u00e9gn\u00e9es de racisme en se limitant \u00e0 n\u2019\u00e9voquer que le r\u00e9pugnant antis\u00e9mitisme du carnaval d\u2019Alost\u00a0:<\/p>\n<p><a href=\"https:\/\/bruxelles-pantheres.be\/wp-content\/uploads\/2020\/02\/Magnette-Alost.png\"><img decoding=\"async\" class=\"size-full wp-image-4386 aligncenter\" src=\"https:\/\/bruxelles-pantheres.be\/wp-content\/uploads\/2020\/02\/Magnette-Alost.png\" alt=\"\" width=\"902\" height=\"174\" srcset=\"https:\/\/bruxelles-pantheres.be\/wp-content\/uploads\/2020\/02\/Magnette-Alost.png 902w, https:\/\/bruxelles-pantheres.be\/wp-content\/uploads\/2020\/02\/Magnette-Alost-300x58.png 300w, https:\/\/bruxelles-pantheres.be\/wp-content\/uploads\/2020\/02\/Magnette-Alost-768x148.png 768w\" sizes=\"(max-width: 902px) 100vw, 902px\" \/><\/a><\/p>\n<p>Mais il est aussi, en tant que pr\u00e9sident du PS, responsable pour les poursuites judiciaires intent\u00e9es contre Nordine Saidi et Bruxelles Panth\u00e8res par le bourgmestre socialiste de Lessines parce que ceux-ci ont eu l\u2019outrecuidance de lui envoyer deux courriels d\u00e9non\u00e7ant une parade n\u00e9grophobe et demandant sa suppression. Paul Magnette est bien au fait de ces poursuites puisqu\u2019il en a \u00e9t\u00e9 inform\u00e9 par une lettre ouverte dont il ne peut pas s\u00e9rieusement pr\u00e9tendre ne pas avoir eu connaissance et \u00e0 laquelle il n\u2019a jamais daign\u00e9 r\u00e9pondre. Paul Magnette d\u00e9nonce l\u2019antis\u00e9mitisme du carnaval d\u2019Alost mais en ignorent les manifestations n\u00e9grophobes et islamophobes. Et en plus il couvre (ou tente de couvrir) la protection, par des bourgmestres socialistes, de pratiques folkloriques n\u00e9grophobes et ne trouve rien \u00e0 redire \u00e0 la r\u00e9pression politique engag\u00e9e, en instrumentalisant la Justice, contre un militant et un collectif antiraciste, pour cause de fantasmagorie islamophobe, pour cause d\u2019islamophobie. La m\u00eame islamophobie qui a tu\u00e9 ces derniers jours en Allemagne et bless\u00e9 en Angleterre.<\/p>\n<p>Le PS n\u2019est pas le seul parti \u00e0 se dire progressiste, antiraciste, \u00e9galitaire, \u00ab\u00a0ouvert \u00e0 la diversit\u00e9\u00a0\u00bb, etc.<\/p>\n<p>Comme indiqu\u00e9, nous n\u2019avons entendu ou lu aucune r\u00e9action publique des pontes d\u2019Ecolo. La section Ecolo de Lessines, elle, pr\u00e9tend que c\u2019est une plainte du bourgmestre socialiste de Lessines et qu\u2019elle n\u2019est pas concern\u00e9e. Nous en sommes tr\u00e8s \u00e9tonn\u00e9s. Comment des Ecolos pourraient-ils ne pas \u00eatre concern\u00e9s par une plainte pour menace terroriste d\u00e9pos\u00e9e par le bourgmestre d\u2019une ville, o\u00f9 ils si\u00e8gent au conseil communal, contre une association antiraciste\u00a0? Comment cette section peut-elle pr\u00e9tendre ne pas \u00eatre au courant de la participation du bourgmestre \u00e0 une plainte dans laquelle il d\u00e9pose \u00ab\u00a0en sa qualit\u00e9 de bourgmestre de la ville de Lessines\u00a0\u00bb\u00a0? Comment une section Ecolo \u00e0 Lessines peut-elle se taire face \u00e0 un folklore n\u00e9grophobe et donc le d\u00e9fendre alors m\u00eame que Ecolo \u00e0 Bruxelles pr\u00e9tend avoir particip\u00e9 \u00e0 la mise en place d\u2019un programme de gouvernement dont la \u00ab\u00a0d\u00e9colonisation\u00a0\u00bb est l\u2019un des points\u00a0? Ecolo, comme le PS, parleraient-ils \u00ab\u00a0d\u00e9colonisation\u00a0\u00bb \u00e0 Bruxelles et n\u00e9grophobie et islamophobie en Wallonie\u00a0?<\/p>\n<p>Nous avons pris connaissance aujourd\u2019hui d\u2019un texte de soutien \u00e9mis par une des filiales du PTB. Nous les en remercions chaleureusement. Les soutiens sont d\u2019autant plus pr\u00e9cieux qu\u2019ils sont rares. Nous aurions cependant appr\u00e9ci\u00e9 d\u2019entendre une prise de position de la part du patron de la maison-m\u00e8re. Mais il est sans doute encore en train de d\u00e9m\u00ealer rumba et zumba.<\/p>\n<p>Aucune d\u00e9claration non plus de la part de D\u00e9fi, si ce n\u2019est une d\u00e9claration antiraciste aussi opportuniste et impr\u00e9gn\u00e9e de sup\u00e9riorit\u00e9 morale que celles d\u00e9crites supra\u00a0: \u00ab\u00a0l\u2019antis\u00e9mitisme (des Flamands) c\u2019est mal\u00a0\u00bb (mais la n\u00e9grophobie et l\u2019islamophobie, y compris celle des francophones, \u00e7a va).<\/p>\n<p>Aucune nouvelle non plus du CDH, le parti humaniste.<\/p>\n<p><strong>De l\u2019antiracisme et de l\u2019antisionisme<\/strong><\/p>\n<p>Luttant contre toutes les formes de discriminations raciales, discriminations qui m\u00e8nent \u00e0 la d\u00e9shumanisation, \u00e0 la mort sociale et\/ou physique de celles et ceux qui les subissent, nous ne pouvons que nous r\u00e9jouir des condamnations de l\u2019inf\u00e2me antis\u00e9mitisme manifest\u00e9 durant le carnaval d\u2019Alost.<\/p>\n<p>Cependant, contrairement aux antiracistes s\u00e9lectifs, nous condamnons et combattons toutes les structures de domination. Le racisme contre les Noirs, contre les Juifs, contre les Musulmans, contre les Rroms, contre les \u00eatres humains qui viennent d\u2019autres pays ou d\u2019autres continents au p\u00e9ril de leur vie et qui finissent trop souvent au fond de la M\u00e9diterran\u00e9e ou \u00e9touff\u00e9s par des policiers civilis\u00e9s.<\/p>\n<p>C\u2019est pour cette raison que nous pensons que les r\u00e9criminations \u00e9mises par les antiracistes s\u00e9lectifs belges, tout comme celles \u00e9mises par des ministres, repr\u00e9sentant et soutiens d\u2019un des \u00e9tats les plus (l\u00e9galement) raciste du monde, l\u2019\u00e9tat sioniste qui occupe la Palestine, sont fond\u00e9es mais non recevables.<\/p>\n<p>Ces r\u00e9criminations sont fond\u00e9es car l\u2019antis\u00e9mitisme manifest\u00e9 au carnaval d\u2019Alost est inacceptable.<\/p>\n<p>Que vaut l\u2019 \u00ab\u00a0intention\u00a0\u00bb (ch\u00e8re \u00e0 Patrick Charlier) de heurter quand on heurte effectivement\u00a0? Quand on d\u00e9shumanise et qu\u2019on tue socialement\u00a0?<\/p>\n<p>Elles ne sont pas recevables car elles viennent d\u2019organisations et de personnes qui dirigent, repr\u00e9sentent ou soutiennent la colonisation de la Palestine par Isra\u00ebl. Si le d\u00e9fil\u00e9 carnavalesque d\u2019Alost est heurtant, il l\u2019est factuellement moins que les terres vol\u00e9es, les enfants emprisonn\u00e9s sans jugement, les bombes envoy\u00e9es depuis un drone ou un F-16, l\u2019acc\u00e8s ferm\u00e9 \u00e0 la route, \u00e0 la mer et au ciel, la privation d\u2019eau et finalement la d\u00e9n\u00e9gation de son droit \u00e0 l\u2019existence et au respect de son humanit\u00e9 et de sa dignit\u00e9 que doit subir le peuple Palestinien. Ces sir\u00e8nes sionistes, pourront donc s\u2019exprimer l\u00e9gitimement le jour o\u00f9 les Gazaouis et tous les autres Palestiniens seront aussi mal trait\u00e9s par Isra\u00ebl que les Juifs le sont \u00e0 Anvers ou \u00e0 Alost.<\/p>\n<p><strong>Des idiots utiles<\/strong><\/p>\n<p>Un dernier mot pour ceux et celles qui traduisent la position du bourgmestre NVA d\u2019Alost comme une victoire (sic) de celui-ci contre un diktat sioniste. Vous \u00eates politiquement \u00e0 c\u00f4t\u00e9 de la plaque. Quand De Wever ou Magnette \u00e9change avec un soutien ou un repr\u00e9sentant d\u2019Isra\u00ebl il ne s\u2019agit jamais d\u2019un combat dans lequel il y aurait une \u00e9ventuelle victoire \u00e0 attendre d\u2019un c\u00f4t\u00e9 ou de l\u2019autre. Il s\u2019agit, au pire, d\u2019un d\u00e9bat portant sur leur d\u00e9saccord quant \u00e0 la d\u00e9finition de la libert\u00e9 d\u2019expression.<br \/>\n\u00catre \u00ab\u00a0dans le camp\u00a0\u00bb du bourgmestre \u00ab\u00a0rigolo\u00a0\u00bb d\u2019Alost, c\u2019est \u00eatre dans le camp d\u2019Isra\u00ebl. Un \u00e9tat d\u2019apartheid. C\u2019est \u00eatre antis\u00e9mite.<\/p>\n<blockquote><p>\u00ab\u00a0Quand vous entendez dire du mal des juifs, dressez l&rsquo;oreille, on parle de vous\u00a0\u00bb.<a href=\"#_ftn3\" name=\"_ftnref3\">[3]<\/a><\/p><\/blockquote>\n<p>&nbsp;<\/p>\n<p><strong>De la RTBF<\/strong><\/p>\n<p>En cette nouvelle journ\u00e9e de honte internationale pour la Belgique, la RTBF a invit\u00e9 une carnavalogue, experte en carnavals, conservatrice du Mus\u00e9e international du Carnaval et du Masque de Binche. Cette dame est peut-\u00eatre experte en carnavals. Mais elle n\u2019est experte ni en histoire, ni en racisme structurel. Elle a dit sur le plateau du journal du service publique francophone belge, au moment de parler des blackfaces n\u00e9grophobes des carnavals de Lessines, Ath ou Dunkerque, que les \u00ab\u00a0noirauds\u00a0\u00bb (\u0153uvre royale) apparus en 1876 seraient apparus au moment du retour de L\u00e9opold 2 du Congo. S\u2019il y a fait couper beaucoup de mains, L\u00e9opold 2 n\u2019a jamais mis les pieds au Congo.\u00a0 Elle explique dans la phrase suivante l\u2019une des raisons de la pr\u00e9sence end\u00e9mique de caract\u00e8res n\u00e9grophobes dans le folklore belge et la raison de son erreur quant au pr\u00e9tendu \u00ab\u00a0retour de L\u00e9opold 2 du Congo\u00a0\u00bb\u00a0: l\u2019histoire de la colonisation du Congo par le roi des Belges et ensuite par le royaume de Belgique n\u2019est pas enseign\u00e9e en Belgique. Nous ne manquons pourtant ni d\u2019\u00e9tudes ni de connaissances sur ce sujet.<\/p>\n<p>C\u2019est bien beau de la part de la RTBF d\u2019\u00e9voquer, m\u00eame en le minimisant, le racisme du carnaval d\u2019Alost qui fait parler n\u00e9gativement de la Belgique \u00e0 travers le monde. Ce serait mieux de le faire en invitant des gens qui savent de quoi ils et elles parlent. Ce serait encore mieux de le faire en ne donnant pas exclusivement la parole \u00e0 des alostois.e.s qui sont pour la d\u00e9fense du maintien d\u2019un folklore polyraciste et dont certains exigent m\u00eame du respect pour ce carnaval antis\u00e9mite, n\u00e9grophobe et islamophobe. Carnaval exclu de la liste du patrimoine mondial immat\u00e9riel de l\u2019Humanit\u00e9 par l\u2019Unesco en d\u00e9cembre 2019. Exclusion qui est une premi\u00e8re mondiale\u00a0!<\/p>\n<p>Dernier mot au sujet de la RTBF\u00a0: ce n\u2019est pas joli-joli de tenter de nous faire passer des cafards ou des cloportes pour des fourmis\u00a0!<\/p>\n<figure id=\"attachment_3878\" class=\"wp-caption alignright\" aria-describedby=\"caption-attachment-3878\"><\/figure>\n<p style=\"text-align: right;\">Mouhad Reghif<\/p>\n<p style=\"text-align: right;\">Porte-parole de Bruxelles Panth\u00e8res<\/p>\n<p>&nbsp;<\/p>\n<p><a href=\"#_ftnref1\" name=\"_ftn1\">[1]<\/a> \u00ab\u00a0Racisme et culture\u00a0\u00bb, conf\u00e9rence de Frantz Fanon au congr\u00e8s des \u00e9crivains et artistes noirs, 20 septembre 1956.<\/p>\n<p><a href=\"#_ftnref2\" name=\"_ftn2\">[2]<\/a> Desmond Tutu<\/p>\n<p><a href=\"#_ftnref3\" name=\"_ftn3\">[3]<\/a> Peau noire, masque blanc, Frantz Fanon<\/p>\n","protected":false},"excerpt":{"rendered":"<p>\u00ab Une soci\u00e9t\u00e9 est raciste ou ne l&rsquo;est pas. II n&rsquo;existe pas de degr\u00e9 du racisme. II ne faut pas dire que tel pays est raciste mais qu&rsquo;on n&rsquo;y trouve pas de lynchages ou de camps d&rsquo;extermination. La v\u00e9rit\u00e9 est que tout cela et autre chose existent en horizon. Ces virtualit\u00e9s, ces latences circulent dynamiques, &#8230; <a title=\"La culture d\u2019une soci\u00e9t\u00e9 raciste est elle-m\u00eame raciste.\" class=\"read-more\" href=\"https:\/\/bruxelles-pantheres.be\/?p=4391\" aria-label=\"En savoir plus sur La culture d\u2019une soci\u00e9t\u00e9 raciste est elle-m\u00eame raciste.\">Lire la suite<\/a><\/p>\n","protected":false},"author":1,"featured_media":2606,"comment_status":"open","ping_status":"open","sticky":false,"template":"","format":"standard","meta":{"footnotes":""},"categories":[36,4,7,18,28],"tags":[188,375],"class_list":["post-4391","post","type-post","status-publish","format-standard","has-post-thumbnail","hentry","category-europe","category-islamophobie","category-negrophobie","category-resistance-bruxelles","category-racismes","tag-blackface","tag-mouhad-reghif"],"_links":{"self":[{"href":"https:\/\/bruxelles-pantheres.be\/index.php?rest_route=\/wp\/v2\/posts\/4391","targetHints":{"allow":["GET"]}}],"collection":[{"href":"https:\/\/bruxelles-pantheres.be\/index.php?rest_route=\/wp\/v2\/posts"}],"about":[{"href":"https:\/\/bruxelles-pantheres.be\/index.php?rest_route=\/wp\/v2\/types\/post"}],"author":[{"embeddable":true,"href":"https:\/\/bruxelles-pantheres.be\/index.php?rest_route=\/wp\/v2\/users\/1"}],"replies":[{"embeddable":true,"href":"https:\/\/bruxelles-pantheres.be\/index.php?rest_route=%2Fwp%2Fv2%2Fcomments&post=4391"}],"version-history":[{"count":1,"href":"https:\/\/bruxelles-pantheres.be\/index.php?rest_route=\/wp\/v2\/posts\/4391\/revisions"}],"predecessor-version":[{"id":4392,"href":"https:\/\/bruxelles-pantheres.be\/index.php?rest_route=\/wp\/v2\/posts\/4391\/revisions\/4392"}],"wp:featuredmedia":[{"embeddable":true,"href":"https:\/\/bruxelles-pantheres.be\/index.php?rest_route=\/wp\/v2\/media\/2606"}],"wp:attachment":[{"href":"https:\/\/bruxelles-pantheres.be\/index.php?rest_route=%2Fwp%2Fv2%2Fmedia&parent=4391"}],"wp:term":[{"taxonomy":"category","embeddable":true,"href":"https:\/\/bruxelles-pantheres.be\/index.php?rest_route=%2Fwp%2Fv2%2Fcategories&post=4391"},{"taxonomy":"post_tag","embeddable":true,"href":"https:\/\/bruxelles-pantheres.be\/index.php?rest_route=%2Fwp%2Fv2%2Ftags&post=4391"}],"curies":[{"name":"wp","href":"https:\/\/api.w.org\/{rel}","templated":true}]}}